{"id":16363,"date":"2019-05-02T11:03:32","date_gmt":"2019-05-02T09:03:32","guid":{"rendered":"http:\/\/dorogimedence.hu\/?p=16363"},"modified":"2019-05-02T11:04:19","modified_gmt":"2019-05-02T09:04:19","slug":"muhelybeszelgetes-pilisi-naturpark","status":"publish","type":"post","link":"https:\/\/dorogimedence.hu\/index.php\/2019\/05\/02\/muhelybeszelgetes-pilisi-naturpark\/","title":{"rendered":"M\u0171helybesz\u00e9lget\u00e9s: Pilisi Nat\u00farpark"},"content":{"rendered":"<div class=\"page__content article__content\">\n<div class=\"page__lead\">\n<p><strong>A Pilisi Nat\u00farpark ter\u00fclet\u00e9nek \u00e1llapotfelm\u00e9r\u00e9se ut\u00e1n m\u0171helybesz\u00e9lget\u00e9sre v\u00e1rj\u00e1k az \u00e9rdekl\u0151d\u0151ket m\u00e1jus 13-\u00e1n, h\u00e9tf\u0151n a piliscsabai Klarissza-H\u00e1zba!<\/strong><\/p>\n<\/div>\n<div class=\"article__body\">\n<p>F\u00e9l \u00e9ve kezdt\u00e9k szervezni a Pilisi Nat\u00farparkot, Piliscsaba, Pilissz\u00e1nt\u00f3, Piliscs\u00e9v, Pilisj\u00e1szfalu \u00e9s Keszt\u00f6lc \u00f6sszefog\u00e1s\u00e1val. Nemr\u00e9giben a fiatal, tehets\u00e9ges t\u00e1j\u00e9p\u00edt\u00e9sz hallgat\u00f3k seg\u00edts\u00e9g\u00e9vel elk\u00e9sz\u00fclt a ter\u00fclet \u00e1llapotfelm\u00e9r\u00e9se.<\/p>\n<p>A hallgat\u00f3k bej\u00e1rt\u00e1k a terepet, tal\u00e1lkoztak a telep\u00fcl\u00e9sek vezet\u0151ivel, civilekkel. Friss l\u00e1t\u00e1sm\u00f3ddal, fiatalos lend\u00fclettel elemezt\u00e9k a Pilisi Nat\u00farpark probl\u00e9m\u00e1it \u00e9s lehet\u0151s\u00e9geit. Szellemes \u00f6tleteket, kreat\u00edv megold\u00e1sokat fognak felv\u00e1zolni az esem\u00e9nyen.<\/p>\n<p>A Pilisi Nat\u00farpark alap\u00edt\u00f3i, \u00e9s mindenki, aki \u00e9rdekl\u0151dik a kezdem\u00e9nyez\u00e9s ir\u00e1nt, j\u00f3 alkalom lesz ez arra, hogy egy\u00fctt gondolkozzanak, besz\u00e9lgessenek.<\/p>\n<p><strong>A m\u0171helybesz\u00e9lget\u00e9st 2019. m\u00e1jus 13-\u00e1n 9.30 \u00e9s 13.40 k\u00f6z\u00f6tt tartj\u00e1k Piliscsab\u00e1n, a Klarissza-H\u00e1zban (Templom t\u00e9r 9.)<\/strong><\/p>\n<p><em>Program:<\/em><\/p>\n<p><strong>9:30<\/strong> Ny\u00edr\u0151 Andr\u00e1s: A Pilisi Nat\u00farpark kezdem\u00e9nyez\u00e9s<br \/>\nDr. Szilv\u00e1csku Zsolt, a Magyar Nat\u00farpark Sz\u00f6vets\u00e9g aleln\u00f6ke: A nat\u00farparkokr\u00f3l Hubayn\u00e9 dr. Horv\u00e1th N\u00f3ra: A SZIE f\u00e9l \u00e9ves hallgat\u00f3i felm\u00e9r\u00e9s\u00e9nek bemutat\u00e1sa<\/p>\n<p><strong>9:45<\/strong> A t\u00e1ji \u00f6r\u00f6ks\u00e9g \u2013 a SZIE t\u00e1j\u00e9p\u00edt\u00e9sz szakos hallgat\u00f3inak el\u0151ad\u00e1sa<\/p>\n<p><strong>10:25<\/strong> Ter\u00fcleti fejl\u0151d\u00e9s \u00faj keretek k\u00f6z\u00f6tt \u2013 a hallgat\u00f3k el\u0151ad\u00e1sa<\/p>\n<p><strong>11:05<\/strong> K\u00e1v\u00e9sz\u00fcnet<\/p>\n<p><strong>11:20<\/strong> Pilis vend\u00e9gszeretet: turizmusfejleszt\u00e9s \u2013 a hallgat\u00f3k el\u0151ad\u00e1sa<\/p>\n<p><strong>12:00<\/strong> K\u00f6z\u00f6ss\u00e9gben a Pilis\u00e9rt: k\u00f6z\u00f6ss\u00e9gfejleszt\u00e9s \u2013 a hallgat\u00f3k el\u0151ad\u00e1sa<\/p>\n<p><strong>12:40<\/strong> V\u00e9lem\u00e9nycsere, p\u00e1rbesz\u00e9d<\/p>\n<p><strong>13:40<\/strong> Szendvics eb\u00e9d<\/p>\n<p><strong>K\u00e9r\u00fcnk, hogy a r\u00e9szv\u00e9teli sz\u00e1nd\u00e9k\u00e1t 2019. m\u00e1jus 6-\u00e1ig, e-mailben jelezze Ny\u00edr\u0151 Andr\u00e1snak az <span style=\"text-decoration: underline; color: #0000ff;\"><a style=\"color: #0000ff; text-decoration: underline;\" href=\"mailto:andras.nyiro@gmail.com\">andras.nyiro@gmail.com<\/a><\/span> e-mail c\u00edmen!<\/strong><\/p>\n<p><em>Bor\u00edt\u00f3k\u00e9p: egyetemi oktat\u00f3k \u00e9s t\u00e1j\u00e9p\u00edt\u00e9sz hallgat\u00f3k m\u00e9rik fel a Pilisi Nat\u00farparkot (kesztolc.hu)<\/em><\/p>\n<\/div>\n<\/div>\n","protected":false},"excerpt":{"rendered":"<p>A Pilisi Nat\u00farpark ter\u00fclet\u00e9nek \u00e1llapotfelm\u00e9r\u00e9se ut\u00e1n m\u0171helybesz\u00e9lget\u00e9sre v\u00e1rj\u00e1k az \u00e9rdekl\u0151d\u0151ket m\u00e1jus 13-\u00e1n, h\u00e9tf\u0151n a piliscsabai Klarissza-H\u00e1zba! F\u00e9l \u00e9ve kezdt\u00e9k szervezni a Pilisi Nat\u00farparkot, Piliscsaba, Pilissz\u00e1nt\u00f3, Piliscs\u00e9v, Pilisj\u00e1szfalu \u00e9s Keszt\u00f6lc \u00f6sszefog\u00e1s\u00e1val. Nemr\u00e9giben a fiatal, tehets\u00e9ges t\u00e1j\u00e9p\u00edt\u00e9sz hallgat\u00f3k seg\u00edts\u00e9g\u00e9vel elk\u00e9sz\u00fclt a ter\u00fclet \u00e1llapotfelm\u00e9r\u00e9se. A hallgat\u00f3k bej\u00e1rt\u00e1k a terepet, tal\u00e1lkoztak a telep\u00fcl\u00e9sek vezet\u0151ivel, civilekkel. Friss l\u00e1t\u00e1sm\u00f3ddal, fiatalos lend\u00fclettel<\/p>\n","protected":false},"author":1,"featured_media":16364,"comment_status":"closed","ping_status":"closed","sticky":false,"template":"","format":"standard","meta":{"ngg_post_thumbnail":0,"footnotes":""},"categories":[3,3561],"tags":[173,129,3792,165,91,3791,234,195],"class_list":{"0":"post-16363","1":"post","2":"type-post","3":"status-publish","4":"format-standard","5":"has-post-thumbnail","7":"category-hirek","8":"category-programok","9":"tag-eloadas","10":"tag-kesztolc","11":"tag-muhelybeszelgetes","12":"tag-piliscsaba","13":"tag-piliscsev","14":"tag-pilisi-naturpark","15":"tag-pilisjaszfalu","16":"tag-pilisszanto"},"yoast_head":"<!-- This site is optimized with the Yoast SEO plugin v27.5 - https:\/\/yoast.com\/product\/yoast-seo-wordpress\/ -->\n<title>M\u0171helybesz\u00e9lget\u00e9s: Pilisi Nat\u00farpark<\/title>\n<meta name=\"robots\" content=\"index, follow, max-snippet:-1, max-image-preview:large, max-video-preview:-1\" \/>\n<link rel=\"canonical\" href=\"https:\/\/dorogimedence.hu\/index.php\/2019\/05\/02\/muhelybeszelgetes-pilisi-naturpark\/\" class=\"yoast-seo-meta-tag\" \/>\n<meta property=\"og:locale\" content=\"hu_HU\" class=\"yoast-seo-meta-tag\" \/>\n<meta property=\"og:type\" content=\"article\" class=\"yoast-seo-meta-tag\" \/>\n<meta property=\"og:title\" content=\"M\u0171helybesz\u00e9lget\u00e9s: Pilisi Nat\u00farpark\" class=\"yoast-seo-meta-tag\" \/>\n<meta property=\"og:description\" content=\"A Pilisi Nat\u00farpark ter\u00fclet\u00e9nek \u00e1llapotfelm\u00e9r\u00e9se ut\u00e1n m\u0171helybesz\u00e9lget\u00e9sre v\u00e1rj\u00e1k az \u00e9rdekl\u0151d\u0151ket m\u00e1jus 13-\u00e1n, h\u00e9tf\u0151n a piliscsabai Klarissza-H\u00e1zba! F\u00e9l \u00e9ve kezdt\u00e9k szervezni a Pilisi Nat\u00farparkot, Piliscsaba, Pilissz\u00e1nt\u00f3, Piliscs\u00e9v, Pilisj\u00e1szfalu \u00e9s Keszt\u00f6lc \u00f6sszefog\u00e1s\u00e1val. Nemr\u00e9giben a fiatal, tehets\u00e9ges t\u00e1j\u00e9p\u00edt\u00e9sz hallgat\u00f3k seg\u00edts\u00e9g\u00e9vel elk\u00e9sz\u00fclt a ter\u00fclet \u00e1llapotfelm\u00e9r\u00e9se. A hallgat\u00f3k bej\u00e1rt\u00e1k a terepet, tal\u00e1lkoztak a telep\u00fcl\u00e9sek vezet\u0151ivel, civilekkel. Friss l\u00e1t\u00e1sm\u00f3ddal, fiatalos lend\u00fclettel\" class=\"yoast-seo-meta-tag\" \/>\n<meta property=\"og:url\" content=\"https:\/\/dorogimedence.hu\/index.php\/2019\/05\/02\/muhelybeszelgetes-pilisi-naturpark\/\" class=\"yoast-seo-meta-tag\" \/>\n<meta property=\"og:site_name\" content=\"Dorogi-medence Region\u00e1lis H\u00edrport\u00e1l\" class=\"yoast-seo-meta-tag\" \/>\n<meta property=\"article:publisher\" content=\"https:\/\/www.facebook.com\/dorogimedence\/\" class=\"yoast-seo-meta-tag\" \/>\n<meta property=\"article:published_time\" content=\"2019-05-02T09:03:32+00:00\" class=\"yoast-seo-meta-tag\" \/>\n<meta property=\"article:modified_time\" content=\"2019-05-02T09:04:19+00:00\" class=\"yoast-seo-meta-tag\" \/>\n<meta property=\"og:image\" content=\"https:\/\/i0.wp.com\/dorogimedence.hu\/wp-content\/uploads\/2019\/05\/pilisi-naturpark.jpg?fit=670%2C365&ssl=1\" class=\"yoast-seo-meta-tag\" \/>\n\t<meta property=\"og:image:width\" content=\"670\" class=\"yoast-seo-meta-tag\" \/>\n\t<meta property=\"og:image:height\" content=\"365\" class=\"yoast-seo-meta-tag\" \/>\n\t<meta property=\"og:image:type\" content=\"image\/jpeg\" class=\"yoast-seo-meta-tag\" \/>\n<meta name=\"author\" content=\"dorogimedence.hu\" class=\"yoast-seo-meta-tag\" \/>\n<meta name=\"twitter:card\" content=\"summary_large_image\" class=\"yoast-seo-meta-tag\" \/>\n<meta name=\"twitter:label1\" content=\"Szerz\u0151:\" class=\"yoast-seo-meta-tag\" \/>\n\t<meta name=\"twitter:data1\" content=\"dorogimedence.hu\" class=\"yoast-seo-meta-tag\" \/>\n\t<meta name=\"twitter:label2\" content=\"Becs\u00fclt olvas\u00e1si id\u0151\" class=\"yoast-seo-meta-tag\" \/>\n\t<meta name=\"twitter:data2\" content=\"2 perc\" class=\"yoast-seo-meta-tag\" \/>\n<script type=\"application\/ld+json\" class=\"yoast-schema-graph\">{\"@context\":\"https:\\\/\\\/schema.org\",\"@graph\":[{\"@type\":\"Article\",\"@id\":\"https:\\\/\\\/dorogimedence.hu\\\/index.php\\\/2019\\\/05\\\/02\\\/muhelybeszelgetes-pilisi-naturpark\\\/#article\",\"isPartOf\":{\"@id\":\"https:\\\/\\\/dorogimedence.hu\\\/index.php\\\/2019\\\/05\\\/02\\\/muhelybeszelgetes-pilisi-naturpark\\\/\"},\"author\":{\"name\":\"dorogimedence.hu\",\"@id\":\"https:\\\/\\\/dorogimedence.hu\\\/#\\\/schema\\\/person\\\/ce6091eeb7e95ecdc87890d6aa8e0fd4\"},\"headline\":\"M\u0171helybesz\u00e9lget\u00e9s: Pilisi Nat\u00farpark\",\"datePublished\":\"2019-05-02T09:03:32+00:00\",\"dateModified\":\"2019-05-02T09:04:19+00:00\",\"mainEntityOfPage\":{\"@id\":\"https:\\\/\\\/dorogimedence.hu\\\/index.php\\\/2019\\\/05\\\/02\\\/muhelybeszelgetes-pilisi-naturpark\\\/\"},\"wordCount\":371,\"publisher\":{\"@id\":\"https:\\\/\\\/dorogimedence.hu\\\/#organization\"},\"image\":{\"@id\":\"https:\\\/\\\/dorogimedence.hu\\\/index.php\\\/2019\\\/05\\\/02\\\/muhelybeszelgetes-pilisi-naturpark\\\/#primaryimage\"},\"thumbnailUrl\":\"https:\\\/\\\/dorogimedence.hu\\\/wp-content\\\/uploads\\\/2019\\\/05\\\/pilisi-naturpark.jpg\",\"keywords\":[\"el\u0151ad\u00e1s\",\"Keszt\u00f6lc\",\"m\u0171helybesz\u00e9lget\u00e9s\",\"Piliscsaba\",\"Piliscs\u00e9v\",\"Pilisi Nat\u00farpark\",\"Pilisj\u00e1szfalu\",\"Pilissz\u00e1nt\u00f3\"],\"articleSection\":[\"H\u00edrek\",\"Programok\"],\"inLanguage\":\"hu\"},{\"@type\":\"WebPage\",\"@id\":\"https:\\\/\\\/dorogimedence.hu\\\/index.php\\\/2019\\\/05\\\/02\\\/muhelybeszelgetes-pilisi-naturpark\\\/\",\"url\":\"https:\\\/\\\/dorogimedence.hu\\\/index.php\\\/2019\\\/05\\\/02\\\/muhelybeszelgetes-pilisi-naturpark\\\/\",\"name\":\"M\u0171helybesz\u00e9lget\u00e9s: Pilisi Nat\u00farpark\",\"isPartOf\":{\"@id\":\"https:\\\/\\\/dorogimedence.hu\\\/#website\"},\"primaryImageOfPage\":{\"@id\":\"https:\\\/\\\/dorogimedence.hu\\\/index.php\\\/2019\\\/05\\\/02\\\/muhelybeszelgetes-pilisi-naturpark\\\/#primaryimage\"},\"image\":{\"@id\":\"https:\\\/\\\/dorogimedence.hu\\\/index.php\\\/2019\\\/05\\\/02\\\/muhelybeszelgetes-pilisi-naturpark\\\/#primaryimage\"},\"thumbnailUrl\":\"https:\\\/\\\/dorogimedence.hu\\\/wp-content\\\/uploads\\\/2019\\\/05\\\/pilisi-naturpark.jpg\",\"datePublished\":\"2019-05-02T09:03:32+00:00\",\"dateModified\":\"2019-05-02T09:04:19+00:00\",\"breadcrumb\":{\"@id\":\"https:\\\/\\\/dorogimedence.hu\\\/index.php\\\/2019\\\/05\\\/02\\\/muhelybeszelgetes-pilisi-naturpark\\\/#breadcrumb\"},\"inLanguage\":\"hu\",\"potentialAction\":[{\"@type\":\"ReadAction\",\"target\":[\"https:\\\/\\\/dorogimedence.hu\\\/index.php\\\/2019\\\/05\\\/02\\\/muhelybeszelgetes-pilisi-naturpark\\\/\"]}]},{\"@type\":\"ImageObject\",\"inLanguage\":\"hu\",\"@id\":\"https:\\\/\\\/dorogimedence.hu\\\/index.php\\\/2019\\\/05\\\/02\\\/muhelybeszelgetes-pilisi-naturpark\\\/#primaryimage\",\"url\":\"https:\\\/\\\/dorogimedence.hu\\\/wp-content\\\/uploads\\\/2019\\\/05\\\/pilisi-naturpark.jpg\",\"contentUrl\":\"https:\\\/\\\/dorogimedence.hu\\\/wp-content\\\/uploads\\\/2019\\\/05\\\/pilisi-naturpark.jpg\",\"width\":670,\"height\":365},{\"@type\":\"BreadcrumbList\",\"@id\":\"https:\\\/\\\/dorogimedence.hu\\\/index.php\\\/2019\\\/05\\\/02\\\/muhelybeszelgetes-pilisi-naturpark\\\/#breadcrumb\",\"itemListElement\":[{\"@type\":\"ListItem\",\"position\":1,\"name\":\"Kezd\u0151lap\",\"item\":\"https:\\\/\\\/dorogimedence.hu\\\/\"},{\"@type\":\"ListItem\",\"position\":2,\"name\":\"M\u0171helybesz\u00e9lget\u00e9s: Pilisi Nat\u00farpark\"}]},{\"@type\":\"WebSite\",\"@id\":\"https:\\\/\\\/dorogimedence.hu\\\/#website\",\"url\":\"https:\\\/\\\/dorogimedence.hu\\\/\",\"name\":\"Dorogi-medence Region\u00e1lis H\u00edrport\u00e1l\",\"description\":\"Dorog, Keszt\u00f6lc, Le\u00e1nyv\u00e1r, Piliscs\u00e9v, Tokod, Tokodalt\u00e1r\u00f3, Csolnok, Esztergom-kertv\u00e1ros: h\u00edrek, programok\",\"publisher\":{\"@id\":\"https:\\\/\\\/dorogimedence.hu\\\/#organization\"},\"potentialAction\":[{\"@type\":\"SearchAction\",\"target\":{\"@type\":\"EntryPoint\",\"urlTemplate\":\"https:\\\/\\\/dorogimedence.hu\\\/?s={search_term_string}\"},\"query-input\":{\"@type\":\"PropertyValueSpecification\",\"valueRequired\":true,\"valueName\":\"search_term_string\"}}],\"inLanguage\":\"hu\"},{\"@type\":\"Organization\",\"@id\":\"https:\\\/\\\/dorogimedence.hu\\\/#organization\",\"name\":\"Dorogi-medence Region\u00e1lis H\u00edrport\u00e1l\",\"url\":\"https:\\\/\\\/dorogimedence.hu\\\/\",\"logo\":{\"@type\":\"ImageObject\",\"inLanguage\":\"hu\",\"@id\":\"https:\\\/\\\/dorogimedence.hu\\\/#\\\/schema\\\/logo\\\/image\\\/\",\"url\":\"https:\\\/\\\/dorogimedence.hu\\\/wp-content\\\/uploads\\\/2021\\\/04\\\/logo-feher-600.png\",\"contentUrl\":\"https:\\\/\\\/dorogimedence.hu\\\/wp-content\\\/uploads\\\/2021\\\/04\\\/logo-feher-600.png\",\"width\":600,\"height\":100,\"caption\":\"Dorogi-medence Region\u00e1lis H\u00edrport\u00e1l\"},\"image\":{\"@id\":\"https:\\\/\\\/dorogimedence.hu\\\/#\\\/schema\\\/logo\\\/image\\\/\"},\"sameAs\":[\"https:\\\/\\\/www.facebook.com\\\/dorogimedence\\\/\"]},{\"@type\":\"Person\",\"@id\":\"https:\\\/\\\/dorogimedence.hu\\\/#\\\/schema\\\/person\\\/ce6091eeb7e95ecdc87890d6aa8e0fd4\",\"name\":\"dorogimedence.hu\",\"image\":{\"@type\":\"ImageObject\",\"inLanguage\":\"hu\",\"@id\":\"\\\/\\\/www.gravatar.com\\\/avatar\\\/d8d45f8901aadff40a4af72c0b826f1d?s=96&#038;r=g&#038;d=mm\",\"url\":\"\\\/\\\/www.gravatar.com\\\/avatar\\\/d8d45f8901aadff40a4af72c0b826f1d?s=96&#038;r=g&#038;d=mm\",\"contentUrl\":\"\\\/\\\/www.gravatar.com\\\/avatar\\\/d8d45f8901aadff40a4af72c0b826f1d?s=96&#038;r=g&#038;d=mm\",\"caption\":\"dorogimedence.hu\"}}]}<\/script>\n<!-- \/ Yoast SEO plugin. -->","yoast_head_json":{"title":"M\u0171helybesz\u00e9lget\u00e9s: Pilisi Nat\u00farpark","robots":{"index":"index","follow":"follow","max-snippet":"max-snippet:-1","max-image-preview":"max-image-preview:large","max-video-preview":"max-video-preview:-1"},"canonical":"https:\/\/dorogimedence.hu\/index.php\/2019\/05\/02\/muhelybeszelgetes-pilisi-naturpark\/","og_locale":"hu_HU","og_type":"article","og_title":"M\u0171helybesz\u00e9lget\u00e9s: Pilisi Nat\u00farpark","og_description":"A Pilisi Nat\u00farpark ter\u00fclet\u00e9nek \u00e1llapotfelm\u00e9r\u00e9se ut\u00e1n m\u0171helybesz\u00e9lget\u00e9sre v\u00e1rj\u00e1k az \u00e9rdekl\u0151d\u0151ket m\u00e1jus 13-\u00e1n, h\u00e9tf\u0151n a piliscsabai Klarissza-H\u00e1zba! F\u00e9l \u00e9ve kezdt\u00e9k szervezni a Pilisi Nat\u00farparkot, Piliscsaba, Pilissz\u00e1nt\u00f3, Piliscs\u00e9v, Pilisj\u00e1szfalu \u00e9s Keszt\u00f6lc \u00f6sszefog\u00e1s\u00e1val. Nemr\u00e9giben a fiatal, tehets\u00e9ges t\u00e1j\u00e9p\u00edt\u00e9sz hallgat\u00f3k seg\u00edts\u00e9g\u00e9vel elk\u00e9sz\u00fclt a ter\u00fclet \u00e1llapotfelm\u00e9r\u00e9se. A hallgat\u00f3k bej\u00e1rt\u00e1k a terepet, tal\u00e1lkoztak a telep\u00fcl\u00e9sek vezet\u0151ivel, civilekkel. Friss l\u00e1t\u00e1sm\u00f3ddal, fiatalos lend\u00fclettel","og_url":"https:\/\/dorogimedence.hu\/index.php\/2019\/05\/02\/muhelybeszelgetes-pilisi-naturpark\/","og_site_name":"Dorogi-medence Region\u00e1lis H\u00edrport\u00e1l","article_publisher":"https:\/\/www.facebook.com\/dorogimedence\/","article_published_time":"2019-05-02T09:03:32+00:00","article_modified_time":"2019-05-02T09:04:19+00:00","og_image":[{"width":670,"height":365,"url":"https:\/\/i0.wp.com\/dorogimedence.hu\/wp-content\/uploads\/2019\/05\/pilisi-naturpark.jpg?fit=670%2C365&ssl=1","type":"image\/jpeg"}],"author":"dorogimedence.hu","twitter_card":"summary_large_image","twitter_misc":{"Szerz\u0151:":"dorogimedence.hu","Becs\u00fclt olvas\u00e1si id\u0151":"2 perc"},"schema":{"@context":"https:\/\/schema.org","@graph":[{"@type":"Article","@id":"https:\/\/dorogimedence.hu\/index.php\/2019\/05\/02\/muhelybeszelgetes-pilisi-naturpark\/#article","isPartOf":{"@id":"https:\/\/dorogimedence.hu\/index.php\/2019\/05\/02\/muhelybeszelgetes-pilisi-naturpark\/"},"author":{"name":"dorogimedence.hu","@id":"https:\/\/dorogimedence.hu\/#\/schema\/person\/ce6091eeb7e95ecdc87890d6aa8e0fd4"},"headline":"M\u0171helybesz\u00e9lget\u00e9s: Pilisi Nat\u00farpark","datePublished":"2019-05-02T09:03:32+00:00","dateModified":"2019-05-02T09:04:19+00:00","mainEntityOfPage":{"@id":"https:\/\/dorogimedence.hu\/index.php\/2019\/05\/02\/muhelybeszelgetes-pilisi-naturpark\/"},"wordCount":371,"publisher":{"@id":"https:\/\/dorogimedence.hu\/#organization"},"image":{"@id":"https:\/\/dorogimedence.hu\/index.php\/2019\/05\/02\/muhelybeszelgetes-pilisi-naturpark\/#primaryimage"},"thumbnailUrl":"https:\/\/dorogimedence.hu\/wp-content\/uploads\/2019\/05\/pilisi-naturpark.jpg","keywords":["el\u0151ad\u00e1s","Keszt\u00f6lc","m\u0171helybesz\u00e9lget\u00e9s","Piliscsaba","Piliscs\u00e9v","Pilisi Nat\u00farpark","Pilisj\u00e1szfalu","Pilissz\u00e1nt\u00f3"],"articleSection":["H\u00edrek","Programok"],"inLanguage":"hu"},{"@type":"WebPage","@id":"https:\/\/dorogimedence.hu\/index.php\/2019\/05\/02\/muhelybeszelgetes-pilisi-naturpark\/","url":"https:\/\/dorogimedence.hu\/index.php\/2019\/05\/02\/muhelybeszelgetes-pilisi-naturpark\/","name":"M\u0171helybesz\u00e9lget\u00e9s: Pilisi Nat\u00farpark","isPartOf":{"@id":"https:\/\/dorogimedence.hu\/#website"},"primaryImageOfPage":{"@id":"https:\/\/dorogimedence.hu\/index.php\/2019\/05\/02\/muhelybeszelgetes-pilisi-naturpark\/#primaryimage"},"image":{"@id":"https:\/\/dorogimedence.hu\/index.php\/2019\/05\/02\/muhelybeszelgetes-pilisi-naturpark\/#primaryimage"},"thumbnailUrl":"https:\/\/dorogimedence.hu\/wp-content\/uploads\/2019\/05\/pilisi-naturpark.jpg","datePublished":"2019-05-02T09:03:32+00:00","dateModified":"2019-05-02T09:04:19+00:00","breadcrumb":{"@id":"https:\/\/dorogimedence.hu\/index.php\/2019\/05\/02\/muhelybeszelgetes-pilisi-naturpark\/#breadcrumb"},"inLanguage":"hu","potentialAction":[{"@type":"ReadAction","target":["https:\/\/dorogimedence.hu\/index.php\/2019\/05\/02\/muhelybeszelgetes-pilisi-naturpark\/"]}]},{"@type":"ImageObject","inLanguage":"hu","@id":"https:\/\/dorogimedence.hu\/index.php\/2019\/05\/02\/muhelybeszelgetes-pilisi-naturpark\/#primaryimage","url":"https:\/\/dorogimedence.hu\/wp-content\/uploads\/2019\/05\/pilisi-naturpark.jpg","contentUrl":"https:\/\/dorogimedence.hu\/wp-content\/uploads\/2019\/05\/pilisi-naturpark.jpg","width":670,"height":365},{"@type":"BreadcrumbList","@id":"https:\/\/dorogimedence.hu\/index.php\/2019\/05\/02\/muhelybeszelgetes-pilisi-naturpark\/#breadcrumb","itemListElement":[{"@type":"ListItem","position":1,"name":"Kezd\u0151lap","item":"https:\/\/dorogimedence.hu\/"},{"@type":"ListItem","position":2,"name":"M\u0171helybesz\u00e9lget\u00e9s: Pilisi Nat\u00farpark"}]},{"@type":"WebSite","@id":"https:\/\/dorogimedence.hu\/#website","url":"https:\/\/dorogimedence.hu\/","name":"Dorogi-medence Region\u00e1lis H\u00edrport\u00e1l","description":"Dorog, Keszt\u00f6lc, Le\u00e1nyv\u00e1r, Piliscs\u00e9v, Tokod, Tokodalt\u00e1r\u00f3, Csolnok, Esztergom-kertv\u00e1ros: h\u00edrek, programok","publisher":{"@id":"https:\/\/dorogimedence.hu\/#organization"},"potentialAction":[{"@type":"SearchAction","target":{"@type":"EntryPoint","urlTemplate":"https:\/\/dorogimedence.hu\/?s={search_term_string}"},"query-input":{"@type":"PropertyValueSpecification","valueRequired":true,"valueName":"search_term_string"}}],"inLanguage":"hu"},{"@type":"Organization","@id":"https:\/\/dorogimedence.hu\/#organization","name":"Dorogi-medence Region\u00e1lis H\u00edrport\u00e1l","url":"https:\/\/dorogimedence.hu\/","logo":{"@type":"ImageObject","inLanguage":"hu","@id":"https:\/\/dorogimedence.hu\/#\/schema\/logo\/image\/","url":"https:\/\/dorogimedence.hu\/wp-content\/uploads\/2021\/04\/logo-feher-600.png","contentUrl":"https:\/\/dorogimedence.hu\/wp-content\/uploads\/2021\/04\/logo-feher-600.png","width":600,"height":100,"caption":"Dorogi-medence Region\u00e1lis H\u00edrport\u00e1l"},"image":{"@id":"https:\/\/dorogimedence.hu\/#\/schema\/logo\/image\/"},"sameAs":["https:\/\/www.facebook.com\/dorogimedence\/"]},{"@type":"Person","@id":"https:\/\/dorogimedence.hu\/#\/schema\/person\/ce6091eeb7e95ecdc87890d6aa8e0fd4","name":"dorogimedence.hu","image":{"@type":"ImageObject","inLanguage":"hu","@id":"\/\/www.gravatar.com\/avatar\/d8d45f8901aadff40a4af72c0b826f1d?s=96&#038;r=g&#038;d=mm","url":"\/\/www.gravatar.com\/avatar\/d8d45f8901aadff40a4af72c0b826f1d?s=96&#038;r=g&#038;d=mm","contentUrl":"\/\/www.gravatar.com\/avatar\/d8d45f8901aadff40a4af72c0b826f1d?s=96&#038;r=g&#038;d=mm","caption":"dorogimedence.hu"}}]}},"_links":{"self":[{"href":"https:\/\/dorogimedence.hu\/index.php\/wp-json\/wp\/v2\/posts\/16363","targetHints":{"allow":["GET"]}}],"collection":[{"href":"https:\/\/dorogimedence.hu\/index.php\/wp-json\/wp\/v2\/posts"}],"about":[{"href":"https:\/\/dorogimedence.hu\/index.php\/wp-json\/wp\/v2\/types\/post"}],"author":[{"embeddable":true,"href":"https:\/\/dorogimedence.hu\/index.php\/wp-json\/wp\/v2\/users\/1"}],"replies":[{"embeddable":true,"href":"https:\/\/dorogimedence.hu\/index.php\/wp-json\/wp\/v2\/comments?post=16363"}],"version-history":[{"count":0,"href":"https:\/\/dorogimedence.hu\/index.php\/wp-json\/wp\/v2\/posts\/16363\/revisions"}],"wp:featuredmedia":[{"embeddable":true,"href":"https:\/\/dorogimedence.hu\/index.php\/wp-json\/wp\/v2\/media\/16364"}],"wp:attachment":[{"href":"https:\/\/dorogimedence.hu\/index.php\/wp-json\/wp\/v2\/media?parent=16363"}],"wp:term":[{"taxonomy":"category","embeddable":true,"href":"https:\/\/dorogimedence.hu\/index.php\/wp-json\/wp\/v2\/categories?post=16363"},{"taxonomy":"post_tag","embeddable":true,"href":"https:\/\/dorogimedence.hu\/index.php\/wp-json\/wp\/v2\/tags?post=16363"}],"curies":[{"name":"wp","href":"https:\/\/api.w.org\/{rel}","templated":true}]}}