{"id":16300,"date":"2019-04-29T17:26:51","date_gmt":"2019-04-29T15:26:51","guid":{"rendered":"http:\/\/dorogimedence.hu\/?p=16300"},"modified":"2019-04-29T17:26:51","modified_gmt":"2019-04-29T15:26:51","slug":"fergeteges-hangulattal-varnak-mindenkit-az-esztergomi-majalison","status":"publish","type":"post","link":"https:\/\/dorogimedence.hu\/index.php\/2019\/04\/29\/fergeteges-hangulattal-varnak-mindenkit-az-esztergomi-majalison\/","title":{"rendered":"Fergeteges hangulattal v\u00e1rnak mindenkit az esztergomi maj\u00e1lison!"},"content":{"rendered":"<p><strong>Akkor \u00e9s Most J\u00e1rm\u0171 Expo, szt\u00e1r fell\u00e9p\u0151k, remek koncertek, t\u0171zij\u00e1t\u00e9k, sz\u00f3rakoztat\u00f3 programok \u00e9s fergeteges hangulat v\u00e1rja a l\u00e1togat\u00f3kat \u00e1prilis 30 &#8211; m\u00e1jus 1 k\u00f6z\u00f6tt a Fesztiv\u00e1lszigeten Esztergomban a Rugby Club rendezv\u00e9nyter\u00fclet\u00e9n. A programokra a bel\u00e9p\u00e9s INGYENES.<\/strong><\/p>\n<p>A 2019-es Lampionos felvonul\u00e1s \u00e9s Maj\u00e1lis, illetve az Akkor \u00e9s Most J\u00e1rm\u0171 Expo \u00f6ssze\u00e1ll\u00edt\u00e1s\u00e1n\u00e1l a szervez\u0151k arra t\u00f6rekedtek, hogy mindenki megtal\u00e1lja az elv\u00e1r\u00e1sainak, sz\u00f3rakoz\u00e1si szok\u00e1sainak legink\u00e1bb megfelel\u0151 programot \u00e9s a hagyom\u00e1nyok \u0151rz\u00e9se mellett valami \u00fajat, pezsd\u00edt\u0151t hozzunk az esztergomi \u00e9letbe. M\u00e9lt\u00e1n n\u00e9pszer\u0171 zenekarok, \u00e9nekesek, el\u0151ad\u00f3k sz\u00e9les palett\u00e1ja biztos\u00edtja a\u00a0 sz\u00f3rakoz\u00e1si lehet\u0151s\u00e9get a kultur\u00e1lis programok mellett a fesztiv\u00e1l alatt. A programok <strong>\u00e1prilis 30-\u00e1n<\/strong> az Akkor \u00e9s Most J\u00e1rm\u0171 Expo 12:00 \u00f3rai megnyit\u00f3j\u00e1val indulnak. A Lampionos felvonul\u00e1s \u00e9s Maj\u00e1lis alkalm\u00e1val ell\u00e1togat Esztergomba a EMeRTon-d\u00edjas kiv\u00e1l\u00f3 \u00e9nekes <strong>Bereczki Zolt\u00e1n<\/strong> 17:30-as kezd\u00e9ssel, akit a <strong>TNT Track<\/strong> \u00e9s<strong> Dj. Dominique<\/strong> fog k\u00f6vetni az este folyam\u00e1n.<\/p>\n<p><img fetchpriority=\"high\" decoding=\"async\" class=\"alignnone size-full wp-image-16302\" src=\"https:\/\/dorogimedence.hu\/wp-content\/uploads\/2019\/04\/akkoresmost.jpg\" alt=\"\" width=\"670\" height=\"365\" srcset=\"https:\/\/dorogimedence.hu\/wp-content\/uploads\/2019\/04\/akkoresmost.jpg 670w, https:\/\/dorogimedence.hu\/wp-content\/uploads\/2019\/04\/akkoresmost-300x163.jpg 300w\" sizes=\"(max-width: 670px) 100vw, 670px\" \/><\/p>\n<p>\u00c1prilis 30-\u00e1n az<strong> Akkor \u00e9s Most J\u00e1rm\u0171 Expo<\/strong> mellett a <strong>Lampionos Haj\u00f3s Felvonul\u00e1s<\/strong>, illetve a <strong>T\u0171zij\u00e1t\u00e9k<\/strong> is sz\u00ednes\u00edteni fogja a programokat.<\/p>\n<p>M\u00e1jus 1-j\u00e9n tov\u00e1bbra is megtekinthet\u0151 lesz az Akkor \u00e9s Most J\u00e1rm\u0171 Expo, mellyel p\u00e1rhuzamosan <strong>Oszvald Marika<\/strong>, <strong>a Kam\u00e9leon zenekar<\/strong>, illetve <strong>De\u00e1k Bill Gyula<\/strong> koncerten vehetn\u00e9nk r\u00e9szt az esem\u00e9nyre kil\u00e1togatok.<\/p>\n<p><em><strong>Plusz programok:<\/strong><\/em><\/p>\n<p>M\u00e1jus 1. &#8211;\u00a0 <span style=\"text-decoration: underline; color: #0000ff;\"><a style=\"color: #0000ff;\" href=\"http:\/\/jarmukiallitasesztergom.hu\/index.php\/mozgasban\" target=\"_blank\" rel=\"noopener noreferrer\">&#8222;Mozg\u00e1sban az er\u0151 &#8211; Esztergom Fut\u00f3 \u00e9s Sportnap&#8221;\u00a0 a Magyar Rend\u00e9szeti\u00a0 Sportsz\u00f6vets\u00e9g szervez\u00e9s\u00e9ben<\/a><\/span><\/p>\n<p>&#8211; K\u00f6zleked\u00e9s biztons\u00e1gi tesztnap<br \/>\n&#8211; Elektromos ker\u00e9kp\u00e1r tesztnap<br \/>\n&#8211; &#8222;K\u00f6zlekedj biztons\u00e1gosan T\u00f3bi\u00e1ssal, Balamb\u00e9rral\u201d interakt\u00edv elm\u00e9leti \u00e9s gyakorlati csal\u00e1di foglalkoztat\u00f3 program<br \/>\n&#8211; <a href=\"http:\/\/jarmukiallitasesztergom.hu\/index.php\/magyar-muszaki-muzeum\" target=\"_blank\" rel=\"noopener noreferrer\"><span style=\"text-decoration: underline; color: #0000ff;\">Magyar M\u0171szaki \u00e9s K\u00f6zleked\u00e9si M\u00fazeum ki\u00e1ll\u00edt\u00e1sra ker\u00fcl\u0151 j\u00e1rm\u0171vei&#8230;<\/span><\/a><\/p>\n<p>Minden program \u00e9s fell\u00e9p\u0151:<br \/>\n<span style=\"text-decoration: underline; color: #0000ff;\"><a style=\"color: #0000ff; text-decoration: underline;\" href=\"http:\/\/fesztivalsziget.hu\/\" target=\"_blank\" rel=\"noopener noreferrer\">http:\/\/fesztivalsziget.hu\/<\/a><\/span><br \/>\n<span style=\"text-decoration: underline; color: #0000ff;\"><a style=\"color: #0000ff;\" href=\"http:\/\/jarmukiallitasesztergom.hu\/\" target=\"_blank\" rel=\"noopener noreferrer\">http:\/\/jarmukiallitasesztergom.hu\/<\/a><\/span><\/p>\n","protected":false},"excerpt":{"rendered":"<p>Akkor \u00e9s Most J\u00e1rm\u0171 Expo, szt\u00e1r fell\u00e9p\u0151k, remek koncertek, t\u0171zij\u00e1t\u00e9k, sz\u00f3rakoztat\u00f3 programok \u00e9s fergeteges hangulat v\u00e1rja a l\u00e1togat\u00f3kat \u00e1prilis 30 &#8211; m\u00e1jus 1 k\u00f6z\u00f6tt a Fesztiv\u00e1lszigeten Esztergomban a Rugby Club rendezv\u00e9nyter\u00fclet\u00e9n. A programokra a bel\u00e9p\u00e9s INGYENES. A 2019-es Lampionos felvonul\u00e1s \u00e9s Maj\u00e1lis, illetve az Akkor \u00e9s Most J\u00e1rm\u0171 Expo \u00f6ssze\u00e1ll\u00edt\u00e1s\u00e1n\u00e1l a szervez\u0151k arra t\u00f6rekedtek, hogy<\/p>\n","protected":false},"author":1,"featured_media":16301,"comment_status":"closed","ping_status":"closed","sticky":false,"template":"","format":"standard","meta":{"ngg_post_thumbnail":0,"footnotes":""},"categories":[38,3,3561],"tags":[616,2611,42,3777,119,2410,101],"class_list":{"0":"post-16300","1":"post","2":"type-post","3":"status-publish","4":"format-standard","5":"has-post-thumbnail","7":"category-esztergom","8":"category-hirek","9":"category-programok","10":"tag-akkor-es-most-jarmu-expo","11":"tag-deak-bill-gyula","12":"tag-esztergom","13":"tag-hajos-felvonulas","14":"tag-koncert","15":"tag-lampionos-felvonulas","16":"tag-program"},"yoast_head":"<!-- This site is optimized with the Yoast SEO plugin v27.4 - https:\/\/yoast.com\/product\/yoast-seo-wordpress\/ -->\n<title>Fergeteges hangulattal v\u00e1rnak mindenkit az esztergomi maj\u00e1lison!<\/title>\n<meta name=\"robots\" content=\"index, follow, max-snippet:-1, max-image-preview:large, max-video-preview:-1\" \/>\n<link rel=\"canonical\" href=\"https:\/\/dorogimedence.hu\/index.php\/2019\/04\/29\/fergeteges-hangulattal-varnak-mindenkit-az-esztergomi-majalison\/\" class=\"yoast-seo-meta-tag\" \/>\n<meta property=\"og:locale\" content=\"hu_HU\" class=\"yoast-seo-meta-tag\" \/>\n<meta property=\"og:type\" content=\"article\" class=\"yoast-seo-meta-tag\" \/>\n<meta property=\"og:title\" content=\"Fergeteges hangulattal v\u00e1rnak mindenkit az esztergomi maj\u00e1lison!\" class=\"yoast-seo-meta-tag\" \/>\n<meta property=\"og:description\" content=\"Akkor \u00e9s Most J\u00e1rm\u0171 Expo, szt\u00e1r fell\u00e9p\u0151k, remek koncertek, t\u0171zij\u00e1t\u00e9k, sz\u00f3rakoztat\u00f3 programok \u00e9s fergeteges hangulat v\u00e1rja a l\u00e1togat\u00f3kat \u00e1prilis 30 &#8211; m\u00e1jus 1 k\u00f6z\u00f6tt a Fesztiv\u00e1lszigeten Esztergomban a Rugby Club rendezv\u00e9nyter\u00fclet\u00e9n. A programokra a bel\u00e9p\u00e9s INGYENES. A 2019-es Lampionos felvonul\u00e1s \u00e9s Maj\u00e1lis, illetve az Akkor \u00e9s Most J\u00e1rm\u0171 Expo \u00f6ssze\u00e1ll\u00edt\u00e1s\u00e1n\u00e1l a szervez\u0151k arra t\u00f6rekedtek, hogy\" class=\"yoast-seo-meta-tag\" \/>\n<meta property=\"og:url\" content=\"https:\/\/dorogimedence.hu\/index.php\/2019\/04\/29\/fergeteges-hangulattal-varnak-mindenkit-az-esztergomi-majalison\/\" class=\"yoast-seo-meta-tag\" \/>\n<meta property=\"og:site_name\" content=\"Dorogi-medence Region\u00e1lis H\u00edrport\u00e1l\" class=\"yoast-seo-meta-tag\" \/>\n<meta property=\"article:publisher\" content=\"https:\/\/www.facebook.com\/dorogimedence\/\" class=\"yoast-seo-meta-tag\" \/>\n<meta property=\"article:published_time\" content=\"2019-04-29T15:26:51+00:00\" class=\"yoast-seo-meta-tag\" \/>\n<meta property=\"og:image\" content=\"https:\/\/i0.wp.com\/dorogimedence.hu\/wp-content\/uploads\/2019\/04\/deakbill-egom.jpg?fit=670%2C365&ssl=1\" class=\"yoast-seo-meta-tag\" \/>\n\t<meta property=\"og:image:width\" content=\"670\" class=\"yoast-seo-meta-tag\" \/>\n\t<meta property=\"og:image:height\" content=\"365\" class=\"yoast-seo-meta-tag\" \/>\n\t<meta property=\"og:image:type\" content=\"image\/jpeg\" class=\"yoast-seo-meta-tag\" \/>\n<meta name=\"author\" content=\"dorogimedence.hu\" class=\"yoast-seo-meta-tag\" \/>\n<meta name=\"twitter:card\" content=\"summary_large_image\" class=\"yoast-seo-meta-tag\" \/>\n<meta name=\"twitter:label1\" content=\"Szerz\u0151:\" class=\"yoast-seo-meta-tag\" \/>\n\t<meta name=\"twitter:data1\" content=\"dorogimedence.hu\" class=\"yoast-seo-meta-tag\" \/>\n\t<meta name=\"twitter:label2\" content=\"Becs\u00fclt olvas\u00e1si id\u0151\" class=\"yoast-seo-meta-tag\" \/>\n\t<meta name=\"twitter:data2\" content=\"2 perc\" class=\"yoast-seo-meta-tag\" \/>\n<script type=\"application\/ld+json\" class=\"yoast-schema-graph\">{\"@context\":\"https:\\\/\\\/schema.org\",\"@graph\":[{\"@type\":\"Article\",\"@id\":\"https:\\\/\\\/dorogimedence.hu\\\/index.php\\\/2019\\\/04\\\/29\\\/fergeteges-hangulattal-varnak-mindenkit-az-esztergomi-majalison\\\/#article\",\"isPartOf\":{\"@id\":\"https:\\\/\\\/dorogimedence.hu\\\/index.php\\\/2019\\\/04\\\/29\\\/fergeteges-hangulattal-varnak-mindenkit-az-esztergomi-majalison\\\/\"},\"author\":{\"name\":\"dorogimedence.hu\",\"@id\":\"https:\\\/\\\/dorogimedence.hu\\\/#\\\/schema\\\/person\\\/ce6091eeb7e95ecdc87890d6aa8e0fd4\"},\"headline\":\"Fergeteges hangulattal v\u00e1rnak mindenkit az esztergomi maj\u00e1lison!\",\"datePublished\":\"2019-04-29T15:26:51+00:00\",\"mainEntityOfPage\":{\"@id\":\"https:\\\/\\\/dorogimedence.hu\\\/index.php\\\/2019\\\/04\\\/29\\\/fergeteges-hangulattal-varnak-mindenkit-az-esztergomi-majalison\\\/\"},\"wordCount\":368,\"publisher\":{\"@id\":\"https:\\\/\\\/dorogimedence.hu\\\/#organization\"},\"image\":{\"@id\":\"https:\\\/\\\/dorogimedence.hu\\\/index.php\\\/2019\\\/04\\\/29\\\/fergeteges-hangulattal-varnak-mindenkit-az-esztergomi-majalison\\\/#primaryimage\"},\"thumbnailUrl\":\"https:\\\/\\\/dorogimedence.hu\\\/wp-content\\\/uploads\\\/2019\\\/04\\\/deakbill-egom.jpg\",\"keywords\":[\"Akkor \u00e9s Most J\u00e1rm\u0171 Expo\",\"De\u00e1k Bill Gyula\",\"esztergom\",\"haj\u00f3s felvonul\u00e1s\",\"koncert\",\"lampionos felvonul\u00e1s\",\"program\"],\"articleSection\":[\"Esztergom\",\"H\u00edrek\",\"Programok\"],\"inLanguage\":\"hu\"},{\"@type\":\"WebPage\",\"@id\":\"https:\\\/\\\/dorogimedence.hu\\\/index.php\\\/2019\\\/04\\\/29\\\/fergeteges-hangulattal-varnak-mindenkit-az-esztergomi-majalison\\\/\",\"url\":\"https:\\\/\\\/dorogimedence.hu\\\/index.php\\\/2019\\\/04\\\/29\\\/fergeteges-hangulattal-varnak-mindenkit-az-esztergomi-majalison\\\/\",\"name\":\"Fergeteges hangulattal v\u00e1rnak mindenkit az esztergomi maj\u00e1lison!\",\"isPartOf\":{\"@id\":\"https:\\\/\\\/dorogimedence.hu\\\/#website\"},\"primaryImageOfPage\":{\"@id\":\"https:\\\/\\\/dorogimedence.hu\\\/index.php\\\/2019\\\/04\\\/29\\\/fergeteges-hangulattal-varnak-mindenkit-az-esztergomi-majalison\\\/#primaryimage\"},\"image\":{\"@id\":\"https:\\\/\\\/dorogimedence.hu\\\/index.php\\\/2019\\\/04\\\/29\\\/fergeteges-hangulattal-varnak-mindenkit-az-esztergomi-majalison\\\/#primaryimage\"},\"thumbnailUrl\":\"https:\\\/\\\/dorogimedence.hu\\\/wp-content\\\/uploads\\\/2019\\\/04\\\/deakbill-egom.jpg\",\"datePublished\":\"2019-04-29T15:26:51+00:00\",\"breadcrumb\":{\"@id\":\"https:\\\/\\\/dorogimedence.hu\\\/index.php\\\/2019\\\/04\\\/29\\\/fergeteges-hangulattal-varnak-mindenkit-az-esztergomi-majalison\\\/#breadcrumb\"},\"inLanguage\":\"hu\",\"potentialAction\":[{\"@type\":\"ReadAction\",\"target\":[\"https:\\\/\\\/dorogimedence.hu\\\/index.php\\\/2019\\\/04\\\/29\\\/fergeteges-hangulattal-varnak-mindenkit-az-esztergomi-majalison\\\/\"]}]},{\"@type\":\"ImageObject\",\"inLanguage\":\"hu\",\"@id\":\"https:\\\/\\\/dorogimedence.hu\\\/index.php\\\/2019\\\/04\\\/29\\\/fergeteges-hangulattal-varnak-mindenkit-az-esztergomi-majalison\\\/#primaryimage\",\"url\":\"https:\\\/\\\/dorogimedence.hu\\\/wp-content\\\/uploads\\\/2019\\\/04\\\/deakbill-egom.jpg\",\"contentUrl\":\"https:\\\/\\\/dorogimedence.hu\\\/wp-content\\\/uploads\\\/2019\\\/04\\\/deakbill-egom.jpg\",\"width\":670,\"height\":365},{\"@type\":\"BreadcrumbList\",\"@id\":\"https:\\\/\\\/dorogimedence.hu\\\/index.php\\\/2019\\\/04\\\/29\\\/fergeteges-hangulattal-varnak-mindenkit-az-esztergomi-majalison\\\/#breadcrumb\",\"itemListElement\":[{\"@type\":\"ListItem\",\"position\":1,\"name\":\"Kezd\u0151lap\",\"item\":\"https:\\\/\\\/dorogimedence.hu\\\/\"},{\"@type\":\"ListItem\",\"position\":2,\"name\":\"Fergeteges hangulattal v\u00e1rnak mindenkit az esztergomi maj\u00e1lison!\"}]},{\"@type\":\"WebSite\",\"@id\":\"https:\\\/\\\/dorogimedence.hu\\\/#website\",\"url\":\"https:\\\/\\\/dorogimedence.hu\\\/\",\"name\":\"Dorogi-medence Region\u00e1lis H\u00edrport\u00e1l\",\"description\":\"Dorog, Keszt\u00f6lc, Le\u00e1nyv\u00e1r, Piliscs\u00e9v, Tokod, Tokodalt\u00e1r\u00f3, Csolnok, Esztergom-kertv\u00e1ros: h\u00edrek, programok\",\"publisher\":{\"@id\":\"https:\\\/\\\/dorogimedence.hu\\\/#organization\"},\"potentialAction\":[{\"@type\":\"SearchAction\",\"target\":{\"@type\":\"EntryPoint\",\"urlTemplate\":\"https:\\\/\\\/dorogimedence.hu\\\/?s={search_term_string}\"},\"query-input\":{\"@type\":\"PropertyValueSpecification\",\"valueRequired\":true,\"valueName\":\"search_term_string\"}}],\"inLanguage\":\"hu\"},{\"@type\":\"Organization\",\"@id\":\"https:\\\/\\\/dorogimedence.hu\\\/#organization\",\"name\":\"Dorogi-medence Region\u00e1lis H\u00edrport\u00e1l\",\"url\":\"https:\\\/\\\/dorogimedence.hu\\\/\",\"logo\":{\"@type\":\"ImageObject\",\"inLanguage\":\"hu\",\"@id\":\"https:\\\/\\\/dorogimedence.hu\\\/#\\\/schema\\\/logo\\\/image\\\/\",\"url\":\"https:\\\/\\\/dorogimedence.hu\\\/wp-content\\\/uploads\\\/2021\\\/04\\\/logo-feher-600.png\",\"contentUrl\":\"https:\\\/\\\/dorogimedence.hu\\\/wp-content\\\/uploads\\\/2021\\\/04\\\/logo-feher-600.png\",\"width\":600,\"height\":100,\"caption\":\"Dorogi-medence Region\u00e1lis H\u00edrport\u00e1l\"},\"image\":{\"@id\":\"https:\\\/\\\/dorogimedence.hu\\\/#\\\/schema\\\/logo\\\/image\\\/\"},\"sameAs\":[\"https:\\\/\\\/www.facebook.com\\\/dorogimedence\\\/\"]},{\"@type\":\"Person\",\"@id\":\"https:\\\/\\\/dorogimedence.hu\\\/#\\\/schema\\\/person\\\/ce6091eeb7e95ecdc87890d6aa8e0fd4\",\"name\":\"dorogimedence.hu\",\"image\":{\"@type\":\"ImageObject\",\"inLanguage\":\"hu\",\"@id\":\"\\\/\\\/www.gravatar.com\\\/avatar\\\/d8d45f8901aadff40a4af72c0b826f1d?s=96&#038;r=g&#038;d=mm\",\"url\":\"\\\/\\\/www.gravatar.com\\\/avatar\\\/d8d45f8901aadff40a4af72c0b826f1d?s=96&#038;r=g&#038;d=mm\",\"contentUrl\":\"\\\/\\\/www.gravatar.com\\\/avatar\\\/d8d45f8901aadff40a4af72c0b826f1d?s=96&#038;r=g&#038;d=mm\",\"caption\":\"dorogimedence.hu\"}}]}<\/script>\n<!-- \/ Yoast SEO plugin. -->","yoast_head_json":{"title":"Fergeteges hangulattal v\u00e1rnak mindenkit az esztergomi maj\u00e1lison!","robots":{"index":"index","follow":"follow","max-snippet":"max-snippet:-1","max-image-preview":"max-image-preview:large","max-video-preview":"max-video-preview:-1"},"canonical":"https:\/\/dorogimedence.hu\/index.php\/2019\/04\/29\/fergeteges-hangulattal-varnak-mindenkit-az-esztergomi-majalison\/","og_locale":"hu_HU","og_type":"article","og_title":"Fergeteges hangulattal v\u00e1rnak mindenkit az esztergomi maj\u00e1lison!","og_description":"Akkor \u00e9s Most J\u00e1rm\u0171 Expo, szt\u00e1r fell\u00e9p\u0151k, remek koncertek, t\u0171zij\u00e1t\u00e9k, sz\u00f3rakoztat\u00f3 programok \u00e9s fergeteges hangulat v\u00e1rja a l\u00e1togat\u00f3kat \u00e1prilis 30 &#8211; m\u00e1jus 1 k\u00f6z\u00f6tt a Fesztiv\u00e1lszigeten Esztergomban a Rugby Club rendezv\u00e9nyter\u00fclet\u00e9n. A programokra a bel\u00e9p\u00e9s INGYENES. A 2019-es Lampionos felvonul\u00e1s \u00e9s Maj\u00e1lis, illetve az Akkor \u00e9s Most J\u00e1rm\u0171 Expo \u00f6ssze\u00e1ll\u00edt\u00e1s\u00e1n\u00e1l a szervez\u0151k arra t\u00f6rekedtek, hogy","og_url":"https:\/\/dorogimedence.hu\/index.php\/2019\/04\/29\/fergeteges-hangulattal-varnak-mindenkit-az-esztergomi-majalison\/","og_site_name":"Dorogi-medence Region\u00e1lis H\u00edrport\u00e1l","article_publisher":"https:\/\/www.facebook.com\/dorogimedence\/","article_published_time":"2019-04-29T15:26:51+00:00","og_image":[{"width":670,"height":365,"url":"https:\/\/i0.wp.com\/dorogimedence.hu\/wp-content\/uploads\/2019\/04\/deakbill-egom.jpg?fit=670%2C365&ssl=1","type":"image\/jpeg"}],"author":"dorogimedence.hu","twitter_card":"summary_large_image","twitter_misc":{"Szerz\u0151:":"dorogimedence.hu","Becs\u00fclt olvas\u00e1si id\u0151":"2 perc"},"schema":{"@context":"https:\/\/schema.org","@graph":[{"@type":"Article","@id":"https:\/\/dorogimedence.hu\/index.php\/2019\/04\/29\/fergeteges-hangulattal-varnak-mindenkit-az-esztergomi-majalison\/#article","isPartOf":{"@id":"https:\/\/dorogimedence.hu\/index.php\/2019\/04\/29\/fergeteges-hangulattal-varnak-mindenkit-az-esztergomi-majalison\/"},"author":{"name":"dorogimedence.hu","@id":"https:\/\/dorogimedence.hu\/#\/schema\/person\/ce6091eeb7e95ecdc87890d6aa8e0fd4"},"headline":"Fergeteges hangulattal v\u00e1rnak mindenkit az esztergomi maj\u00e1lison!","datePublished":"2019-04-29T15:26:51+00:00","mainEntityOfPage":{"@id":"https:\/\/dorogimedence.hu\/index.php\/2019\/04\/29\/fergeteges-hangulattal-varnak-mindenkit-az-esztergomi-majalison\/"},"wordCount":368,"publisher":{"@id":"https:\/\/dorogimedence.hu\/#organization"},"image":{"@id":"https:\/\/dorogimedence.hu\/index.php\/2019\/04\/29\/fergeteges-hangulattal-varnak-mindenkit-az-esztergomi-majalison\/#primaryimage"},"thumbnailUrl":"https:\/\/dorogimedence.hu\/wp-content\/uploads\/2019\/04\/deakbill-egom.jpg","keywords":["Akkor \u00e9s Most J\u00e1rm\u0171 Expo","De\u00e1k Bill Gyula","esztergom","haj\u00f3s felvonul\u00e1s","koncert","lampionos felvonul\u00e1s","program"],"articleSection":["Esztergom","H\u00edrek","Programok"],"inLanguage":"hu"},{"@type":"WebPage","@id":"https:\/\/dorogimedence.hu\/index.php\/2019\/04\/29\/fergeteges-hangulattal-varnak-mindenkit-az-esztergomi-majalison\/","url":"https:\/\/dorogimedence.hu\/index.php\/2019\/04\/29\/fergeteges-hangulattal-varnak-mindenkit-az-esztergomi-majalison\/","name":"Fergeteges hangulattal v\u00e1rnak mindenkit az esztergomi maj\u00e1lison!","isPartOf":{"@id":"https:\/\/dorogimedence.hu\/#website"},"primaryImageOfPage":{"@id":"https:\/\/dorogimedence.hu\/index.php\/2019\/04\/29\/fergeteges-hangulattal-varnak-mindenkit-az-esztergomi-majalison\/#primaryimage"},"image":{"@id":"https:\/\/dorogimedence.hu\/index.php\/2019\/04\/29\/fergeteges-hangulattal-varnak-mindenkit-az-esztergomi-majalison\/#primaryimage"},"thumbnailUrl":"https:\/\/dorogimedence.hu\/wp-content\/uploads\/2019\/04\/deakbill-egom.jpg","datePublished":"2019-04-29T15:26:51+00:00","breadcrumb":{"@id":"https:\/\/dorogimedence.hu\/index.php\/2019\/04\/29\/fergeteges-hangulattal-varnak-mindenkit-az-esztergomi-majalison\/#breadcrumb"},"inLanguage":"hu","potentialAction":[{"@type":"ReadAction","target":["https:\/\/dorogimedence.hu\/index.php\/2019\/04\/29\/fergeteges-hangulattal-varnak-mindenkit-az-esztergomi-majalison\/"]}]},{"@type":"ImageObject","inLanguage":"hu","@id":"https:\/\/dorogimedence.hu\/index.php\/2019\/04\/29\/fergeteges-hangulattal-varnak-mindenkit-az-esztergomi-majalison\/#primaryimage","url":"https:\/\/dorogimedence.hu\/wp-content\/uploads\/2019\/04\/deakbill-egom.jpg","contentUrl":"https:\/\/dorogimedence.hu\/wp-content\/uploads\/2019\/04\/deakbill-egom.jpg","width":670,"height":365},{"@type":"BreadcrumbList","@id":"https:\/\/dorogimedence.hu\/index.php\/2019\/04\/29\/fergeteges-hangulattal-varnak-mindenkit-az-esztergomi-majalison\/#breadcrumb","itemListElement":[{"@type":"ListItem","position":1,"name":"Kezd\u0151lap","item":"https:\/\/dorogimedence.hu\/"},{"@type":"ListItem","position":2,"name":"Fergeteges hangulattal v\u00e1rnak mindenkit az esztergomi maj\u00e1lison!"}]},{"@type":"WebSite","@id":"https:\/\/dorogimedence.hu\/#website","url":"https:\/\/dorogimedence.hu\/","name":"Dorogi-medence Region\u00e1lis H\u00edrport\u00e1l","description":"Dorog, Keszt\u00f6lc, Le\u00e1nyv\u00e1r, Piliscs\u00e9v, Tokod, Tokodalt\u00e1r\u00f3, Csolnok, Esztergom-kertv\u00e1ros: h\u00edrek, programok","publisher":{"@id":"https:\/\/dorogimedence.hu\/#organization"},"potentialAction":[{"@type":"SearchAction","target":{"@type":"EntryPoint","urlTemplate":"https:\/\/dorogimedence.hu\/?s={search_term_string}"},"query-input":{"@type":"PropertyValueSpecification","valueRequired":true,"valueName":"search_term_string"}}],"inLanguage":"hu"},{"@type":"Organization","@id":"https:\/\/dorogimedence.hu\/#organization","name":"Dorogi-medence Region\u00e1lis H\u00edrport\u00e1l","url":"https:\/\/dorogimedence.hu\/","logo":{"@type":"ImageObject","inLanguage":"hu","@id":"https:\/\/dorogimedence.hu\/#\/schema\/logo\/image\/","url":"https:\/\/dorogimedence.hu\/wp-content\/uploads\/2021\/04\/logo-feher-600.png","contentUrl":"https:\/\/dorogimedence.hu\/wp-content\/uploads\/2021\/04\/logo-feher-600.png","width":600,"height":100,"caption":"Dorogi-medence Region\u00e1lis H\u00edrport\u00e1l"},"image":{"@id":"https:\/\/dorogimedence.hu\/#\/schema\/logo\/image\/"},"sameAs":["https:\/\/www.facebook.com\/dorogimedence\/"]},{"@type":"Person","@id":"https:\/\/dorogimedence.hu\/#\/schema\/person\/ce6091eeb7e95ecdc87890d6aa8e0fd4","name":"dorogimedence.hu","image":{"@type":"ImageObject","inLanguage":"hu","@id":"\/\/www.gravatar.com\/avatar\/d8d45f8901aadff40a4af72c0b826f1d?s=96&#038;r=g&#038;d=mm","url":"\/\/www.gravatar.com\/avatar\/d8d45f8901aadff40a4af72c0b826f1d?s=96&#038;r=g&#038;d=mm","contentUrl":"\/\/www.gravatar.com\/avatar\/d8d45f8901aadff40a4af72c0b826f1d?s=96&#038;r=g&#038;d=mm","caption":"dorogimedence.hu"}}]}},"_links":{"self":[{"href":"https:\/\/dorogimedence.hu\/index.php\/wp-json\/wp\/v2\/posts\/16300","targetHints":{"allow":["GET"]}}],"collection":[{"href":"https:\/\/dorogimedence.hu\/index.php\/wp-json\/wp\/v2\/posts"}],"about":[{"href":"https:\/\/dorogimedence.hu\/index.php\/wp-json\/wp\/v2\/types\/post"}],"author":[{"embeddable":true,"href":"https:\/\/dorogimedence.hu\/index.php\/wp-json\/wp\/v2\/users\/1"}],"replies":[{"embeddable":true,"href":"https:\/\/dorogimedence.hu\/index.php\/wp-json\/wp\/v2\/comments?post=16300"}],"version-history":[{"count":0,"href":"https:\/\/dorogimedence.hu\/index.php\/wp-json\/wp\/v2\/posts\/16300\/revisions"}],"wp:featuredmedia":[{"embeddable":true,"href":"https:\/\/dorogimedence.hu\/index.php\/wp-json\/wp\/v2\/media\/16301"}],"wp:attachment":[{"href":"https:\/\/dorogimedence.hu\/index.php\/wp-json\/wp\/v2\/media?parent=16300"}],"wp:term":[{"taxonomy":"category","embeddable":true,"href":"https:\/\/dorogimedence.hu\/index.php\/wp-json\/wp\/v2\/categories?post=16300"},{"taxonomy":"post_tag","embeddable":true,"href":"https:\/\/dorogimedence.hu\/index.php\/wp-json\/wp\/v2\/tags?post=16300"}],"curies":[{"name":"wp","href":"https:\/\/api.w.org\/{rel}","templated":true}]}}