{"id":16265,"date":"2019-04-27T11:57:01","date_gmt":"2019-04-27T09:57:01","guid":{"rendered":"http:\/\/dorogimedence.hu\/?p=16265"},"modified":"2019-04-27T11:57:01","modified_gmt":"2019-04-27T09:57:01","slug":"megujult-a-tati-varoshaza","status":"publish","type":"post","link":"https:\/\/dorogimedence.hu\/index.php\/2019\/04\/27\/megujult-a-tati-varoshaza\/","title":{"rendered":"Meg\u00fajult a t\u00e1ti v\u00e1rosh\u00e1za"},"content":{"rendered":"<p><strong>T\u00e1t V\u00e1ros \u00d6nkorm\u00e1nyzata a Sz\u00e9chenyi 2020 program keret\u00e9ben korszer\u0171s\u00edtette a V\u00e1rosh\u00e1za \u00e9p\u00fclet\u00e9t.<\/strong><\/p>\n<p>A v\u00e1ros vezet\u00e9s egyik kiemelked\u0151 telep\u00fcl\u00e9spolitikai c\u00e9lja a k\u00f6rnyezeti fenntarthat\u00f3s\u00e1g biztos\u00edt\u00e1sa. Ennek megfelel\u0151en a fejleszt\u00e9s els\u0151sorban az \u00e9p\u00fclet energia felhaszn\u00e1l\u00e1s\u00e1nak cs\u00f6kkent\u00e9s\u00e9t, \u00e9s a meg\u00fajul\u00f3 energia haszn\u00e1lat\u00e1t szolg\u00e1lta. A projekt eredm\u00e9nyek\u00e9nt a hivatal akad\u00e1lymentes lett. A mintegy 36,04 milli\u00f3 forintos vissza nem t\u00e9r\u00edtend\u0151 uni\u00f3s t\u00e1mogat\u00e1ssal megval\u00f3s\u00edtott beruh\u00e1z\u00e1snak k\u00f6sz\u00f6nhet\u0151en az \u00e9p\u00fclet fenntart\u00e1si k\u00f6lts\u00e9ge jelent\u0151sen cs\u00f6kken.<\/p>\n<p>Az \u00f6nkorm\u00e1nyzati \u00e9p\u00fcletek energetikai korszer\u0171s\u00edt\u00e9s\u00e9re ki\u00edrt, TOP-3.2.1-16 k\u00f3dsz\u00e1m\u00fa p\u00e1ly\u00e1zati felh\u00edv\u00e1s keret\u00e9ben T\u00e1t V\u00e1ros \u00d6nkorm\u00e1nyzata a telep\u00fcl\u00e9s r\u00e9gi, korszer\u0171tlen V\u00e1rosh\u00e1za \u00e9p\u00fclet\u00e9t \u00faj\u00edtotta fel. A beruh\u00e1z\u00e1s nemcsak az ott dolgoz\u00f3kat, hanem az \u00fcgyeiket int\u00e9z\u0151 lakoss\u00e1got is szolg\u00e1lja. A beruh\u00e1z\u00f3 kiemelt figyelmet ford\u00edtott a fogyat\u00e9kkal \u00e9l\u0151k speci\u00e1lis ig\u00e9nyeire.<\/p>\n<p>A mintegy 446 m<sup>2<\/sup> alapter\u00fclet\u0171, 2 szintes iroda\u00e9p\u00fclet nem felelt meg a hat\u00e1lyos energetikai szabv\u00e1nyoknak. Az \u00e9p\u00fclet h\u0151vesztes\u00e9ge magas volt, meg\u00fajul\u00f3 energi\u00e1t pedig nem hasznos\u00edtottak. Az energiafelhaszn\u00e1l\u00e1s \u2013 \u00e9s ezzel az \u00fcvegh\u00e1z hat\u00e1s\u00fa g\u00e1zok kibocs\u00e1t\u00e1s\u00e1nak \u2013 cs\u00f6kkent\u00e9se \u00e9rdek\u00e9ben az \u00e9p\u00fclet k\u00fcls\u0151 falait \u00e9s a padl\u00e1sf\u00f6d\u00e9met h\u0151szigetelt\u00e9k, a korszer\u0171tlen k\u00fcls\u0151 ny\u00edl\u00e1sz\u00e1r\u00f3kat 3 r\u00e9teg \u00fcvegez\u00e9s\u0171 \u00e9s fokozott l\u00e9gz\u00e1r\u00e1s\u00fa m\u0171anyag ny\u00edl\u00e1sz\u00e1r\u00f3kra cser\u00e9lt\u00e9k.<\/p>\n<p>Az \u00e9p\u00fcletben \u00faj, elektromos vez\u00e9rl\u00e9s\u0171 kondenz\u00e1ci\u00f3s g\u00e1zkaz\u00e1nt \u00e9p\u00edtettek be, \u00e9s r\u00e9szben a radi\u00e1torokat is kicser\u00e9lt\u00e9k. A meg\u00fajul\u00f3 energia hasznos\u00edt\u00e1sa \u00e9rdek\u00e9ben 12 napelemb\u0151l \u00e1ll\u00f3, h\u00e1l\u00f3zatra t\u00e1pl\u00e1l\u00f3 rendszert telep\u00edtettek az \u00e9p\u00fclet tet\u0151szerkezet\u00e9re, mely 10 kW n\u00e9vleges teljes\u00edtm\u00e9nnyel j\u00e1rul hozz\u00e1 a V\u00e1rosh\u00e1za elektromos ig\u00e9ny\u00e9nek kiel\u00e9g\u00edt\u00e9s\u00e9hez.<\/p>\n<p>Az \u00e9p\u00fcletbe t\u00f6rt\u00e9n\u0151 akad\u00e1lymentes bejut\u00e1shoz mozg\u00e1skorl\u00e1tozott r\u00e1mp\u00e1t \u00e9p\u00edtettek, \u00e9s akad\u00e1lymentes k\u00f6zleked\u00e9s megteremt\u00e9se mellett akad\u00e1lymentes\u00edtett mosd\u00f3t is kialak\u00edtottak, tov\u00e1bb\u00e1 gondoskodtak az infokommunik\u00e1ci\u00f3s akad\u00e1lymentes\u00edt\u00e9sr\u0151l is.<\/p>\n<p>A korszer\u0171s\u00edtett \u00e9p\u00fclet \u00fczemeltet\u00e9si k\u00f6lts\u00e9gei jelent\u0151sen cs\u00f6kkentek. A fejleszt\u00e9s eredm\u00e9nyek\u00e9nt az \u00e9p\u00fclet energetikai besorol\u00e1sa \u201eGG\u201d-r\u0151l (\u00e1tlagost megk\u00f6zel\u00edt\u0151) \u201eBB\u201d-re (k\u00f6zel 0 energiaig\u00e9ny\u0171) javult.<\/p>\n<p>A projekt c\u00edme: T\u00e1t Polg\u00e1rmesteri Hivatal energetikai korszer\u0171s\u00edt\u00e9se. Azonos\u00edt\u00f3 sz\u00e1ma: TOP-3.2.1-16-KO1-2017-00005. A projekt \u00f6sszk\u00f6lts\u00e9ge: 59,57 milli\u00f3 Ft. A t\u00e1mogat\u00e1s \u00f6sszege: 36.040.000 Ft. A beruh\u00e1z\u00e1s befejez\u00e9se: 2019. 03. 29. A projekt a Sz\u00e9chenyi 2020 program keret\u00e9ben az Eur\u00f3pai Uni\u00f3 Eur\u00f3pai Region\u00e1lis Fejleszt\u00e9si Alapja (ERFA) t\u00e1mogat\u00e1s\u00e1val val\u00f3sult meg, a Magyar \u00c1llam t\u00e1rsfinansz\u00edroz\u00e1s\u00e1val.<\/p>\n","protected":false},"excerpt":{"rendered":"<p>T\u00e1t V\u00e1ros \u00d6nkorm\u00e1nyzata a Sz\u00e9chenyi 2020 program keret\u00e9ben korszer\u0171s\u00edtette a V\u00e1rosh\u00e1za \u00e9p\u00fclet\u00e9t. A v\u00e1ros vezet\u00e9s egyik kiemelked\u0151 telep\u00fcl\u00e9spolitikai c\u00e9lja a k\u00f6rnyezeti fenntarthat\u00f3s\u00e1g biztos\u00edt\u00e1sa. Ennek megfelel\u0151en a fejleszt\u00e9s els\u0151sorban az \u00e9p\u00fclet energia felhaszn\u00e1l\u00e1s\u00e1nak cs\u00f6kkent\u00e9s\u00e9t, \u00e9s a meg\u00fajul\u00f3 energia haszn\u00e1lat\u00e1t szolg\u00e1lta. A projekt eredm\u00e9nyek\u00e9nt a hivatal akad\u00e1lymentes lett. A mintegy 36,04 milli\u00f3 forintos vissza nem t\u00e9r\u00edtend\u0151 uni\u00f3s<\/p>\n","protected":false},"author":1,"featured_media":16266,"comment_status":"closed","ping_status":"closed","sticky":false,"template":"","format":"standard","meta":{"ngg_post_thumbnail":0,"footnotes":""},"categories":[3,110],"tags":[2187,464,3769,74,111,1220],"class_list":{"0":"post-16265","1":"post","2":"type-post","3":"status-publish","4":"format-standard","5":"has-post-thumbnail","7":"category-hirek","8":"category-tat","9":"tag-energetikai-korszerusites","10":"tag-felujitas","11":"tag-hivatal","12":"tag-palyazat","13":"tag-tat","14":"tag-varoshaza"},"yoast_head":"<!-- This site is optimized with the Yoast SEO plugin v27.4 - https:\/\/yoast.com\/product\/yoast-seo-wordpress\/ -->\n<title>Meg\u00fajult a t\u00e1ti v\u00e1rosh\u00e1za<\/title>\n<meta name=\"robots\" content=\"index, follow, max-snippet:-1, max-image-preview:large, max-video-preview:-1\" \/>\n<link rel=\"canonical\" href=\"https:\/\/dorogimedence.hu\/index.php\/2019\/04\/27\/megujult-a-tati-varoshaza\/\" class=\"yoast-seo-meta-tag\" \/>\n<meta property=\"og:locale\" content=\"hu_HU\" class=\"yoast-seo-meta-tag\" \/>\n<meta property=\"og:type\" content=\"article\" class=\"yoast-seo-meta-tag\" \/>\n<meta property=\"og:title\" content=\"Meg\u00fajult a t\u00e1ti v\u00e1rosh\u00e1za\" class=\"yoast-seo-meta-tag\" \/>\n<meta property=\"og:description\" content=\"T\u00e1t V\u00e1ros \u00d6nkorm\u00e1nyzata a Sz\u00e9chenyi 2020 program keret\u00e9ben korszer\u0171s\u00edtette a V\u00e1rosh\u00e1za \u00e9p\u00fclet\u00e9t. A v\u00e1ros vezet\u00e9s egyik kiemelked\u0151 telep\u00fcl\u00e9spolitikai c\u00e9lja a k\u00f6rnyezeti fenntarthat\u00f3s\u00e1g biztos\u00edt\u00e1sa. Ennek megfelel\u0151en a fejleszt\u00e9s els\u0151sorban az \u00e9p\u00fclet energia felhaszn\u00e1l\u00e1s\u00e1nak cs\u00f6kkent\u00e9s\u00e9t, \u00e9s a meg\u00fajul\u00f3 energia haszn\u00e1lat\u00e1t szolg\u00e1lta. A projekt eredm\u00e9nyek\u00e9nt a hivatal akad\u00e1lymentes lett. A mintegy 36,04 milli\u00f3 forintos vissza nem t\u00e9r\u00edtend\u0151 uni\u00f3s\" class=\"yoast-seo-meta-tag\" \/>\n<meta property=\"og:url\" content=\"https:\/\/dorogimedence.hu\/index.php\/2019\/04\/27\/megujult-a-tati-varoshaza\/\" class=\"yoast-seo-meta-tag\" \/>\n<meta property=\"og:site_name\" content=\"Dorogi-medence Region\u00e1lis H\u00edrport\u00e1l\" class=\"yoast-seo-meta-tag\" \/>\n<meta property=\"article:publisher\" content=\"https:\/\/www.facebook.com\/dorogimedence\/\" class=\"yoast-seo-meta-tag\" \/>\n<meta property=\"article:published_time\" content=\"2019-04-27T09:57:01+00:00\" class=\"yoast-seo-meta-tag\" \/>\n<meta property=\"og:image\" content=\"https:\/\/i0.wp.com\/dorogimedence.hu\/wp-content\/uploads\/2019\/04\/tat-hivatal.jpg?fit=670%2C365&ssl=1\" class=\"yoast-seo-meta-tag\" \/>\n\t<meta property=\"og:image:width\" content=\"670\" class=\"yoast-seo-meta-tag\" \/>\n\t<meta property=\"og:image:height\" content=\"365\" class=\"yoast-seo-meta-tag\" \/>\n\t<meta property=\"og:image:type\" content=\"image\/jpeg\" class=\"yoast-seo-meta-tag\" \/>\n<meta name=\"author\" content=\"dorogimedence.hu\" class=\"yoast-seo-meta-tag\" \/>\n<meta name=\"twitter:card\" content=\"summary_large_image\" class=\"yoast-seo-meta-tag\" \/>\n<meta name=\"twitter:label1\" content=\"Szerz\u0151:\" class=\"yoast-seo-meta-tag\" \/>\n\t<meta name=\"twitter:data1\" content=\"dorogimedence.hu\" class=\"yoast-seo-meta-tag\" \/>\n\t<meta name=\"twitter:label2\" content=\"Becs\u00fclt olvas\u00e1si id\u0151\" class=\"yoast-seo-meta-tag\" \/>\n\t<meta name=\"twitter:data2\" content=\"3 perc\" class=\"yoast-seo-meta-tag\" \/>\n<script type=\"application\/ld+json\" class=\"yoast-schema-graph\">{\"@context\":\"https:\\\/\\\/schema.org\",\"@graph\":[{\"@type\":\"Article\",\"@id\":\"https:\\\/\\\/dorogimedence.hu\\\/index.php\\\/2019\\\/04\\\/27\\\/megujult-a-tati-varoshaza\\\/#article\",\"isPartOf\":{\"@id\":\"https:\\\/\\\/dorogimedence.hu\\\/index.php\\\/2019\\\/04\\\/27\\\/megujult-a-tati-varoshaza\\\/\"},\"author\":{\"name\":\"dorogimedence.hu\",\"@id\":\"https:\\\/\\\/dorogimedence.hu\\\/#\\\/schema\\\/person\\\/ce6091eeb7e95ecdc87890d6aa8e0fd4\"},\"headline\":\"Meg\u00fajult a t\u00e1ti v\u00e1rosh\u00e1za\",\"datePublished\":\"2019-04-27T09:57:01+00:00\",\"mainEntityOfPage\":{\"@id\":\"https:\\\/\\\/dorogimedence.hu\\\/index.php\\\/2019\\\/04\\\/27\\\/megujult-a-tati-varoshaza\\\/\"},\"wordCount\":555,\"publisher\":{\"@id\":\"https:\\\/\\\/dorogimedence.hu\\\/#organization\"},\"image\":{\"@id\":\"https:\\\/\\\/dorogimedence.hu\\\/index.php\\\/2019\\\/04\\\/27\\\/megujult-a-tati-varoshaza\\\/#primaryimage\"},\"thumbnailUrl\":\"https:\\\/\\\/dorogimedence.hu\\\/wp-content\\\/uploads\\\/2019\\\/04\\\/tat-hivatal.jpg\",\"keywords\":[\"energetikai korszer\u0171s\u00edt\u00e9s\",\"fel\u00faj\u00edt\u00e1s\",\"hivatal\",\"p\u00e1ly\u00e1zat\",\"T\u00e1t\",\"V\u00e1rosh\u00e1za\"],\"articleSection\":[\"H\u00edrek\",\"T\u00e1t\"],\"inLanguage\":\"hu\"},{\"@type\":\"WebPage\",\"@id\":\"https:\\\/\\\/dorogimedence.hu\\\/index.php\\\/2019\\\/04\\\/27\\\/megujult-a-tati-varoshaza\\\/\",\"url\":\"https:\\\/\\\/dorogimedence.hu\\\/index.php\\\/2019\\\/04\\\/27\\\/megujult-a-tati-varoshaza\\\/\",\"name\":\"Meg\u00fajult a t\u00e1ti v\u00e1rosh\u00e1za\",\"isPartOf\":{\"@id\":\"https:\\\/\\\/dorogimedence.hu\\\/#website\"},\"primaryImageOfPage\":{\"@id\":\"https:\\\/\\\/dorogimedence.hu\\\/index.php\\\/2019\\\/04\\\/27\\\/megujult-a-tati-varoshaza\\\/#primaryimage\"},\"image\":{\"@id\":\"https:\\\/\\\/dorogimedence.hu\\\/index.php\\\/2019\\\/04\\\/27\\\/megujult-a-tati-varoshaza\\\/#primaryimage\"},\"thumbnailUrl\":\"https:\\\/\\\/dorogimedence.hu\\\/wp-content\\\/uploads\\\/2019\\\/04\\\/tat-hivatal.jpg\",\"datePublished\":\"2019-04-27T09:57:01+00:00\",\"breadcrumb\":{\"@id\":\"https:\\\/\\\/dorogimedence.hu\\\/index.php\\\/2019\\\/04\\\/27\\\/megujult-a-tati-varoshaza\\\/#breadcrumb\"},\"inLanguage\":\"hu\",\"potentialAction\":[{\"@type\":\"ReadAction\",\"target\":[\"https:\\\/\\\/dorogimedence.hu\\\/index.php\\\/2019\\\/04\\\/27\\\/megujult-a-tati-varoshaza\\\/\"]}]},{\"@type\":\"ImageObject\",\"inLanguage\":\"hu\",\"@id\":\"https:\\\/\\\/dorogimedence.hu\\\/index.php\\\/2019\\\/04\\\/27\\\/megujult-a-tati-varoshaza\\\/#primaryimage\",\"url\":\"https:\\\/\\\/dorogimedence.hu\\\/wp-content\\\/uploads\\\/2019\\\/04\\\/tat-hivatal.jpg\",\"contentUrl\":\"https:\\\/\\\/dorogimedence.hu\\\/wp-content\\\/uploads\\\/2019\\\/04\\\/tat-hivatal.jpg\",\"width\":670,\"height\":365},{\"@type\":\"BreadcrumbList\",\"@id\":\"https:\\\/\\\/dorogimedence.hu\\\/index.php\\\/2019\\\/04\\\/27\\\/megujult-a-tati-varoshaza\\\/#breadcrumb\",\"itemListElement\":[{\"@type\":\"ListItem\",\"position\":1,\"name\":\"Kezd\u0151lap\",\"item\":\"https:\\\/\\\/dorogimedence.hu\\\/\"},{\"@type\":\"ListItem\",\"position\":2,\"name\":\"Meg\u00fajult a t\u00e1ti v\u00e1rosh\u00e1za\"}]},{\"@type\":\"WebSite\",\"@id\":\"https:\\\/\\\/dorogimedence.hu\\\/#website\",\"url\":\"https:\\\/\\\/dorogimedence.hu\\\/\",\"name\":\"Dorogi-medence Region\u00e1lis H\u00edrport\u00e1l\",\"description\":\"Dorog, Keszt\u00f6lc, Le\u00e1nyv\u00e1r, Piliscs\u00e9v, Tokod, Tokodalt\u00e1r\u00f3, Csolnok, Esztergom-kertv\u00e1ros: h\u00edrek, programok\",\"publisher\":{\"@id\":\"https:\\\/\\\/dorogimedence.hu\\\/#organization\"},\"potentialAction\":[{\"@type\":\"SearchAction\",\"target\":{\"@type\":\"EntryPoint\",\"urlTemplate\":\"https:\\\/\\\/dorogimedence.hu\\\/?s={search_term_string}\"},\"query-input\":{\"@type\":\"PropertyValueSpecification\",\"valueRequired\":true,\"valueName\":\"search_term_string\"}}],\"inLanguage\":\"hu\"},{\"@type\":\"Organization\",\"@id\":\"https:\\\/\\\/dorogimedence.hu\\\/#organization\",\"name\":\"Dorogi-medence Region\u00e1lis H\u00edrport\u00e1l\",\"url\":\"https:\\\/\\\/dorogimedence.hu\\\/\",\"logo\":{\"@type\":\"ImageObject\",\"inLanguage\":\"hu\",\"@id\":\"https:\\\/\\\/dorogimedence.hu\\\/#\\\/schema\\\/logo\\\/image\\\/\",\"url\":\"https:\\\/\\\/dorogimedence.hu\\\/wp-content\\\/uploads\\\/2021\\\/04\\\/logo-feher-600.png\",\"contentUrl\":\"https:\\\/\\\/dorogimedence.hu\\\/wp-content\\\/uploads\\\/2021\\\/04\\\/logo-feher-600.png\",\"width\":600,\"height\":100,\"caption\":\"Dorogi-medence Region\u00e1lis H\u00edrport\u00e1l\"},\"image\":{\"@id\":\"https:\\\/\\\/dorogimedence.hu\\\/#\\\/schema\\\/logo\\\/image\\\/\"},\"sameAs\":[\"https:\\\/\\\/www.facebook.com\\\/dorogimedence\\\/\"]},{\"@type\":\"Person\",\"@id\":\"https:\\\/\\\/dorogimedence.hu\\\/#\\\/schema\\\/person\\\/ce6091eeb7e95ecdc87890d6aa8e0fd4\",\"name\":\"dorogimedence.hu\",\"image\":{\"@type\":\"ImageObject\",\"inLanguage\":\"hu\",\"@id\":\"\\\/\\\/www.gravatar.com\\\/avatar\\\/d8d45f8901aadff40a4af72c0b826f1d?s=96&#038;r=g&#038;d=mm\",\"url\":\"\\\/\\\/www.gravatar.com\\\/avatar\\\/d8d45f8901aadff40a4af72c0b826f1d?s=96&#038;r=g&#038;d=mm\",\"contentUrl\":\"\\\/\\\/www.gravatar.com\\\/avatar\\\/d8d45f8901aadff40a4af72c0b826f1d?s=96&#038;r=g&#038;d=mm\",\"caption\":\"dorogimedence.hu\"}}]}<\/script>\n<!-- \/ Yoast SEO plugin. -->","yoast_head_json":{"title":"Meg\u00fajult a t\u00e1ti v\u00e1rosh\u00e1za","robots":{"index":"index","follow":"follow","max-snippet":"max-snippet:-1","max-image-preview":"max-image-preview:large","max-video-preview":"max-video-preview:-1"},"canonical":"https:\/\/dorogimedence.hu\/index.php\/2019\/04\/27\/megujult-a-tati-varoshaza\/","og_locale":"hu_HU","og_type":"article","og_title":"Meg\u00fajult a t\u00e1ti v\u00e1rosh\u00e1za","og_description":"T\u00e1t V\u00e1ros \u00d6nkorm\u00e1nyzata a Sz\u00e9chenyi 2020 program keret\u00e9ben korszer\u0171s\u00edtette a V\u00e1rosh\u00e1za \u00e9p\u00fclet\u00e9t. A v\u00e1ros vezet\u00e9s egyik kiemelked\u0151 telep\u00fcl\u00e9spolitikai c\u00e9lja a k\u00f6rnyezeti fenntarthat\u00f3s\u00e1g biztos\u00edt\u00e1sa. Ennek megfelel\u0151en a fejleszt\u00e9s els\u0151sorban az \u00e9p\u00fclet energia felhaszn\u00e1l\u00e1s\u00e1nak cs\u00f6kkent\u00e9s\u00e9t, \u00e9s a meg\u00fajul\u00f3 energia haszn\u00e1lat\u00e1t szolg\u00e1lta. A projekt eredm\u00e9nyek\u00e9nt a hivatal akad\u00e1lymentes lett. A mintegy 36,04 milli\u00f3 forintos vissza nem t\u00e9r\u00edtend\u0151 uni\u00f3s","og_url":"https:\/\/dorogimedence.hu\/index.php\/2019\/04\/27\/megujult-a-tati-varoshaza\/","og_site_name":"Dorogi-medence Region\u00e1lis H\u00edrport\u00e1l","article_publisher":"https:\/\/www.facebook.com\/dorogimedence\/","article_published_time":"2019-04-27T09:57:01+00:00","og_image":[{"width":670,"height":365,"url":"https:\/\/i0.wp.com\/dorogimedence.hu\/wp-content\/uploads\/2019\/04\/tat-hivatal.jpg?fit=670%2C365&ssl=1","type":"image\/jpeg"}],"author":"dorogimedence.hu","twitter_card":"summary_large_image","twitter_misc":{"Szerz\u0151:":"dorogimedence.hu","Becs\u00fclt olvas\u00e1si id\u0151":"3 perc"},"schema":{"@context":"https:\/\/schema.org","@graph":[{"@type":"Article","@id":"https:\/\/dorogimedence.hu\/index.php\/2019\/04\/27\/megujult-a-tati-varoshaza\/#article","isPartOf":{"@id":"https:\/\/dorogimedence.hu\/index.php\/2019\/04\/27\/megujult-a-tati-varoshaza\/"},"author":{"name":"dorogimedence.hu","@id":"https:\/\/dorogimedence.hu\/#\/schema\/person\/ce6091eeb7e95ecdc87890d6aa8e0fd4"},"headline":"Meg\u00fajult a t\u00e1ti v\u00e1rosh\u00e1za","datePublished":"2019-04-27T09:57:01+00:00","mainEntityOfPage":{"@id":"https:\/\/dorogimedence.hu\/index.php\/2019\/04\/27\/megujult-a-tati-varoshaza\/"},"wordCount":555,"publisher":{"@id":"https:\/\/dorogimedence.hu\/#organization"},"image":{"@id":"https:\/\/dorogimedence.hu\/index.php\/2019\/04\/27\/megujult-a-tati-varoshaza\/#primaryimage"},"thumbnailUrl":"https:\/\/dorogimedence.hu\/wp-content\/uploads\/2019\/04\/tat-hivatal.jpg","keywords":["energetikai korszer\u0171s\u00edt\u00e9s","fel\u00faj\u00edt\u00e1s","hivatal","p\u00e1ly\u00e1zat","T\u00e1t","V\u00e1rosh\u00e1za"],"articleSection":["H\u00edrek","T\u00e1t"],"inLanguage":"hu"},{"@type":"WebPage","@id":"https:\/\/dorogimedence.hu\/index.php\/2019\/04\/27\/megujult-a-tati-varoshaza\/","url":"https:\/\/dorogimedence.hu\/index.php\/2019\/04\/27\/megujult-a-tati-varoshaza\/","name":"Meg\u00fajult a t\u00e1ti v\u00e1rosh\u00e1za","isPartOf":{"@id":"https:\/\/dorogimedence.hu\/#website"},"primaryImageOfPage":{"@id":"https:\/\/dorogimedence.hu\/index.php\/2019\/04\/27\/megujult-a-tati-varoshaza\/#primaryimage"},"image":{"@id":"https:\/\/dorogimedence.hu\/index.php\/2019\/04\/27\/megujult-a-tati-varoshaza\/#primaryimage"},"thumbnailUrl":"https:\/\/dorogimedence.hu\/wp-content\/uploads\/2019\/04\/tat-hivatal.jpg","datePublished":"2019-04-27T09:57:01+00:00","breadcrumb":{"@id":"https:\/\/dorogimedence.hu\/index.php\/2019\/04\/27\/megujult-a-tati-varoshaza\/#breadcrumb"},"inLanguage":"hu","potentialAction":[{"@type":"ReadAction","target":["https:\/\/dorogimedence.hu\/index.php\/2019\/04\/27\/megujult-a-tati-varoshaza\/"]}]},{"@type":"ImageObject","inLanguage":"hu","@id":"https:\/\/dorogimedence.hu\/index.php\/2019\/04\/27\/megujult-a-tati-varoshaza\/#primaryimage","url":"https:\/\/dorogimedence.hu\/wp-content\/uploads\/2019\/04\/tat-hivatal.jpg","contentUrl":"https:\/\/dorogimedence.hu\/wp-content\/uploads\/2019\/04\/tat-hivatal.jpg","width":670,"height":365},{"@type":"BreadcrumbList","@id":"https:\/\/dorogimedence.hu\/index.php\/2019\/04\/27\/megujult-a-tati-varoshaza\/#breadcrumb","itemListElement":[{"@type":"ListItem","position":1,"name":"Kezd\u0151lap","item":"https:\/\/dorogimedence.hu\/"},{"@type":"ListItem","position":2,"name":"Meg\u00fajult a t\u00e1ti v\u00e1rosh\u00e1za"}]},{"@type":"WebSite","@id":"https:\/\/dorogimedence.hu\/#website","url":"https:\/\/dorogimedence.hu\/","name":"Dorogi-medence Region\u00e1lis H\u00edrport\u00e1l","description":"Dorog, Keszt\u00f6lc, Le\u00e1nyv\u00e1r, Piliscs\u00e9v, Tokod, Tokodalt\u00e1r\u00f3, Csolnok, Esztergom-kertv\u00e1ros: h\u00edrek, programok","publisher":{"@id":"https:\/\/dorogimedence.hu\/#organization"},"potentialAction":[{"@type":"SearchAction","target":{"@type":"EntryPoint","urlTemplate":"https:\/\/dorogimedence.hu\/?s={search_term_string}"},"query-input":{"@type":"PropertyValueSpecification","valueRequired":true,"valueName":"search_term_string"}}],"inLanguage":"hu"},{"@type":"Organization","@id":"https:\/\/dorogimedence.hu\/#organization","name":"Dorogi-medence Region\u00e1lis H\u00edrport\u00e1l","url":"https:\/\/dorogimedence.hu\/","logo":{"@type":"ImageObject","inLanguage":"hu","@id":"https:\/\/dorogimedence.hu\/#\/schema\/logo\/image\/","url":"https:\/\/dorogimedence.hu\/wp-content\/uploads\/2021\/04\/logo-feher-600.png","contentUrl":"https:\/\/dorogimedence.hu\/wp-content\/uploads\/2021\/04\/logo-feher-600.png","width":600,"height":100,"caption":"Dorogi-medence Region\u00e1lis H\u00edrport\u00e1l"},"image":{"@id":"https:\/\/dorogimedence.hu\/#\/schema\/logo\/image\/"},"sameAs":["https:\/\/www.facebook.com\/dorogimedence\/"]},{"@type":"Person","@id":"https:\/\/dorogimedence.hu\/#\/schema\/person\/ce6091eeb7e95ecdc87890d6aa8e0fd4","name":"dorogimedence.hu","image":{"@type":"ImageObject","inLanguage":"hu","@id":"\/\/www.gravatar.com\/avatar\/d8d45f8901aadff40a4af72c0b826f1d?s=96&#038;r=g&#038;d=mm","url":"\/\/www.gravatar.com\/avatar\/d8d45f8901aadff40a4af72c0b826f1d?s=96&#038;r=g&#038;d=mm","contentUrl":"\/\/www.gravatar.com\/avatar\/d8d45f8901aadff40a4af72c0b826f1d?s=96&#038;r=g&#038;d=mm","caption":"dorogimedence.hu"}}]}},"_links":{"self":[{"href":"https:\/\/dorogimedence.hu\/index.php\/wp-json\/wp\/v2\/posts\/16265","targetHints":{"allow":["GET"]}}],"collection":[{"href":"https:\/\/dorogimedence.hu\/index.php\/wp-json\/wp\/v2\/posts"}],"about":[{"href":"https:\/\/dorogimedence.hu\/index.php\/wp-json\/wp\/v2\/types\/post"}],"author":[{"embeddable":true,"href":"https:\/\/dorogimedence.hu\/index.php\/wp-json\/wp\/v2\/users\/1"}],"replies":[{"embeddable":true,"href":"https:\/\/dorogimedence.hu\/index.php\/wp-json\/wp\/v2\/comments?post=16265"}],"version-history":[{"count":0,"href":"https:\/\/dorogimedence.hu\/index.php\/wp-json\/wp\/v2\/posts\/16265\/revisions"}],"wp:featuredmedia":[{"embeddable":true,"href":"https:\/\/dorogimedence.hu\/index.php\/wp-json\/wp\/v2\/media\/16266"}],"wp:attachment":[{"href":"https:\/\/dorogimedence.hu\/index.php\/wp-json\/wp\/v2\/media?parent=16265"}],"wp:term":[{"taxonomy":"category","embeddable":true,"href":"https:\/\/dorogimedence.hu\/index.php\/wp-json\/wp\/v2\/categories?post=16265"},{"taxonomy":"post_tag","embeddable":true,"href":"https:\/\/dorogimedence.hu\/index.php\/wp-json\/wp\/v2\/tags?post=16265"}],"curies":[{"name":"wp","href":"https:\/\/api.w.org\/{rel}","templated":true}]}}