{"id":16259,"date":"2019-04-27T11:04:13","date_gmt":"2019-04-27T09:04:13","guid":{"rendered":"http:\/\/dorogimedence.hu\/?p=16259"},"modified":"2019-04-27T12:02:10","modified_gmt":"2019-04-27T10:02:10","slug":"pedagogus-konferenciat-rendeztek-esztergomban","status":"publish","type":"post","link":"https:\/\/dorogimedence.hu\/index.php\/2019\/04\/27\/pedagogus-konferenciat-rendeztek-esztergomban\/","title":{"rendered":"Pedag\u00f3gus konferenci\u00e1t rendeztek Esztergomban"},"content":{"rendered":"<p><strong>Az \u00e1prilis 26-ai EKIF Pedag\u00f3gus Konferenci\u00e1nak a Szent Adalbert k\u00f6zpont adott otthont, melyen t\u00f6bb mint 800 egyh\u00e1zi iskolai dolgoz\u00f3 vett r\u00e9szt.<\/strong><\/p>\n<p>A rendezv\u00e9nyen dr. Erd\u0151 P\u00e9ter b\u00edboros, esztergom-budapesti \u00e9rsek mellett Dariusz \u017buk-Olszewski, a Szlov\u00e1k P\u00fcsp\u00f6ki Konferencia katek\u00e9zis \u00e9s oktat\u00e1s\u00fcgyi titk\u00e1ra is felsz\u00f3lalt. Dr. Erd\u0151 P\u00e9ter besz\u00e9d\u00e9ben kit\u00e9rt arra, hogy a rendszerv\u00e1lt\u00e1s \u00f3ta mik\u00e9nt v\u00e1lt az egyh\u00e1z egyre t\u00f6bb oktat\u00e1si int\u00e9zm\u00e9ny fenntart\u00f3j\u00e1v\u00e1, Dariusz \u017buk-Olszewski pedig a szlov\u00e1kiai iskol\u00e1k \u00e9s \u00f3vod\u00e1k helyzet\u00e9t ismertette szlov\u00e1k nyelven, melyet a nagyk\u00f6z\u00f6ns\u00e9g leford\u00edtva hallhatott.<\/p>\n<p><img fetchpriority=\"high\" decoding=\"async\" class=\"alignnone size-full wp-image-16261\" src=\"https:\/\/dorogimedence.hu\/wp-content\/uploads\/2019\/04\/pedagogus-konferencia-01.jpg\" alt=\"\" width=\"670\" height=\"365\" srcset=\"https:\/\/dorogimedence.hu\/wp-content\/uploads\/2019\/04\/pedagogus-konferencia-01.jpg 670w, https:\/\/dorogimedence.hu\/wp-content\/uploads\/2019\/04\/pedagogus-konferencia-01-300x163.jpg 300w\" sizes=\"(max-width: 670px) 100vw, 670px\" \/><\/p>\n<p>A rendezv\u00e9nyen a 25 \u00e9ves Pestszentl\u0151rinc-Pestszentimre Liliomkert Katolikus \u00d3voda n\u00f6vend\u00e9keinek m\u0171sor\u00e1t is megtekinthett\u00e9k a pedag\u00f3gusok, majd a budapesti Weiner Le\u00f3 Zeneiskola di\u00e1kjai mutatkoztak be.<\/p>\n<p><img decoding=\"async\" class=\"alignnone size-full wp-image-16262\" src=\"https:\/\/dorogimedence.hu\/wp-content\/uploads\/2019\/04\/pedagogus-konferencia-03.jpg\" alt=\"\" width=\"670\" height=\"365\" srcset=\"https:\/\/dorogimedence.hu\/wp-content\/uploads\/2019\/04\/pedagogus-konferencia-03.jpg 670w, https:\/\/dorogimedence.hu\/wp-content\/uploads\/2019\/04\/pedagogus-konferencia-03-300x163.jpg 300w\" sizes=\"(max-width: 670px) 100vw, 670px\" \/><\/p>\n<p>K\u00e9s\u0151bb Dr. Gombocz J\u00e1nos, a Testnevel\u00e9si Egyetem emeritusa, Dr. Papp Mikl\u00f3s g\u00f6r\u00f6gkatolikus pap \u00e9s G\u00f6rbe L\u00e1szl\u00f3 piarista szerzetes is el\u0151ad\u00e1st tartott. A nap f\u00e9nypontjak\u00e9nt pedig szentmis\u00e9t tartottak a bazilik\u00e1ban, majd megvend\u00e9gel\u00e9ssel z\u00e1rt\u00e1k a napot.<\/p>\n<p><em><strong>Erd\u0151 P\u00e9ter besz\u00e9de az RTVE &#8222;Komment\u00e1r N\u00e9lk\u00fcl&#8221; c\u00edm\u0171 m\u0171sor\u00e1ban megtekinthet\u0151:<\/strong><\/em><\/p>\n<div class=\"video-container\">\n<p><iframe src=\"http:\/\/www.rtve.hu\/embed\/index.php?name=_new\/KOMMENTAR_NELKUL\/190426-KOMMENTAR-NELKUL-EKIF-PEDAGOGUS-KONFERENCIA.mp4&amp;width=600&amp;height=480&amp;pid=809741fd2db274a67c99a326759c079a_L\" width=\"600\" height=\"520\" frameborder=\"0\" scrolling=\"no\"><span style=\"display: inline-block; width: 0px; overflow: hidden; line-height: 0;\" data-mce-type=\"bookmark\" class=\"mce_SELRES_start\">\ufeff<\/span>&nbsp;<\/p>\n<p><\/iframe><\/p>\n<\/div>\n","protected":false},"excerpt":{"rendered":"<p>Az \u00e1prilis 26-ai EKIF Pedag\u00f3gus Konferenci\u00e1nak a Szent Adalbert k\u00f6zpont adott otthont, melyen t\u00f6bb mint 800 egyh\u00e1zi iskolai dolgoz\u00f3 vett r\u00e9szt. A rendezv\u00e9nyen dr. Erd\u0151 P\u00e9ter b\u00edboros, esztergom-budapesti \u00e9rsek mellett Dariusz \u017buk-Olszewski, a Szlov\u00e1k P\u00fcsp\u00f6ki Konferencia katek\u00e9zis \u00e9s oktat\u00e1s\u00fcgyi titk\u00e1ra is felsz\u00f3lalt. Dr. Erd\u0151 P\u00e9ter besz\u00e9d\u00e9ben kit\u00e9rt arra, hogy a rendszerv\u00e1lt\u00e1s \u00f3ta mik\u00e9nt v\u00e1lt az<\/p>\n","protected":false},"author":1,"featured_media":16260,"comment_status":"closed","ping_status":"closed","sticky":false,"template":"","format":"standard","meta":{"ngg_post_thumbnail":0,"footnotes":""},"categories":[38,3],"tags":[3767,42,762,321,3768,1159,845],"class_list":{"0":"post-16259","1":"post","2":"type-post","3":"status-publish","4":"format-standard","5":"has-post-thumbnail","7":"category-esztergom","8":"category-hirek","9":"tag-dr-erdo-peter","10":"tag-esztergom","11":"tag-katolikus-egyhaz","12":"tag-konferencia","13":"tag-pedagogus-konferencia","14":"tag-pedagogus-nap","15":"tag-szent-adalbert-kozpont"},"yoast_head":"<!-- This site is optimized with the Yoast SEO plugin v27.4 - https:\/\/yoast.com\/product\/yoast-seo-wordpress\/ -->\n<title>Pedag\u00f3gus konferenci\u00e1t rendeztek Esztergomban<\/title>\n<meta name=\"robots\" content=\"index, follow, max-snippet:-1, max-image-preview:large, max-video-preview:-1\" \/>\n<link rel=\"canonical\" href=\"https:\/\/dorogimedence.hu\/index.php\/2019\/04\/27\/pedagogus-konferenciat-rendeztek-esztergomban\/\" class=\"yoast-seo-meta-tag\" \/>\n<meta property=\"og:locale\" content=\"hu_HU\" class=\"yoast-seo-meta-tag\" \/>\n<meta property=\"og:type\" content=\"article\" class=\"yoast-seo-meta-tag\" \/>\n<meta property=\"og:title\" content=\"Pedag\u00f3gus konferenci\u00e1t rendeztek Esztergomban\" class=\"yoast-seo-meta-tag\" \/>\n<meta property=\"og:description\" content=\"Az \u00e1prilis 26-ai EKIF Pedag\u00f3gus Konferenci\u00e1nak a Szent Adalbert k\u00f6zpont adott otthont, melyen t\u00f6bb mint 800 egyh\u00e1zi iskolai dolgoz\u00f3 vett r\u00e9szt. A rendezv\u00e9nyen dr. Erd\u0151 P\u00e9ter b\u00edboros, esztergom-budapesti \u00e9rsek mellett Dariusz \u017buk-Olszewski, a Szlov\u00e1k P\u00fcsp\u00f6ki Konferencia katek\u00e9zis \u00e9s oktat\u00e1s\u00fcgyi titk\u00e1ra is felsz\u00f3lalt. Dr. Erd\u0151 P\u00e9ter besz\u00e9d\u00e9ben kit\u00e9rt arra, hogy a rendszerv\u00e1lt\u00e1s \u00f3ta mik\u00e9nt v\u00e1lt az\" class=\"yoast-seo-meta-tag\" \/>\n<meta property=\"og:url\" content=\"https:\/\/dorogimedence.hu\/index.php\/2019\/04\/27\/pedagogus-konferenciat-rendeztek-esztergomban\/\" class=\"yoast-seo-meta-tag\" \/>\n<meta property=\"og:site_name\" content=\"Dorogi-medence Region\u00e1lis H\u00edrport\u00e1l\" class=\"yoast-seo-meta-tag\" \/>\n<meta property=\"article:publisher\" content=\"https:\/\/www.facebook.com\/dorogimedence\/\" class=\"yoast-seo-meta-tag\" \/>\n<meta property=\"article:published_time\" content=\"2019-04-27T09:04:13+00:00\" class=\"yoast-seo-meta-tag\" \/>\n<meta property=\"article:modified_time\" content=\"2019-04-27T10:02:10+00:00\" class=\"yoast-seo-meta-tag\" \/>\n<meta property=\"og:image\" content=\"https:\/\/i0.wp.com\/dorogimedence.hu\/wp-content\/uploads\/2019\/04\/pedagogus-konferencia-02.jpg?fit=670%2C365&ssl=1\" class=\"yoast-seo-meta-tag\" \/>\n\t<meta property=\"og:image:width\" content=\"670\" class=\"yoast-seo-meta-tag\" \/>\n\t<meta property=\"og:image:height\" content=\"365\" class=\"yoast-seo-meta-tag\" \/>\n\t<meta property=\"og:image:type\" content=\"image\/jpeg\" class=\"yoast-seo-meta-tag\" \/>\n<meta name=\"author\" content=\"dorogimedence.hu\" class=\"yoast-seo-meta-tag\" \/>\n<meta name=\"twitter:card\" content=\"summary_large_image\" class=\"yoast-seo-meta-tag\" \/>\n<meta name=\"twitter:label1\" content=\"Szerz\u0151:\" class=\"yoast-seo-meta-tag\" \/>\n\t<meta name=\"twitter:data1\" content=\"dorogimedence.hu\" class=\"yoast-seo-meta-tag\" \/>\n\t<meta name=\"twitter:label2\" content=\"Becs\u00fclt olvas\u00e1si id\u0151\" class=\"yoast-seo-meta-tag\" \/>\n\t<meta name=\"twitter:data2\" content=\"1 perc\" class=\"yoast-seo-meta-tag\" \/>\n<script type=\"application\/ld+json\" class=\"yoast-schema-graph\">{\"@context\":\"https:\\\/\\\/schema.org\",\"@graph\":[{\"@type\":\"Article\",\"@id\":\"https:\\\/\\\/dorogimedence.hu\\\/index.php\\\/2019\\\/04\\\/27\\\/pedagogus-konferenciat-rendeztek-esztergomban\\\/#article\",\"isPartOf\":{\"@id\":\"https:\\\/\\\/dorogimedence.hu\\\/index.php\\\/2019\\\/04\\\/27\\\/pedagogus-konferenciat-rendeztek-esztergomban\\\/\"},\"author\":{\"name\":\"dorogimedence.hu\",\"@id\":\"https:\\\/\\\/dorogimedence.hu\\\/#\\\/schema\\\/person\\\/ce6091eeb7e95ecdc87890d6aa8e0fd4\"},\"headline\":\"Pedag\u00f3gus konferenci\u00e1t rendeztek Esztergomban\",\"datePublished\":\"2019-04-27T09:04:13+00:00\",\"dateModified\":\"2019-04-27T10:02:10+00:00\",\"mainEntityOfPage\":{\"@id\":\"https:\\\/\\\/dorogimedence.hu\\\/index.php\\\/2019\\\/04\\\/27\\\/pedagogus-konferenciat-rendeztek-esztergomban\\\/\"},\"wordCount\":228,\"publisher\":{\"@id\":\"https:\\\/\\\/dorogimedence.hu\\\/#organization\"},\"image\":{\"@id\":\"https:\\\/\\\/dorogimedence.hu\\\/index.php\\\/2019\\\/04\\\/27\\\/pedagogus-konferenciat-rendeztek-esztergomban\\\/#primaryimage\"},\"thumbnailUrl\":\"https:\\\/\\\/dorogimedence.hu\\\/wp-content\\\/uploads\\\/2019\\\/04\\\/pedagogus-konferencia-02.jpg\",\"keywords\":[\"Dr. Erd\u0151 P\u00e9ter\",\"esztergom\",\"katolikus egyh\u00e1z\",\"konferencia\",\"pedag\u00f3gus konferencia\",\"pedag\u00f3gus nap\",\"Szent Adalbert K\u00f6zpont\"],\"articleSection\":[\"Esztergom\",\"H\u00edrek\"],\"inLanguage\":\"hu\"},{\"@type\":\"WebPage\",\"@id\":\"https:\\\/\\\/dorogimedence.hu\\\/index.php\\\/2019\\\/04\\\/27\\\/pedagogus-konferenciat-rendeztek-esztergomban\\\/\",\"url\":\"https:\\\/\\\/dorogimedence.hu\\\/index.php\\\/2019\\\/04\\\/27\\\/pedagogus-konferenciat-rendeztek-esztergomban\\\/\",\"name\":\"Pedag\u00f3gus konferenci\u00e1t rendeztek Esztergomban\",\"isPartOf\":{\"@id\":\"https:\\\/\\\/dorogimedence.hu\\\/#website\"},\"primaryImageOfPage\":{\"@id\":\"https:\\\/\\\/dorogimedence.hu\\\/index.php\\\/2019\\\/04\\\/27\\\/pedagogus-konferenciat-rendeztek-esztergomban\\\/#primaryimage\"},\"image\":{\"@id\":\"https:\\\/\\\/dorogimedence.hu\\\/index.php\\\/2019\\\/04\\\/27\\\/pedagogus-konferenciat-rendeztek-esztergomban\\\/#primaryimage\"},\"thumbnailUrl\":\"https:\\\/\\\/dorogimedence.hu\\\/wp-content\\\/uploads\\\/2019\\\/04\\\/pedagogus-konferencia-02.jpg\",\"datePublished\":\"2019-04-27T09:04:13+00:00\",\"dateModified\":\"2019-04-27T10:02:10+00:00\",\"breadcrumb\":{\"@id\":\"https:\\\/\\\/dorogimedence.hu\\\/index.php\\\/2019\\\/04\\\/27\\\/pedagogus-konferenciat-rendeztek-esztergomban\\\/#breadcrumb\"},\"inLanguage\":\"hu\",\"potentialAction\":[{\"@type\":\"ReadAction\",\"target\":[\"https:\\\/\\\/dorogimedence.hu\\\/index.php\\\/2019\\\/04\\\/27\\\/pedagogus-konferenciat-rendeztek-esztergomban\\\/\"]}]},{\"@type\":\"ImageObject\",\"inLanguage\":\"hu\",\"@id\":\"https:\\\/\\\/dorogimedence.hu\\\/index.php\\\/2019\\\/04\\\/27\\\/pedagogus-konferenciat-rendeztek-esztergomban\\\/#primaryimage\",\"url\":\"https:\\\/\\\/dorogimedence.hu\\\/wp-content\\\/uploads\\\/2019\\\/04\\\/pedagogus-konferencia-02.jpg\",\"contentUrl\":\"https:\\\/\\\/dorogimedence.hu\\\/wp-content\\\/uploads\\\/2019\\\/04\\\/pedagogus-konferencia-02.jpg\",\"width\":670,\"height\":365},{\"@type\":\"BreadcrumbList\",\"@id\":\"https:\\\/\\\/dorogimedence.hu\\\/index.php\\\/2019\\\/04\\\/27\\\/pedagogus-konferenciat-rendeztek-esztergomban\\\/#breadcrumb\",\"itemListElement\":[{\"@type\":\"ListItem\",\"position\":1,\"name\":\"Kezd\u0151lap\",\"item\":\"https:\\\/\\\/dorogimedence.hu\\\/\"},{\"@type\":\"ListItem\",\"position\":2,\"name\":\"Pedag\u00f3gus konferenci\u00e1t rendeztek Esztergomban\"}]},{\"@type\":\"WebSite\",\"@id\":\"https:\\\/\\\/dorogimedence.hu\\\/#website\",\"url\":\"https:\\\/\\\/dorogimedence.hu\\\/\",\"name\":\"Dorogi-medence Region\u00e1lis H\u00edrport\u00e1l\",\"description\":\"Dorog, Keszt\u00f6lc, Le\u00e1nyv\u00e1r, Piliscs\u00e9v, Tokod, Tokodalt\u00e1r\u00f3, Csolnok, Esztergom-kertv\u00e1ros: h\u00edrek, programok\",\"publisher\":{\"@id\":\"https:\\\/\\\/dorogimedence.hu\\\/#organization\"},\"potentialAction\":[{\"@type\":\"SearchAction\",\"target\":{\"@type\":\"EntryPoint\",\"urlTemplate\":\"https:\\\/\\\/dorogimedence.hu\\\/?s={search_term_string}\"},\"query-input\":{\"@type\":\"PropertyValueSpecification\",\"valueRequired\":true,\"valueName\":\"search_term_string\"}}],\"inLanguage\":\"hu\"},{\"@type\":\"Organization\",\"@id\":\"https:\\\/\\\/dorogimedence.hu\\\/#organization\",\"name\":\"Dorogi-medence Region\u00e1lis H\u00edrport\u00e1l\",\"url\":\"https:\\\/\\\/dorogimedence.hu\\\/\",\"logo\":{\"@type\":\"ImageObject\",\"inLanguage\":\"hu\",\"@id\":\"https:\\\/\\\/dorogimedence.hu\\\/#\\\/schema\\\/logo\\\/image\\\/\",\"url\":\"https:\\\/\\\/dorogimedence.hu\\\/wp-content\\\/uploads\\\/2021\\\/04\\\/logo-feher-600.png\",\"contentUrl\":\"https:\\\/\\\/dorogimedence.hu\\\/wp-content\\\/uploads\\\/2021\\\/04\\\/logo-feher-600.png\",\"width\":600,\"height\":100,\"caption\":\"Dorogi-medence Region\u00e1lis H\u00edrport\u00e1l\"},\"image\":{\"@id\":\"https:\\\/\\\/dorogimedence.hu\\\/#\\\/schema\\\/logo\\\/image\\\/\"},\"sameAs\":[\"https:\\\/\\\/www.facebook.com\\\/dorogimedence\\\/\"]},{\"@type\":\"Person\",\"@id\":\"https:\\\/\\\/dorogimedence.hu\\\/#\\\/schema\\\/person\\\/ce6091eeb7e95ecdc87890d6aa8e0fd4\",\"name\":\"dorogimedence.hu\",\"image\":{\"@type\":\"ImageObject\",\"inLanguage\":\"hu\",\"@id\":\"\\\/\\\/www.gravatar.com\\\/avatar\\\/d8d45f8901aadff40a4af72c0b826f1d?s=96&#038;r=g&#038;d=mm\",\"url\":\"\\\/\\\/www.gravatar.com\\\/avatar\\\/d8d45f8901aadff40a4af72c0b826f1d?s=96&#038;r=g&#038;d=mm\",\"contentUrl\":\"\\\/\\\/www.gravatar.com\\\/avatar\\\/d8d45f8901aadff40a4af72c0b826f1d?s=96&#038;r=g&#038;d=mm\",\"caption\":\"dorogimedence.hu\"}}]}<\/script>\n<!-- \/ Yoast SEO plugin. -->","yoast_head_json":{"title":"Pedag\u00f3gus konferenci\u00e1t rendeztek Esztergomban","robots":{"index":"index","follow":"follow","max-snippet":"max-snippet:-1","max-image-preview":"max-image-preview:large","max-video-preview":"max-video-preview:-1"},"canonical":"https:\/\/dorogimedence.hu\/index.php\/2019\/04\/27\/pedagogus-konferenciat-rendeztek-esztergomban\/","og_locale":"hu_HU","og_type":"article","og_title":"Pedag\u00f3gus konferenci\u00e1t rendeztek Esztergomban","og_description":"Az \u00e1prilis 26-ai EKIF Pedag\u00f3gus Konferenci\u00e1nak a Szent Adalbert k\u00f6zpont adott otthont, melyen t\u00f6bb mint 800 egyh\u00e1zi iskolai dolgoz\u00f3 vett r\u00e9szt. A rendezv\u00e9nyen dr. Erd\u0151 P\u00e9ter b\u00edboros, esztergom-budapesti \u00e9rsek mellett Dariusz \u017buk-Olszewski, a Szlov\u00e1k P\u00fcsp\u00f6ki Konferencia katek\u00e9zis \u00e9s oktat\u00e1s\u00fcgyi titk\u00e1ra is felsz\u00f3lalt. Dr. Erd\u0151 P\u00e9ter besz\u00e9d\u00e9ben kit\u00e9rt arra, hogy a rendszerv\u00e1lt\u00e1s \u00f3ta mik\u00e9nt v\u00e1lt az","og_url":"https:\/\/dorogimedence.hu\/index.php\/2019\/04\/27\/pedagogus-konferenciat-rendeztek-esztergomban\/","og_site_name":"Dorogi-medence Region\u00e1lis H\u00edrport\u00e1l","article_publisher":"https:\/\/www.facebook.com\/dorogimedence\/","article_published_time":"2019-04-27T09:04:13+00:00","article_modified_time":"2019-04-27T10:02:10+00:00","og_image":[{"width":670,"height":365,"url":"https:\/\/i0.wp.com\/dorogimedence.hu\/wp-content\/uploads\/2019\/04\/pedagogus-konferencia-02.jpg?fit=670%2C365&ssl=1","type":"image\/jpeg"}],"author":"dorogimedence.hu","twitter_card":"summary_large_image","twitter_misc":{"Szerz\u0151:":"dorogimedence.hu","Becs\u00fclt olvas\u00e1si id\u0151":"1 perc"},"schema":{"@context":"https:\/\/schema.org","@graph":[{"@type":"Article","@id":"https:\/\/dorogimedence.hu\/index.php\/2019\/04\/27\/pedagogus-konferenciat-rendeztek-esztergomban\/#article","isPartOf":{"@id":"https:\/\/dorogimedence.hu\/index.php\/2019\/04\/27\/pedagogus-konferenciat-rendeztek-esztergomban\/"},"author":{"name":"dorogimedence.hu","@id":"https:\/\/dorogimedence.hu\/#\/schema\/person\/ce6091eeb7e95ecdc87890d6aa8e0fd4"},"headline":"Pedag\u00f3gus konferenci\u00e1t rendeztek Esztergomban","datePublished":"2019-04-27T09:04:13+00:00","dateModified":"2019-04-27T10:02:10+00:00","mainEntityOfPage":{"@id":"https:\/\/dorogimedence.hu\/index.php\/2019\/04\/27\/pedagogus-konferenciat-rendeztek-esztergomban\/"},"wordCount":228,"publisher":{"@id":"https:\/\/dorogimedence.hu\/#organization"},"image":{"@id":"https:\/\/dorogimedence.hu\/index.php\/2019\/04\/27\/pedagogus-konferenciat-rendeztek-esztergomban\/#primaryimage"},"thumbnailUrl":"https:\/\/dorogimedence.hu\/wp-content\/uploads\/2019\/04\/pedagogus-konferencia-02.jpg","keywords":["Dr. Erd\u0151 P\u00e9ter","esztergom","katolikus egyh\u00e1z","konferencia","pedag\u00f3gus konferencia","pedag\u00f3gus nap","Szent Adalbert K\u00f6zpont"],"articleSection":["Esztergom","H\u00edrek"],"inLanguage":"hu"},{"@type":"WebPage","@id":"https:\/\/dorogimedence.hu\/index.php\/2019\/04\/27\/pedagogus-konferenciat-rendeztek-esztergomban\/","url":"https:\/\/dorogimedence.hu\/index.php\/2019\/04\/27\/pedagogus-konferenciat-rendeztek-esztergomban\/","name":"Pedag\u00f3gus konferenci\u00e1t rendeztek Esztergomban","isPartOf":{"@id":"https:\/\/dorogimedence.hu\/#website"},"primaryImageOfPage":{"@id":"https:\/\/dorogimedence.hu\/index.php\/2019\/04\/27\/pedagogus-konferenciat-rendeztek-esztergomban\/#primaryimage"},"image":{"@id":"https:\/\/dorogimedence.hu\/index.php\/2019\/04\/27\/pedagogus-konferenciat-rendeztek-esztergomban\/#primaryimage"},"thumbnailUrl":"https:\/\/dorogimedence.hu\/wp-content\/uploads\/2019\/04\/pedagogus-konferencia-02.jpg","datePublished":"2019-04-27T09:04:13+00:00","dateModified":"2019-04-27T10:02:10+00:00","breadcrumb":{"@id":"https:\/\/dorogimedence.hu\/index.php\/2019\/04\/27\/pedagogus-konferenciat-rendeztek-esztergomban\/#breadcrumb"},"inLanguage":"hu","potentialAction":[{"@type":"ReadAction","target":["https:\/\/dorogimedence.hu\/index.php\/2019\/04\/27\/pedagogus-konferenciat-rendeztek-esztergomban\/"]}]},{"@type":"ImageObject","inLanguage":"hu","@id":"https:\/\/dorogimedence.hu\/index.php\/2019\/04\/27\/pedagogus-konferenciat-rendeztek-esztergomban\/#primaryimage","url":"https:\/\/dorogimedence.hu\/wp-content\/uploads\/2019\/04\/pedagogus-konferencia-02.jpg","contentUrl":"https:\/\/dorogimedence.hu\/wp-content\/uploads\/2019\/04\/pedagogus-konferencia-02.jpg","width":670,"height":365},{"@type":"BreadcrumbList","@id":"https:\/\/dorogimedence.hu\/index.php\/2019\/04\/27\/pedagogus-konferenciat-rendeztek-esztergomban\/#breadcrumb","itemListElement":[{"@type":"ListItem","position":1,"name":"Kezd\u0151lap","item":"https:\/\/dorogimedence.hu\/"},{"@type":"ListItem","position":2,"name":"Pedag\u00f3gus konferenci\u00e1t rendeztek Esztergomban"}]},{"@type":"WebSite","@id":"https:\/\/dorogimedence.hu\/#website","url":"https:\/\/dorogimedence.hu\/","name":"Dorogi-medence Region\u00e1lis H\u00edrport\u00e1l","description":"Dorog, Keszt\u00f6lc, Le\u00e1nyv\u00e1r, Piliscs\u00e9v, Tokod, Tokodalt\u00e1r\u00f3, Csolnok, Esztergom-kertv\u00e1ros: h\u00edrek, programok","publisher":{"@id":"https:\/\/dorogimedence.hu\/#organization"},"potentialAction":[{"@type":"SearchAction","target":{"@type":"EntryPoint","urlTemplate":"https:\/\/dorogimedence.hu\/?s={search_term_string}"},"query-input":{"@type":"PropertyValueSpecification","valueRequired":true,"valueName":"search_term_string"}}],"inLanguage":"hu"},{"@type":"Organization","@id":"https:\/\/dorogimedence.hu\/#organization","name":"Dorogi-medence Region\u00e1lis H\u00edrport\u00e1l","url":"https:\/\/dorogimedence.hu\/","logo":{"@type":"ImageObject","inLanguage":"hu","@id":"https:\/\/dorogimedence.hu\/#\/schema\/logo\/image\/","url":"https:\/\/dorogimedence.hu\/wp-content\/uploads\/2021\/04\/logo-feher-600.png","contentUrl":"https:\/\/dorogimedence.hu\/wp-content\/uploads\/2021\/04\/logo-feher-600.png","width":600,"height":100,"caption":"Dorogi-medence Region\u00e1lis H\u00edrport\u00e1l"},"image":{"@id":"https:\/\/dorogimedence.hu\/#\/schema\/logo\/image\/"},"sameAs":["https:\/\/www.facebook.com\/dorogimedence\/"]},{"@type":"Person","@id":"https:\/\/dorogimedence.hu\/#\/schema\/person\/ce6091eeb7e95ecdc87890d6aa8e0fd4","name":"dorogimedence.hu","image":{"@type":"ImageObject","inLanguage":"hu","@id":"\/\/www.gravatar.com\/avatar\/d8d45f8901aadff40a4af72c0b826f1d?s=96&#038;r=g&#038;d=mm","url":"\/\/www.gravatar.com\/avatar\/d8d45f8901aadff40a4af72c0b826f1d?s=96&#038;r=g&#038;d=mm","contentUrl":"\/\/www.gravatar.com\/avatar\/d8d45f8901aadff40a4af72c0b826f1d?s=96&#038;r=g&#038;d=mm","caption":"dorogimedence.hu"}}]}},"_links":{"self":[{"href":"https:\/\/dorogimedence.hu\/index.php\/wp-json\/wp\/v2\/posts\/16259","targetHints":{"allow":["GET"]}}],"collection":[{"href":"https:\/\/dorogimedence.hu\/index.php\/wp-json\/wp\/v2\/posts"}],"about":[{"href":"https:\/\/dorogimedence.hu\/index.php\/wp-json\/wp\/v2\/types\/post"}],"author":[{"embeddable":true,"href":"https:\/\/dorogimedence.hu\/index.php\/wp-json\/wp\/v2\/users\/1"}],"replies":[{"embeddable":true,"href":"https:\/\/dorogimedence.hu\/index.php\/wp-json\/wp\/v2\/comments?post=16259"}],"version-history":[{"count":0,"href":"https:\/\/dorogimedence.hu\/index.php\/wp-json\/wp\/v2\/posts\/16259\/revisions"}],"wp:featuredmedia":[{"embeddable":true,"href":"https:\/\/dorogimedence.hu\/index.php\/wp-json\/wp\/v2\/media\/16260"}],"wp:attachment":[{"href":"https:\/\/dorogimedence.hu\/index.php\/wp-json\/wp\/v2\/media?parent=16259"}],"wp:term":[{"taxonomy":"category","embeddable":true,"href":"https:\/\/dorogimedence.hu\/index.php\/wp-json\/wp\/v2\/categories?post=16259"},{"taxonomy":"post_tag","embeddable":true,"href":"https:\/\/dorogimedence.hu\/index.php\/wp-json\/wp\/v2\/tags?post=16259"}],"curies":[{"name":"wp","href":"https:\/\/api.w.org\/{rel}","templated":true}]}}