{"id":16218,"date":"2019-04-25T06:21:57","date_gmt":"2019-04-25T04:21:57","guid":{"rendered":"http:\/\/dorogimedence.hu\/?p=16218"},"modified":"2019-04-25T06:21:57","modified_gmt":"2019-04-25T04:21:57","slug":"felhivas-foldterulet-rendezesre","status":"publish","type":"post","link":"https:\/\/dorogimedence.hu\/index.php\/2019\/04\/25\/felhivas-foldterulet-rendezesre\/","title":{"rendered":"Felh\u00edv\u00e1s f\u00f6ldter\u00fclet rendez\u00e9sre"},"content":{"rendered":"<p><strong>T\u00e9rs\u00e9g\u00fcnkben t\u00f6bb ingatlantulajdonos kapott felh\u00edv\u00e1st a katasztr\u00f3fav\u00e9delemt\u0151l, hogy tegy\u00e9k rendbe a f\u00f6ldter\u00fclet\u00fcket.<\/strong><\/p>\n<p>A felh\u00edv\u00e1s ok\u00e1r\u00f3l Siska G\u00e1bort, illetve a katasztr\u00f3fav\u00e9delmi igazgat\u00f3s\u00e1got k\u00e9rdezte a <a href=\"https:\/\/kesztolc.hu\/kesztolci-hirek\/v\/felhivas-foldterulet-rendezesre\/\" target=\"_blank\" rel=\"noopener noreferrer\"><span style=\"text-decoration: underline; color: #0000ff;\">kesztolc.hu<\/span><\/a>.<\/p>\n<p>Az ut\u00f3bbi id\u0151ben elszaporodtak az avart\u00fczek, melyek hatalmas k\u00e1rokat okoztak t\u00e9rs\u00e9g\u00fcnkben, ez\u00e1ltal t\u00f6bb ingatlan is leg\u00e9gett. A szabadt\u00e9ri t\u00fczek megakad\u00e1lyoz\u00e1sa \u00e9rdek\u00e9ben m\u00e1r kor\u00e1bban hoztak egy jogszab\u00e1lyt, mely szerint a f\u00f6ldtulajdonos k\u00f6teles kezelni a ter\u00fclet\u00e9t, hiszen amennyiben \u201eelgazosodik\u201d felgyullad\u00e1svesz\u00e9lyess\u00e9 v\u00e1lhat. A keletkezett t\u0171z\u00e9rt pedig a tulajdonos a felel\u0151s, f\u00fcggetlen\u00fcl a gy\u00fajtogat\u00f3 szem\u00e9lyt\u0151l <em>\u2013 nyilatkozta a <a href=\"https:\/\/kesztolc.hu\/kesztolci-hirek\/v\/felhivas-foldterulet-rendezesre\/\" target=\"_blank\" rel=\"noopener noreferrer\"><span style=\"text-decoration: underline; color: #0000ff;\">kesztolc.hu<\/span><\/a>-nak Siska G\u00e1bor falugondnok.<\/em><\/p>\n<p><em>A Kom\u00e1rom-Esztergom Megyei Katasztr\u00f3fav\u00e9delmi Igazgat\u00f3s\u00e1g jogtan\u00e1csos\u00e1t, dr. Tak\u00e1cs Piroska Julianna t\u0171zolt\u00f3 sz\u00e1zadost is megk\u00e9rdezt\u00e9k, aki a k\u00f6vetkez\u0151 t\u00e1j\u00e9koztat\u00e1st adta:<\/em><\/p>\n<p>\u201eA Kom\u00e1rom-Esztergom Megyei Katasztr\u00f3fav\u00e9delmi Igazgat\u00f3s\u00e1g a megye t\u00f6bb ter\u00fclet\u00e9n t\u0171zv\u00e9delmi hat\u00f3s\u00e1gi ellen\u0151rz\u00e9st hajtott v\u00e9gre. A t\u0171zv\u00e9delmi hat\u00f3s\u00e1gi ellen\u0151rz\u00e9sek eredm\u00e9nyek\u00e9nt a hat\u00f3s\u00e1g t\u00f6bb esetben t\u0171zv\u00e9delmi jogszab\u00e1lys\u00e9rt\u00e9st \u00e1llap\u00edtott meg \u00e9s hat\u00e1rozatban k\u00f6telezte az ingatlan tulajdonosokat arra, hogy a f\u00f6ldter\u00fclet\u00fck\u00f6n az elsz\u00e1radt n\u00f6v\u00e9nyi maradv\u00e1nyok mennyis\u00e9g\u00e9t cs\u00f6kkents\u00e9k olyan m\u00e9rt\u00e9kre, hogy ott t\u0171zolt\u00f3i beavatkoz\u00e1st ig\u00e9nyl\u0151 t\u0171zeset ne keletkezhessen.\u201d<\/p>\n","protected":false},"excerpt":{"rendered":"<p>T\u00e9rs\u00e9g\u00fcnkben t\u00f6bb ingatlantulajdonos kapott felh\u00edv\u00e1st a katasztr\u00f3fav\u00e9delemt\u0151l, hogy tegy\u00e9k rendbe a f\u00f6ldter\u00fclet\u00fcket. A felh\u00edv\u00e1s ok\u00e1r\u00f3l Siska G\u00e1bort, illetve a katasztr\u00f3fav\u00e9delmi igazgat\u00f3s\u00e1got k\u00e9rdezte a kesztolc.hu. Az ut\u00f3bbi id\u0151ben elszaporodtak az avart\u00fczek, melyek hatalmas k\u00e1rokat okoztak t\u00e9rs\u00e9g\u00fcnkben, ez\u00e1ltal t\u00f6bb ingatlan is leg\u00e9gett. A szabadt\u00e9ri t\u00fczek megakad\u00e1lyoz\u00e1sa \u00e9rdek\u00e9ben m\u00e1r kor\u00e1bban hoztak egy jogszab\u00e1lyt, mely szerint a f\u00f6ldtulajdonos k\u00f6teles<\/p>\n","protected":false},"author":1,"featured_media":16219,"comment_status":"closed","ping_status":"closed","sticky":false,"template":"","format":"standard","meta":{"ngg_post_thumbnail":0,"footnotes":""},"categories":[3,56],"tags":[77,3752,175,2736,365,65],"class_list":{"0":"post-16218","1":"post","2":"type-post","3":"status-publish","4":"format-standard","5":"has-post-thumbnail","7":"category-hirek","8":"category-komarom-esztergom","9":"tag-felhivas","10":"tag-foldterulet","11":"tag-katasztrofavedelem","12":"tag-megelozes","13":"tag-tuzeset","14":"tag-tuzoltosag"},"yoast_head":"<!-- This site is optimized with the Yoast SEO plugin v27.4 - https:\/\/yoast.com\/product\/yoast-seo-wordpress\/ -->\n<title>Felh\u00edv\u00e1s f\u00f6ldter\u00fclet rendez\u00e9sre<\/title>\n<meta name=\"robots\" content=\"index, follow, max-snippet:-1, max-image-preview:large, max-video-preview:-1\" \/>\n<link rel=\"canonical\" href=\"https:\/\/dorogimedence.hu\/index.php\/2019\/04\/25\/felhivas-foldterulet-rendezesre\/\" class=\"yoast-seo-meta-tag\" \/>\n<meta property=\"og:locale\" content=\"hu_HU\" class=\"yoast-seo-meta-tag\" \/>\n<meta property=\"og:type\" content=\"article\" class=\"yoast-seo-meta-tag\" \/>\n<meta property=\"og:title\" content=\"Felh\u00edv\u00e1s f\u00f6ldter\u00fclet rendez\u00e9sre\" class=\"yoast-seo-meta-tag\" \/>\n<meta property=\"og:description\" content=\"T\u00e9rs\u00e9g\u00fcnkben t\u00f6bb ingatlantulajdonos kapott felh\u00edv\u00e1st a katasztr\u00f3fav\u00e9delemt\u0151l, hogy tegy\u00e9k rendbe a f\u00f6ldter\u00fclet\u00fcket. A felh\u00edv\u00e1s ok\u00e1r\u00f3l Siska G\u00e1bort, illetve a katasztr\u00f3fav\u00e9delmi igazgat\u00f3s\u00e1got k\u00e9rdezte a kesztolc.hu. Az ut\u00f3bbi id\u0151ben elszaporodtak az avart\u00fczek, melyek hatalmas k\u00e1rokat okoztak t\u00e9rs\u00e9g\u00fcnkben, ez\u00e1ltal t\u00f6bb ingatlan is leg\u00e9gett. A szabadt\u00e9ri t\u00fczek megakad\u00e1lyoz\u00e1sa \u00e9rdek\u00e9ben m\u00e1r kor\u00e1bban hoztak egy jogszab\u00e1lyt, mely szerint a f\u00f6ldtulajdonos k\u00f6teles\" class=\"yoast-seo-meta-tag\" \/>\n<meta property=\"og:url\" content=\"https:\/\/dorogimedence.hu\/index.php\/2019\/04\/25\/felhivas-foldterulet-rendezesre\/\" class=\"yoast-seo-meta-tag\" \/>\n<meta property=\"og:site_name\" content=\"Dorogi-medence Region\u00e1lis H\u00edrport\u00e1l\" class=\"yoast-seo-meta-tag\" \/>\n<meta property=\"article:publisher\" content=\"https:\/\/www.facebook.com\/dorogimedence\/\" class=\"yoast-seo-meta-tag\" \/>\n<meta property=\"article:published_time\" content=\"2019-04-25T04:21:57+00:00\" class=\"yoast-seo-meta-tag\" \/>\n<meta property=\"og:image\" content=\"https:\/\/i0.wp.com\/dorogimedence.hu\/wp-content\/uploads\/2019\/04\/kesztolc-tuz-03.jpg?fit=670%2C365&ssl=1\" class=\"yoast-seo-meta-tag\" \/>\n\t<meta property=\"og:image:width\" content=\"670\" class=\"yoast-seo-meta-tag\" \/>\n\t<meta property=\"og:image:height\" content=\"365\" class=\"yoast-seo-meta-tag\" \/>\n\t<meta property=\"og:image:type\" content=\"image\/jpeg\" class=\"yoast-seo-meta-tag\" \/>\n<meta name=\"author\" content=\"dorogimedence.hu\" class=\"yoast-seo-meta-tag\" \/>\n<meta name=\"twitter:card\" content=\"summary_large_image\" class=\"yoast-seo-meta-tag\" \/>\n<meta name=\"twitter:label1\" content=\"Szerz\u0151:\" class=\"yoast-seo-meta-tag\" \/>\n\t<meta name=\"twitter:data1\" content=\"dorogimedence.hu\" class=\"yoast-seo-meta-tag\" \/>\n\t<meta name=\"twitter:label2\" content=\"Becs\u00fclt olvas\u00e1si id\u0151\" class=\"yoast-seo-meta-tag\" \/>\n\t<meta name=\"twitter:data2\" content=\"1 perc\" class=\"yoast-seo-meta-tag\" \/>\n<script type=\"application\/ld+json\" class=\"yoast-schema-graph\">{\"@context\":\"https:\\\/\\\/schema.org\",\"@graph\":[{\"@type\":\"Article\",\"@id\":\"https:\\\/\\\/dorogimedence.hu\\\/index.php\\\/2019\\\/04\\\/25\\\/felhivas-foldterulet-rendezesre\\\/#article\",\"isPartOf\":{\"@id\":\"https:\\\/\\\/dorogimedence.hu\\\/index.php\\\/2019\\\/04\\\/25\\\/felhivas-foldterulet-rendezesre\\\/\"},\"author\":{\"name\":\"dorogimedence.hu\",\"@id\":\"https:\\\/\\\/dorogimedence.hu\\\/#\\\/schema\\\/person\\\/ce6091eeb7e95ecdc87890d6aa8e0fd4\"},\"headline\":\"Felh\u00edv\u00e1s f\u00f6ldter\u00fclet rendez\u00e9sre\",\"datePublished\":\"2019-04-25T04:21:57+00:00\",\"mainEntityOfPage\":{\"@id\":\"https:\\\/\\\/dorogimedence.hu\\\/index.php\\\/2019\\\/04\\\/25\\\/felhivas-foldterulet-rendezesre\\\/\"},\"wordCount\":290,\"publisher\":{\"@id\":\"https:\\\/\\\/dorogimedence.hu\\\/#organization\"},\"image\":{\"@id\":\"https:\\\/\\\/dorogimedence.hu\\\/index.php\\\/2019\\\/04\\\/25\\\/felhivas-foldterulet-rendezesre\\\/#primaryimage\"},\"thumbnailUrl\":\"https:\\\/\\\/dorogimedence.hu\\\/wp-content\\\/uploads\\\/2019\\\/04\\\/kesztolc-tuz-03.jpg\",\"keywords\":[\"felh\u00edv\u00e1s\",\"f\u00f6ldter\u00fclet\",\"katasztr\u00f3fav\u00e9delem\",\"megel\u0151z\u00e9s\",\"t\u0171zeset\",\"t\u0171zolt\u00f3s\u00e1g\"],\"articleSection\":[\"H\u00edrek\",\"Kom\u00e1rom-Esztergom\"],\"inLanguage\":\"hu\"},{\"@type\":\"WebPage\",\"@id\":\"https:\\\/\\\/dorogimedence.hu\\\/index.php\\\/2019\\\/04\\\/25\\\/felhivas-foldterulet-rendezesre\\\/\",\"url\":\"https:\\\/\\\/dorogimedence.hu\\\/index.php\\\/2019\\\/04\\\/25\\\/felhivas-foldterulet-rendezesre\\\/\",\"name\":\"Felh\u00edv\u00e1s f\u00f6ldter\u00fclet rendez\u00e9sre\",\"isPartOf\":{\"@id\":\"https:\\\/\\\/dorogimedence.hu\\\/#website\"},\"primaryImageOfPage\":{\"@id\":\"https:\\\/\\\/dorogimedence.hu\\\/index.php\\\/2019\\\/04\\\/25\\\/felhivas-foldterulet-rendezesre\\\/#primaryimage\"},\"image\":{\"@id\":\"https:\\\/\\\/dorogimedence.hu\\\/index.php\\\/2019\\\/04\\\/25\\\/felhivas-foldterulet-rendezesre\\\/#primaryimage\"},\"thumbnailUrl\":\"https:\\\/\\\/dorogimedence.hu\\\/wp-content\\\/uploads\\\/2019\\\/04\\\/kesztolc-tuz-03.jpg\",\"datePublished\":\"2019-04-25T04:21:57+00:00\",\"breadcrumb\":{\"@id\":\"https:\\\/\\\/dorogimedence.hu\\\/index.php\\\/2019\\\/04\\\/25\\\/felhivas-foldterulet-rendezesre\\\/#breadcrumb\"},\"inLanguage\":\"hu\",\"potentialAction\":[{\"@type\":\"ReadAction\",\"target\":[\"https:\\\/\\\/dorogimedence.hu\\\/index.php\\\/2019\\\/04\\\/25\\\/felhivas-foldterulet-rendezesre\\\/\"]}]},{\"@type\":\"ImageObject\",\"inLanguage\":\"hu\",\"@id\":\"https:\\\/\\\/dorogimedence.hu\\\/index.php\\\/2019\\\/04\\\/25\\\/felhivas-foldterulet-rendezesre\\\/#primaryimage\",\"url\":\"https:\\\/\\\/dorogimedence.hu\\\/wp-content\\\/uploads\\\/2019\\\/04\\\/kesztolc-tuz-03.jpg\",\"contentUrl\":\"https:\\\/\\\/dorogimedence.hu\\\/wp-content\\\/uploads\\\/2019\\\/04\\\/kesztolc-tuz-03.jpg\",\"width\":670,\"height\":365},{\"@type\":\"BreadcrumbList\",\"@id\":\"https:\\\/\\\/dorogimedence.hu\\\/index.php\\\/2019\\\/04\\\/25\\\/felhivas-foldterulet-rendezesre\\\/#breadcrumb\",\"itemListElement\":[{\"@type\":\"ListItem\",\"position\":1,\"name\":\"Kezd\u0151lap\",\"item\":\"https:\\\/\\\/dorogimedence.hu\\\/\"},{\"@type\":\"ListItem\",\"position\":2,\"name\":\"Felh\u00edv\u00e1s f\u00f6ldter\u00fclet rendez\u00e9sre\"}]},{\"@type\":\"WebSite\",\"@id\":\"https:\\\/\\\/dorogimedence.hu\\\/#website\",\"url\":\"https:\\\/\\\/dorogimedence.hu\\\/\",\"name\":\"Dorogi-medence Region\u00e1lis H\u00edrport\u00e1l\",\"description\":\"Dorog, Keszt\u00f6lc, Le\u00e1nyv\u00e1r, Piliscs\u00e9v, Tokod, Tokodalt\u00e1r\u00f3, Csolnok, Esztergom-kertv\u00e1ros: h\u00edrek, programok\",\"publisher\":{\"@id\":\"https:\\\/\\\/dorogimedence.hu\\\/#organization\"},\"potentialAction\":[{\"@type\":\"SearchAction\",\"target\":{\"@type\":\"EntryPoint\",\"urlTemplate\":\"https:\\\/\\\/dorogimedence.hu\\\/?s={search_term_string}\"},\"query-input\":{\"@type\":\"PropertyValueSpecification\",\"valueRequired\":true,\"valueName\":\"search_term_string\"}}],\"inLanguage\":\"hu\"},{\"@type\":\"Organization\",\"@id\":\"https:\\\/\\\/dorogimedence.hu\\\/#organization\",\"name\":\"Dorogi-medence Region\u00e1lis H\u00edrport\u00e1l\",\"url\":\"https:\\\/\\\/dorogimedence.hu\\\/\",\"logo\":{\"@type\":\"ImageObject\",\"inLanguage\":\"hu\",\"@id\":\"https:\\\/\\\/dorogimedence.hu\\\/#\\\/schema\\\/logo\\\/image\\\/\",\"url\":\"https:\\\/\\\/dorogimedence.hu\\\/wp-content\\\/uploads\\\/2021\\\/04\\\/logo-feher-600.png\",\"contentUrl\":\"https:\\\/\\\/dorogimedence.hu\\\/wp-content\\\/uploads\\\/2021\\\/04\\\/logo-feher-600.png\",\"width\":600,\"height\":100,\"caption\":\"Dorogi-medence Region\u00e1lis H\u00edrport\u00e1l\"},\"image\":{\"@id\":\"https:\\\/\\\/dorogimedence.hu\\\/#\\\/schema\\\/logo\\\/image\\\/\"},\"sameAs\":[\"https:\\\/\\\/www.facebook.com\\\/dorogimedence\\\/\"]},{\"@type\":\"Person\",\"@id\":\"https:\\\/\\\/dorogimedence.hu\\\/#\\\/schema\\\/person\\\/ce6091eeb7e95ecdc87890d6aa8e0fd4\",\"name\":\"dorogimedence.hu\",\"image\":{\"@type\":\"ImageObject\",\"inLanguage\":\"hu\",\"@id\":\"\\\/\\\/www.gravatar.com\\\/avatar\\\/d8d45f8901aadff40a4af72c0b826f1d?s=96&#038;r=g&#038;d=mm\",\"url\":\"\\\/\\\/www.gravatar.com\\\/avatar\\\/d8d45f8901aadff40a4af72c0b826f1d?s=96&#038;r=g&#038;d=mm\",\"contentUrl\":\"\\\/\\\/www.gravatar.com\\\/avatar\\\/d8d45f8901aadff40a4af72c0b826f1d?s=96&#038;r=g&#038;d=mm\",\"caption\":\"dorogimedence.hu\"}}]}<\/script>\n<!-- \/ Yoast SEO plugin. -->","yoast_head_json":{"title":"Felh\u00edv\u00e1s f\u00f6ldter\u00fclet rendez\u00e9sre","robots":{"index":"index","follow":"follow","max-snippet":"max-snippet:-1","max-image-preview":"max-image-preview:large","max-video-preview":"max-video-preview:-1"},"canonical":"https:\/\/dorogimedence.hu\/index.php\/2019\/04\/25\/felhivas-foldterulet-rendezesre\/","og_locale":"hu_HU","og_type":"article","og_title":"Felh\u00edv\u00e1s f\u00f6ldter\u00fclet rendez\u00e9sre","og_description":"T\u00e9rs\u00e9g\u00fcnkben t\u00f6bb ingatlantulajdonos kapott felh\u00edv\u00e1st a katasztr\u00f3fav\u00e9delemt\u0151l, hogy tegy\u00e9k rendbe a f\u00f6ldter\u00fclet\u00fcket. A felh\u00edv\u00e1s ok\u00e1r\u00f3l Siska G\u00e1bort, illetve a katasztr\u00f3fav\u00e9delmi igazgat\u00f3s\u00e1got k\u00e9rdezte a kesztolc.hu. Az ut\u00f3bbi id\u0151ben elszaporodtak az avart\u00fczek, melyek hatalmas k\u00e1rokat okoztak t\u00e9rs\u00e9g\u00fcnkben, ez\u00e1ltal t\u00f6bb ingatlan is leg\u00e9gett. A szabadt\u00e9ri t\u00fczek megakad\u00e1lyoz\u00e1sa \u00e9rdek\u00e9ben m\u00e1r kor\u00e1bban hoztak egy jogszab\u00e1lyt, mely szerint a f\u00f6ldtulajdonos k\u00f6teles","og_url":"https:\/\/dorogimedence.hu\/index.php\/2019\/04\/25\/felhivas-foldterulet-rendezesre\/","og_site_name":"Dorogi-medence Region\u00e1lis H\u00edrport\u00e1l","article_publisher":"https:\/\/www.facebook.com\/dorogimedence\/","article_published_time":"2019-04-25T04:21:57+00:00","og_image":[{"width":670,"height":365,"url":"https:\/\/i0.wp.com\/dorogimedence.hu\/wp-content\/uploads\/2019\/04\/kesztolc-tuz-03.jpg?fit=670%2C365&ssl=1","type":"image\/jpeg"}],"author":"dorogimedence.hu","twitter_card":"summary_large_image","twitter_misc":{"Szerz\u0151:":"dorogimedence.hu","Becs\u00fclt olvas\u00e1si id\u0151":"1 perc"},"schema":{"@context":"https:\/\/schema.org","@graph":[{"@type":"Article","@id":"https:\/\/dorogimedence.hu\/index.php\/2019\/04\/25\/felhivas-foldterulet-rendezesre\/#article","isPartOf":{"@id":"https:\/\/dorogimedence.hu\/index.php\/2019\/04\/25\/felhivas-foldterulet-rendezesre\/"},"author":{"name":"dorogimedence.hu","@id":"https:\/\/dorogimedence.hu\/#\/schema\/person\/ce6091eeb7e95ecdc87890d6aa8e0fd4"},"headline":"Felh\u00edv\u00e1s f\u00f6ldter\u00fclet rendez\u00e9sre","datePublished":"2019-04-25T04:21:57+00:00","mainEntityOfPage":{"@id":"https:\/\/dorogimedence.hu\/index.php\/2019\/04\/25\/felhivas-foldterulet-rendezesre\/"},"wordCount":290,"publisher":{"@id":"https:\/\/dorogimedence.hu\/#organization"},"image":{"@id":"https:\/\/dorogimedence.hu\/index.php\/2019\/04\/25\/felhivas-foldterulet-rendezesre\/#primaryimage"},"thumbnailUrl":"https:\/\/dorogimedence.hu\/wp-content\/uploads\/2019\/04\/kesztolc-tuz-03.jpg","keywords":["felh\u00edv\u00e1s","f\u00f6ldter\u00fclet","katasztr\u00f3fav\u00e9delem","megel\u0151z\u00e9s","t\u0171zeset","t\u0171zolt\u00f3s\u00e1g"],"articleSection":["H\u00edrek","Kom\u00e1rom-Esztergom"],"inLanguage":"hu"},{"@type":"WebPage","@id":"https:\/\/dorogimedence.hu\/index.php\/2019\/04\/25\/felhivas-foldterulet-rendezesre\/","url":"https:\/\/dorogimedence.hu\/index.php\/2019\/04\/25\/felhivas-foldterulet-rendezesre\/","name":"Felh\u00edv\u00e1s f\u00f6ldter\u00fclet rendez\u00e9sre","isPartOf":{"@id":"https:\/\/dorogimedence.hu\/#website"},"primaryImageOfPage":{"@id":"https:\/\/dorogimedence.hu\/index.php\/2019\/04\/25\/felhivas-foldterulet-rendezesre\/#primaryimage"},"image":{"@id":"https:\/\/dorogimedence.hu\/index.php\/2019\/04\/25\/felhivas-foldterulet-rendezesre\/#primaryimage"},"thumbnailUrl":"https:\/\/dorogimedence.hu\/wp-content\/uploads\/2019\/04\/kesztolc-tuz-03.jpg","datePublished":"2019-04-25T04:21:57+00:00","breadcrumb":{"@id":"https:\/\/dorogimedence.hu\/index.php\/2019\/04\/25\/felhivas-foldterulet-rendezesre\/#breadcrumb"},"inLanguage":"hu","potentialAction":[{"@type":"ReadAction","target":["https:\/\/dorogimedence.hu\/index.php\/2019\/04\/25\/felhivas-foldterulet-rendezesre\/"]}]},{"@type":"ImageObject","inLanguage":"hu","@id":"https:\/\/dorogimedence.hu\/index.php\/2019\/04\/25\/felhivas-foldterulet-rendezesre\/#primaryimage","url":"https:\/\/dorogimedence.hu\/wp-content\/uploads\/2019\/04\/kesztolc-tuz-03.jpg","contentUrl":"https:\/\/dorogimedence.hu\/wp-content\/uploads\/2019\/04\/kesztolc-tuz-03.jpg","width":670,"height":365},{"@type":"BreadcrumbList","@id":"https:\/\/dorogimedence.hu\/index.php\/2019\/04\/25\/felhivas-foldterulet-rendezesre\/#breadcrumb","itemListElement":[{"@type":"ListItem","position":1,"name":"Kezd\u0151lap","item":"https:\/\/dorogimedence.hu\/"},{"@type":"ListItem","position":2,"name":"Felh\u00edv\u00e1s f\u00f6ldter\u00fclet rendez\u00e9sre"}]},{"@type":"WebSite","@id":"https:\/\/dorogimedence.hu\/#website","url":"https:\/\/dorogimedence.hu\/","name":"Dorogi-medence Region\u00e1lis H\u00edrport\u00e1l","description":"Dorog, Keszt\u00f6lc, Le\u00e1nyv\u00e1r, Piliscs\u00e9v, Tokod, Tokodalt\u00e1r\u00f3, Csolnok, Esztergom-kertv\u00e1ros: h\u00edrek, programok","publisher":{"@id":"https:\/\/dorogimedence.hu\/#organization"},"potentialAction":[{"@type":"SearchAction","target":{"@type":"EntryPoint","urlTemplate":"https:\/\/dorogimedence.hu\/?s={search_term_string}"},"query-input":{"@type":"PropertyValueSpecification","valueRequired":true,"valueName":"search_term_string"}}],"inLanguage":"hu"},{"@type":"Organization","@id":"https:\/\/dorogimedence.hu\/#organization","name":"Dorogi-medence Region\u00e1lis H\u00edrport\u00e1l","url":"https:\/\/dorogimedence.hu\/","logo":{"@type":"ImageObject","inLanguage":"hu","@id":"https:\/\/dorogimedence.hu\/#\/schema\/logo\/image\/","url":"https:\/\/dorogimedence.hu\/wp-content\/uploads\/2021\/04\/logo-feher-600.png","contentUrl":"https:\/\/dorogimedence.hu\/wp-content\/uploads\/2021\/04\/logo-feher-600.png","width":600,"height":100,"caption":"Dorogi-medence Region\u00e1lis H\u00edrport\u00e1l"},"image":{"@id":"https:\/\/dorogimedence.hu\/#\/schema\/logo\/image\/"},"sameAs":["https:\/\/www.facebook.com\/dorogimedence\/"]},{"@type":"Person","@id":"https:\/\/dorogimedence.hu\/#\/schema\/person\/ce6091eeb7e95ecdc87890d6aa8e0fd4","name":"dorogimedence.hu","image":{"@type":"ImageObject","inLanguage":"hu","@id":"\/\/www.gravatar.com\/avatar\/d8d45f8901aadff40a4af72c0b826f1d?s=96&#038;r=g&#038;d=mm","url":"\/\/www.gravatar.com\/avatar\/d8d45f8901aadff40a4af72c0b826f1d?s=96&#038;r=g&#038;d=mm","contentUrl":"\/\/www.gravatar.com\/avatar\/d8d45f8901aadff40a4af72c0b826f1d?s=96&#038;r=g&#038;d=mm","caption":"dorogimedence.hu"}}]}},"_links":{"self":[{"href":"https:\/\/dorogimedence.hu\/index.php\/wp-json\/wp\/v2\/posts\/16218","targetHints":{"allow":["GET"]}}],"collection":[{"href":"https:\/\/dorogimedence.hu\/index.php\/wp-json\/wp\/v2\/posts"}],"about":[{"href":"https:\/\/dorogimedence.hu\/index.php\/wp-json\/wp\/v2\/types\/post"}],"author":[{"embeddable":true,"href":"https:\/\/dorogimedence.hu\/index.php\/wp-json\/wp\/v2\/users\/1"}],"replies":[{"embeddable":true,"href":"https:\/\/dorogimedence.hu\/index.php\/wp-json\/wp\/v2\/comments?post=16218"}],"version-history":[{"count":0,"href":"https:\/\/dorogimedence.hu\/index.php\/wp-json\/wp\/v2\/posts\/16218\/revisions"}],"wp:featuredmedia":[{"embeddable":true,"href":"https:\/\/dorogimedence.hu\/index.php\/wp-json\/wp\/v2\/media\/16219"}],"wp:attachment":[{"href":"https:\/\/dorogimedence.hu\/index.php\/wp-json\/wp\/v2\/media?parent=16218"}],"wp:term":[{"taxonomy":"category","embeddable":true,"href":"https:\/\/dorogimedence.hu\/index.php\/wp-json\/wp\/v2\/categories?post=16218"},{"taxonomy":"post_tag","embeddable":true,"href":"https:\/\/dorogimedence.hu\/index.php\/wp-json\/wp\/v2\/tags?post=16218"}],"curies":[{"name":"wp","href":"https:\/\/api.w.org\/{rel}","templated":true}]}}