{"id":16025,"date":"2019-04-15T17:01:51","date_gmt":"2019-04-15T15:01:51","guid":{"rendered":"http:\/\/dorogimedence.hu\/?p=16025"},"modified":"2019-04-15T17:01:51","modified_gmt":"2019-04-15T15:01:51","slug":"az-iden-is-hetszazmillio-forint-jut-az-onkentesek-tamogatasara","status":"publish","type":"post","link":"https:\/\/dorogimedence.hu\/index.php\/2019\/04\/15\/az-iden-is-hetszazmillio-forint-jut-az-onkentesek-tamogatasara\/","title":{"rendered":"Az id\u00e9n is h\u00e9tsz\u00e1zmilli\u00f3 forint jut az \u00f6nk\u00e9ntesek t\u00e1mogat\u00e1s\u00e1ra"},"content":{"rendered":"<p><b>A k\u00f6zponti k\u00f6lts\u00e9gvet\u00e9sben a tavalyi \u00e9vhez hasonl\u00f3an \u00f6sszesen h\u00e9tsz\u00e1zmilli\u00f3 forint \u00e1ll rendelkez\u00e9sre az \u00f6nk\u00e9ntes t\u0171zolt\u00f3 egyes\u00fcletek \u00e9s az \u00f6nk\u00e9ntes ment\u0151szervezetek t\u00e1mogat\u00e1s\u00e1ra. Ebb\u0151l az \u00f6sszegb\u0151l hatsz\u00e1zmilli\u00f3 forintra az \u00f6nk\u00e9ntes t\u0171zolt\u00f3 egyes\u00fcletek, sz\u00e1zmilli\u00f3 forintra pedig a ment\u0151szervezetek p\u00e1ly\u00e1zhatnak.<\/b><\/p>\n<p>A p\u00e1ly\u00e1zati forr\u00e1s \u00e9vr\u0151l \u00e9vre biztos\u00edtja az egyes\u00fcletek \u00e9s ment\u0151szervezetek kisz\u00e1m\u00edthat\u00f3 fejl\u0151d\u00e9s\u00e9t, jelent\u0151s szerepet j\u00e1tszik abban, hogy folyamatosan er\u0151s\u00f6dni tud az egy\u00fcttm\u0171k\u00f6d\u00e9s a hivat\u00e1sos \u00e9s az \u00f6nk\u00e9ntes szervezetek k\u00f6z\u00f6tt.<\/p>\n<p>Az \u00f6nk\u00e9ntes t\u0171zolt\u00f3 egyes\u00fcletek t\u00e1mogat\u00e1s\u00e1ra ki\u00edrt p\u00e1ly\u00e1zaton hagyom\u00e1nyosan t\u0171zolt\u00e1si, m\u0171szaki ment\u00e9si, ifj\u00fas\u00e1gnevel\u00e9si \u00e9s hagyom\u00e1ny\u0151rz\u00e9si tev\u00e9kenys\u00e9ghez kapcsol\u00f3d\u00f3 m\u0171k\u00f6d\u00e9si \u00e9s felhalmoz\u00e1si k\u00f6lts\u00e9gek finansz\u00edroz\u00e1s\u00e1ra, m\u0171szaki, technikai \u00e9s informatikai fejleszt\u00e9sre, valamint az \u00f6nk\u00e9ntesek k\u00e9pz\u00e9s\u00e9nek t\u00e1mogat\u00e1s\u00e1ra lehet p\u00e1ly\u00e1zni. Egy egyes\u00fclet egy p\u00e1ly\u00e1zatot ny\u00fajthat be, az elnyerhet\u0151 \u00f6sszeg kateg\u00f3ri\u00e1nk\u00e9nt elt\u00e9r\u0151, a legt\u00f6bb p\u00e9nzt a legmagasabb kateg\u00f3ri\u00e1ba tartoz\u00f3 egyes\u00fcletek kaphatj\u00e1k.<\/p>\n<p>T\u00e1mogat\u00e1s nyerhet\u0151 a t\u00f6bbi k\u00f6z\u00f6tt alkalmass\u00e1gi vizsg\u00e1latok k\u00f6lts\u00e9geire, szert\u00e1r\u00e9p\u00edt\u00e9sre \u00e9s -fel\u00faj\u00edt\u00e1sra, EDR-r\u00e1di\u00f3kra, v\u00e9d\u0151- \u00e9s technikai eszk\u00f6z\u00f6kre \u00e9pp\u00fagy, mint t\u0171zolt\u00f3technika-kezel\u0151i vizsg\u00e1ra, vagy ifj\u00fas\u00e1gnevel\u00e9shez kapcsol\u00f3d\u00f3 kiad\u00e1sokra. Az idei p\u00e1ly\u00e1zaton is k\u00e9rhet\u0151 t\u00e1mogat\u00e1s olyan rendszeres\u00edtett sz\u00edv\u00f3- \u00e9s nyom\u00f3oldali szakfelszerel\u00e9sekre, k\u00e9ziszersz\u00e1mokra, amelyek egy\u00e9bk\u00e9nt nem szerepelnek a ki\u00edr\u00e1s mell\u00e9klet\u00e9ben, emellett tov\u00e1bbra is p\u00e1ly\u00e1zhatnak az egyes\u00fcletek ut\u00e1nfut\u00f3 beszerz\u00e9s\u00e9re. \u00daj elemk\u00e9nt ker\u00fclt be az idei p\u00e1ly\u00e1zatba a megk\u00fcl\u00f6nb\u00f6ztet\u0151 jelz\u00e9st ad\u00f3 k\u00e9sz\u00fcl\u00e9kek beszerz\u00e9se, szerel\u00e9se \u00e9s jav\u00edt\u00e1sa, a kompozit palack, valamint elsz\u00e1molhat\u00f3 a bankk\u00f6lts\u00e9g \u00e9s az \u00fcgyv\u00e9di d\u00edj.<\/p>\n<p><strong>A p\u00e1ly\u00e1zati dokument\u00e1ci\u00f3kat az \u00f6nk\u00e9ntes t\u0171zolt\u00f3 egyes\u00fcleteknek m\u00e1jus 10-ig kell eljuttatniuk ahhoz a hivat\u00e1sos t\u0171zolt\u00f3-parancsnoks\u00e1ghoz, amellyel az egyes\u00fcletnek egy\u00fcttm\u0171k\u00f6d\u00e9si meg\u00e1llapod\u00e1sa van.<\/strong> Ha egy egyes\u00fclet t\u00f6bb parancsnoks\u00e1ggal is k\u00f6t\u00f6tt meg\u00e1llapod\u00e1st, akkor a sz\u00e9khelye szerinti parancsnoks\u00e1gra kell beny\u00fajtania a p\u00e1ly\u00e1zatot. A be\u00e9rkezett p\u00e1ly\u00e1zatok elb\u00edr\u00e1l\u00e1sa legk\u00e9s\u0151bb j\u00fanius 21-ig megt\u00f6rt\u00e9nik.<\/p>\n<p>Az \u00f6nk\u00e9ntes ment\u0151szervezetek t\u00e1mogat\u00e1s\u00e1ra ki\u00edrt p\u00e1ly\u00e1zat c\u00e9lja, hogy a hazai katasztr\u00f3fa-elh\u00e1r\u00edt\u00e1sban r\u00e9szt v\u00e1llal\u00f3 ment\u0151szervezetek t\u00e1mogat\u00e1st kaphassanak m\u0171k\u00f6d\u00e9si, fejleszt\u00e9si k\u00f6lts\u00e9geikhez, ennek k\u00f6sz\u00f6nhet\u0151en er\u0151s\u00f6dnek ment\u00e9si \u00e9s beavatkoz\u00e1si k\u00e9pess\u00e9geik, javul eszk\u00f6zell\u00e1totts\u00e1guk. A p\u00e1ly\u00e1zat keretein bel\u00fcl t\u00e1mogathat\u00f3 a ment\u0151szervezetek tagjainak tov\u00e1bbk\u00e9pz\u00e9se is, ami lehet\u0151v\u00e9 teszi, hogy t\u00f6bb k\u00e1resem\u00e9ny felsz\u00e1mol\u00e1s\u00e1n\u00e1l alkalmazz\u00e1k \u0151ket.<\/p>\n<p>P\u00e1ly\u00e1zatot csak a hivat\u00e1sos katasztr\u00f3fav\u00e9delmi szervvel hat\u00e1lyos egy\u00fcttm\u0171k\u00f6d\u00e9si meg\u00e1llapod\u00e1ssal rendelkez\u0151, min\u0151s\u00edtett, \u00f6n\u00e1ll\u00f3 jogi szem\u00e9lyis\u00e9g\u0171 ment\u0151szervezet ny\u00fajthat be. A ment\u0151szervezetek technikai eszk\u00f6z \u00e9s g\u00e9pj\u00e1rm\u0171, v\u00e9d\u0151eszk\u00f6z \u00e9s v\u00e9d\u0151ruha, m\u0171k\u00f6d\u00e9si k\u00f6lts\u00e9g, illetve oktat\u00e1s \u00e9s vizsg\u00e1ztat\u00e1s kateg\u00f3ri\u00e1ban p\u00e1ly\u00e1zhatnak. Olyan technikai eszk\u00f6z\u00f6kre \u00e9s g\u00e9pj\u00e1rm\u0171vekre lehet p\u00e1ly\u00e1zni, amelyek a ment\u0151szervezet alaptev\u00e9kenys\u00e9g\u00e9hez, a nemzeti min\u0151s\u00edt\u0151 rendszerben elismert, igazolt vagy a min\u0151s\u00edt\u00e9s meg\u00faj\u00edt\u00e1s\u00e1hoz, a p\u00e1ly\u00e1zati id\u0151szakban v\u00e1llalt k\u00e9pess\u00e9geinek ell\u00e1t\u00e1s\u00e1hoz sz\u00fcks\u00e9gesek.<\/p>\n<p><strong>Az \u00f6nk\u00e9ntes ment\u0151szervezetek p\u00e1ly\u00e1zat\u00e1t az illet\u00e9kes katasztr\u00f3fav\u00e9delmi kirendelts\u00e9ghez kell beny\u00fajtani m\u00e1jus 6-ig.<\/strong><\/p>\n<p><a href=\"http:\/\/komarom.katasztrofavedelem.hu\/hirek\/5484-az-iden-is-hetszazmillio-forint-jut-az-onkentesek-tamogatasara\" target=\"_blank\" rel=\"noopener noreferrer\"><span style=\"text-decoration: underline; color: #0000ff;\"><strong>P\u00e1ly\u00e1zati ki\u00edr\u00e1sok, dokument\u00e1ci\u00f3k&gt;&gt;<\/strong><\/span><\/a><\/p>\n<p><em>Forr\u00e1s: komarom.katasztrofavedelem.hu<\/em><br \/>\n<em>Fot\u00f3: Tokod \u00d6TE<\/em><\/p>\n","protected":false},"excerpt":{"rendered":"<p>A k\u00f6zponti k\u00f6lts\u00e9gvet\u00e9sben a tavalyi \u00e9vhez hasonl\u00f3an \u00f6sszesen h\u00e9tsz\u00e1zmilli\u00f3 forint \u00e1ll rendelkez\u00e9sre az \u00f6nk\u00e9ntes t\u0171zolt\u00f3 egyes\u00fcletek \u00e9s az \u00f6nk\u00e9ntes ment\u0151szervezetek t\u00e1mogat\u00e1s\u00e1ra. Ebb\u0151l az \u00f6sszegb\u0151l hatsz\u00e1zmilli\u00f3 forintra az \u00f6nk\u00e9ntes t\u0171zolt\u00f3 egyes\u00fcletek, sz\u00e1zmilli\u00f3 forintra pedig a ment\u0151szervezetek p\u00e1ly\u00e1zhatnak. A p\u00e1ly\u00e1zati forr\u00e1s \u00e9vr\u0151l \u00e9vre biztos\u00edtja az egyes\u00fcletek \u00e9s ment\u0151szervezetek kisz\u00e1m\u00edthat\u00f3 fejl\u0151d\u00e9s\u00e9t, jelent\u0151s szerepet j\u00e1tszik abban, hogy folyamatosan er\u0151s\u00f6dni<\/p>\n","protected":false},"author":1,"featured_media":9319,"comment_status":"closed","ping_status":"closed","sticky":false,"template":"","format":"standard","meta":{"ngg_post_thumbnail":0,"footnotes":""},"categories":[3],"tags":[612,613,74,503,571],"class_list":{"0":"post-16025","1":"post","2":"type-post","3":"status-publish","4":"format-standard","5":"has-post-thumbnail","7":"category-hirek","8":"tag-mentok","9":"tag-onkentesek","10":"tag-palyazat","11":"tag-tamogatas","12":"tag-tuzoltok"},"yoast_head":"<!-- This site is optimized with the Yoast SEO plugin v27.4 - https:\/\/yoast.com\/product\/yoast-seo-wordpress\/ -->\n<title>Az id\u00e9n is h\u00e9tsz\u00e1zmilli\u00f3 forint jut az \u00f6nk\u00e9ntesek t\u00e1mogat\u00e1s\u00e1ra<\/title>\n<meta name=\"robots\" content=\"index, follow, max-snippet:-1, max-image-preview:large, max-video-preview:-1\" \/>\n<link rel=\"canonical\" href=\"https:\/\/dorogimedence.hu\/index.php\/2019\/04\/15\/az-iden-is-hetszazmillio-forint-jut-az-onkentesek-tamogatasara\/\" class=\"yoast-seo-meta-tag\" \/>\n<meta property=\"og:locale\" content=\"hu_HU\" class=\"yoast-seo-meta-tag\" \/>\n<meta property=\"og:type\" content=\"article\" class=\"yoast-seo-meta-tag\" \/>\n<meta property=\"og:title\" content=\"Az id\u00e9n is h\u00e9tsz\u00e1zmilli\u00f3 forint jut az \u00f6nk\u00e9ntesek t\u00e1mogat\u00e1s\u00e1ra\" class=\"yoast-seo-meta-tag\" \/>\n<meta property=\"og:description\" content=\"A k\u00f6zponti k\u00f6lts\u00e9gvet\u00e9sben a tavalyi \u00e9vhez hasonl\u00f3an \u00f6sszesen h\u00e9tsz\u00e1zmilli\u00f3 forint \u00e1ll rendelkez\u00e9sre az \u00f6nk\u00e9ntes t\u0171zolt\u00f3 egyes\u00fcletek \u00e9s az \u00f6nk\u00e9ntes ment\u0151szervezetek t\u00e1mogat\u00e1s\u00e1ra. Ebb\u0151l az \u00f6sszegb\u0151l hatsz\u00e1zmilli\u00f3 forintra az \u00f6nk\u00e9ntes t\u0171zolt\u00f3 egyes\u00fcletek, sz\u00e1zmilli\u00f3 forintra pedig a ment\u0151szervezetek p\u00e1ly\u00e1zhatnak. A p\u00e1ly\u00e1zati forr\u00e1s \u00e9vr\u0151l \u00e9vre biztos\u00edtja az egyes\u00fcletek \u00e9s ment\u0151szervezetek kisz\u00e1m\u00edthat\u00f3 fejl\u0151d\u00e9s\u00e9t, jelent\u0151s szerepet j\u00e1tszik abban, hogy folyamatosan er\u0151s\u00f6dni\" class=\"yoast-seo-meta-tag\" \/>\n<meta property=\"og:url\" content=\"https:\/\/dorogimedence.hu\/index.php\/2019\/04\/15\/az-iden-is-hetszazmillio-forint-jut-az-onkentesek-tamogatasara\/\" class=\"yoast-seo-meta-tag\" \/>\n<meta property=\"og:site_name\" content=\"Dorogi-medence Region\u00e1lis H\u00edrport\u00e1l\" class=\"yoast-seo-meta-tag\" \/>\n<meta property=\"article:publisher\" content=\"https:\/\/www.facebook.com\/dorogimedence\/\" class=\"yoast-seo-meta-tag\" \/>\n<meta property=\"article:published_time\" content=\"2019-04-15T15:01:51+00:00\" class=\"yoast-seo-meta-tag\" \/>\n<meta property=\"og:image\" content=\"https:\/\/i0.wp.com\/dorogimedence.hu\/wp-content\/uploads\/2018\/04\/tokod-tuz-aprilis-01.jpg?fit=670%2C365&ssl=1\" class=\"yoast-seo-meta-tag\" \/>\n\t<meta property=\"og:image:width\" content=\"670\" class=\"yoast-seo-meta-tag\" \/>\n\t<meta property=\"og:image:height\" content=\"365\" class=\"yoast-seo-meta-tag\" \/>\n\t<meta property=\"og:image:type\" content=\"image\/jpeg\" class=\"yoast-seo-meta-tag\" \/>\n<meta name=\"author\" content=\"dorogimedence.hu\" class=\"yoast-seo-meta-tag\" \/>\n<meta name=\"twitter:card\" content=\"summary_large_image\" class=\"yoast-seo-meta-tag\" \/>\n<meta name=\"twitter:label1\" content=\"Szerz\u0151:\" class=\"yoast-seo-meta-tag\" \/>\n\t<meta name=\"twitter:data1\" content=\"dorogimedence.hu\" class=\"yoast-seo-meta-tag\" \/>\n\t<meta name=\"twitter:label2\" content=\"Becs\u00fclt olvas\u00e1si id\u0151\" class=\"yoast-seo-meta-tag\" \/>\n\t<meta name=\"twitter:data2\" content=\"4 perc\" class=\"yoast-seo-meta-tag\" \/>\n<script type=\"application\/ld+json\" class=\"yoast-schema-graph\">{\"@context\":\"https:\\\/\\\/schema.org\",\"@graph\":[{\"@type\":\"Article\",\"@id\":\"https:\\\/\\\/dorogimedence.hu\\\/index.php\\\/2019\\\/04\\\/15\\\/az-iden-is-hetszazmillio-forint-jut-az-onkentesek-tamogatasara\\\/#article\",\"isPartOf\":{\"@id\":\"https:\\\/\\\/dorogimedence.hu\\\/index.php\\\/2019\\\/04\\\/15\\\/az-iden-is-hetszazmillio-forint-jut-az-onkentesek-tamogatasara\\\/\"},\"author\":{\"name\":\"dorogimedence.hu\",\"@id\":\"https:\\\/\\\/dorogimedence.hu\\\/#\\\/schema\\\/person\\\/ce6091eeb7e95ecdc87890d6aa8e0fd4\"},\"headline\":\"Az id\u00e9n is h\u00e9tsz\u00e1zmilli\u00f3 forint jut az \u00f6nk\u00e9ntesek t\u00e1mogat\u00e1s\u00e1ra\",\"datePublished\":\"2019-04-15T15:01:51+00:00\",\"mainEntityOfPage\":{\"@id\":\"https:\\\/\\\/dorogimedence.hu\\\/index.php\\\/2019\\\/04\\\/15\\\/az-iden-is-hetszazmillio-forint-jut-az-onkentesek-tamogatasara\\\/\"},\"wordCount\":760,\"publisher\":{\"@id\":\"https:\\\/\\\/dorogimedence.hu\\\/#organization\"},\"image\":{\"@id\":\"https:\\\/\\\/dorogimedence.hu\\\/index.php\\\/2019\\\/04\\\/15\\\/az-iden-is-hetszazmillio-forint-jut-az-onkentesek-tamogatasara\\\/#primaryimage\"},\"thumbnailUrl\":\"https:\\\/\\\/dorogimedence.hu\\\/wp-content\\\/uploads\\\/2018\\\/04\\\/tokod-tuz-aprilis-01.jpg\",\"keywords\":[\"ment\u0151k\",\"\u00f6nk\u00e9ntesek\",\"p\u00e1ly\u00e1zat\",\"t\u00e1mogat\u00e1s\",\"t\u0171zolt\u00f3k\"],\"articleSection\":[\"H\u00edrek\"],\"inLanguage\":\"hu\"},{\"@type\":\"WebPage\",\"@id\":\"https:\\\/\\\/dorogimedence.hu\\\/index.php\\\/2019\\\/04\\\/15\\\/az-iden-is-hetszazmillio-forint-jut-az-onkentesek-tamogatasara\\\/\",\"url\":\"https:\\\/\\\/dorogimedence.hu\\\/index.php\\\/2019\\\/04\\\/15\\\/az-iden-is-hetszazmillio-forint-jut-az-onkentesek-tamogatasara\\\/\",\"name\":\"Az id\u00e9n is h\u00e9tsz\u00e1zmilli\u00f3 forint jut az \u00f6nk\u00e9ntesek t\u00e1mogat\u00e1s\u00e1ra\",\"isPartOf\":{\"@id\":\"https:\\\/\\\/dorogimedence.hu\\\/#website\"},\"primaryImageOfPage\":{\"@id\":\"https:\\\/\\\/dorogimedence.hu\\\/index.php\\\/2019\\\/04\\\/15\\\/az-iden-is-hetszazmillio-forint-jut-az-onkentesek-tamogatasara\\\/#primaryimage\"},\"image\":{\"@id\":\"https:\\\/\\\/dorogimedence.hu\\\/index.php\\\/2019\\\/04\\\/15\\\/az-iden-is-hetszazmillio-forint-jut-az-onkentesek-tamogatasara\\\/#primaryimage\"},\"thumbnailUrl\":\"https:\\\/\\\/dorogimedence.hu\\\/wp-content\\\/uploads\\\/2018\\\/04\\\/tokod-tuz-aprilis-01.jpg\",\"datePublished\":\"2019-04-15T15:01:51+00:00\",\"breadcrumb\":{\"@id\":\"https:\\\/\\\/dorogimedence.hu\\\/index.php\\\/2019\\\/04\\\/15\\\/az-iden-is-hetszazmillio-forint-jut-az-onkentesek-tamogatasara\\\/#breadcrumb\"},\"inLanguage\":\"hu\",\"potentialAction\":[{\"@type\":\"ReadAction\",\"target\":[\"https:\\\/\\\/dorogimedence.hu\\\/index.php\\\/2019\\\/04\\\/15\\\/az-iden-is-hetszazmillio-forint-jut-az-onkentesek-tamogatasara\\\/\"]}]},{\"@type\":\"ImageObject\",\"inLanguage\":\"hu\",\"@id\":\"https:\\\/\\\/dorogimedence.hu\\\/index.php\\\/2019\\\/04\\\/15\\\/az-iden-is-hetszazmillio-forint-jut-az-onkentesek-tamogatasara\\\/#primaryimage\",\"url\":\"https:\\\/\\\/dorogimedence.hu\\\/wp-content\\\/uploads\\\/2018\\\/04\\\/tokod-tuz-aprilis-01.jpg\",\"contentUrl\":\"https:\\\/\\\/dorogimedence.hu\\\/wp-content\\\/uploads\\\/2018\\\/04\\\/tokod-tuz-aprilis-01.jpg\",\"width\":670,\"height\":365},{\"@type\":\"BreadcrumbList\",\"@id\":\"https:\\\/\\\/dorogimedence.hu\\\/index.php\\\/2019\\\/04\\\/15\\\/az-iden-is-hetszazmillio-forint-jut-az-onkentesek-tamogatasara\\\/#breadcrumb\",\"itemListElement\":[{\"@type\":\"ListItem\",\"position\":1,\"name\":\"Kezd\u0151lap\",\"item\":\"https:\\\/\\\/dorogimedence.hu\\\/\"},{\"@type\":\"ListItem\",\"position\":2,\"name\":\"Az id\u00e9n is h\u00e9tsz\u00e1zmilli\u00f3 forint jut az \u00f6nk\u00e9ntesek t\u00e1mogat\u00e1s\u00e1ra\"}]},{\"@type\":\"WebSite\",\"@id\":\"https:\\\/\\\/dorogimedence.hu\\\/#website\",\"url\":\"https:\\\/\\\/dorogimedence.hu\\\/\",\"name\":\"Dorogi-medence Region\u00e1lis H\u00edrport\u00e1l\",\"description\":\"Dorog, Keszt\u00f6lc, Le\u00e1nyv\u00e1r, Piliscs\u00e9v, Tokod, Tokodalt\u00e1r\u00f3, Csolnok, Esztergom-kertv\u00e1ros: h\u00edrek, programok\",\"publisher\":{\"@id\":\"https:\\\/\\\/dorogimedence.hu\\\/#organization\"},\"potentialAction\":[{\"@type\":\"SearchAction\",\"target\":{\"@type\":\"EntryPoint\",\"urlTemplate\":\"https:\\\/\\\/dorogimedence.hu\\\/?s={search_term_string}\"},\"query-input\":{\"@type\":\"PropertyValueSpecification\",\"valueRequired\":true,\"valueName\":\"search_term_string\"}}],\"inLanguage\":\"hu\"},{\"@type\":\"Organization\",\"@id\":\"https:\\\/\\\/dorogimedence.hu\\\/#organization\",\"name\":\"Dorogi-medence Region\u00e1lis H\u00edrport\u00e1l\",\"url\":\"https:\\\/\\\/dorogimedence.hu\\\/\",\"logo\":{\"@type\":\"ImageObject\",\"inLanguage\":\"hu\",\"@id\":\"https:\\\/\\\/dorogimedence.hu\\\/#\\\/schema\\\/logo\\\/image\\\/\",\"url\":\"https:\\\/\\\/dorogimedence.hu\\\/wp-content\\\/uploads\\\/2021\\\/04\\\/logo-feher-600.png\",\"contentUrl\":\"https:\\\/\\\/dorogimedence.hu\\\/wp-content\\\/uploads\\\/2021\\\/04\\\/logo-feher-600.png\",\"width\":600,\"height\":100,\"caption\":\"Dorogi-medence Region\u00e1lis H\u00edrport\u00e1l\"},\"image\":{\"@id\":\"https:\\\/\\\/dorogimedence.hu\\\/#\\\/schema\\\/logo\\\/image\\\/\"},\"sameAs\":[\"https:\\\/\\\/www.facebook.com\\\/dorogimedence\\\/\"]},{\"@type\":\"Person\",\"@id\":\"https:\\\/\\\/dorogimedence.hu\\\/#\\\/schema\\\/person\\\/ce6091eeb7e95ecdc87890d6aa8e0fd4\",\"name\":\"dorogimedence.hu\",\"image\":{\"@type\":\"ImageObject\",\"inLanguage\":\"hu\",\"@id\":\"\\\/\\\/www.gravatar.com\\\/avatar\\\/d8d45f8901aadff40a4af72c0b826f1d?s=96&#038;r=g&#038;d=mm\",\"url\":\"\\\/\\\/www.gravatar.com\\\/avatar\\\/d8d45f8901aadff40a4af72c0b826f1d?s=96&#038;r=g&#038;d=mm\",\"contentUrl\":\"\\\/\\\/www.gravatar.com\\\/avatar\\\/d8d45f8901aadff40a4af72c0b826f1d?s=96&#038;r=g&#038;d=mm\",\"caption\":\"dorogimedence.hu\"}}]}<\/script>\n<!-- \/ Yoast SEO plugin. -->","yoast_head_json":{"title":"Az id\u00e9n is h\u00e9tsz\u00e1zmilli\u00f3 forint jut az \u00f6nk\u00e9ntesek t\u00e1mogat\u00e1s\u00e1ra","robots":{"index":"index","follow":"follow","max-snippet":"max-snippet:-1","max-image-preview":"max-image-preview:large","max-video-preview":"max-video-preview:-1"},"canonical":"https:\/\/dorogimedence.hu\/index.php\/2019\/04\/15\/az-iden-is-hetszazmillio-forint-jut-az-onkentesek-tamogatasara\/","og_locale":"hu_HU","og_type":"article","og_title":"Az id\u00e9n is h\u00e9tsz\u00e1zmilli\u00f3 forint jut az \u00f6nk\u00e9ntesek t\u00e1mogat\u00e1s\u00e1ra","og_description":"A k\u00f6zponti k\u00f6lts\u00e9gvet\u00e9sben a tavalyi \u00e9vhez hasonl\u00f3an \u00f6sszesen h\u00e9tsz\u00e1zmilli\u00f3 forint \u00e1ll rendelkez\u00e9sre az \u00f6nk\u00e9ntes t\u0171zolt\u00f3 egyes\u00fcletek \u00e9s az \u00f6nk\u00e9ntes ment\u0151szervezetek t\u00e1mogat\u00e1s\u00e1ra. Ebb\u0151l az \u00f6sszegb\u0151l hatsz\u00e1zmilli\u00f3 forintra az \u00f6nk\u00e9ntes t\u0171zolt\u00f3 egyes\u00fcletek, sz\u00e1zmilli\u00f3 forintra pedig a ment\u0151szervezetek p\u00e1ly\u00e1zhatnak. A p\u00e1ly\u00e1zati forr\u00e1s \u00e9vr\u0151l \u00e9vre biztos\u00edtja az egyes\u00fcletek \u00e9s ment\u0151szervezetek kisz\u00e1m\u00edthat\u00f3 fejl\u0151d\u00e9s\u00e9t, jelent\u0151s szerepet j\u00e1tszik abban, hogy folyamatosan er\u0151s\u00f6dni","og_url":"https:\/\/dorogimedence.hu\/index.php\/2019\/04\/15\/az-iden-is-hetszazmillio-forint-jut-az-onkentesek-tamogatasara\/","og_site_name":"Dorogi-medence Region\u00e1lis H\u00edrport\u00e1l","article_publisher":"https:\/\/www.facebook.com\/dorogimedence\/","article_published_time":"2019-04-15T15:01:51+00:00","og_image":[{"width":670,"height":365,"url":"https:\/\/i0.wp.com\/dorogimedence.hu\/wp-content\/uploads\/2018\/04\/tokod-tuz-aprilis-01.jpg?fit=670%2C365&ssl=1","type":"image\/jpeg"}],"author":"dorogimedence.hu","twitter_card":"summary_large_image","twitter_misc":{"Szerz\u0151:":"dorogimedence.hu","Becs\u00fclt olvas\u00e1si id\u0151":"4 perc"},"schema":{"@context":"https:\/\/schema.org","@graph":[{"@type":"Article","@id":"https:\/\/dorogimedence.hu\/index.php\/2019\/04\/15\/az-iden-is-hetszazmillio-forint-jut-az-onkentesek-tamogatasara\/#article","isPartOf":{"@id":"https:\/\/dorogimedence.hu\/index.php\/2019\/04\/15\/az-iden-is-hetszazmillio-forint-jut-az-onkentesek-tamogatasara\/"},"author":{"name":"dorogimedence.hu","@id":"https:\/\/dorogimedence.hu\/#\/schema\/person\/ce6091eeb7e95ecdc87890d6aa8e0fd4"},"headline":"Az id\u00e9n is h\u00e9tsz\u00e1zmilli\u00f3 forint jut az \u00f6nk\u00e9ntesek t\u00e1mogat\u00e1s\u00e1ra","datePublished":"2019-04-15T15:01:51+00:00","mainEntityOfPage":{"@id":"https:\/\/dorogimedence.hu\/index.php\/2019\/04\/15\/az-iden-is-hetszazmillio-forint-jut-az-onkentesek-tamogatasara\/"},"wordCount":760,"publisher":{"@id":"https:\/\/dorogimedence.hu\/#organization"},"image":{"@id":"https:\/\/dorogimedence.hu\/index.php\/2019\/04\/15\/az-iden-is-hetszazmillio-forint-jut-az-onkentesek-tamogatasara\/#primaryimage"},"thumbnailUrl":"https:\/\/dorogimedence.hu\/wp-content\/uploads\/2018\/04\/tokod-tuz-aprilis-01.jpg","keywords":["ment\u0151k","\u00f6nk\u00e9ntesek","p\u00e1ly\u00e1zat","t\u00e1mogat\u00e1s","t\u0171zolt\u00f3k"],"articleSection":["H\u00edrek"],"inLanguage":"hu"},{"@type":"WebPage","@id":"https:\/\/dorogimedence.hu\/index.php\/2019\/04\/15\/az-iden-is-hetszazmillio-forint-jut-az-onkentesek-tamogatasara\/","url":"https:\/\/dorogimedence.hu\/index.php\/2019\/04\/15\/az-iden-is-hetszazmillio-forint-jut-az-onkentesek-tamogatasara\/","name":"Az id\u00e9n is h\u00e9tsz\u00e1zmilli\u00f3 forint jut az \u00f6nk\u00e9ntesek t\u00e1mogat\u00e1s\u00e1ra","isPartOf":{"@id":"https:\/\/dorogimedence.hu\/#website"},"primaryImageOfPage":{"@id":"https:\/\/dorogimedence.hu\/index.php\/2019\/04\/15\/az-iden-is-hetszazmillio-forint-jut-az-onkentesek-tamogatasara\/#primaryimage"},"image":{"@id":"https:\/\/dorogimedence.hu\/index.php\/2019\/04\/15\/az-iden-is-hetszazmillio-forint-jut-az-onkentesek-tamogatasara\/#primaryimage"},"thumbnailUrl":"https:\/\/dorogimedence.hu\/wp-content\/uploads\/2018\/04\/tokod-tuz-aprilis-01.jpg","datePublished":"2019-04-15T15:01:51+00:00","breadcrumb":{"@id":"https:\/\/dorogimedence.hu\/index.php\/2019\/04\/15\/az-iden-is-hetszazmillio-forint-jut-az-onkentesek-tamogatasara\/#breadcrumb"},"inLanguage":"hu","potentialAction":[{"@type":"ReadAction","target":["https:\/\/dorogimedence.hu\/index.php\/2019\/04\/15\/az-iden-is-hetszazmillio-forint-jut-az-onkentesek-tamogatasara\/"]}]},{"@type":"ImageObject","inLanguage":"hu","@id":"https:\/\/dorogimedence.hu\/index.php\/2019\/04\/15\/az-iden-is-hetszazmillio-forint-jut-az-onkentesek-tamogatasara\/#primaryimage","url":"https:\/\/dorogimedence.hu\/wp-content\/uploads\/2018\/04\/tokod-tuz-aprilis-01.jpg","contentUrl":"https:\/\/dorogimedence.hu\/wp-content\/uploads\/2018\/04\/tokod-tuz-aprilis-01.jpg","width":670,"height":365},{"@type":"BreadcrumbList","@id":"https:\/\/dorogimedence.hu\/index.php\/2019\/04\/15\/az-iden-is-hetszazmillio-forint-jut-az-onkentesek-tamogatasara\/#breadcrumb","itemListElement":[{"@type":"ListItem","position":1,"name":"Kezd\u0151lap","item":"https:\/\/dorogimedence.hu\/"},{"@type":"ListItem","position":2,"name":"Az id\u00e9n is h\u00e9tsz\u00e1zmilli\u00f3 forint jut az \u00f6nk\u00e9ntesek t\u00e1mogat\u00e1s\u00e1ra"}]},{"@type":"WebSite","@id":"https:\/\/dorogimedence.hu\/#website","url":"https:\/\/dorogimedence.hu\/","name":"Dorogi-medence Region\u00e1lis H\u00edrport\u00e1l","description":"Dorog, Keszt\u00f6lc, Le\u00e1nyv\u00e1r, Piliscs\u00e9v, Tokod, Tokodalt\u00e1r\u00f3, Csolnok, Esztergom-kertv\u00e1ros: h\u00edrek, programok","publisher":{"@id":"https:\/\/dorogimedence.hu\/#organization"},"potentialAction":[{"@type":"SearchAction","target":{"@type":"EntryPoint","urlTemplate":"https:\/\/dorogimedence.hu\/?s={search_term_string}"},"query-input":{"@type":"PropertyValueSpecification","valueRequired":true,"valueName":"search_term_string"}}],"inLanguage":"hu"},{"@type":"Organization","@id":"https:\/\/dorogimedence.hu\/#organization","name":"Dorogi-medence Region\u00e1lis H\u00edrport\u00e1l","url":"https:\/\/dorogimedence.hu\/","logo":{"@type":"ImageObject","inLanguage":"hu","@id":"https:\/\/dorogimedence.hu\/#\/schema\/logo\/image\/","url":"https:\/\/dorogimedence.hu\/wp-content\/uploads\/2021\/04\/logo-feher-600.png","contentUrl":"https:\/\/dorogimedence.hu\/wp-content\/uploads\/2021\/04\/logo-feher-600.png","width":600,"height":100,"caption":"Dorogi-medence Region\u00e1lis H\u00edrport\u00e1l"},"image":{"@id":"https:\/\/dorogimedence.hu\/#\/schema\/logo\/image\/"},"sameAs":["https:\/\/www.facebook.com\/dorogimedence\/"]},{"@type":"Person","@id":"https:\/\/dorogimedence.hu\/#\/schema\/person\/ce6091eeb7e95ecdc87890d6aa8e0fd4","name":"dorogimedence.hu","image":{"@type":"ImageObject","inLanguage":"hu","@id":"\/\/www.gravatar.com\/avatar\/d8d45f8901aadff40a4af72c0b826f1d?s=96&#038;r=g&#038;d=mm","url":"\/\/www.gravatar.com\/avatar\/d8d45f8901aadff40a4af72c0b826f1d?s=96&#038;r=g&#038;d=mm","contentUrl":"\/\/www.gravatar.com\/avatar\/d8d45f8901aadff40a4af72c0b826f1d?s=96&#038;r=g&#038;d=mm","caption":"dorogimedence.hu"}}]}},"_links":{"self":[{"href":"https:\/\/dorogimedence.hu\/index.php\/wp-json\/wp\/v2\/posts\/16025","targetHints":{"allow":["GET"]}}],"collection":[{"href":"https:\/\/dorogimedence.hu\/index.php\/wp-json\/wp\/v2\/posts"}],"about":[{"href":"https:\/\/dorogimedence.hu\/index.php\/wp-json\/wp\/v2\/types\/post"}],"author":[{"embeddable":true,"href":"https:\/\/dorogimedence.hu\/index.php\/wp-json\/wp\/v2\/users\/1"}],"replies":[{"embeddable":true,"href":"https:\/\/dorogimedence.hu\/index.php\/wp-json\/wp\/v2\/comments?post=16025"}],"version-history":[{"count":0,"href":"https:\/\/dorogimedence.hu\/index.php\/wp-json\/wp\/v2\/posts\/16025\/revisions"}],"wp:featuredmedia":[{"embeddable":true,"href":"https:\/\/dorogimedence.hu\/index.php\/wp-json\/wp\/v2\/media\/9319"}],"wp:attachment":[{"href":"https:\/\/dorogimedence.hu\/index.php\/wp-json\/wp\/v2\/media?parent=16025"}],"wp:term":[{"taxonomy":"category","embeddable":true,"href":"https:\/\/dorogimedence.hu\/index.php\/wp-json\/wp\/v2\/categories?post=16025"},{"taxonomy":"post_tag","embeddable":true,"href":"https:\/\/dorogimedence.hu\/index.php\/wp-json\/wp\/v2\/tags?post=16025"}],"curies":[{"name":"wp","href":"https:\/\/api.w.org\/{rel}","templated":true}]}}