{"id":16022,"date":"2019-04-15T16:55:07","date_gmt":"2019-04-15T14:55:07","guid":{"rendered":"http:\/\/dorogimedence.hu\/?p=16022"},"modified":"2019-04-15T16:55:07","modified_gmt":"2019-04-15T14:55:07","slug":"arany-fokozattal-tuntettek-ki-a-bajnai-polgarorseg-elnoket","status":"publish","type":"post","link":"https:\/\/dorogimedence.hu\/index.php\/2019\/04\/15\/arany-fokozattal-tuntettek-ki-a-bajnai-polgarorseg-elnoket\/","title":{"rendered":"Arany fokozattal t\u00fcntett\u00e9k ki a bajnai polg\u00e1r\u0151rs\u00e9g eln\u00f6k\u00e9t"},"content":{"rendered":"<p><strong>\u00c1prilis 12-\u00e9n, az Orsz\u00e1gos Rend\u0151r-F\u0151kapit\u00e1nys\u00e1g \u00e9p\u00fclet\u00e9ben rendezt\u00e9k meg az Orsz\u00e1gos Polg\u00e1r\u0151r Sz\u00f6vets\u00e9g \u00e9vi k\u00fcld\u00f6ttgy\u0171l\u00e9s\u00e9t.<\/strong><\/p>\n<p>Dr. T\u00far\u00f3s Andr\u00e1s 2018. \u00e9vi tev\u00e9kenys\u00e9get \u00e9rt\u00e9kelve elmondta, hogy a Polg\u00e1r\u0151rs\u00e9g az elm\u00falt \u00e9vben a civil b\u0171nmegel\u0151z\u00e9s legjelent\u0151sebb, legnagyobb l\u00e9tsz\u00e1m\u00fa, legegys\u00e9gesebb, leghat\u00e9konyabb, s\u0151t n\u00e9lk\u00fcl\u00f6zhetetlen szerepl\u0151je \u00e9s z\u00e1szl\u00f3viv\u0151je volt.<\/p>\n<p>A Polg\u00e1r\u0151rs\u00e9g szakmai tev\u00e9kenys\u00e9g\u00e9t p\u00e9lda\u00e9rt\u00e9k\u0171nek min\u0151s\u00edtette, amiben a sz\u00f6vets\u00e9gek, a polg\u00e1r\u0151r\u00f6k lelkesen, szakszer\u0171en v\u00e9gezt\u00e9k \u00e1ldozatos munk\u00e1jukat.<\/p>\n<p>Dr. Pint\u00e9r S\u00e1ndor minisztereln\u00f6k-helyettes, Magyarorsz\u00e1g bel\u00fcgyminisztere megk\u00f6sz\u00f6nte a polg\u00e1r\u0151r\u00f6k 2018. \u00e9vben v\u00e9gzett \u00e1ldozatos munk\u00e1j\u00e1t, majd sor ker\u00fclt a kit\u00fcntet\u00e9sek, elismer\u00e9sek \u00e1tad\u00e1s\u00e1ra.<\/p>\n<p>A Rend\u0151rs\u00e9g \u00e9s a Polg\u00e1r\u0151rs\u00e9g k\u00f6z\u00f6tti egy\u00fcttm\u0171k\u00f6d\u00e9s keret\u00e9ben kifejtett kimagasl\u00f3 tev\u00e9kenys\u00e9g\u00e9\u00e9rt <strong>elismer\u00e9sben \u00e9s t\u00e1rgy jutalomban<\/strong> r\u00e9szes\u00edtette az Orsz\u00e1gos Rend\u0151r f\u0151kapit\u00e1nys\u00e1g<strong> Kun Csab\u00e1t, a Kom\u00e1rom-Esztergom megyei Polg\u00e1r\u0151r Sz\u00f6vets\u00e9g eln\u00f6k\u00e9t.<\/strong><\/p>\n<p>Munk\u00e1ja elismer\u00e9sek\u00e9nt a <strong>Polg\u00e1r\u0151r \u00c9rdemkereszt \u201eArany\u201d fokozata kit\u00fcntet\u00e9st kapta Horv\u00e1th L\u00e1szl\u00f3 a Bajnai Polg\u00e1r\u0151r Egyes\u00fclet eln\u00f6ke.<\/strong><\/p>\n<p>Az \u00e9rtekezleten OPSZ Fel\u00fcgyel\u0151 Bizotts\u00e1g\u00e1nak a tagjai k\u00f6z\u00e9 v\u00e1lasztott\u00e1k Csonka B\u00e9la Urat, a KEMPSZ Fel\u00fcgyel\u0151 Bizotts\u00e1g\u00e1nak a tagj\u00e1t.<\/p>\n<p><em>Fot\u00f3, forr\u00e1s: Kom\u00e1rom-Esztergom Megyei Polg\u00e1r\u0151r Sz\u00f6vets\u00e9g<\/em><\/p>\n","protected":false},"excerpt":{"rendered":"<p>\u00c1prilis 12-\u00e9n, az Orsz\u00e1gos Rend\u0151r-F\u0151kapit\u00e1nys\u00e1g \u00e9p\u00fclet\u00e9ben rendezt\u00e9k meg az Orsz\u00e1gos Polg\u00e1r\u0151r Sz\u00f6vets\u00e9g \u00e9vi k\u00fcld\u00f6ttgy\u0171l\u00e9s\u00e9t. Dr. T\u00far\u00f3s Andr\u00e1s 2018. \u00e9vi tev\u00e9kenys\u00e9get \u00e9rt\u00e9kelve elmondta, hogy a Polg\u00e1r\u0151rs\u00e9g az elm\u00falt \u00e9vben a civil b\u0171nmegel\u0151z\u00e9s legjelent\u0151sebb, legnagyobb l\u00e9tsz\u00e1m\u00fa, legegys\u00e9gesebb, leghat\u00e9konyabb, s\u0151t n\u00e9lk\u00fcl\u00f6zhetetlen szerepl\u0151je \u00e9s z\u00e1szl\u00f3viv\u0151je volt. A Polg\u00e1r\u0151rs\u00e9g szakmai tev\u00e9kenys\u00e9g\u00e9t p\u00e9lda\u00e9rt\u00e9k\u0171nek min\u0151s\u00edtette, amiben a sz\u00f6vets\u00e9gek, a polg\u00e1r\u0151r\u00f6k lelkesen, szakszer\u0171en<\/p>\n","protected":false},"author":1,"featured_media":16023,"comment_status":"closed","ping_status":"closed","sticky":false,"template":"","format":"standard","meta":{"ngg_post_thumbnail":0,"footnotes":""},"categories":[3,56],"tags":[249,59,3706],"class_list":{"0":"post-16022","1":"post","2":"type-post","3":"status-publish","4":"format-standard","5":"has-post-thumbnail","7":"category-hirek","8":"category-komarom-esztergom","9":"tag-bajna","10":"tag-komarom-esztergom","11":"tag-polgaroseg"},"yoast_head":"<!-- This site is optimized with the Yoast SEO plugin v27.4 - https:\/\/yoast.com\/product\/yoast-seo-wordpress\/ -->\n<title>Arany fokozattal t\u00fcntett\u00e9k ki a bajnai polg\u00e1r\u0151rs\u00e9g eln\u00f6k\u00e9t<\/title>\n<meta name=\"robots\" content=\"index, follow, max-snippet:-1, max-image-preview:large, max-video-preview:-1\" \/>\n<link rel=\"canonical\" href=\"https:\/\/dorogimedence.hu\/index.php\/2019\/04\/15\/arany-fokozattal-tuntettek-ki-a-bajnai-polgarorseg-elnoket\/\" class=\"yoast-seo-meta-tag\" \/>\n<meta property=\"og:locale\" content=\"hu_HU\" class=\"yoast-seo-meta-tag\" \/>\n<meta property=\"og:type\" content=\"article\" class=\"yoast-seo-meta-tag\" \/>\n<meta property=\"og:title\" content=\"Arany fokozattal t\u00fcntett\u00e9k ki a bajnai polg\u00e1r\u0151rs\u00e9g eln\u00f6k\u00e9t\" class=\"yoast-seo-meta-tag\" \/>\n<meta property=\"og:description\" content=\"\u00c1prilis 12-\u00e9n, az Orsz\u00e1gos Rend\u0151r-F\u0151kapit\u00e1nys\u00e1g \u00e9p\u00fclet\u00e9ben rendezt\u00e9k meg az Orsz\u00e1gos Polg\u00e1r\u0151r Sz\u00f6vets\u00e9g \u00e9vi k\u00fcld\u00f6ttgy\u0171l\u00e9s\u00e9t. Dr. T\u00far\u00f3s Andr\u00e1s 2018. \u00e9vi tev\u00e9kenys\u00e9get \u00e9rt\u00e9kelve elmondta, hogy a Polg\u00e1r\u0151rs\u00e9g az elm\u00falt \u00e9vben a civil b\u0171nmegel\u0151z\u00e9s legjelent\u0151sebb, legnagyobb l\u00e9tsz\u00e1m\u00fa, legegys\u00e9gesebb, leghat\u00e9konyabb, s\u0151t n\u00e9lk\u00fcl\u00f6zhetetlen szerepl\u0151je \u00e9s z\u00e1szl\u00f3viv\u0151je volt. A Polg\u00e1r\u0151rs\u00e9g szakmai tev\u00e9kenys\u00e9g\u00e9t p\u00e9lda\u00e9rt\u00e9k\u0171nek min\u0151s\u00edtette, amiben a sz\u00f6vets\u00e9gek, a polg\u00e1r\u0151r\u00f6k lelkesen, szakszer\u0171en\" class=\"yoast-seo-meta-tag\" \/>\n<meta property=\"og:url\" content=\"https:\/\/dorogimedence.hu\/index.php\/2019\/04\/15\/arany-fokozattal-tuntettek-ki-a-bajnai-polgarorseg-elnoket\/\" class=\"yoast-seo-meta-tag\" \/>\n<meta property=\"og:site_name\" content=\"Dorogi-medence Region\u00e1lis H\u00edrport\u00e1l\" class=\"yoast-seo-meta-tag\" \/>\n<meta property=\"article:publisher\" content=\"https:\/\/www.facebook.com\/dorogimedence\/\" class=\"yoast-seo-meta-tag\" \/>\n<meta property=\"article:published_time\" content=\"2019-04-15T14:55:07+00:00\" class=\"yoast-seo-meta-tag\" \/>\n<meta property=\"og:image\" content=\"https:\/\/i0.wp.com\/dorogimedence.hu\/wp-content\/uploads\/2019\/04\/kun-horvath.jpg?fit=670%2C365&ssl=1\" class=\"yoast-seo-meta-tag\" \/>\n\t<meta property=\"og:image:width\" content=\"670\" class=\"yoast-seo-meta-tag\" \/>\n\t<meta property=\"og:image:height\" content=\"365\" class=\"yoast-seo-meta-tag\" \/>\n\t<meta property=\"og:image:type\" content=\"image\/jpeg\" class=\"yoast-seo-meta-tag\" \/>\n<meta name=\"author\" content=\"dorogimedence.hu\" class=\"yoast-seo-meta-tag\" \/>\n<meta name=\"twitter:card\" content=\"summary_large_image\" class=\"yoast-seo-meta-tag\" \/>\n<meta name=\"twitter:label1\" content=\"Szerz\u0151:\" class=\"yoast-seo-meta-tag\" \/>\n\t<meta name=\"twitter:data1\" content=\"dorogimedence.hu\" class=\"yoast-seo-meta-tag\" \/>\n\t<meta name=\"twitter:label2\" content=\"Becs\u00fclt olvas\u00e1si id\u0151\" class=\"yoast-seo-meta-tag\" \/>\n\t<meta name=\"twitter:data2\" content=\"1 perc\" class=\"yoast-seo-meta-tag\" \/>\n<script type=\"application\/ld+json\" class=\"yoast-schema-graph\">{\"@context\":\"https:\\\/\\\/schema.org\",\"@graph\":[{\"@type\":\"Article\",\"@id\":\"https:\\\/\\\/dorogimedence.hu\\\/index.php\\\/2019\\\/04\\\/15\\\/arany-fokozattal-tuntettek-ki-a-bajnai-polgarorseg-elnoket\\\/#article\",\"isPartOf\":{\"@id\":\"https:\\\/\\\/dorogimedence.hu\\\/index.php\\\/2019\\\/04\\\/15\\\/arany-fokozattal-tuntettek-ki-a-bajnai-polgarorseg-elnoket\\\/\"},\"author\":{\"name\":\"dorogimedence.hu\",\"@id\":\"https:\\\/\\\/dorogimedence.hu\\\/#\\\/schema\\\/person\\\/ce6091eeb7e95ecdc87890d6aa8e0fd4\"},\"headline\":\"Arany fokozattal t\u00fcntett\u00e9k ki a bajnai polg\u00e1r\u0151rs\u00e9g eln\u00f6k\u00e9t\",\"datePublished\":\"2019-04-15T14:55:07+00:00\",\"mainEntityOfPage\":{\"@id\":\"https:\\\/\\\/dorogimedence.hu\\\/index.php\\\/2019\\\/04\\\/15\\\/arany-fokozattal-tuntettek-ki-a-bajnai-polgarorseg-elnoket\\\/\"},\"wordCount\":307,\"publisher\":{\"@id\":\"https:\\\/\\\/dorogimedence.hu\\\/#organization\"},\"image\":{\"@id\":\"https:\\\/\\\/dorogimedence.hu\\\/index.php\\\/2019\\\/04\\\/15\\\/arany-fokozattal-tuntettek-ki-a-bajnai-polgarorseg-elnoket\\\/#primaryimage\"},\"thumbnailUrl\":\"https:\\\/\\\/dorogimedence.hu\\\/wp-content\\\/uploads\\\/2019\\\/04\\\/kun-horvath.jpg\",\"keywords\":[\"Bajna\",\"Kom\u00e1rom-Esztergom\",\"polg\u00e1r\u0151s\u00e9g\"],\"articleSection\":[\"H\u00edrek\",\"Kom\u00e1rom-Esztergom\"],\"inLanguage\":\"hu\"},{\"@type\":\"WebPage\",\"@id\":\"https:\\\/\\\/dorogimedence.hu\\\/index.php\\\/2019\\\/04\\\/15\\\/arany-fokozattal-tuntettek-ki-a-bajnai-polgarorseg-elnoket\\\/\",\"url\":\"https:\\\/\\\/dorogimedence.hu\\\/index.php\\\/2019\\\/04\\\/15\\\/arany-fokozattal-tuntettek-ki-a-bajnai-polgarorseg-elnoket\\\/\",\"name\":\"Arany fokozattal t\u00fcntett\u00e9k ki a bajnai polg\u00e1r\u0151rs\u00e9g eln\u00f6k\u00e9t\",\"isPartOf\":{\"@id\":\"https:\\\/\\\/dorogimedence.hu\\\/#website\"},\"primaryImageOfPage\":{\"@id\":\"https:\\\/\\\/dorogimedence.hu\\\/index.php\\\/2019\\\/04\\\/15\\\/arany-fokozattal-tuntettek-ki-a-bajnai-polgarorseg-elnoket\\\/#primaryimage\"},\"image\":{\"@id\":\"https:\\\/\\\/dorogimedence.hu\\\/index.php\\\/2019\\\/04\\\/15\\\/arany-fokozattal-tuntettek-ki-a-bajnai-polgarorseg-elnoket\\\/#primaryimage\"},\"thumbnailUrl\":\"https:\\\/\\\/dorogimedence.hu\\\/wp-content\\\/uploads\\\/2019\\\/04\\\/kun-horvath.jpg\",\"datePublished\":\"2019-04-15T14:55:07+00:00\",\"breadcrumb\":{\"@id\":\"https:\\\/\\\/dorogimedence.hu\\\/index.php\\\/2019\\\/04\\\/15\\\/arany-fokozattal-tuntettek-ki-a-bajnai-polgarorseg-elnoket\\\/#breadcrumb\"},\"inLanguage\":\"hu\",\"potentialAction\":[{\"@type\":\"ReadAction\",\"target\":[\"https:\\\/\\\/dorogimedence.hu\\\/index.php\\\/2019\\\/04\\\/15\\\/arany-fokozattal-tuntettek-ki-a-bajnai-polgarorseg-elnoket\\\/\"]}]},{\"@type\":\"ImageObject\",\"inLanguage\":\"hu\",\"@id\":\"https:\\\/\\\/dorogimedence.hu\\\/index.php\\\/2019\\\/04\\\/15\\\/arany-fokozattal-tuntettek-ki-a-bajnai-polgarorseg-elnoket\\\/#primaryimage\",\"url\":\"https:\\\/\\\/dorogimedence.hu\\\/wp-content\\\/uploads\\\/2019\\\/04\\\/kun-horvath.jpg\",\"contentUrl\":\"https:\\\/\\\/dorogimedence.hu\\\/wp-content\\\/uploads\\\/2019\\\/04\\\/kun-horvath.jpg\",\"width\":670,\"height\":365},{\"@type\":\"BreadcrumbList\",\"@id\":\"https:\\\/\\\/dorogimedence.hu\\\/index.php\\\/2019\\\/04\\\/15\\\/arany-fokozattal-tuntettek-ki-a-bajnai-polgarorseg-elnoket\\\/#breadcrumb\",\"itemListElement\":[{\"@type\":\"ListItem\",\"position\":1,\"name\":\"Kezd\u0151lap\",\"item\":\"https:\\\/\\\/dorogimedence.hu\\\/\"},{\"@type\":\"ListItem\",\"position\":2,\"name\":\"Arany fokozattal t\u00fcntett\u00e9k ki a bajnai polg\u00e1r\u0151rs\u00e9g eln\u00f6k\u00e9t\"}]},{\"@type\":\"WebSite\",\"@id\":\"https:\\\/\\\/dorogimedence.hu\\\/#website\",\"url\":\"https:\\\/\\\/dorogimedence.hu\\\/\",\"name\":\"Dorogi-medence Region\u00e1lis H\u00edrport\u00e1l\",\"description\":\"Dorog, Keszt\u00f6lc, Le\u00e1nyv\u00e1r, Piliscs\u00e9v, Tokod, Tokodalt\u00e1r\u00f3, Csolnok, Esztergom-kertv\u00e1ros: h\u00edrek, programok\",\"publisher\":{\"@id\":\"https:\\\/\\\/dorogimedence.hu\\\/#organization\"},\"potentialAction\":[{\"@type\":\"SearchAction\",\"target\":{\"@type\":\"EntryPoint\",\"urlTemplate\":\"https:\\\/\\\/dorogimedence.hu\\\/?s={search_term_string}\"},\"query-input\":{\"@type\":\"PropertyValueSpecification\",\"valueRequired\":true,\"valueName\":\"search_term_string\"}}],\"inLanguage\":\"hu\"},{\"@type\":\"Organization\",\"@id\":\"https:\\\/\\\/dorogimedence.hu\\\/#organization\",\"name\":\"Dorogi-medence Region\u00e1lis H\u00edrport\u00e1l\",\"url\":\"https:\\\/\\\/dorogimedence.hu\\\/\",\"logo\":{\"@type\":\"ImageObject\",\"inLanguage\":\"hu\",\"@id\":\"https:\\\/\\\/dorogimedence.hu\\\/#\\\/schema\\\/logo\\\/image\\\/\",\"url\":\"https:\\\/\\\/dorogimedence.hu\\\/wp-content\\\/uploads\\\/2021\\\/04\\\/logo-feher-600.png\",\"contentUrl\":\"https:\\\/\\\/dorogimedence.hu\\\/wp-content\\\/uploads\\\/2021\\\/04\\\/logo-feher-600.png\",\"width\":600,\"height\":100,\"caption\":\"Dorogi-medence Region\u00e1lis H\u00edrport\u00e1l\"},\"image\":{\"@id\":\"https:\\\/\\\/dorogimedence.hu\\\/#\\\/schema\\\/logo\\\/image\\\/\"},\"sameAs\":[\"https:\\\/\\\/www.facebook.com\\\/dorogimedence\\\/\"]},{\"@type\":\"Person\",\"@id\":\"https:\\\/\\\/dorogimedence.hu\\\/#\\\/schema\\\/person\\\/ce6091eeb7e95ecdc87890d6aa8e0fd4\",\"name\":\"dorogimedence.hu\",\"image\":{\"@type\":\"ImageObject\",\"inLanguage\":\"hu\",\"@id\":\"\\\/\\\/www.gravatar.com\\\/avatar\\\/d8d45f8901aadff40a4af72c0b826f1d?s=96&#038;r=g&#038;d=mm\",\"url\":\"\\\/\\\/www.gravatar.com\\\/avatar\\\/d8d45f8901aadff40a4af72c0b826f1d?s=96&#038;r=g&#038;d=mm\",\"contentUrl\":\"\\\/\\\/www.gravatar.com\\\/avatar\\\/d8d45f8901aadff40a4af72c0b826f1d?s=96&#038;r=g&#038;d=mm\",\"caption\":\"dorogimedence.hu\"}}]}<\/script>\n<!-- \/ Yoast SEO plugin. -->","yoast_head_json":{"title":"Arany fokozattal t\u00fcntett\u00e9k ki a bajnai polg\u00e1r\u0151rs\u00e9g eln\u00f6k\u00e9t","robots":{"index":"index","follow":"follow","max-snippet":"max-snippet:-1","max-image-preview":"max-image-preview:large","max-video-preview":"max-video-preview:-1"},"canonical":"https:\/\/dorogimedence.hu\/index.php\/2019\/04\/15\/arany-fokozattal-tuntettek-ki-a-bajnai-polgarorseg-elnoket\/","og_locale":"hu_HU","og_type":"article","og_title":"Arany fokozattal t\u00fcntett\u00e9k ki a bajnai polg\u00e1r\u0151rs\u00e9g eln\u00f6k\u00e9t","og_description":"\u00c1prilis 12-\u00e9n, az Orsz\u00e1gos Rend\u0151r-F\u0151kapit\u00e1nys\u00e1g \u00e9p\u00fclet\u00e9ben rendezt\u00e9k meg az Orsz\u00e1gos Polg\u00e1r\u0151r Sz\u00f6vets\u00e9g \u00e9vi k\u00fcld\u00f6ttgy\u0171l\u00e9s\u00e9t. Dr. T\u00far\u00f3s Andr\u00e1s 2018. \u00e9vi tev\u00e9kenys\u00e9get \u00e9rt\u00e9kelve elmondta, hogy a Polg\u00e1r\u0151rs\u00e9g az elm\u00falt \u00e9vben a civil b\u0171nmegel\u0151z\u00e9s legjelent\u0151sebb, legnagyobb l\u00e9tsz\u00e1m\u00fa, legegys\u00e9gesebb, leghat\u00e9konyabb, s\u0151t n\u00e9lk\u00fcl\u00f6zhetetlen szerepl\u0151je \u00e9s z\u00e1szl\u00f3viv\u0151je volt. A Polg\u00e1r\u0151rs\u00e9g szakmai tev\u00e9kenys\u00e9g\u00e9t p\u00e9lda\u00e9rt\u00e9k\u0171nek min\u0151s\u00edtette, amiben a sz\u00f6vets\u00e9gek, a polg\u00e1r\u0151r\u00f6k lelkesen, szakszer\u0171en","og_url":"https:\/\/dorogimedence.hu\/index.php\/2019\/04\/15\/arany-fokozattal-tuntettek-ki-a-bajnai-polgarorseg-elnoket\/","og_site_name":"Dorogi-medence Region\u00e1lis H\u00edrport\u00e1l","article_publisher":"https:\/\/www.facebook.com\/dorogimedence\/","article_published_time":"2019-04-15T14:55:07+00:00","og_image":[{"width":670,"height":365,"url":"https:\/\/i0.wp.com\/dorogimedence.hu\/wp-content\/uploads\/2019\/04\/kun-horvath.jpg?fit=670%2C365&ssl=1","type":"image\/jpeg"}],"author":"dorogimedence.hu","twitter_card":"summary_large_image","twitter_misc":{"Szerz\u0151:":"dorogimedence.hu","Becs\u00fclt olvas\u00e1si id\u0151":"1 perc"},"schema":{"@context":"https:\/\/schema.org","@graph":[{"@type":"Article","@id":"https:\/\/dorogimedence.hu\/index.php\/2019\/04\/15\/arany-fokozattal-tuntettek-ki-a-bajnai-polgarorseg-elnoket\/#article","isPartOf":{"@id":"https:\/\/dorogimedence.hu\/index.php\/2019\/04\/15\/arany-fokozattal-tuntettek-ki-a-bajnai-polgarorseg-elnoket\/"},"author":{"name":"dorogimedence.hu","@id":"https:\/\/dorogimedence.hu\/#\/schema\/person\/ce6091eeb7e95ecdc87890d6aa8e0fd4"},"headline":"Arany fokozattal t\u00fcntett\u00e9k ki a bajnai polg\u00e1r\u0151rs\u00e9g eln\u00f6k\u00e9t","datePublished":"2019-04-15T14:55:07+00:00","mainEntityOfPage":{"@id":"https:\/\/dorogimedence.hu\/index.php\/2019\/04\/15\/arany-fokozattal-tuntettek-ki-a-bajnai-polgarorseg-elnoket\/"},"wordCount":307,"publisher":{"@id":"https:\/\/dorogimedence.hu\/#organization"},"image":{"@id":"https:\/\/dorogimedence.hu\/index.php\/2019\/04\/15\/arany-fokozattal-tuntettek-ki-a-bajnai-polgarorseg-elnoket\/#primaryimage"},"thumbnailUrl":"https:\/\/dorogimedence.hu\/wp-content\/uploads\/2019\/04\/kun-horvath.jpg","keywords":["Bajna","Kom\u00e1rom-Esztergom","polg\u00e1r\u0151s\u00e9g"],"articleSection":["H\u00edrek","Kom\u00e1rom-Esztergom"],"inLanguage":"hu"},{"@type":"WebPage","@id":"https:\/\/dorogimedence.hu\/index.php\/2019\/04\/15\/arany-fokozattal-tuntettek-ki-a-bajnai-polgarorseg-elnoket\/","url":"https:\/\/dorogimedence.hu\/index.php\/2019\/04\/15\/arany-fokozattal-tuntettek-ki-a-bajnai-polgarorseg-elnoket\/","name":"Arany fokozattal t\u00fcntett\u00e9k ki a bajnai polg\u00e1r\u0151rs\u00e9g eln\u00f6k\u00e9t","isPartOf":{"@id":"https:\/\/dorogimedence.hu\/#website"},"primaryImageOfPage":{"@id":"https:\/\/dorogimedence.hu\/index.php\/2019\/04\/15\/arany-fokozattal-tuntettek-ki-a-bajnai-polgarorseg-elnoket\/#primaryimage"},"image":{"@id":"https:\/\/dorogimedence.hu\/index.php\/2019\/04\/15\/arany-fokozattal-tuntettek-ki-a-bajnai-polgarorseg-elnoket\/#primaryimage"},"thumbnailUrl":"https:\/\/dorogimedence.hu\/wp-content\/uploads\/2019\/04\/kun-horvath.jpg","datePublished":"2019-04-15T14:55:07+00:00","breadcrumb":{"@id":"https:\/\/dorogimedence.hu\/index.php\/2019\/04\/15\/arany-fokozattal-tuntettek-ki-a-bajnai-polgarorseg-elnoket\/#breadcrumb"},"inLanguage":"hu","potentialAction":[{"@type":"ReadAction","target":["https:\/\/dorogimedence.hu\/index.php\/2019\/04\/15\/arany-fokozattal-tuntettek-ki-a-bajnai-polgarorseg-elnoket\/"]}]},{"@type":"ImageObject","inLanguage":"hu","@id":"https:\/\/dorogimedence.hu\/index.php\/2019\/04\/15\/arany-fokozattal-tuntettek-ki-a-bajnai-polgarorseg-elnoket\/#primaryimage","url":"https:\/\/dorogimedence.hu\/wp-content\/uploads\/2019\/04\/kun-horvath.jpg","contentUrl":"https:\/\/dorogimedence.hu\/wp-content\/uploads\/2019\/04\/kun-horvath.jpg","width":670,"height":365},{"@type":"BreadcrumbList","@id":"https:\/\/dorogimedence.hu\/index.php\/2019\/04\/15\/arany-fokozattal-tuntettek-ki-a-bajnai-polgarorseg-elnoket\/#breadcrumb","itemListElement":[{"@type":"ListItem","position":1,"name":"Kezd\u0151lap","item":"https:\/\/dorogimedence.hu\/"},{"@type":"ListItem","position":2,"name":"Arany fokozattal t\u00fcntett\u00e9k ki a bajnai polg\u00e1r\u0151rs\u00e9g eln\u00f6k\u00e9t"}]},{"@type":"WebSite","@id":"https:\/\/dorogimedence.hu\/#website","url":"https:\/\/dorogimedence.hu\/","name":"Dorogi-medence Region\u00e1lis H\u00edrport\u00e1l","description":"Dorog, Keszt\u00f6lc, Le\u00e1nyv\u00e1r, Piliscs\u00e9v, Tokod, Tokodalt\u00e1r\u00f3, Csolnok, Esztergom-kertv\u00e1ros: h\u00edrek, programok","publisher":{"@id":"https:\/\/dorogimedence.hu\/#organization"},"potentialAction":[{"@type":"SearchAction","target":{"@type":"EntryPoint","urlTemplate":"https:\/\/dorogimedence.hu\/?s={search_term_string}"},"query-input":{"@type":"PropertyValueSpecification","valueRequired":true,"valueName":"search_term_string"}}],"inLanguage":"hu"},{"@type":"Organization","@id":"https:\/\/dorogimedence.hu\/#organization","name":"Dorogi-medence Region\u00e1lis H\u00edrport\u00e1l","url":"https:\/\/dorogimedence.hu\/","logo":{"@type":"ImageObject","inLanguage":"hu","@id":"https:\/\/dorogimedence.hu\/#\/schema\/logo\/image\/","url":"https:\/\/dorogimedence.hu\/wp-content\/uploads\/2021\/04\/logo-feher-600.png","contentUrl":"https:\/\/dorogimedence.hu\/wp-content\/uploads\/2021\/04\/logo-feher-600.png","width":600,"height":100,"caption":"Dorogi-medence Region\u00e1lis H\u00edrport\u00e1l"},"image":{"@id":"https:\/\/dorogimedence.hu\/#\/schema\/logo\/image\/"},"sameAs":["https:\/\/www.facebook.com\/dorogimedence\/"]},{"@type":"Person","@id":"https:\/\/dorogimedence.hu\/#\/schema\/person\/ce6091eeb7e95ecdc87890d6aa8e0fd4","name":"dorogimedence.hu","image":{"@type":"ImageObject","inLanguage":"hu","@id":"\/\/www.gravatar.com\/avatar\/d8d45f8901aadff40a4af72c0b826f1d?s=96&#038;r=g&#038;d=mm","url":"\/\/www.gravatar.com\/avatar\/d8d45f8901aadff40a4af72c0b826f1d?s=96&#038;r=g&#038;d=mm","contentUrl":"\/\/www.gravatar.com\/avatar\/d8d45f8901aadff40a4af72c0b826f1d?s=96&#038;r=g&#038;d=mm","caption":"dorogimedence.hu"}}]}},"_links":{"self":[{"href":"https:\/\/dorogimedence.hu\/index.php\/wp-json\/wp\/v2\/posts\/16022","targetHints":{"allow":["GET"]}}],"collection":[{"href":"https:\/\/dorogimedence.hu\/index.php\/wp-json\/wp\/v2\/posts"}],"about":[{"href":"https:\/\/dorogimedence.hu\/index.php\/wp-json\/wp\/v2\/types\/post"}],"author":[{"embeddable":true,"href":"https:\/\/dorogimedence.hu\/index.php\/wp-json\/wp\/v2\/users\/1"}],"replies":[{"embeddable":true,"href":"https:\/\/dorogimedence.hu\/index.php\/wp-json\/wp\/v2\/comments?post=16022"}],"version-history":[{"count":0,"href":"https:\/\/dorogimedence.hu\/index.php\/wp-json\/wp\/v2\/posts\/16022\/revisions"}],"wp:featuredmedia":[{"embeddable":true,"href":"https:\/\/dorogimedence.hu\/index.php\/wp-json\/wp\/v2\/media\/16023"}],"wp:attachment":[{"href":"https:\/\/dorogimedence.hu\/index.php\/wp-json\/wp\/v2\/media?parent=16022"}],"wp:term":[{"taxonomy":"category","embeddable":true,"href":"https:\/\/dorogimedence.hu\/index.php\/wp-json\/wp\/v2\/categories?post=16022"},{"taxonomy":"post_tag","embeddable":true,"href":"https:\/\/dorogimedence.hu\/index.php\/wp-json\/wp\/v2\/tags?post=16022"}],"curies":[{"name":"wp","href":"https:\/\/api.w.org\/{rel}","templated":true}]}}