{"id":15877,"date":"2019-04-08T16:45:37","date_gmt":"2019-04-08T14:45:37","guid":{"rendered":"http:\/\/dorogimedence.hu\/?p=15877"},"modified":"2019-04-08T16:45:37","modified_gmt":"2019-04-08T14:45:37","slug":"halalos-balesetet-okozott-meg-el-sem-kezdte-a-buntetes-letolteset-de-ittasan-vezetett","status":"publish","type":"post","link":"https:\/\/dorogimedence.hu\/index.php\/2019\/04\/08\/halalos-balesetet-okozott-meg-el-sem-kezdte-a-buntetes-letolteset-de-ittasan-vezetett\/","title":{"rendered":"Hal\u00e1los balesetet okozott: m\u00e9g el sem kezdte a b\u00fcntet\u00e9s let\u00f6lt\u00e9s\u00e9t, de ittasan vezetett"},"content":{"rendered":"<div class=\"field field-name-body field-type-text-with-summary field-label-hidden\">\n<div class=\"field-items\">\n<div class=\"field-item even\">\n<p><strong>Hal\u00e1los k\u00f6z\u00fati baleset okoz\u00e1sa miatt 2019. m\u00e1rcius 4-\u00e9n let\u00f6ltend\u0151 szabads\u00e1gveszt\u00e9sre \u00edt\u00e9lte a b\u00edr\u00f3s\u00e1g azt a f\u00e9rfit, aki ez ut\u00e1n, 2019. m\u00e1rcius 16-\u00e1n \u00e9jjel ittasan vezetett aut\u00f3t Esztergomban.<\/strong><\/p>\n<p>Az \u00e9rv\u00e9nyes vezet\u0151i enged\u00e9llyel nem rendelkez\u0151 f\u00e9rfi 2018. \u00e1prilis 6-\u00e1n este T\u00e1t lakott ter\u00fclet\u00e9n k\u00edv\u00fcl aut\u00f3val k\u00f6zlekedett. A z\u00e1r\u00f3vonalat figyelmen k\u00edv\u00fcl hagyva el\u0151zni kezdett egy teherg\u00e9pkocsit, annak ellen\u00e9re, hogy a szembe s\u00e1v nem volt szabad, egy motor k\u00f6zeledett a megengedett sebess\u00e9get t\u00fall\u00e9pve. A motor \u00e9s az el\u0151z\u00e9st v\u00e9gz\u0151 aut\u00f3 \u00f6ssze\u00fctk\u00f6z\u00f6tt, a motor sof\u0151rje pedig a k\u00f3rh\u00e1zba sz\u00e1ll\u00edt\u00e1s\u00e1t k\u00f6vet\u0151en \u00e9let\u00e9t vesztette.<\/p>\n<p>Az Esztergomi J\u00e1r\u00e1sb\u00edr\u00f3s\u00e1g 2019. m\u00e1rcius 4-\u00e9n hal\u00e1los k\u00f6z\u00fati baleset gondatlan okoz\u00e1s\u00e1nak v\u00e9ts\u00e9ge miatt 2 \u00e9v 6 h\u00f3nap fogh\u00e1zb\u00fcntet\u00e9sre \u00edt\u00e9lte a f\u00e9rfit \u00e9s 5 \u00e9vre eltiltotta a k\u00f6z\u00fati j\u00e1rm\u0171vezet\u00e9st\u0151l.<\/p>\n<p>A f\u00e9rfi ennek ellen\u00e9re \u2013 mivel m\u00e9g nem kezdte meg a fenti, joger\u0151s szabads\u00e1gveszt\u00e9s let\u00f6lt\u00e9s\u00e9t \u2013 ism\u00e9t vol\u00e1n m\u00f6g\u00e9 \u00fclt. 2019. m\u00e1rcius 16-\u00e1n \u00e9jjel ittas \u00e1llapotban, utasokat sz\u00e1ll\u00edtva vezetett aut\u00f3t Esztergomban. Az Esztergomi J\u00e1r\u00e1sb\u00edr\u00f3s\u00e1g a f\u00e9rfit, mint visszaes\u0151t ittas j\u00e1rm\u0171vezet\u00e9s v\u00e9ts\u00e9ge miatt 10 h\u00f3nap b\u00f6rt\u00f6nb\u00fcntet\u00e9sre \u00edt\u00e9lte, 5 \u00e9vre eltiltotta a j\u00e1rm\u0171vezet\u00e9sr\u0151l \u00e9s 2 \u00e9vre a k\u00f6z\u00fcgyek gyakorl\u00e1s\u00e1t\u00f3l. Az \u00edt\u00e9let joger\u0151s, \u00edgy mind a k\u00e9t szabads\u00e1gveszt\u00e9st le kell t\u00f6ltenie.<\/p>\n<p><strong><em>Tatab\u00e1nyai T\u00f6rv\u00e9nysz\u00e9k<\/em><\/strong><\/p>\n<\/div>\n<\/div>\n<\/div>\n","protected":false},"excerpt":{"rendered":"<p>Hal\u00e1los k\u00f6z\u00fati baleset okoz\u00e1sa miatt 2019. m\u00e1rcius 4-\u00e9n let\u00f6ltend\u0151 szabads\u00e1gveszt\u00e9sre \u00edt\u00e9lte a b\u00edr\u00f3s\u00e1g azt a f\u00e9rfit, aki ez ut\u00e1n, 2019. m\u00e1rcius 16-\u00e1n \u00e9jjel ittasan vezetett aut\u00f3t Esztergomban. Az \u00e9rv\u00e9nyes vezet\u0151i enged\u00e9llyel nem rendelkez\u0151 f\u00e9rfi 2018. \u00e1prilis 6-\u00e1n este T\u00e1t lakott ter\u00fclet\u00e9n k\u00edv\u00fcl aut\u00f3val k\u00f6zlekedett. A z\u00e1r\u00f3vonalat figyelmen k\u00edv\u00fcl hagyva el\u0151zni kezdett egy teherg\u00e9pkocsit, annak ellen\u00e9re,<\/p>\n","protected":false},"author":1,"featured_media":4353,"comment_status":"closed","ping_status":"closed","sticky":false,"template":"","format":"standard","meta":{"ngg_post_thumbnail":0,"footnotes":""},"categories":[38,3,39],"tags":[1042,63,42,946,164,61],"class_list":{"0":"post-15877","1":"post","2":"type-post","3":"status-publish","4":"format-standard","5":"has-post-thumbnail","7":"category-esztergom","8":"category-hirek","9":"category-kek-hirek","10":"tag-birosag","11":"tag-buncselekmeny","12":"tag-esztergom","13":"tag-halalos-baleset","14":"tag-ittas-vezetes","15":"tag-rendorsegi-hirek"},"yoast_head":"<!-- This site is optimized with the Yoast SEO plugin v27.5 - https:\/\/yoast.com\/product\/yoast-seo-wordpress\/ -->\n<title>Hal\u00e1los balesetet okozott: m\u00e9g el sem kezdte a b\u00fcntet\u00e9s let\u00f6lt\u00e9s\u00e9t, de ittasan vezetett<\/title>\n<meta name=\"robots\" content=\"index, follow, max-snippet:-1, max-image-preview:large, max-video-preview:-1\" \/>\n<link rel=\"canonical\" href=\"https:\/\/dorogimedence.hu\/index.php\/2019\/04\/08\/halalos-balesetet-okozott-meg-el-sem-kezdte-a-buntetes-letolteset-de-ittasan-vezetett\/\" class=\"yoast-seo-meta-tag\" \/>\n<meta property=\"og:locale\" content=\"hu_HU\" class=\"yoast-seo-meta-tag\" \/>\n<meta property=\"og:type\" content=\"article\" class=\"yoast-seo-meta-tag\" \/>\n<meta property=\"og:title\" content=\"Hal\u00e1los balesetet okozott: m\u00e9g el sem kezdte a b\u00fcntet\u00e9s let\u00f6lt\u00e9s\u00e9t, de ittasan vezetett\" class=\"yoast-seo-meta-tag\" \/>\n<meta property=\"og:description\" content=\"Hal\u00e1los k\u00f6z\u00fati baleset okoz\u00e1sa miatt 2019. m\u00e1rcius 4-\u00e9n let\u00f6ltend\u0151 szabads\u00e1gveszt\u00e9sre \u00edt\u00e9lte a b\u00edr\u00f3s\u00e1g azt a f\u00e9rfit, aki ez ut\u00e1n, 2019. m\u00e1rcius 16-\u00e1n \u00e9jjel ittasan vezetett aut\u00f3t Esztergomban. Az \u00e9rv\u00e9nyes vezet\u0151i enged\u00e9llyel nem rendelkez\u0151 f\u00e9rfi 2018. \u00e1prilis 6-\u00e1n este T\u00e1t lakott ter\u00fclet\u00e9n k\u00edv\u00fcl aut\u00f3val k\u00f6zlekedett. A z\u00e1r\u00f3vonalat figyelmen k\u00edv\u00fcl hagyva el\u0151zni kezdett egy teherg\u00e9pkocsit, annak ellen\u00e9re,\" class=\"yoast-seo-meta-tag\" \/>\n<meta property=\"og:url\" content=\"https:\/\/dorogimedence.hu\/index.php\/2019\/04\/08\/halalos-balesetet-okozott-meg-el-sem-kezdte-a-buntetes-letolteset-de-ittasan-vezetett\/\" class=\"yoast-seo-meta-tag\" \/>\n<meta property=\"og:site_name\" content=\"Dorogi-medence Region\u00e1lis H\u00edrport\u00e1l\" class=\"yoast-seo-meta-tag\" \/>\n<meta property=\"article:publisher\" content=\"https:\/\/www.facebook.com\/dorogimedence\/\" class=\"yoast-seo-meta-tag\" \/>\n<meta property=\"article:published_time\" content=\"2019-04-08T14:45:37+00:00\" class=\"yoast-seo-meta-tag\" \/>\n<meta property=\"og:image\" content=\"https:\/\/i0.wp.com\/dorogimedence.hu\/wp-content\/uploads\/2017\/07\/ittas-vezetes-uj-01.jpg?fit=670%2C365&ssl=1\" class=\"yoast-seo-meta-tag\" \/>\n\t<meta property=\"og:image:width\" content=\"670\" class=\"yoast-seo-meta-tag\" \/>\n\t<meta property=\"og:image:height\" content=\"365\" class=\"yoast-seo-meta-tag\" \/>\n\t<meta property=\"og:image:type\" content=\"image\/jpeg\" class=\"yoast-seo-meta-tag\" \/>\n<meta name=\"author\" content=\"dorogimedence.hu\" class=\"yoast-seo-meta-tag\" \/>\n<meta name=\"twitter:card\" content=\"summary_large_image\" class=\"yoast-seo-meta-tag\" \/>\n<meta name=\"twitter:label1\" content=\"Szerz\u0151:\" class=\"yoast-seo-meta-tag\" \/>\n\t<meta name=\"twitter:data1\" content=\"dorogimedence.hu\" class=\"yoast-seo-meta-tag\" \/>\n\t<meta name=\"twitter:label2\" content=\"Becs\u00fclt olvas\u00e1si id\u0151\" class=\"yoast-seo-meta-tag\" \/>\n\t<meta name=\"twitter:data2\" content=\"2 perc\" class=\"yoast-seo-meta-tag\" \/>\n<script type=\"application\/ld+json\" class=\"yoast-schema-graph\">{\"@context\":\"https:\\\/\\\/schema.org\",\"@graph\":[{\"@type\":\"Article\",\"@id\":\"https:\\\/\\\/dorogimedence.hu\\\/index.php\\\/2019\\\/04\\\/08\\\/halalos-balesetet-okozott-meg-el-sem-kezdte-a-buntetes-letolteset-de-ittasan-vezetett\\\/#article\",\"isPartOf\":{\"@id\":\"https:\\\/\\\/dorogimedence.hu\\\/index.php\\\/2019\\\/04\\\/08\\\/halalos-balesetet-okozott-meg-el-sem-kezdte-a-buntetes-letolteset-de-ittasan-vezetett\\\/\"},\"author\":{\"name\":\"dorogimedence.hu\",\"@id\":\"https:\\\/\\\/dorogimedence.hu\\\/#\\\/schema\\\/person\\\/ce6091eeb7e95ecdc87890d6aa8e0fd4\"},\"headline\":\"Hal\u00e1los balesetet okozott: m\u00e9g el sem kezdte a b\u00fcntet\u00e9s let\u00f6lt\u00e9s\u00e9t, de ittasan vezetett\",\"datePublished\":\"2019-04-08T14:45:37+00:00\",\"mainEntityOfPage\":{\"@id\":\"https:\\\/\\\/dorogimedence.hu\\\/index.php\\\/2019\\\/04\\\/08\\\/halalos-balesetet-okozott-meg-el-sem-kezdte-a-buntetes-letolteset-de-ittasan-vezetett\\\/\"},\"wordCount\":330,\"publisher\":{\"@id\":\"https:\\\/\\\/dorogimedence.hu\\\/#organization\"},\"image\":{\"@id\":\"https:\\\/\\\/dorogimedence.hu\\\/index.php\\\/2019\\\/04\\\/08\\\/halalos-balesetet-okozott-meg-el-sem-kezdte-a-buntetes-letolteset-de-ittasan-vezetett\\\/#primaryimage\"},\"thumbnailUrl\":\"https:\\\/\\\/dorogimedence.hu\\\/wp-content\\\/uploads\\\/2017\\\/07\\\/ittas-vezetes-uj-01.jpg\",\"keywords\":[\"b\u00edr\u00f3s\u00e1g\",\"b\u0171ncselekm\u00e9ny\",\"esztergom\",\"hal\u00e1los baleset\",\"ittas vezet\u00e9s\",\"rend\u0151rs\u00e9gi h\u00edrek\"],\"articleSection\":[\"Esztergom\",\"H\u00edrek\",\"K\u00e9k h\u00edrek\"],\"inLanguage\":\"hu\"},{\"@type\":\"WebPage\",\"@id\":\"https:\\\/\\\/dorogimedence.hu\\\/index.php\\\/2019\\\/04\\\/08\\\/halalos-balesetet-okozott-meg-el-sem-kezdte-a-buntetes-letolteset-de-ittasan-vezetett\\\/\",\"url\":\"https:\\\/\\\/dorogimedence.hu\\\/index.php\\\/2019\\\/04\\\/08\\\/halalos-balesetet-okozott-meg-el-sem-kezdte-a-buntetes-letolteset-de-ittasan-vezetett\\\/\",\"name\":\"Hal\u00e1los balesetet okozott: m\u00e9g el sem kezdte a b\u00fcntet\u00e9s let\u00f6lt\u00e9s\u00e9t, de ittasan vezetett\",\"isPartOf\":{\"@id\":\"https:\\\/\\\/dorogimedence.hu\\\/#website\"},\"primaryImageOfPage\":{\"@id\":\"https:\\\/\\\/dorogimedence.hu\\\/index.php\\\/2019\\\/04\\\/08\\\/halalos-balesetet-okozott-meg-el-sem-kezdte-a-buntetes-letolteset-de-ittasan-vezetett\\\/#primaryimage\"},\"image\":{\"@id\":\"https:\\\/\\\/dorogimedence.hu\\\/index.php\\\/2019\\\/04\\\/08\\\/halalos-balesetet-okozott-meg-el-sem-kezdte-a-buntetes-letolteset-de-ittasan-vezetett\\\/#primaryimage\"},\"thumbnailUrl\":\"https:\\\/\\\/dorogimedence.hu\\\/wp-content\\\/uploads\\\/2017\\\/07\\\/ittas-vezetes-uj-01.jpg\",\"datePublished\":\"2019-04-08T14:45:37+00:00\",\"breadcrumb\":{\"@id\":\"https:\\\/\\\/dorogimedence.hu\\\/index.php\\\/2019\\\/04\\\/08\\\/halalos-balesetet-okozott-meg-el-sem-kezdte-a-buntetes-letolteset-de-ittasan-vezetett\\\/#breadcrumb\"},\"inLanguage\":\"hu\",\"potentialAction\":[{\"@type\":\"ReadAction\",\"target\":[\"https:\\\/\\\/dorogimedence.hu\\\/index.php\\\/2019\\\/04\\\/08\\\/halalos-balesetet-okozott-meg-el-sem-kezdte-a-buntetes-letolteset-de-ittasan-vezetett\\\/\"]}]},{\"@type\":\"ImageObject\",\"inLanguage\":\"hu\",\"@id\":\"https:\\\/\\\/dorogimedence.hu\\\/index.php\\\/2019\\\/04\\\/08\\\/halalos-balesetet-okozott-meg-el-sem-kezdte-a-buntetes-letolteset-de-ittasan-vezetett\\\/#primaryimage\",\"url\":\"https:\\\/\\\/dorogimedence.hu\\\/wp-content\\\/uploads\\\/2017\\\/07\\\/ittas-vezetes-uj-01.jpg\",\"contentUrl\":\"https:\\\/\\\/dorogimedence.hu\\\/wp-content\\\/uploads\\\/2017\\\/07\\\/ittas-vezetes-uj-01.jpg\",\"width\":670,\"height\":365},{\"@type\":\"BreadcrumbList\",\"@id\":\"https:\\\/\\\/dorogimedence.hu\\\/index.php\\\/2019\\\/04\\\/08\\\/halalos-balesetet-okozott-meg-el-sem-kezdte-a-buntetes-letolteset-de-ittasan-vezetett\\\/#breadcrumb\",\"itemListElement\":[{\"@type\":\"ListItem\",\"position\":1,\"name\":\"Kezd\u0151lap\",\"item\":\"https:\\\/\\\/dorogimedence.hu\\\/\"},{\"@type\":\"ListItem\",\"position\":2,\"name\":\"Hal\u00e1los balesetet okozott: m\u00e9g el sem kezdte a b\u00fcntet\u00e9s let\u00f6lt\u00e9s\u00e9t, de ittasan vezetett\"}]},{\"@type\":\"WebSite\",\"@id\":\"https:\\\/\\\/dorogimedence.hu\\\/#website\",\"url\":\"https:\\\/\\\/dorogimedence.hu\\\/\",\"name\":\"Dorogi-medence Region\u00e1lis H\u00edrport\u00e1l\",\"description\":\"Dorog, Keszt\u00f6lc, Le\u00e1nyv\u00e1r, Piliscs\u00e9v, Tokod, Tokodalt\u00e1r\u00f3, Csolnok, Esztergom-kertv\u00e1ros: h\u00edrek, programok\",\"publisher\":{\"@id\":\"https:\\\/\\\/dorogimedence.hu\\\/#organization\"},\"potentialAction\":[{\"@type\":\"SearchAction\",\"target\":{\"@type\":\"EntryPoint\",\"urlTemplate\":\"https:\\\/\\\/dorogimedence.hu\\\/?s={search_term_string}\"},\"query-input\":{\"@type\":\"PropertyValueSpecification\",\"valueRequired\":true,\"valueName\":\"search_term_string\"}}],\"inLanguage\":\"hu\"},{\"@type\":\"Organization\",\"@id\":\"https:\\\/\\\/dorogimedence.hu\\\/#organization\",\"name\":\"Dorogi-medence Region\u00e1lis H\u00edrport\u00e1l\",\"url\":\"https:\\\/\\\/dorogimedence.hu\\\/\",\"logo\":{\"@type\":\"ImageObject\",\"inLanguage\":\"hu\",\"@id\":\"https:\\\/\\\/dorogimedence.hu\\\/#\\\/schema\\\/logo\\\/image\\\/\",\"url\":\"https:\\\/\\\/dorogimedence.hu\\\/wp-content\\\/uploads\\\/2021\\\/04\\\/logo-feher-600.png\",\"contentUrl\":\"https:\\\/\\\/dorogimedence.hu\\\/wp-content\\\/uploads\\\/2021\\\/04\\\/logo-feher-600.png\",\"width\":600,\"height\":100,\"caption\":\"Dorogi-medence Region\u00e1lis H\u00edrport\u00e1l\"},\"image\":{\"@id\":\"https:\\\/\\\/dorogimedence.hu\\\/#\\\/schema\\\/logo\\\/image\\\/\"},\"sameAs\":[\"https:\\\/\\\/www.facebook.com\\\/dorogimedence\\\/\"]},{\"@type\":\"Person\",\"@id\":\"https:\\\/\\\/dorogimedence.hu\\\/#\\\/schema\\\/person\\\/ce6091eeb7e95ecdc87890d6aa8e0fd4\",\"name\":\"dorogimedence.hu\",\"image\":{\"@type\":\"ImageObject\",\"inLanguage\":\"hu\",\"@id\":\"\\\/\\\/www.gravatar.com\\\/avatar\\\/d8d45f8901aadff40a4af72c0b826f1d?s=96&#038;r=g&#038;d=mm\",\"url\":\"\\\/\\\/www.gravatar.com\\\/avatar\\\/d8d45f8901aadff40a4af72c0b826f1d?s=96&#038;r=g&#038;d=mm\",\"contentUrl\":\"\\\/\\\/www.gravatar.com\\\/avatar\\\/d8d45f8901aadff40a4af72c0b826f1d?s=96&#038;r=g&#038;d=mm\",\"caption\":\"dorogimedence.hu\"}}]}<\/script>\n<!-- \/ Yoast SEO plugin. -->","yoast_head_json":{"title":"Hal\u00e1los balesetet okozott: m\u00e9g el sem kezdte a b\u00fcntet\u00e9s let\u00f6lt\u00e9s\u00e9t, de ittasan vezetett","robots":{"index":"index","follow":"follow","max-snippet":"max-snippet:-1","max-image-preview":"max-image-preview:large","max-video-preview":"max-video-preview:-1"},"canonical":"https:\/\/dorogimedence.hu\/index.php\/2019\/04\/08\/halalos-balesetet-okozott-meg-el-sem-kezdte-a-buntetes-letolteset-de-ittasan-vezetett\/","og_locale":"hu_HU","og_type":"article","og_title":"Hal\u00e1los balesetet okozott: m\u00e9g el sem kezdte a b\u00fcntet\u00e9s let\u00f6lt\u00e9s\u00e9t, de ittasan vezetett","og_description":"Hal\u00e1los k\u00f6z\u00fati baleset okoz\u00e1sa miatt 2019. m\u00e1rcius 4-\u00e9n let\u00f6ltend\u0151 szabads\u00e1gveszt\u00e9sre \u00edt\u00e9lte a b\u00edr\u00f3s\u00e1g azt a f\u00e9rfit, aki ez ut\u00e1n, 2019. m\u00e1rcius 16-\u00e1n \u00e9jjel ittasan vezetett aut\u00f3t Esztergomban. Az \u00e9rv\u00e9nyes vezet\u0151i enged\u00e9llyel nem rendelkez\u0151 f\u00e9rfi 2018. \u00e1prilis 6-\u00e1n este T\u00e1t lakott ter\u00fclet\u00e9n k\u00edv\u00fcl aut\u00f3val k\u00f6zlekedett. A z\u00e1r\u00f3vonalat figyelmen k\u00edv\u00fcl hagyva el\u0151zni kezdett egy teherg\u00e9pkocsit, annak ellen\u00e9re,","og_url":"https:\/\/dorogimedence.hu\/index.php\/2019\/04\/08\/halalos-balesetet-okozott-meg-el-sem-kezdte-a-buntetes-letolteset-de-ittasan-vezetett\/","og_site_name":"Dorogi-medence Region\u00e1lis H\u00edrport\u00e1l","article_publisher":"https:\/\/www.facebook.com\/dorogimedence\/","article_published_time":"2019-04-08T14:45:37+00:00","og_image":[{"width":670,"height":365,"url":"https:\/\/i0.wp.com\/dorogimedence.hu\/wp-content\/uploads\/2017\/07\/ittas-vezetes-uj-01.jpg?fit=670%2C365&ssl=1","type":"image\/jpeg"}],"author":"dorogimedence.hu","twitter_card":"summary_large_image","twitter_misc":{"Szerz\u0151:":"dorogimedence.hu","Becs\u00fclt olvas\u00e1si id\u0151":"2 perc"},"schema":{"@context":"https:\/\/schema.org","@graph":[{"@type":"Article","@id":"https:\/\/dorogimedence.hu\/index.php\/2019\/04\/08\/halalos-balesetet-okozott-meg-el-sem-kezdte-a-buntetes-letolteset-de-ittasan-vezetett\/#article","isPartOf":{"@id":"https:\/\/dorogimedence.hu\/index.php\/2019\/04\/08\/halalos-balesetet-okozott-meg-el-sem-kezdte-a-buntetes-letolteset-de-ittasan-vezetett\/"},"author":{"name":"dorogimedence.hu","@id":"https:\/\/dorogimedence.hu\/#\/schema\/person\/ce6091eeb7e95ecdc87890d6aa8e0fd4"},"headline":"Hal\u00e1los balesetet okozott: m\u00e9g el sem kezdte a b\u00fcntet\u00e9s let\u00f6lt\u00e9s\u00e9t, de ittasan vezetett","datePublished":"2019-04-08T14:45:37+00:00","mainEntityOfPage":{"@id":"https:\/\/dorogimedence.hu\/index.php\/2019\/04\/08\/halalos-balesetet-okozott-meg-el-sem-kezdte-a-buntetes-letolteset-de-ittasan-vezetett\/"},"wordCount":330,"publisher":{"@id":"https:\/\/dorogimedence.hu\/#organization"},"image":{"@id":"https:\/\/dorogimedence.hu\/index.php\/2019\/04\/08\/halalos-balesetet-okozott-meg-el-sem-kezdte-a-buntetes-letolteset-de-ittasan-vezetett\/#primaryimage"},"thumbnailUrl":"https:\/\/dorogimedence.hu\/wp-content\/uploads\/2017\/07\/ittas-vezetes-uj-01.jpg","keywords":["b\u00edr\u00f3s\u00e1g","b\u0171ncselekm\u00e9ny","esztergom","hal\u00e1los baleset","ittas vezet\u00e9s","rend\u0151rs\u00e9gi h\u00edrek"],"articleSection":["Esztergom","H\u00edrek","K\u00e9k h\u00edrek"],"inLanguage":"hu"},{"@type":"WebPage","@id":"https:\/\/dorogimedence.hu\/index.php\/2019\/04\/08\/halalos-balesetet-okozott-meg-el-sem-kezdte-a-buntetes-letolteset-de-ittasan-vezetett\/","url":"https:\/\/dorogimedence.hu\/index.php\/2019\/04\/08\/halalos-balesetet-okozott-meg-el-sem-kezdte-a-buntetes-letolteset-de-ittasan-vezetett\/","name":"Hal\u00e1los balesetet okozott: m\u00e9g el sem kezdte a b\u00fcntet\u00e9s let\u00f6lt\u00e9s\u00e9t, de ittasan vezetett","isPartOf":{"@id":"https:\/\/dorogimedence.hu\/#website"},"primaryImageOfPage":{"@id":"https:\/\/dorogimedence.hu\/index.php\/2019\/04\/08\/halalos-balesetet-okozott-meg-el-sem-kezdte-a-buntetes-letolteset-de-ittasan-vezetett\/#primaryimage"},"image":{"@id":"https:\/\/dorogimedence.hu\/index.php\/2019\/04\/08\/halalos-balesetet-okozott-meg-el-sem-kezdte-a-buntetes-letolteset-de-ittasan-vezetett\/#primaryimage"},"thumbnailUrl":"https:\/\/dorogimedence.hu\/wp-content\/uploads\/2017\/07\/ittas-vezetes-uj-01.jpg","datePublished":"2019-04-08T14:45:37+00:00","breadcrumb":{"@id":"https:\/\/dorogimedence.hu\/index.php\/2019\/04\/08\/halalos-balesetet-okozott-meg-el-sem-kezdte-a-buntetes-letolteset-de-ittasan-vezetett\/#breadcrumb"},"inLanguage":"hu","potentialAction":[{"@type":"ReadAction","target":["https:\/\/dorogimedence.hu\/index.php\/2019\/04\/08\/halalos-balesetet-okozott-meg-el-sem-kezdte-a-buntetes-letolteset-de-ittasan-vezetett\/"]}]},{"@type":"ImageObject","inLanguage":"hu","@id":"https:\/\/dorogimedence.hu\/index.php\/2019\/04\/08\/halalos-balesetet-okozott-meg-el-sem-kezdte-a-buntetes-letolteset-de-ittasan-vezetett\/#primaryimage","url":"https:\/\/dorogimedence.hu\/wp-content\/uploads\/2017\/07\/ittas-vezetes-uj-01.jpg","contentUrl":"https:\/\/dorogimedence.hu\/wp-content\/uploads\/2017\/07\/ittas-vezetes-uj-01.jpg","width":670,"height":365},{"@type":"BreadcrumbList","@id":"https:\/\/dorogimedence.hu\/index.php\/2019\/04\/08\/halalos-balesetet-okozott-meg-el-sem-kezdte-a-buntetes-letolteset-de-ittasan-vezetett\/#breadcrumb","itemListElement":[{"@type":"ListItem","position":1,"name":"Kezd\u0151lap","item":"https:\/\/dorogimedence.hu\/"},{"@type":"ListItem","position":2,"name":"Hal\u00e1los balesetet okozott: m\u00e9g el sem kezdte a b\u00fcntet\u00e9s let\u00f6lt\u00e9s\u00e9t, de ittasan vezetett"}]},{"@type":"WebSite","@id":"https:\/\/dorogimedence.hu\/#website","url":"https:\/\/dorogimedence.hu\/","name":"Dorogi-medence Region\u00e1lis H\u00edrport\u00e1l","description":"Dorog, Keszt\u00f6lc, Le\u00e1nyv\u00e1r, Piliscs\u00e9v, Tokod, Tokodalt\u00e1r\u00f3, Csolnok, Esztergom-kertv\u00e1ros: h\u00edrek, programok","publisher":{"@id":"https:\/\/dorogimedence.hu\/#organization"},"potentialAction":[{"@type":"SearchAction","target":{"@type":"EntryPoint","urlTemplate":"https:\/\/dorogimedence.hu\/?s={search_term_string}"},"query-input":{"@type":"PropertyValueSpecification","valueRequired":true,"valueName":"search_term_string"}}],"inLanguage":"hu"},{"@type":"Organization","@id":"https:\/\/dorogimedence.hu\/#organization","name":"Dorogi-medence Region\u00e1lis H\u00edrport\u00e1l","url":"https:\/\/dorogimedence.hu\/","logo":{"@type":"ImageObject","inLanguage":"hu","@id":"https:\/\/dorogimedence.hu\/#\/schema\/logo\/image\/","url":"https:\/\/dorogimedence.hu\/wp-content\/uploads\/2021\/04\/logo-feher-600.png","contentUrl":"https:\/\/dorogimedence.hu\/wp-content\/uploads\/2021\/04\/logo-feher-600.png","width":600,"height":100,"caption":"Dorogi-medence Region\u00e1lis H\u00edrport\u00e1l"},"image":{"@id":"https:\/\/dorogimedence.hu\/#\/schema\/logo\/image\/"},"sameAs":["https:\/\/www.facebook.com\/dorogimedence\/"]},{"@type":"Person","@id":"https:\/\/dorogimedence.hu\/#\/schema\/person\/ce6091eeb7e95ecdc87890d6aa8e0fd4","name":"dorogimedence.hu","image":{"@type":"ImageObject","inLanguage":"hu","@id":"\/\/www.gravatar.com\/avatar\/d8d45f8901aadff40a4af72c0b826f1d?s=96&#038;r=g&#038;d=mm","url":"\/\/www.gravatar.com\/avatar\/d8d45f8901aadff40a4af72c0b826f1d?s=96&#038;r=g&#038;d=mm","contentUrl":"\/\/www.gravatar.com\/avatar\/d8d45f8901aadff40a4af72c0b826f1d?s=96&#038;r=g&#038;d=mm","caption":"dorogimedence.hu"}}]}},"_links":{"self":[{"href":"https:\/\/dorogimedence.hu\/index.php\/wp-json\/wp\/v2\/posts\/15877","targetHints":{"allow":["GET"]}}],"collection":[{"href":"https:\/\/dorogimedence.hu\/index.php\/wp-json\/wp\/v2\/posts"}],"about":[{"href":"https:\/\/dorogimedence.hu\/index.php\/wp-json\/wp\/v2\/types\/post"}],"author":[{"embeddable":true,"href":"https:\/\/dorogimedence.hu\/index.php\/wp-json\/wp\/v2\/users\/1"}],"replies":[{"embeddable":true,"href":"https:\/\/dorogimedence.hu\/index.php\/wp-json\/wp\/v2\/comments?post=15877"}],"version-history":[{"count":0,"href":"https:\/\/dorogimedence.hu\/index.php\/wp-json\/wp\/v2\/posts\/15877\/revisions"}],"wp:featuredmedia":[{"embeddable":true,"href":"https:\/\/dorogimedence.hu\/index.php\/wp-json\/wp\/v2\/media\/4353"}],"wp:attachment":[{"href":"https:\/\/dorogimedence.hu\/index.php\/wp-json\/wp\/v2\/media?parent=15877"}],"wp:term":[{"taxonomy":"category","embeddable":true,"href":"https:\/\/dorogimedence.hu\/index.php\/wp-json\/wp\/v2\/categories?post=15877"},{"taxonomy":"post_tag","embeddable":true,"href":"https:\/\/dorogimedence.hu\/index.php\/wp-json\/wp\/v2\/tags?post=15877"}],"curies":[{"name":"wp","href":"https:\/\/api.w.org\/{rel}","templated":true}]}}