{"id":15702,"date":"2019-03-29T06:31:52","date_gmt":"2019-03-29T05:31:52","guid":{"rendered":"http:\/\/dorogimedence.hu\/?p=15702"},"modified":"2019-03-29T06:31:52","modified_gmt":"2019-03-29T05:31:52","slug":"orok-merlegen-dorog-monor","status":"publish","type":"post","link":"https:\/\/dorogimedence.hu\/index.php\/2019\/03\/29\/orok-merlegen-dorog-monor\/","title":{"rendered":"\u00d6r\u00f6k m\u00e9rlegen: Dorog &#8211; Monor"},"content":{"rendered":"<p><strong>A v\u00e1logatott Eur\u00f3pa-bajnoki selejtez\u0151i miatti sz\u00fcntet k\u00f6vet\u0151en a h\u00e9tv\u00e9g\u00e9n folytat\u00f3dnak a bajnoki k\u00fczdelmek. Vas\u00e1rnap a dorogiakat a Monor l\u00e1tja vend\u00e9g\u00fcl, m\u00e9gpedig ideiglenes otthon\u00e1ban, Dabason <\/strong><em>&#8211; Szab\u00f3 Gyula \u00f6sszefoglal\u00f3ja.<\/em><\/p>\n<p>A k\u00e9t csapat a kor\u00e1bbiakban meglehet\u0151sen ritk\u00e1n tal\u00e1lkozott egym\u00e1ssal. Ezid\u00e1ig mind\u00f6ssze 7 alkalommal k\u00fczd\u00f6ttek meg egym\u00e1s ellen, valah\u00e1nyszor m\u00e1sodoszt\u00e1ly\u00fa bajnokin. A m\u00e9rleg j\u00f3csk\u00e1n a dorogiak fel\u00e9 billen, miut\u00e1n 4 gy\u0151zelem \u00e9s 2 d\u00f6ntetlen mellett mind\u00f6ssze egy monori siker sz\u00fcletett, 19:10-es g\u00f3lar\u00e1nnyal.<\/p>\n<p>A legels\u0151 m\u00e9rk\u0151z\u00e9sre 1937. november elsej\u00e9n, Monoron ker\u00fclt sor, amely magabiztos 3-1-es dorogi gy\u0151zelemmel z\u00e1rult. A tavaszi visszav\u00e1g\u00f3 1938. m\u00e1rcius 20-\u00e1n is hasonl\u00f3an alakult, m\u00e9gha a 3-2-es eredm\u00e9ny szorosnak is t\u0171nik, azonban a Dorog \u00edgy is biztosan tartotta otthon mindk\u00e9t pontot.<\/p>\n<p>A k\u00f6vetkez\u0151 \u00e9vadban ugyancsak oda-vissza diadalmaskodtak a mieink, \u00e1m ez\u00fattal mindk\u00e9t alkalommal k\u00e9t-k\u00e9t tov\u00e1bbi g\u00f3llal toldott\u00e1k meg gy\u0151zelm\u00fcket. Az 1938. szeptemberi 4-ei hazai meccsen 5-2-re, m\u00edg a tavaszi visszav\u00e1g\u00f3n, 1939. \u00e1prilis 23-\u00e1n idegenben nyertek 5-1-re.<\/p>\n<p>Ezt k\u00f6vet\u0151en nagyon hossz\u00fa id\u0151n kereszt\u00fcl nem volt szerencs\u00e9j\u00fck egym\u00e1shoz, eg\u00e9szen az \u00faj \u00e9vezred elej\u00e9ig. Akkor oszt\u00e1lyoz\u00f3 m\u00e9rk\u0151z\u00e9sen ker\u00fcltek \u00f6ssze, amelynek t\u00e9tje az NB I\/B volt. Az els\u0151 tal\u00e1lkoz\u00f3ra h\u00e9tk\u00f6zi meccsen Dorogon ker\u00fclt sor, 2002. m\u00e1jus 29-\u00e9n. A dorogiak a meccs nagy r\u00e9sz\u00e9ben f\u00f6l\u00e9nyben j\u00e1tszottak \u00e9s sz\u00e1mtalan helyzetet pusk\u00e1ztak el. Vigh Szabolcs egymaga mesterh\u00e1rmast \u00e9rt volna el, ha csak a ziccereit bel\u00f6vi. Ahogy az ilyenkor lenni szokott, a vend\u00e9gek az els\u0151 \u00e9s egyetlen \u00e9pk\u00e9zl\u00e1b t\u00e1mad\u00e1sukat k\u00f6vet\u0151en az utols\u00f3 percekben szerzett g\u00f3ljukkal nyertek. A n\u00e9gy nappal k\u00e9s\u0151bbi visszav\u00e1g\u00f3n hi\u00e1ba \u00e9rt el 2-2-es d\u00f6ntetlent a Dorog, minim\u00e1lis k\u00fcl\u00f6nbs\u00e9ggel elvesz\u00edtette az oszt\u00e1lyoz\u00f3t. Pedig a monori m\u00e9rk\u0151z\u00e9sen a k\u00e9t g\u00f3lon k\u00edv\u00fcl is b\u0151ven volt lehet\u0151s\u00e9ge a csapatnak tov\u00e1bbi g\u00f3lszerz\u00e9sre \u00e9s hogy a maga jav\u00e1ra ford\u00edtsa az eredm\u00e9nyt m\u00e9g akkor is, ha k\u00e9tszer is h\u00e1tr\u00e1nyba ker\u00fclt. Ett\u0151l f\u00fcggetlen\u00fcl is indulhattak volna a m\u00e1sodoszt\u00e1lyban, mivel volt visszal\u00e9p\u0151 \u00e9s a Sz\u00f6vets\u00e9g a szab\u00e1lyok \u00e9rtelm\u00e9ben a mieinknek aj\u00e1nlotta fel az indul\u00e1s jog\u00e1t. Azonban a klub akkori anyagi helyzete ezt nem tette lehet\u0151v\u00e9, ugyanis a nevez\u00e9shez sz\u00fcks\u00e9ges minimum anyagi h\u00e1tt\u00e9r \u00f6sszeg\u00e9nek csak a k\u00e9tharmada \u00e1llt a rendelkez\u00e9sre.<\/p>\n<p>\u00dajabb hossz\u00fa id\u0151szak eltelt\u00e9vel a jelen bajnoki \u00e9vadban lettek \u00fajra csoportt\u00e1rsak. Els\u0151k\u00e9nt\u00a0 Dorogon, tavaly okt\u00f3ber 3-\u00e1n, h\u00e9tk\u00f6zi m\u00e9rk\u0151z\u00e9sen csaptak \u00f6ssze, ahol a tal\u00e1lkoz\u00f3 v\u00e9g\u00e9ig vezettek a dorogiak, \u00e1m az utols\u00f3 percben egy meglehet\u0151sen potya\u00edz\u0171 tal\u00e1lattal &#8211; egy t\u00e1volr\u00f3l leadott, nem t\u00fal komolynak t\u0171n\u0151, lapos, pattog\u00f3s l\u00f6v\u00e9s kapusunk kezei k\u00f6z\u00f6tt a jobb als\u00f3 sarokban k\u00f6t\u00f6tt ki &#8211; egyenl\u00edtettek a vend\u00e9gek, be\u00e1ll\u00edtva az 1-1-es v\u00e9gerdm\u00e9nyt.<\/p>\n<p>A Dorog hazai m\u00e9rlege: 4 m\u00e9rk\u0151z\u00e9sb\u0151l 2 gy\u0151zelem, 1 d\u00f6ntetlen, 1 veres\u00e9g, 9:6-os g\u00f3lar\u00e1ny.<br \/>\nIdegeneli m\u00e9rleg: 3 m\u00e9rk\u0151z\u00e9sb\u0151l 2 gy\u0151zelem, 1 d\u00f6ntetlen, 10:4-es g\u00f3lar\u00e1ny.<\/p>\n<p>B\u00e1r a mieink mutat\u00f3i minden szempontb\u00f3l sokkal jobbak, azonban az is t\u00e9ny, hogy a Monor eddigi valamennyi ellen\u00fcnk j\u00e1tszott meccs\u00e9n g\u00f3lt tudott szerezni, m\u00edg a dorogiak egy alkalommal g\u00f3lk\u00e9ptelennek bizonyultak.<\/p>\n<p>Az eddigi 19 dorogi g\u00f3l szerz\u0151i id\u0151rendben: Juh\u00e1sz, Klausz (2), K\u0151falvi, Gy\u00f6mb\u00e9r (2), K\u00f3kai, Pfluger, Proh\u00e1szka J\u00f3zsef (3), Brandhuber, V\u00e1zsonyi I. (2), Pick, Bencze, Aubel, Sink\u00f3 \u00e9s Sitku.<\/p>\n","protected":false},"excerpt":{"rendered":"<p>A v\u00e1logatott Eur\u00f3pa-bajnoki selejtez\u0151i miatti sz\u00fcntet k\u00f6vet\u0151en a h\u00e9tv\u00e9g\u00e9n folytat\u00f3dnak a bajnoki k\u00fczdelmek. Vas\u00e1rnap a dorogiakat a Monor l\u00e1tja vend\u00e9g\u00fcl, m\u00e9gpedig ideiglenes otthon\u00e1ban, Dabason &#8211; Szab\u00f3 Gyula \u00f6sszefoglal\u00f3ja. A k\u00e9t csapat a kor\u00e1bbiakban meglehet\u0151sen ritk\u00e1n tal\u00e1lkozott egym\u00e1ssal. Ezid\u00e1ig mind\u00f6ssze 7 alkalommal k\u00fczd\u00f6ttek meg egym\u00e1s ellen, valah\u00e1nyszor m\u00e1sodoszt\u00e1ly\u00fa bajnokin. A m\u00e9rleg j\u00f3csk\u00e1n a dorogiak fel\u00e9 billen,<\/p>\n","protected":false},"author":1,"featured_media":15703,"comment_status":"closed","ping_status":"closed","sticky":false,"template":"","format":"standard","meta":{"ngg_post_thumbnail":0,"footnotes":""},"categories":[2,3,5],"tags":[15,37,70,69,72,3638,263,16],"class_list":{"0":"post-15702","1":"post","2":"type-post","3":"status-publish","4":"format-standard","5":"has-post-thumbnail","7":"category-dorog","8":"category-hirek","9":"category-sport","10":"tag-dorog","11":"tag-dorogi-fc","12":"tag-foci","13":"tag-futball","14":"tag-labdarugas","15":"tag-monor","16":"tag-nb-ii","17":"tag-sport"},"yoast_head":"<!-- This site is optimized with the Yoast SEO plugin v27.4 - https:\/\/yoast.com\/product\/yoast-seo-wordpress\/ -->\n<title>\u00d6r\u00f6k m\u00e9rlegen: Dorog - Monor<\/title>\n<meta name=\"robots\" content=\"index, follow, max-snippet:-1, max-image-preview:large, max-video-preview:-1\" \/>\n<link rel=\"canonical\" href=\"https:\/\/dorogimedence.hu\/index.php\/2019\/03\/29\/orok-merlegen-dorog-monor\/\" class=\"yoast-seo-meta-tag\" \/>\n<meta property=\"og:locale\" content=\"hu_HU\" class=\"yoast-seo-meta-tag\" \/>\n<meta property=\"og:type\" content=\"article\" class=\"yoast-seo-meta-tag\" \/>\n<meta property=\"og:title\" content=\"\u00d6r\u00f6k m\u00e9rlegen: Dorog - Monor\" class=\"yoast-seo-meta-tag\" \/>\n<meta property=\"og:description\" content=\"A v\u00e1logatott Eur\u00f3pa-bajnoki selejtez\u0151i miatti sz\u00fcntet k\u00f6vet\u0151en a h\u00e9tv\u00e9g\u00e9n folytat\u00f3dnak a bajnoki k\u00fczdelmek. Vas\u00e1rnap a dorogiakat a Monor l\u00e1tja vend\u00e9g\u00fcl, m\u00e9gpedig ideiglenes otthon\u00e1ban, Dabason &#8211; Szab\u00f3 Gyula \u00f6sszefoglal\u00f3ja. A k\u00e9t csapat a kor\u00e1bbiakban meglehet\u0151sen ritk\u00e1n tal\u00e1lkozott egym\u00e1ssal. Ezid\u00e1ig mind\u00f6ssze 7 alkalommal k\u00fczd\u00f6ttek meg egym\u00e1s ellen, valah\u00e1nyszor m\u00e1sodoszt\u00e1ly\u00fa bajnokin. A m\u00e9rleg j\u00f3csk\u00e1n a dorogiak fel\u00e9 billen,\" class=\"yoast-seo-meta-tag\" \/>\n<meta property=\"og:url\" content=\"https:\/\/dorogimedence.hu\/index.php\/2019\/03\/29\/orok-merlegen-dorog-monor\/\" class=\"yoast-seo-meta-tag\" \/>\n<meta property=\"og:site_name\" content=\"Dorogi-medence Region\u00e1lis H\u00edrport\u00e1l\" class=\"yoast-seo-meta-tag\" \/>\n<meta property=\"article:publisher\" content=\"https:\/\/www.facebook.com\/dorogimedence\/\" class=\"yoast-seo-meta-tag\" \/>\n<meta property=\"article:published_time\" content=\"2019-03-29T05:31:52+00:00\" class=\"yoast-seo-meta-tag\" \/>\n<meta property=\"og:image\" content=\"https:\/\/i0.wp.com\/dorogimedence.hu\/wp-content\/uploads\/2019\/03\/mondor-dorog.jpg?fit=670%2C365&ssl=1\" class=\"yoast-seo-meta-tag\" \/>\n\t<meta property=\"og:image:width\" content=\"670\" class=\"yoast-seo-meta-tag\" \/>\n\t<meta property=\"og:image:height\" content=\"365\" class=\"yoast-seo-meta-tag\" \/>\n\t<meta property=\"og:image:type\" content=\"image\/jpeg\" class=\"yoast-seo-meta-tag\" \/>\n<meta name=\"author\" content=\"dorogimedence.hu\" class=\"yoast-seo-meta-tag\" \/>\n<meta name=\"twitter:card\" content=\"summary_large_image\" class=\"yoast-seo-meta-tag\" \/>\n<meta name=\"twitter:label1\" content=\"Szerz\u0151:\" class=\"yoast-seo-meta-tag\" \/>\n\t<meta name=\"twitter:data1\" content=\"dorogimedence.hu\" class=\"yoast-seo-meta-tag\" \/>\n\t<meta name=\"twitter:label2\" content=\"Becs\u00fclt olvas\u00e1si id\u0151\" class=\"yoast-seo-meta-tag\" \/>\n\t<meta name=\"twitter:data2\" content=\"3 perc\" class=\"yoast-seo-meta-tag\" \/>\n<script type=\"application\/ld+json\" class=\"yoast-schema-graph\">{\"@context\":\"https:\\\/\\\/schema.org\",\"@graph\":[{\"@type\":\"Article\",\"@id\":\"https:\\\/\\\/dorogimedence.hu\\\/index.php\\\/2019\\\/03\\\/29\\\/orok-merlegen-dorog-monor\\\/#article\",\"isPartOf\":{\"@id\":\"https:\\\/\\\/dorogimedence.hu\\\/index.php\\\/2019\\\/03\\\/29\\\/orok-merlegen-dorog-monor\\\/\"},\"author\":{\"name\":\"dorogimedence.hu\",\"@id\":\"https:\\\/\\\/dorogimedence.hu\\\/#\\\/schema\\\/person\\\/ce6091eeb7e95ecdc87890d6aa8e0fd4\"},\"headline\":\"\u00d6r\u00f6k m\u00e9rlegen: Dorog &#8211; Monor\",\"datePublished\":\"2019-03-29T05:31:52+00:00\",\"mainEntityOfPage\":{\"@id\":\"https:\\\/\\\/dorogimedence.hu\\\/index.php\\\/2019\\\/03\\\/29\\\/orok-merlegen-dorog-monor\\\/\"},\"wordCount\":705,\"publisher\":{\"@id\":\"https:\\\/\\\/dorogimedence.hu\\\/#organization\"},\"image\":{\"@id\":\"https:\\\/\\\/dorogimedence.hu\\\/index.php\\\/2019\\\/03\\\/29\\\/orok-merlegen-dorog-monor\\\/#primaryimage\"},\"thumbnailUrl\":\"https:\\\/\\\/dorogimedence.hu\\\/wp-content\\\/uploads\\\/2019\\\/03\\\/mondor-dorog.jpg\",\"keywords\":[\"Dorog\",\"Dorogi FC\",\"foci\",\"futball\",\"labdar\u00fag\u00e1s\",\"Monor\",\"NB II\",\"sport\"],\"articleSection\":[\"Dorog\",\"H\u00edrek\",\"Sport\"],\"inLanguage\":\"hu\"},{\"@type\":\"WebPage\",\"@id\":\"https:\\\/\\\/dorogimedence.hu\\\/index.php\\\/2019\\\/03\\\/29\\\/orok-merlegen-dorog-monor\\\/\",\"url\":\"https:\\\/\\\/dorogimedence.hu\\\/index.php\\\/2019\\\/03\\\/29\\\/orok-merlegen-dorog-monor\\\/\",\"name\":\"\u00d6r\u00f6k m\u00e9rlegen: Dorog - Monor\",\"isPartOf\":{\"@id\":\"https:\\\/\\\/dorogimedence.hu\\\/#website\"},\"primaryImageOfPage\":{\"@id\":\"https:\\\/\\\/dorogimedence.hu\\\/index.php\\\/2019\\\/03\\\/29\\\/orok-merlegen-dorog-monor\\\/#primaryimage\"},\"image\":{\"@id\":\"https:\\\/\\\/dorogimedence.hu\\\/index.php\\\/2019\\\/03\\\/29\\\/orok-merlegen-dorog-monor\\\/#primaryimage\"},\"thumbnailUrl\":\"https:\\\/\\\/dorogimedence.hu\\\/wp-content\\\/uploads\\\/2019\\\/03\\\/mondor-dorog.jpg\",\"datePublished\":\"2019-03-29T05:31:52+00:00\",\"breadcrumb\":{\"@id\":\"https:\\\/\\\/dorogimedence.hu\\\/index.php\\\/2019\\\/03\\\/29\\\/orok-merlegen-dorog-monor\\\/#breadcrumb\"},\"inLanguage\":\"hu\",\"potentialAction\":[{\"@type\":\"ReadAction\",\"target\":[\"https:\\\/\\\/dorogimedence.hu\\\/index.php\\\/2019\\\/03\\\/29\\\/orok-merlegen-dorog-monor\\\/\"]}]},{\"@type\":\"ImageObject\",\"inLanguage\":\"hu\",\"@id\":\"https:\\\/\\\/dorogimedence.hu\\\/index.php\\\/2019\\\/03\\\/29\\\/orok-merlegen-dorog-monor\\\/#primaryimage\",\"url\":\"https:\\\/\\\/dorogimedence.hu\\\/wp-content\\\/uploads\\\/2019\\\/03\\\/mondor-dorog.jpg\",\"contentUrl\":\"https:\\\/\\\/dorogimedence.hu\\\/wp-content\\\/uploads\\\/2019\\\/03\\\/mondor-dorog.jpg\",\"width\":670,\"height\":365},{\"@type\":\"BreadcrumbList\",\"@id\":\"https:\\\/\\\/dorogimedence.hu\\\/index.php\\\/2019\\\/03\\\/29\\\/orok-merlegen-dorog-monor\\\/#breadcrumb\",\"itemListElement\":[{\"@type\":\"ListItem\",\"position\":1,\"name\":\"Kezd\u0151lap\",\"item\":\"https:\\\/\\\/dorogimedence.hu\\\/\"},{\"@type\":\"ListItem\",\"position\":2,\"name\":\"\u00d6r\u00f6k m\u00e9rlegen: Dorog &#8211; Monor\"}]},{\"@type\":\"WebSite\",\"@id\":\"https:\\\/\\\/dorogimedence.hu\\\/#website\",\"url\":\"https:\\\/\\\/dorogimedence.hu\\\/\",\"name\":\"Dorogi-medence Region\u00e1lis H\u00edrport\u00e1l\",\"description\":\"Dorog, Keszt\u00f6lc, Le\u00e1nyv\u00e1r, Piliscs\u00e9v, Tokod, Tokodalt\u00e1r\u00f3, Csolnok, Esztergom-kertv\u00e1ros: h\u00edrek, programok\",\"publisher\":{\"@id\":\"https:\\\/\\\/dorogimedence.hu\\\/#organization\"},\"potentialAction\":[{\"@type\":\"SearchAction\",\"target\":{\"@type\":\"EntryPoint\",\"urlTemplate\":\"https:\\\/\\\/dorogimedence.hu\\\/?s={search_term_string}\"},\"query-input\":{\"@type\":\"PropertyValueSpecification\",\"valueRequired\":true,\"valueName\":\"search_term_string\"}}],\"inLanguage\":\"hu\"},{\"@type\":\"Organization\",\"@id\":\"https:\\\/\\\/dorogimedence.hu\\\/#organization\",\"name\":\"Dorogi-medence Region\u00e1lis H\u00edrport\u00e1l\",\"url\":\"https:\\\/\\\/dorogimedence.hu\\\/\",\"logo\":{\"@type\":\"ImageObject\",\"inLanguage\":\"hu\",\"@id\":\"https:\\\/\\\/dorogimedence.hu\\\/#\\\/schema\\\/logo\\\/image\\\/\",\"url\":\"https:\\\/\\\/dorogimedence.hu\\\/wp-content\\\/uploads\\\/2021\\\/04\\\/logo-feher-600.png\",\"contentUrl\":\"https:\\\/\\\/dorogimedence.hu\\\/wp-content\\\/uploads\\\/2021\\\/04\\\/logo-feher-600.png\",\"width\":600,\"height\":100,\"caption\":\"Dorogi-medence Region\u00e1lis H\u00edrport\u00e1l\"},\"image\":{\"@id\":\"https:\\\/\\\/dorogimedence.hu\\\/#\\\/schema\\\/logo\\\/image\\\/\"},\"sameAs\":[\"https:\\\/\\\/www.facebook.com\\\/dorogimedence\\\/\"]},{\"@type\":\"Person\",\"@id\":\"https:\\\/\\\/dorogimedence.hu\\\/#\\\/schema\\\/person\\\/ce6091eeb7e95ecdc87890d6aa8e0fd4\",\"name\":\"dorogimedence.hu\",\"image\":{\"@type\":\"ImageObject\",\"inLanguage\":\"hu\",\"@id\":\"\\\/\\\/www.gravatar.com\\\/avatar\\\/d8d45f8901aadff40a4af72c0b826f1d?s=96&#038;r=g&#038;d=mm\",\"url\":\"\\\/\\\/www.gravatar.com\\\/avatar\\\/d8d45f8901aadff40a4af72c0b826f1d?s=96&#038;r=g&#038;d=mm\",\"contentUrl\":\"\\\/\\\/www.gravatar.com\\\/avatar\\\/d8d45f8901aadff40a4af72c0b826f1d?s=96&#038;r=g&#038;d=mm\",\"caption\":\"dorogimedence.hu\"}}]}<\/script>\n<!-- \/ Yoast SEO plugin. -->","yoast_head_json":{"title":"\u00d6r\u00f6k m\u00e9rlegen: Dorog - Monor","robots":{"index":"index","follow":"follow","max-snippet":"max-snippet:-1","max-image-preview":"max-image-preview:large","max-video-preview":"max-video-preview:-1"},"canonical":"https:\/\/dorogimedence.hu\/index.php\/2019\/03\/29\/orok-merlegen-dorog-monor\/","og_locale":"hu_HU","og_type":"article","og_title":"\u00d6r\u00f6k m\u00e9rlegen: Dorog - Monor","og_description":"A v\u00e1logatott Eur\u00f3pa-bajnoki selejtez\u0151i miatti sz\u00fcntet k\u00f6vet\u0151en a h\u00e9tv\u00e9g\u00e9n folytat\u00f3dnak a bajnoki k\u00fczdelmek. Vas\u00e1rnap a dorogiakat a Monor l\u00e1tja vend\u00e9g\u00fcl, m\u00e9gpedig ideiglenes otthon\u00e1ban, Dabason &#8211; Szab\u00f3 Gyula \u00f6sszefoglal\u00f3ja. A k\u00e9t csapat a kor\u00e1bbiakban meglehet\u0151sen ritk\u00e1n tal\u00e1lkozott egym\u00e1ssal. Ezid\u00e1ig mind\u00f6ssze 7 alkalommal k\u00fczd\u00f6ttek meg egym\u00e1s ellen, valah\u00e1nyszor m\u00e1sodoszt\u00e1ly\u00fa bajnokin. A m\u00e9rleg j\u00f3csk\u00e1n a dorogiak fel\u00e9 billen,","og_url":"https:\/\/dorogimedence.hu\/index.php\/2019\/03\/29\/orok-merlegen-dorog-monor\/","og_site_name":"Dorogi-medence Region\u00e1lis H\u00edrport\u00e1l","article_publisher":"https:\/\/www.facebook.com\/dorogimedence\/","article_published_time":"2019-03-29T05:31:52+00:00","og_image":[{"width":670,"height":365,"url":"https:\/\/i0.wp.com\/dorogimedence.hu\/wp-content\/uploads\/2019\/03\/mondor-dorog.jpg?fit=670%2C365&ssl=1","type":"image\/jpeg"}],"author":"dorogimedence.hu","twitter_card":"summary_large_image","twitter_misc":{"Szerz\u0151:":"dorogimedence.hu","Becs\u00fclt olvas\u00e1si id\u0151":"3 perc"},"schema":{"@context":"https:\/\/schema.org","@graph":[{"@type":"Article","@id":"https:\/\/dorogimedence.hu\/index.php\/2019\/03\/29\/orok-merlegen-dorog-monor\/#article","isPartOf":{"@id":"https:\/\/dorogimedence.hu\/index.php\/2019\/03\/29\/orok-merlegen-dorog-monor\/"},"author":{"name":"dorogimedence.hu","@id":"https:\/\/dorogimedence.hu\/#\/schema\/person\/ce6091eeb7e95ecdc87890d6aa8e0fd4"},"headline":"\u00d6r\u00f6k m\u00e9rlegen: Dorog &#8211; Monor","datePublished":"2019-03-29T05:31:52+00:00","mainEntityOfPage":{"@id":"https:\/\/dorogimedence.hu\/index.php\/2019\/03\/29\/orok-merlegen-dorog-monor\/"},"wordCount":705,"publisher":{"@id":"https:\/\/dorogimedence.hu\/#organization"},"image":{"@id":"https:\/\/dorogimedence.hu\/index.php\/2019\/03\/29\/orok-merlegen-dorog-monor\/#primaryimage"},"thumbnailUrl":"https:\/\/dorogimedence.hu\/wp-content\/uploads\/2019\/03\/mondor-dorog.jpg","keywords":["Dorog","Dorogi FC","foci","futball","labdar\u00fag\u00e1s","Monor","NB II","sport"],"articleSection":["Dorog","H\u00edrek","Sport"],"inLanguage":"hu"},{"@type":"WebPage","@id":"https:\/\/dorogimedence.hu\/index.php\/2019\/03\/29\/orok-merlegen-dorog-monor\/","url":"https:\/\/dorogimedence.hu\/index.php\/2019\/03\/29\/orok-merlegen-dorog-monor\/","name":"\u00d6r\u00f6k m\u00e9rlegen: Dorog - Monor","isPartOf":{"@id":"https:\/\/dorogimedence.hu\/#website"},"primaryImageOfPage":{"@id":"https:\/\/dorogimedence.hu\/index.php\/2019\/03\/29\/orok-merlegen-dorog-monor\/#primaryimage"},"image":{"@id":"https:\/\/dorogimedence.hu\/index.php\/2019\/03\/29\/orok-merlegen-dorog-monor\/#primaryimage"},"thumbnailUrl":"https:\/\/dorogimedence.hu\/wp-content\/uploads\/2019\/03\/mondor-dorog.jpg","datePublished":"2019-03-29T05:31:52+00:00","breadcrumb":{"@id":"https:\/\/dorogimedence.hu\/index.php\/2019\/03\/29\/orok-merlegen-dorog-monor\/#breadcrumb"},"inLanguage":"hu","potentialAction":[{"@type":"ReadAction","target":["https:\/\/dorogimedence.hu\/index.php\/2019\/03\/29\/orok-merlegen-dorog-monor\/"]}]},{"@type":"ImageObject","inLanguage":"hu","@id":"https:\/\/dorogimedence.hu\/index.php\/2019\/03\/29\/orok-merlegen-dorog-monor\/#primaryimage","url":"https:\/\/dorogimedence.hu\/wp-content\/uploads\/2019\/03\/mondor-dorog.jpg","contentUrl":"https:\/\/dorogimedence.hu\/wp-content\/uploads\/2019\/03\/mondor-dorog.jpg","width":670,"height":365},{"@type":"BreadcrumbList","@id":"https:\/\/dorogimedence.hu\/index.php\/2019\/03\/29\/orok-merlegen-dorog-monor\/#breadcrumb","itemListElement":[{"@type":"ListItem","position":1,"name":"Kezd\u0151lap","item":"https:\/\/dorogimedence.hu\/"},{"@type":"ListItem","position":2,"name":"\u00d6r\u00f6k m\u00e9rlegen: Dorog &#8211; Monor"}]},{"@type":"WebSite","@id":"https:\/\/dorogimedence.hu\/#website","url":"https:\/\/dorogimedence.hu\/","name":"Dorogi-medence Region\u00e1lis H\u00edrport\u00e1l","description":"Dorog, Keszt\u00f6lc, Le\u00e1nyv\u00e1r, Piliscs\u00e9v, Tokod, Tokodalt\u00e1r\u00f3, Csolnok, Esztergom-kertv\u00e1ros: h\u00edrek, programok","publisher":{"@id":"https:\/\/dorogimedence.hu\/#organization"},"potentialAction":[{"@type":"SearchAction","target":{"@type":"EntryPoint","urlTemplate":"https:\/\/dorogimedence.hu\/?s={search_term_string}"},"query-input":{"@type":"PropertyValueSpecification","valueRequired":true,"valueName":"search_term_string"}}],"inLanguage":"hu"},{"@type":"Organization","@id":"https:\/\/dorogimedence.hu\/#organization","name":"Dorogi-medence Region\u00e1lis H\u00edrport\u00e1l","url":"https:\/\/dorogimedence.hu\/","logo":{"@type":"ImageObject","inLanguage":"hu","@id":"https:\/\/dorogimedence.hu\/#\/schema\/logo\/image\/","url":"https:\/\/dorogimedence.hu\/wp-content\/uploads\/2021\/04\/logo-feher-600.png","contentUrl":"https:\/\/dorogimedence.hu\/wp-content\/uploads\/2021\/04\/logo-feher-600.png","width":600,"height":100,"caption":"Dorogi-medence Region\u00e1lis H\u00edrport\u00e1l"},"image":{"@id":"https:\/\/dorogimedence.hu\/#\/schema\/logo\/image\/"},"sameAs":["https:\/\/www.facebook.com\/dorogimedence\/"]},{"@type":"Person","@id":"https:\/\/dorogimedence.hu\/#\/schema\/person\/ce6091eeb7e95ecdc87890d6aa8e0fd4","name":"dorogimedence.hu","image":{"@type":"ImageObject","inLanguage":"hu","@id":"\/\/www.gravatar.com\/avatar\/d8d45f8901aadff40a4af72c0b826f1d?s=96&#038;r=g&#038;d=mm","url":"\/\/www.gravatar.com\/avatar\/d8d45f8901aadff40a4af72c0b826f1d?s=96&#038;r=g&#038;d=mm","contentUrl":"\/\/www.gravatar.com\/avatar\/d8d45f8901aadff40a4af72c0b826f1d?s=96&#038;r=g&#038;d=mm","caption":"dorogimedence.hu"}}]}},"_links":{"self":[{"href":"https:\/\/dorogimedence.hu\/index.php\/wp-json\/wp\/v2\/posts\/15702","targetHints":{"allow":["GET"]}}],"collection":[{"href":"https:\/\/dorogimedence.hu\/index.php\/wp-json\/wp\/v2\/posts"}],"about":[{"href":"https:\/\/dorogimedence.hu\/index.php\/wp-json\/wp\/v2\/types\/post"}],"author":[{"embeddable":true,"href":"https:\/\/dorogimedence.hu\/index.php\/wp-json\/wp\/v2\/users\/1"}],"replies":[{"embeddable":true,"href":"https:\/\/dorogimedence.hu\/index.php\/wp-json\/wp\/v2\/comments?post=15702"}],"version-history":[{"count":0,"href":"https:\/\/dorogimedence.hu\/index.php\/wp-json\/wp\/v2\/posts\/15702\/revisions"}],"wp:featuredmedia":[{"embeddable":true,"href":"https:\/\/dorogimedence.hu\/index.php\/wp-json\/wp\/v2\/media\/15703"}],"wp:attachment":[{"href":"https:\/\/dorogimedence.hu\/index.php\/wp-json\/wp\/v2\/media?parent=15702"}],"wp:term":[{"taxonomy":"category","embeddable":true,"href":"https:\/\/dorogimedence.hu\/index.php\/wp-json\/wp\/v2\/categories?post=15702"},{"taxonomy":"post_tag","embeddable":true,"href":"https:\/\/dorogimedence.hu\/index.php\/wp-json\/wp\/v2\/tags?post=15702"}],"curies":[{"name":"wp","href":"https:\/\/api.w.org\/{rel}","templated":true}]}}