{"id":15644,"date":"2019-03-26T17:22:47","date_gmt":"2019-03-26T16:22:47","guid":{"rendered":"http:\/\/dorogimedence.hu\/?p=15644"},"modified":"2019-03-27T09:16:53","modified_gmt":"2019-03-27T08:16:53","slug":"bunmegelozesi-tanaccsal-lattak-el-a-dorogiakat","status":"publish","type":"post","link":"https:\/\/dorogimedence.hu\/index.php\/2019\/03\/26\/bunmegelozesi-tanaccsal-lattak-el-a-dorogiakat\/","title":{"rendered":"B\u0171nmegel\u0151z\u00e9si tan\u00e1ccsal l\u00e1tt\u00e1k el a dorogiakat"},"content":{"rendered":"<p><strong>A Kom\u00e1rom-Esztergom Megyei Rend\u0151r-f\u0151kapit\u00e1nys\u00e1g B\u0171nmegel\u0151z\u00e9si Aloszt\u00e1ly\u00e1nak munkat\u00e1rsai a \u201eH\u00e1zhoz megy\u00fcnk\u201d program keret\u00e9ben Dorogra l\u00e1togattak m\u00e1rcius 26-\u00e1n, kedd d\u00e9lel\u0151tt.<br \/>\n<\/strong><\/p>\n<p>A Mobil B\u0171nmegel\u0151z\u00e9si Centrumhoz sokan l\u00e1togattak ki a dorogi Penny Market parkol\u00f3j\u00e1ba 10 \u00e9s 13 \u00f3ra k\u00f6z\u00f6tt. A rend\u0151r\u00f6k hasznos tan\u00e1csokkal l\u00e1tt\u00e1k el a lakosokat, s\u0151t, t\u00f6bben m\u00e9g riaszt\u00f3s ajt\u00f3\u00e9ket is kaptak.<\/p>\n<p>Az esem\u00e9nyen bemutat\u00e1sra ker\u00fcltek a k\u00fcl\u00f6nb\u00f6z\u0151 vagyonv\u00e9delmi t\u00e1rgyak, illetve egy applik\u00e1ci\u00f3 is. A H\u00e1z\u0151rz\u0151 appal j\u00e1tszva tanulhatjuk meg, hogyan tegy\u00fck biztons\u00e1goss\u00e1 otthonunkat. Az applik\u00e1ci\u00f3 <a href=\"http:\/\/hazorzo.bunmegelozes.info\/\" target=\"_blank\" rel=\"noopener noreferrer\"><span style=\"text-decoration: underline; color: #0000ff;\">ide kattintva<\/span><\/a> \u00e9rhet\u0151 el.<\/p>\n<p><img fetchpriority=\"high\" decoding=\"async\" class=\"alignnone size-full wp-image-15646\" src=\"https:\/\/dorogimedence.hu\/wp-content\/uploads\/2019\/03\/bunmegelozes-01.jpg\" alt=\"\" width=\"670\" height=\"365\" srcset=\"https:\/\/dorogimedence.hu\/wp-content\/uploads\/2019\/03\/bunmegelozes-01.jpg 670w, https:\/\/dorogimedence.hu\/wp-content\/uploads\/2019\/03\/bunmegelozes-01-300x163.jpg 300w\" sizes=\"(max-width: 670px) 100vw, 670px\" \/><\/p>\n<p>A b\u0171nmegel\u0151z\u00e9si tan\u00e1csad\u00e1s mellett a helysz\u00ednen lehet\u0151s\u00e9g volt a ker\u00e9kp\u00e1rok regisztr\u00e1ci\u00f3j\u00e1ra is!<\/p>\n<p><strong>Az M1 csatorna \u00e9l\u0151ben k\u00f6zvet\u00edtette a dorogi esem\u00e9nyt, mely <a href=\"https:\/\/www.mediaklikk.hu\/video\/ma-delelott-2019-03-26-i-adas-3\/\" target=\"_blank\" rel=\"noopener noreferrer\"><span style=\"text-decoration: underline; color: #0000ff;\">ide kattintva<\/span><\/a> n\u00e9zhet\u0151 vissza (5 perc 40 m\u00e1sodperct\u0151l)! A r\u00e9szletek pedig az RTVE \u201eKomment\u00e1r N\u00e9lk\u00fcl\u201d c\u00edm\u0171 m\u0171sorokban <a href=\"http:\/\/www.rtve.hu\/index.php\/component\/k2\/item\/14944-bunmegelozo-tanacsadas-dorogon\" target=\"_blank\" rel=\"noopener noreferrer\"><span style=\"text-decoration: underline; color: #0000ff;\">ide kattintva<\/span><\/a> tekinthet\u0151k meg!<\/strong><\/p>\n<div class=\"video-container\"><iframe src=\"https:\/\/www.youtube.com\/embed\/pImQpCPlAUQ\" width=\"560\" height=\"315\" frameborder=\"0\" allowfullscreen=\"allowfullscreen\"><\/iframe><\/div>\n","protected":false},"excerpt":{"rendered":"<p>A Kom\u00e1rom-Esztergom Megyei Rend\u0151r-f\u0151kapit\u00e1nys\u00e1g B\u0171nmegel\u0151z\u00e9si Aloszt\u00e1ly\u00e1nak munkat\u00e1rsai a \u201eH\u00e1zhoz megy\u00fcnk\u201d program keret\u00e9ben Dorogra l\u00e1togattak m\u00e1rcius 26-\u00e1n, kedd d\u00e9lel\u0151tt. A Mobil B\u0171nmegel\u0151z\u00e9si Centrumhoz sokan l\u00e1togattak ki a dorogi Penny Market parkol\u00f3j\u00e1ba 10 \u00e9s 13 \u00f3ra k\u00f6z\u00f6tt. A rend\u0151r\u00f6k hasznos tan\u00e1csokkal l\u00e1tt\u00e1k el a lakosokat, s\u0151t, t\u00f6bben m\u00e9g riaszt\u00f3s ajt\u00f3\u00e9ket is kaptak. Az esem\u00e9nyen bemutat\u00e1sra ker\u00fcltek a<\/p>\n","protected":false},"author":1,"featured_media":15645,"comment_status":"closed","ping_status":"closed","sticky":false,"template":"","format":"standard","meta":{"ngg_post_thumbnail":0,"footnotes":""},"categories":[2,3],"tags":[506,3633,15,1209,61,3632],"class_list":{"0":"post-15644","1":"post","2":"type-post","3":"status-publish","4":"format-standard","5":"has-post-thumbnail","7":"category-dorog","8":"category-hirek","9":"tag-bunmegelozes","10":"tag-bunmegelozesi-centrum","11":"tag-dorog","12":"tag-m1","13":"tag-rendorsegi-hirek","14":"tag-rtve"},"yoast_head":"<!-- This site is optimized with the Yoast SEO plugin v27.5 - https:\/\/yoast.com\/product\/yoast-seo-wordpress\/ -->\n<title>B\u0171nmegel\u0151z\u00e9si tan\u00e1ccsal l\u00e1tt\u00e1k el a dorogiakat<\/title>\n<meta name=\"robots\" content=\"index, follow, max-snippet:-1, max-image-preview:large, max-video-preview:-1\" \/>\n<link rel=\"canonical\" href=\"https:\/\/dorogimedence.hu\/index.php\/2019\/03\/26\/bunmegelozesi-tanaccsal-lattak-el-a-dorogiakat\/\" class=\"yoast-seo-meta-tag\" \/>\n<meta property=\"og:locale\" content=\"hu_HU\" class=\"yoast-seo-meta-tag\" \/>\n<meta property=\"og:type\" content=\"article\" class=\"yoast-seo-meta-tag\" \/>\n<meta property=\"og:title\" content=\"B\u0171nmegel\u0151z\u00e9si tan\u00e1ccsal l\u00e1tt\u00e1k el a dorogiakat\" class=\"yoast-seo-meta-tag\" \/>\n<meta property=\"og:description\" content=\"A Kom\u00e1rom-Esztergom Megyei Rend\u0151r-f\u0151kapit\u00e1nys\u00e1g B\u0171nmegel\u0151z\u00e9si Aloszt\u00e1ly\u00e1nak munkat\u00e1rsai a \u201eH\u00e1zhoz megy\u00fcnk\u201d program keret\u00e9ben Dorogra l\u00e1togattak m\u00e1rcius 26-\u00e1n, kedd d\u00e9lel\u0151tt. A Mobil B\u0171nmegel\u0151z\u00e9si Centrumhoz sokan l\u00e1togattak ki a dorogi Penny Market parkol\u00f3j\u00e1ba 10 \u00e9s 13 \u00f3ra k\u00f6z\u00f6tt. A rend\u0151r\u00f6k hasznos tan\u00e1csokkal l\u00e1tt\u00e1k el a lakosokat, s\u0151t, t\u00f6bben m\u00e9g riaszt\u00f3s ajt\u00f3\u00e9ket is kaptak. Az esem\u00e9nyen bemutat\u00e1sra ker\u00fcltek a\" class=\"yoast-seo-meta-tag\" \/>\n<meta property=\"og:url\" content=\"https:\/\/dorogimedence.hu\/index.php\/2019\/03\/26\/bunmegelozesi-tanaccsal-lattak-el-a-dorogiakat\/\" class=\"yoast-seo-meta-tag\" \/>\n<meta property=\"og:site_name\" content=\"Dorogi-medence Region\u00e1lis H\u00edrport\u00e1l\" class=\"yoast-seo-meta-tag\" \/>\n<meta property=\"article:publisher\" content=\"https:\/\/www.facebook.com\/dorogimedence\/\" class=\"yoast-seo-meta-tag\" \/>\n<meta property=\"article:published_time\" content=\"2019-03-26T16:22:47+00:00\" class=\"yoast-seo-meta-tag\" \/>\n<meta property=\"article:modified_time\" content=\"2019-03-27T08:16:53+00:00\" class=\"yoast-seo-meta-tag\" \/>\n<meta property=\"og:image\" content=\"https:\/\/i0.wp.com\/dorogimedence.hu\/wp-content\/uploads\/2019\/03\/bunmegelozes-02.jpg?fit=670%2C365&ssl=1\" class=\"yoast-seo-meta-tag\" \/>\n\t<meta property=\"og:image:width\" content=\"670\" class=\"yoast-seo-meta-tag\" \/>\n\t<meta property=\"og:image:height\" content=\"365\" class=\"yoast-seo-meta-tag\" \/>\n\t<meta property=\"og:image:type\" content=\"image\/jpeg\" class=\"yoast-seo-meta-tag\" \/>\n<meta name=\"author\" content=\"dorogimedence.hu\" class=\"yoast-seo-meta-tag\" \/>\n<meta name=\"twitter:card\" content=\"summary_large_image\" class=\"yoast-seo-meta-tag\" \/>\n<meta name=\"twitter:label1\" content=\"Szerz\u0151:\" class=\"yoast-seo-meta-tag\" \/>\n\t<meta name=\"twitter:data1\" content=\"dorogimedence.hu\" class=\"yoast-seo-meta-tag\" \/>\n\t<meta name=\"twitter:label2\" content=\"Becs\u00fclt olvas\u00e1si id\u0151\" class=\"yoast-seo-meta-tag\" \/>\n\t<meta name=\"twitter:data2\" content=\"1 perc\" class=\"yoast-seo-meta-tag\" \/>\n<script type=\"application\/ld+json\" class=\"yoast-schema-graph\">{\"@context\":\"https:\\\/\\\/schema.org\",\"@graph\":[{\"@type\":\"Article\",\"@id\":\"https:\\\/\\\/dorogimedence.hu\\\/index.php\\\/2019\\\/03\\\/26\\\/bunmegelozesi-tanaccsal-lattak-el-a-dorogiakat\\\/#article\",\"isPartOf\":{\"@id\":\"https:\\\/\\\/dorogimedence.hu\\\/index.php\\\/2019\\\/03\\\/26\\\/bunmegelozesi-tanaccsal-lattak-el-a-dorogiakat\\\/\"},\"author\":{\"name\":\"dorogimedence.hu\",\"@id\":\"https:\\\/\\\/dorogimedence.hu\\\/#\\\/schema\\\/person\\\/ce6091eeb7e95ecdc87890d6aa8e0fd4\"},\"headline\":\"B\u0171nmegel\u0151z\u00e9si tan\u00e1ccsal l\u00e1tt\u00e1k el a dorogiakat\",\"datePublished\":\"2019-03-26T16:22:47+00:00\",\"dateModified\":\"2019-03-27T08:16:53+00:00\",\"mainEntityOfPage\":{\"@id\":\"https:\\\/\\\/dorogimedence.hu\\\/index.php\\\/2019\\\/03\\\/26\\\/bunmegelozesi-tanaccsal-lattak-el-a-dorogiakat\\\/\"},\"wordCount\":207,\"publisher\":{\"@id\":\"https:\\\/\\\/dorogimedence.hu\\\/#organization\"},\"image\":{\"@id\":\"https:\\\/\\\/dorogimedence.hu\\\/index.php\\\/2019\\\/03\\\/26\\\/bunmegelozesi-tanaccsal-lattak-el-a-dorogiakat\\\/#primaryimage\"},\"thumbnailUrl\":\"https:\\\/\\\/dorogimedence.hu\\\/wp-content\\\/uploads\\\/2019\\\/03\\\/bunmegelozes-02.jpg\",\"keywords\":[\"b\u0171nmegel\u0151z\u00e9s\",\"b\u0171nmegel\u0151z\u00e9si centrum\",\"Dorog\",\"M1\",\"rend\u0151rs\u00e9gi h\u00edrek\",\"RTVE\"],\"articleSection\":[\"Dorog\",\"H\u00edrek\"],\"inLanguage\":\"hu\"},{\"@type\":\"WebPage\",\"@id\":\"https:\\\/\\\/dorogimedence.hu\\\/index.php\\\/2019\\\/03\\\/26\\\/bunmegelozesi-tanaccsal-lattak-el-a-dorogiakat\\\/\",\"url\":\"https:\\\/\\\/dorogimedence.hu\\\/index.php\\\/2019\\\/03\\\/26\\\/bunmegelozesi-tanaccsal-lattak-el-a-dorogiakat\\\/\",\"name\":\"B\u0171nmegel\u0151z\u00e9si tan\u00e1ccsal l\u00e1tt\u00e1k el a dorogiakat\",\"isPartOf\":{\"@id\":\"https:\\\/\\\/dorogimedence.hu\\\/#website\"},\"primaryImageOfPage\":{\"@id\":\"https:\\\/\\\/dorogimedence.hu\\\/index.php\\\/2019\\\/03\\\/26\\\/bunmegelozesi-tanaccsal-lattak-el-a-dorogiakat\\\/#primaryimage\"},\"image\":{\"@id\":\"https:\\\/\\\/dorogimedence.hu\\\/index.php\\\/2019\\\/03\\\/26\\\/bunmegelozesi-tanaccsal-lattak-el-a-dorogiakat\\\/#primaryimage\"},\"thumbnailUrl\":\"https:\\\/\\\/dorogimedence.hu\\\/wp-content\\\/uploads\\\/2019\\\/03\\\/bunmegelozes-02.jpg\",\"datePublished\":\"2019-03-26T16:22:47+00:00\",\"dateModified\":\"2019-03-27T08:16:53+00:00\",\"breadcrumb\":{\"@id\":\"https:\\\/\\\/dorogimedence.hu\\\/index.php\\\/2019\\\/03\\\/26\\\/bunmegelozesi-tanaccsal-lattak-el-a-dorogiakat\\\/#breadcrumb\"},\"inLanguage\":\"hu\",\"potentialAction\":[{\"@type\":\"ReadAction\",\"target\":[\"https:\\\/\\\/dorogimedence.hu\\\/index.php\\\/2019\\\/03\\\/26\\\/bunmegelozesi-tanaccsal-lattak-el-a-dorogiakat\\\/\"]}]},{\"@type\":\"ImageObject\",\"inLanguage\":\"hu\",\"@id\":\"https:\\\/\\\/dorogimedence.hu\\\/index.php\\\/2019\\\/03\\\/26\\\/bunmegelozesi-tanaccsal-lattak-el-a-dorogiakat\\\/#primaryimage\",\"url\":\"https:\\\/\\\/dorogimedence.hu\\\/wp-content\\\/uploads\\\/2019\\\/03\\\/bunmegelozes-02.jpg\",\"contentUrl\":\"https:\\\/\\\/dorogimedence.hu\\\/wp-content\\\/uploads\\\/2019\\\/03\\\/bunmegelozes-02.jpg\",\"width\":670,\"height\":365},{\"@type\":\"BreadcrumbList\",\"@id\":\"https:\\\/\\\/dorogimedence.hu\\\/index.php\\\/2019\\\/03\\\/26\\\/bunmegelozesi-tanaccsal-lattak-el-a-dorogiakat\\\/#breadcrumb\",\"itemListElement\":[{\"@type\":\"ListItem\",\"position\":1,\"name\":\"Kezd\u0151lap\",\"item\":\"https:\\\/\\\/dorogimedence.hu\\\/\"},{\"@type\":\"ListItem\",\"position\":2,\"name\":\"B\u0171nmegel\u0151z\u00e9si tan\u00e1ccsal l\u00e1tt\u00e1k el a dorogiakat\"}]},{\"@type\":\"WebSite\",\"@id\":\"https:\\\/\\\/dorogimedence.hu\\\/#website\",\"url\":\"https:\\\/\\\/dorogimedence.hu\\\/\",\"name\":\"Dorogi-medence Region\u00e1lis H\u00edrport\u00e1l\",\"description\":\"Dorog, Keszt\u00f6lc, Le\u00e1nyv\u00e1r, Piliscs\u00e9v, Tokod, Tokodalt\u00e1r\u00f3, Csolnok, Esztergom-kertv\u00e1ros: h\u00edrek, programok\",\"publisher\":{\"@id\":\"https:\\\/\\\/dorogimedence.hu\\\/#organization\"},\"potentialAction\":[{\"@type\":\"SearchAction\",\"target\":{\"@type\":\"EntryPoint\",\"urlTemplate\":\"https:\\\/\\\/dorogimedence.hu\\\/?s={search_term_string}\"},\"query-input\":{\"@type\":\"PropertyValueSpecification\",\"valueRequired\":true,\"valueName\":\"search_term_string\"}}],\"inLanguage\":\"hu\"},{\"@type\":\"Organization\",\"@id\":\"https:\\\/\\\/dorogimedence.hu\\\/#organization\",\"name\":\"Dorogi-medence Region\u00e1lis H\u00edrport\u00e1l\",\"url\":\"https:\\\/\\\/dorogimedence.hu\\\/\",\"logo\":{\"@type\":\"ImageObject\",\"inLanguage\":\"hu\",\"@id\":\"https:\\\/\\\/dorogimedence.hu\\\/#\\\/schema\\\/logo\\\/image\\\/\",\"url\":\"https:\\\/\\\/dorogimedence.hu\\\/wp-content\\\/uploads\\\/2021\\\/04\\\/logo-feher-600.png\",\"contentUrl\":\"https:\\\/\\\/dorogimedence.hu\\\/wp-content\\\/uploads\\\/2021\\\/04\\\/logo-feher-600.png\",\"width\":600,\"height\":100,\"caption\":\"Dorogi-medence Region\u00e1lis H\u00edrport\u00e1l\"},\"image\":{\"@id\":\"https:\\\/\\\/dorogimedence.hu\\\/#\\\/schema\\\/logo\\\/image\\\/\"},\"sameAs\":[\"https:\\\/\\\/www.facebook.com\\\/dorogimedence\\\/\"]},{\"@type\":\"Person\",\"@id\":\"https:\\\/\\\/dorogimedence.hu\\\/#\\\/schema\\\/person\\\/ce6091eeb7e95ecdc87890d6aa8e0fd4\",\"name\":\"dorogimedence.hu\",\"image\":{\"@type\":\"ImageObject\",\"inLanguage\":\"hu\",\"@id\":\"\\\/\\\/www.gravatar.com\\\/avatar\\\/d8d45f8901aadff40a4af72c0b826f1d?s=96&#038;r=g&#038;d=mm\",\"url\":\"\\\/\\\/www.gravatar.com\\\/avatar\\\/d8d45f8901aadff40a4af72c0b826f1d?s=96&#038;r=g&#038;d=mm\",\"contentUrl\":\"\\\/\\\/www.gravatar.com\\\/avatar\\\/d8d45f8901aadff40a4af72c0b826f1d?s=96&#038;r=g&#038;d=mm\",\"caption\":\"dorogimedence.hu\"}}]}<\/script>\n<!-- \/ Yoast SEO plugin. -->","yoast_head_json":{"title":"B\u0171nmegel\u0151z\u00e9si tan\u00e1ccsal l\u00e1tt\u00e1k el a dorogiakat","robots":{"index":"index","follow":"follow","max-snippet":"max-snippet:-1","max-image-preview":"max-image-preview:large","max-video-preview":"max-video-preview:-1"},"canonical":"https:\/\/dorogimedence.hu\/index.php\/2019\/03\/26\/bunmegelozesi-tanaccsal-lattak-el-a-dorogiakat\/","og_locale":"hu_HU","og_type":"article","og_title":"B\u0171nmegel\u0151z\u00e9si tan\u00e1ccsal l\u00e1tt\u00e1k el a dorogiakat","og_description":"A Kom\u00e1rom-Esztergom Megyei Rend\u0151r-f\u0151kapit\u00e1nys\u00e1g B\u0171nmegel\u0151z\u00e9si Aloszt\u00e1ly\u00e1nak munkat\u00e1rsai a \u201eH\u00e1zhoz megy\u00fcnk\u201d program keret\u00e9ben Dorogra l\u00e1togattak m\u00e1rcius 26-\u00e1n, kedd d\u00e9lel\u0151tt. A Mobil B\u0171nmegel\u0151z\u00e9si Centrumhoz sokan l\u00e1togattak ki a dorogi Penny Market parkol\u00f3j\u00e1ba 10 \u00e9s 13 \u00f3ra k\u00f6z\u00f6tt. A rend\u0151r\u00f6k hasznos tan\u00e1csokkal l\u00e1tt\u00e1k el a lakosokat, s\u0151t, t\u00f6bben m\u00e9g riaszt\u00f3s ajt\u00f3\u00e9ket is kaptak. Az esem\u00e9nyen bemutat\u00e1sra ker\u00fcltek a","og_url":"https:\/\/dorogimedence.hu\/index.php\/2019\/03\/26\/bunmegelozesi-tanaccsal-lattak-el-a-dorogiakat\/","og_site_name":"Dorogi-medence Region\u00e1lis H\u00edrport\u00e1l","article_publisher":"https:\/\/www.facebook.com\/dorogimedence\/","article_published_time":"2019-03-26T16:22:47+00:00","article_modified_time":"2019-03-27T08:16:53+00:00","og_image":[{"width":670,"height":365,"url":"https:\/\/i0.wp.com\/dorogimedence.hu\/wp-content\/uploads\/2019\/03\/bunmegelozes-02.jpg?fit=670%2C365&ssl=1","type":"image\/jpeg"}],"author":"dorogimedence.hu","twitter_card":"summary_large_image","twitter_misc":{"Szerz\u0151:":"dorogimedence.hu","Becs\u00fclt olvas\u00e1si id\u0151":"1 perc"},"schema":{"@context":"https:\/\/schema.org","@graph":[{"@type":"Article","@id":"https:\/\/dorogimedence.hu\/index.php\/2019\/03\/26\/bunmegelozesi-tanaccsal-lattak-el-a-dorogiakat\/#article","isPartOf":{"@id":"https:\/\/dorogimedence.hu\/index.php\/2019\/03\/26\/bunmegelozesi-tanaccsal-lattak-el-a-dorogiakat\/"},"author":{"name":"dorogimedence.hu","@id":"https:\/\/dorogimedence.hu\/#\/schema\/person\/ce6091eeb7e95ecdc87890d6aa8e0fd4"},"headline":"B\u0171nmegel\u0151z\u00e9si tan\u00e1ccsal l\u00e1tt\u00e1k el a dorogiakat","datePublished":"2019-03-26T16:22:47+00:00","dateModified":"2019-03-27T08:16:53+00:00","mainEntityOfPage":{"@id":"https:\/\/dorogimedence.hu\/index.php\/2019\/03\/26\/bunmegelozesi-tanaccsal-lattak-el-a-dorogiakat\/"},"wordCount":207,"publisher":{"@id":"https:\/\/dorogimedence.hu\/#organization"},"image":{"@id":"https:\/\/dorogimedence.hu\/index.php\/2019\/03\/26\/bunmegelozesi-tanaccsal-lattak-el-a-dorogiakat\/#primaryimage"},"thumbnailUrl":"https:\/\/dorogimedence.hu\/wp-content\/uploads\/2019\/03\/bunmegelozes-02.jpg","keywords":["b\u0171nmegel\u0151z\u00e9s","b\u0171nmegel\u0151z\u00e9si centrum","Dorog","M1","rend\u0151rs\u00e9gi h\u00edrek","RTVE"],"articleSection":["Dorog","H\u00edrek"],"inLanguage":"hu"},{"@type":"WebPage","@id":"https:\/\/dorogimedence.hu\/index.php\/2019\/03\/26\/bunmegelozesi-tanaccsal-lattak-el-a-dorogiakat\/","url":"https:\/\/dorogimedence.hu\/index.php\/2019\/03\/26\/bunmegelozesi-tanaccsal-lattak-el-a-dorogiakat\/","name":"B\u0171nmegel\u0151z\u00e9si tan\u00e1ccsal l\u00e1tt\u00e1k el a dorogiakat","isPartOf":{"@id":"https:\/\/dorogimedence.hu\/#website"},"primaryImageOfPage":{"@id":"https:\/\/dorogimedence.hu\/index.php\/2019\/03\/26\/bunmegelozesi-tanaccsal-lattak-el-a-dorogiakat\/#primaryimage"},"image":{"@id":"https:\/\/dorogimedence.hu\/index.php\/2019\/03\/26\/bunmegelozesi-tanaccsal-lattak-el-a-dorogiakat\/#primaryimage"},"thumbnailUrl":"https:\/\/dorogimedence.hu\/wp-content\/uploads\/2019\/03\/bunmegelozes-02.jpg","datePublished":"2019-03-26T16:22:47+00:00","dateModified":"2019-03-27T08:16:53+00:00","breadcrumb":{"@id":"https:\/\/dorogimedence.hu\/index.php\/2019\/03\/26\/bunmegelozesi-tanaccsal-lattak-el-a-dorogiakat\/#breadcrumb"},"inLanguage":"hu","potentialAction":[{"@type":"ReadAction","target":["https:\/\/dorogimedence.hu\/index.php\/2019\/03\/26\/bunmegelozesi-tanaccsal-lattak-el-a-dorogiakat\/"]}]},{"@type":"ImageObject","inLanguage":"hu","@id":"https:\/\/dorogimedence.hu\/index.php\/2019\/03\/26\/bunmegelozesi-tanaccsal-lattak-el-a-dorogiakat\/#primaryimage","url":"https:\/\/dorogimedence.hu\/wp-content\/uploads\/2019\/03\/bunmegelozes-02.jpg","contentUrl":"https:\/\/dorogimedence.hu\/wp-content\/uploads\/2019\/03\/bunmegelozes-02.jpg","width":670,"height":365},{"@type":"BreadcrumbList","@id":"https:\/\/dorogimedence.hu\/index.php\/2019\/03\/26\/bunmegelozesi-tanaccsal-lattak-el-a-dorogiakat\/#breadcrumb","itemListElement":[{"@type":"ListItem","position":1,"name":"Kezd\u0151lap","item":"https:\/\/dorogimedence.hu\/"},{"@type":"ListItem","position":2,"name":"B\u0171nmegel\u0151z\u00e9si tan\u00e1ccsal l\u00e1tt\u00e1k el a dorogiakat"}]},{"@type":"WebSite","@id":"https:\/\/dorogimedence.hu\/#website","url":"https:\/\/dorogimedence.hu\/","name":"Dorogi-medence Region\u00e1lis H\u00edrport\u00e1l","description":"Dorog, Keszt\u00f6lc, Le\u00e1nyv\u00e1r, Piliscs\u00e9v, Tokod, Tokodalt\u00e1r\u00f3, Csolnok, Esztergom-kertv\u00e1ros: h\u00edrek, programok","publisher":{"@id":"https:\/\/dorogimedence.hu\/#organization"},"potentialAction":[{"@type":"SearchAction","target":{"@type":"EntryPoint","urlTemplate":"https:\/\/dorogimedence.hu\/?s={search_term_string}"},"query-input":{"@type":"PropertyValueSpecification","valueRequired":true,"valueName":"search_term_string"}}],"inLanguage":"hu"},{"@type":"Organization","@id":"https:\/\/dorogimedence.hu\/#organization","name":"Dorogi-medence Region\u00e1lis H\u00edrport\u00e1l","url":"https:\/\/dorogimedence.hu\/","logo":{"@type":"ImageObject","inLanguage":"hu","@id":"https:\/\/dorogimedence.hu\/#\/schema\/logo\/image\/","url":"https:\/\/dorogimedence.hu\/wp-content\/uploads\/2021\/04\/logo-feher-600.png","contentUrl":"https:\/\/dorogimedence.hu\/wp-content\/uploads\/2021\/04\/logo-feher-600.png","width":600,"height":100,"caption":"Dorogi-medence Region\u00e1lis H\u00edrport\u00e1l"},"image":{"@id":"https:\/\/dorogimedence.hu\/#\/schema\/logo\/image\/"},"sameAs":["https:\/\/www.facebook.com\/dorogimedence\/"]},{"@type":"Person","@id":"https:\/\/dorogimedence.hu\/#\/schema\/person\/ce6091eeb7e95ecdc87890d6aa8e0fd4","name":"dorogimedence.hu","image":{"@type":"ImageObject","inLanguage":"hu","@id":"\/\/www.gravatar.com\/avatar\/d8d45f8901aadff40a4af72c0b826f1d?s=96&#038;r=g&#038;d=mm","url":"\/\/www.gravatar.com\/avatar\/d8d45f8901aadff40a4af72c0b826f1d?s=96&#038;r=g&#038;d=mm","contentUrl":"\/\/www.gravatar.com\/avatar\/d8d45f8901aadff40a4af72c0b826f1d?s=96&#038;r=g&#038;d=mm","caption":"dorogimedence.hu"}}]}},"_links":{"self":[{"href":"https:\/\/dorogimedence.hu\/index.php\/wp-json\/wp\/v2\/posts\/15644","targetHints":{"allow":["GET"]}}],"collection":[{"href":"https:\/\/dorogimedence.hu\/index.php\/wp-json\/wp\/v2\/posts"}],"about":[{"href":"https:\/\/dorogimedence.hu\/index.php\/wp-json\/wp\/v2\/types\/post"}],"author":[{"embeddable":true,"href":"https:\/\/dorogimedence.hu\/index.php\/wp-json\/wp\/v2\/users\/1"}],"replies":[{"embeddable":true,"href":"https:\/\/dorogimedence.hu\/index.php\/wp-json\/wp\/v2\/comments?post=15644"}],"version-history":[{"count":0,"href":"https:\/\/dorogimedence.hu\/index.php\/wp-json\/wp\/v2\/posts\/15644\/revisions"}],"wp:featuredmedia":[{"embeddable":true,"href":"https:\/\/dorogimedence.hu\/index.php\/wp-json\/wp\/v2\/media\/15645"}],"wp:attachment":[{"href":"https:\/\/dorogimedence.hu\/index.php\/wp-json\/wp\/v2\/media?parent=15644"}],"wp:term":[{"taxonomy":"category","embeddable":true,"href":"https:\/\/dorogimedence.hu\/index.php\/wp-json\/wp\/v2\/categories?post=15644"},{"taxonomy":"post_tag","embeddable":true,"href":"https:\/\/dorogimedence.hu\/index.php\/wp-json\/wp\/v2\/tags?post=15644"}],"curies":[{"name":"wp","href":"https:\/\/api.w.org\/{rel}","templated":true}]}}