{"id":15625,"date":"2019-03-25T17:37:43","date_gmt":"2019-03-25T16:37:43","guid":{"rendered":"http:\/\/dorogimedence.hu\/?p=15625"},"modified":"2019-03-25T17:39:11","modified_gmt":"2019-03-25T16:39:11","slug":"letartoztatasban-marad-a-lakasbetoresek-gyanusitottja","status":"publish","type":"post","link":"https:\/\/dorogimedence.hu\/index.php\/2019\/03\/25\/letartoztatasban-marad-a-lakasbetoresek-gyanusitottja\/","title":{"rendered":"Letart\u00f3ztat\u00e1sban marad a lak\u00e1sbet\u00f6r\u00e9sek gyan\u00fas\u00edtottja"},"content":{"rendered":"<p><strong>Az Esztergomi J\u00e1r\u00e1si \u00dcgy\u00e9szs\u00e9g ind\u00edtv\u00e1ny\u00e1ra az Esztergomi J\u00e1r\u00e1sb\u00edr\u00f3s\u00e1g \u00fajabb h\u00e1rom h\u00f3nappal meghosszabb\u00edtotta annak a sz\u00e9kesfeh\u00e9rv\u00e1ri f\u00e9rfinak a letart\u00f3ztat\u00e1s\u00e1t, aki 2017. okt\u00f3ber\u00e9t\u0151l 2018. janu\u00e1r 08. napj\u00e1ig tizen\u00f6t bet\u00f6r\u00e9sben vett r\u00e9szt h\u00e1rom t\u00e1rs\u00e1val egy\u00fctt.<\/strong><\/p>\n<p>A n\u00e9gy elk\u00f6vet\u0151 2017. okt\u00f3ber v\u00e9g\u00e9n \u00e1llapodott meg abban, hogy lak\u00e1sbet\u00f6r\u00e9seket fognak elk\u00f6vetni \u00fagy, hogy a helysz\u00ednekre a sz\u00e9kesfeh\u00e9rv\u00e1ri f\u00e9rfi sz\u00e1ll\u00edtja\u00a0 a t\u00e1rsait, \u00e9s figyel\u00e9ssel biztos\u00edtja a lop\u00e1st.<\/p>\n<p>Az elk\u00f6vet\u0151k 2017. december 13-a \u00e9s 17-e k\u00f6z\u00f6tt k\u00e9t \u00e1csi csal\u00e1di h\u00e1zba a bej\u00e1rati ajt\u00f3 felfesz\u00edt\u00e9s\u00e9vel hatoltak be, az els\u0151 helysz\u00ednr\u0151l 750.000,- Ft k\u00e9szp\u00e9nzt, a m\u00e1sodik helysz\u00ednr\u0151l 20.000,- Ft \u00e9rt\u00e9k\u0171 \u00e9kszereket vittek el. A tolvajok 2017. december 16. napj\u00e1n 18 \u00f3ra 30 perc \u00e9s 19 \u00f3ra k\u00f6z\u00f6tt egy nagyigm\u00e1ndi csal\u00e1di h\u00e1zba a teraszajt\u00f3 befesz\u00edt\u00e9s\u00e9vel jutottak be, majd onnan 400.000,- Ft \u00e9rt\u00e9kben \u00e9kszereket \u00e9s 160.000,- Ft k\u00e9szp\u00e9nzt vittek el.<\/p>\n<p>A bet\u00f6r\u0151k 2017. december 20. napj\u00e1n egy szomori, \u00e9s egy t\u00e1ti csal\u00e1di h\u00e1zba hatoltak be a bej\u00e1rati ajt\u00f3 befesz\u00edt\u00e9s\u00e9vel, a szomori h\u00e1zb\u00f3l 20.000,- Ft \u00e9rt\u00e9k\u0171 \u00e9kszert \u00e9s 160.000,- Ft k\u00e9szp\u00e9nzt, m\u00edg a t\u00e1ti h\u00e1zb\u00f3l kar\u00f3r\u00e1t, \u00e9kszereket \u00e9s eur\u00f3t vittek el \u00f6sszesen 444.000,- Ft \u00e9rt\u00e9kben.<\/p>\n<p>Az elk\u00f6vet\u0151k 2018. janu\u00e1r 08. napj\u00e1n a d\u00e9lut\u00e1ni \u00f3r\u00e1kban egy cs\u00f3ri csal\u00e1di h\u00e1zba a bej\u00e1rati ajt\u00f3 befesz\u00edt\u00e9s\u00e9vel behatoltak, onnan egy sz\u00e9fet \u00e9s a benne l\u00e9v\u0151 25.000.000,- Ft-ot tulajdon\u00edtott\u00e1k el.<\/p>\n<p>A b\u00edr\u00f3s\u00e1g \u00fcgy\u00e9szi ind\u00edtv\u00e1nyra 2018. szeptember 25. napj\u00e1n rendelte el a gyan\u00fas\u00edtott letart\u00f3ztat\u00e1s\u00e1t, mert meg\u00e1llap\u00edtotta, hogy fenn\u00e1ll annak a vesz\u00e9lye, hogy a sz\u00e9kesfeh\u00e9rv\u00e1ri f\u00e9rfi szabadl\u00e1bon hagy\u00e1sa\u00a0 eset\u00e9n az elj\u00e1r\u00e1s eredm\u00e9nyess\u00e9g\u00e9t vesz\u00e9lyeztetn\u00e9, tov\u00e1bb\u00e1 fenn\u00e1ll a b\u0171nism\u00e9tl\u00e9s vesz\u00e9lye is. A letart\u00f3ztat\u00e1s elrendel\u00e9s\u00e9re tett \u00fcgy\u00e9szi ind\u00edtv\u00e1nyr\u00f3l az al\u00e1bbi oldalon adott ki k\u00f6zlem\u00e9nyt az \u00fcgy\u00e9szs\u00e9g:<\/p>\n<p><span style=\"text-decoration: underline; color: #0000ff;\"><a style=\"color: #0000ff;\" href=\"http:\/\/ugyeszseg.hu\/letartoztatasban-az-a-betoro-aki-kozel-27-millio-forintot-lopott-a-tarsaival-egyutt\/\">http:\/\/ugyeszseg.hu\/letartoztatasban-az-a-betoro-aki-kozel-27-millio-forintot-lopott-a-tarsaival-egyutt\/<\/a>.<\/span><\/p>\n<p>A letart\u00f3ztat\u00e1s elrendel\u00e9s\u00e9t k\u00f6vet\u0151en a nyomoz\u00f3 hat\u00f3s\u00e1g tov\u00e1bbi nyolc rendbeli bet\u00f6r\u00e9ses lop\u00e1s elk\u00f6vet\u00e9s\u00e9vel gyan\u00fas\u00edtotta meg a f\u00e9rfit, mert megalapozott a gyan\u00fa, hogy ugyanazzal a m\u00f3dszerrel m\u00f3ri, pilis, mohai, nagybajomi, v\u00e1rpalotai \u00e9s gy\u0151r\u00fajbar\u00e1ti ingatlanokba hatolt be\u00a0 t\u00e1rsaival \u00e9s k\u00fcl\u00f6nb\u00f6z\u0151 \u00e9rt\u00e9kt\u00e1rgyakat tulajdon\u00edtottak el.<\/p>\n<p>Az \u00fcgy\u00e9szs\u00e9g ind\u00edtv\u00e1nyozta a f\u00e9rfi letart\u00f3ztat\u00e1sa hat\u00e1ridej\u00e9nek \u00fajabb h\u00e1rom h\u00f3nappal t\u00f6rt\u00e9n\u0151 meghosszabb\u00edt\u00e1s\u00e1t.<\/p>\n<p>A b\u00edr\u00f3s\u00e1g 2019. m\u00e1rcius 22. napj\u00e1n az ind\u00edtv\u00e1ny t\u00e1rgy\u00e1ban \u00fcl\u00e9st tartott, ezen a gyan\u00fas\u00edtottat meghallgatta. <strong>A b\u00edr\u00f3s\u00e1g meg\u00e1llap\u00edtotta, hogy az \u00fcgy\u00e9szs\u00e9g ind\u00edtv\u00e1nya megalapozott, ez\u00e9rt annak helyt adott, \u00e9s a letart\u00f3ztat\u00e1st 2019. j\u00fanius 25. napj\u00e1ig meghosszabb\u00edtotta.<\/strong><\/p>\n<p><em>Kom\u00e1rom-Esztergom Megyei F\u0151\u00fcgy\u00e9szs\u00e9g<\/em><\/p>\n","protected":false},"excerpt":{"rendered":"<p>Az Esztergomi J\u00e1r\u00e1si \u00dcgy\u00e9szs\u00e9g ind\u00edtv\u00e1ny\u00e1ra az Esztergomi J\u00e1r\u00e1sb\u00edr\u00f3s\u00e1g \u00fajabb h\u00e1rom h\u00f3nappal meghosszabb\u00edtotta annak a sz\u00e9kesfeh\u00e9rv\u00e1ri f\u00e9rfinak a letart\u00f3ztat\u00e1s\u00e1t, aki 2017. okt\u00f3ber\u00e9t\u0151l 2018. janu\u00e1r 08. napj\u00e1ig tizen\u00f6t bet\u00f6r\u00e9sben vett r\u00e9szt h\u00e1rom t\u00e1rs\u00e1val egy\u00fctt. A n\u00e9gy elk\u00f6vet\u0151 2017. okt\u00f3ber v\u00e9g\u00e9n \u00e1llapodott meg abban, hogy lak\u00e1sbet\u00f6r\u00e9seket fognak elk\u00f6vetni \u00fagy, hogy a helysz\u00ednekre a sz\u00e9kesfeh\u00e9rv\u00e1ri f\u00e9rfi sz\u00e1ll\u00edtja\u00a0 a t\u00e1rsait,<\/p>\n","protected":false},"author":1,"featured_media":7184,"comment_status":"closed","ping_status":"closed","sticky":false,"template":"","format":"standard","meta":{"ngg_post_thumbnail":0,"footnotes":""},"categories":[3,39,110],"tags":[449,1042,63,3628,111,326],"class_list":{"0":"post-15625","1":"post","2":"type-post","3":"status-publish","4":"format-standard","5":"has-post-thumbnail","7":"category-hirek","8":"category-kek-hirek","9":"category-tat","10":"tag-betores","11":"tag-birosag","12":"tag-buncselekmeny","13":"tag-sorozatbetoro","14":"tag-tat","15":"tag-ugyeszseg"},"yoast_head":"<!-- This site is optimized with the Yoast SEO plugin v27.5 - https:\/\/yoast.com\/product\/yoast-seo-wordpress\/ -->\n<title>Letart\u00f3ztat\u00e1sban marad a lak\u00e1sbet\u00f6r\u00e9sek gyan\u00fas\u00edtottja<\/title>\n<meta name=\"robots\" content=\"index, follow, max-snippet:-1, max-image-preview:large, max-video-preview:-1\" \/>\n<link rel=\"canonical\" href=\"https:\/\/dorogimedence.hu\/index.php\/2019\/03\/25\/letartoztatasban-marad-a-lakasbetoresek-gyanusitottja\/\" class=\"yoast-seo-meta-tag\" \/>\n<meta property=\"og:locale\" content=\"hu_HU\" class=\"yoast-seo-meta-tag\" \/>\n<meta property=\"og:type\" content=\"article\" class=\"yoast-seo-meta-tag\" \/>\n<meta property=\"og:title\" content=\"Letart\u00f3ztat\u00e1sban marad a lak\u00e1sbet\u00f6r\u00e9sek gyan\u00fas\u00edtottja\" class=\"yoast-seo-meta-tag\" \/>\n<meta property=\"og:description\" content=\"Az Esztergomi J\u00e1r\u00e1si \u00dcgy\u00e9szs\u00e9g ind\u00edtv\u00e1ny\u00e1ra az Esztergomi J\u00e1r\u00e1sb\u00edr\u00f3s\u00e1g \u00fajabb h\u00e1rom h\u00f3nappal meghosszabb\u00edtotta annak a sz\u00e9kesfeh\u00e9rv\u00e1ri f\u00e9rfinak a letart\u00f3ztat\u00e1s\u00e1t, aki 2017. okt\u00f3ber\u00e9t\u0151l 2018. janu\u00e1r 08. napj\u00e1ig tizen\u00f6t bet\u00f6r\u00e9sben vett r\u00e9szt h\u00e1rom t\u00e1rs\u00e1val egy\u00fctt. A n\u00e9gy elk\u00f6vet\u0151 2017. okt\u00f3ber v\u00e9g\u00e9n \u00e1llapodott meg abban, hogy lak\u00e1sbet\u00f6r\u00e9seket fognak elk\u00f6vetni \u00fagy, hogy a helysz\u00ednekre a sz\u00e9kesfeh\u00e9rv\u00e1ri f\u00e9rfi sz\u00e1ll\u00edtja\u00a0 a t\u00e1rsait,\" class=\"yoast-seo-meta-tag\" \/>\n<meta property=\"og:url\" content=\"https:\/\/dorogimedence.hu\/index.php\/2019\/03\/25\/letartoztatasban-marad-a-lakasbetoresek-gyanusitottja\/\" class=\"yoast-seo-meta-tag\" \/>\n<meta property=\"og:site_name\" content=\"Dorogi-medence Region\u00e1lis H\u00edrport\u00e1l\" class=\"yoast-seo-meta-tag\" \/>\n<meta property=\"article:publisher\" content=\"https:\/\/www.facebook.com\/dorogimedence\/\" class=\"yoast-seo-meta-tag\" \/>\n<meta property=\"article:published_time\" content=\"2019-03-25T16:37:43+00:00\" class=\"yoast-seo-meta-tag\" \/>\n<meta property=\"article:modified_time\" content=\"2019-03-25T16:39:11+00:00\" class=\"yoast-seo-meta-tag\" \/>\n<meta property=\"og:image\" content=\"https:\/\/i0.wp.com\/dorogimedence.hu\/wp-content\/uploads\/2017\/12\/bilincs06.jpg?fit=670%2C365&ssl=1\" class=\"yoast-seo-meta-tag\" \/>\n\t<meta property=\"og:image:width\" content=\"670\" class=\"yoast-seo-meta-tag\" \/>\n\t<meta property=\"og:image:height\" content=\"365\" class=\"yoast-seo-meta-tag\" \/>\n\t<meta property=\"og:image:type\" content=\"image\/jpeg\" class=\"yoast-seo-meta-tag\" \/>\n<meta name=\"author\" content=\"dorogimedence.hu\" class=\"yoast-seo-meta-tag\" \/>\n<meta name=\"twitter:card\" content=\"summary_large_image\" class=\"yoast-seo-meta-tag\" \/>\n<meta name=\"twitter:label1\" content=\"Szerz\u0151:\" class=\"yoast-seo-meta-tag\" \/>\n\t<meta name=\"twitter:data1\" content=\"dorogimedence.hu\" class=\"yoast-seo-meta-tag\" \/>\n\t<meta name=\"twitter:label2\" content=\"Becs\u00fclt olvas\u00e1si id\u0151\" class=\"yoast-seo-meta-tag\" \/>\n\t<meta name=\"twitter:data2\" content=\"3 perc\" class=\"yoast-seo-meta-tag\" \/>\n<script type=\"application\/ld+json\" class=\"yoast-schema-graph\">{\"@context\":\"https:\\\/\\\/schema.org\",\"@graph\":[{\"@type\":\"Article\",\"@id\":\"https:\\\/\\\/dorogimedence.hu\\\/index.php\\\/2019\\\/03\\\/25\\\/letartoztatasban-marad-a-lakasbetoresek-gyanusitottja\\\/#article\",\"isPartOf\":{\"@id\":\"https:\\\/\\\/dorogimedence.hu\\\/index.php\\\/2019\\\/03\\\/25\\\/letartoztatasban-marad-a-lakasbetoresek-gyanusitottja\\\/\"},\"author\":{\"name\":\"dorogimedence.hu\",\"@id\":\"https:\\\/\\\/dorogimedence.hu\\\/#\\\/schema\\\/person\\\/ce6091eeb7e95ecdc87890d6aa8e0fd4\"},\"headline\":\"Letart\u00f3ztat\u00e1sban marad a lak\u00e1sbet\u00f6r\u00e9sek gyan\u00fas\u00edtottja\",\"datePublished\":\"2019-03-25T16:37:43+00:00\",\"dateModified\":\"2019-03-25T16:39:11+00:00\",\"mainEntityOfPage\":{\"@id\":\"https:\\\/\\\/dorogimedence.hu\\\/index.php\\\/2019\\\/03\\\/25\\\/letartoztatasban-marad-a-lakasbetoresek-gyanusitottja\\\/\"},\"wordCount\":593,\"publisher\":{\"@id\":\"https:\\\/\\\/dorogimedence.hu\\\/#organization\"},\"image\":{\"@id\":\"https:\\\/\\\/dorogimedence.hu\\\/index.php\\\/2019\\\/03\\\/25\\\/letartoztatasban-marad-a-lakasbetoresek-gyanusitottja\\\/#primaryimage\"},\"thumbnailUrl\":\"https:\\\/\\\/dorogimedence.hu\\\/wp-content\\\/uploads\\\/2017\\\/12\\\/bilincs06.jpg\",\"keywords\":[\"bet\u00f6r\u00e9s\",\"b\u00edr\u00f3s\u00e1g\",\"b\u0171ncselekm\u00e9ny\",\"sorozatbet\u00f6r\u0151\",\"T\u00e1t\",\"\u00fcgy\u00e9szs\u00e9g\"],\"articleSection\":[\"H\u00edrek\",\"K\u00e9k h\u00edrek\",\"T\u00e1t\"],\"inLanguage\":\"hu\"},{\"@type\":\"WebPage\",\"@id\":\"https:\\\/\\\/dorogimedence.hu\\\/index.php\\\/2019\\\/03\\\/25\\\/letartoztatasban-marad-a-lakasbetoresek-gyanusitottja\\\/\",\"url\":\"https:\\\/\\\/dorogimedence.hu\\\/index.php\\\/2019\\\/03\\\/25\\\/letartoztatasban-marad-a-lakasbetoresek-gyanusitottja\\\/\",\"name\":\"Letart\u00f3ztat\u00e1sban marad a lak\u00e1sbet\u00f6r\u00e9sek gyan\u00fas\u00edtottja\",\"isPartOf\":{\"@id\":\"https:\\\/\\\/dorogimedence.hu\\\/#website\"},\"primaryImageOfPage\":{\"@id\":\"https:\\\/\\\/dorogimedence.hu\\\/index.php\\\/2019\\\/03\\\/25\\\/letartoztatasban-marad-a-lakasbetoresek-gyanusitottja\\\/#primaryimage\"},\"image\":{\"@id\":\"https:\\\/\\\/dorogimedence.hu\\\/index.php\\\/2019\\\/03\\\/25\\\/letartoztatasban-marad-a-lakasbetoresek-gyanusitottja\\\/#primaryimage\"},\"thumbnailUrl\":\"https:\\\/\\\/dorogimedence.hu\\\/wp-content\\\/uploads\\\/2017\\\/12\\\/bilincs06.jpg\",\"datePublished\":\"2019-03-25T16:37:43+00:00\",\"dateModified\":\"2019-03-25T16:39:11+00:00\",\"breadcrumb\":{\"@id\":\"https:\\\/\\\/dorogimedence.hu\\\/index.php\\\/2019\\\/03\\\/25\\\/letartoztatasban-marad-a-lakasbetoresek-gyanusitottja\\\/#breadcrumb\"},\"inLanguage\":\"hu\",\"potentialAction\":[{\"@type\":\"ReadAction\",\"target\":[\"https:\\\/\\\/dorogimedence.hu\\\/index.php\\\/2019\\\/03\\\/25\\\/letartoztatasban-marad-a-lakasbetoresek-gyanusitottja\\\/\"]}]},{\"@type\":\"ImageObject\",\"inLanguage\":\"hu\",\"@id\":\"https:\\\/\\\/dorogimedence.hu\\\/index.php\\\/2019\\\/03\\\/25\\\/letartoztatasban-marad-a-lakasbetoresek-gyanusitottja\\\/#primaryimage\",\"url\":\"https:\\\/\\\/dorogimedence.hu\\\/wp-content\\\/uploads\\\/2017\\\/12\\\/bilincs06.jpg\",\"contentUrl\":\"https:\\\/\\\/dorogimedence.hu\\\/wp-content\\\/uploads\\\/2017\\\/12\\\/bilincs06.jpg\",\"width\":670,\"height\":365},{\"@type\":\"BreadcrumbList\",\"@id\":\"https:\\\/\\\/dorogimedence.hu\\\/index.php\\\/2019\\\/03\\\/25\\\/letartoztatasban-marad-a-lakasbetoresek-gyanusitottja\\\/#breadcrumb\",\"itemListElement\":[{\"@type\":\"ListItem\",\"position\":1,\"name\":\"Kezd\u0151lap\",\"item\":\"https:\\\/\\\/dorogimedence.hu\\\/\"},{\"@type\":\"ListItem\",\"position\":2,\"name\":\"Letart\u00f3ztat\u00e1sban marad a lak\u00e1sbet\u00f6r\u00e9sek gyan\u00fas\u00edtottja\"}]},{\"@type\":\"WebSite\",\"@id\":\"https:\\\/\\\/dorogimedence.hu\\\/#website\",\"url\":\"https:\\\/\\\/dorogimedence.hu\\\/\",\"name\":\"Dorogi-medence Region\u00e1lis H\u00edrport\u00e1l\",\"description\":\"Dorog, Keszt\u00f6lc, Le\u00e1nyv\u00e1r, Piliscs\u00e9v, Tokod, Tokodalt\u00e1r\u00f3, Csolnok, Esztergom-kertv\u00e1ros: h\u00edrek, programok\",\"publisher\":{\"@id\":\"https:\\\/\\\/dorogimedence.hu\\\/#organization\"},\"potentialAction\":[{\"@type\":\"SearchAction\",\"target\":{\"@type\":\"EntryPoint\",\"urlTemplate\":\"https:\\\/\\\/dorogimedence.hu\\\/?s={search_term_string}\"},\"query-input\":{\"@type\":\"PropertyValueSpecification\",\"valueRequired\":true,\"valueName\":\"search_term_string\"}}],\"inLanguage\":\"hu\"},{\"@type\":\"Organization\",\"@id\":\"https:\\\/\\\/dorogimedence.hu\\\/#organization\",\"name\":\"Dorogi-medence Region\u00e1lis H\u00edrport\u00e1l\",\"url\":\"https:\\\/\\\/dorogimedence.hu\\\/\",\"logo\":{\"@type\":\"ImageObject\",\"inLanguage\":\"hu\",\"@id\":\"https:\\\/\\\/dorogimedence.hu\\\/#\\\/schema\\\/logo\\\/image\\\/\",\"url\":\"https:\\\/\\\/dorogimedence.hu\\\/wp-content\\\/uploads\\\/2021\\\/04\\\/logo-feher-600.png\",\"contentUrl\":\"https:\\\/\\\/dorogimedence.hu\\\/wp-content\\\/uploads\\\/2021\\\/04\\\/logo-feher-600.png\",\"width\":600,\"height\":100,\"caption\":\"Dorogi-medence Region\u00e1lis H\u00edrport\u00e1l\"},\"image\":{\"@id\":\"https:\\\/\\\/dorogimedence.hu\\\/#\\\/schema\\\/logo\\\/image\\\/\"},\"sameAs\":[\"https:\\\/\\\/www.facebook.com\\\/dorogimedence\\\/\"]},{\"@type\":\"Person\",\"@id\":\"https:\\\/\\\/dorogimedence.hu\\\/#\\\/schema\\\/person\\\/ce6091eeb7e95ecdc87890d6aa8e0fd4\",\"name\":\"dorogimedence.hu\",\"image\":{\"@type\":\"ImageObject\",\"inLanguage\":\"hu\",\"@id\":\"\\\/\\\/www.gravatar.com\\\/avatar\\\/d8d45f8901aadff40a4af72c0b826f1d?s=96&#038;r=g&#038;d=mm\",\"url\":\"\\\/\\\/www.gravatar.com\\\/avatar\\\/d8d45f8901aadff40a4af72c0b826f1d?s=96&#038;r=g&#038;d=mm\",\"contentUrl\":\"\\\/\\\/www.gravatar.com\\\/avatar\\\/d8d45f8901aadff40a4af72c0b826f1d?s=96&#038;r=g&#038;d=mm\",\"caption\":\"dorogimedence.hu\"}}]}<\/script>\n<!-- \/ Yoast SEO plugin. -->","yoast_head_json":{"title":"Letart\u00f3ztat\u00e1sban marad a lak\u00e1sbet\u00f6r\u00e9sek gyan\u00fas\u00edtottja","robots":{"index":"index","follow":"follow","max-snippet":"max-snippet:-1","max-image-preview":"max-image-preview:large","max-video-preview":"max-video-preview:-1"},"canonical":"https:\/\/dorogimedence.hu\/index.php\/2019\/03\/25\/letartoztatasban-marad-a-lakasbetoresek-gyanusitottja\/","og_locale":"hu_HU","og_type":"article","og_title":"Letart\u00f3ztat\u00e1sban marad a lak\u00e1sbet\u00f6r\u00e9sek gyan\u00fas\u00edtottja","og_description":"Az Esztergomi J\u00e1r\u00e1si \u00dcgy\u00e9szs\u00e9g ind\u00edtv\u00e1ny\u00e1ra az Esztergomi J\u00e1r\u00e1sb\u00edr\u00f3s\u00e1g \u00fajabb h\u00e1rom h\u00f3nappal meghosszabb\u00edtotta annak a sz\u00e9kesfeh\u00e9rv\u00e1ri f\u00e9rfinak a letart\u00f3ztat\u00e1s\u00e1t, aki 2017. okt\u00f3ber\u00e9t\u0151l 2018. janu\u00e1r 08. napj\u00e1ig tizen\u00f6t bet\u00f6r\u00e9sben vett r\u00e9szt h\u00e1rom t\u00e1rs\u00e1val egy\u00fctt. A n\u00e9gy elk\u00f6vet\u0151 2017. okt\u00f3ber v\u00e9g\u00e9n \u00e1llapodott meg abban, hogy lak\u00e1sbet\u00f6r\u00e9seket fognak elk\u00f6vetni \u00fagy, hogy a helysz\u00ednekre a sz\u00e9kesfeh\u00e9rv\u00e1ri f\u00e9rfi sz\u00e1ll\u00edtja\u00a0 a t\u00e1rsait,","og_url":"https:\/\/dorogimedence.hu\/index.php\/2019\/03\/25\/letartoztatasban-marad-a-lakasbetoresek-gyanusitottja\/","og_site_name":"Dorogi-medence Region\u00e1lis H\u00edrport\u00e1l","article_publisher":"https:\/\/www.facebook.com\/dorogimedence\/","article_published_time":"2019-03-25T16:37:43+00:00","article_modified_time":"2019-03-25T16:39:11+00:00","og_image":[{"width":670,"height":365,"url":"https:\/\/i0.wp.com\/dorogimedence.hu\/wp-content\/uploads\/2017\/12\/bilincs06.jpg?fit=670%2C365&ssl=1","type":"image\/jpeg"}],"author":"dorogimedence.hu","twitter_card":"summary_large_image","twitter_misc":{"Szerz\u0151:":"dorogimedence.hu","Becs\u00fclt olvas\u00e1si id\u0151":"3 perc"},"schema":{"@context":"https:\/\/schema.org","@graph":[{"@type":"Article","@id":"https:\/\/dorogimedence.hu\/index.php\/2019\/03\/25\/letartoztatasban-marad-a-lakasbetoresek-gyanusitottja\/#article","isPartOf":{"@id":"https:\/\/dorogimedence.hu\/index.php\/2019\/03\/25\/letartoztatasban-marad-a-lakasbetoresek-gyanusitottja\/"},"author":{"name":"dorogimedence.hu","@id":"https:\/\/dorogimedence.hu\/#\/schema\/person\/ce6091eeb7e95ecdc87890d6aa8e0fd4"},"headline":"Letart\u00f3ztat\u00e1sban marad a lak\u00e1sbet\u00f6r\u00e9sek gyan\u00fas\u00edtottja","datePublished":"2019-03-25T16:37:43+00:00","dateModified":"2019-03-25T16:39:11+00:00","mainEntityOfPage":{"@id":"https:\/\/dorogimedence.hu\/index.php\/2019\/03\/25\/letartoztatasban-marad-a-lakasbetoresek-gyanusitottja\/"},"wordCount":593,"publisher":{"@id":"https:\/\/dorogimedence.hu\/#organization"},"image":{"@id":"https:\/\/dorogimedence.hu\/index.php\/2019\/03\/25\/letartoztatasban-marad-a-lakasbetoresek-gyanusitottja\/#primaryimage"},"thumbnailUrl":"https:\/\/dorogimedence.hu\/wp-content\/uploads\/2017\/12\/bilincs06.jpg","keywords":["bet\u00f6r\u00e9s","b\u00edr\u00f3s\u00e1g","b\u0171ncselekm\u00e9ny","sorozatbet\u00f6r\u0151","T\u00e1t","\u00fcgy\u00e9szs\u00e9g"],"articleSection":["H\u00edrek","K\u00e9k h\u00edrek","T\u00e1t"],"inLanguage":"hu"},{"@type":"WebPage","@id":"https:\/\/dorogimedence.hu\/index.php\/2019\/03\/25\/letartoztatasban-marad-a-lakasbetoresek-gyanusitottja\/","url":"https:\/\/dorogimedence.hu\/index.php\/2019\/03\/25\/letartoztatasban-marad-a-lakasbetoresek-gyanusitottja\/","name":"Letart\u00f3ztat\u00e1sban marad a lak\u00e1sbet\u00f6r\u00e9sek gyan\u00fas\u00edtottja","isPartOf":{"@id":"https:\/\/dorogimedence.hu\/#website"},"primaryImageOfPage":{"@id":"https:\/\/dorogimedence.hu\/index.php\/2019\/03\/25\/letartoztatasban-marad-a-lakasbetoresek-gyanusitottja\/#primaryimage"},"image":{"@id":"https:\/\/dorogimedence.hu\/index.php\/2019\/03\/25\/letartoztatasban-marad-a-lakasbetoresek-gyanusitottja\/#primaryimage"},"thumbnailUrl":"https:\/\/dorogimedence.hu\/wp-content\/uploads\/2017\/12\/bilincs06.jpg","datePublished":"2019-03-25T16:37:43+00:00","dateModified":"2019-03-25T16:39:11+00:00","breadcrumb":{"@id":"https:\/\/dorogimedence.hu\/index.php\/2019\/03\/25\/letartoztatasban-marad-a-lakasbetoresek-gyanusitottja\/#breadcrumb"},"inLanguage":"hu","potentialAction":[{"@type":"ReadAction","target":["https:\/\/dorogimedence.hu\/index.php\/2019\/03\/25\/letartoztatasban-marad-a-lakasbetoresek-gyanusitottja\/"]}]},{"@type":"ImageObject","inLanguage":"hu","@id":"https:\/\/dorogimedence.hu\/index.php\/2019\/03\/25\/letartoztatasban-marad-a-lakasbetoresek-gyanusitottja\/#primaryimage","url":"https:\/\/dorogimedence.hu\/wp-content\/uploads\/2017\/12\/bilincs06.jpg","contentUrl":"https:\/\/dorogimedence.hu\/wp-content\/uploads\/2017\/12\/bilincs06.jpg","width":670,"height":365},{"@type":"BreadcrumbList","@id":"https:\/\/dorogimedence.hu\/index.php\/2019\/03\/25\/letartoztatasban-marad-a-lakasbetoresek-gyanusitottja\/#breadcrumb","itemListElement":[{"@type":"ListItem","position":1,"name":"Kezd\u0151lap","item":"https:\/\/dorogimedence.hu\/"},{"@type":"ListItem","position":2,"name":"Letart\u00f3ztat\u00e1sban marad a lak\u00e1sbet\u00f6r\u00e9sek gyan\u00fas\u00edtottja"}]},{"@type":"WebSite","@id":"https:\/\/dorogimedence.hu\/#website","url":"https:\/\/dorogimedence.hu\/","name":"Dorogi-medence Region\u00e1lis H\u00edrport\u00e1l","description":"Dorog, Keszt\u00f6lc, Le\u00e1nyv\u00e1r, Piliscs\u00e9v, Tokod, Tokodalt\u00e1r\u00f3, Csolnok, Esztergom-kertv\u00e1ros: h\u00edrek, programok","publisher":{"@id":"https:\/\/dorogimedence.hu\/#organization"},"potentialAction":[{"@type":"SearchAction","target":{"@type":"EntryPoint","urlTemplate":"https:\/\/dorogimedence.hu\/?s={search_term_string}"},"query-input":{"@type":"PropertyValueSpecification","valueRequired":true,"valueName":"search_term_string"}}],"inLanguage":"hu"},{"@type":"Organization","@id":"https:\/\/dorogimedence.hu\/#organization","name":"Dorogi-medence Region\u00e1lis H\u00edrport\u00e1l","url":"https:\/\/dorogimedence.hu\/","logo":{"@type":"ImageObject","inLanguage":"hu","@id":"https:\/\/dorogimedence.hu\/#\/schema\/logo\/image\/","url":"https:\/\/dorogimedence.hu\/wp-content\/uploads\/2021\/04\/logo-feher-600.png","contentUrl":"https:\/\/dorogimedence.hu\/wp-content\/uploads\/2021\/04\/logo-feher-600.png","width":600,"height":100,"caption":"Dorogi-medence Region\u00e1lis H\u00edrport\u00e1l"},"image":{"@id":"https:\/\/dorogimedence.hu\/#\/schema\/logo\/image\/"},"sameAs":["https:\/\/www.facebook.com\/dorogimedence\/"]},{"@type":"Person","@id":"https:\/\/dorogimedence.hu\/#\/schema\/person\/ce6091eeb7e95ecdc87890d6aa8e0fd4","name":"dorogimedence.hu","image":{"@type":"ImageObject","inLanguage":"hu","@id":"\/\/www.gravatar.com\/avatar\/d8d45f8901aadff40a4af72c0b826f1d?s=96&#038;r=g&#038;d=mm","url":"\/\/www.gravatar.com\/avatar\/d8d45f8901aadff40a4af72c0b826f1d?s=96&#038;r=g&#038;d=mm","contentUrl":"\/\/www.gravatar.com\/avatar\/d8d45f8901aadff40a4af72c0b826f1d?s=96&#038;r=g&#038;d=mm","caption":"dorogimedence.hu"}}]}},"_links":{"self":[{"href":"https:\/\/dorogimedence.hu\/index.php\/wp-json\/wp\/v2\/posts\/15625","targetHints":{"allow":["GET"]}}],"collection":[{"href":"https:\/\/dorogimedence.hu\/index.php\/wp-json\/wp\/v2\/posts"}],"about":[{"href":"https:\/\/dorogimedence.hu\/index.php\/wp-json\/wp\/v2\/types\/post"}],"author":[{"embeddable":true,"href":"https:\/\/dorogimedence.hu\/index.php\/wp-json\/wp\/v2\/users\/1"}],"replies":[{"embeddable":true,"href":"https:\/\/dorogimedence.hu\/index.php\/wp-json\/wp\/v2\/comments?post=15625"}],"version-history":[{"count":0,"href":"https:\/\/dorogimedence.hu\/index.php\/wp-json\/wp\/v2\/posts\/15625\/revisions"}],"wp:featuredmedia":[{"embeddable":true,"href":"https:\/\/dorogimedence.hu\/index.php\/wp-json\/wp\/v2\/media\/7184"}],"wp:attachment":[{"href":"https:\/\/dorogimedence.hu\/index.php\/wp-json\/wp\/v2\/media?parent=15625"}],"wp:term":[{"taxonomy":"category","embeddable":true,"href":"https:\/\/dorogimedence.hu\/index.php\/wp-json\/wp\/v2\/categories?post=15625"},{"taxonomy":"post_tag","embeddable":true,"href":"https:\/\/dorogimedence.hu\/index.php\/wp-json\/wp\/v2\/tags?post=15625"}],"curies":[{"name":"wp","href":"https:\/\/api.w.org\/{rel}","templated":true}]}}