{"id":1561,"date":"2017-03-17T07:03:44","date_gmt":"2017-03-17T06:03:44","guid":{"rendered":"http:\/\/dorogimedence.hu\/?p=1561"},"modified":"2017-03-17T07:03:44","modified_gmt":"2017-03-17T06:03:44","slug":"x-faktor-meghallgatas-esztergomban","status":"publish","type":"post","link":"https:\/\/dorogimedence.hu\/index.php\/2017\/03\/17\/x-faktor-meghallgatas-esztergomban\/","title":{"rendered":"X-Faktor meghallgat\u00e1s Esztergomban"},"content":{"rendered":"<p><strong>Magyarorsz\u00e1g legn\u00e9pszer\u0171bb tehets\u00e9gkutat\u00f3j\u00e1nak st\u00e1bja az eg\u00e9sz orsz\u00e1got bej\u00e1rja, hogy T\u00e9ged is megtal\u00e1ljon, ez\u00e9rt Esztergomba is ell\u00e1togatnak.<\/strong><\/p>\n<p>A helyiek meghallgat\u00e1s\u00e1ra Esztergomban az All In Music Cafe-ban ker\u00fcl sor, \u00e1prilis 8-\u00e1n, szombaton 20 \u00f3r\u00e1t\u00f3l.<\/p>\n<p><span class=\"_4n-j _3cht fsl\" data-testid=\"event-permalink-details\">&#8222;Ha szeretsz \u00e9nekelni, \u00e9s j\u00f3l \u00e9rzed magad a sz\u00ednpadon, akkor gyere el. Viszont, ha a sz\u00ednpad nem a te tereped, de egy bar\u00e1tod, a pasid, a csajod, a tes\u00f3d, vagy b\u00e1rki a k\u00f6rnyezetedb\u0151l szeret \u00e9nekelni, ne habozz\u2026 Nevezd be \u0151t! Hozz magaddal zenei alapokat\u200b pendrive-on vagy CD-n, amikre \u00e9nekelni fogsz, vagy akusztikus hangszered, hogy k\u00eds\u00e9rni tudd magad. Ha zenekaroddal nevezn\u00e9l, hozzatok magatokkal valamilyen bemutatkoz\u00f3 anyagot!&#8221;<\/p>\n<p><span style=\"color: #000080;\"><a style=\"color: #000080;\" href=\"https:\/\/www.facebook.com\/events\/352117761855492\/\" target=\"_blank\"><em><strong> Facebook esem\u00e9ny&gt;&gt;<\/strong><\/em><\/a><\/span><br \/>\n<span style=\"color: #000080;\"><a style=\"color: #000080;\" href=\"http:\/\/rtl.hu\/rtlklub\/xfaktor\/x-faktor-2017-ime-a-meghallgatasi-helyszinek-es-idopontok-listaja\" target=\"_blank\"><em><strong>Helysz\u00ednek \u00e9s id\u0151pontok&gt;&gt;<\/strong><\/em><\/a><\/span><br \/>\n<\/span><\/p>\n<p><em>Forr\u00e1s: xfaktor.hu<\/em><\/p>\n","protected":false},"excerpt":{"rendered":"<p>Magyarorsz\u00e1g legn\u00e9pszer\u0171bb tehets\u00e9gkutat\u00f3j\u00e1nak st\u00e1bja az eg\u00e9sz orsz\u00e1got bej\u00e1rja, hogy T\u00e9ged is megtal\u00e1ljon, ez\u00e9rt Esztergomba is ell\u00e1togatnak. A helyiek meghallgat\u00e1s\u00e1ra Esztergomban az All In Music Cafe-ban ker\u00fcl sor, \u00e1prilis 8-\u00e1n, szombaton 20 \u00f3r\u00e1t\u00f3l. &#8222;Ha szeretsz \u00e9nekelni, \u00e9s j\u00f3l \u00e9rzed magad a sz\u00ednpadon, akkor gyere el. Viszont, ha a sz\u00ednpad nem a te tereped, de egy bar\u00e1tod,<\/p>\n","protected":false},"author":1,"featured_media":1562,"comment_status":"closed","ping_status":"closed","sticky":false,"template":"","format":"standard","meta":{"ngg_post_thumbnail":0,"footnotes":""},"categories":[38,3],"tags":[42,538,290,537],"class_list":{"0":"post-1561","1":"post","2":"type-post","3":"status-publish","4":"format-standard","5":"has-post-thumbnail","7":"category-esztergom","8":"category-hirek","9":"tag-esztergom","10":"tag-meghallgatas","11":"tag-tehetsegkutato","12":"tag-x-faktor"},"yoast_head":"<!-- This site is optimized with the Yoast SEO plugin v27.4 - https:\/\/yoast.com\/product\/yoast-seo-wordpress\/ -->\n<title>X-Faktor meghallgat\u00e1s Esztergomban<\/title>\n<meta name=\"robots\" content=\"index, follow, max-snippet:-1, max-image-preview:large, max-video-preview:-1\" \/>\n<link rel=\"canonical\" href=\"https:\/\/dorogimedence.hu\/index.php\/2017\/03\/17\/x-faktor-meghallgatas-esztergomban\/\" class=\"yoast-seo-meta-tag\" \/>\n<meta property=\"og:locale\" content=\"hu_HU\" class=\"yoast-seo-meta-tag\" \/>\n<meta property=\"og:type\" content=\"article\" class=\"yoast-seo-meta-tag\" \/>\n<meta property=\"og:title\" content=\"X-Faktor meghallgat\u00e1s Esztergomban\" class=\"yoast-seo-meta-tag\" \/>\n<meta property=\"og:description\" content=\"Magyarorsz\u00e1g legn\u00e9pszer\u0171bb tehets\u00e9gkutat\u00f3j\u00e1nak st\u00e1bja az eg\u00e9sz orsz\u00e1got bej\u00e1rja, hogy T\u00e9ged is megtal\u00e1ljon, ez\u00e9rt Esztergomba is ell\u00e1togatnak. A helyiek meghallgat\u00e1s\u00e1ra Esztergomban az All In Music Cafe-ban ker\u00fcl sor, \u00e1prilis 8-\u00e1n, szombaton 20 \u00f3r\u00e1t\u00f3l. &#8222;Ha szeretsz \u00e9nekelni, \u00e9s j\u00f3l \u00e9rzed magad a sz\u00ednpadon, akkor gyere el. Viszont, ha a sz\u00ednpad nem a te tereped, de egy bar\u00e1tod,\" class=\"yoast-seo-meta-tag\" \/>\n<meta property=\"og:url\" content=\"https:\/\/dorogimedence.hu\/index.php\/2017\/03\/17\/x-faktor-meghallgatas-esztergomban\/\" class=\"yoast-seo-meta-tag\" \/>\n<meta property=\"og:site_name\" content=\"Dorogi-medence Region\u00e1lis H\u00edrport\u00e1l\" class=\"yoast-seo-meta-tag\" \/>\n<meta property=\"article:publisher\" content=\"https:\/\/www.facebook.com\/dorogimedence\/\" class=\"yoast-seo-meta-tag\" \/>\n<meta property=\"article:published_time\" content=\"2017-03-17T06:03:44+00:00\" class=\"yoast-seo-meta-tag\" \/>\n<meta property=\"og:image\" content=\"https:\/\/i0.wp.com\/dorogimedence.hu\/wp-content\/uploads\/2017\/03\/x-faktor-esztergom.jpg?fit=960%2C540&ssl=1\" class=\"yoast-seo-meta-tag\" \/>\n\t<meta property=\"og:image:width\" content=\"960\" class=\"yoast-seo-meta-tag\" \/>\n\t<meta property=\"og:image:height\" content=\"540\" class=\"yoast-seo-meta-tag\" \/>\n\t<meta property=\"og:image:type\" content=\"image\/jpeg\" class=\"yoast-seo-meta-tag\" \/>\n<meta name=\"author\" content=\"dorogimedence.hu\" class=\"yoast-seo-meta-tag\" \/>\n<meta name=\"twitter:card\" content=\"summary_large_image\" class=\"yoast-seo-meta-tag\" \/>\n<meta name=\"twitter:label1\" content=\"Szerz\u0151:\" class=\"yoast-seo-meta-tag\" \/>\n\t<meta name=\"twitter:data1\" content=\"dorogimedence.hu\" class=\"yoast-seo-meta-tag\" \/>\n\t<meta name=\"twitter:label2\" content=\"Becs\u00fclt olvas\u00e1si id\u0151\" class=\"yoast-seo-meta-tag\" \/>\n\t<meta name=\"twitter:data2\" content=\"1 perc\" class=\"yoast-seo-meta-tag\" \/>\n<script type=\"application\/ld+json\" class=\"yoast-schema-graph\">{\"@context\":\"https:\\\/\\\/schema.org\",\"@graph\":[{\"@type\":\"Article\",\"@id\":\"https:\\\/\\\/dorogimedence.hu\\\/index.php\\\/2017\\\/03\\\/17\\\/x-faktor-meghallgatas-esztergomban\\\/#article\",\"isPartOf\":{\"@id\":\"https:\\\/\\\/dorogimedence.hu\\\/index.php\\\/2017\\\/03\\\/17\\\/x-faktor-meghallgatas-esztergomban\\\/\"},\"author\":{\"name\":\"dorogimedence.hu\",\"@id\":\"https:\\\/\\\/dorogimedence.hu\\\/#\\\/schema\\\/person\\\/ce6091eeb7e95ecdc87890d6aa8e0fd4\"},\"headline\":\"X-Faktor meghallgat\u00e1s Esztergomban\",\"datePublished\":\"2017-03-17T06:03:44+00:00\",\"mainEntityOfPage\":{\"@id\":\"https:\\\/\\\/dorogimedence.hu\\\/index.php\\\/2017\\\/03\\\/17\\\/x-faktor-meghallgatas-esztergomban\\\/\"},\"wordCount\":147,\"publisher\":{\"@id\":\"https:\\\/\\\/dorogimedence.hu\\\/#organization\"},\"image\":{\"@id\":\"https:\\\/\\\/dorogimedence.hu\\\/index.php\\\/2017\\\/03\\\/17\\\/x-faktor-meghallgatas-esztergomban\\\/#primaryimage\"},\"thumbnailUrl\":\"https:\\\/\\\/dorogimedence.hu\\\/wp-content\\\/uploads\\\/2017\\\/03\\\/x-faktor-esztergom.jpg\",\"keywords\":[\"esztergom\",\"meghallgat\u00e1s\",\"tehets\u00e9gkutat\u00f3\",\"X-Faktor\"],\"articleSection\":[\"Esztergom\",\"H\u00edrek\"],\"inLanguage\":\"hu\"},{\"@type\":\"WebPage\",\"@id\":\"https:\\\/\\\/dorogimedence.hu\\\/index.php\\\/2017\\\/03\\\/17\\\/x-faktor-meghallgatas-esztergomban\\\/\",\"url\":\"https:\\\/\\\/dorogimedence.hu\\\/index.php\\\/2017\\\/03\\\/17\\\/x-faktor-meghallgatas-esztergomban\\\/\",\"name\":\"X-Faktor meghallgat\u00e1s Esztergomban\",\"isPartOf\":{\"@id\":\"https:\\\/\\\/dorogimedence.hu\\\/#website\"},\"primaryImageOfPage\":{\"@id\":\"https:\\\/\\\/dorogimedence.hu\\\/index.php\\\/2017\\\/03\\\/17\\\/x-faktor-meghallgatas-esztergomban\\\/#primaryimage\"},\"image\":{\"@id\":\"https:\\\/\\\/dorogimedence.hu\\\/index.php\\\/2017\\\/03\\\/17\\\/x-faktor-meghallgatas-esztergomban\\\/#primaryimage\"},\"thumbnailUrl\":\"https:\\\/\\\/dorogimedence.hu\\\/wp-content\\\/uploads\\\/2017\\\/03\\\/x-faktor-esztergom.jpg\",\"datePublished\":\"2017-03-17T06:03:44+00:00\",\"breadcrumb\":{\"@id\":\"https:\\\/\\\/dorogimedence.hu\\\/index.php\\\/2017\\\/03\\\/17\\\/x-faktor-meghallgatas-esztergomban\\\/#breadcrumb\"},\"inLanguage\":\"hu\",\"potentialAction\":[{\"@type\":\"ReadAction\",\"target\":[\"https:\\\/\\\/dorogimedence.hu\\\/index.php\\\/2017\\\/03\\\/17\\\/x-faktor-meghallgatas-esztergomban\\\/\"]}]},{\"@type\":\"ImageObject\",\"inLanguage\":\"hu\",\"@id\":\"https:\\\/\\\/dorogimedence.hu\\\/index.php\\\/2017\\\/03\\\/17\\\/x-faktor-meghallgatas-esztergomban\\\/#primaryimage\",\"url\":\"https:\\\/\\\/dorogimedence.hu\\\/wp-content\\\/uploads\\\/2017\\\/03\\\/x-faktor-esztergom.jpg\",\"contentUrl\":\"https:\\\/\\\/dorogimedence.hu\\\/wp-content\\\/uploads\\\/2017\\\/03\\\/x-faktor-esztergom.jpg\",\"width\":960,\"height\":540},{\"@type\":\"BreadcrumbList\",\"@id\":\"https:\\\/\\\/dorogimedence.hu\\\/index.php\\\/2017\\\/03\\\/17\\\/x-faktor-meghallgatas-esztergomban\\\/#breadcrumb\",\"itemListElement\":[{\"@type\":\"ListItem\",\"position\":1,\"name\":\"Kezd\u0151lap\",\"item\":\"https:\\\/\\\/dorogimedence.hu\\\/\"},{\"@type\":\"ListItem\",\"position\":2,\"name\":\"X-Faktor meghallgat\u00e1s Esztergomban\"}]},{\"@type\":\"WebSite\",\"@id\":\"https:\\\/\\\/dorogimedence.hu\\\/#website\",\"url\":\"https:\\\/\\\/dorogimedence.hu\\\/\",\"name\":\"Dorogi-medence Region\u00e1lis H\u00edrport\u00e1l\",\"description\":\"Dorog, Keszt\u00f6lc, Le\u00e1nyv\u00e1r, Piliscs\u00e9v, Tokod, Tokodalt\u00e1r\u00f3, Csolnok, Esztergom-kertv\u00e1ros: h\u00edrek, programok\",\"publisher\":{\"@id\":\"https:\\\/\\\/dorogimedence.hu\\\/#organization\"},\"potentialAction\":[{\"@type\":\"SearchAction\",\"target\":{\"@type\":\"EntryPoint\",\"urlTemplate\":\"https:\\\/\\\/dorogimedence.hu\\\/?s={search_term_string}\"},\"query-input\":{\"@type\":\"PropertyValueSpecification\",\"valueRequired\":true,\"valueName\":\"search_term_string\"}}],\"inLanguage\":\"hu\"},{\"@type\":\"Organization\",\"@id\":\"https:\\\/\\\/dorogimedence.hu\\\/#organization\",\"name\":\"Dorogi-medence Region\u00e1lis H\u00edrport\u00e1l\",\"url\":\"https:\\\/\\\/dorogimedence.hu\\\/\",\"logo\":{\"@type\":\"ImageObject\",\"inLanguage\":\"hu\",\"@id\":\"https:\\\/\\\/dorogimedence.hu\\\/#\\\/schema\\\/logo\\\/image\\\/\",\"url\":\"https:\\\/\\\/dorogimedence.hu\\\/wp-content\\\/uploads\\\/2021\\\/04\\\/logo-feher-600.png\",\"contentUrl\":\"https:\\\/\\\/dorogimedence.hu\\\/wp-content\\\/uploads\\\/2021\\\/04\\\/logo-feher-600.png\",\"width\":600,\"height\":100,\"caption\":\"Dorogi-medence Region\u00e1lis H\u00edrport\u00e1l\"},\"image\":{\"@id\":\"https:\\\/\\\/dorogimedence.hu\\\/#\\\/schema\\\/logo\\\/image\\\/\"},\"sameAs\":[\"https:\\\/\\\/www.facebook.com\\\/dorogimedence\\\/\"]},{\"@type\":\"Person\",\"@id\":\"https:\\\/\\\/dorogimedence.hu\\\/#\\\/schema\\\/person\\\/ce6091eeb7e95ecdc87890d6aa8e0fd4\",\"name\":\"dorogimedence.hu\",\"image\":{\"@type\":\"ImageObject\",\"inLanguage\":\"hu\",\"@id\":\"\\\/\\\/www.gravatar.com\\\/avatar\\\/d8d45f8901aadff40a4af72c0b826f1d?s=96&#038;r=g&#038;d=mm\",\"url\":\"\\\/\\\/www.gravatar.com\\\/avatar\\\/d8d45f8901aadff40a4af72c0b826f1d?s=96&#038;r=g&#038;d=mm\",\"contentUrl\":\"\\\/\\\/www.gravatar.com\\\/avatar\\\/d8d45f8901aadff40a4af72c0b826f1d?s=96&#038;r=g&#038;d=mm\",\"caption\":\"dorogimedence.hu\"}}]}<\/script>\n<!-- \/ Yoast SEO plugin. -->","yoast_head_json":{"title":"X-Faktor meghallgat\u00e1s Esztergomban","robots":{"index":"index","follow":"follow","max-snippet":"max-snippet:-1","max-image-preview":"max-image-preview:large","max-video-preview":"max-video-preview:-1"},"canonical":"https:\/\/dorogimedence.hu\/index.php\/2017\/03\/17\/x-faktor-meghallgatas-esztergomban\/","og_locale":"hu_HU","og_type":"article","og_title":"X-Faktor meghallgat\u00e1s Esztergomban","og_description":"Magyarorsz\u00e1g legn\u00e9pszer\u0171bb tehets\u00e9gkutat\u00f3j\u00e1nak st\u00e1bja az eg\u00e9sz orsz\u00e1got bej\u00e1rja, hogy T\u00e9ged is megtal\u00e1ljon, ez\u00e9rt Esztergomba is ell\u00e1togatnak. A helyiek meghallgat\u00e1s\u00e1ra Esztergomban az All In Music Cafe-ban ker\u00fcl sor, \u00e1prilis 8-\u00e1n, szombaton 20 \u00f3r\u00e1t\u00f3l. &#8222;Ha szeretsz \u00e9nekelni, \u00e9s j\u00f3l \u00e9rzed magad a sz\u00ednpadon, akkor gyere el. Viszont, ha a sz\u00ednpad nem a te tereped, de egy bar\u00e1tod,","og_url":"https:\/\/dorogimedence.hu\/index.php\/2017\/03\/17\/x-faktor-meghallgatas-esztergomban\/","og_site_name":"Dorogi-medence Region\u00e1lis H\u00edrport\u00e1l","article_publisher":"https:\/\/www.facebook.com\/dorogimedence\/","article_published_time":"2017-03-17T06:03:44+00:00","og_image":[{"width":960,"height":540,"url":"https:\/\/i0.wp.com\/dorogimedence.hu\/wp-content\/uploads\/2017\/03\/x-faktor-esztergom.jpg?fit=960%2C540&ssl=1","type":"image\/jpeg"}],"author":"dorogimedence.hu","twitter_card":"summary_large_image","twitter_misc":{"Szerz\u0151:":"dorogimedence.hu","Becs\u00fclt olvas\u00e1si id\u0151":"1 perc"},"schema":{"@context":"https:\/\/schema.org","@graph":[{"@type":"Article","@id":"https:\/\/dorogimedence.hu\/index.php\/2017\/03\/17\/x-faktor-meghallgatas-esztergomban\/#article","isPartOf":{"@id":"https:\/\/dorogimedence.hu\/index.php\/2017\/03\/17\/x-faktor-meghallgatas-esztergomban\/"},"author":{"name":"dorogimedence.hu","@id":"https:\/\/dorogimedence.hu\/#\/schema\/person\/ce6091eeb7e95ecdc87890d6aa8e0fd4"},"headline":"X-Faktor meghallgat\u00e1s Esztergomban","datePublished":"2017-03-17T06:03:44+00:00","mainEntityOfPage":{"@id":"https:\/\/dorogimedence.hu\/index.php\/2017\/03\/17\/x-faktor-meghallgatas-esztergomban\/"},"wordCount":147,"publisher":{"@id":"https:\/\/dorogimedence.hu\/#organization"},"image":{"@id":"https:\/\/dorogimedence.hu\/index.php\/2017\/03\/17\/x-faktor-meghallgatas-esztergomban\/#primaryimage"},"thumbnailUrl":"https:\/\/dorogimedence.hu\/wp-content\/uploads\/2017\/03\/x-faktor-esztergom.jpg","keywords":["esztergom","meghallgat\u00e1s","tehets\u00e9gkutat\u00f3","X-Faktor"],"articleSection":["Esztergom","H\u00edrek"],"inLanguage":"hu"},{"@type":"WebPage","@id":"https:\/\/dorogimedence.hu\/index.php\/2017\/03\/17\/x-faktor-meghallgatas-esztergomban\/","url":"https:\/\/dorogimedence.hu\/index.php\/2017\/03\/17\/x-faktor-meghallgatas-esztergomban\/","name":"X-Faktor meghallgat\u00e1s Esztergomban","isPartOf":{"@id":"https:\/\/dorogimedence.hu\/#website"},"primaryImageOfPage":{"@id":"https:\/\/dorogimedence.hu\/index.php\/2017\/03\/17\/x-faktor-meghallgatas-esztergomban\/#primaryimage"},"image":{"@id":"https:\/\/dorogimedence.hu\/index.php\/2017\/03\/17\/x-faktor-meghallgatas-esztergomban\/#primaryimage"},"thumbnailUrl":"https:\/\/dorogimedence.hu\/wp-content\/uploads\/2017\/03\/x-faktor-esztergom.jpg","datePublished":"2017-03-17T06:03:44+00:00","breadcrumb":{"@id":"https:\/\/dorogimedence.hu\/index.php\/2017\/03\/17\/x-faktor-meghallgatas-esztergomban\/#breadcrumb"},"inLanguage":"hu","potentialAction":[{"@type":"ReadAction","target":["https:\/\/dorogimedence.hu\/index.php\/2017\/03\/17\/x-faktor-meghallgatas-esztergomban\/"]}]},{"@type":"ImageObject","inLanguage":"hu","@id":"https:\/\/dorogimedence.hu\/index.php\/2017\/03\/17\/x-faktor-meghallgatas-esztergomban\/#primaryimage","url":"https:\/\/dorogimedence.hu\/wp-content\/uploads\/2017\/03\/x-faktor-esztergom.jpg","contentUrl":"https:\/\/dorogimedence.hu\/wp-content\/uploads\/2017\/03\/x-faktor-esztergom.jpg","width":960,"height":540},{"@type":"BreadcrumbList","@id":"https:\/\/dorogimedence.hu\/index.php\/2017\/03\/17\/x-faktor-meghallgatas-esztergomban\/#breadcrumb","itemListElement":[{"@type":"ListItem","position":1,"name":"Kezd\u0151lap","item":"https:\/\/dorogimedence.hu\/"},{"@type":"ListItem","position":2,"name":"X-Faktor meghallgat\u00e1s Esztergomban"}]},{"@type":"WebSite","@id":"https:\/\/dorogimedence.hu\/#website","url":"https:\/\/dorogimedence.hu\/","name":"Dorogi-medence Region\u00e1lis H\u00edrport\u00e1l","description":"Dorog, Keszt\u00f6lc, Le\u00e1nyv\u00e1r, Piliscs\u00e9v, Tokod, Tokodalt\u00e1r\u00f3, Csolnok, Esztergom-kertv\u00e1ros: h\u00edrek, programok","publisher":{"@id":"https:\/\/dorogimedence.hu\/#organization"},"potentialAction":[{"@type":"SearchAction","target":{"@type":"EntryPoint","urlTemplate":"https:\/\/dorogimedence.hu\/?s={search_term_string}"},"query-input":{"@type":"PropertyValueSpecification","valueRequired":true,"valueName":"search_term_string"}}],"inLanguage":"hu"},{"@type":"Organization","@id":"https:\/\/dorogimedence.hu\/#organization","name":"Dorogi-medence Region\u00e1lis H\u00edrport\u00e1l","url":"https:\/\/dorogimedence.hu\/","logo":{"@type":"ImageObject","inLanguage":"hu","@id":"https:\/\/dorogimedence.hu\/#\/schema\/logo\/image\/","url":"https:\/\/dorogimedence.hu\/wp-content\/uploads\/2021\/04\/logo-feher-600.png","contentUrl":"https:\/\/dorogimedence.hu\/wp-content\/uploads\/2021\/04\/logo-feher-600.png","width":600,"height":100,"caption":"Dorogi-medence Region\u00e1lis H\u00edrport\u00e1l"},"image":{"@id":"https:\/\/dorogimedence.hu\/#\/schema\/logo\/image\/"},"sameAs":["https:\/\/www.facebook.com\/dorogimedence\/"]},{"@type":"Person","@id":"https:\/\/dorogimedence.hu\/#\/schema\/person\/ce6091eeb7e95ecdc87890d6aa8e0fd4","name":"dorogimedence.hu","image":{"@type":"ImageObject","inLanguage":"hu","@id":"\/\/www.gravatar.com\/avatar\/d8d45f8901aadff40a4af72c0b826f1d?s=96&#038;r=g&#038;d=mm","url":"\/\/www.gravatar.com\/avatar\/d8d45f8901aadff40a4af72c0b826f1d?s=96&#038;r=g&#038;d=mm","contentUrl":"\/\/www.gravatar.com\/avatar\/d8d45f8901aadff40a4af72c0b826f1d?s=96&#038;r=g&#038;d=mm","caption":"dorogimedence.hu"}}]}},"_links":{"self":[{"href":"https:\/\/dorogimedence.hu\/index.php\/wp-json\/wp\/v2\/posts\/1561","targetHints":{"allow":["GET"]}}],"collection":[{"href":"https:\/\/dorogimedence.hu\/index.php\/wp-json\/wp\/v2\/posts"}],"about":[{"href":"https:\/\/dorogimedence.hu\/index.php\/wp-json\/wp\/v2\/types\/post"}],"author":[{"embeddable":true,"href":"https:\/\/dorogimedence.hu\/index.php\/wp-json\/wp\/v2\/users\/1"}],"replies":[{"embeddable":true,"href":"https:\/\/dorogimedence.hu\/index.php\/wp-json\/wp\/v2\/comments?post=1561"}],"version-history":[{"count":0,"href":"https:\/\/dorogimedence.hu\/index.php\/wp-json\/wp\/v2\/posts\/1561\/revisions"}],"wp:featuredmedia":[{"embeddable":true,"href":"https:\/\/dorogimedence.hu\/index.php\/wp-json\/wp\/v2\/media\/1562"}],"wp:attachment":[{"href":"https:\/\/dorogimedence.hu\/index.php\/wp-json\/wp\/v2\/media?parent=1561"}],"wp:term":[{"taxonomy":"category","embeddable":true,"href":"https:\/\/dorogimedence.hu\/index.php\/wp-json\/wp\/v2\/categories?post=1561"},{"taxonomy":"post_tag","embeddable":true,"href":"https:\/\/dorogimedence.hu\/index.php\/wp-json\/wp\/v2\/tags?post=1561"}],"curies":[{"name":"wp","href":"https:\/\/api.w.org\/{rel}","templated":true}]}}