{"id":15558,"date":"2019-03-21T17:35:17","date_gmt":"2019-03-21T16:35:17","guid":{"rendered":"http:\/\/dorogimedence.hu\/?p=15558"},"modified":"2019-03-21T17:36:00","modified_gmt":"2019-03-21T16:36:00","slug":"egymas-utan-harom-sertettet-bantalmazott-egy-reszeg-ferfi","status":"publish","type":"post","link":"https:\/\/dorogimedence.hu\/index.php\/2019\/03\/21\/egymas-utan-harom-sertettet-bantalmazott-egy-reszeg-ferfi\/","title":{"rendered":"Egym\u00e1s ut\u00e1n h\u00e1rom s\u00e9rtettet b\u00e1ntalmazott egy r\u00e9szeg f\u00e9rfi"},"content":{"rendered":"<p><strong>Az Esztergomi J\u00e1r\u00e1si \u00dcgy\u00e9szs\u00e9g s\u00falyos testi s\u00e9rt\u00e9s b\u0171ntette miatt v\u00e1dat emelt azzal a fiatal feln\u0151tt f\u00e9rfival szemben, aki Esztergomban, ittas \u00e1llapotban b\u00e1ntalmazott h\u00e1rom s\u00e9rtettet m\u00e9g tavaly tavasszal.<\/strong><\/p>\n<p>A v\u00e1dirati t\u00e9ny\u00e1ll\u00e1s l\u00e9nyege szerint az ittas \u00e1llapotban l\u00e9v\u0151 elk\u00f6vet\u0151 2018. \u00e1prilis 15. napj\u00e1n, az \u00e9jjeli \u00f3r\u00e1kban, Esztergom egyik utc\u00e1j\u00e1n el\u0151zetes sz\u00f3v\u00e1lt\u00e1st k\u00f6vet\u0151en, egym\u00e1s ut\u00e1n h\u00e1rom f\u00e9rfi s\u00e9rtettre t\u00e1madt oly m\u00f3don, hogy a s\u00e9rtettek fej\u00e9t \u00f6k\u00f6llel, t\u00f6bb alkalommal meg\u00fct\u00f6tte, tov\u00e1bb\u00e1 az egyik s\u00e9rtettet a f\u00f6ld\u00f6n testszerte rugdosta.<\/p>\n<p>A s\u00e9rtettek k\u00f6z\u00fcl az egyik f\u00e9rfinak 8 napon t\u00fal gy\u00f3gyul\u00f3 arccsont t\u00f6r\u00e9se, a m\u00e1sik s\u00e9rtettnek k\u00f6nnyebb s\u00e9r\u00fcl\u00e9se keletkezett, a harmadik f\u00e9rfi pedig a b\u00e1ntalmaz\u00e1s sor\u00e1n nem szenvedett s\u00e9r\u00fcl\u00e9st.<\/p>\n<p>Az \u00fcgy\u00e9szs\u00e9g a v\u00e1diratban ind\u00edtv\u00e1nyt tett arra, hogy a b\u00edr\u00f3s\u00e1g a b\u0171ncselekm\u00e9ny elk\u00f6vet\u00e9s\u00e9t beismer\u0151 v\u00e1dlottal szemben<strong> t\u00e1rgyal\u00e1s mell\u0151z\u00e9s\u00e9vel, v\u00e9grehajt\u00e1s\u00e1ban pr\u00f3baid\u0151re felf\u00fcggesztett b\u00f6rt\u00f6nb\u00fcntet\u00e9st szabjon ki<\/strong>.<\/p>\n<p><em>Kom\u00e1rom-Esztergom Megyei F\u0151\u00fcgy\u00e9szs\u00e9g<\/em><\/p>\n","protected":false},"excerpt":{"rendered":"<p>Az Esztergomi J\u00e1r\u00e1si \u00dcgy\u00e9szs\u00e9g s\u00falyos testi s\u00e9rt\u00e9s b\u0171ntette miatt v\u00e1dat emelt azzal a fiatal feln\u0151tt f\u00e9rfival szemben, aki Esztergomban, ittas \u00e1llapotban b\u00e1ntalmazott h\u00e1rom s\u00e9rtettet m\u00e9g tavaly tavasszal. A v\u00e1dirati t\u00e9ny\u00e1ll\u00e1s l\u00e9nyege szerint az ittas \u00e1llapotban l\u00e9v\u0151 elk\u00f6vet\u0151 2018. \u00e1prilis 15. napj\u00e1n, az \u00e9jjeli \u00f3r\u00e1kban, Esztergom egyik utc\u00e1j\u00e1n el\u0151zetes sz\u00f3v\u00e1lt\u00e1st k\u00f6vet\u0151en, egym\u00e1s ut\u00e1n h\u00e1rom f\u00e9rfi s\u00e9rtettre<\/p>\n","protected":false},"author":1,"featured_media":0,"comment_status":"closed","ping_status":"closed","sticky":false,"template":"","format":"standard","meta":{"ngg_post_thumbnail":0,"footnotes":""},"categories":[38,3],"tags":[712,1042,42,326],"class_list":{"0":"post-15558","1":"post","2":"type-post","3":"status-publish","4":"format-standard","6":"category-esztergom","7":"category-hirek","8":"tag-bantalmazas","9":"tag-birosag","10":"tag-esztergom","11":"tag-ugyeszseg"},"yoast_head":"<!-- This site is optimized with the Yoast SEO plugin v27.4 - https:\/\/yoast.com\/product\/yoast-seo-wordpress\/ -->\n<title>Egym\u00e1s ut\u00e1n h\u00e1rom s\u00e9rtettet b\u00e1ntalmazott egy r\u00e9szeg f\u00e9rfi<\/title>\n<meta name=\"robots\" content=\"index, follow, max-snippet:-1, max-image-preview:large, max-video-preview:-1\" \/>\n<link rel=\"canonical\" href=\"https:\/\/dorogimedence.hu\/index.php\/2019\/03\/21\/egymas-utan-harom-sertettet-bantalmazott-egy-reszeg-ferfi\/\" class=\"yoast-seo-meta-tag\" \/>\n<meta property=\"og:locale\" content=\"hu_HU\" class=\"yoast-seo-meta-tag\" \/>\n<meta property=\"og:type\" content=\"article\" class=\"yoast-seo-meta-tag\" \/>\n<meta property=\"og:title\" content=\"Egym\u00e1s ut\u00e1n h\u00e1rom s\u00e9rtettet b\u00e1ntalmazott egy r\u00e9szeg f\u00e9rfi\" class=\"yoast-seo-meta-tag\" \/>\n<meta property=\"og:description\" content=\"Az Esztergomi J\u00e1r\u00e1si \u00dcgy\u00e9szs\u00e9g s\u00falyos testi s\u00e9rt\u00e9s b\u0171ntette miatt v\u00e1dat emelt azzal a fiatal feln\u0151tt f\u00e9rfival szemben, aki Esztergomban, ittas \u00e1llapotban b\u00e1ntalmazott h\u00e1rom s\u00e9rtettet m\u00e9g tavaly tavasszal. A v\u00e1dirati t\u00e9ny\u00e1ll\u00e1s l\u00e9nyege szerint az ittas \u00e1llapotban l\u00e9v\u0151 elk\u00f6vet\u0151 2018. \u00e1prilis 15. napj\u00e1n, az \u00e9jjeli \u00f3r\u00e1kban, Esztergom egyik utc\u00e1j\u00e1n el\u0151zetes sz\u00f3v\u00e1lt\u00e1st k\u00f6vet\u0151en, egym\u00e1s ut\u00e1n h\u00e1rom f\u00e9rfi s\u00e9rtettre\" class=\"yoast-seo-meta-tag\" \/>\n<meta property=\"og:url\" content=\"https:\/\/dorogimedence.hu\/index.php\/2019\/03\/21\/egymas-utan-harom-sertettet-bantalmazott-egy-reszeg-ferfi\/\" class=\"yoast-seo-meta-tag\" \/>\n<meta property=\"og:site_name\" content=\"Dorogi-medence Region\u00e1lis H\u00edrport\u00e1l\" class=\"yoast-seo-meta-tag\" \/>\n<meta property=\"article:publisher\" content=\"https:\/\/www.facebook.com\/dorogimedence\/\" class=\"yoast-seo-meta-tag\" \/>\n<meta property=\"article:published_time\" content=\"2019-03-21T16:35:17+00:00\" class=\"yoast-seo-meta-tag\" \/>\n<meta property=\"article:modified_time\" content=\"2019-03-21T16:36:00+00:00\" class=\"yoast-seo-meta-tag\" \/>\n<meta property=\"og:image\" content=\"https:\/\/i0.wp.com\/dorogimedence.hu\/wp-content\/uploads\/2017\/07\/birosag-01.jpg?fit=670%2C365&ssl=1\" class=\"yoast-seo-meta-tag\" \/>\n\t<meta property=\"og:image:width\" content=\"670\" class=\"yoast-seo-meta-tag\" \/>\n\t<meta property=\"og:image:height\" content=\"365\" class=\"yoast-seo-meta-tag\" \/>\n\t<meta property=\"og:image:type\" content=\"image\/jpeg\" class=\"yoast-seo-meta-tag\" \/>\n<meta name=\"author\" content=\"dorogimedence.hu\" class=\"yoast-seo-meta-tag\" \/>\n<meta name=\"twitter:card\" content=\"summary_large_image\" class=\"yoast-seo-meta-tag\" \/>\n<meta name=\"twitter:label1\" content=\"Szerz\u0151:\" class=\"yoast-seo-meta-tag\" \/>\n\t<meta name=\"twitter:data1\" content=\"dorogimedence.hu\" class=\"yoast-seo-meta-tag\" \/>\n\t<meta name=\"twitter:label2\" content=\"Becs\u00fclt olvas\u00e1si id\u0151\" class=\"yoast-seo-meta-tag\" \/>\n\t<meta name=\"twitter:data2\" content=\"1 perc\" class=\"yoast-seo-meta-tag\" \/>\n<script type=\"application\/ld+json\" class=\"yoast-schema-graph\">{\"@context\":\"https:\\\/\\\/schema.org\",\"@graph\":[{\"@type\":\"Article\",\"@id\":\"https:\\\/\\\/dorogimedence.hu\\\/index.php\\\/2019\\\/03\\\/21\\\/egymas-utan-harom-sertettet-bantalmazott-egy-reszeg-ferfi\\\/#article\",\"isPartOf\":{\"@id\":\"https:\\\/\\\/dorogimedence.hu\\\/index.php\\\/2019\\\/03\\\/21\\\/egymas-utan-harom-sertettet-bantalmazott-egy-reszeg-ferfi\\\/\"},\"author\":{\"name\":\"dorogimedence.hu\",\"@id\":\"https:\\\/\\\/dorogimedence.hu\\\/#\\\/schema\\\/person\\\/ce6091eeb7e95ecdc87890d6aa8e0fd4\"},\"headline\":\"Egym\u00e1s ut\u00e1n h\u00e1rom s\u00e9rtettet b\u00e1ntalmazott egy r\u00e9szeg f\u00e9rfi\",\"datePublished\":\"2019-03-21T16:35:17+00:00\",\"dateModified\":\"2019-03-21T16:36:00+00:00\",\"mainEntityOfPage\":{\"@id\":\"https:\\\/\\\/dorogimedence.hu\\\/index.php\\\/2019\\\/03\\\/21\\\/egymas-utan-harom-sertettet-bantalmazott-egy-reszeg-ferfi\\\/\"},\"wordCount\":244,\"publisher\":{\"@id\":\"https:\\\/\\\/dorogimedence.hu\\\/#organization\"},\"keywords\":[\"b\u00e1ntalmaz\u00e1s\",\"b\u00edr\u00f3s\u00e1g\",\"esztergom\",\"\u00fcgy\u00e9szs\u00e9g\"],\"articleSection\":[\"Esztergom\",\"H\u00edrek\"],\"inLanguage\":\"hu\"},{\"@type\":\"WebPage\",\"@id\":\"https:\\\/\\\/dorogimedence.hu\\\/index.php\\\/2019\\\/03\\\/21\\\/egymas-utan-harom-sertettet-bantalmazott-egy-reszeg-ferfi\\\/\",\"url\":\"https:\\\/\\\/dorogimedence.hu\\\/index.php\\\/2019\\\/03\\\/21\\\/egymas-utan-harom-sertettet-bantalmazott-egy-reszeg-ferfi\\\/\",\"name\":\"Egym\u00e1s ut\u00e1n h\u00e1rom s\u00e9rtettet b\u00e1ntalmazott egy r\u00e9szeg f\u00e9rfi\",\"isPartOf\":{\"@id\":\"https:\\\/\\\/dorogimedence.hu\\\/#website\"},\"datePublished\":\"2019-03-21T16:35:17+00:00\",\"dateModified\":\"2019-03-21T16:36:00+00:00\",\"breadcrumb\":{\"@id\":\"https:\\\/\\\/dorogimedence.hu\\\/index.php\\\/2019\\\/03\\\/21\\\/egymas-utan-harom-sertettet-bantalmazott-egy-reszeg-ferfi\\\/#breadcrumb\"},\"inLanguage\":\"hu\",\"potentialAction\":[{\"@type\":\"ReadAction\",\"target\":[\"https:\\\/\\\/dorogimedence.hu\\\/index.php\\\/2019\\\/03\\\/21\\\/egymas-utan-harom-sertettet-bantalmazott-egy-reszeg-ferfi\\\/\"]}]},{\"@type\":\"BreadcrumbList\",\"@id\":\"https:\\\/\\\/dorogimedence.hu\\\/index.php\\\/2019\\\/03\\\/21\\\/egymas-utan-harom-sertettet-bantalmazott-egy-reszeg-ferfi\\\/#breadcrumb\",\"itemListElement\":[{\"@type\":\"ListItem\",\"position\":1,\"name\":\"Kezd\u0151lap\",\"item\":\"https:\\\/\\\/dorogimedence.hu\\\/\"},{\"@type\":\"ListItem\",\"position\":2,\"name\":\"Egym\u00e1s ut\u00e1n h\u00e1rom s\u00e9rtettet b\u00e1ntalmazott egy r\u00e9szeg f\u00e9rfi\"}]},{\"@type\":\"WebSite\",\"@id\":\"https:\\\/\\\/dorogimedence.hu\\\/#website\",\"url\":\"https:\\\/\\\/dorogimedence.hu\\\/\",\"name\":\"Dorogi-medence Region\u00e1lis H\u00edrport\u00e1l\",\"description\":\"Dorog, Keszt\u00f6lc, Le\u00e1nyv\u00e1r, Piliscs\u00e9v, Tokod, Tokodalt\u00e1r\u00f3, Csolnok, Esztergom-kertv\u00e1ros: h\u00edrek, programok\",\"publisher\":{\"@id\":\"https:\\\/\\\/dorogimedence.hu\\\/#organization\"},\"potentialAction\":[{\"@type\":\"SearchAction\",\"target\":{\"@type\":\"EntryPoint\",\"urlTemplate\":\"https:\\\/\\\/dorogimedence.hu\\\/?s={search_term_string}\"},\"query-input\":{\"@type\":\"PropertyValueSpecification\",\"valueRequired\":true,\"valueName\":\"search_term_string\"}}],\"inLanguage\":\"hu\"},{\"@type\":\"Organization\",\"@id\":\"https:\\\/\\\/dorogimedence.hu\\\/#organization\",\"name\":\"Dorogi-medence Region\u00e1lis H\u00edrport\u00e1l\",\"url\":\"https:\\\/\\\/dorogimedence.hu\\\/\",\"logo\":{\"@type\":\"ImageObject\",\"inLanguage\":\"hu\",\"@id\":\"https:\\\/\\\/dorogimedence.hu\\\/#\\\/schema\\\/logo\\\/image\\\/\",\"url\":\"https:\\\/\\\/dorogimedence.hu\\\/wp-content\\\/uploads\\\/2021\\\/04\\\/logo-feher-600.png\",\"contentUrl\":\"https:\\\/\\\/dorogimedence.hu\\\/wp-content\\\/uploads\\\/2021\\\/04\\\/logo-feher-600.png\",\"width\":600,\"height\":100,\"caption\":\"Dorogi-medence Region\u00e1lis H\u00edrport\u00e1l\"},\"image\":{\"@id\":\"https:\\\/\\\/dorogimedence.hu\\\/#\\\/schema\\\/logo\\\/image\\\/\"},\"sameAs\":[\"https:\\\/\\\/www.facebook.com\\\/dorogimedence\\\/\"]},{\"@type\":\"Person\",\"@id\":\"https:\\\/\\\/dorogimedence.hu\\\/#\\\/schema\\\/person\\\/ce6091eeb7e95ecdc87890d6aa8e0fd4\",\"name\":\"dorogimedence.hu\",\"image\":{\"@type\":\"ImageObject\",\"inLanguage\":\"hu\",\"@id\":\"\\\/\\\/www.gravatar.com\\\/avatar\\\/d8d45f8901aadff40a4af72c0b826f1d?s=96&#038;r=g&#038;d=mm\",\"url\":\"\\\/\\\/www.gravatar.com\\\/avatar\\\/d8d45f8901aadff40a4af72c0b826f1d?s=96&#038;r=g&#038;d=mm\",\"contentUrl\":\"\\\/\\\/www.gravatar.com\\\/avatar\\\/d8d45f8901aadff40a4af72c0b826f1d?s=96&#038;r=g&#038;d=mm\",\"caption\":\"dorogimedence.hu\"}}]}<\/script>\n<!-- \/ Yoast SEO plugin. -->","yoast_head_json":{"title":"Egym\u00e1s ut\u00e1n h\u00e1rom s\u00e9rtettet b\u00e1ntalmazott egy r\u00e9szeg f\u00e9rfi","robots":{"index":"index","follow":"follow","max-snippet":"max-snippet:-1","max-image-preview":"max-image-preview:large","max-video-preview":"max-video-preview:-1"},"canonical":"https:\/\/dorogimedence.hu\/index.php\/2019\/03\/21\/egymas-utan-harom-sertettet-bantalmazott-egy-reszeg-ferfi\/","og_locale":"hu_HU","og_type":"article","og_title":"Egym\u00e1s ut\u00e1n h\u00e1rom s\u00e9rtettet b\u00e1ntalmazott egy r\u00e9szeg f\u00e9rfi","og_description":"Az Esztergomi J\u00e1r\u00e1si \u00dcgy\u00e9szs\u00e9g s\u00falyos testi s\u00e9rt\u00e9s b\u0171ntette miatt v\u00e1dat emelt azzal a fiatal feln\u0151tt f\u00e9rfival szemben, aki Esztergomban, ittas \u00e1llapotban b\u00e1ntalmazott h\u00e1rom s\u00e9rtettet m\u00e9g tavaly tavasszal. A v\u00e1dirati t\u00e9ny\u00e1ll\u00e1s l\u00e9nyege szerint az ittas \u00e1llapotban l\u00e9v\u0151 elk\u00f6vet\u0151 2018. \u00e1prilis 15. napj\u00e1n, az \u00e9jjeli \u00f3r\u00e1kban, Esztergom egyik utc\u00e1j\u00e1n el\u0151zetes sz\u00f3v\u00e1lt\u00e1st k\u00f6vet\u0151en, egym\u00e1s ut\u00e1n h\u00e1rom f\u00e9rfi s\u00e9rtettre","og_url":"https:\/\/dorogimedence.hu\/index.php\/2019\/03\/21\/egymas-utan-harom-sertettet-bantalmazott-egy-reszeg-ferfi\/","og_site_name":"Dorogi-medence Region\u00e1lis H\u00edrport\u00e1l","article_publisher":"https:\/\/www.facebook.com\/dorogimedence\/","article_published_time":"2019-03-21T16:35:17+00:00","article_modified_time":"2019-03-21T16:36:00+00:00","og_image":[{"width":670,"height":365,"url":"https:\/\/i0.wp.com\/dorogimedence.hu\/wp-content\/uploads\/2017\/07\/birosag-01.jpg?fit=670%2C365&ssl=1","type":"image\/jpeg"}],"author":"dorogimedence.hu","twitter_card":"summary_large_image","twitter_misc":{"Szerz\u0151:":"dorogimedence.hu","Becs\u00fclt olvas\u00e1si id\u0151":"1 perc"},"schema":{"@context":"https:\/\/schema.org","@graph":[{"@type":"Article","@id":"https:\/\/dorogimedence.hu\/index.php\/2019\/03\/21\/egymas-utan-harom-sertettet-bantalmazott-egy-reszeg-ferfi\/#article","isPartOf":{"@id":"https:\/\/dorogimedence.hu\/index.php\/2019\/03\/21\/egymas-utan-harom-sertettet-bantalmazott-egy-reszeg-ferfi\/"},"author":{"name":"dorogimedence.hu","@id":"https:\/\/dorogimedence.hu\/#\/schema\/person\/ce6091eeb7e95ecdc87890d6aa8e0fd4"},"headline":"Egym\u00e1s ut\u00e1n h\u00e1rom s\u00e9rtettet b\u00e1ntalmazott egy r\u00e9szeg f\u00e9rfi","datePublished":"2019-03-21T16:35:17+00:00","dateModified":"2019-03-21T16:36:00+00:00","mainEntityOfPage":{"@id":"https:\/\/dorogimedence.hu\/index.php\/2019\/03\/21\/egymas-utan-harom-sertettet-bantalmazott-egy-reszeg-ferfi\/"},"wordCount":244,"publisher":{"@id":"https:\/\/dorogimedence.hu\/#organization"},"keywords":["b\u00e1ntalmaz\u00e1s","b\u00edr\u00f3s\u00e1g","esztergom","\u00fcgy\u00e9szs\u00e9g"],"articleSection":["Esztergom","H\u00edrek"],"inLanguage":"hu"},{"@type":"WebPage","@id":"https:\/\/dorogimedence.hu\/index.php\/2019\/03\/21\/egymas-utan-harom-sertettet-bantalmazott-egy-reszeg-ferfi\/","url":"https:\/\/dorogimedence.hu\/index.php\/2019\/03\/21\/egymas-utan-harom-sertettet-bantalmazott-egy-reszeg-ferfi\/","name":"Egym\u00e1s ut\u00e1n h\u00e1rom s\u00e9rtettet b\u00e1ntalmazott egy r\u00e9szeg f\u00e9rfi","isPartOf":{"@id":"https:\/\/dorogimedence.hu\/#website"},"datePublished":"2019-03-21T16:35:17+00:00","dateModified":"2019-03-21T16:36:00+00:00","breadcrumb":{"@id":"https:\/\/dorogimedence.hu\/index.php\/2019\/03\/21\/egymas-utan-harom-sertettet-bantalmazott-egy-reszeg-ferfi\/#breadcrumb"},"inLanguage":"hu","potentialAction":[{"@type":"ReadAction","target":["https:\/\/dorogimedence.hu\/index.php\/2019\/03\/21\/egymas-utan-harom-sertettet-bantalmazott-egy-reszeg-ferfi\/"]}]},{"@type":"BreadcrumbList","@id":"https:\/\/dorogimedence.hu\/index.php\/2019\/03\/21\/egymas-utan-harom-sertettet-bantalmazott-egy-reszeg-ferfi\/#breadcrumb","itemListElement":[{"@type":"ListItem","position":1,"name":"Kezd\u0151lap","item":"https:\/\/dorogimedence.hu\/"},{"@type":"ListItem","position":2,"name":"Egym\u00e1s ut\u00e1n h\u00e1rom s\u00e9rtettet b\u00e1ntalmazott egy r\u00e9szeg f\u00e9rfi"}]},{"@type":"WebSite","@id":"https:\/\/dorogimedence.hu\/#website","url":"https:\/\/dorogimedence.hu\/","name":"Dorogi-medence Region\u00e1lis H\u00edrport\u00e1l","description":"Dorog, Keszt\u00f6lc, Le\u00e1nyv\u00e1r, Piliscs\u00e9v, Tokod, Tokodalt\u00e1r\u00f3, Csolnok, Esztergom-kertv\u00e1ros: h\u00edrek, programok","publisher":{"@id":"https:\/\/dorogimedence.hu\/#organization"},"potentialAction":[{"@type":"SearchAction","target":{"@type":"EntryPoint","urlTemplate":"https:\/\/dorogimedence.hu\/?s={search_term_string}"},"query-input":{"@type":"PropertyValueSpecification","valueRequired":true,"valueName":"search_term_string"}}],"inLanguage":"hu"},{"@type":"Organization","@id":"https:\/\/dorogimedence.hu\/#organization","name":"Dorogi-medence Region\u00e1lis H\u00edrport\u00e1l","url":"https:\/\/dorogimedence.hu\/","logo":{"@type":"ImageObject","inLanguage":"hu","@id":"https:\/\/dorogimedence.hu\/#\/schema\/logo\/image\/","url":"https:\/\/dorogimedence.hu\/wp-content\/uploads\/2021\/04\/logo-feher-600.png","contentUrl":"https:\/\/dorogimedence.hu\/wp-content\/uploads\/2021\/04\/logo-feher-600.png","width":600,"height":100,"caption":"Dorogi-medence Region\u00e1lis H\u00edrport\u00e1l"},"image":{"@id":"https:\/\/dorogimedence.hu\/#\/schema\/logo\/image\/"},"sameAs":["https:\/\/www.facebook.com\/dorogimedence\/"]},{"@type":"Person","@id":"https:\/\/dorogimedence.hu\/#\/schema\/person\/ce6091eeb7e95ecdc87890d6aa8e0fd4","name":"dorogimedence.hu","image":{"@type":"ImageObject","inLanguage":"hu","@id":"\/\/www.gravatar.com\/avatar\/d8d45f8901aadff40a4af72c0b826f1d?s=96&#038;r=g&#038;d=mm","url":"\/\/www.gravatar.com\/avatar\/d8d45f8901aadff40a4af72c0b826f1d?s=96&#038;r=g&#038;d=mm","contentUrl":"\/\/www.gravatar.com\/avatar\/d8d45f8901aadff40a4af72c0b826f1d?s=96&#038;r=g&#038;d=mm","caption":"dorogimedence.hu"}}]}},"_links":{"self":[{"href":"https:\/\/dorogimedence.hu\/index.php\/wp-json\/wp\/v2\/posts\/15558","targetHints":{"allow":["GET"]}}],"collection":[{"href":"https:\/\/dorogimedence.hu\/index.php\/wp-json\/wp\/v2\/posts"}],"about":[{"href":"https:\/\/dorogimedence.hu\/index.php\/wp-json\/wp\/v2\/types\/post"}],"author":[{"embeddable":true,"href":"https:\/\/dorogimedence.hu\/index.php\/wp-json\/wp\/v2\/users\/1"}],"replies":[{"embeddable":true,"href":"https:\/\/dorogimedence.hu\/index.php\/wp-json\/wp\/v2\/comments?post=15558"}],"version-history":[{"count":0,"href":"https:\/\/dorogimedence.hu\/index.php\/wp-json\/wp\/v2\/posts\/15558\/revisions"}],"wp:attachment":[{"href":"https:\/\/dorogimedence.hu\/index.php\/wp-json\/wp\/v2\/media?parent=15558"}],"wp:term":[{"taxonomy":"category","embeddable":true,"href":"https:\/\/dorogimedence.hu\/index.php\/wp-json\/wp\/v2\/categories?post=15558"},{"taxonomy":"post_tag","embeddable":true,"href":"https:\/\/dorogimedence.hu\/index.php\/wp-json\/wp\/v2\/tags?post=15558"}],"curies":[{"name":"wp","href":"https:\/\/api.w.org\/{rel}","templated":true}]}}