{"id":15479,"date":"2019-03-18T06:50:19","date_gmt":"2019-03-18T05:50:19","guid":{"rendered":"http:\/\/dorogimedence.hu\/?p=15479"},"modified":"2019-03-18T06:52:32","modified_gmt":"2019-03-18T05:52:32","slug":"kozonsegtalalkozo-erdos-viraggal","status":"publish","type":"post","link":"https:\/\/dorogimedence.hu\/index.php\/2019\/03\/18\/kozonsegtalalkozo-erdos-viraggal\/","title":{"rendered":"K\u00f6z\u00f6ns\u00e9gtal\u00e1lkoz\u00f3 Erd\u0151s Vir\u00e1ggal"},"content":{"rendered":"<p><strong>M\u00e1rcius 21-\u00e9n, cs\u00fct\u00f6rt\u00f6k\u00f6n 17 \u00f3rakor a dorogi k\u00f6nyvt\u00e1rban, Erd\u0151s Vir\u00e1g k\u00f6lt\u0151, \u00edr\u00f3val tal\u00e1lkozhatunk az okt\u00f3berben megjelent \u201e\u00d6tven plusz\u201d k\u00f6nyve kapcs\u00e1n.<\/strong><\/p>\n<p>Erd\u0151s Vir\u00e1g \u00f6tvenedik sz\u00fclet\u00e9snapja alkalm\u00e1b\u00f3l gy\u0171jt\u00f6tte \u00f6ssze t\u00f6bb mint \u00f6tven \u00faj vers\u00e9t. Csal\u00f3ka instaversek, saj\u00e1t fot\u00f3kba \u00e1gyazott r\u00edmes sz\u00f6vegek: pillanatfelv\u00e9telek az orsz\u00e1gb\u00f3l, ahol \u00e9l\u00fcnk.<\/p>\n<p><img fetchpriority=\"high\" decoding=\"async\" class=\"alignnone size-full wp-image-15480\" src=\"https:\/\/dorogimedence.hu\/wp-content\/uploads\/2019\/03\/otven-plusz.jpg\" alt=\"\" width=\"670\" height=\"474\" srcset=\"https:\/\/dorogimedence.hu\/wp-content\/uploads\/2019\/03\/otven-plusz.jpg 670w, https:\/\/dorogimedence.hu\/wp-content\/uploads\/2019\/03\/otven-plusz-300x212.jpg 300w\" sizes=\"(max-width: 670px) 100vw, 670px\" \/><\/p>\n<p><em><strong>Erd\u0151s Vir\u00e1g:<\/strong> 1968-ban sz\u00fcletett Budapesten. 1997-ben szerzett diplom\u00e1t az ELTE magyar szak\u00e1n. Korniss P\u00e9ter f\u00e9nyk\u00e9pfelv\u00e9teleihez \u00edrott k\u00eds\u00e9r\u0151sz\u00f6vegei (Udvarok) megjelentek angolul, n\u00e9met\u00fcl \u00e9s olaszul. Erd\u0151s Vir\u00e1g versben, pr\u00f3z\u00e1ban, k\u00fcl\u00f6n\u00f6s mes\u00e9iben egyar\u00e1nt meglep\u0151en fogalmaz. A M\u00e1smilyen mes\u00e9k c\u00edm\u0171 k\u00f6tete 2003-ban a legeredetibb k\u00f6nyv c\u00edmet nyerte el. 2004-ben \u00d6rk\u00e9ny Istv\u00e1n dr\u00e1ma\u00edr\u00f3i \u00f6szt\u00f6nd\u00edjask\u00e9nt k\u00e9sz\u00fclt el els\u0151 sz\u00ednpadi m\u0171vei egyik\u00e9vel, a Blibli\u00e1val (a c\u00edmben nem v\u00e9letlen\u00fcl lehet f\u00f6lfedezni az eldeform\u00e1lt biblia-sz\u00f3t, a szerz\u0151 szellemesen haszn\u00e1lja a Biblia j\u00f3l ismert \u201er\u00e9gi t\u00f6rt\u00e9neteit\u201d a mai h\u00fclyes\u00e9geinkre). 2006-ban r\u00e9szes\u00fclt a Sz\u00e9p Ern\u0151-jutalomban, mint \u00edg\u00e9retes p\u00e1lyakezd\u0151 dr\u00e1ma\u00edr\u00f3.<\/em><\/p>\n","protected":false},"excerpt":{"rendered":"<p>M\u00e1rcius 21-\u00e9n, cs\u00fct\u00f6rt\u00f6k\u00f6n 17 \u00f3rakor a dorogi k\u00f6nyvt\u00e1rban, Erd\u0151s Vir\u00e1g k\u00f6lt\u0151, \u00edr\u00f3val tal\u00e1lkozhatunk az okt\u00f3berben megjelent \u201e\u00d6tven plusz\u201d k\u00f6nyve kapcs\u00e1n. Erd\u0151s Vir\u00e1g \u00f6tvenedik sz\u00fclet\u00e9snapja alkalm\u00e1b\u00f3l gy\u0171jt\u00f6tte \u00f6ssze t\u00f6bb mint \u00f6tven \u00faj vers\u00e9t. Csal\u00f3ka instaversek, saj\u00e1t fot\u00f3kba \u00e1gyazott r\u00edmes sz\u00f6vegek: pillanatfelv\u00e9telek az orsz\u00e1gb\u00f3l, ahol \u00e9l\u00fcnk. Erd\u0151s Vir\u00e1g: 1968-ban sz\u00fcletett Budapesten. 1997-ben szerzett diplom\u00e1t az ELTE magyar<\/p>\n","protected":false},"author":1,"featured_media":15481,"comment_status":"closed","ping_status":"closed","sticky":false,"template":"","format":"standard","meta":{"ngg_post_thumbnail":0,"footnotes":""},"categories":[2,3,3561],"tags":[15,1690,3593,673,144,1680,3594,101],"class_list":{"0":"post-15479","1":"post","2":"type-post","3":"status-publish","4":"format-standard","5":"has-post-thumbnail","7":"category-dorog","8":"category-hirek","9":"category-programok","10":"tag-dorog","11":"tag-dorogi-konyvtar","12":"tag-erdos-virag","13":"tag-konyvbemutato","14":"tag-konyvtar","15":"tag-kozonsegtalalkozo","16":"tag-otven-plusz","17":"tag-program"},"yoast_head":"<!-- This site is optimized with the Yoast SEO plugin v27.4 - https:\/\/yoast.com\/product\/yoast-seo-wordpress\/ -->\n<title>K\u00f6z\u00f6ns\u00e9gtal\u00e1lkoz\u00f3 Erd\u0151s Vir\u00e1ggal<\/title>\n<meta name=\"robots\" content=\"index, follow, max-snippet:-1, max-image-preview:large, max-video-preview:-1\" \/>\n<link rel=\"canonical\" href=\"https:\/\/dorogimedence.hu\/index.php\/2019\/03\/18\/kozonsegtalalkozo-erdos-viraggal\/\" class=\"yoast-seo-meta-tag\" \/>\n<meta property=\"og:locale\" content=\"hu_HU\" class=\"yoast-seo-meta-tag\" \/>\n<meta property=\"og:type\" content=\"article\" class=\"yoast-seo-meta-tag\" \/>\n<meta property=\"og:title\" content=\"K\u00f6z\u00f6ns\u00e9gtal\u00e1lkoz\u00f3 Erd\u0151s Vir\u00e1ggal\" class=\"yoast-seo-meta-tag\" \/>\n<meta property=\"og:description\" content=\"M\u00e1rcius 21-\u00e9n, cs\u00fct\u00f6rt\u00f6k\u00f6n 17 \u00f3rakor a dorogi k\u00f6nyvt\u00e1rban, Erd\u0151s Vir\u00e1g k\u00f6lt\u0151, \u00edr\u00f3val tal\u00e1lkozhatunk az okt\u00f3berben megjelent \u201e\u00d6tven plusz\u201d k\u00f6nyve kapcs\u00e1n. Erd\u0151s Vir\u00e1g \u00f6tvenedik sz\u00fclet\u00e9snapja alkalm\u00e1b\u00f3l gy\u0171jt\u00f6tte \u00f6ssze t\u00f6bb mint \u00f6tven \u00faj vers\u00e9t. Csal\u00f3ka instaversek, saj\u00e1t fot\u00f3kba \u00e1gyazott r\u00edmes sz\u00f6vegek: pillanatfelv\u00e9telek az orsz\u00e1gb\u00f3l, ahol \u00e9l\u00fcnk. Erd\u0151s Vir\u00e1g: 1968-ban sz\u00fcletett Budapesten. 1997-ben szerzett diplom\u00e1t az ELTE magyar\" class=\"yoast-seo-meta-tag\" \/>\n<meta property=\"og:url\" content=\"https:\/\/dorogimedence.hu\/index.php\/2019\/03\/18\/kozonsegtalalkozo-erdos-viraggal\/\" class=\"yoast-seo-meta-tag\" \/>\n<meta property=\"og:site_name\" content=\"Dorogi-medence Region\u00e1lis H\u00edrport\u00e1l\" class=\"yoast-seo-meta-tag\" \/>\n<meta property=\"article:publisher\" content=\"https:\/\/www.facebook.com\/dorogimedence\/\" class=\"yoast-seo-meta-tag\" \/>\n<meta property=\"article:published_time\" content=\"2019-03-18T05:50:19+00:00\" class=\"yoast-seo-meta-tag\" \/>\n<meta property=\"article:modified_time\" content=\"2019-03-18T05:52:32+00:00\" class=\"yoast-seo-meta-tag\" \/>\n<meta property=\"og:image\" content=\"https:\/\/i0.wp.com\/dorogimedence.hu\/wp-content\/uploads\/2019\/03\/erdos-virag.jpg?fit=670%2C365&ssl=1\" class=\"yoast-seo-meta-tag\" \/>\n\t<meta property=\"og:image:width\" content=\"670\" class=\"yoast-seo-meta-tag\" \/>\n\t<meta property=\"og:image:height\" content=\"365\" class=\"yoast-seo-meta-tag\" \/>\n\t<meta property=\"og:image:type\" content=\"image\/jpeg\" class=\"yoast-seo-meta-tag\" \/>\n<meta name=\"author\" content=\"dorogimedence.hu\" class=\"yoast-seo-meta-tag\" \/>\n<meta name=\"twitter:card\" content=\"summary_large_image\" class=\"yoast-seo-meta-tag\" \/>\n<meta name=\"twitter:label1\" content=\"Szerz\u0151:\" class=\"yoast-seo-meta-tag\" \/>\n\t<meta name=\"twitter:data1\" content=\"dorogimedence.hu\" class=\"yoast-seo-meta-tag\" \/>\n\t<meta name=\"twitter:label2\" content=\"Becs\u00fclt olvas\u00e1si id\u0151\" class=\"yoast-seo-meta-tag\" \/>\n\t<meta name=\"twitter:data2\" content=\"1 perc\" class=\"yoast-seo-meta-tag\" \/>\n<script type=\"application\/ld+json\" class=\"yoast-schema-graph\">{\"@context\":\"https:\\\/\\\/schema.org\",\"@graph\":[{\"@type\":\"Article\",\"@id\":\"https:\\\/\\\/dorogimedence.hu\\\/index.php\\\/2019\\\/03\\\/18\\\/kozonsegtalalkozo-erdos-viraggal\\\/#article\",\"isPartOf\":{\"@id\":\"https:\\\/\\\/dorogimedence.hu\\\/index.php\\\/2019\\\/03\\\/18\\\/kozonsegtalalkozo-erdos-viraggal\\\/\"},\"author\":{\"name\":\"dorogimedence.hu\",\"@id\":\"https:\\\/\\\/dorogimedence.hu\\\/#\\\/schema\\\/person\\\/ce6091eeb7e95ecdc87890d6aa8e0fd4\"},\"headline\":\"K\u00f6z\u00f6ns\u00e9gtal\u00e1lkoz\u00f3 Erd\u0151s Vir\u00e1ggal\",\"datePublished\":\"2019-03-18T05:50:19+00:00\",\"dateModified\":\"2019-03-18T05:52:32+00:00\",\"mainEntityOfPage\":{\"@id\":\"https:\\\/\\\/dorogimedence.hu\\\/index.php\\\/2019\\\/03\\\/18\\\/kozonsegtalalkozo-erdos-viraggal\\\/\"},\"wordCount\":241,\"publisher\":{\"@id\":\"https:\\\/\\\/dorogimedence.hu\\\/#organization\"},\"image\":{\"@id\":\"https:\\\/\\\/dorogimedence.hu\\\/index.php\\\/2019\\\/03\\\/18\\\/kozonsegtalalkozo-erdos-viraggal\\\/#primaryimage\"},\"thumbnailUrl\":\"https:\\\/\\\/dorogimedence.hu\\\/wp-content\\\/uploads\\\/2019\\\/03\\\/erdos-virag.jpg\",\"keywords\":[\"Dorog\",\"dorogi k\u00f6nyvt\u00e1r\",\"Erd\u0151s Vir\u00e1g\",\"k\u00f6nyvbemutat\u00f3\",\"k\u00f6nyvt\u00e1r\",\"k\u00f6z\u00f6ns\u00e9gtal\u00e1lkoz\u00f3\",\"\u00d6tven plusz\",\"program\"],\"articleSection\":[\"Dorog\",\"H\u00edrek\",\"Programok\"],\"inLanguage\":\"hu\"},{\"@type\":\"WebPage\",\"@id\":\"https:\\\/\\\/dorogimedence.hu\\\/index.php\\\/2019\\\/03\\\/18\\\/kozonsegtalalkozo-erdos-viraggal\\\/\",\"url\":\"https:\\\/\\\/dorogimedence.hu\\\/index.php\\\/2019\\\/03\\\/18\\\/kozonsegtalalkozo-erdos-viraggal\\\/\",\"name\":\"K\u00f6z\u00f6ns\u00e9gtal\u00e1lkoz\u00f3 Erd\u0151s Vir\u00e1ggal\",\"isPartOf\":{\"@id\":\"https:\\\/\\\/dorogimedence.hu\\\/#website\"},\"primaryImageOfPage\":{\"@id\":\"https:\\\/\\\/dorogimedence.hu\\\/index.php\\\/2019\\\/03\\\/18\\\/kozonsegtalalkozo-erdos-viraggal\\\/#primaryimage\"},\"image\":{\"@id\":\"https:\\\/\\\/dorogimedence.hu\\\/index.php\\\/2019\\\/03\\\/18\\\/kozonsegtalalkozo-erdos-viraggal\\\/#primaryimage\"},\"thumbnailUrl\":\"https:\\\/\\\/dorogimedence.hu\\\/wp-content\\\/uploads\\\/2019\\\/03\\\/erdos-virag.jpg\",\"datePublished\":\"2019-03-18T05:50:19+00:00\",\"dateModified\":\"2019-03-18T05:52:32+00:00\",\"breadcrumb\":{\"@id\":\"https:\\\/\\\/dorogimedence.hu\\\/index.php\\\/2019\\\/03\\\/18\\\/kozonsegtalalkozo-erdos-viraggal\\\/#breadcrumb\"},\"inLanguage\":\"hu\",\"potentialAction\":[{\"@type\":\"ReadAction\",\"target\":[\"https:\\\/\\\/dorogimedence.hu\\\/index.php\\\/2019\\\/03\\\/18\\\/kozonsegtalalkozo-erdos-viraggal\\\/\"]}]},{\"@type\":\"ImageObject\",\"inLanguage\":\"hu\",\"@id\":\"https:\\\/\\\/dorogimedence.hu\\\/index.php\\\/2019\\\/03\\\/18\\\/kozonsegtalalkozo-erdos-viraggal\\\/#primaryimage\",\"url\":\"https:\\\/\\\/dorogimedence.hu\\\/wp-content\\\/uploads\\\/2019\\\/03\\\/erdos-virag.jpg\",\"contentUrl\":\"https:\\\/\\\/dorogimedence.hu\\\/wp-content\\\/uploads\\\/2019\\\/03\\\/erdos-virag.jpg\",\"width\":670,\"height\":365},{\"@type\":\"BreadcrumbList\",\"@id\":\"https:\\\/\\\/dorogimedence.hu\\\/index.php\\\/2019\\\/03\\\/18\\\/kozonsegtalalkozo-erdos-viraggal\\\/#breadcrumb\",\"itemListElement\":[{\"@type\":\"ListItem\",\"position\":1,\"name\":\"Kezd\u0151lap\",\"item\":\"https:\\\/\\\/dorogimedence.hu\\\/\"},{\"@type\":\"ListItem\",\"position\":2,\"name\":\"K\u00f6z\u00f6ns\u00e9gtal\u00e1lkoz\u00f3 Erd\u0151s Vir\u00e1ggal\"}]},{\"@type\":\"WebSite\",\"@id\":\"https:\\\/\\\/dorogimedence.hu\\\/#website\",\"url\":\"https:\\\/\\\/dorogimedence.hu\\\/\",\"name\":\"Dorogi-medence Region\u00e1lis H\u00edrport\u00e1l\",\"description\":\"Dorog, Keszt\u00f6lc, Le\u00e1nyv\u00e1r, Piliscs\u00e9v, Tokod, Tokodalt\u00e1r\u00f3, Csolnok, Esztergom-kertv\u00e1ros: h\u00edrek, programok\",\"publisher\":{\"@id\":\"https:\\\/\\\/dorogimedence.hu\\\/#organization\"},\"potentialAction\":[{\"@type\":\"SearchAction\",\"target\":{\"@type\":\"EntryPoint\",\"urlTemplate\":\"https:\\\/\\\/dorogimedence.hu\\\/?s={search_term_string}\"},\"query-input\":{\"@type\":\"PropertyValueSpecification\",\"valueRequired\":true,\"valueName\":\"search_term_string\"}}],\"inLanguage\":\"hu\"},{\"@type\":\"Organization\",\"@id\":\"https:\\\/\\\/dorogimedence.hu\\\/#organization\",\"name\":\"Dorogi-medence Region\u00e1lis H\u00edrport\u00e1l\",\"url\":\"https:\\\/\\\/dorogimedence.hu\\\/\",\"logo\":{\"@type\":\"ImageObject\",\"inLanguage\":\"hu\",\"@id\":\"https:\\\/\\\/dorogimedence.hu\\\/#\\\/schema\\\/logo\\\/image\\\/\",\"url\":\"https:\\\/\\\/dorogimedence.hu\\\/wp-content\\\/uploads\\\/2021\\\/04\\\/logo-feher-600.png\",\"contentUrl\":\"https:\\\/\\\/dorogimedence.hu\\\/wp-content\\\/uploads\\\/2021\\\/04\\\/logo-feher-600.png\",\"width\":600,\"height\":100,\"caption\":\"Dorogi-medence Region\u00e1lis H\u00edrport\u00e1l\"},\"image\":{\"@id\":\"https:\\\/\\\/dorogimedence.hu\\\/#\\\/schema\\\/logo\\\/image\\\/\"},\"sameAs\":[\"https:\\\/\\\/www.facebook.com\\\/dorogimedence\\\/\"]},{\"@type\":\"Person\",\"@id\":\"https:\\\/\\\/dorogimedence.hu\\\/#\\\/schema\\\/person\\\/ce6091eeb7e95ecdc87890d6aa8e0fd4\",\"name\":\"dorogimedence.hu\",\"image\":{\"@type\":\"ImageObject\",\"inLanguage\":\"hu\",\"@id\":\"\\\/\\\/www.gravatar.com\\\/avatar\\\/d8d45f8901aadff40a4af72c0b826f1d?s=96&#038;r=g&#038;d=mm\",\"url\":\"\\\/\\\/www.gravatar.com\\\/avatar\\\/d8d45f8901aadff40a4af72c0b826f1d?s=96&#038;r=g&#038;d=mm\",\"contentUrl\":\"\\\/\\\/www.gravatar.com\\\/avatar\\\/d8d45f8901aadff40a4af72c0b826f1d?s=96&#038;r=g&#038;d=mm\",\"caption\":\"dorogimedence.hu\"}}]}<\/script>\n<!-- \/ Yoast SEO plugin. -->","yoast_head_json":{"title":"K\u00f6z\u00f6ns\u00e9gtal\u00e1lkoz\u00f3 Erd\u0151s Vir\u00e1ggal","robots":{"index":"index","follow":"follow","max-snippet":"max-snippet:-1","max-image-preview":"max-image-preview:large","max-video-preview":"max-video-preview:-1"},"canonical":"https:\/\/dorogimedence.hu\/index.php\/2019\/03\/18\/kozonsegtalalkozo-erdos-viraggal\/","og_locale":"hu_HU","og_type":"article","og_title":"K\u00f6z\u00f6ns\u00e9gtal\u00e1lkoz\u00f3 Erd\u0151s Vir\u00e1ggal","og_description":"M\u00e1rcius 21-\u00e9n, cs\u00fct\u00f6rt\u00f6k\u00f6n 17 \u00f3rakor a dorogi k\u00f6nyvt\u00e1rban, Erd\u0151s Vir\u00e1g k\u00f6lt\u0151, \u00edr\u00f3val tal\u00e1lkozhatunk az okt\u00f3berben megjelent \u201e\u00d6tven plusz\u201d k\u00f6nyve kapcs\u00e1n. Erd\u0151s Vir\u00e1g \u00f6tvenedik sz\u00fclet\u00e9snapja alkalm\u00e1b\u00f3l gy\u0171jt\u00f6tte \u00f6ssze t\u00f6bb mint \u00f6tven \u00faj vers\u00e9t. Csal\u00f3ka instaversek, saj\u00e1t fot\u00f3kba \u00e1gyazott r\u00edmes sz\u00f6vegek: pillanatfelv\u00e9telek az orsz\u00e1gb\u00f3l, ahol \u00e9l\u00fcnk. Erd\u0151s Vir\u00e1g: 1968-ban sz\u00fcletett Budapesten. 1997-ben szerzett diplom\u00e1t az ELTE magyar","og_url":"https:\/\/dorogimedence.hu\/index.php\/2019\/03\/18\/kozonsegtalalkozo-erdos-viraggal\/","og_site_name":"Dorogi-medence Region\u00e1lis H\u00edrport\u00e1l","article_publisher":"https:\/\/www.facebook.com\/dorogimedence\/","article_published_time":"2019-03-18T05:50:19+00:00","article_modified_time":"2019-03-18T05:52:32+00:00","og_image":[{"width":670,"height":365,"url":"https:\/\/i0.wp.com\/dorogimedence.hu\/wp-content\/uploads\/2019\/03\/erdos-virag.jpg?fit=670%2C365&ssl=1","type":"image\/jpeg"}],"author":"dorogimedence.hu","twitter_card":"summary_large_image","twitter_misc":{"Szerz\u0151:":"dorogimedence.hu","Becs\u00fclt olvas\u00e1si id\u0151":"1 perc"},"schema":{"@context":"https:\/\/schema.org","@graph":[{"@type":"Article","@id":"https:\/\/dorogimedence.hu\/index.php\/2019\/03\/18\/kozonsegtalalkozo-erdos-viraggal\/#article","isPartOf":{"@id":"https:\/\/dorogimedence.hu\/index.php\/2019\/03\/18\/kozonsegtalalkozo-erdos-viraggal\/"},"author":{"name":"dorogimedence.hu","@id":"https:\/\/dorogimedence.hu\/#\/schema\/person\/ce6091eeb7e95ecdc87890d6aa8e0fd4"},"headline":"K\u00f6z\u00f6ns\u00e9gtal\u00e1lkoz\u00f3 Erd\u0151s Vir\u00e1ggal","datePublished":"2019-03-18T05:50:19+00:00","dateModified":"2019-03-18T05:52:32+00:00","mainEntityOfPage":{"@id":"https:\/\/dorogimedence.hu\/index.php\/2019\/03\/18\/kozonsegtalalkozo-erdos-viraggal\/"},"wordCount":241,"publisher":{"@id":"https:\/\/dorogimedence.hu\/#organization"},"image":{"@id":"https:\/\/dorogimedence.hu\/index.php\/2019\/03\/18\/kozonsegtalalkozo-erdos-viraggal\/#primaryimage"},"thumbnailUrl":"https:\/\/dorogimedence.hu\/wp-content\/uploads\/2019\/03\/erdos-virag.jpg","keywords":["Dorog","dorogi k\u00f6nyvt\u00e1r","Erd\u0151s Vir\u00e1g","k\u00f6nyvbemutat\u00f3","k\u00f6nyvt\u00e1r","k\u00f6z\u00f6ns\u00e9gtal\u00e1lkoz\u00f3","\u00d6tven plusz","program"],"articleSection":["Dorog","H\u00edrek","Programok"],"inLanguage":"hu"},{"@type":"WebPage","@id":"https:\/\/dorogimedence.hu\/index.php\/2019\/03\/18\/kozonsegtalalkozo-erdos-viraggal\/","url":"https:\/\/dorogimedence.hu\/index.php\/2019\/03\/18\/kozonsegtalalkozo-erdos-viraggal\/","name":"K\u00f6z\u00f6ns\u00e9gtal\u00e1lkoz\u00f3 Erd\u0151s Vir\u00e1ggal","isPartOf":{"@id":"https:\/\/dorogimedence.hu\/#website"},"primaryImageOfPage":{"@id":"https:\/\/dorogimedence.hu\/index.php\/2019\/03\/18\/kozonsegtalalkozo-erdos-viraggal\/#primaryimage"},"image":{"@id":"https:\/\/dorogimedence.hu\/index.php\/2019\/03\/18\/kozonsegtalalkozo-erdos-viraggal\/#primaryimage"},"thumbnailUrl":"https:\/\/dorogimedence.hu\/wp-content\/uploads\/2019\/03\/erdos-virag.jpg","datePublished":"2019-03-18T05:50:19+00:00","dateModified":"2019-03-18T05:52:32+00:00","breadcrumb":{"@id":"https:\/\/dorogimedence.hu\/index.php\/2019\/03\/18\/kozonsegtalalkozo-erdos-viraggal\/#breadcrumb"},"inLanguage":"hu","potentialAction":[{"@type":"ReadAction","target":["https:\/\/dorogimedence.hu\/index.php\/2019\/03\/18\/kozonsegtalalkozo-erdos-viraggal\/"]}]},{"@type":"ImageObject","inLanguage":"hu","@id":"https:\/\/dorogimedence.hu\/index.php\/2019\/03\/18\/kozonsegtalalkozo-erdos-viraggal\/#primaryimage","url":"https:\/\/dorogimedence.hu\/wp-content\/uploads\/2019\/03\/erdos-virag.jpg","contentUrl":"https:\/\/dorogimedence.hu\/wp-content\/uploads\/2019\/03\/erdos-virag.jpg","width":670,"height":365},{"@type":"BreadcrumbList","@id":"https:\/\/dorogimedence.hu\/index.php\/2019\/03\/18\/kozonsegtalalkozo-erdos-viraggal\/#breadcrumb","itemListElement":[{"@type":"ListItem","position":1,"name":"Kezd\u0151lap","item":"https:\/\/dorogimedence.hu\/"},{"@type":"ListItem","position":2,"name":"K\u00f6z\u00f6ns\u00e9gtal\u00e1lkoz\u00f3 Erd\u0151s Vir\u00e1ggal"}]},{"@type":"WebSite","@id":"https:\/\/dorogimedence.hu\/#website","url":"https:\/\/dorogimedence.hu\/","name":"Dorogi-medence Region\u00e1lis H\u00edrport\u00e1l","description":"Dorog, Keszt\u00f6lc, Le\u00e1nyv\u00e1r, Piliscs\u00e9v, Tokod, Tokodalt\u00e1r\u00f3, Csolnok, Esztergom-kertv\u00e1ros: h\u00edrek, programok","publisher":{"@id":"https:\/\/dorogimedence.hu\/#organization"},"potentialAction":[{"@type":"SearchAction","target":{"@type":"EntryPoint","urlTemplate":"https:\/\/dorogimedence.hu\/?s={search_term_string}"},"query-input":{"@type":"PropertyValueSpecification","valueRequired":true,"valueName":"search_term_string"}}],"inLanguage":"hu"},{"@type":"Organization","@id":"https:\/\/dorogimedence.hu\/#organization","name":"Dorogi-medence Region\u00e1lis H\u00edrport\u00e1l","url":"https:\/\/dorogimedence.hu\/","logo":{"@type":"ImageObject","inLanguage":"hu","@id":"https:\/\/dorogimedence.hu\/#\/schema\/logo\/image\/","url":"https:\/\/dorogimedence.hu\/wp-content\/uploads\/2021\/04\/logo-feher-600.png","contentUrl":"https:\/\/dorogimedence.hu\/wp-content\/uploads\/2021\/04\/logo-feher-600.png","width":600,"height":100,"caption":"Dorogi-medence Region\u00e1lis H\u00edrport\u00e1l"},"image":{"@id":"https:\/\/dorogimedence.hu\/#\/schema\/logo\/image\/"},"sameAs":["https:\/\/www.facebook.com\/dorogimedence\/"]},{"@type":"Person","@id":"https:\/\/dorogimedence.hu\/#\/schema\/person\/ce6091eeb7e95ecdc87890d6aa8e0fd4","name":"dorogimedence.hu","image":{"@type":"ImageObject","inLanguage":"hu","@id":"\/\/www.gravatar.com\/avatar\/d8d45f8901aadff40a4af72c0b826f1d?s=96&#038;r=g&#038;d=mm","url":"\/\/www.gravatar.com\/avatar\/d8d45f8901aadff40a4af72c0b826f1d?s=96&#038;r=g&#038;d=mm","contentUrl":"\/\/www.gravatar.com\/avatar\/d8d45f8901aadff40a4af72c0b826f1d?s=96&#038;r=g&#038;d=mm","caption":"dorogimedence.hu"}}]}},"_links":{"self":[{"href":"https:\/\/dorogimedence.hu\/index.php\/wp-json\/wp\/v2\/posts\/15479","targetHints":{"allow":["GET"]}}],"collection":[{"href":"https:\/\/dorogimedence.hu\/index.php\/wp-json\/wp\/v2\/posts"}],"about":[{"href":"https:\/\/dorogimedence.hu\/index.php\/wp-json\/wp\/v2\/types\/post"}],"author":[{"embeddable":true,"href":"https:\/\/dorogimedence.hu\/index.php\/wp-json\/wp\/v2\/users\/1"}],"replies":[{"embeddable":true,"href":"https:\/\/dorogimedence.hu\/index.php\/wp-json\/wp\/v2\/comments?post=15479"}],"version-history":[{"count":0,"href":"https:\/\/dorogimedence.hu\/index.php\/wp-json\/wp\/v2\/posts\/15479\/revisions"}],"wp:featuredmedia":[{"embeddable":true,"href":"https:\/\/dorogimedence.hu\/index.php\/wp-json\/wp\/v2\/media\/15481"}],"wp:attachment":[{"href":"https:\/\/dorogimedence.hu\/index.php\/wp-json\/wp\/v2\/media?parent=15479"}],"wp:term":[{"taxonomy":"category","embeddable":true,"href":"https:\/\/dorogimedence.hu\/index.php\/wp-json\/wp\/v2\/categories?post=15479"},{"taxonomy":"post_tag","embeddable":true,"href":"https:\/\/dorogimedence.hu\/index.php\/wp-json\/wp\/v2\/tags?post=15479"}],"curies":[{"name":"wp","href":"https:\/\/api.w.org\/{rel}","templated":true}]}}