{"id":15457,"date":"2019-03-17T10:45:56","date_gmt":"2019-03-17T09:45:56","guid":{"rendered":"http:\/\/dorogimedence.hu\/?p=15457"},"modified":"2019-03-17T13:42:39","modified_gmt":"2019-03-17T12:42:39","slug":"ujabb-munkasszallo-epulhet-most-dorogon","status":"publish","type":"post","link":"https:\/\/dorogimedence.hu\/index.php\/2019\/03\/17\/ujabb-munkasszallo-epulhet-most-dorogon\/","title":{"rendered":"\u00dajabb munk\u00e1ssz\u00e1ll\u00f3 \u00e9p\u00fclhet, most Dorogon"},"content":{"rendered":"<p><strong>A tavaly \u00e9v v\u00e9gi test\u00fcleti \u00fcl\u00e9sen Dorog V\u00e1ros K\u00e9pvisel\u0151-test\u00fclete 12 igen, egyhang\u00fa szavazattal megb\u00edzta a polg\u00e1rmestert egy munk\u00e1ssz\u00e1ll\u00e1s megtervez\u00e9s\u00e9vel \u00e9s a p\u00e1ly\u00e1zat el\u0151k\u00e9sz\u00edt\u00e9s\u00e9nek lebonyol\u00edt\u00e1s\u00e1val.<\/strong><\/p>\n<p>Egyre szaporodnak t\u00e9rs\u00e9g\u00fcnkben a munk\u00e1ssz\u00e1ll\u00e1sok. Kom\u00e1rom-Esztergom \u00e9s Gy\u0151r-Moson-Sopron megy\u00e9kben \u00e9p\u00fclt ki az ipar orsz\u00e1gunkban, mely a mai napig folyamatosan b\u0151v\u00fcl. Kev\u00e9s a dolgoz\u00f3 ember, ez\u00e9rt Borsodb\u00f3l, Szabolcsb\u00f3l, s\u0151t Ukrajn\u00e1b\u00f3l kell munkaer\u0151t k\u00f6lcs\u00f6n\u00f6zni. Ez gazdas\u00e1gi szempontb\u00f3l j\u00f3 a t\u00e9rs\u00e9gnek, viszont t\u00f6bb telep\u00fcl\u00e9sen indulatokat gerjeszt. Sok esetben t\u00f6rt\u00e9ntek er\u0151szakos cselekedetek \u00e9s rabl\u00e1sok az ide \u00e9rkez\u0151 munk\u00e1sok k\u00f6r\u00e9ben, melyekb\u0151l rendben be is sz\u00e1moltunk. S\u0151t <span style=\"text-decoration: underline; color: #0000ff;\"><a style=\"color: #0000ff; text-decoration: underline;\" href=\"https:\/\/dorogimedence.hu\/index.php\/2019\/02\/22\/tokodaltaro-osszefogott-a-munkasszallo-ellen\/\" target=\"_blank\" rel=\"noopener noreferrer\">Tokodalt\u00e1r\u00f3n<\/a><\/span> a lakoss\u00e1g komolyan \u00f6sszefogott a munk\u00e1ssz\u00e1ll\u00f3 meg\u00e9p\u00edt\u00e9se ellen.<\/p>\n<p>Az \u00faj dorogi <strong>90 f\u0151s munk\u00e1ssz\u00e1ll\u00f3<\/strong> egy\u00e9bk\u00e9nt egy vissza nem t\u00e9r\u00edtend\u0151 p\u00e1ly\u00e1zatb\u00f3l val\u00f3sulhat meg, melyre m\u00e1rcius 31-\u00e9ig lehet p\u00e1ly\u00e1zni. A beruh\u00e1z\u00e1s \u00f6sszege 479 milli\u00f3 forint, melyb\u0151l 143 milli\u00f3 az \u00f6nr\u00e9sz.<\/p>\n<p>A k\u00e9pvisel\u0151k egyhang\u00fa szavazatukkal egyet\u00e9rtettek a projekttel, s\u0151t m\u00e9g Polonyi Zsolt k\u00e9pvisel\u0151 \u00far is remek \u00f6tletnek tal\u00e1lhatta, hiszen \u0151 sok mindent nem szavaz meg, de ez mellett \u0151 is igennel voksolt! A k\u00e9pvisel\u0151 urak egy\u00e9bk\u00e9nt nem vakon szavaznak, hiszen minden esetben a szavaz\u00e1sok el\u0151tt megkapj\u00e1k az el\u0151terjeszt\u00e9seket. Az ezzel kapcsolatos el\u0151terjeszt\u00e9s <span style=\"text-decoration: underline; color: #0000ff;\"><a style=\"color: #0000ff; text-decoration: underline;\" href=\"http:\/\/dorog.hu\/feltoltes\/el337terj_181130_10.pdf\" target=\"_blank\" rel=\"noopener noreferrer\">itt tekinthet\u0151<\/a><\/span> meg. Mindemellett az el\u0151terjeszt\u00e9s alapj\u00e1n a 23\/2017. (II. 3.) Korm. rendelet is el\u00e9rhet\u0151 mindenki sz\u00e1m\u00e1ra az <span style=\"text-decoration: underline; color: #0000ff;\"><a style=\"color: #0000ff; text-decoration: underline;\" href=\"https:\/\/net.jogtar.hu\/jogszabaly?docid=A1700023.KOR&amp;timeshift=fffffff4&amp;txtreferer=00000001.TXT\" target=\"_blank\" rel=\"noopener noreferrer\">interneten<\/a><\/span>. Ez\u00e1ltal igaz\u00e1n lehet azt mondani, hogy ut\u00e1nan\u00e9zve, felk\u00e9sz\u00fclve, felel\u0151s d\u00f6nt\u00e9st hoztak mind a tizenketten. A test\u00fcleti \u00fcl\u00e9s <span style=\"text-decoration: underline; color: #0000ff;\"><a style=\"color: #0000ff; text-decoration: underline;\" href=\"http:\/\/dorog.hu\/feltoltes\/jegyz337knyv_181130.pdf\" target=\"_blank\" rel=\"noopener noreferrer\">jegyz\u0151k\u00f6nyv\u00e9nek<\/a><\/span> 10. pontj\u00e1ban bizonyosodhatunk meg err\u0151l.<\/p>\n<p><strong>Korrekci\u00f3:<\/strong> egy\u00e9bk\u00e9nt a munk\u00e1ssz\u00e1ll\u00f3 90 f\u0151s befogad\u00f3k\u00e9pess\u00e9g\u00e9r\u0151l 2019. m\u00e1rcius 14-\u00e9n, cs\u00fct\u00f6rt\u00f6k\u00f6n szavaztak a k\u00e9pvisel\u0151k rendk\u00edv\u00fcli \u00fcl\u00e9sen, akkor Polonyi \u00far m\u00e1r nem t\u00e1mogatta a l\u00e9tes\u00edtm\u00e9nyt.<\/p>\n<p><em>&#8222;Rem\u00e9lem, hogy a munk\u00e1ssz\u00e1ll\u00f3 v\u00e1rosunkat gazdag\u00edtja majd, \u00e9s id\u0151ben elbocs\u00e1jt\u00e1sra ker\u00fclnek azok az ide \u00e9rkez\u0151 munk\u00e1sok, akik nem tisztelik egym\u00e1st \u00e9s a helyi lakoss\u00e1got, illetve a kult\u00far\u00e1nkat. Mindemellett rem\u00e9lem azt is, hogy a p\u00e1ly\u00e1zat megval\u00f3sul\u00e1sa ut\u00e1n az esetlegesen el\u0151fordul\u00f3 incidensek eset\u00e9ben is, a k\u00e9pvisel\u0151k v\u00e1llalj\u00e1k majd felel\u0151ss\u00e9g\u00fcket a d\u00f6nt\u00e9s\u00fck alapj\u00e1n.&#8221;<\/em><\/p>\n<p><em><strong>Lehoczki D\u00e1vid<\/strong><\/em><\/p>\n","protected":false},"excerpt":{"rendered":"<p>A tavaly \u00e9v v\u00e9gi test\u00fcleti \u00fcl\u00e9sen Dorog V\u00e1ros K\u00e9pvisel\u0151-test\u00fclete 12 igen, egyhang\u00fa szavazattal megb\u00edzta a polg\u00e1rmestert egy munk\u00e1ssz\u00e1ll\u00e1s megtervez\u00e9s\u00e9vel \u00e9s a p\u00e1ly\u00e1zat el\u0151k\u00e9sz\u00edt\u00e9s\u00e9nek lebonyol\u00edt\u00e1s\u00e1val. Egyre szaporodnak t\u00e9rs\u00e9g\u00fcnkben a munk\u00e1ssz\u00e1ll\u00e1sok. Kom\u00e1rom-Esztergom \u00e9s Gy\u0151r-Moson-Sopron megy\u00e9kben \u00e9p\u00fclt ki az ipar orsz\u00e1gunkban, mely a mai napig folyamatosan b\u0151v\u00fcl. Kev\u00e9s a dolgoz\u00f3 ember, ez\u00e9rt Borsodb\u00f3l, Szabolcsb\u00f3l, s\u0151t Ukrajn\u00e1b\u00f3l kell munkaer\u0151t<\/p>\n","protected":false},"author":1,"featured_media":15458,"comment_status":"closed","ping_status":"closed","sticky":false,"template":"","format":"standard","meta":{"ngg_post_thumbnail":0,"footnotes":""},"categories":[2,3],"tags":[3343,15,3590,2247,3591,3171,3592],"class_list":{"0":"post-15457","1":"post","2":"type-post","3":"status-publish","4":"format-standard","5":"has-post-thumbnail","7":"category-dorog","8":"category-hirek","9":"tag-borsod","10":"tag-dorog","11":"tag-munkasok","12":"tag-munkasszallo","13":"tag-szabolcs","14":"tag-ukran","15":"tag-vendegmunkas"},"yoast_head":"<!-- This site is optimized with the Yoast SEO plugin v27.4 - https:\/\/yoast.com\/product\/yoast-seo-wordpress\/ -->\n<title>\u00dajabb munk\u00e1ssz\u00e1ll\u00f3 \u00e9p\u00fclhet, most Dorogon<\/title>\n<meta name=\"robots\" content=\"index, follow, max-snippet:-1, max-image-preview:large, max-video-preview:-1\" \/>\n<link rel=\"canonical\" href=\"https:\/\/dorogimedence.hu\/index.php\/2019\/03\/17\/ujabb-munkasszallo-epulhet-most-dorogon\/\" class=\"yoast-seo-meta-tag\" \/>\n<meta property=\"og:locale\" content=\"hu_HU\" class=\"yoast-seo-meta-tag\" \/>\n<meta property=\"og:type\" content=\"article\" class=\"yoast-seo-meta-tag\" \/>\n<meta property=\"og:title\" content=\"\u00dajabb munk\u00e1ssz\u00e1ll\u00f3 \u00e9p\u00fclhet, most Dorogon\" class=\"yoast-seo-meta-tag\" \/>\n<meta property=\"og:description\" content=\"A tavaly \u00e9v v\u00e9gi test\u00fcleti \u00fcl\u00e9sen Dorog V\u00e1ros K\u00e9pvisel\u0151-test\u00fclete 12 igen, egyhang\u00fa szavazattal megb\u00edzta a polg\u00e1rmestert egy munk\u00e1ssz\u00e1ll\u00e1s megtervez\u00e9s\u00e9vel \u00e9s a p\u00e1ly\u00e1zat el\u0151k\u00e9sz\u00edt\u00e9s\u00e9nek lebonyol\u00edt\u00e1s\u00e1val. Egyre szaporodnak t\u00e9rs\u00e9g\u00fcnkben a munk\u00e1ssz\u00e1ll\u00e1sok. Kom\u00e1rom-Esztergom \u00e9s Gy\u0151r-Moson-Sopron megy\u00e9kben \u00e9p\u00fclt ki az ipar orsz\u00e1gunkban, mely a mai napig folyamatosan b\u0151v\u00fcl. Kev\u00e9s a dolgoz\u00f3 ember, ez\u00e9rt Borsodb\u00f3l, Szabolcsb\u00f3l, s\u0151t Ukrajn\u00e1b\u00f3l kell munkaer\u0151t\" class=\"yoast-seo-meta-tag\" \/>\n<meta property=\"og:url\" content=\"https:\/\/dorogimedence.hu\/index.php\/2019\/03\/17\/ujabb-munkasszallo-epulhet-most-dorogon\/\" class=\"yoast-seo-meta-tag\" \/>\n<meta property=\"og:site_name\" content=\"Dorogi-medence Region\u00e1lis H\u00edrport\u00e1l\" class=\"yoast-seo-meta-tag\" \/>\n<meta property=\"article:publisher\" content=\"https:\/\/www.facebook.com\/dorogimedence\/\" class=\"yoast-seo-meta-tag\" \/>\n<meta property=\"article:published_time\" content=\"2019-03-17T09:45:56+00:00\" class=\"yoast-seo-meta-tag\" \/>\n<meta property=\"article:modified_time\" content=\"2019-03-17T12:42:39+00:00\" class=\"yoast-seo-meta-tag\" \/>\n<meta property=\"og:image\" content=\"https:\/\/i0.wp.com\/dorogimedence.hu\/wp-content\/uploads\/2019\/03\/vendegmunkas.jpg?fit=670%2C365&ssl=1\" class=\"yoast-seo-meta-tag\" \/>\n\t<meta property=\"og:image:width\" content=\"670\" class=\"yoast-seo-meta-tag\" \/>\n\t<meta property=\"og:image:height\" content=\"365\" class=\"yoast-seo-meta-tag\" \/>\n\t<meta property=\"og:image:type\" content=\"image\/jpeg\" class=\"yoast-seo-meta-tag\" \/>\n<meta name=\"author\" content=\"dorogimedence.hu\" class=\"yoast-seo-meta-tag\" \/>\n<meta name=\"twitter:card\" content=\"summary_large_image\" class=\"yoast-seo-meta-tag\" \/>\n<meta name=\"twitter:label1\" content=\"Szerz\u0151:\" class=\"yoast-seo-meta-tag\" \/>\n\t<meta name=\"twitter:data1\" content=\"dorogimedence.hu\" class=\"yoast-seo-meta-tag\" \/>\n\t<meta name=\"twitter:label2\" content=\"Becs\u00fclt olvas\u00e1si id\u0151\" class=\"yoast-seo-meta-tag\" \/>\n\t<meta name=\"twitter:data2\" content=\"2 perc\" class=\"yoast-seo-meta-tag\" \/>\n<script type=\"application\/ld+json\" class=\"yoast-schema-graph\">{\"@context\":\"https:\\\/\\\/schema.org\",\"@graph\":[{\"@type\":\"Article\",\"@id\":\"https:\\\/\\\/dorogimedence.hu\\\/index.php\\\/2019\\\/03\\\/17\\\/ujabb-munkasszallo-epulhet-most-dorogon\\\/#article\",\"isPartOf\":{\"@id\":\"https:\\\/\\\/dorogimedence.hu\\\/index.php\\\/2019\\\/03\\\/17\\\/ujabb-munkasszallo-epulhet-most-dorogon\\\/\"},\"author\":{\"name\":\"dorogimedence.hu\",\"@id\":\"https:\\\/\\\/dorogimedence.hu\\\/#\\\/schema\\\/person\\\/ce6091eeb7e95ecdc87890d6aa8e0fd4\"},\"headline\":\"\u00dajabb munk\u00e1ssz\u00e1ll\u00f3 \u00e9p\u00fclhet, most Dorogon\",\"datePublished\":\"2019-03-17T09:45:56+00:00\",\"dateModified\":\"2019-03-17T12:42:39+00:00\",\"mainEntityOfPage\":{\"@id\":\"https:\\\/\\\/dorogimedence.hu\\\/index.php\\\/2019\\\/03\\\/17\\\/ujabb-munkasszallo-epulhet-most-dorogon\\\/\"},\"wordCount\":481,\"publisher\":{\"@id\":\"https:\\\/\\\/dorogimedence.hu\\\/#organization\"},\"image\":{\"@id\":\"https:\\\/\\\/dorogimedence.hu\\\/index.php\\\/2019\\\/03\\\/17\\\/ujabb-munkasszallo-epulhet-most-dorogon\\\/#primaryimage\"},\"thumbnailUrl\":\"https:\\\/\\\/dorogimedence.hu\\\/wp-content\\\/uploads\\\/2019\\\/03\\\/vendegmunkas.jpg\",\"keywords\":[\"Borsod\",\"Dorog\",\"munk\u00e1sok\",\"munk\u00e1ssz\u00e1ll\u00f3\",\"Szabolcs\",\"ukr\u00e1n\",\"vend\u00e9gmunk\u00e1s\"],\"articleSection\":[\"Dorog\",\"H\u00edrek\"],\"inLanguage\":\"hu\"},{\"@type\":\"WebPage\",\"@id\":\"https:\\\/\\\/dorogimedence.hu\\\/index.php\\\/2019\\\/03\\\/17\\\/ujabb-munkasszallo-epulhet-most-dorogon\\\/\",\"url\":\"https:\\\/\\\/dorogimedence.hu\\\/index.php\\\/2019\\\/03\\\/17\\\/ujabb-munkasszallo-epulhet-most-dorogon\\\/\",\"name\":\"\u00dajabb munk\u00e1ssz\u00e1ll\u00f3 \u00e9p\u00fclhet, most Dorogon\",\"isPartOf\":{\"@id\":\"https:\\\/\\\/dorogimedence.hu\\\/#website\"},\"primaryImageOfPage\":{\"@id\":\"https:\\\/\\\/dorogimedence.hu\\\/index.php\\\/2019\\\/03\\\/17\\\/ujabb-munkasszallo-epulhet-most-dorogon\\\/#primaryimage\"},\"image\":{\"@id\":\"https:\\\/\\\/dorogimedence.hu\\\/index.php\\\/2019\\\/03\\\/17\\\/ujabb-munkasszallo-epulhet-most-dorogon\\\/#primaryimage\"},\"thumbnailUrl\":\"https:\\\/\\\/dorogimedence.hu\\\/wp-content\\\/uploads\\\/2019\\\/03\\\/vendegmunkas.jpg\",\"datePublished\":\"2019-03-17T09:45:56+00:00\",\"dateModified\":\"2019-03-17T12:42:39+00:00\",\"breadcrumb\":{\"@id\":\"https:\\\/\\\/dorogimedence.hu\\\/index.php\\\/2019\\\/03\\\/17\\\/ujabb-munkasszallo-epulhet-most-dorogon\\\/#breadcrumb\"},\"inLanguage\":\"hu\",\"potentialAction\":[{\"@type\":\"ReadAction\",\"target\":[\"https:\\\/\\\/dorogimedence.hu\\\/index.php\\\/2019\\\/03\\\/17\\\/ujabb-munkasszallo-epulhet-most-dorogon\\\/\"]}]},{\"@type\":\"ImageObject\",\"inLanguage\":\"hu\",\"@id\":\"https:\\\/\\\/dorogimedence.hu\\\/index.php\\\/2019\\\/03\\\/17\\\/ujabb-munkasszallo-epulhet-most-dorogon\\\/#primaryimage\",\"url\":\"https:\\\/\\\/dorogimedence.hu\\\/wp-content\\\/uploads\\\/2019\\\/03\\\/vendegmunkas.jpg\",\"contentUrl\":\"https:\\\/\\\/dorogimedence.hu\\\/wp-content\\\/uploads\\\/2019\\\/03\\\/vendegmunkas.jpg\",\"width\":670,\"height\":365},{\"@type\":\"BreadcrumbList\",\"@id\":\"https:\\\/\\\/dorogimedence.hu\\\/index.php\\\/2019\\\/03\\\/17\\\/ujabb-munkasszallo-epulhet-most-dorogon\\\/#breadcrumb\",\"itemListElement\":[{\"@type\":\"ListItem\",\"position\":1,\"name\":\"Kezd\u0151lap\",\"item\":\"https:\\\/\\\/dorogimedence.hu\\\/\"},{\"@type\":\"ListItem\",\"position\":2,\"name\":\"\u00dajabb munk\u00e1ssz\u00e1ll\u00f3 \u00e9p\u00fclhet, most Dorogon\"}]},{\"@type\":\"WebSite\",\"@id\":\"https:\\\/\\\/dorogimedence.hu\\\/#website\",\"url\":\"https:\\\/\\\/dorogimedence.hu\\\/\",\"name\":\"Dorogi-medence Region\u00e1lis H\u00edrport\u00e1l\",\"description\":\"Dorog, Keszt\u00f6lc, Le\u00e1nyv\u00e1r, Piliscs\u00e9v, Tokod, Tokodalt\u00e1r\u00f3, Csolnok, Esztergom-kertv\u00e1ros: h\u00edrek, programok\",\"publisher\":{\"@id\":\"https:\\\/\\\/dorogimedence.hu\\\/#organization\"},\"potentialAction\":[{\"@type\":\"SearchAction\",\"target\":{\"@type\":\"EntryPoint\",\"urlTemplate\":\"https:\\\/\\\/dorogimedence.hu\\\/?s={search_term_string}\"},\"query-input\":{\"@type\":\"PropertyValueSpecification\",\"valueRequired\":true,\"valueName\":\"search_term_string\"}}],\"inLanguage\":\"hu\"},{\"@type\":\"Organization\",\"@id\":\"https:\\\/\\\/dorogimedence.hu\\\/#organization\",\"name\":\"Dorogi-medence Region\u00e1lis H\u00edrport\u00e1l\",\"url\":\"https:\\\/\\\/dorogimedence.hu\\\/\",\"logo\":{\"@type\":\"ImageObject\",\"inLanguage\":\"hu\",\"@id\":\"https:\\\/\\\/dorogimedence.hu\\\/#\\\/schema\\\/logo\\\/image\\\/\",\"url\":\"https:\\\/\\\/dorogimedence.hu\\\/wp-content\\\/uploads\\\/2021\\\/04\\\/logo-feher-600.png\",\"contentUrl\":\"https:\\\/\\\/dorogimedence.hu\\\/wp-content\\\/uploads\\\/2021\\\/04\\\/logo-feher-600.png\",\"width\":600,\"height\":100,\"caption\":\"Dorogi-medence Region\u00e1lis H\u00edrport\u00e1l\"},\"image\":{\"@id\":\"https:\\\/\\\/dorogimedence.hu\\\/#\\\/schema\\\/logo\\\/image\\\/\"},\"sameAs\":[\"https:\\\/\\\/www.facebook.com\\\/dorogimedence\\\/\"]},{\"@type\":\"Person\",\"@id\":\"https:\\\/\\\/dorogimedence.hu\\\/#\\\/schema\\\/person\\\/ce6091eeb7e95ecdc87890d6aa8e0fd4\",\"name\":\"dorogimedence.hu\",\"image\":{\"@type\":\"ImageObject\",\"inLanguage\":\"hu\",\"@id\":\"\\\/\\\/www.gravatar.com\\\/avatar\\\/d8d45f8901aadff40a4af72c0b826f1d?s=96&#038;r=g&#038;d=mm\",\"url\":\"\\\/\\\/www.gravatar.com\\\/avatar\\\/d8d45f8901aadff40a4af72c0b826f1d?s=96&#038;r=g&#038;d=mm\",\"contentUrl\":\"\\\/\\\/www.gravatar.com\\\/avatar\\\/d8d45f8901aadff40a4af72c0b826f1d?s=96&#038;r=g&#038;d=mm\",\"caption\":\"dorogimedence.hu\"}}]}<\/script>\n<!-- \/ Yoast SEO plugin. -->","yoast_head_json":{"title":"\u00dajabb munk\u00e1ssz\u00e1ll\u00f3 \u00e9p\u00fclhet, most Dorogon","robots":{"index":"index","follow":"follow","max-snippet":"max-snippet:-1","max-image-preview":"max-image-preview:large","max-video-preview":"max-video-preview:-1"},"canonical":"https:\/\/dorogimedence.hu\/index.php\/2019\/03\/17\/ujabb-munkasszallo-epulhet-most-dorogon\/","og_locale":"hu_HU","og_type":"article","og_title":"\u00dajabb munk\u00e1ssz\u00e1ll\u00f3 \u00e9p\u00fclhet, most Dorogon","og_description":"A tavaly \u00e9v v\u00e9gi test\u00fcleti \u00fcl\u00e9sen Dorog V\u00e1ros K\u00e9pvisel\u0151-test\u00fclete 12 igen, egyhang\u00fa szavazattal megb\u00edzta a polg\u00e1rmestert egy munk\u00e1ssz\u00e1ll\u00e1s megtervez\u00e9s\u00e9vel \u00e9s a p\u00e1ly\u00e1zat el\u0151k\u00e9sz\u00edt\u00e9s\u00e9nek lebonyol\u00edt\u00e1s\u00e1val. Egyre szaporodnak t\u00e9rs\u00e9g\u00fcnkben a munk\u00e1ssz\u00e1ll\u00e1sok. Kom\u00e1rom-Esztergom \u00e9s Gy\u0151r-Moson-Sopron megy\u00e9kben \u00e9p\u00fclt ki az ipar orsz\u00e1gunkban, mely a mai napig folyamatosan b\u0151v\u00fcl. Kev\u00e9s a dolgoz\u00f3 ember, ez\u00e9rt Borsodb\u00f3l, Szabolcsb\u00f3l, s\u0151t Ukrajn\u00e1b\u00f3l kell munkaer\u0151t","og_url":"https:\/\/dorogimedence.hu\/index.php\/2019\/03\/17\/ujabb-munkasszallo-epulhet-most-dorogon\/","og_site_name":"Dorogi-medence Region\u00e1lis H\u00edrport\u00e1l","article_publisher":"https:\/\/www.facebook.com\/dorogimedence\/","article_published_time":"2019-03-17T09:45:56+00:00","article_modified_time":"2019-03-17T12:42:39+00:00","og_image":[{"width":670,"height":365,"url":"https:\/\/i0.wp.com\/dorogimedence.hu\/wp-content\/uploads\/2019\/03\/vendegmunkas.jpg?fit=670%2C365&ssl=1","type":"image\/jpeg"}],"author":"dorogimedence.hu","twitter_card":"summary_large_image","twitter_misc":{"Szerz\u0151:":"dorogimedence.hu","Becs\u00fclt olvas\u00e1si id\u0151":"2 perc"},"schema":{"@context":"https:\/\/schema.org","@graph":[{"@type":"Article","@id":"https:\/\/dorogimedence.hu\/index.php\/2019\/03\/17\/ujabb-munkasszallo-epulhet-most-dorogon\/#article","isPartOf":{"@id":"https:\/\/dorogimedence.hu\/index.php\/2019\/03\/17\/ujabb-munkasszallo-epulhet-most-dorogon\/"},"author":{"name":"dorogimedence.hu","@id":"https:\/\/dorogimedence.hu\/#\/schema\/person\/ce6091eeb7e95ecdc87890d6aa8e0fd4"},"headline":"\u00dajabb munk\u00e1ssz\u00e1ll\u00f3 \u00e9p\u00fclhet, most Dorogon","datePublished":"2019-03-17T09:45:56+00:00","dateModified":"2019-03-17T12:42:39+00:00","mainEntityOfPage":{"@id":"https:\/\/dorogimedence.hu\/index.php\/2019\/03\/17\/ujabb-munkasszallo-epulhet-most-dorogon\/"},"wordCount":481,"publisher":{"@id":"https:\/\/dorogimedence.hu\/#organization"},"image":{"@id":"https:\/\/dorogimedence.hu\/index.php\/2019\/03\/17\/ujabb-munkasszallo-epulhet-most-dorogon\/#primaryimage"},"thumbnailUrl":"https:\/\/dorogimedence.hu\/wp-content\/uploads\/2019\/03\/vendegmunkas.jpg","keywords":["Borsod","Dorog","munk\u00e1sok","munk\u00e1ssz\u00e1ll\u00f3","Szabolcs","ukr\u00e1n","vend\u00e9gmunk\u00e1s"],"articleSection":["Dorog","H\u00edrek"],"inLanguage":"hu"},{"@type":"WebPage","@id":"https:\/\/dorogimedence.hu\/index.php\/2019\/03\/17\/ujabb-munkasszallo-epulhet-most-dorogon\/","url":"https:\/\/dorogimedence.hu\/index.php\/2019\/03\/17\/ujabb-munkasszallo-epulhet-most-dorogon\/","name":"\u00dajabb munk\u00e1ssz\u00e1ll\u00f3 \u00e9p\u00fclhet, most Dorogon","isPartOf":{"@id":"https:\/\/dorogimedence.hu\/#website"},"primaryImageOfPage":{"@id":"https:\/\/dorogimedence.hu\/index.php\/2019\/03\/17\/ujabb-munkasszallo-epulhet-most-dorogon\/#primaryimage"},"image":{"@id":"https:\/\/dorogimedence.hu\/index.php\/2019\/03\/17\/ujabb-munkasszallo-epulhet-most-dorogon\/#primaryimage"},"thumbnailUrl":"https:\/\/dorogimedence.hu\/wp-content\/uploads\/2019\/03\/vendegmunkas.jpg","datePublished":"2019-03-17T09:45:56+00:00","dateModified":"2019-03-17T12:42:39+00:00","breadcrumb":{"@id":"https:\/\/dorogimedence.hu\/index.php\/2019\/03\/17\/ujabb-munkasszallo-epulhet-most-dorogon\/#breadcrumb"},"inLanguage":"hu","potentialAction":[{"@type":"ReadAction","target":["https:\/\/dorogimedence.hu\/index.php\/2019\/03\/17\/ujabb-munkasszallo-epulhet-most-dorogon\/"]}]},{"@type":"ImageObject","inLanguage":"hu","@id":"https:\/\/dorogimedence.hu\/index.php\/2019\/03\/17\/ujabb-munkasszallo-epulhet-most-dorogon\/#primaryimage","url":"https:\/\/dorogimedence.hu\/wp-content\/uploads\/2019\/03\/vendegmunkas.jpg","contentUrl":"https:\/\/dorogimedence.hu\/wp-content\/uploads\/2019\/03\/vendegmunkas.jpg","width":670,"height":365},{"@type":"BreadcrumbList","@id":"https:\/\/dorogimedence.hu\/index.php\/2019\/03\/17\/ujabb-munkasszallo-epulhet-most-dorogon\/#breadcrumb","itemListElement":[{"@type":"ListItem","position":1,"name":"Kezd\u0151lap","item":"https:\/\/dorogimedence.hu\/"},{"@type":"ListItem","position":2,"name":"\u00dajabb munk\u00e1ssz\u00e1ll\u00f3 \u00e9p\u00fclhet, most Dorogon"}]},{"@type":"WebSite","@id":"https:\/\/dorogimedence.hu\/#website","url":"https:\/\/dorogimedence.hu\/","name":"Dorogi-medence Region\u00e1lis H\u00edrport\u00e1l","description":"Dorog, Keszt\u00f6lc, Le\u00e1nyv\u00e1r, Piliscs\u00e9v, Tokod, Tokodalt\u00e1r\u00f3, Csolnok, Esztergom-kertv\u00e1ros: h\u00edrek, programok","publisher":{"@id":"https:\/\/dorogimedence.hu\/#organization"},"potentialAction":[{"@type":"SearchAction","target":{"@type":"EntryPoint","urlTemplate":"https:\/\/dorogimedence.hu\/?s={search_term_string}"},"query-input":{"@type":"PropertyValueSpecification","valueRequired":true,"valueName":"search_term_string"}}],"inLanguage":"hu"},{"@type":"Organization","@id":"https:\/\/dorogimedence.hu\/#organization","name":"Dorogi-medence Region\u00e1lis H\u00edrport\u00e1l","url":"https:\/\/dorogimedence.hu\/","logo":{"@type":"ImageObject","inLanguage":"hu","@id":"https:\/\/dorogimedence.hu\/#\/schema\/logo\/image\/","url":"https:\/\/dorogimedence.hu\/wp-content\/uploads\/2021\/04\/logo-feher-600.png","contentUrl":"https:\/\/dorogimedence.hu\/wp-content\/uploads\/2021\/04\/logo-feher-600.png","width":600,"height":100,"caption":"Dorogi-medence Region\u00e1lis H\u00edrport\u00e1l"},"image":{"@id":"https:\/\/dorogimedence.hu\/#\/schema\/logo\/image\/"},"sameAs":["https:\/\/www.facebook.com\/dorogimedence\/"]},{"@type":"Person","@id":"https:\/\/dorogimedence.hu\/#\/schema\/person\/ce6091eeb7e95ecdc87890d6aa8e0fd4","name":"dorogimedence.hu","image":{"@type":"ImageObject","inLanguage":"hu","@id":"\/\/www.gravatar.com\/avatar\/d8d45f8901aadff40a4af72c0b826f1d?s=96&#038;r=g&#038;d=mm","url":"\/\/www.gravatar.com\/avatar\/d8d45f8901aadff40a4af72c0b826f1d?s=96&#038;r=g&#038;d=mm","contentUrl":"\/\/www.gravatar.com\/avatar\/d8d45f8901aadff40a4af72c0b826f1d?s=96&#038;r=g&#038;d=mm","caption":"dorogimedence.hu"}}]}},"_links":{"self":[{"href":"https:\/\/dorogimedence.hu\/index.php\/wp-json\/wp\/v2\/posts\/15457","targetHints":{"allow":["GET"]}}],"collection":[{"href":"https:\/\/dorogimedence.hu\/index.php\/wp-json\/wp\/v2\/posts"}],"about":[{"href":"https:\/\/dorogimedence.hu\/index.php\/wp-json\/wp\/v2\/types\/post"}],"author":[{"embeddable":true,"href":"https:\/\/dorogimedence.hu\/index.php\/wp-json\/wp\/v2\/users\/1"}],"replies":[{"embeddable":true,"href":"https:\/\/dorogimedence.hu\/index.php\/wp-json\/wp\/v2\/comments?post=15457"}],"version-history":[{"count":0,"href":"https:\/\/dorogimedence.hu\/index.php\/wp-json\/wp\/v2\/posts\/15457\/revisions"}],"wp:featuredmedia":[{"embeddable":true,"href":"https:\/\/dorogimedence.hu\/index.php\/wp-json\/wp\/v2\/media\/15458"}],"wp:attachment":[{"href":"https:\/\/dorogimedence.hu\/index.php\/wp-json\/wp\/v2\/media?parent=15457"}],"wp:term":[{"taxonomy":"category","embeddable":true,"href":"https:\/\/dorogimedence.hu\/index.php\/wp-json\/wp\/v2\/categories?post=15457"},{"taxonomy":"post_tag","embeddable":true,"href":"https:\/\/dorogimedence.hu\/index.php\/wp-json\/wp\/v2\/tags?post=15457"}],"curies":[{"name":"wp","href":"https:\/\/api.w.org\/{rel}","templated":true}]}}