{"id":15365,"date":"2019-03-12T06:46:38","date_gmt":"2019-03-12T05:46:38","guid":{"rendered":"http:\/\/dorogimedence.hu\/?p=15365"},"modified":"2019-03-12T06:46:38","modified_gmt":"2019-03-12T05:46:38","slug":"marcius-15-ei-megemlekezesek-tersegunkben","status":"publish","type":"post","link":"https:\/\/dorogimedence.hu\/index.php\/2019\/03\/12\/marcius-15-ei-megemlekezesek-tersegunkben\/","title":{"rendered":"M\u00e1rcius 15-ei megeml\u00e9kez\u00e9sek t\u00e9rs\u00e9g\u00fcnkben"},"content":{"rendered":"<p><strong>T\u00e9rs\u00e9g\u00fcnk t\u00f6bb telep\u00fcl\u00e9s\u00e9n megeml\u00e9keznek az 1848\/49-es forradalom \u00e9s szabads\u00e1gharc 171. \u00e9vfordul\u00f3j\u00e1n. \u00d6sszegy\u0171jt\u00f6tt\u00fck a telep\u00fcl\u00e9sek programjait!<\/strong><\/p>\n<p><strong>T\u00e1t:<\/strong> m\u00e1rcius 14-\u00e9n, cs\u00fct\u00f6rt\u00f6k\u00f6n 17.50-kor t\u00e9rzen\u00e9vel indul a megeml\u00e9kez\u00e9s a H\u0151s\u00f6k ter\u00e9n. 18 \u00f3rakor a 7. oszt\u00e1lyos tanul\u00f3k irodalmi m\u0171sorral k\u00e9sz\u00fclnek. \u00dcnnepi besz\u00e9det mond dr. Veres Zolt\u00e1n, megyei jegyz\u0151. K\u00f6zrem\u0171k\u00f6dik a T\u00e1ti N\u00e9met Nemzetis\u00e9gi F\u00fav\u00f3szenekar. Tart\u00f3s es\u0151 eset\u00e9n 18.00 \u2013 Koszor\u00faz\u00e1s az eml\u00e9km\u0171n\u00e9l, 18.30 \u2013 M\u0171sor a Kult\u00farh\u00e1zban.<\/p>\n<p><strong>Keszt\u00f6lc:<\/strong> m\u00e1rcius 14-\u00e9n, cs\u00fct\u00f6rt\u00f6k\u00f6n 16 \u00f3rakor kezd\u0151dik a megeml\u00e9kez\u00e9s a m\u0171vel\u0151d\u00e9si h\u00e1zban, a helysz\u00ednen az iskol\u00e1sok m\u0171sor\u00e1t tekinthetj\u00fck meg. Az iskol\u00e1sok gondolatban visszautaznak a 19. sz\u00e1zad Pestj\u00e9re. Az 1848-49-es t\u00f6rt\u00e9nelmi esem\u00e9nyeket eleven\u00edtik fel versekkel, pr\u00f3z\u00e1val, k\u00e9pekkel, zen\u00e9vel \u00e9s t\u00e1nccal. A m\u0171sor ut\u00e1n a megeml\u00e9kez\u00e9s a Szabads\u00e1g t\u00e9ren koszor\u00faz\u00e1ssal z\u00e1rul.<\/p>\n<p><strong>Tokod:<\/strong> m\u00e1rcius 14-\u00e9n, cs\u00fct\u00f6rt\u00f6k\u00f6n 16 \u00f3rai kezdettel a Hegyesk\u0151 \u00c1ltal\u00e1nos Iskola aul\u00e1j\u00e1ban tartj\u00e1k meg az \u00fcnnepi m\u0171sort. Program: Dr. V\u00f6lner P\u00e1l \u00fcnnepi k\u00f6sz\u00f6nt\u0151je, Hegyesk\u0151 \u00c1ltal\u00e1nos Iskola m\u0171sora, koszor\u00faz\u00e1s a Pet\u0151fi szoborn\u00e1l, ahol k\u00f6zrem\u0171k\u00f6dik a Gardellaca k\u00f3rus.<\/p>\n<p><strong>Dorog:<\/strong> m\u00e1rcius 15-\u00e9n, p\u00e9nteken 10 \u00f3rakor a Pet\u0151fi t\u00e9ren tartj\u00e1k a megeml\u00e9kez\u00e9st. Az esem\u00e9nyen a dorogi Zsigmondy Vilmos Gimn\u00e1zium 10. b oszt\u00e1lya \u00fcnnepi m\u0171sora ut\u00e1n koszor\u00faz\u00e1st tartanak.<\/p>\n<p><strong>Esztergom:<\/strong> m\u00e1rcius 15-\u00e9n, p\u00e9nteken 10 \u00f3rakor V\u00e1rosi \u00fcnneps\u00e9get tartanak a TSZC Botty\u00e1n J\u00e1nos Szakgimn\u00e1ziuma d\u00edszterm\u00e9ben. 10.40-kor tiszteletad\u00e1s lesz a z\u00e1szl\u00f3kn\u00e1l, a V\u00e1rosh\u00e1za f\u0151bej\u00e1rata el\u0151tt, majd innen Eml\u00e9kmenet indul a Szentgy\u00f6rgymez\u0151i \u201948-as Honv\u00e9dtemet\u0151be, ahol koszor\u00faz\u00e1si \u00fcnneps\u00e9get tartanak. V\u00e9g\u00fcl t\u00e1bori mis\u00e9vel z\u00e1rul a megeml\u00e9kez\u00e9s.<\/p>\n<p><strong>Csolnok:<\/strong> m\u00e1rcius 15-\u00e9n, p\u00e9nteken 10 \u00f3rakor \u00fcnnep\u00e9lyes z\u00e1szl\u00f3felvon\u00e1s lesz a M\u0171vel\u0151d\u00e9si H\u00e1z el\u0151tt. K\u00f6sz\u00f6nt\u0151t mond Kolonics P\u00e9tern\u00e9 polg\u00e1rmester asszony, k\u00f6zrem\u0171k\u00f6dik Benk\u0151 P\u00e9ter k\u00e9tszeres J\u00e1szai Mari-d\u00edjas sz\u00ednm\u0171v\u00e9sz \u00e9s a zeneiskola n\u00f6vend\u00e9kei. 17 \u00f3rai kezdettel a Csolnoki F\u00fav\u00f3szenekar \u00fcnnepi koncertje lesz hallhat\u00f3 a Kossuth Lajos M\u0171vel\u0151d\u00e9si H\u00e1zban.<\/p>\n","protected":false},"excerpt":{"rendered":"<p>T\u00e9rs\u00e9g\u00fcnk t\u00f6bb telep\u00fcl\u00e9s\u00e9n megeml\u00e9keznek az 1848\/49-es forradalom \u00e9s szabads\u00e1gharc 171. \u00e9vfordul\u00f3j\u00e1n. \u00d6sszegy\u0171jt\u00f6tt\u00fck a telep\u00fcl\u00e9sek programjait! T\u00e1t: m\u00e1rcius 14-\u00e9n, cs\u00fct\u00f6rt\u00f6k\u00f6n 17.50-kor t\u00e9rzen\u00e9vel indul a megeml\u00e9kez\u00e9s a H\u0151s\u00f6k ter\u00e9n. 18 \u00f3rakor a 7. oszt\u00e1lyos tanul\u00f3k irodalmi m\u0171sorral k\u00e9sz\u00fclnek. \u00dcnnepi besz\u00e9det mond dr. Veres Zolt\u00e1n, megyei jegyz\u0151. K\u00f6zrem\u0171k\u00f6dik a T\u00e1ti N\u00e9met Nemzetis\u00e9gi F\u00fav\u00f3szenekar. Tart\u00f3s es\u0151 eset\u00e9n 18.00 \u2013<\/p>\n","protected":false},"author":1,"featured_media":15366,"comment_status":"closed","ping_status":"closed","sticky":false,"template":"","format":"standard","meta":{"ngg_post_thumbnail":0,"footnotes":""},"categories":[64,2,38,3,8,3561,110,6],"tags":[446,1729,443,192,101],"class_list":{"0":"post-15365","1":"post","2":"type-post","3":"status-publish","4":"format-standard","5":"has-post-thumbnail","7":"category-csolnok","8":"category-dorog","9":"category-esztergom","10":"category-hirek","11":"category-kesztolc","12":"category-programok","13":"category-tat","14":"category-tokod","15":"tag-446","16":"tag-forradalom-es-szabadsagharc","17":"tag-marcius-15","18":"tag-megemlekezes","19":"tag-program"},"yoast_head":"<!-- This site is optimized with the Yoast SEO plugin v27.4 - https:\/\/yoast.com\/product\/yoast-seo-wordpress\/ -->\n<title>M\u00e1rcius 15-ei megeml\u00e9kez\u00e9sek t\u00e9rs\u00e9g\u00fcnkben<\/title>\n<meta name=\"robots\" content=\"index, follow, max-snippet:-1, max-image-preview:large, max-video-preview:-1\" \/>\n<link rel=\"canonical\" href=\"https:\/\/dorogimedence.hu\/index.php\/2019\/03\/12\/marcius-15-ei-megemlekezesek-tersegunkben\/\" class=\"yoast-seo-meta-tag\" \/>\n<meta property=\"og:locale\" content=\"hu_HU\" class=\"yoast-seo-meta-tag\" \/>\n<meta property=\"og:type\" content=\"article\" class=\"yoast-seo-meta-tag\" \/>\n<meta property=\"og:title\" content=\"M\u00e1rcius 15-ei megeml\u00e9kez\u00e9sek t\u00e9rs\u00e9g\u00fcnkben\" class=\"yoast-seo-meta-tag\" \/>\n<meta property=\"og:description\" content=\"T\u00e9rs\u00e9g\u00fcnk t\u00f6bb telep\u00fcl\u00e9s\u00e9n megeml\u00e9keznek az 1848\/49-es forradalom \u00e9s szabads\u00e1gharc 171. \u00e9vfordul\u00f3j\u00e1n. \u00d6sszegy\u0171jt\u00f6tt\u00fck a telep\u00fcl\u00e9sek programjait! T\u00e1t: m\u00e1rcius 14-\u00e9n, cs\u00fct\u00f6rt\u00f6k\u00f6n 17.50-kor t\u00e9rzen\u00e9vel indul a megeml\u00e9kez\u00e9s a H\u0151s\u00f6k ter\u00e9n. 18 \u00f3rakor a 7. oszt\u00e1lyos tanul\u00f3k irodalmi m\u0171sorral k\u00e9sz\u00fclnek. \u00dcnnepi besz\u00e9det mond dr. Veres Zolt\u00e1n, megyei jegyz\u0151. K\u00f6zrem\u0171k\u00f6dik a T\u00e1ti N\u00e9met Nemzetis\u00e9gi F\u00fav\u00f3szenekar. Tart\u00f3s es\u0151 eset\u00e9n 18.00 \u2013\" class=\"yoast-seo-meta-tag\" \/>\n<meta property=\"og:url\" content=\"https:\/\/dorogimedence.hu\/index.php\/2019\/03\/12\/marcius-15-ei-megemlekezesek-tersegunkben\/\" class=\"yoast-seo-meta-tag\" \/>\n<meta property=\"og:site_name\" content=\"Dorogi-medence Region\u00e1lis H\u00edrport\u00e1l\" class=\"yoast-seo-meta-tag\" \/>\n<meta property=\"article:publisher\" content=\"https:\/\/www.facebook.com\/dorogimedence\/\" class=\"yoast-seo-meta-tag\" \/>\n<meta property=\"article:published_time\" content=\"2019-03-12T05:46:38+00:00\" class=\"yoast-seo-meta-tag\" \/>\n<meta property=\"og:image\" content=\"https:\/\/i0.wp.com\/dorogimedence.hu\/wp-content\/uploads\/2019\/03\/1848.jpg?fit=670%2C365&ssl=1\" class=\"yoast-seo-meta-tag\" \/>\n\t<meta property=\"og:image:width\" content=\"670\" class=\"yoast-seo-meta-tag\" \/>\n\t<meta property=\"og:image:height\" content=\"365\" class=\"yoast-seo-meta-tag\" \/>\n\t<meta property=\"og:image:type\" content=\"image\/jpeg\" class=\"yoast-seo-meta-tag\" \/>\n<meta name=\"author\" content=\"dorogimedence.hu\" class=\"yoast-seo-meta-tag\" \/>\n<meta name=\"twitter:card\" content=\"summary_large_image\" class=\"yoast-seo-meta-tag\" \/>\n<meta name=\"twitter:label1\" content=\"Szerz\u0151:\" class=\"yoast-seo-meta-tag\" \/>\n\t<meta name=\"twitter:data1\" content=\"dorogimedence.hu\" class=\"yoast-seo-meta-tag\" \/>\n\t<meta name=\"twitter:label2\" content=\"Becs\u00fclt olvas\u00e1si id\u0151\" class=\"yoast-seo-meta-tag\" \/>\n\t<meta name=\"twitter:data2\" content=\"2 perc\" class=\"yoast-seo-meta-tag\" \/>\n<script type=\"application\/ld+json\" class=\"yoast-schema-graph\">{\"@context\":\"https:\\\/\\\/schema.org\",\"@graph\":[{\"@type\":\"Article\",\"@id\":\"https:\\\/\\\/dorogimedence.hu\\\/index.php\\\/2019\\\/03\\\/12\\\/marcius-15-ei-megemlekezesek-tersegunkben\\\/#article\",\"isPartOf\":{\"@id\":\"https:\\\/\\\/dorogimedence.hu\\\/index.php\\\/2019\\\/03\\\/12\\\/marcius-15-ei-megemlekezesek-tersegunkben\\\/\"},\"author\":{\"name\":\"dorogimedence.hu\",\"@id\":\"https:\\\/\\\/dorogimedence.hu\\\/#\\\/schema\\\/person\\\/ce6091eeb7e95ecdc87890d6aa8e0fd4\"},\"headline\":\"M\u00e1rcius 15-ei megeml\u00e9kez\u00e9sek t\u00e9rs\u00e9g\u00fcnkben\",\"datePublished\":\"2019-03-12T05:46:38+00:00\",\"mainEntityOfPage\":{\"@id\":\"https:\\\/\\\/dorogimedence.hu\\\/index.php\\\/2019\\\/03\\\/12\\\/marcius-15-ei-megemlekezesek-tersegunkben\\\/\"},\"wordCount\":463,\"publisher\":{\"@id\":\"https:\\\/\\\/dorogimedence.hu\\\/#organization\"},\"image\":{\"@id\":\"https:\\\/\\\/dorogimedence.hu\\\/index.php\\\/2019\\\/03\\\/12\\\/marcius-15-ei-megemlekezesek-tersegunkben\\\/#primaryimage\"},\"thumbnailUrl\":\"https:\\\/\\\/dorogimedence.hu\\\/wp-content\\\/uploads\\\/2019\\\/03\\\/1848.jpg\",\"keywords\":[\"1848\",\"forradalom \u00e9s szabads\u00e1gharc\",\"M\u00e1rcius 15\",\"megeml\u00e9kez\u00e9s\",\"program\"],\"articleSection\":[\"Csolnok\",\"Dorog\",\"Esztergom\",\"H\u00edrek\",\"Keszt\u00f6lc\",\"Programok\",\"T\u00e1t\",\"Tokod\"],\"inLanguage\":\"hu\"},{\"@type\":\"WebPage\",\"@id\":\"https:\\\/\\\/dorogimedence.hu\\\/index.php\\\/2019\\\/03\\\/12\\\/marcius-15-ei-megemlekezesek-tersegunkben\\\/\",\"url\":\"https:\\\/\\\/dorogimedence.hu\\\/index.php\\\/2019\\\/03\\\/12\\\/marcius-15-ei-megemlekezesek-tersegunkben\\\/\",\"name\":\"M\u00e1rcius 15-ei megeml\u00e9kez\u00e9sek t\u00e9rs\u00e9g\u00fcnkben\",\"isPartOf\":{\"@id\":\"https:\\\/\\\/dorogimedence.hu\\\/#website\"},\"primaryImageOfPage\":{\"@id\":\"https:\\\/\\\/dorogimedence.hu\\\/index.php\\\/2019\\\/03\\\/12\\\/marcius-15-ei-megemlekezesek-tersegunkben\\\/#primaryimage\"},\"image\":{\"@id\":\"https:\\\/\\\/dorogimedence.hu\\\/index.php\\\/2019\\\/03\\\/12\\\/marcius-15-ei-megemlekezesek-tersegunkben\\\/#primaryimage\"},\"thumbnailUrl\":\"https:\\\/\\\/dorogimedence.hu\\\/wp-content\\\/uploads\\\/2019\\\/03\\\/1848.jpg\",\"datePublished\":\"2019-03-12T05:46:38+00:00\",\"breadcrumb\":{\"@id\":\"https:\\\/\\\/dorogimedence.hu\\\/index.php\\\/2019\\\/03\\\/12\\\/marcius-15-ei-megemlekezesek-tersegunkben\\\/#breadcrumb\"},\"inLanguage\":\"hu\",\"potentialAction\":[{\"@type\":\"ReadAction\",\"target\":[\"https:\\\/\\\/dorogimedence.hu\\\/index.php\\\/2019\\\/03\\\/12\\\/marcius-15-ei-megemlekezesek-tersegunkben\\\/\"]}]},{\"@type\":\"ImageObject\",\"inLanguage\":\"hu\",\"@id\":\"https:\\\/\\\/dorogimedence.hu\\\/index.php\\\/2019\\\/03\\\/12\\\/marcius-15-ei-megemlekezesek-tersegunkben\\\/#primaryimage\",\"url\":\"https:\\\/\\\/dorogimedence.hu\\\/wp-content\\\/uploads\\\/2019\\\/03\\\/1848.jpg\",\"contentUrl\":\"https:\\\/\\\/dorogimedence.hu\\\/wp-content\\\/uploads\\\/2019\\\/03\\\/1848.jpg\",\"width\":670,\"height\":365},{\"@type\":\"BreadcrumbList\",\"@id\":\"https:\\\/\\\/dorogimedence.hu\\\/index.php\\\/2019\\\/03\\\/12\\\/marcius-15-ei-megemlekezesek-tersegunkben\\\/#breadcrumb\",\"itemListElement\":[{\"@type\":\"ListItem\",\"position\":1,\"name\":\"Kezd\u0151lap\",\"item\":\"https:\\\/\\\/dorogimedence.hu\\\/\"},{\"@type\":\"ListItem\",\"position\":2,\"name\":\"M\u00e1rcius 15-ei megeml\u00e9kez\u00e9sek t\u00e9rs\u00e9g\u00fcnkben\"}]},{\"@type\":\"WebSite\",\"@id\":\"https:\\\/\\\/dorogimedence.hu\\\/#website\",\"url\":\"https:\\\/\\\/dorogimedence.hu\\\/\",\"name\":\"Dorogi-medence Region\u00e1lis H\u00edrport\u00e1l\",\"description\":\"Dorog, Keszt\u00f6lc, Le\u00e1nyv\u00e1r, Piliscs\u00e9v, Tokod, Tokodalt\u00e1r\u00f3, Csolnok, Esztergom-kertv\u00e1ros: h\u00edrek, programok\",\"publisher\":{\"@id\":\"https:\\\/\\\/dorogimedence.hu\\\/#organization\"},\"potentialAction\":[{\"@type\":\"SearchAction\",\"target\":{\"@type\":\"EntryPoint\",\"urlTemplate\":\"https:\\\/\\\/dorogimedence.hu\\\/?s={search_term_string}\"},\"query-input\":{\"@type\":\"PropertyValueSpecification\",\"valueRequired\":true,\"valueName\":\"search_term_string\"}}],\"inLanguage\":\"hu\"},{\"@type\":\"Organization\",\"@id\":\"https:\\\/\\\/dorogimedence.hu\\\/#organization\",\"name\":\"Dorogi-medence Region\u00e1lis H\u00edrport\u00e1l\",\"url\":\"https:\\\/\\\/dorogimedence.hu\\\/\",\"logo\":{\"@type\":\"ImageObject\",\"inLanguage\":\"hu\",\"@id\":\"https:\\\/\\\/dorogimedence.hu\\\/#\\\/schema\\\/logo\\\/image\\\/\",\"url\":\"https:\\\/\\\/dorogimedence.hu\\\/wp-content\\\/uploads\\\/2021\\\/04\\\/logo-feher-600.png\",\"contentUrl\":\"https:\\\/\\\/dorogimedence.hu\\\/wp-content\\\/uploads\\\/2021\\\/04\\\/logo-feher-600.png\",\"width\":600,\"height\":100,\"caption\":\"Dorogi-medence Region\u00e1lis H\u00edrport\u00e1l\"},\"image\":{\"@id\":\"https:\\\/\\\/dorogimedence.hu\\\/#\\\/schema\\\/logo\\\/image\\\/\"},\"sameAs\":[\"https:\\\/\\\/www.facebook.com\\\/dorogimedence\\\/\"]},{\"@type\":\"Person\",\"@id\":\"https:\\\/\\\/dorogimedence.hu\\\/#\\\/schema\\\/person\\\/ce6091eeb7e95ecdc87890d6aa8e0fd4\",\"name\":\"dorogimedence.hu\",\"image\":{\"@type\":\"ImageObject\",\"inLanguage\":\"hu\",\"@id\":\"\\\/\\\/www.gravatar.com\\\/avatar\\\/d8d45f8901aadff40a4af72c0b826f1d?s=96&#038;r=g&#038;d=mm\",\"url\":\"\\\/\\\/www.gravatar.com\\\/avatar\\\/d8d45f8901aadff40a4af72c0b826f1d?s=96&#038;r=g&#038;d=mm\",\"contentUrl\":\"\\\/\\\/www.gravatar.com\\\/avatar\\\/d8d45f8901aadff40a4af72c0b826f1d?s=96&#038;r=g&#038;d=mm\",\"caption\":\"dorogimedence.hu\"}}]}<\/script>\n<!-- \/ Yoast SEO plugin. -->","yoast_head_json":{"title":"M\u00e1rcius 15-ei megeml\u00e9kez\u00e9sek t\u00e9rs\u00e9g\u00fcnkben","robots":{"index":"index","follow":"follow","max-snippet":"max-snippet:-1","max-image-preview":"max-image-preview:large","max-video-preview":"max-video-preview:-1"},"canonical":"https:\/\/dorogimedence.hu\/index.php\/2019\/03\/12\/marcius-15-ei-megemlekezesek-tersegunkben\/","og_locale":"hu_HU","og_type":"article","og_title":"M\u00e1rcius 15-ei megeml\u00e9kez\u00e9sek t\u00e9rs\u00e9g\u00fcnkben","og_description":"T\u00e9rs\u00e9g\u00fcnk t\u00f6bb telep\u00fcl\u00e9s\u00e9n megeml\u00e9keznek az 1848\/49-es forradalom \u00e9s szabads\u00e1gharc 171. \u00e9vfordul\u00f3j\u00e1n. \u00d6sszegy\u0171jt\u00f6tt\u00fck a telep\u00fcl\u00e9sek programjait! T\u00e1t: m\u00e1rcius 14-\u00e9n, cs\u00fct\u00f6rt\u00f6k\u00f6n 17.50-kor t\u00e9rzen\u00e9vel indul a megeml\u00e9kez\u00e9s a H\u0151s\u00f6k ter\u00e9n. 18 \u00f3rakor a 7. oszt\u00e1lyos tanul\u00f3k irodalmi m\u0171sorral k\u00e9sz\u00fclnek. \u00dcnnepi besz\u00e9det mond dr. Veres Zolt\u00e1n, megyei jegyz\u0151. K\u00f6zrem\u0171k\u00f6dik a T\u00e1ti N\u00e9met Nemzetis\u00e9gi F\u00fav\u00f3szenekar. Tart\u00f3s es\u0151 eset\u00e9n 18.00 \u2013","og_url":"https:\/\/dorogimedence.hu\/index.php\/2019\/03\/12\/marcius-15-ei-megemlekezesek-tersegunkben\/","og_site_name":"Dorogi-medence Region\u00e1lis H\u00edrport\u00e1l","article_publisher":"https:\/\/www.facebook.com\/dorogimedence\/","article_published_time":"2019-03-12T05:46:38+00:00","og_image":[{"width":670,"height":365,"url":"https:\/\/i0.wp.com\/dorogimedence.hu\/wp-content\/uploads\/2019\/03\/1848.jpg?fit=670%2C365&ssl=1","type":"image\/jpeg"}],"author":"dorogimedence.hu","twitter_card":"summary_large_image","twitter_misc":{"Szerz\u0151:":"dorogimedence.hu","Becs\u00fclt olvas\u00e1si id\u0151":"2 perc"},"schema":{"@context":"https:\/\/schema.org","@graph":[{"@type":"Article","@id":"https:\/\/dorogimedence.hu\/index.php\/2019\/03\/12\/marcius-15-ei-megemlekezesek-tersegunkben\/#article","isPartOf":{"@id":"https:\/\/dorogimedence.hu\/index.php\/2019\/03\/12\/marcius-15-ei-megemlekezesek-tersegunkben\/"},"author":{"name":"dorogimedence.hu","@id":"https:\/\/dorogimedence.hu\/#\/schema\/person\/ce6091eeb7e95ecdc87890d6aa8e0fd4"},"headline":"M\u00e1rcius 15-ei megeml\u00e9kez\u00e9sek t\u00e9rs\u00e9g\u00fcnkben","datePublished":"2019-03-12T05:46:38+00:00","mainEntityOfPage":{"@id":"https:\/\/dorogimedence.hu\/index.php\/2019\/03\/12\/marcius-15-ei-megemlekezesek-tersegunkben\/"},"wordCount":463,"publisher":{"@id":"https:\/\/dorogimedence.hu\/#organization"},"image":{"@id":"https:\/\/dorogimedence.hu\/index.php\/2019\/03\/12\/marcius-15-ei-megemlekezesek-tersegunkben\/#primaryimage"},"thumbnailUrl":"https:\/\/dorogimedence.hu\/wp-content\/uploads\/2019\/03\/1848.jpg","keywords":["1848","forradalom \u00e9s szabads\u00e1gharc","M\u00e1rcius 15","megeml\u00e9kez\u00e9s","program"],"articleSection":["Csolnok","Dorog","Esztergom","H\u00edrek","Keszt\u00f6lc","Programok","T\u00e1t","Tokod"],"inLanguage":"hu"},{"@type":"WebPage","@id":"https:\/\/dorogimedence.hu\/index.php\/2019\/03\/12\/marcius-15-ei-megemlekezesek-tersegunkben\/","url":"https:\/\/dorogimedence.hu\/index.php\/2019\/03\/12\/marcius-15-ei-megemlekezesek-tersegunkben\/","name":"M\u00e1rcius 15-ei megeml\u00e9kez\u00e9sek t\u00e9rs\u00e9g\u00fcnkben","isPartOf":{"@id":"https:\/\/dorogimedence.hu\/#website"},"primaryImageOfPage":{"@id":"https:\/\/dorogimedence.hu\/index.php\/2019\/03\/12\/marcius-15-ei-megemlekezesek-tersegunkben\/#primaryimage"},"image":{"@id":"https:\/\/dorogimedence.hu\/index.php\/2019\/03\/12\/marcius-15-ei-megemlekezesek-tersegunkben\/#primaryimage"},"thumbnailUrl":"https:\/\/dorogimedence.hu\/wp-content\/uploads\/2019\/03\/1848.jpg","datePublished":"2019-03-12T05:46:38+00:00","breadcrumb":{"@id":"https:\/\/dorogimedence.hu\/index.php\/2019\/03\/12\/marcius-15-ei-megemlekezesek-tersegunkben\/#breadcrumb"},"inLanguage":"hu","potentialAction":[{"@type":"ReadAction","target":["https:\/\/dorogimedence.hu\/index.php\/2019\/03\/12\/marcius-15-ei-megemlekezesek-tersegunkben\/"]}]},{"@type":"ImageObject","inLanguage":"hu","@id":"https:\/\/dorogimedence.hu\/index.php\/2019\/03\/12\/marcius-15-ei-megemlekezesek-tersegunkben\/#primaryimage","url":"https:\/\/dorogimedence.hu\/wp-content\/uploads\/2019\/03\/1848.jpg","contentUrl":"https:\/\/dorogimedence.hu\/wp-content\/uploads\/2019\/03\/1848.jpg","width":670,"height":365},{"@type":"BreadcrumbList","@id":"https:\/\/dorogimedence.hu\/index.php\/2019\/03\/12\/marcius-15-ei-megemlekezesek-tersegunkben\/#breadcrumb","itemListElement":[{"@type":"ListItem","position":1,"name":"Kezd\u0151lap","item":"https:\/\/dorogimedence.hu\/"},{"@type":"ListItem","position":2,"name":"M\u00e1rcius 15-ei megeml\u00e9kez\u00e9sek t\u00e9rs\u00e9g\u00fcnkben"}]},{"@type":"WebSite","@id":"https:\/\/dorogimedence.hu\/#website","url":"https:\/\/dorogimedence.hu\/","name":"Dorogi-medence Region\u00e1lis H\u00edrport\u00e1l","description":"Dorog, Keszt\u00f6lc, Le\u00e1nyv\u00e1r, Piliscs\u00e9v, Tokod, Tokodalt\u00e1r\u00f3, Csolnok, Esztergom-kertv\u00e1ros: h\u00edrek, programok","publisher":{"@id":"https:\/\/dorogimedence.hu\/#organization"},"potentialAction":[{"@type":"SearchAction","target":{"@type":"EntryPoint","urlTemplate":"https:\/\/dorogimedence.hu\/?s={search_term_string}"},"query-input":{"@type":"PropertyValueSpecification","valueRequired":true,"valueName":"search_term_string"}}],"inLanguage":"hu"},{"@type":"Organization","@id":"https:\/\/dorogimedence.hu\/#organization","name":"Dorogi-medence Region\u00e1lis H\u00edrport\u00e1l","url":"https:\/\/dorogimedence.hu\/","logo":{"@type":"ImageObject","inLanguage":"hu","@id":"https:\/\/dorogimedence.hu\/#\/schema\/logo\/image\/","url":"https:\/\/dorogimedence.hu\/wp-content\/uploads\/2021\/04\/logo-feher-600.png","contentUrl":"https:\/\/dorogimedence.hu\/wp-content\/uploads\/2021\/04\/logo-feher-600.png","width":600,"height":100,"caption":"Dorogi-medence Region\u00e1lis H\u00edrport\u00e1l"},"image":{"@id":"https:\/\/dorogimedence.hu\/#\/schema\/logo\/image\/"},"sameAs":["https:\/\/www.facebook.com\/dorogimedence\/"]},{"@type":"Person","@id":"https:\/\/dorogimedence.hu\/#\/schema\/person\/ce6091eeb7e95ecdc87890d6aa8e0fd4","name":"dorogimedence.hu","image":{"@type":"ImageObject","inLanguage":"hu","@id":"\/\/www.gravatar.com\/avatar\/d8d45f8901aadff40a4af72c0b826f1d?s=96&#038;r=g&#038;d=mm","url":"\/\/www.gravatar.com\/avatar\/d8d45f8901aadff40a4af72c0b826f1d?s=96&#038;r=g&#038;d=mm","contentUrl":"\/\/www.gravatar.com\/avatar\/d8d45f8901aadff40a4af72c0b826f1d?s=96&#038;r=g&#038;d=mm","caption":"dorogimedence.hu"}}]}},"_links":{"self":[{"href":"https:\/\/dorogimedence.hu\/index.php\/wp-json\/wp\/v2\/posts\/15365","targetHints":{"allow":["GET"]}}],"collection":[{"href":"https:\/\/dorogimedence.hu\/index.php\/wp-json\/wp\/v2\/posts"}],"about":[{"href":"https:\/\/dorogimedence.hu\/index.php\/wp-json\/wp\/v2\/types\/post"}],"author":[{"embeddable":true,"href":"https:\/\/dorogimedence.hu\/index.php\/wp-json\/wp\/v2\/users\/1"}],"replies":[{"embeddable":true,"href":"https:\/\/dorogimedence.hu\/index.php\/wp-json\/wp\/v2\/comments?post=15365"}],"version-history":[{"count":0,"href":"https:\/\/dorogimedence.hu\/index.php\/wp-json\/wp\/v2\/posts\/15365\/revisions"}],"wp:featuredmedia":[{"embeddable":true,"href":"https:\/\/dorogimedence.hu\/index.php\/wp-json\/wp\/v2\/media\/15366"}],"wp:attachment":[{"href":"https:\/\/dorogimedence.hu\/index.php\/wp-json\/wp\/v2\/media?parent=15365"}],"wp:term":[{"taxonomy":"category","embeddable":true,"href":"https:\/\/dorogimedence.hu\/index.php\/wp-json\/wp\/v2\/categories?post=15365"},{"taxonomy":"post_tag","embeddable":true,"href":"https:\/\/dorogimedence.hu\/index.php\/wp-json\/wp\/v2\/tags?post=15365"}],"curies":[{"name":"wp","href":"https:\/\/api.w.org\/{rel}","templated":true}]}}