{"id":15358,"date":"2019-03-11T08:10:23","date_gmt":"2019-03-11T07:10:23","guid":{"rendered":"http:\/\/dorogimedence.hu\/?p=15358"},"modified":"2019-03-11T08:10:23","modified_gmt":"2019-03-11T07:10:23","slug":"hamis-vezetoi-engedely-cserejet-kerte-magyar-jogositvanyra","status":"publish","type":"post","link":"https:\/\/dorogimedence.hu\/index.php\/2019\/03\/11\/hamis-vezetoi-engedely-cserejet-kerte-magyar-jogositvanyra\/","title":{"rendered":"Hamis vezet\u0151i enged\u00e9ly cser\u00e9j\u00e9t k\u00e9rte magyar jogos\u00edtv\u00e1nyra"},"content":{"rendered":"<p><strong>Az Esztergomi J\u00e1r\u00e1si \u00dcgy\u00e9szs\u00e9g k\u00f6zokirat-hamis\u00edt\u00e1s b\u0171ntette miatt v\u00e1diratot ny\u00fajtott be egy k\u00fclf\u00f6ldi \u00e1llampolg\u00e1rs\u00e1g\u00fa f\u00e9rfival szemben, aki hamis vezet\u0151i enged\u00e9ly\u00e9t cser\u00e9ltette le magyar vezet\u0151i enged\u00e9lyre m\u00e9g 2017-ben.<\/strong><\/p>\n<p>A k\u00fclf\u00f6ldi \u00e1llampolg\u00e1rs\u00e1g\u00fa v\u00e1dlott haz\u00e1j\u00e1ban nem rendelkezik \u00e9rv\u00e9nyes vezet\u0151i enged\u00e9llyel \u00e9s Magyarorsz\u00e1gon orvosi alkalmass\u00e1gi vizsg\u00e1laton sem vett r\u00e9szt. A v\u00e1dlott a k\u00f6nnyebb munkav\u00e1llal\u00e1s \u00e9rdek\u00e9ben egy ismeretlen szem\u00e9llyel megegyezett abban, hogy a seg\u00edts\u00e9g\u00e9vel a v\u00e1dlott nev\u00e9re 1000 Euro ellen\u00e9ben hamis magyar jogos\u00edtv\u00e1nyt fognak k\u00e9sz\u00edttetni.<\/p>\n<p>A v\u00e1dlott 2017. augusztus 02. napj\u00e1n ezzel az ismeretlen szem\u00e9llyel egy\u00fctt megjelent a Kom\u00e1rom-Esztergom Megyei Korm\u00e1nyhivatal Esztergomi J\u00e1r\u00e1si Hivatal\u00e1ban, itt a nev\u00e9re ki\u00e1ll\u00edtott hamis k\u00fclf\u00f6ldi vezet\u0151i enged\u00e9lyt ny\u00fajtott \u00e1t, \u00e9s k\u00e9relmezte annak magyar vezet\u0151i enged\u00e9lyre t\u00f6rt\u00e9n\u0151 cser\u00e9j\u00e9t.<\/p>\n<p>A v\u00e1dlott nem szerzett soha vezet\u0151i enged\u00e9ly ki\u00e1ll\u00edt\u00e1s\u00e1hoz jogosults\u00e1got, ez\u00e9rt a k\u00e9relme alapj\u00e1n a Bel\u00fcgyminiszt\u00e9rium \u00e1ltal ki\u00e1ll\u00edtott\u00a0 magyar honoss\u00e1g\u00fa vezet\u0151i enged\u00e9ly val\u00f3tlan adatot tartalmaz.<\/p>\n<p>Az \u00fcgy\u00e9szs\u00e9g a v\u00e1diratban ind\u00edtv\u00e1nyt tett arra, hogy az Esztergomi J\u00e1r\u00e1sb\u00edr\u00f3s\u00e1g a b\u0171ncselekm\u00e9ny elk\u00f6vet\u00e9s\u00e9t beismer\u0151 v\u00e1dlottat t\u00e1rgyal\u00e1s mell\u0151z\u00e9s\u00e9vel, b\u00fcntet\u0151v\u00e9gz\u00e9sben v\u00e9grehajt\u00e1s\u00e1ban <strong>felf\u00fcggesztett b\u00f6rt\u00f6nb\u00fcntet\u00e9sre \u00edt\u00e9lje<\/strong>.<\/p>\n<p><em><strong>Kom\u00e1rom-Esztergom Megyei F\u0151\u00fcgy\u00e9szs\u00e9g<\/strong><\/em><\/p>\n","protected":false},"excerpt":{"rendered":"<p>Az Esztergomi J\u00e1r\u00e1si \u00dcgy\u00e9szs\u00e9g k\u00f6zokirat-hamis\u00edt\u00e1s b\u0171ntette miatt v\u00e1diratot ny\u00fajtott be egy k\u00fclf\u00f6ldi \u00e1llampolg\u00e1rs\u00e1g\u00fa f\u00e9rfival szemben, aki hamis vezet\u0151i enged\u00e9ly\u00e9t cser\u00e9ltette le magyar vezet\u0151i enged\u00e9lyre m\u00e9g 2017-ben. A k\u00fclf\u00f6ldi \u00e1llampolg\u00e1rs\u00e1g\u00fa v\u00e1dlott haz\u00e1j\u00e1ban nem rendelkezik \u00e9rv\u00e9nyes vezet\u0151i enged\u00e9llyel \u00e9s Magyarorsz\u00e1gon orvosi alkalmass\u00e1gi vizsg\u00e1laton sem vett r\u00e9szt. A v\u00e1dlott a k\u00f6nnyebb munkav\u00e1llal\u00e1s \u00e9rdek\u00e9ben egy ismeretlen szem\u00e9llyel megegyezett abban,<\/p>\n","protected":false},"author":1,"featured_media":0,"comment_status":"closed","ping_status":"closed","sticky":false,"template":"","format":"standard","meta":{"ngg_post_thumbnail":0,"footnotes":""},"categories":[38,3,39],"tags":[1042,146,42,326],"class_list":{"0":"post-15358","1":"post","2":"type-post","3":"status-publish","4":"format-standard","6":"category-esztergom","7":"category-hirek","8":"category-kek-hirek","9":"tag-birosag","10":"tag-csalas","11":"tag-esztergom","12":"tag-ugyeszseg"},"yoast_head":"<!-- This site is optimized with the Yoast SEO plugin v27.4 - https:\/\/yoast.com\/product\/yoast-seo-wordpress\/ -->\n<title>Hamis vezet\u0151i enged\u00e9ly cser\u00e9j\u00e9t k\u00e9rte magyar jogos\u00edtv\u00e1nyra<\/title>\n<meta name=\"robots\" content=\"index, follow, max-snippet:-1, max-image-preview:large, max-video-preview:-1\" \/>\n<link rel=\"canonical\" href=\"https:\/\/dorogimedence.hu\/index.php\/2019\/03\/11\/hamis-vezetoi-engedely-cserejet-kerte-magyar-jogositvanyra\/\" class=\"yoast-seo-meta-tag\" \/>\n<meta property=\"og:locale\" content=\"hu_HU\" class=\"yoast-seo-meta-tag\" \/>\n<meta property=\"og:type\" content=\"article\" class=\"yoast-seo-meta-tag\" \/>\n<meta property=\"og:title\" content=\"Hamis vezet\u0151i enged\u00e9ly cser\u00e9j\u00e9t k\u00e9rte magyar jogos\u00edtv\u00e1nyra\" class=\"yoast-seo-meta-tag\" \/>\n<meta property=\"og:description\" content=\"Az Esztergomi J\u00e1r\u00e1si \u00dcgy\u00e9szs\u00e9g k\u00f6zokirat-hamis\u00edt\u00e1s b\u0171ntette miatt v\u00e1diratot ny\u00fajtott be egy k\u00fclf\u00f6ldi \u00e1llampolg\u00e1rs\u00e1g\u00fa f\u00e9rfival szemben, aki hamis vezet\u0151i enged\u00e9ly\u00e9t cser\u00e9ltette le magyar vezet\u0151i enged\u00e9lyre m\u00e9g 2017-ben. A k\u00fclf\u00f6ldi \u00e1llampolg\u00e1rs\u00e1g\u00fa v\u00e1dlott haz\u00e1j\u00e1ban nem rendelkezik \u00e9rv\u00e9nyes vezet\u0151i enged\u00e9llyel \u00e9s Magyarorsz\u00e1gon orvosi alkalmass\u00e1gi vizsg\u00e1laton sem vett r\u00e9szt. A v\u00e1dlott a k\u00f6nnyebb munkav\u00e1llal\u00e1s \u00e9rdek\u00e9ben egy ismeretlen szem\u00e9llyel megegyezett abban,\" class=\"yoast-seo-meta-tag\" \/>\n<meta property=\"og:url\" content=\"https:\/\/dorogimedence.hu\/index.php\/2019\/03\/11\/hamis-vezetoi-engedely-cserejet-kerte-magyar-jogositvanyra\/\" class=\"yoast-seo-meta-tag\" \/>\n<meta property=\"og:site_name\" content=\"Dorogi-medence Region\u00e1lis H\u00edrport\u00e1l\" class=\"yoast-seo-meta-tag\" \/>\n<meta property=\"article:publisher\" content=\"https:\/\/www.facebook.com\/dorogimedence\/\" class=\"yoast-seo-meta-tag\" \/>\n<meta property=\"article:published_time\" content=\"2019-03-11T07:10:23+00:00\" class=\"yoast-seo-meta-tag\" \/>\n<meta property=\"og:image\" content=\"https:\/\/i0.wp.com\/dorogimedence.hu\/wp-content\/uploads\/2017\/07\/birosag-01.jpg?fit=670%2C365&ssl=1\" class=\"yoast-seo-meta-tag\" \/>\n\t<meta property=\"og:image:width\" content=\"670\" class=\"yoast-seo-meta-tag\" \/>\n\t<meta property=\"og:image:height\" content=\"365\" class=\"yoast-seo-meta-tag\" \/>\n\t<meta property=\"og:image:type\" content=\"image\/jpeg\" class=\"yoast-seo-meta-tag\" \/>\n<meta name=\"author\" content=\"dorogimedence.hu\" class=\"yoast-seo-meta-tag\" \/>\n<meta name=\"twitter:card\" content=\"summary_large_image\" class=\"yoast-seo-meta-tag\" \/>\n<meta name=\"twitter:label1\" content=\"Szerz\u0151:\" class=\"yoast-seo-meta-tag\" \/>\n\t<meta name=\"twitter:data1\" content=\"dorogimedence.hu\" class=\"yoast-seo-meta-tag\" \/>\n\t<meta name=\"twitter:label2\" content=\"Becs\u00fclt olvas\u00e1si id\u0151\" class=\"yoast-seo-meta-tag\" \/>\n\t<meta name=\"twitter:data2\" content=\"1 perc\" class=\"yoast-seo-meta-tag\" \/>\n<script type=\"application\/ld+json\" class=\"yoast-schema-graph\">{\"@context\":\"https:\\\/\\\/schema.org\",\"@graph\":[{\"@type\":\"Article\",\"@id\":\"https:\\\/\\\/dorogimedence.hu\\\/index.php\\\/2019\\\/03\\\/11\\\/hamis-vezetoi-engedely-cserejet-kerte-magyar-jogositvanyra\\\/#article\",\"isPartOf\":{\"@id\":\"https:\\\/\\\/dorogimedence.hu\\\/index.php\\\/2019\\\/03\\\/11\\\/hamis-vezetoi-engedely-cserejet-kerte-magyar-jogositvanyra\\\/\"},\"author\":{\"name\":\"dorogimedence.hu\",\"@id\":\"https:\\\/\\\/dorogimedence.hu\\\/#\\\/schema\\\/person\\\/ce6091eeb7e95ecdc87890d6aa8e0fd4\"},\"headline\":\"Hamis vezet\u0151i enged\u00e9ly cser\u00e9j\u00e9t k\u00e9rte magyar jogos\u00edtv\u00e1nyra\",\"datePublished\":\"2019-03-11T07:10:23+00:00\",\"mainEntityOfPage\":{\"@id\":\"https:\\\/\\\/dorogimedence.hu\\\/index.php\\\/2019\\\/03\\\/11\\\/hamis-vezetoi-engedely-cserejet-kerte-magyar-jogositvanyra\\\/\"},\"wordCount\":300,\"publisher\":{\"@id\":\"https:\\\/\\\/dorogimedence.hu\\\/#organization\"},\"keywords\":[\"b\u00edr\u00f3s\u00e1g\",\"csal\u00e1s\",\"esztergom\",\"\u00fcgy\u00e9szs\u00e9g\"],\"articleSection\":[\"Esztergom\",\"H\u00edrek\",\"K\u00e9k h\u00edrek\"],\"inLanguage\":\"hu\"},{\"@type\":\"WebPage\",\"@id\":\"https:\\\/\\\/dorogimedence.hu\\\/index.php\\\/2019\\\/03\\\/11\\\/hamis-vezetoi-engedely-cserejet-kerte-magyar-jogositvanyra\\\/\",\"url\":\"https:\\\/\\\/dorogimedence.hu\\\/index.php\\\/2019\\\/03\\\/11\\\/hamis-vezetoi-engedely-cserejet-kerte-magyar-jogositvanyra\\\/\",\"name\":\"Hamis vezet\u0151i enged\u00e9ly cser\u00e9j\u00e9t k\u00e9rte magyar jogos\u00edtv\u00e1nyra\",\"isPartOf\":{\"@id\":\"https:\\\/\\\/dorogimedence.hu\\\/#website\"},\"datePublished\":\"2019-03-11T07:10:23+00:00\",\"breadcrumb\":{\"@id\":\"https:\\\/\\\/dorogimedence.hu\\\/index.php\\\/2019\\\/03\\\/11\\\/hamis-vezetoi-engedely-cserejet-kerte-magyar-jogositvanyra\\\/#breadcrumb\"},\"inLanguage\":\"hu\",\"potentialAction\":[{\"@type\":\"ReadAction\",\"target\":[\"https:\\\/\\\/dorogimedence.hu\\\/index.php\\\/2019\\\/03\\\/11\\\/hamis-vezetoi-engedely-cserejet-kerte-magyar-jogositvanyra\\\/\"]}]},{\"@type\":\"BreadcrumbList\",\"@id\":\"https:\\\/\\\/dorogimedence.hu\\\/index.php\\\/2019\\\/03\\\/11\\\/hamis-vezetoi-engedely-cserejet-kerte-magyar-jogositvanyra\\\/#breadcrumb\",\"itemListElement\":[{\"@type\":\"ListItem\",\"position\":1,\"name\":\"Kezd\u0151lap\",\"item\":\"https:\\\/\\\/dorogimedence.hu\\\/\"},{\"@type\":\"ListItem\",\"position\":2,\"name\":\"Hamis vezet\u0151i enged\u00e9ly cser\u00e9j\u00e9t k\u00e9rte magyar jogos\u00edtv\u00e1nyra\"}]},{\"@type\":\"WebSite\",\"@id\":\"https:\\\/\\\/dorogimedence.hu\\\/#website\",\"url\":\"https:\\\/\\\/dorogimedence.hu\\\/\",\"name\":\"Dorogi-medence Region\u00e1lis H\u00edrport\u00e1l\",\"description\":\"Dorog, Keszt\u00f6lc, Le\u00e1nyv\u00e1r, Piliscs\u00e9v, Tokod, Tokodalt\u00e1r\u00f3, Csolnok, Esztergom-kertv\u00e1ros: h\u00edrek, programok\",\"publisher\":{\"@id\":\"https:\\\/\\\/dorogimedence.hu\\\/#organization\"},\"potentialAction\":[{\"@type\":\"SearchAction\",\"target\":{\"@type\":\"EntryPoint\",\"urlTemplate\":\"https:\\\/\\\/dorogimedence.hu\\\/?s={search_term_string}\"},\"query-input\":{\"@type\":\"PropertyValueSpecification\",\"valueRequired\":true,\"valueName\":\"search_term_string\"}}],\"inLanguage\":\"hu\"},{\"@type\":\"Organization\",\"@id\":\"https:\\\/\\\/dorogimedence.hu\\\/#organization\",\"name\":\"Dorogi-medence Region\u00e1lis H\u00edrport\u00e1l\",\"url\":\"https:\\\/\\\/dorogimedence.hu\\\/\",\"logo\":{\"@type\":\"ImageObject\",\"inLanguage\":\"hu\",\"@id\":\"https:\\\/\\\/dorogimedence.hu\\\/#\\\/schema\\\/logo\\\/image\\\/\",\"url\":\"https:\\\/\\\/dorogimedence.hu\\\/wp-content\\\/uploads\\\/2021\\\/04\\\/logo-feher-600.png\",\"contentUrl\":\"https:\\\/\\\/dorogimedence.hu\\\/wp-content\\\/uploads\\\/2021\\\/04\\\/logo-feher-600.png\",\"width\":600,\"height\":100,\"caption\":\"Dorogi-medence Region\u00e1lis H\u00edrport\u00e1l\"},\"image\":{\"@id\":\"https:\\\/\\\/dorogimedence.hu\\\/#\\\/schema\\\/logo\\\/image\\\/\"},\"sameAs\":[\"https:\\\/\\\/www.facebook.com\\\/dorogimedence\\\/\"]},{\"@type\":\"Person\",\"@id\":\"https:\\\/\\\/dorogimedence.hu\\\/#\\\/schema\\\/person\\\/ce6091eeb7e95ecdc87890d6aa8e0fd4\",\"name\":\"dorogimedence.hu\",\"image\":{\"@type\":\"ImageObject\",\"inLanguage\":\"hu\",\"@id\":\"\\\/\\\/www.gravatar.com\\\/avatar\\\/d8d45f8901aadff40a4af72c0b826f1d?s=96&#038;r=g&#038;d=mm\",\"url\":\"\\\/\\\/www.gravatar.com\\\/avatar\\\/d8d45f8901aadff40a4af72c0b826f1d?s=96&#038;r=g&#038;d=mm\",\"contentUrl\":\"\\\/\\\/www.gravatar.com\\\/avatar\\\/d8d45f8901aadff40a4af72c0b826f1d?s=96&#038;r=g&#038;d=mm\",\"caption\":\"dorogimedence.hu\"}}]}<\/script>\n<!-- \/ Yoast SEO plugin. -->","yoast_head_json":{"title":"Hamis vezet\u0151i enged\u00e9ly cser\u00e9j\u00e9t k\u00e9rte magyar jogos\u00edtv\u00e1nyra","robots":{"index":"index","follow":"follow","max-snippet":"max-snippet:-1","max-image-preview":"max-image-preview:large","max-video-preview":"max-video-preview:-1"},"canonical":"https:\/\/dorogimedence.hu\/index.php\/2019\/03\/11\/hamis-vezetoi-engedely-cserejet-kerte-magyar-jogositvanyra\/","og_locale":"hu_HU","og_type":"article","og_title":"Hamis vezet\u0151i enged\u00e9ly cser\u00e9j\u00e9t k\u00e9rte magyar jogos\u00edtv\u00e1nyra","og_description":"Az Esztergomi J\u00e1r\u00e1si \u00dcgy\u00e9szs\u00e9g k\u00f6zokirat-hamis\u00edt\u00e1s b\u0171ntette miatt v\u00e1diratot ny\u00fajtott be egy k\u00fclf\u00f6ldi \u00e1llampolg\u00e1rs\u00e1g\u00fa f\u00e9rfival szemben, aki hamis vezet\u0151i enged\u00e9ly\u00e9t cser\u00e9ltette le magyar vezet\u0151i enged\u00e9lyre m\u00e9g 2017-ben. A k\u00fclf\u00f6ldi \u00e1llampolg\u00e1rs\u00e1g\u00fa v\u00e1dlott haz\u00e1j\u00e1ban nem rendelkezik \u00e9rv\u00e9nyes vezet\u0151i enged\u00e9llyel \u00e9s Magyarorsz\u00e1gon orvosi alkalmass\u00e1gi vizsg\u00e1laton sem vett r\u00e9szt. A v\u00e1dlott a k\u00f6nnyebb munkav\u00e1llal\u00e1s \u00e9rdek\u00e9ben egy ismeretlen szem\u00e9llyel megegyezett abban,","og_url":"https:\/\/dorogimedence.hu\/index.php\/2019\/03\/11\/hamis-vezetoi-engedely-cserejet-kerte-magyar-jogositvanyra\/","og_site_name":"Dorogi-medence Region\u00e1lis H\u00edrport\u00e1l","article_publisher":"https:\/\/www.facebook.com\/dorogimedence\/","article_published_time":"2019-03-11T07:10:23+00:00","og_image":[{"width":670,"height":365,"url":"https:\/\/i0.wp.com\/dorogimedence.hu\/wp-content\/uploads\/2017\/07\/birosag-01.jpg?fit=670%2C365&ssl=1","type":"image\/jpeg"}],"author":"dorogimedence.hu","twitter_card":"summary_large_image","twitter_misc":{"Szerz\u0151:":"dorogimedence.hu","Becs\u00fclt olvas\u00e1si id\u0151":"1 perc"},"schema":{"@context":"https:\/\/schema.org","@graph":[{"@type":"Article","@id":"https:\/\/dorogimedence.hu\/index.php\/2019\/03\/11\/hamis-vezetoi-engedely-cserejet-kerte-magyar-jogositvanyra\/#article","isPartOf":{"@id":"https:\/\/dorogimedence.hu\/index.php\/2019\/03\/11\/hamis-vezetoi-engedely-cserejet-kerte-magyar-jogositvanyra\/"},"author":{"name":"dorogimedence.hu","@id":"https:\/\/dorogimedence.hu\/#\/schema\/person\/ce6091eeb7e95ecdc87890d6aa8e0fd4"},"headline":"Hamis vezet\u0151i enged\u00e9ly cser\u00e9j\u00e9t k\u00e9rte magyar jogos\u00edtv\u00e1nyra","datePublished":"2019-03-11T07:10:23+00:00","mainEntityOfPage":{"@id":"https:\/\/dorogimedence.hu\/index.php\/2019\/03\/11\/hamis-vezetoi-engedely-cserejet-kerte-magyar-jogositvanyra\/"},"wordCount":300,"publisher":{"@id":"https:\/\/dorogimedence.hu\/#organization"},"keywords":["b\u00edr\u00f3s\u00e1g","csal\u00e1s","esztergom","\u00fcgy\u00e9szs\u00e9g"],"articleSection":["Esztergom","H\u00edrek","K\u00e9k h\u00edrek"],"inLanguage":"hu"},{"@type":"WebPage","@id":"https:\/\/dorogimedence.hu\/index.php\/2019\/03\/11\/hamis-vezetoi-engedely-cserejet-kerte-magyar-jogositvanyra\/","url":"https:\/\/dorogimedence.hu\/index.php\/2019\/03\/11\/hamis-vezetoi-engedely-cserejet-kerte-magyar-jogositvanyra\/","name":"Hamis vezet\u0151i enged\u00e9ly cser\u00e9j\u00e9t k\u00e9rte magyar jogos\u00edtv\u00e1nyra","isPartOf":{"@id":"https:\/\/dorogimedence.hu\/#website"},"datePublished":"2019-03-11T07:10:23+00:00","breadcrumb":{"@id":"https:\/\/dorogimedence.hu\/index.php\/2019\/03\/11\/hamis-vezetoi-engedely-cserejet-kerte-magyar-jogositvanyra\/#breadcrumb"},"inLanguage":"hu","potentialAction":[{"@type":"ReadAction","target":["https:\/\/dorogimedence.hu\/index.php\/2019\/03\/11\/hamis-vezetoi-engedely-cserejet-kerte-magyar-jogositvanyra\/"]}]},{"@type":"BreadcrumbList","@id":"https:\/\/dorogimedence.hu\/index.php\/2019\/03\/11\/hamis-vezetoi-engedely-cserejet-kerte-magyar-jogositvanyra\/#breadcrumb","itemListElement":[{"@type":"ListItem","position":1,"name":"Kezd\u0151lap","item":"https:\/\/dorogimedence.hu\/"},{"@type":"ListItem","position":2,"name":"Hamis vezet\u0151i enged\u00e9ly cser\u00e9j\u00e9t k\u00e9rte magyar jogos\u00edtv\u00e1nyra"}]},{"@type":"WebSite","@id":"https:\/\/dorogimedence.hu\/#website","url":"https:\/\/dorogimedence.hu\/","name":"Dorogi-medence Region\u00e1lis H\u00edrport\u00e1l","description":"Dorog, Keszt\u00f6lc, Le\u00e1nyv\u00e1r, Piliscs\u00e9v, Tokod, Tokodalt\u00e1r\u00f3, Csolnok, Esztergom-kertv\u00e1ros: h\u00edrek, programok","publisher":{"@id":"https:\/\/dorogimedence.hu\/#organization"},"potentialAction":[{"@type":"SearchAction","target":{"@type":"EntryPoint","urlTemplate":"https:\/\/dorogimedence.hu\/?s={search_term_string}"},"query-input":{"@type":"PropertyValueSpecification","valueRequired":true,"valueName":"search_term_string"}}],"inLanguage":"hu"},{"@type":"Organization","@id":"https:\/\/dorogimedence.hu\/#organization","name":"Dorogi-medence Region\u00e1lis H\u00edrport\u00e1l","url":"https:\/\/dorogimedence.hu\/","logo":{"@type":"ImageObject","inLanguage":"hu","@id":"https:\/\/dorogimedence.hu\/#\/schema\/logo\/image\/","url":"https:\/\/dorogimedence.hu\/wp-content\/uploads\/2021\/04\/logo-feher-600.png","contentUrl":"https:\/\/dorogimedence.hu\/wp-content\/uploads\/2021\/04\/logo-feher-600.png","width":600,"height":100,"caption":"Dorogi-medence Region\u00e1lis H\u00edrport\u00e1l"},"image":{"@id":"https:\/\/dorogimedence.hu\/#\/schema\/logo\/image\/"},"sameAs":["https:\/\/www.facebook.com\/dorogimedence\/"]},{"@type":"Person","@id":"https:\/\/dorogimedence.hu\/#\/schema\/person\/ce6091eeb7e95ecdc87890d6aa8e0fd4","name":"dorogimedence.hu","image":{"@type":"ImageObject","inLanguage":"hu","@id":"\/\/www.gravatar.com\/avatar\/d8d45f8901aadff40a4af72c0b826f1d?s=96&#038;r=g&#038;d=mm","url":"\/\/www.gravatar.com\/avatar\/d8d45f8901aadff40a4af72c0b826f1d?s=96&#038;r=g&#038;d=mm","contentUrl":"\/\/www.gravatar.com\/avatar\/d8d45f8901aadff40a4af72c0b826f1d?s=96&#038;r=g&#038;d=mm","caption":"dorogimedence.hu"}}]}},"_links":{"self":[{"href":"https:\/\/dorogimedence.hu\/index.php\/wp-json\/wp\/v2\/posts\/15358","targetHints":{"allow":["GET"]}}],"collection":[{"href":"https:\/\/dorogimedence.hu\/index.php\/wp-json\/wp\/v2\/posts"}],"about":[{"href":"https:\/\/dorogimedence.hu\/index.php\/wp-json\/wp\/v2\/types\/post"}],"author":[{"embeddable":true,"href":"https:\/\/dorogimedence.hu\/index.php\/wp-json\/wp\/v2\/users\/1"}],"replies":[{"embeddable":true,"href":"https:\/\/dorogimedence.hu\/index.php\/wp-json\/wp\/v2\/comments?post=15358"}],"version-history":[{"count":0,"href":"https:\/\/dorogimedence.hu\/index.php\/wp-json\/wp\/v2\/posts\/15358\/revisions"}],"wp:attachment":[{"href":"https:\/\/dorogimedence.hu\/index.php\/wp-json\/wp\/v2\/media?parent=15358"}],"wp:term":[{"taxonomy":"category","embeddable":true,"href":"https:\/\/dorogimedence.hu\/index.php\/wp-json\/wp\/v2\/categories?post=15358"},{"taxonomy":"post_tag","embeddable":true,"href":"https:\/\/dorogimedence.hu\/index.php\/wp-json\/wp\/v2\/tags?post=15358"}],"curies":[{"name":"wp","href":"https:\/\/api.w.org\/{rel}","templated":true}]}}