{"id":15223,"date":"2019-03-04T07:20:32","date_gmt":"2019-03-04T06:20:32","guid":{"rendered":"http:\/\/dorogimedence.hu\/?p=15223"},"modified":"2019-03-04T07:21:02","modified_gmt":"2019-03-04T06:21:02","slug":"megtort-a-jeg-idegenben-nyert-a-dorog","status":"publish","type":"post","link":"https:\/\/dorogimedence.hu\/index.php\/2019\/03\/04\/megtort-a-jeg-idegenben-nyert-a-dorog\/","title":{"rendered":"Megt\u00f6rt a j\u00e9g: idegenben nyert a Dorog"},"content":{"rendered":"<p><strong>M\u00e1rcius 3-\u00e1n, vas\u00e1rnap a Labdar\u00fag\u00f3 NB II 26. fordul\u00f3j\u00e1ban a Mosonmagyar\u00f3v\u00e1r vend\u00e9ge a Dorog volt.<\/strong><\/p>\n<p>A Dorog a 92. \u00e9s a 94. percben szerzett g\u00f3lokkal aratott fontos gy\u0151zelmet a tov\u00e1bbra is lejtmenetben l\u00e9v\u0151 Mosonmagyar\u00f3v\u00e1r otthon\u00e1ban. A m\u00e9rk\u0151z\u00e9sen m\u00e1r a 9. percben V\u00edgh g\u00f3lj\u00e1val vezetett a Dorog, a 36. percben viszont az \u00f3v\u00e1riak egyenl\u00edtettek. A m\u00e9rk\u0151z\u00e9s v\u00e9gig nem sz\u00fcletett t\u00f6bb g\u00f3l, viszont a hosszabb\u00edt\u00e1sban Kitl \u00e9s Heged\u0171s is bel\u0151tt egy-egy brav\u00faros g\u00f3lt.<\/p>\n<p><strong><span style=\"color: #ff0000;\">CREDOBUS MOSONMAGYAR\u00d3V\u00c1R\u2013DOROGI FC 1\u20133 (1\u20131)<\/span><br \/>\nMosonmagyar\u00f3v\u00e1r, 400 <\/strong>n\u00e9z\u0151. <strong>Vezette<\/strong>: Kov\u00e1cs J. Zolt\u00e1n (Dr. Szab\u00f3 P\u00e9ter, Kulman Tam\u00e1s)<br \/>\n<strong>MOSONMAGYAR\u00d3V\u00c1R<\/strong>: Somogyi Cs. \u2013 N\u00e9meth \u00c1., Szikl\u00e1si, Forg\u00e1cs A., Cz\u00e1r \u2013 Zsirai, Nagy I. \u2013 Bartos (Eszl\u00e1tyi, 62.), Kov\u00e1cs \u00c1. (G\u00e1lfi, 58.), Winkler A. (Jelena, 75.) \u2013 Szab\u00f3 V. <strong>Vezet\u0151edz\u0151<\/strong>: T\u00f3th Andr\u00e1s<br \/>\n<strong>DOROG<\/strong>: Szentp\u00e9teri \u2013 Erd\u00e9lyi, Dlusztus, Nagy Zs., Pap M. \u2013 Tam\u00e1s L., Kitl M. \u2013 Beke (Farag\u00f3, 59.), M\u00e9sz\u00e1ros \u00c1., Szedl\u00e1r (Heged\u0171s M., 73.) \u2013 V\u00edgh \u00c1. (Sitku, 73.). <strong>Szakmai igazgat\u00f3<\/strong>: Balogh P\u00e1l<br \/>\n<strong>G\u00f3lszerz\u0151<\/strong>: V\u00edgh \u00c1. (11-esb\u0151l, <strong>0\u20131<\/strong>) a 9., Szab\u00f3 V. (<strong>1\u20131<\/strong>) a 36., Kitl M. (<strong>1\u20132<\/strong>) a 92., Heged\u0171s (11-esb\u0151l, <strong>1\u20133<\/strong>) a 94. percben<\/p>\n<p><strong>MESTERM\u00c9RLEG<br \/>\nT\u00f3th Andr\u00e1s<\/strong>: \u2013 Agyonnyert meccset vesztett\u00fcnk el, a Dorog egy aj\u00e1nd\u00e9k tizenegyesb\u0151l szerzett vezet\u00e9st. A m\u00e1sodik f\u00e9lid\u0151ben rengeteg helyzetet hagytunk ki, a vend\u00e9geknek egy kapura l\u00f6v\u00e9s\u00fck volt, ezzel meg is nyert\u00e9k a meccset a hosszabb\u00edt\u00e1sban. A cser\u00e9k sem seg\u00edtettek, ezeknek a j\u00e1t\u00e9kosoknak az eg\u00f3jukat f\u00e9lre kell tenni\u00fck a csapat \u00e9rdek\u00e9ben.<br \/>\n<strong>Balogh P\u00e1l<\/strong>: \u2013 K\u00fczdelmes m\u00e9rk\u0151z\u00e9st j\u00e1tszottunk, a hazaiaknak \u00e9let-hal\u00e1l harc volt a tal\u00e1lkoz\u00f3, v\u00e9gig nagy nyom\u00e1s nehezedett r\u00e1nk. A v\u00e9g\u00e9n fizikailag is b\u00edrtuk, \u00e9s megszerezt\u00fck a h\u00e1rom pontot a kellemetlen\u00fcl j\u00e1tsz\u00f3 ellenf\u00e9llel szemben.<\/p>\n<p>A dorogiak a m\u00e9rk\u0151z\u00e9s ut\u00e1n a tabella 12. hely\u00e9re j\u00f6ttek fel. A k\u00f6vetkez\u0151 fordul\u00f3ban m\u00e1rcius 6-\u00e1n, szerd\u00e1n 14.30-kor a Buda\u00f6rs SC-t fogadja a Dorogi FC, a Buz\u00e1nszky Jen\u0151 Stadionban.<\/p>\n<p><a href=\"http:\/\/www.nemzetisport.hu\/labdarugo_nb_ii\/nb-ii-26-fordulo-2687105\" target=\"_blank\" rel=\"noopener noreferrer\"><span style=\"text-decoration: underline; color: #0000ff;\"><strong>A 26. fordul\u00f3 eredm\u00e9nyei&gt;&gt;<\/strong><\/span><\/a><\/p>\n<p><em>Forr\u00e1s: nemzetisport.hu \/ dorogimedence.hu<br \/>\nFot\u00f3: B\u00f3di Zsolt<\/em><\/p>\n","protected":false},"excerpt":{"rendered":"<p>M\u00e1rcius 3-\u00e1n, vas\u00e1rnap a Labdar\u00fag\u00f3 NB II 26. fordul\u00f3j\u00e1ban a Mosonmagyar\u00f3v\u00e1r vend\u00e9ge a Dorog volt. A Dorog a 92. \u00e9s a 94. percben szerzett g\u00f3lokkal aratott fontos gy\u0151zelmet a tov\u00e1bbra is lejtmenetben l\u00e9v\u0151 Mosonmagyar\u00f3v\u00e1r otthon\u00e1ban. A m\u00e9rk\u0151z\u00e9sen m\u00e1r a 9. percben V\u00edgh g\u00f3lj\u00e1val vezetett a Dorog, a 36. percben viszont az \u00f3v\u00e1riak egyenl\u00edtettek. A m\u00e9rk\u0151z\u00e9s<\/p>\n","protected":false},"author":1,"featured_media":15224,"comment_status":"closed","ping_status":"closed","sticky":false,"template":"","format":"standard","meta":{"ngg_post_thumbnail":0,"footnotes":""},"categories":[2,3,5],"tags":[15,37,70,69,72,479,263,16],"class_list":{"0":"post-15223","1":"post","2":"type-post","3":"status-publish","4":"format-standard","5":"has-post-thumbnail","7":"category-dorog","8":"category-hirek","9":"category-sport","10":"tag-dorog","11":"tag-dorogi-fc","12":"tag-foci","13":"tag-futball","14":"tag-labdarugas","15":"tag-mosonmagyarovar","16":"tag-nb-ii","17":"tag-sport"},"yoast_head":"<!-- This site is optimized with the Yoast SEO plugin v27.4 - https:\/\/yoast.com\/product\/yoast-seo-wordpress\/ -->\n<title>Megt\u00f6rt a j\u00e9g: idegenben nyert a Dorog<\/title>\n<meta name=\"robots\" content=\"index, follow, max-snippet:-1, max-image-preview:large, max-video-preview:-1\" \/>\n<link rel=\"canonical\" href=\"https:\/\/dorogimedence.hu\/index.php\/2019\/03\/04\/megtort-a-jeg-idegenben-nyert-a-dorog\/\" class=\"yoast-seo-meta-tag\" \/>\n<meta property=\"og:locale\" content=\"hu_HU\" class=\"yoast-seo-meta-tag\" \/>\n<meta property=\"og:type\" content=\"article\" class=\"yoast-seo-meta-tag\" \/>\n<meta property=\"og:title\" content=\"Megt\u00f6rt a j\u00e9g: idegenben nyert a Dorog\" class=\"yoast-seo-meta-tag\" \/>\n<meta property=\"og:description\" content=\"M\u00e1rcius 3-\u00e1n, vas\u00e1rnap a Labdar\u00fag\u00f3 NB II 26. fordul\u00f3j\u00e1ban a Mosonmagyar\u00f3v\u00e1r vend\u00e9ge a Dorog volt. A Dorog a 92. \u00e9s a 94. percben szerzett g\u00f3lokkal aratott fontos gy\u0151zelmet a tov\u00e1bbra is lejtmenetben l\u00e9v\u0151 Mosonmagyar\u00f3v\u00e1r otthon\u00e1ban. A m\u00e9rk\u0151z\u00e9sen m\u00e1r a 9. percben V\u00edgh g\u00f3lj\u00e1val vezetett a Dorog, a 36. percben viszont az \u00f3v\u00e1riak egyenl\u00edtettek. A m\u00e9rk\u0151z\u00e9s\" class=\"yoast-seo-meta-tag\" \/>\n<meta property=\"og:url\" content=\"https:\/\/dorogimedence.hu\/index.php\/2019\/03\/04\/megtort-a-jeg-idegenben-nyert-a-dorog\/\" class=\"yoast-seo-meta-tag\" \/>\n<meta property=\"og:site_name\" content=\"Dorogi-medence Region\u00e1lis H\u00edrport\u00e1l\" class=\"yoast-seo-meta-tag\" \/>\n<meta property=\"article:publisher\" content=\"https:\/\/www.facebook.com\/dorogimedence\/\" class=\"yoast-seo-meta-tag\" \/>\n<meta property=\"article:published_time\" content=\"2019-03-04T06:20:32+00:00\" class=\"yoast-seo-meta-tag\" \/>\n<meta property=\"article:modified_time\" content=\"2019-03-04T06:21:02+00:00\" class=\"yoast-seo-meta-tag\" \/>\n<meta property=\"og:image\" content=\"https:\/\/i0.wp.com\/dorogimedence.hu\/wp-content\/uploads\/2019\/03\/dorogifc-mosonmagyarovar.jpg?fit=670%2C365&ssl=1\" class=\"yoast-seo-meta-tag\" \/>\n\t<meta property=\"og:image:width\" content=\"670\" class=\"yoast-seo-meta-tag\" \/>\n\t<meta property=\"og:image:height\" content=\"365\" class=\"yoast-seo-meta-tag\" \/>\n\t<meta property=\"og:image:type\" content=\"image\/jpeg\" class=\"yoast-seo-meta-tag\" \/>\n<meta name=\"author\" content=\"dorogimedence.hu\" class=\"yoast-seo-meta-tag\" \/>\n<meta name=\"twitter:card\" content=\"summary_large_image\" class=\"yoast-seo-meta-tag\" \/>\n<meta name=\"twitter:label1\" content=\"Szerz\u0151:\" class=\"yoast-seo-meta-tag\" \/>\n\t<meta name=\"twitter:data1\" content=\"dorogimedence.hu\" class=\"yoast-seo-meta-tag\" \/>\n\t<meta name=\"twitter:label2\" content=\"Becs\u00fclt olvas\u00e1si id\u0151\" class=\"yoast-seo-meta-tag\" \/>\n\t<meta name=\"twitter:data2\" content=\"2 perc\" class=\"yoast-seo-meta-tag\" \/>\n<script type=\"application\/ld+json\" class=\"yoast-schema-graph\">{\"@context\":\"https:\\\/\\\/schema.org\",\"@graph\":[{\"@type\":\"Article\",\"@id\":\"https:\\\/\\\/dorogimedence.hu\\\/index.php\\\/2019\\\/03\\\/04\\\/megtort-a-jeg-idegenben-nyert-a-dorog\\\/#article\",\"isPartOf\":{\"@id\":\"https:\\\/\\\/dorogimedence.hu\\\/index.php\\\/2019\\\/03\\\/04\\\/megtort-a-jeg-idegenben-nyert-a-dorog\\\/\"},\"author\":{\"name\":\"dorogimedence.hu\",\"@id\":\"https:\\\/\\\/dorogimedence.hu\\\/#\\\/schema\\\/person\\\/ce6091eeb7e95ecdc87890d6aa8e0fd4\"},\"headline\":\"Megt\u00f6rt a j\u00e9g: idegenben nyert a Dorog\",\"datePublished\":\"2019-03-04T06:20:32+00:00\",\"dateModified\":\"2019-03-04T06:21:02+00:00\",\"mainEntityOfPage\":{\"@id\":\"https:\\\/\\\/dorogimedence.hu\\\/index.php\\\/2019\\\/03\\\/04\\\/megtort-a-jeg-idegenben-nyert-a-dorog\\\/\"},\"wordCount\":408,\"publisher\":{\"@id\":\"https:\\\/\\\/dorogimedence.hu\\\/#organization\"},\"image\":{\"@id\":\"https:\\\/\\\/dorogimedence.hu\\\/index.php\\\/2019\\\/03\\\/04\\\/megtort-a-jeg-idegenben-nyert-a-dorog\\\/#primaryimage\"},\"thumbnailUrl\":\"https:\\\/\\\/dorogimedence.hu\\\/wp-content\\\/uploads\\\/2019\\\/03\\\/dorogifc-mosonmagyarovar.jpg\",\"keywords\":[\"Dorog\",\"Dorogi FC\",\"foci\",\"futball\",\"labdar\u00fag\u00e1s\",\"Mosonmagyar\u00f3v\u00e1r\",\"NB II\",\"sport\"],\"articleSection\":[\"Dorog\",\"H\u00edrek\",\"Sport\"],\"inLanguage\":\"hu\"},{\"@type\":\"WebPage\",\"@id\":\"https:\\\/\\\/dorogimedence.hu\\\/index.php\\\/2019\\\/03\\\/04\\\/megtort-a-jeg-idegenben-nyert-a-dorog\\\/\",\"url\":\"https:\\\/\\\/dorogimedence.hu\\\/index.php\\\/2019\\\/03\\\/04\\\/megtort-a-jeg-idegenben-nyert-a-dorog\\\/\",\"name\":\"Megt\u00f6rt a j\u00e9g: idegenben nyert a Dorog\",\"isPartOf\":{\"@id\":\"https:\\\/\\\/dorogimedence.hu\\\/#website\"},\"primaryImageOfPage\":{\"@id\":\"https:\\\/\\\/dorogimedence.hu\\\/index.php\\\/2019\\\/03\\\/04\\\/megtort-a-jeg-idegenben-nyert-a-dorog\\\/#primaryimage\"},\"image\":{\"@id\":\"https:\\\/\\\/dorogimedence.hu\\\/index.php\\\/2019\\\/03\\\/04\\\/megtort-a-jeg-idegenben-nyert-a-dorog\\\/#primaryimage\"},\"thumbnailUrl\":\"https:\\\/\\\/dorogimedence.hu\\\/wp-content\\\/uploads\\\/2019\\\/03\\\/dorogifc-mosonmagyarovar.jpg\",\"datePublished\":\"2019-03-04T06:20:32+00:00\",\"dateModified\":\"2019-03-04T06:21:02+00:00\",\"breadcrumb\":{\"@id\":\"https:\\\/\\\/dorogimedence.hu\\\/index.php\\\/2019\\\/03\\\/04\\\/megtort-a-jeg-idegenben-nyert-a-dorog\\\/#breadcrumb\"},\"inLanguage\":\"hu\",\"potentialAction\":[{\"@type\":\"ReadAction\",\"target\":[\"https:\\\/\\\/dorogimedence.hu\\\/index.php\\\/2019\\\/03\\\/04\\\/megtort-a-jeg-idegenben-nyert-a-dorog\\\/\"]}]},{\"@type\":\"ImageObject\",\"inLanguage\":\"hu\",\"@id\":\"https:\\\/\\\/dorogimedence.hu\\\/index.php\\\/2019\\\/03\\\/04\\\/megtort-a-jeg-idegenben-nyert-a-dorog\\\/#primaryimage\",\"url\":\"https:\\\/\\\/dorogimedence.hu\\\/wp-content\\\/uploads\\\/2019\\\/03\\\/dorogifc-mosonmagyarovar.jpg\",\"contentUrl\":\"https:\\\/\\\/dorogimedence.hu\\\/wp-content\\\/uploads\\\/2019\\\/03\\\/dorogifc-mosonmagyarovar.jpg\",\"width\":670,\"height\":365},{\"@type\":\"BreadcrumbList\",\"@id\":\"https:\\\/\\\/dorogimedence.hu\\\/index.php\\\/2019\\\/03\\\/04\\\/megtort-a-jeg-idegenben-nyert-a-dorog\\\/#breadcrumb\",\"itemListElement\":[{\"@type\":\"ListItem\",\"position\":1,\"name\":\"Kezd\u0151lap\",\"item\":\"https:\\\/\\\/dorogimedence.hu\\\/\"},{\"@type\":\"ListItem\",\"position\":2,\"name\":\"Megt\u00f6rt a j\u00e9g: idegenben nyert a Dorog\"}]},{\"@type\":\"WebSite\",\"@id\":\"https:\\\/\\\/dorogimedence.hu\\\/#website\",\"url\":\"https:\\\/\\\/dorogimedence.hu\\\/\",\"name\":\"Dorogi-medence Region\u00e1lis H\u00edrport\u00e1l\",\"description\":\"Dorog, Keszt\u00f6lc, Le\u00e1nyv\u00e1r, Piliscs\u00e9v, Tokod, Tokodalt\u00e1r\u00f3, Csolnok, Esztergom-kertv\u00e1ros: h\u00edrek, programok\",\"publisher\":{\"@id\":\"https:\\\/\\\/dorogimedence.hu\\\/#organization\"},\"potentialAction\":[{\"@type\":\"SearchAction\",\"target\":{\"@type\":\"EntryPoint\",\"urlTemplate\":\"https:\\\/\\\/dorogimedence.hu\\\/?s={search_term_string}\"},\"query-input\":{\"@type\":\"PropertyValueSpecification\",\"valueRequired\":true,\"valueName\":\"search_term_string\"}}],\"inLanguage\":\"hu\"},{\"@type\":\"Organization\",\"@id\":\"https:\\\/\\\/dorogimedence.hu\\\/#organization\",\"name\":\"Dorogi-medence Region\u00e1lis H\u00edrport\u00e1l\",\"url\":\"https:\\\/\\\/dorogimedence.hu\\\/\",\"logo\":{\"@type\":\"ImageObject\",\"inLanguage\":\"hu\",\"@id\":\"https:\\\/\\\/dorogimedence.hu\\\/#\\\/schema\\\/logo\\\/image\\\/\",\"url\":\"https:\\\/\\\/dorogimedence.hu\\\/wp-content\\\/uploads\\\/2021\\\/04\\\/logo-feher-600.png\",\"contentUrl\":\"https:\\\/\\\/dorogimedence.hu\\\/wp-content\\\/uploads\\\/2021\\\/04\\\/logo-feher-600.png\",\"width\":600,\"height\":100,\"caption\":\"Dorogi-medence Region\u00e1lis H\u00edrport\u00e1l\"},\"image\":{\"@id\":\"https:\\\/\\\/dorogimedence.hu\\\/#\\\/schema\\\/logo\\\/image\\\/\"},\"sameAs\":[\"https:\\\/\\\/www.facebook.com\\\/dorogimedence\\\/\"]},{\"@type\":\"Person\",\"@id\":\"https:\\\/\\\/dorogimedence.hu\\\/#\\\/schema\\\/person\\\/ce6091eeb7e95ecdc87890d6aa8e0fd4\",\"name\":\"dorogimedence.hu\",\"image\":{\"@type\":\"ImageObject\",\"inLanguage\":\"hu\",\"@id\":\"\\\/\\\/www.gravatar.com\\\/avatar\\\/d8d45f8901aadff40a4af72c0b826f1d?s=96&#038;r=g&#038;d=mm\",\"url\":\"\\\/\\\/www.gravatar.com\\\/avatar\\\/d8d45f8901aadff40a4af72c0b826f1d?s=96&#038;r=g&#038;d=mm\",\"contentUrl\":\"\\\/\\\/www.gravatar.com\\\/avatar\\\/d8d45f8901aadff40a4af72c0b826f1d?s=96&#038;r=g&#038;d=mm\",\"caption\":\"dorogimedence.hu\"}}]}<\/script>\n<!-- \/ Yoast SEO plugin. -->","yoast_head_json":{"title":"Megt\u00f6rt a j\u00e9g: idegenben nyert a Dorog","robots":{"index":"index","follow":"follow","max-snippet":"max-snippet:-1","max-image-preview":"max-image-preview:large","max-video-preview":"max-video-preview:-1"},"canonical":"https:\/\/dorogimedence.hu\/index.php\/2019\/03\/04\/megtort-a-jeg-idegenben-nyert-a-dorog\/","og_locale":"hu_HU","og_type":"article","og_title":"Megt\u00f6rt a j\u00e9g: idegenben nyert a Dorog","og_description":"M\u00e1rcius 3-\u00e1n, vas\u00e1rnap a Labdar\u00fag\u00f3 NB II 26. fordul\u00f3j\u00e1ban a Mosonmagyar\u00f3v\u00e1r vend\u00e9ge a Dorog volt. A Dorog a 92. \u00e9s a 94. percben szerzett g\u00f3lokkal aratott fontos gy\u0151zelmet a tov\u00e1bbra is lejtmenetben l\u00e9v\u0151 Mosonmagyar\u00f3v\u00e1r otthon\u00e1ban. A m\u00e9rk\u0151z\u00e9sen m\u00e1r a 9. percben V\u00edgh g\u00f3lj\u00e1val vezetett a Dorog, a 36. percben viszont az \u00f3v\u00e1riak egyenl\u00edtettek. A m\u00e9rk\u0151z\u00e9s","og_url":"https:\/\/dorogimedence.hu\/index.php\/2019\/03\/04\/megtort-a-jeg-idegenben-nyert-a-dorog\/","og_site_name":"Dorogi-medence Region\u00e1lis H\u00edrport\u00e1l","article_publisher":"https:\/\/www.facebook.com\/dorogimedence\/","article_published_time":"2019-03-04T06:20:32+00:00","article_modified_time":"2019-03-04T06:21:02+00:00","og_image":[{"width":670,"height":365,"url":"https:\/\/i0.wp.com\/dorogimedence.hu\/wp-content\/uploads\/2019\/03\/dorogifc-mosonmagyarovar.jpg?fit=670%2C365&ssl=1","type":"image\/jpeg"}],"author":"dorogimedence.hu","twitter_card":"summary_large_image","twitter_misc":{"Szerz\u0151:":"dorogimedence.hu","Becs\u00fclt olvas\u00e1si id\u0151":"2 perc"},"schema":{"@context":"https:\/\/schema.org","@graph":[{"@type":"Article","@id":"https:\/\/dorogimedence.hu\/index.php\/2019\/03\/04\/megtort-a-jeg-idegenben-nyert-a-dorog\/#article","isPartOf":{"@id":"https:\/\/dorogimedence.hu\/index.php\/2019\/03\/04\/megtort-a-jeg-idegenben-nyert-a-dorog\/"},"author":{"name":"dorogimedence.hu","@id":"https:\/\/dorogimedence.hu\/#\/schema\/person\/ce6091eeb7e95ecdc87890d6aa8e0fd4"},"headline":"Megt\u00f6rt a j\u00e9g: idegenben nyert a Dorog","datePublished":"2019-03-04T06:20:32+00:00","dateModified":"2019-03-04T06:21:02+00:00","mainEntityOfPage":{"@id":"https:\/\/dorogimedence.hu\/index.php\/2019\/03\/04\/megtort-a-jeg-idegenben-nyert-a-dorog\/"},"wordCount":408,"publisher":{"@id":"https:\/\/dorogimedence.hu\/#organization"},"image":{"@id":"https:\/\/dorogimedence.hu\/index.php\/2019\/03\/04\/megtort-a-jeg-idegenben-nyert-a-dorog\/#primaryimage"},"thumbnailUrl":"https:\/\/dorogimedence.hu\/wp-content\/uploads\/2019\/03\/dorogifc-mosonmagyarovar.jpg","keywords":["Dorog","Dorogi FC","foci","futball","labdar\u00fag\u00e1s","Mosonmagyar\u00f3v\u00e1r","NB II","sport"],"articleSection":["Dorog","H\u00edrek","Sport"],"inLanguage":"hu"},{"@type":"WebPage","@id":"https:\/\/dorogimedence.hu\/index.php\/2019\/03\/04\/megtort-a-jeg-idegenben-nyert-a-dorog\/","url":"https:\/\/dorogimedence.hu\/index.php\/2019\/03\/04\/megtort-a-jeg-idegenben-nyert-a-dorog\/","name":"Megt\u00f6rt a j\u00e9g: idegenben nyert a Dorog","isPartOf":{"@id":"https:\/\/dorogimedence.hu\/#website"},"primaryImageOfPage":{"@id":"https:\/\/dorogimedence.hu\/index.php\/2019\/03\/04\/megtort-a-jeg-idegenben-nyert-a-dorog\/#primaryimage"},"image":{"@id":"https:\/\/dorogimedence.hu\/index.php\/2019\/03\/04\/megtort-a-jeg-idegenben-nyert-a-dorog\/#primaryimage"},"thumbnailUrl":"https:\/\/dorogimedence.hu\/wp-content\/uploads\/2019\/03\/dorogifc-mosonmagyarovar.jpg","datePublished":"2019-03-04T06:20:32+00:00","dateModified":"2019-03-04T06:21:02+00:00","breadcrumb":{"@id":"https:\/\/dorogimedence.hu\/index.php\/2019\/03\/04\/megtort-a-jeg-idegenben-nyert-a-dorog\/#breadcrumb"},"inLanguage":"hu","potentialAction":[{"@type":"ReadAction","target":["https:\/\/dorogimedence.hu\/index.php\/2019\/03\/04\/megtort-a-jeg-idegenben-nyert-a-dorog\/"]}]},{"@type":"ImageObject","inLanguage":"hu","@id":"https:\/\/dorogimedence.hu\/index.php\/2019\/03\/04\/megtort-a-jeg-idegenben-nyert-a-dorog\/#primaryimage","url":"https:\/\/dorogimedence.hu\/wp-content\/uploads\/2019\/03\/dorogifc-mosonmagyarovar.jpg","contentUrl":"https:\/\/dorogimedence.hu\/wp-content\/uploads\/2019\/03\/dorogifc-mosonmagyarovar.jpg","width":670,"height":365},{"@type":"BreadcrumbList","@id":"https:\/\/dorogimedence.hu\/index.php\/2019\/03\/04\/megtort-a-jeg-idegenben-nyert-a-dorog\/#breadcrumb","itemListElement":[{"@type":"ListItem","position":1,"name":"Kezd\u0151lap","item":"https:\/\/dorogimedence.hu\/"},{"@type":"ListItem","position":2,"name":"Megt\u00f6rt a j\u00e9g: idegenben nyert a Dorog"}]},{"@type":"WebSite","@id":"https:\/\/dorogimedence.hu\/#website","url":"https:\/\/dorogimedence.hu\/","name":"Dorogi-medence Region\u00e1lis H\u00edrport\u00e1l","description":"Dorog, Keszt\u00f6lc, Le\u00e1nyv\u00e1r, Piliscs\u00e9v, Tokod, Tokodalt\u00e1r\u00f3, Csolnok, Esztergom-kertv\u00e1ros: h\u00edrek, programok","publisher":{"@id":"https:\/\/dorogimedence.hu\/#organization"},"potentialAction":[{"@type":"SearchAction","target":{"@type":"EntryPoint","urlTemplate":"https:\/\/dorogimedence.hu\/?s={search_term_string}"},"query-input":{"@type":"PropertyValueSpecification","valueRequired":true,"valueName":"search_term_string"}}],"inLanguage":"hu"},{"@type":"Organization","@id":"https:\/\/dorogimedence.hu\/#organization","name":"Dorogi-medence Region\u00e1lis H\u00edrport\u00e1l","url":"https:\/\/dorogimedence.hu\/","logo":{"@type":"ImageObject","inLanguage":"hu","@id":"https:\/\/dorogimedence.hu\/#\/schema\/logo\/image\/","url":"https:\/\/dorogimedence.hu\/wp-content\/uploads\/2021\/04\/logo-feher-600.png","contentUrl":"https:\/\/dorogimedence.hu\/wp-content\/uploads\/2021\/04\/logo-feher-600.png","width":600,"height":100,"caption":"Dorogi-medence Region\u00e1lis H\u00edrport\u00e1l"},"image":{"@id":"https:\/\/dorogimedence.hu\/#\/schema\/logo\/image\/"},"sameAs":["https:\/\/www.facebook.com\/dorogimedence\/"]},{"@type":"Person","@id":"https:\/\/dorogimedence.hu\/#\/schema\/person\/ce6091eeb7e95ecdc87890d6aa8e0fd4","name":"dorogimedence.hu","image":{"@type":"ImageObject","inLanguage":"hu","@id":"\/\/www.gravatar.com\/avatar\/d8d45f8901aadff40a4af72c0b826f1d?s=96&#038;r=g&#038;d=mm","url":"\/\/www.gravatar.com\/avatar\/d8d45f8901aadff40a4af72c0b826f1d?s=96&#038;r=g&#038;d=mm","contentUrl":"\/\/www.gravatar.com\/avatar\/d8d45f8901aadff40a4af72c0b826f1d?s=96&#038;r=g&#038;d=mm","caption":"dorogimedence.hu"}}]}},"_links":{"self":[{"href":"https:\/\/dorogimedence.hu\/index.php\/wp-json\/wp\/v2\/posts\/15223","targetHints":{"allow":["GET"]}}],"collection":[{"href":"https:\/\/dorogimedence.hu\/index.php\/wp-json\/wp\/v2\/posts"}],"about":[{"href":"https:\/\/dorogimedence.hu\/index.php\/wp-json\/wp\/v2\/types\/post"}],"author":[{"embeddable":true,"href":"https:\/\/dorogimedence.hu\/index.php\/wp-json\/wp\/v2\/users\/1"}],"replies":[{"embeddable":true,"href":"https:\/\/dorogimedence.hu\/index.php\/wp-json\/wp\/v2\/comments?post=15223"}],"version-history":[{"count":0,"href":"https:\/\/dorogimedence.hu\/index.php\/wp-json\/wp\/v2\/posts\/15223\/revisions"}],"wp:featuredmedia":[{"embeddable":true,"href":"https:\/\/dorogimedence.hu\/index.php\/wp-json\/wp\/v2\/media\/15224"}],"wp:attachment":[{"href":"https:\/\/dorogimedence.hu\/index.php\/wp-json\/wp\/v2\/media?parent=15223"}],"wp:term":[{"taxonomy":"category","embeddable":true,"href":"https:\/\/dorogimedence.hu\/index.php\/wp-json\/wp\/v2\/categories?post=15223"},{"taxonomy":"post_tag","embeddable":true,"href":"https:\/\/dorogimedence.hu\/index.php\/wp-json\/wp\/v2\/tags?post=15223"}],"curies":[{"name":"wp","href":"https:\/\/api.w.org\/{rel}","templated":true}]}}