{"id":15015,"date":"2019-02-21T07:18:18","date_gmt":"2019-02-21T06:18:18","guid":{"rendered":"http:\/\/dorogimedence.hu\/?p=15015"},"modified":"2019-02-21T07:18:18","modified_gmt":"2019-02-21T06:18:18","slug":"bajnai-tuzoltok-siettek-a-szomor-zsambek-kozotti-balesethez","status":"publish","type":"post","link":"https:\/\/dorogimedence.hu\/index.php\/2019\/02\/21\/bajnai-tuzoltok-siettek-a-szomor-zsambek-kozotti-balesethez\/","title":{"rendered":"Bajnai t\u0171zolt\u00f3k siettek a Szomor-Zs\u00e1mb\u00e9k k\u00f6z\u00f6tti balesethez"},"content":{"rendered":"<p><b>Let\u00e9rt az \u00fattestr\u0151l \u00e9s sz\u00e1nt\u00f3f\u00f6ldre hajtott, ahol f\u00e9l oldalra d\u0151lve \u00e1llt meg egy 40 tonn\u00e1s nyerges szerelv\u00e9ny febru\u00e1r 19-\u00e9n, kedd d\u00e9lut\u00e1n a 1105 sz\u00e1m\u00fa \u00fatn\u00e1l Szomor \u00e9s Zs\u00e1mb\u00e9k k\u00f6z\u00f6tti \u00fatszakaszon.<\/b><\/p>\n<p>A balesethez a bajnai hivat\u00e1sos t\u0171zolt\u00f3kat riasztott\u00e1k, akik \u00e1ramtalan\u00edtott\u00e1k a j\u00e1rm\u0171vet. Az egys\u00e9g seg\u00edts\u00e9get ny\u00fajtott a g\u00e9pj\u00e1rm\u0171 vezet\u0151j\u00e9nek \u00fajra\u00e9leszt\u00e9s\u00e9ben, majd az \u00e9letfunkci\u00f3k stabiliz\u00e1l\u00e1sa ut\u00e1n a s\u00e9r\u00fcltet behelyezni a ment\u0151helikopterbe. A beavatkoz\u00e1s v\u00e9g\u00e9n a helysz\u00ednt \u00e1tadt\u00e1k a rend\u0151rs\u00e9gnek.<\/p>\n<p><img fetchpriority=\"high\" decoding=\"async\" class=\"alignnone size-full wp-image-15017\" src=\"https:\/\/dorogimedence.hu\/wp-content\/uploads\/2019\/02\/szomor-02.jpg\" alt=\"\" width=\"670\" height=\"365\" srcset=\"https:\/\/dorogimedence.hu\/wp-content\/uploads\/2019\/02\/szomor-02.jpg 670w, https:\/\/dorogimedence.hu\/wp-content\/uploads\/2019\/02\/szomor-02-300x163.jpg 300w\" sizes=\"(max-width: 670px) 100vw, 670px\" \/><\/p>\n<p><em>Fot\u00f3: Bajnai Katasztr\u00f3fav\u00e9delmi \u0150rs<br \/>\nForr\u00e1s: komarom.katasztrofavedelem.hu<br \/>\n<\/em><\/p>\n","protected":false},"excerpt":{"rendered":"<p>Let\u00e9rt az \u00fattestr\u0151l \u00e9s sz\u00e1nt\u00f3f\u00f6ldre hajtott, ahol f\u00e9l oldalra d\u0151lve \u00e1llt meg egy 40 tonn\u00e1s nyerges szerelv\u00e9ny febru\u00e1r 19-\u00e9n, kedd d\u00e9lut\u00e1n a 1105 sz\u00e1m\u00fa \u00fatn\u00e1l Szomor \u00e9s Zs\u00e1mb\u00e9k k\u00f6z\u00f6tti \u00fatszakaszon. A balesethez a bajnai hivat\u00e1sos t\u0171zolt\u00f3kat riasztott\u00e1k, akik \u00e1ramtalan\u00edtott\u00e1k a j\u00e1rm\u0171vet. Az egys\u00e9g seg\u00edts\u00e9get ny\u00fajtott a g\u00e9pj\u00e1rm\u0171 vezet\u0151j\u00e9nek \u00fajra\u00e9leszt\u00e9s\u00e9ben, majd az \u00e9letfunkci\u00f3k stabiliz\u00e1l\u00e1sa ut\u00e1n a<\/p>\n","protected":false},"author":1,"featured_media":15016,"comment_status":"closed","ping_status":"closed","sticky":false,"template":"","format":"standard","meta":{"ngg_post_thumbnail":0,"footnotes":""},"categories":[3,39],"tags":[45,44,175,1569,65,945],"class_list":{"0":"post-15015","1":"post","2":"type-post","3":"status-publish","4":"format-standard","5":"has-post-thumbnail","7":"category-hirek","8":"category-kek-hirek","9":"tag-autobaleset","10":"tag-baleset","11":"tag-katasztrofavedelem","12":"tag-szomor","13":"tag-tuzoltosag","14":"tag-zsambek"},"yoast_head":"<!-- This site is optimized with the Yoast SEO plugin v27.4 - https:\/\/yoast.com\/product\/yoast-seo-wordpress\/ -->\n<title>Bajnai t\u0171zolt\u00f3k siettek a Szomor-Zs\u00e1mb\u00e9k k\u00f6z\u00f6tti balesethez<\/title>\n<meta name=\"robots\" content=\"index, follow, max-snippet:-1, max-image-preview:large, max-video-preview:-1\" \/>\n<link rel=\"canonical\" href=\"https:\/\/dorogimedence.hu\/index.php\/2019\/02\/21\/bajnai-tuzoltok-siettek-a-szomor-zsambek-kozotti-balesethez\/\" class=\"yoast-seo-meta-tag\" \/>\n<meta property=\"og:locale\" content=\"hu_HU\" class=\"yoast-seo-meta-tag\" \/>\n<meta property=\"og:type\" content=\"article\" class=\"yoast-seo-meta-tag\" \/>\n<meta property=\"og:title\" content=\"Bajnai t\u0171zolt\u00f3k siettek a Szomor-Zs\u00e1mb\u00e9k k\u00f6z\u00f6tti balesethez\" class=\"yoast-seo-meta-tag\" \/>\n<meta property=\"og:description\" content=\"Let\u00e9rt az \u00fattestr\u0151l \u00e9s sz\u00e1nt\u00f3f\u00f6ldre hajtott, ahol f\u00e9l oldalra d\u0151lve \u00e1llt meg egy 40 tonn\u00e1s nyerges szerelv\u00e9ny febru\u00e1r 19-\u00e9n, kedd d\u00e9lut\u00e1n a 1105 sz\u00e1m\u00fa \u00fatn\u00e1l Szomor \u00e9s Zs\u00e1mb\u00e9k k\u00f6z\u00f6tti \u00fatszakaszon. A balesethez a bajnai hivat\u00e1sos t\u0171zolt\u00f3kat riasztott\u00e1k, akik \u00e1ramtalan\u00edtott\u00e1k a j\u00e1rm\u0171vet. Az egys\u00e9g seg\u00edts\u00e9get ny\u00fajtott a g\u00e9pj\u00e1rm\u0171 vezet\u0151j\u00e9nek \u00fajra\u00e9leszt\u00e9s\u00e9ben, majd az \u00e9letfunkci\u00f3k stabiliz\u00e1l\u00e1sa ut\u00e1n a\" class=\"yoast-seo-meta-tag\" \/>\n<meta property=\"og:url\" content=\"https:\/\/dorogimedence.hu\/index.php\/2019\/02\/21\/bajnai-tuzoltok-siettek-a-szomor-zsambek-kozotti-balesethez\/\" class=\"yoast-seo-meta-tag\" \/>\n<meta property=\"og:site_name\" content=\"Dorogi-medence Region\u00e1lis H\u00edrport\u00e1l\" class=\"yoast-seo-meta-tag\" \/>\n<meta property=\"article:publisher\" content=\"https:\/\/www.facebook.com\/dorogimedence\/\" class=\"yoast-seo-meta-tag\" \/>\n<meta property=\"article:published_time\" content=\"2019-02-21T06:18:18+00:00\" class=\"yoast-seo-meta-tag\" \/>\n<meta property=\"og:image\" content=\"https:\/\/i0.wp.com\/dorogimedence.hu\/wp-content\/uploads\/2019\/02\/szomor-01.jpg?fit=670%2C365&ssl=1\" class=\"yoast-seo-meta-tag\" \/>\n\t<meta property=\"og:image:width\" content=\"670\" class=\"yoast-seo-meta-tag\" \/>\n\t<meta property=\"og:image:height\" content=\"365\" class=\"yoast-seo-meta-tag\" \/>\n\t<meta property=\"og:image:type\" content=\"image\/jpeg\" class=\"yoast-seo-meta-tag\" \/>\n<meta name=\"author\" content=\"dorogimedence.hu\" class=\"yoast-seo-meta-tag\" \/>\n<meta name=\"twitter:card\" content=\"summary_large_image\" class=\"yoast-seo-meta-tag\" \/>\n<meta name=\"twitter:label1\" content=\"Szerz\u0151:\" class=\"yoast-seo-meta-tag\" \/>\n\t<meta name=\"twitter:data1\" content=\"dorogimedence.hu\" class=\"yoast-seo-meta-tag\" \/>\n\t<meta name=\"twitter:label2\" content=\"Becs\u00fclt olvas\u00e1si id\u0151\" class=\"yoast-seo-meta-tag\" \/>\n\t<meta name=\"twitter:data2\" content=\"1 perc\" class=\"yoast-seo-meta-tag\" \/>\n<script type=\"application\/ld+json\" class=\"yoast-schema-graph\">{\"@context\":\"https:\\\/\\\/schema.org\",\"@graph\":[{\"@type\":\"Article\",\"@id\":\"https:\\\/\\\/dorogimedence.hu\\\/index.php\\\/2019\\\/02\\\/21\\\/bajnai-tuzoltok-siettek-a-szomor-zsambek-kozotti-balesethez\\\/#article\",\"isPartOf\":{\"@id\":\"https:\\\/\\\/dorogimedence.hu\\\/index.php\\\/2019\\\/02\\\/21\\\/bajnai-tuzoltok-siettek-a-szomor-zsambek-kozotti-balesethez\\\/\"},\"author\":{\"name\":\"dorogimedence.hu\",\"@id\":\"https:\\\/\\\/dorogimedence.hu\\\/#\\\/schema\\\/person\\\/ce6091eeb7e95ecdc87890d6aa8e0fd4\"},\"headline\":\"Bajnai t\u0171zolt\u00f3k siettek a Szomor-Zs\u00e1mb\u00e9k k\u00f6z\u00f6tti balesethez\",\"datePublished\":\"2019-02-21T06:18:18+00:00\",\"mainEntityOfPage\":{\"@id\":\"https:\\\/\\\/dorogimedence.hu\\\/index.php\\\/2019\\\/02\\\/21\\\/bajnai-tuzoltok-siettek-a-szomor-zsambek-kozotti-balesethez\\\/\"},\"wordCount\":141,\"publisher\":{\"@id\":\"https:\\\/\\\/dorogimedence.hu\\\/#organization\"},\"image\":{\"@id\":\"https:\\\/\\\/dorogimedence.hu\\\/index.php\\\/2019\\\/02\\\/21\\\/bajnai-tuzoltok-siettek-a-szomor-zsambek-kozotti-balesethez\\\/#primaryimage\"},\"thumbnailUrl\":\"https:\\\/\\\/dorogimedence.hu\\\/wp-content\\\/uploads\\\/2019\\\/02\\\/szomor-01.jpg\",\"keywords\":[\"aut\u00f3baleset\",\"baleset\",\"katasztr\u00f3fav\u00e9delem\",\"Szomor\",\"t\u0171zolt\u00f3s\u00e1g\",\"Zs\u00e1mb\u00e9k\"],\"articleSection\":[\"H\u00edrek\",\"K\u00e9k h\u00edrek\"],\"inLanguage\":\"hu\"},{\"@type\":\"WebPage\",\"@id\":\"https:\\\/\\\/dorogimedence.hu\\\/index.php\\\/2019\\\/02\\\/21\\\/bajnai-tuzoltok-siettek-a-szomor-zsambek-kozotti-balesethez\\\/\",\"url\":\"https:\\\/\\\/dorogimedence.hu\\\/index.php\\\/2019\\\/02\\\/21\\\/bajnai-tuzoltok-siettek-a-szomor-zsambek-kozotti-balesethez\\\/\",\"name\":\"Bajnai t\u0171zolt\u00f3k siettek a Szomor-Zs\u00e1mb\u00e9k k\u00f6z\u00f6tti balesethez\",\"isPartOf\":{\"@id\":\"https:\\\/\\\/dorogimedence.hu\\\/#website\"},\"primaryImageOfPage\":{\"@id\":\"https:\\\/\\\/dorogimedence.hu\\\/index.php\\\/2019\\\/02\\\/21\\\/bajnai-tuzoltok-siettek-a-szomor-zsambek-kozotti-balesethez\\\/#primaryimage\"},\"image\":{\"@id\":\"https:\\\/\\\/dorogimedence.hu\\\/index.php\\\/2019\\\/02\\\/21\\\/bajnai-tuzoltok-siettek-a-szomor-zsambek-kozotti-balesethez\\\/#primaryimage\"},\"thumbnailUrl\":\"https:\\\/\\\/dorogimedence.hu\\\/wp-content\\\/uploads\\\/2019\\\/02\\\/szomor-01.jpg\",\"datePublished\":\"2019-02-21T06:18:18+00:00\",\"breadcrumb\":{\"@id\":\"https:\\\/\\\/dorogimedence.hu\\\/index.php\\\/2019\\\/02\\\/21\\\/bajnai-tuzoltok-siettek-a-szomor-zsambek-kozotti-balesethez\\\/#breadcrumb\"},\"inLanguage\":\"hu\",\"potentialAction\":[{\"@type\":\"ReadAction\",\"target\":[\"https:\\\/\\\/dorogimedence.hu\\\/index.php\\\/2019\\\/02\\\/21\\\/bajnai-tuzoltok-siettek-a-szomor-zsambek-kozotti-balesethez\\\/\"]}]},{\"@type\":\"ImageObject\",\"inLanguage\":\"hu\",\"@id\":\"https:\\\/\\\/dorogimedence.hu\\\/index.php\\\/2019\\\/02\\\/21\\\/bajnai-tuzoltok-siettek-a-szomor-zsambek-kozotti-balesethez\\\/#primaryimage\",\"url\":\"https:\\\/\\\/dorogimedence.hu\\\/wp-content\\\/uploads\\\/2019\\\/02\\\/szomor-01.jpg\",\"contentUrl\":\"https:\\\/\\\/dorogimedence.hu\\\/wp-content\\\/uploads\\\/2019\\\/02\\\/szomor-01.jpg\",\"width\":670,\"height\":365},{\"@type\":\"BreadcrumbList\",\"@id\":\"https:\\\/\\\/dorogimedence.hu\\\/index.php\\\/2019\\\/02\\\/21\\\/bajnai-tuzoltok-siettek-a-szomor-zsambek-kozotti-balesethez\\\/#breadcrumb\",\"itemListElement\":[{\"@type\":\"ListItem\",\"position\":1,\"name\":\"Kezd\u0151lap\",\"item\":\"https:\\\/\\\/dorogimedence.hu\\\/\"},{\"@type\":\"ListItem\",\"position\":2,\"name\":\"Bajnai t\u0171zolt\u00f3k siettek a Szomor-Zs\u00e1mb\u00e9k k\u00f6z\u00f6tti balesethez\"}]},{\"@type\":\"WebSite\",\"@id\":\"https:\\\/\\\/dorogimedence.hu\\\/#website\",\"url\":\"https:\\\/\\\/dorogimedence.hu\\\/\",\"name\":\"Dorogi-medence Region\u00e1lis H\u00edrport\u00e1l\",\"description\":\"Dorog, Keszt\u00f6lc, Le\u00e1nyv\u00e1r, Piliscs\u00e9v, Tokod, Tokodalt\u00e1r\u00f3, Csolnok, Esztergom-kertv\u00e1ros: h\u00edrek, programok\",\"publisher\":{\"@id\":\"https:\\\/\\\/dorogimedence.hu\\\/#organization\"},\"potentialAction\":[{\"@type\":\"SearchAction\",\"target\":{\"@type\":\"EntryPoint\",\"urlTemplate\":\"https:\\\/\\\/dorogimedence.hu\\\/?s={search_term_string}\"},\"query-input\":{\"@type\":\"PropertyValueSpecification\",\"valueRequired\":true,\"valueName\":\"search_term_string\"}}],\"inLanguage\":\"hu\"},{\"@type\":\"Organization\",\"@id\":\"https:\\\/\\\/dorogimedence.hu\\\/#organization\",\"name\":\"Dorogi-medence Region\u00e1lis H\u00edrport\u00e1l\",\"url\":\"https:\\\/\\\/dorogimedence.hu\\\/\",\"logo\":{\"@type\":\"ImageObject\",\"inLanguage\":\"hu\",\"@id\":\"https:\\\/\\\/dorogimedence.hu\\\/#\\\/schema\\\/logo\\\/image\\\/\",\"url\":\"https:\\\/\\\/dorogimedence.hu\\\/wp-content\\\/uploads\\\/2021\\\/04\\\/logo-feher-600.png\",\"contentUrl\":\"https:\\\/\\\/dorogimedence.hu\\\/wp-content\\\/uploads\\\/2021\\\/04\\\/logo-feher-600.png\",\"width\":600,\"height\":100,\"caption\":\"Dorogi-medence Region\u00e1lis H\u00edrport\u00e1l\"},\"image\":{\"@id\":\"https:\\\/\\\/dorogimedence.hu\\\/#\\\/schema\\\/logo\\\/image\\\/\"},\"sameAs\":[\"https:\\\/\\\/www.facebook.com\\\/dorogimedence\\\/\"]},{\"@type\":\"Person\",\"@id\":\"https:\\\/\\\/dorogimedence.hu\\\/#\\\/schema\\\/person\\\/ce6091eeb7e95ecdc87890d6aa8e0fd4\",\"name\":\"dorogimedence.hu\",\"image\":{\"@type\":\"ImageObject\",\"inLanguage\":\"hu\",\"@id\":\"\\\/\\\/www.gravatar.com\\\/avatar\\\/d8d45f8901aadff40a4af72c0b826f1d?s=96&#038;r=g&#038;d=mm\",\"url\":\"\\\/\\\/www.gravatar.com\\\/avatar\\\/d8d45f8901aadff40a4af72c0b826f1d?s=96&#038;r=g&#038;d=mm\",\"contentUrl\":\"\\\/\\\/www.gravatar.com\\\/avatar\\\/d8d45f8901aadff40a4af72c0b826f1d?s=96&#038;r=g&#038;d=mm\",\"caption\":\"dorogimedence.hu\"}}]}<\/script>\n<!-- \/ Yoast SEO plugin. -->","yoast_head_json":{"title":"Bajnai t\u0171zolt\u00f3k siettek a Szomor-Zs\u00e1mb\u00e9k k\u00f6z\u00f6tti balesethez","robots":{"index":"index","follow":"follow","max-snippet":"max-snippet:-1","max-image-preview":"max-image-preview:large","max-video-preview":"max-video-preview:-1"},"canonical":"https:\/\/dorogimedence.hu\/index.php\/2019\/02\/21\/bajnai-tuzoltok-siettek-a-szomor-zsambek-kozotti-balesethez\/","og_locale":"hu_HU","og_type":"article","og_title":"Bajnai t\u0171zolt\u00f3k siettek a Szomor-Zs\u00e1mb\u00e9k k\u00f6z\u00f6tti balesethez","og_description":"Let\u00e9rt az \u00fattestr\u0151l \u00e9s sz\u00e1nt\u00f3f\u00f6ldre hajtott, ahol f\u00e9l oldalra d\u0151lve \u00e1llt meg egy 40 tonn\u00e1s nyerges szerelv\u00e9ny febru\u00e1r 19-\u00e9n, kedd d\u00e9lut\u00e1n a 1105 sz\u00e1m\u00fa \u00fatn\u00e1l Szomor \u00e9s Zs\u00e1mb\u00e9k k\u00f6z\u00f6tti \u00fatszakaszon. A balesethez a bajnai hivat\u00e1sos t\u0171zolt\u00f3kat riasztott\u00e1k, akik \u00e1ramtalan\u00edtott\u00e1k a j\u00e1rm\u0171vet. Az egys\u00e9g seg\u00edts\u00e9get ny\u00fajtott a g\u00e9pj\u00e1rm\u0171 vezet\u0151j\u00e9nek \u00fajra\u00e9leszt\u00e9s\u00e9ben, majd az \u00e9letfunkci\u00f3k stabiliz\u00e1l\u00e1sa ut\u00e1n a","og_url":"https:\/\/dorogimedence.hu\/index.php\/2019\/02\/21\/bajnai-tuzoltok-siettek-a-szomor-zsambek-kozotti-balesethez\/","og_site_name":"Dorogi-medence Region\u00e1lis H\u00edrport\u00e1l","article_publisher":"https:\/\/www.facebook.com\/dorogimedence\/","article_published_time":"2019-02-21T06:18:18+00:00","og_image":[{"width":670,"height":365,"url":"https:\/\/i0.wp.com\/dorogimedence.hu\/wp-content\/uploads\/2019\/02\/szomor-01.jpg?fit=670%2C365&ssl=1","type":"image\/jpeg"}],"author":"dorogimedence.hu","twitter_card":"summary_large_image","twitter_misc":{"Szerz\u0151:":"dorogimedence.hu","Becs\u00fclt olvas\u00e1si id\u0151":"1 perc"},"schema":{"@context":"https:\/\/schema.org","@graph":[{"@type":"Article","@id":"https:\/\/dorogimedence.hu\/index.php\/2019\/02\/21\/bajnai-tuzoltok-siettek-a-szomor-zsambek-kozotti-balesethez\/#article","isPartOf":{"@id":"https:\/\/dorogimedence.hu\/index.php\/2019\/02\/21\/bajnai-tuzoltok-siettek-a-szomor-zsambek-kozotti-balesethez\/"},"author":{"name":"dorogimedence.hu","@id":"https:\/\/dorogimedence.hu\/#\/schema\/person\/ce6091eeb7e95ecdc87890d6aa8e0fd4"},"headline":"Bajnai t\u0171zolt\u00f3k siettek a Szomor-Zs\u00e1mb\u00e9k k\u00f6z\u00f6tti balesethez","datePublished":"2019-02-21T06:18:18+00:00","mainEntityOfPage":{"@id":"https:\/\/dorogimedence.hu\/index.php\/2019\/02\/21\/bajnai-tuzoltok-siettek-a-szomor-zsambek-kozotti-balesethez\/"},"wordCount":141,"publisher":{"@id":"https:\/\/dorogimedence.hu\/#organization"},"image":{"@id":"https:\/\/dorogimedence.hu\/index.php\/2019\/02\/21\/bajnai-tuzoltok-siettek-a-szomor-zsambek-kozotti-balesethez\/#primaryimage"},"thumbnailUrl":"https:\/\/dorogimedence.hu\/wp-content\/uploads\/2019\/02\/szomor-01.jpg","keywords":["aut\u00f3baleset","baleset","katasztr\u00f3fav\u00e9delem","Szomor","t\u0171zolt\u00f3s\u00e1g","Zs\u00e1mb\u00e9k"],"articleSection":["H\u00edrek","K\u00e9k h\u00edrek"],"inLanguage":"hu"},{"@type":"WebPage","@id":"https:\/\/dorogimedence.hu\/index.php\/2019\/02\/21\/bajnai-tuzoltok-siettek-a-szomor-zsambek-kozotti-balesethez\/","url":"https:\/\/dorogimedence.hu\/index.php\/2019\/02\/21\/bajnai-tuzoltok-siettek-a-szomor-zsambek-kozotti-balesethez\/","name":"Bajnai t\u0171zolt\u00f3k siettek a Szomor-Zs\u00e1mb\u00e9k k\u00f6z\u00f6tti balesethez","isPartOf":{"@id":"https:\/\/dorogimedence.hu\/#website"},"primaryImageOfPage":{"@id":"https:\/\/dorogimedence.hu\/index.php\/2019\/02\/21\/bajnai-tuzoltok-siettek-a-szomor-zsambek-kozotti-balesethez\/#primaryimage"},"image":{"@id":"https:\/\/dorogimedence.hu\/index.php\/2019\/02\/21\/bajnai-tuzoltok-siettek-a-szomor-zsambek-kozotti-balesethez\/#primaryimage"},"thumbnailUrl":"https:\/\/dorogimedence.hu\/wp-content\/uploads\/2019\/02\/szomor-01.jpg","datePublished":"2019-02-21T06:18:18+00:00","breadcrumb":{"@id":"https:\/\/dorogimedence.hu\/index.php\/2019\/02\/21\/bajnai-tuzoltok-siettek-a-szomor-zsambek-kozotti-balesethez\/#breadcrumb"},"inLanguage":"hu","potentialAction":[{"@type":"ReadAction","target":["https:\/\/dorogimedence.hu\/index.php\/2019\/02\/21\/bajnai-tuzoltok-siettek-a-szomor-zsambek-kozotti-balesethez\/"]}]},{"@type":"ImageObject","inLanguage":"hu","@id":"https:\/\/dorogimedence.hu\/index.php\/2019\/02\/21\/bajnai-tuzoltok-siettek-a-szomor-zsambek-kozotti-balesethez\/#primaryimage","url":"https:\/\/dorogimedence.hu\/wp-content\/uploads\/2019\/02\/szomor-01.jpg","contentUrl":"https:\/\/dorogimedence.hu\/wp-content\/uploads\/2019\/02\/szomor-01.jpg","width":670,"height":365},{"@type":"BreadcrumbList","@id":"https:\/\/dorogimedence.hu\/index.php\/2019\/02\/21\/bajnai-tuzoltok-siettek-a-szomor-zsambek-kozotti-balesethez\/#breadcrumb","itemListElement":[{"@type":"ListItem","position":1,"name":"Kezd\u0151lap","item":"https:\/\/dorogimedence.hu\/"},{"@type":"ListItem","position":2,"name":"Bajnai t\u0171zolt\u00f3k siettek a Szomor-Zs\u00e1mb\u00e9k k\u00f6z\u00f6tti balesethez"}]},{"@type":"WebSite","@id":"https:\/\/dorogimedence.hu\/#website","url":"https:\/\/dorogimedence.hu\/","name":"Dorogi-medence Region\u00e1lis H\u00edrport\u00e1l","description":"Dorog, Keszt\u00f6lc, Le\u00e1nyv\u00e1r, Piliscs\u00e9v, Tokod, Tokodalt\u00e1r\u00f3, Csolnok, Esztergom-kertv\u00e1ros: h\u00edrek, programok","publisher":{"@id":"https:\/\/dorogimedence.hu\/#organization"},"potentialAction":[{"@type":"SearchAction","target":{"@type":"EntryPoint","urlTemplate":"https:\/\/dorogimedence.hu\/?s={search_term_string}"},"query-input":{"@type":"PropertyValueSpecification","valueRequired":true,"valueName":"search_term_string"}}],"inLanguage":"hu"},{"@type":"Organization","@id":"https:\/\/dorogimedence.hu\/#organization","name":"Dorogi-medence Region\u00e1lis H\u00edrport\u00e1l","url":"https:\/\/dorogimedence.hu\/","logo":{"@type":"ImageObject","inLanguage":"hu","@id":"https:\/\/dorogimedence.hu\/#\/schema\/logo\/image\/","url":"https:\/\/dorogimedence.hu\/wp-content\/uploads\/2021\/04\/logo-feher-600.png","contentUrl":"https:\/\/dorogimedence.hu\/wp-content\/uploads\/2021\/04\/logo-feher-600.png","width":600,"height":100,"caption":"Dorogi-medence Region\u00e1lis H\u00edrport\u00e1l"},"image":{"@id":"https:\/\/dorogimedence.hu\/#\/schema\/logo\/image\/"},"sameAs":["https:\/\/www.facebook.com\/dorogimedence\/"]},{"@type":"Person","@id":"https:\/\/dorogimedence.hu\/#\/schema\/person\/ce6091eeb7e95ecdc87890d6aa8e0fd4","name":"dorogimedence.hu","image":{"@type":"ImageObject","inLanguage":"hu","@id":"\/\/www.gravatar.com\/avatar\/d8d45f8901aadff40a4af72c0b826f1d?s=96&#038;r=g&#038;d=mm","url":"\/\/www.gravatar.com\/avatar\/d8d45f8901aadff40a4af72c0b826f1d?s=96&#038;r=g&#038;d=mm","contentUrl":"\/\/www.gravatar.com\/avatar\/d8d45f8901aadff40a4af72c0b826f1d?s=96&#038;r=g&#038;d=mm","caption":"dorogimedence.hu"}}]}},"_links":{"self":[{"href":"https:\/\/dorogimedence.hu\/index.php\/wp-json\/wp\/v2\/posts\/15015","targetHints":{"allow":["GET"]}}],"collection":[{"href":"https:\/\/dorogimedence.hu\/index.php\/wp-json\/wp\/v2\/posts"}],"about":[{"href":"https:\/\/dorogimedence.hu\/index.php\/wp-json\/wp\/v2\/types\/post"}],"author":[{"embeddable":true,"href":"https:\/\/dorogimedence.hu\/index.php\/wp-json\/wp\/v2\/users\/1"}],"replies":[{"embeddable":true,"href":"https:\/\/dorogimedence.hu\/index.php\/wp-json\/wp\/v2\/comments?post=15015"}],"version-history":[{"count":0,"href":"https:\/\/dorogimedence.hu\/index.php\/wp-json\/wp\/v2\/posts\/15015\/revisions"}],"wp:featuredmedia":[{"embeddable":true,"href":"https:\/\/dorogimedence.hu\/index.php\/wp-json\/wp\/v2\/media\/15016"}],"wp:attachment":[{"href":"https:\/\/dorogimedence.hu\/index.php\/wp-json\/wp\/v2\/media?parent=15015"}],"wp:term":[{"taxonomy":"category","embeddable":true,"href":"https:\/\/dorogimedence.hu\/index.php\/wp-json\/wp\/v2\/categories?post=15015"},{"taxonomy":"post_tag","embeddable":true,"href":"https:\/\/dorogimedence.hu\/index.php\/wp-json\/wp\/v2\/tags?post=15015"}],"curies":[{"name":"wp","href":"https:\/\/api.w.org\/{rel}","templated":true}]}}