{"id":15011,"date":"2019-02-21T07:08:00","date_gmt":"2019-02-21T06:08:00","guid":{"rendered":"http:\/\/dorogimedence.hu\/?p=15011"},"modified":"2019-02-21T07:08:00","modified_gmt":"2019-02-21T06:08:00","slug":"simon-tibor-nyugdijas-tanart-latta-vendegul-az-esztergomi-konyvtar","status":"publish","type":"post","link":"https:\/\/dorogimedence.hu\/index.php\/2019\/02\/21\/simon-tibor-nyugdijas-tanart-latta-vendegul-az-esztergomi-konyvtar\/","title":{"rendered":"Simon Tibor nyugd\u00edjas tan\u00e1rt l\u00e1tta vend\u00e9g\u00fcl az esztergomi k\u00f6nyvt\u00e1r"},"content":{"rendered":"<p><strong>Az esztergomi Helischer J\u00f3zsef V\u00e1rosi K\u00f6nyvt\u00e1r &#8222;K\u00f6zt\u00fcnk \u00e9lnek&#8221; c\u00edm\u0171 sorozat\u00e1nak febru\u00e1r 18-i vend\u00e9ge Simon Tibor nyugalmazott pedag\u00f3gus volt.<\/strong><\/p>\n<p>Az est folyam\u00e1n betekint\u00e9st kaphattunk a Pro Urbe-d\u00edjas tan\u00e1r \u00e9letm\u0171v\u00e9be. A volt magyar-t\u00f6rt\u00e9nelem szakos k\u00f6z\u00e9piskolai tan\u00e1r, Esztergom utols\u00f3 tan\u00e1cseln\u00f6k\u00e9nek \u00e9let\u00e9b\u0151l hallhatunk \u00e9rdekes, gondolat\u00e9breszt\u0151 szemelv\u00e9nyeket. Besz\u00e9lget\u0151partnere Sink\u00f3 Gyula volt.<\/p>\n<p>Simon Tibor manaps\u00e1g is t\u00f6bb v\u00e1rosv\u00e9d\u0151 egyes\u00fclet tagja. 1992-ben hatalmas szerepe volt abban, hogy a Suzuki Esztergomban nyitotta meg eur\u00f3pai gy\u00e1r\u00e1t, P\u00e9cs, Sz\u00e9kesfeh\u00e9rv\u00e1r vagy Duna\u00fajv\u00e1ros helyett. 1987-ben seg\u00edts\u00e9g\u00e9vel \u00fajraindult az Esztergom \u00e9s Vid\u00e9ke c. \u00fajs\u00e1g, 1989-ben az \u00e1ltala vezetett k\u00e9pvisel\u0151-test\u00fclet t\u00e1mogatta az Alkotm\u00e1nyb\u00edr\u00f3s\u00e1g Esztergomba k\u00f6lt\u00f6ztet\u00e9s\u00e9t. Komoly szerepe volt az esztergomi V\u00e1rsz\u00ednh\u00e1z \u00e9letre h\u00edv\u00e1s\u00e1ban is, \u00e9s kivette r\u00e9sz\u00e9t a rendszerv\u00e1lt\u00e1s v\u00e1rosi lebonyol\u00edt\u00e1s\u00e1b\u00f3l is.<\/p>\n<p>Esztergom testv\u00e9rv\u00e1rosi kapcsolatainak b\u0151v\u00edt\u00e9s\u00e9\u00e9rt is sokat tett. 2003-ban a n\u00e9metorsz\u00e1gi Maintalban Radv\u00e1nyi L\u00e1szl\u00f3val egy\u00fctt oklevelet \u00e9s eml\u00e9kplakettet vehetett \u00e1t a testv\u00e9rv\u00e1rosi kapcsolatok t\u00edz \u00e9ves \u00e9vfordul\u00f3ja alkalm\u00e1val tartott \u00fcnneps\u00e9gen. 2016-ban Pro Urbe d\u00edjat vehetett \u00e1t Prokopp M\u00e1ria m\u0171v\u00e9szett\u00f6rt\u00e9n\u00e9sz d\u00edszpolg\u00e1rr\u00e1 avat\u00e1sakor.<\/p>\n<p><img fetchpriority=\"high\" decoding=\"async\" class=\"alignnone size-full wp-image-15013\" src=\"https:\/\/dorogimedence.hu\/wp-content\/uploads\/2019\/02\/simon-tibor-02.jpg\" alt=\"\" width=\"670\" height=\"365\" srcset=\"https:\/\/dorogimedence.hu\/wp-content\/uploads\/2019\/02\/simon-tibor-02.jpg 670w, https:\/\/dorogimedence.hu\/wp-content\/uploads\/2019\/02\/simon-tibor-02-300x163.jpg 300w\" sizes=\"(max-width: 670px) 100vw, 670px\" \/><\/p>\n<p>A s\u00e1toralja\u00fajhelyi sz\u00fclet\u00e9s\u0171 tan\u00e1r \u00far mes\u00e9lt kiskuns\u00e1gi \u00e9s \u00f6rm\u00e9ny sz\u00e1rmaz\u00e1s\u00e1r\u00f3l, arr\u00f3l hogy eg\u00e9sz csal\u00e1dja pedag\u00f3gus: nagysz\u00fclei, sz\u00fclei, \u00e9s m\u00e9g gyermekei is. Azt mondja, meg se fordult a fej\u00e9ben, hogy m\u00e1s p\u00e1ly\u00e1t v\u00e1lasszon. \u201eEl\u00e9g cs\u0151l\u00e1t\u00e1s\u00fa egy fam\u00edlia\u201d- viccelt. Nem is eml\u00e9kszik olyanra gyermekkor\u00e1b\u00f3l, hogy fog\u00f3csk\u00e1ztak vagy b\u00faj\u00f3csk\u00e1ztak volna, mert mindig csak \u201etan\u00edt\u00f3sdit\u201d j\u00e1tszottak, mely j\u00e1t\u00e9kokban mindig \u0151 volt a tan\u00edt\u00f3, mes\u00e9lte. Megtudtuk, hogy \u00e9desapj\u00e1t hogyan v\u00e1rta haza az orosz hadifogs\u00e1gb\u00f3l h\u00e9t \u00e9vesen: egy f\u00e9nyk\u00e9ppel a kez\u00e9ben azonos\u00edtotta be a vonatr\u00f3l lesz\u00e1ll\u00f3 emberek arc\u00e1t. Fogs\u00e1gban l\u00e9v\u0151 apj\u00e1val a Magyar V\u00f6r\u00f6skereszt seg\u00edts\u00e9g\u00e9vel tartott\u00e1k a kapcsolatot. Sz\u00edvszor\u00edt\u00f3 volt az a t\u00f6rt\u00e9nete is, mikor apja lev\u00e9lben rajzolta meg nekik, ki mit kapna abban az \u00e9vben kar\u00e1csonyra. A sport volt a mindene, ha ez m\u00e1r nem is l\u00e1tszik \u2013 mondta mag\u00e1r\u00f3l tr\u00e9f\u00e1san. Asztalitenisz, atl\u00e9tika megyei bajnok volt B\u00e1cs-Kiskun megy\u00e9ben. Visszaeml\u00e9kezett a M\u00e9nesi \u00fati koll\u00e9giumi id\u0151kre, amit Baranyi Ferenccel, Bogn\u00e1r Ferenccel, \u00dajhelyi J\u00e1nossal, Bella Istv\u00e1nnal t\u00f6lt\u00f6tt, de dolgozott egy\u00fctt Psota Ir\u00e9n m\u00e1sodik f\u00e9rj\u00e9vel is az iskola t\u00e9v\u00e9nek, valamint Acz\u00e9l Gy\u00f6rggyel is \u00f6sszesodorta az \u00e9let. Cset\u00e9nyi J\u00f3zsefre, a dorogi b\u00e1nyag\u00e9p\u00e9szeti technikum volt igazgat\u00f3j\u00e1ra eml\u00e9kezett, akivel egy napon sz\u00fcletett, ugyanabban az \u00e9vben. Mes\u00e9lt pedag\u00f3gus \u00e9veir\u0151l, a 9-es sz\u00e1m\u00fa G\u00e9pipari Technikum Botty\u00e1n J\u00e1nos nev\u00e9nek felv\u00e9tel\u00e9r\u0151l. Az 1964\/65-\u00f6s tan\u00e9vben ezer f\u0151n\u00e9l t\u00f6bb beiratkozott di\u00e1kja volt az int\u00e9zm\u00e9nynek, az esti \u00e9s a levelez\u0151 tagozattal egy\u00fctt, feltehet\u0151leg a h\u00e1bor\u00fa ut\u00e1ni iparosod\u00e1snak \u00e9s a baby boomnak k\u00f6sz\u00f6nhet\u0151en.<\/p>\n<p>A besz\u00e9lget\u00e9s v\u00e9g\u00e9n megk\u00f6sz\u00f6nte a sok kedves volt di\u00e1kj\u00e1nak, hogy itt voltak \u00fajra, valamint a t\u00f6bbi \u00e9rdekl\u0151d\u0151nek a r\u00e9szv\u00e9tel\u00e9t. A tan\u00e1rs\u00e1ga idej\u00e9n kedvencc\u00e9 v\u00e1lt House of the Rising Sun c. \u201960-as \u00e9vekbeli zen\u00e9vel b\u00facs\u00faztunk t\u0151le.<\/p>\n<p><em><strong>K\u00e1rp\u00e1ti-Beneda \u00c1gnes<\/strong><\/em><\/p>\n<p><em>Fot\u00f3k: Steindl N\u00f3ra<\/em><\/p>\n","protected":false},"excerpt":{"rendered":"<p>Az esztergomi Helischer J\u00f3zsef V\u00e1rosi K\u00f6nyvt\u00e1r &#8222;K\u00f6zt\u00fcnk \u00e9lnek&#8221; c\u00edm\u0171 sorozat\u00e1nak febru\u00e1r 18-i vend\u00e9ge Simon Tibor nyugalmazott pedag\u00f3gus volt. Az est folyam\u00e1n betekint\u00e9st kaphattunk a Pro Urbe-d\u00edjas tan\u00e1r \u00e9letm\u0171v\u00e9be. A volt magyar-t\u00f6rt\u00e9nelem szakos k\u00f6z\u00e9piskolai tan\u00e1r, Esztergom utols\u00f3 tan\u00e1cseln\u00f6k\u00e9nek \u00e9let\u00e9b\u0151l hallhatunk \u00e9rdekes, gondolat\u00e9breszt\u0151 szemelv\u00e9nyeket. Besz\u00e9lget\u0151partnere Sink\u00f3 Gyula volt. Simon Tibor manaps\u00e1g is t\u00f6bb v\u00e1rosv\u00e9d\u0151 egyes\u00fclet tagja. 1992-ben<\/p>\n","protected":false},"author":1,"featured_media":15012,"comment_status":"closed","ping_status":"closed","sticky":false,"template":"","format":"standard","meta":{"ngg_post_thumbnail":0,"footnotes":""},"categories":[38,3],"tags":[173,42,1609,144,1606,101],"class_list":{"0":"post-15011","1":"post","2":"type-post","3":"status-publish","4":"format-standard","5":"has-post-thumbnail","7":"category-esztergom","8":"category-hirek","9":"tag-eloadas","10":"tag-esztergom","11":"tag-esztergomi-konyvtar","12":"tag-konyvtar","13":"tag-koztunk-elnek","14":"tag-program"},"yoast_head":"<!-- This site is optimized with the Yoast SEO plugin v27.4 - https:\/\/yoast.com\/product\/yoast-seo-wordpress\/ -->\n<title>Simon Tibor nyugd\u00edjas tan\u00e1rt l\u00e1tta vend\u00e9g\u00fcl az esztergomi k\u00f6nyvt\u00e1r<\/title>\n<meta name=\"robots\" content=\"index, follow, max-snippet:-1, max-image-preview:large, max-video-preview:-1\" \/>\n<link rel=\"canonical\" href=\"https:\/\/dorogimedence.hu\/index.php\/2019\/02\/21\/simon-tibor-nyugdijas-tanart-latta-vendegul-az-esztergomi-konyvtar\/\" class=\"yoast-seo-meta-tag\" \/>\n<meta property=\"og:locale\" content=\"hu_HU\" class=\"yoast-seo-meta-tag\" \/>\n<meta property=\"og:type\" content=\"article\" class=\"yoast-seo-meta-tag\" \/>\n<meta property=\"og:title\" content=\"Simon Tibor nyugd\u00edjas tan\u00e1rt l\u00e1tta vend\u00e9g\u00fcl az esztergomi k\u00f6nyvt\u00e1r\" class=\"yoast-seo-meta-tag\" \/>\n<meta property=\"og:description\" content=\"Az esztergomi Helischer J\u00f3zsef V\u00e1rosi K\u00f6nyvt\u00e1r &#8222;K\u00f6zt\u00fcnk \u00e9lnek&#8221; c\u00edm\u0171 sorozat\u00e1nak febru\u00e1r 18-i vend\u00e9ge Simon Tibor nyugalmazott pedag\u00f3gus volt. Az est folyam\u00e1n betekint\u00e9st kaphattunk a Pro Urbe-d\u00edjas tan\u00e1r \u00e9letm\u0171v\u00e9be. A volt magyar-t\u00f6rt\u00e9nelem szakos k\u00f6z\u00e9piskolai tan\u00e1r, Esztergom utols\u00f3 tan\u00e1cseln\u00f6k\u00e9nek \u00e9let\u00e9b\u0151l hallhatunk \u00e9rdekes, gondolat\u00e9breszt\u0151 szemelv\u00e9nyeket. Besz\u00e9lget\u0151partnere Sink\u00f3 Gyula volt. Simon Tibor manaps\u00e1g is t\u00f6bb v\u00e1rosv\u00e9d\u0151 egyes\u00fclet tagja. 1992-ben\" class=\"yoast-seo-meta-tag\" \/>\n<meta property=\"og:url\" content=\"https:\/\/dorogimedence.hu\/index.php\/2019\/02\/21\/simon-tibor-nyugdijas-tanart-latta-vendegul-az-esztergomi-konyvtar\/\" class=\"yoast-seo-meta-tag\" \/>\n<meta property=\"og:site_name\" content=\"Dorogi-medence Region\u00e1lis H\u00edrport\u00e1l\" class=\"yoast-seo-meta-tag\" \/>\n<meta property=\"article:publisher\" content=\"https:\/\/www.facebook.com\/dorogimedence\/\" class=\"yoast-seo-meta-tag\" \/>\n<meta property=\"article:published_time\" content=\"2019-02-21T06:08:00+00:00\" class=\"yoast-seo-meta-tag\" \/>\n<meta property=\"og:image\" content=\"https:\/\/i0.wp.com\/dorogimedence.hu\/wp-content\/uploads\/2019\/02\/simon-tibor-01.jpg?fit=670%2C365&ssl=1\" class=\"yoast-seo-meta-tag\" \/>\n\t<meta property=\"og:image:width\" content=\"670\" class=\"yoast-seo-meta-tag\" \/>\n\t<meta property=\"og:image:height\" content=\"365\" class=\"yoast-seo-meta-tag\" \/>\n\t<meta property=\"og:image:type\" content=\"image\/jpeg\" class=\"yoast-seo-meta-tag\" \/>\n<meta name=\"author\" content=\"dorogimedence.hu\" class=\"yoast-seo-meta-tag\" \/>\n<meta name=\"twitter:card\" content=\"summary_large_image\" class=\"yoast-seo-meta-tag\" \/>\n<meta name=\"twitter:label1\" content=\"Szerz\u0151:\" class=\"yoast-seo-meta-tag\" \/>\n\t<meta name=\"twitter:data1\" content=\"dorogimedence.hu\" class=\"yoast-seo-meta-tag\" \/>\n\t<meta name=\"twitter:label2\" content=\"Becs\u00fclt olvas\u00e1si id\u0151\" class=\"yoast-seo-meta-tag\" \/>\n\t<meta name=\"twitter:data2\" content=\"3 perc\" class=\"yoast-seo-meta-tag\" \/>\n<script type=\"application\/ld+json\" class=\"yoast-schema-graph\">{\"@context\":\"https:\\\/\\\/schema.org\",\"@graph\":[{\"@type\":\"Article\",\"@id\":\"https:\\\/\\\/dorogimedence.hu\\\/index.php\\\/2019\\\/02\\\/21\\\/simon-tibor-nyugdijas-tanart-latta-vendegul-az-esztergomi-konyvtar\\\/#article\",\"isPartOf\":{\"@id\":\"https:\\\/\\\/dorogimedence.hu\\\/index.php\\\/2019\\\/02\\\/21\\\/simon-tibor-nyugdijas-tanart-latta-vendegul-az-esztergomi-konyvtar\\\/\"},\"author\":{\"name\":\"dorogimedence.hu\",\"@id\":\"https:\\\/\\\/dorogimedence.hu\\\/#\\\/schema\\\/person\\\/ce6091eeb7e95ecdc87890d6aa8e0fd4\"},\"headline\":\"Simon Tibor nyugd\u00edjas tan\u00e1rt l\u00e1tta vend\u00e9g\u00fcl az esztergomi k\u00f6nyvt\u00e1r\",\"datePublished\":\"2019-02-21T06:08:00+00:00\",\"mainEntityOfPage\":{\"@id\":\"https:\\\/\\\/dorogimedence.hu\\\/index.php\\\/2019\\\/02\\\/21\\\/simon-tibor-nyugdijas-tanart-latta-vendegul-az-esztergomi-konyvtar\\\/\"},\"wordCount\":691,\"publisher\":{\"@id\":\"https:\\\/\\\/dorogimedence.hu\\\/#organization\"},\"image\":{\"@id\":\"https:\\\/\\\/dorogimedence.hu\\\/index.php\\\/2019\\\/02\\\/21\\\/simon-tibor-nyugdijas-tanart-latta-vendegul-az-esztergomi-konyvtar\\\/#primaryimage\"},\"thumbnailUrl\":\"https:\\\/\\\/dorogimedence.hu\\\/wp-content\\\/uploads\\\/2019\\\/02\\\/simon-tibor-01.jpg\",\"keywords\":[\"el\u0151ad\u00e1s\",\"esztergom\",\"esztergomi k\u00f6nyvt\u00e1r\",\"k\u00f6nyvt\u00e1r\",\"K\u00f6zt\u00fcnk \u00e9lnek\",\"program\"],\"articleSection\":[\"Esztergom\",\"H\u00edrek\"],\"inLanguage\":\"hu\"},{\"@type\":\"WebPage\",\"@id\":\"https:\\\/\\\/dorogimedence.hu\\\/index.php\\\/2019\\\/02\\\/21\\\/simon-tibor-nyugdijas-tanart-latta-vendegul-az-esztergomi-konyvtar\\\/\",\"url\":\"https:\\\/\\\/dorogimedence.hu\\\/index.php\\\/2019\\\/02\\\/21\\\/simon-tibor-nyugdijas-tanart-latta-vendegul-az-esztergomi-konyvtar\\\/\",\"name\":\"Simon Tibor nyugd\u00edjas tan\u00e1rt l\u00e1tta vend\u00e9g\u00fcl az esztergomi k\u00f6nyvt\u00e1r\",\"isPartOf\":{\"@id\":\"https:\\\/\\\/dorogimedence.hu\\\/#website\"},\"primaryImageOfPage\":{\"@id\":\"https:\\\/\\\/dorogimedence.hu\\\/index.php\\\/2019\\\/02\\\/21\\\/simon-tibor-nyugdijas-tanart-latta-vendegul-az-esztergomi-konyvtar\\\/#primaryimage\"},\"image\":{\"@id\":\"https:\\\/\\\/dorogimedence.hu\\\/index.php\\\/2019\\\/02\\\/21\\\/simon-tibor-nyugdijas-tanart-latta-vendegul-az-esztergomi-konyvtar\\\/#primaryimage\"},\"thumbnailUrl\":\"https:\\\/\\\/dorogimedence.hu\\\/wp-content\\\/uploads\\\/2019\\\/02\\\/simon-tibor-01.jpg\",\"datePublished\":\"2019-02-21T06:08:00+00:00\",\"breadcrumb\":{\"@id\":\"https:\\\/\\\/dorogimedence.hu\\\/index.php\\\/2019\\\/02\\\/21\\\/simon-tibor-nyugdijas-tanart-latta-vendegul-az-esztergomi-konyvtar\\\/#breadcrumb\"},\"inLanguage\":\"hu\",\"potentialAction\":[{\"@type\":\"ReadAction\",\"target\":[\"https:\\\/\\\/dorogimedence.hu\\\/index.php\\\/2019\\\/02\\\/21\\\/simon-tibor-nyugdijas-tanart-latta-vendegul-az-esztergomi-konyvtar\\\/\"]}]},{\"@type\":\"ImageObject\",\"inLanguage\":\"hu\",\"@id\":\"https:\\\/\\\/dorogimedence.hu\\\/index.php\\\/2019\\\/02\\\/21\\\/simon-tibor-nyugdijas-tanart-latta-vendegul-az-esztergomi-konyvtar\\\/#primaryimage\",\"url\":\"https:\\\/\\\/dorogimedence.hu\\\/wp-content\\\/uploads\\\/2019\\\/02\\\/simon-tibor-01.jpg\",\"contentUrl\":\"https:\\\/\\\/dorogimedence.hu\\\/wp-content\\\/uploads\\\/2019\\\/02\\\/simon-tibor-01.jpg\",\"width\":670,\"height\":365},{\"@type\":\"BreadcrumbList\",\"@id\":\"https:\\\/\\\/dorogimedence.hu\\\/index.php\\\/2019\\\/02\\\/21\\\/simon-tibor-nyugdijas-tanart-latta-vendegul-az-esztergomi-konyvtar\\\/#breadcrumb\",\"itemListElement\":[{\"@type\":\"ListItem\",\"position\":1,\"name\":\"Kezd\u0151lap\",\"item\":\"https:\\\/\\\/dorogimedence.hu\\\/\"},{\"@type\":\"ListItem\",\"position\":2,\"name\":\"Simon Tibor nyugd\u00edjas tan\u00e1rt l\u00e1tta vend\u00e9g\u00fcl az esztergomi k\u00f6nyvt\u00e1r\"}]},{\"@type\":\"WebSite\",\"@id\":\"https:\\\/\\\/dorogimedence.hu\\\/#website\",\"url\":\"https:\\\/\\\/dorogimedence.hu\\\/\",\"name\":\"Dorogi-medence Region\u00e1lis H\u00edrport\u00e1l\",\"description\":\"Dorog, Keszt\u00f6lc, Le\u00e1nyv\u00e1r, Piliscs\u00e9v, Tokod, Tokodalt\u00e1r\u00f3, Csolnok, Esztergom-kertv\u00e1ros: h\u00edrek, programok\",\"publisher\":{\"@id\":\"https:\\\/\\\/dorogimedence.hu\\\/#organization\"},\"potentialAction\":[{\"@type\":\"SearchAction\",\"target\":{\"@type\":\"EntryPoint\",\"urlTemplate\":\"https:\\\/\\\/dorogimedence.hu\\\/?s={search_term_string}\"},\"query-input\":{\"@type\":\"PropertyValueSpecification\",\"valueRequired\":true,\"valueName\":\"search_term_string\"}}],\"inLanguage\":\"hu\"},{\"@type\":\"Organization\",\"@id\":\"https:\\\/\\\/dorogimedence.hu\\\/#organization\",\"name\":\"Dorogi-medence Region\u00e1lis H\u00edrport\u00e1l\",\"url\":\"https:\\\/\\\/dorogimedence.hu\\\/\",\"logo\":{\"@type\":\"ImageObject\",\"inLanguage\":\"hu\",\"@id\":\"https:\\\/\\\/dorogimedence.hu\\\/#\\\/schema\\\/logo\\\/image\\\/\",\"url\":\"https:\\\/\\\/dorogimedence.hu\\\/wp-content\\\/uploads\\\/2021\\\/04\\\/logo-feher-600.png\",\"contentUrl\":\"https:\\\/\\\/dorogimedence.hu\\\/wp-content\\\/uploads\\\/2021\\\/04\\\/logo-feher-600.png\",\"width\":600,\"height\":100,\"caption\":\"Dorogi-medence Region\u00e1lis H\u00edrport\u00e1l\"},\"image\":{\"@id\":\"https:\\\/\\\/dorogimedence.hu\\\/#\\\/schema\\\/logo\\\/image\\\/\"},\"sameAs\":[\"https:\\\/\\\/www.facebook.com\\\/dorogimedence\\\/\"]},{\"@type\":\"Person\",\"@id\":\"https:\\\/\\\/dorogimedence.hu\\\/#\\\/schema\\\/person\\\/ce6091eeb7e95ecdc87890d6aa8e0fd4\",\"name\":\"dorogimedence.hu\",\"image\":{\"@type\":\"ImageObject\",\"inLanguage\":\"hu\",\"@id\":\"\\\/\\\/www.gravatar.com\\\/avatar\\\/d8d45f8901aadff40a4af72c0b826f1d?s=96&#038;r=g&#038;d=mm\",\"url\":\"\\\/\\\/www.gravatar.com\\\/avatar\\\/d8d45f8901aadff40a4af72c0b826f1d?s=96&#038;r=g&#038;d=mm\",\"contentUrl\":\"\\\/\\\/www.gravatar.com\\\/avatar\\\/d8d45f8901aadff40a4af72c0b826f1d?s=96&#038;r=g&#038;d=mm\",\"caption\":\"dorogimedence.hu\"}}]}<\/script>\n<!-- \/ Yoast SEO plugin. -->","yoast_head_json":{"title":"Simon Tibor nyugd\u00edjas tan\u00e1rt l\u00e1tta vend\u00e9g\u00fcl az esztergomi k\u00f6nyvt\u00e1r","robots":{"index":"index","follow":"follow","max-snippet":"max-snippet:-1","max-image-preview":"max-image-preview:large","max-video-preview":"max-video-preview:-1"},"canonical":"https:\/\/dorogimedence.hu\/index.php\/2019\/02\/21\/simon-tibor-nyugdijas-tanart-latta-vendegul-az-esztergomi-konyvtar\/","og_locale":"hu_HU","og_type":"article","og_title":"Simon Tibor nyugd\u00edjas tan\u00e1rt l\u00e1tta vend\u00e9g\u00fcl az esztergomi k\u00f6nyvt\u00e1r","og_description":"Az esztergomi Helischer J\u00f3zsef V\u00e1rosi K\u00f6nyvt\u00e1r &#8222;K\u00f6zt\u00fcnk \u00e9lnek&#8221; c\u00edm\u0171 sorozat\u00e1nak febru\u00e1r 18-i vend\u00e9ge Simon Tibor nyugalmazott pedag\u00f3gus volt. Az est folyam\u00e1n betekint\u00e9st kaphattunk a Pro Urbe-d\u00edjas tan\u00e1r \u00e9letm\u0171v\u00e9be. A volt magyar-t\u00f6rt\u00e9nelem szakos k\u00f6z\u00e9piskolai tan\u00e1r, Esztergom utols\u00f3 tan\u00e1cseln\u00f6k\u00e9nek \u00e9let\u00e9b\u0151l hallhatunk \u00e9rdekes, gondolat\u00e9breszt\u0151 szemelv\u00e9nyeket. Besz\u00e9lget\u0151partnere Sink\u00f3 Gyula volt. Simon Tibor manaps\u00e1g is t\u00f6bb v\u00e1rosv\u00e9d\u0151 egyes\u00fclet tagja. 1992-ben","og_url":"https:\/\/dorogimedence.hu\/index.php\/2019\/02\/21\/simon-tibor-nyugdijas-tanart-latta-vendegul-az-esztergomi-konyvtar\/","og_site_name":"Dorogi-medence Region\u00e1lis H\u00edrport\u00e1l","article_publisher":"https:\/\/www.facebook.com\/dorogimedence\/","article_published_time":"2019-02-21T06:08:00+00:00","og_image":[{"width":670,"height":365,"url":"https:\/\/i0.wp.com\/dorogimedence.hu\/wp-content\/uploads\/2019\/02\/simon-tibor-01.jpg?fit=670%2C365&ssl=1","type":"image\/jpeg"}],"author":"dorogimedence.hu","twitter_card":"summary_large_image","twitter_misc":{"Szerz\u0151:":"dorogimedence.hu","Becs\u00fclt olvas\u00e1si id\u0151":"3 perc"},"schema":{"@context":"https:\/\/schema.org","@graph":[{"@type":"Article","@id":"https:\/\/dorogimedence.hu\/index.php\/2019\/02\/21\/simon-tibor-nyugdijas-tanart-latta-vendegul-az-esztergomi-konyvtar\/#article","isPartOf":{"@id":"https:\/\/dorogimedence.hu\/index.php\/2019\/02\/21\/simon-tibor-nyugdijas-tanart-latta-vendegul-az-esztergomi-konyvtar\/"},"author":{"name":"dorogimedence.hu","@id":"https:\/\/dorogimedence.hu\/#\/schema\/person\/ce6091eeb7e95ecdc87890d6aa8e0fd4"},"headline":"Simon Tibor nyugd\u00edjas tan\u00e1rt l\u00e1tta vend\u00e9g\u00fcl az esztergomi k\u00f6nyvt\u00e1r","datePublished":"2019-02-21T06:08:00+00:00","mainEntityOfPage":{"@id":"https:\/\/dorogimedence.hu\/index.php\/2019\/02\/21\/simon-tibor-nyugdijas-tanart-latta-vendegul-az-esztergomi-konyvtar\/"},"wordCount":691,"publisher":{"@id":"https:\/\/dorogimedence.hu\/#organization"},"image":{"@id":"https:\/\/dorogimedence.hu\/index.php\/2019\/02\/21\/simon-tibor-nyugdijas-tanart-latta-vendegul-az-esztergomi-konyvtar\/#primaryimage"},"thumbnailUrl":"https:\/\/dorogimedence.hu\/wp-content\/uploads\/2019\/02\/simon-tibor-01.jpg","keywords":["el\u0151ad\u00e1s","esztergom","esztergomi k\u00f6nyvt\u00e1r","k\u00f6nyvt\u00e1r","K\u00f6zt\u00fcnk \u00e9lnek","program"],"articleSection":["Esztergom","H\u00edrek"],"inLanguage":"hu"},{"@type":"WebPage","@id":"https:\/\/dorogimedence.hu\/index.php\/2019\/02\/21\/simon-tibor-nyugdijas-tanart-latta-vendegul-az-esztergomi-konyvtar\/","url":"https:\/\/dorogimedence.hu\/index.php\/2019\/02\/21\/simon-tibor-nyugdijas-tanart-latta-vendegul-az-esztergomi-konyvtar\/","name":"Simon Tibor nyugd\u00edjas tan\u00e1rt l\u00e1tta vend\u00e9g\u00fcl az esztergomi k\u00f6nyvt\u00e1r","isPartOf":{"@id":"https:\/\/dorogimedence.hu\/#website"},"primaryImageOfPage":{"@id":"https:\/\/dorogimedence.hu\/index.php\/2019\/02\/21\/simon-tibor-nyugdijas-tanart-latta-vendegul-az-esztergomi-konyvtar\/#primaryimage"},"image":{"@id":"https:\/\/dorogimedence.hu\/index.php\/2019\/02\/21\/simon-tibor-nyugdijas-tanart-latta-vendegul-az-esztergomi-konyvtar\/#primaryimage"},"thumbnailUrl":"https:\/\/dorogimedence.hu\/wp-content\/uploads\/2019\/02\/simon-tibor-01.jpg","datePublished":"2019-02-21T06:08:00+00:00","breadcrumb":{"@id":"https:\/\/dorogimedence.hu\/index.php\/2019\/02\/21\/simon-tibor-nyugdijas-tanart-latta-vendegul-az-esztergomi-konyvtar\/#breadcrumb"},"inLanguage":"hu","potentialAction":[{"@type":"ReadAction","target":["https:\/\/dorogimedence.hu\/index.php\/2019\/02\/21\/simon-tibor-nyugdijas-tanart-latta-vendegul-az-esztergomi-konyvtar\/"]}]},{"@type":"ImageObject","inLanguage":"hu","@id":"https:\/\/dorogimedence.hu\/index.php\/2019\/02\/21\/simon-tibor-nyugdijas-tanart-latta-vendegul-az-esztergomi-konyvtar\/#primaryimage","url":"https:\/\/dorogimedence.hu\/wp-content\/uploads\/2019\/02\/simon-tibor-01.jpg","contentUrl":"https:\/\/dorogimedence.hu\/wp-content\/uploads\/2019\/02\/simon-tibor-01.jpg","width":670,"height":365},{"@type":"BreadcrumbList","@id":"https:\/\/dorogimedence.hu\/index.php\/2019\/02\/21\/simon-tibor-nyugdijas-tanart-latta-vendegul-az-esztergomi-konyvtar\/#breadcrumb","itemListElement":[{"@type":"ListItem","position":1,"name":"Kezd\u0151lap","item":"https:\/\/dorogimedence.hu\/"},{"@type":"ListItem","position":2,"name":"Simon Tibor nyugd\u00edjas tan\u00e1rt l\u00e1tta vend\u00e9g\u00fcl az esztergomi k\u00f6nyvt\u00e1r"}]},{"@type":"WebSite","@id":"https:\/\/dorogimedence.hu\/#website","url":"https:\/\/dorogimedence.hu\/","name":"Dorogi-medence Region\u00e1lis H\u00edrport\u00e1l","description":"Dorog, Keszt\u00f6lc, Le\u00e1nyv\u00e1r, Piliscs\u00e9v, Tokod, Tokodalt\u00e1r\u00f3, Csolnok, Esztergom-kertv\u00e1ros: h\u00edrek, programok","publisher":{"@id":"https:\/\/dorogimedence.hu\/#organization"},"potentialAction":[{"@type":"SearchAction","target":{"@type":"EntryPoint","urlTemplate":"https:\/\/dorogimedence.hu\/?s={search_term_string}"},"query-input":{"@type":"PropertyValueSpecification","valueRequired":true,"valueName":"search_term_string"}}],"inLanguage":"hu"},{"@type":"Organization","@id":"https:\/\/dorogimedence.hu\/#organization","name":"Dorogi-medence Region\u00e1lis H\u00edrport\u00e1l","url":"https:\/\/dorogimedence.hu\/","logo":{"@type":"ImageObject","inLanguage":"hu","@id":"https:\/\/dorogimedence.hu\/#\/schema\/logo\/image\/","url":"https:\/\/dorogimedence.hu\/wp-content\/uploads\/2021\/04\/logo-feher-600.png","contentUrl":"https:\/\/dorogimedence.hu\/wp-content\/uploads\/2021\/04\/logo-feher-600.png","width":600,"height":100,"caption":"Dorogi-medence Region\u00e1lis H\u00edrport\u00e1l"},"image":{"@id":"https:\/\/dorogimedence.hu\/#\/schema\/logo\/image\/"},"sameAs":["https:\/\/www.facebook.com\/dorogimedence\/"]},{"@type":"Person","@id":"https:\/\/dorogimedence.hu\/#\/schema\/person\/ce6091eeb7e95ecdc87890d6aa8e0fd4","name":"dorogimedence.hu","image":{"@type":"ImageObject","inLanguage":"hu","@id":"\/\/www.gravatar.com\/avatar\/d8d45f8901aadff40a4af72c0b826f1d?s=96&#038;r=g&#038;d=mm","url":"\/\/www.gravatar.com\/avatar\/d8d45f8901aadff40a4af72c0b826f1d?s=96&#038;r=g&#038;d=mm","contentUrl":"\/\/www.gravatar.com\/avatar\/d8d45f8901aadff40a4af72c0b826f1d?s=96&#038;r=g&#038;d=mm","caption":"dorogimedence.hu"}}]}},"_links":{"self":[{"href":"https:\/\/dorogimedence.hu\/index.php\/wp-json\/wp\/v2\/posts\/15011","targetHints":{"allow":["GET"]}}],"collection":[{"href":"https:\/\/dorogimedence.hu\/index.php\/wp-json\/wp\/v2\/posts"}],"about":[{"href":"https:\/\/dorogimedence.hu\/index.php\/wp-json\/wp\/v2\/types\/post"}],"author":[{"embeddable":true,"href":"https:\/\/dorogimedence.hu\/index.php\/wp-json\/wp\/v2\/users\/1"}],"replies":[{"embeddable":true,"href":"https:\/\/dorogimedence.hu\/index.php\/wp-json\/wp\/v2\/comments?post=15011"}],"version-history":[{"count":0,"href":"https:\/\/dorogimedence.hu\/index.php\/wp-json\/wp\/v2\/posts\/15011\/revisions"}],"wp:featuredmedia":[{"embeddable":true,"href":"https:\/\/dorogimedence.hu\/index.php\/wp-json\/wp\/v2\/media\/15012"}],"wp:attachment":[{"href":"https:\/\/dorogimedence.hu\/index.php\/wp-json\/wp\/v2\/media?parent=15011"}],"wp:term":[{"taxonomy":"category","embeddable":true,"href":"https:\/\/dorogimedence.hu\/index.php\/wp-json\/wp\/v2\/categories?post=15011"},{"taxonomy":"post_tag","embeddable":true,"href":"https:\/\/dorogimedence.hu\/index.php\/wp-json\/wp\/v2\/tags?post=15011"}],"curies":[{"name":"wp","href":"https:\/\/api.w.org\/{rel}","templated":true}]}}