{"id":14914,"date":"2019-02-16T11:28:56","date_gmt":"2019-02-16T10:28:56","guid":{"rendered":"http:\/\/dorogimedence.hu\/?p=14914"},"modified":"2019-02-16T11:28:56","modified_gmt":"2019-02-16T10:28:56","slug":"rendszeresen-trukkozott-a-rendszammal-vegul-lebukott","status":"publish","type":"post","link":"https:\/\/dorogimedence.hu\/index.php\/2019\/02\/16\/rendszeresen-trukkozott-a-rendszammal-vegul-lebukott\/","title":{"rendered":"Rendszeresen tr\u00fckk\u00f6z\u00f6tt a rendsz\u00e1mmal, v\u00e9g\u00fcl lebukott"},"content":{"rendered":"<div class=\"lead-text\">\n<p><strong>M\u00e1sik aut\u00f3hoz tartoz\u00f3 rendsz\u00e1mot szerelt fel g\u00e9pkocsij\u00e1ra egy esztergomi f\u00e9rfi. Ezt n\u00e9gy napon bel\u00fcl k\u00e9tszer is megtette.<\/strong><\/p>\n<\/div>\n<div class=\"body-text\">\n<p>A helyi j\u00e1r\u0151r\u00f6k Esztergomban \u00e1ll\u00edtottak meg egy Suzuki t\u00edpus\u00fa szem\u00e9lyg\u00e9pkocsival k\u00f6zleked\u0151 f\u00e9rfit 2019. janu\u00e1r 25-\u00e9n reggel. A sof\u0151r az egyenruh\u00e1soknak nem tudta \u00e1tadni a jogos\u00edtv\u00e1ny\u00e1t, mivel azzal nem rendelkezett. Az int\u00e9zked\u00e9s sor\u00e1n kider\u00fclt, hogy a f\u00e9rfi egy m\u00e1sik aut\u00f3hoz tartoz\u00f3 rendsz\u00e1mot szerelt fel a j\u00e1rm\u0171v\u00e9re. E. M. elmondta a rend\u0151r\u00f6knek, hogy a j\u00e1rm\u0171 ki van vonva a forgalomb\u00f3l, de hogy k\u00f6zlekedhessen vele, r\u00e1szerelte egy m\u00e1sik, szint\u00e9n a tulajdon\u00e1ban l\u00e9v\u0151 g\u00e9pkocsi rendsz\u00e1m\u00e1t. Nem volt ismeretlen a f\u00e9rfi az esztergomi rend\u0151r\u00f6k el\u0151tt, hiszen n\u00e9gy nappal kor\u00e1bban hasonl\u00f3 \u00fcgy kapcs\u00e1n int\u00e9zkedtek vele szemben. Akkor szint\u00e9n egy m\u00e1sik j\u00e1rm\u0171h\u00f6z tart\u00f3z\u00f3 hat\u00f3s\u00e1gi jelz\u00e9st szerelt fel ugyanerre a g\u00e9pkocsira \u00e9s ugyancsak k\u00f6z\u00fati ellen\u0151rz\u00e9s sor\u00e1n der\u00fclt erre f\u00e9ny. A f\u00e9rfit a rend\u0151r\u00f6k el\u0151\u00e1ll\u00edtott\u00e1k az Esztergomi Rend\u0151rkapit\u00e1nys\u00e1gra, ahol a nyomoz\u00f3k egyedi azonos\u00edt\u00f3 jellel vissza\u00e9l\u00e9s b\u0171ntette elk\u00f6vet\u00e9s\u00e9nek megalapozott gyan\u00faja miatt hallgatt\u00e1k ki gyan\u00fas\u00edtottk\u00e9nt.<\/p>\n<p>A nyomoz\u00e1s vizsg\u00e1lati szakasz\u00e1ban az Esztergomi Rend\u0151rkapit\u00e1nys\u00e1g a sz\u00fcks\u00e9ges elj\u00e1r\u00e1si cselekm\u00e9nyeket elv\u00e9gezte \u00e9s az iratokat \u00e1tadta az \u00fcgy\u00e9szs\u00e9gnek.<\/p>\n<p><em>Forr\u00e1s: police.hu<\/em><\/p>\n<\/div>\n","protected":false},"excerpt":{"rendered":"<p>M\u00e1sik aut\u00f3hoz tartoz\u00f3 rendsz\u00e1mot szerelt fel g\u00e9pkocsij\u00e1ra egy esztergomi f\u00e9rfi. Ezt n\u00e9gy napon bel\u00fcl k\u00e9tszer is megtette. A helyi j\u00e1r\u0151r\u00f6k Esztergomban \u00e1ll\u00edtottak meg egy Suzuki t\u00edpus\u00fa szem\u00e9lyg\u00e9pkocsival k\u00f6zleked\u0151 f\u00e9rfit 2019. janu\u00e1r 25-\u00e9n reggel. A sof\u0151r az egyenruh\u00e1soknak nem tudta \u00e1tadni a jogos\u00edtv\u00e1ny\u00e1t, mivel azzal nem rendelkezett. Az int\u00e9zked\u00e9s sor\u00e1n kider\u00fclt, hogy a f\u00e9rfi egy m\u00e1sik<\/p>\n","protected":false},"author":1,"featured_media":4008,"comment_status":"closed","ping_status":"closed","sticky":false,"template":"","format":"standard","meta":{"ngg_post_thumbnail":0,"footnotes":""},"categories":[38,3],"tags":[63,42,61,1192],"class_list":{"0":"post-14914","1":"post","2":"type-post","3":"status-publish","4":"format-standard","5":"has-post-thumbnail","7":"category-esztergom","8":"category-hirek","9":"tag-buncselekmeny","10":"tag-esztergom","11":"tag-rendorsegi-hirek","12":"tag-rendszam"},"yoast_head":"<!-- This site is optimized with the Yoast SEO plugin v27.4 - https:\/\/yoast.com\/product\/yoast-seo-wordpress\/ -->\n<title>Rendszeresen tr\u00fckk\u00f6z\u00f6tt a rendsz\u00e1mmal, v\u00e9g\u00fcl lebukott<\/title>\n<meta name=\"robots\" content=\"index, follow, max-snippet:-1, max-image-preview:large, max-video-preview:-1\" \/>\n<link rel=\"canonical\" href=\"https:\/\/dorogimedence.hu\/index.php\/2019\/02\/16\/rendszeresen-trukkozott-a-rendszammal-vegul-lebukott\/\" class=\"yoast-seo-meta-tag\" \/>\n<meta property=\"og:locale\" content=\"hu_HU\" class=\"yoast-seo-meta-tag\" \/>\n<meta property=\"og:type\" content=\"article\" class=\"yoast-seo-meta-tag\" \/>\n<meta property=\"og:title\" content=\"Rendszeresen tr\u00fckk\u00f6z\u00f6tt a rendsz\u00e1mmal, v\u00e9g\u00fcl lebukott\" class=\"yoast-seo-meta-tag\" \/>\n<meta property=\"og:description\" content=\"M\u00e1sik aut\u00f3hoz tartoz\u00f3 rendsz\u00e1mot szerelt fel g\u00e9pkocsij\u00e1ra egy esztergomi f\u00e9rfi. Ezt n\u00e9gy napon bel\u00fcl k\u00e9tszer is megtette. A helyi j\u00e1r\u0151r\u00f6k Esztergomban \u00e1ll\u00edtottak meg egy Suzuki t\u00edpus\u00fa szem\u00e9lyg\u00e9pkocsival k\u00f6zleked\u0151 f\u00e9rfit 2019. janu\u00e1r 25-\u00e9n reggel. A sof\u0151r az egyenruh\u00e1soknak nem tudta \u00e1tadni a jogos\u00edtv\u00e1ny\u00e1t, mivel azzal nem rendelkezett. Az int\u00e9zked\u00e9s sor\u00e1n kider\u00fclt, hogy a f\u00e9rfi egy m\u00e1sik\" class=\"yoast-seo-meta-tag\" \/>\n<meta property=\"og:url\" content=\"https:\/\/dorogimedence.hu\/index.php\/2019\/02\/16\/rendszeresen-trukkozott-a-rendszammal-vegul-lebukott\/\" class=\"yoast-seo-meta-tag\" \/>\n<meta property=\"og:site_name\" content=\"Dorogi-medence Region\u00e1lis H\u00edrport\u00e1l\" class=\"yoast-seo-meta-tag\" \/>\n<meta property=\"article:publisher\" content=\"https:\/\/www.facebook.com\/dorogimedence\/\" class=\"yoast-seo-meta-tag\" \/>\n<meta property=\"article:published_time\" content=\"2019-02-16T10:28:56+00:00\" class=\"yoast-seo-meta-tag\" \/>\n<meta property=\"og:image\" content=\"https:\/\/i0.wp.com\/dorogimedence.hu\/wp-content\/uploads\/2017\/06\/rendszam.jpg?fit=670%2C365&ssl=1\" class=\"yoast-seo-meta-tag\" \/>\n\t<meta property=\"og:image:width\" content=\"670\" class=\"yoast-seo-meta-tag\" \/>\n\t<meta property=\"og:image:height\" content=\"365\" class=\"yoast-seo-meta-tag\" \/>\n\t<meta property=\"og:image:type\" content=\"image\/jpeg\" class=\"yoast-seo-meta-tag\" \/>\n<meta name=\"author\" content=\"dorogimedence.hu\" class=\"yoast-seo-meta-tag\" \/>\n<meta name=\"twitter:card\" content=\"summary_large_image\" class=\"yoast-seo-meta-tag\" \/>\n<meta name=\"twitter:label1\" content=\"Szerz\u0151:\" class=\"yoast-seo-meta-tag\" \/>\n\t<meta name=\"twitter:data1\" content=\"dorogimedence.hu\" class=\"yoast-seo-meta-tag\" \/>\n\t<meta name=\"twitter:label2\" content=\"Becs\u00fclt olvas\u00e1si id\u0151\" class=\"yoast-seo-meta-tag\" \/>\n\t<meta name=\"twitter:data2\" content=\"1 perc\" class=\"yoast-seo-meta-tag\" \/>\n<script type=\"application\/ld+json\" class=\"yoast-schema-graph\">{\"@context\":\"https:\\\/\\\/schema.org\",\"@graph\":[{\"@type\":\"Article\",\"@id\":\"https:\\\/\\\/dorogimedence.hu\\\/index.php\\\/2019\\\/02\\\/16\\\/rendszeresen-trukkozott-a-rendszammal-vegul-lebukott\\\/#article\",\"isPartOf\":{\"@id\":\"https:\\\/\\\/dorogimedence.hu\\\/index.php\\\/2019\\\/02\\\/16\\\/rendszeresen-trukkozott-a-rendszammal-vegul-lebukott\\\/\"},\"author\":{\"name\":\"dorogimedence.hu\",\"@id\":\"https:\\\/\\\/dorogimedence.hu\\\/#\\\/schema\\\/person\\\/ce6091eeb7e95ecdc87890d6aa8e0fd4\"},\"headline\":\"Rendszeresen tr\u00fckk\u00f6z\u00f6tt a rendsz\u00e1mmal, v\u00e9g\u00fcl lebukott\",\"datePublished\":\"2019-02-16T10:28:56+00:00\",\"mainEntityOfPage\":{\"@id\":\"https:\\\/\\\/dorogimedence.hu\\\/index.php\\\/2019\\\/02\\\/16\\\/rendszeresen-trukkozott-a-rendszammal-vegul-lebukott\\\/\"},\"wordCount\":294,\"publisher\":{\"@id\":\"https:\\\/\\\/dorogimedence.hu\\\/#organization\"},\"image\":{\"@id\":\"https:\\\/\\\/dorogimedence.hu\\\/index.php\\\/2019\\\/02\\\/16\\\/rendszeresen-trukkozott-a-rendszammal-vegul-lebukott\\\/#primaryimage\"},\"thumbnailUrl\":\"https:\\\/\\\/dorogimedence.hu\\\/wp-content\\\/uploads\\\/2017\\\/06\\\/rendszam.jpg\",\"keywords\":[\"b\u0171ncselekm\u00e9ny\",\"esztergom\",\"rend\u0151rs\u00e9gi h\u00edrek\",\"rendsz\u00e1m\"],\"articleSection\":[\"Esztergom\",\"H\u00edrek\"],\"inLanguage\":\"hu\"},{\"@type\":\"WebPage\",\"@id\":\"https:\\\/\\\/dorogimedence.hu\\\/index.php\\\/2019\\\/02\\\/16\\\/rendszeresen-trukkozott-a-rendszammal-vegul-lebukott\\\/\",\"url\":\"https:\\\/\\\/dorogimedence.hu\\\/index.php\\\/2019\\\/02\\\/16\\\/rendszeresen-trukkozott-a-rendszammal-vegul-lebukott\\\/\",\"name\":\"Rendszeresen tr\u00fckk\u00f6z\u00f6tt a rendsz\u00e1mmal, v\u00e9g\u00fcl lebukott\",\"isPartOf\":{\"@id\":\"https:\\\/\\\/dorogimedence.hu\\\/#website\"},\"primaryImageOfPage\":{\"@id\":\"https:\\\/\\\/dorogimedence.hu\\\/index.php\\\/2019\\\/02\\\/16\\\/rendszeresen-trukkozott-a-rendszammal-vegul-lebukott\\\/#primaryimage\"},\"image\":{\"@id\":\"https:\\\/\\\/dorogimedence.hu\\\/index.php\\\/2019\\\/02\\\/16\\\/rendszeresen-trukkozott-a-rendszammal-vegul-lebukott\\\/#primaryimage\"},\"thumbnailUrl\":\"https:\\\/\\\/dorogimedence.hu\\\/wp-content\\\/uploads\\\/2017\\\/06\\\/rendszam.jpg\",\"datePublished\":\"2019-02-16T10:28:56+00:00\",\"breadcrumb\":{\"@id\":\"https:\\\/\\\/dorogimedence.hu\\\/index.php\\\/2019\\\/02\\\/16\\\/rendszeresen-trukkozott-a-rendszammal-vegul-lebukott\\\/#breadcrumb\"},\"inLanguage\":\"hu\",\"potentialAction\":[{\"@type\":\"ReadAction\",\"target\":[\"https:\\\/\\\/dorogimedence.hu\\\/index.php\\\/2019\\\/02\\\/16\\\/rendszeresen-trukkozott-a-rendszammal-vegul-lebukott\\\/\"]}]},{\"@type\":\"ImageObject\",\"inLanguage\":\"hu\",\"@id\":\"https:\\\/\\\/dorogimedence.hu\\\/index.php\\\/2019\\\/02\\\/16\\\/rendszeresen-trukkozott-a-rendszammal-vegul-lebukott\\\/#primaryimage\",\"url\":\"https:\\\/\\\/dorogimedence.hu\\\/wp-content\\\/uploads\\\/2017\\\/06\\\/rendszam.jpg\",\"contentUrl\":\"https:\\\/\\\/dorogimedence.hu\\\/wp-content\\\/uploads\\\/2017\\\/06\\\/rendszam.jpg\",\"width\":670,\"height\":365},{\"@type\":\"BreadcrumbList\",\"@id\":\"https:\\\/\\\/dorogimedence.hu\\\/index.php\\\/2019\\\/02\\\/16\\\/rendszeresen-trukkozott-a-rendszammal-vegul-lebukott\\\/#breadcrumb\",\"itemListElement\":[{\"@type\":\"ListItem\",\"position\":1,\"name\":\"Kezd\u0151lap\",\"item\":\"https:\\\/\\\/dorogimedence.hu\\\/\"},{\"@type\":\"ListItem\",\"position\":2,\"name\":\"Rendszeresen tr\u00fckk\u00f6z\u00f6tt a rendsz\u00e1mmal, v\u00e9g\u00fcl lebukott\"}]},{\"@type\":\"WebSite\",\"@id\":\"https:\\\/\\\/dorogimedence.hu\\\/#website\",\"url\":\"https:\\\/\\\/dorogimedence.hu\\\/\",\"name\":\"Dorogi-medence Region\u00e1lis H\u00edrport\u00e1l\",\"description\":\"Dorog, Keszt\u00f6lc, Le\u00e1nyv\u00e1r, Piliscs\u00e9v, Tokod, Tokodalt\u00e1r\u00f3, Csolnok, Esztergom-kertv\u00e1ros: h\u00edrek, programok\",\"publisher\":{\"@id\":\"https:\\\/\\\/dorogimedence.hu\\\/#organization\"},\"potentialAction\":[{\"@type\":\"SearchAction\",\"target\":{\"@type\":\"EntryPoint\",\"urlTemplate\":\"https:\\\/\\\/dorogimedence.hu\\\/?s={search_term_string}\"},\"query-input\":{\"@type\":\"PropertyValueSpecification\",\"valueRequired\":true,\"valueName\":\"search_term_string\"}}],\"inLanguage\":\"hu\"},{\"@type\":\"Organization\",\"@id\":\"https:\\\/\\\/dorogimedence.hu\\\/#organization\",\"name\":\"Dorogi-medence Region\u00e1lis H\u00edrport\u00e1l\",\"url\":\"https:\\\/\\\/dorogimedence.hu\\\/\",\"logo\":{\"@type\":\"ImageObject\",\"inLanguage\":\"hu\",\"@id\":\"https:\\\/\\\/dorogimedence.hu\\\/#\\\/schema\\\/logo\\\/image\\\/\",\"url\":\"https:\\\/\\\/dorogimedence.hu\\\/wp-content\\\/uploads\\\/2021\\\/04\\\/logo-feher-600.png\",\"contentUrl\":\"https:\\\/\\\/dorogimedence.hu\\\/wp-content\\\/uploads\\\/2021\\\/04\\\/logo-feher-600.png\",\"width\":600,\"height\":100,\"caption\":\"Dorogi-medence Region\u00e1lis H\u00edrport\u00e1l\"},\"image\":{\"@id\":\"https:\\\/\\\/dorogimedence.hu\\\/#\\\/schema\\\/logo\\\/image\\\/\"},\"sameAs\":[\"https:\\\/\\\/www.facebook.com\\\/dorogimedence\\\/\"]},{\"@type\":\"Person\",\"@id\":\"https:\\\/\\\/dorogimedence.hu\\\/#\\\/schema\\\/person\\\/ce6091eeb7e95ecdc87890d6aa8e0fd4\",\"name\":\"dorogimedence.hu\",\"image\":{\"@type\":\"ImageObject\",\"inLanguage\":\"hu\",\"@id\":\"\\\/\\\/www.gravatar.com\\\/avatar\\\/d8d45f8901aadff40a4af72c0b826f1d?s=96&#038;r=g&#038;d=mm\",\"url\":\"\\\/\\\/www.gravatar.com\\\/avatar\\\/d8d45f8901aadff40a4af72c0b826f1d?s=96&#038;r=g&#038;d=mm\",\"contentUrl\":\"\\\/\\\/www.gravatar.com\\\/avatar\\\/d8d45f8901aadff40a4af72c0b826f1d?s=96&#038;r=g&#038;d=mm\",\"caption\":\"dorogimedence.hu\"}}]}<\/script>\n<!-- \/ Yoast SEO plugin. -->","yoast_head_json":{"title":"Rendszeresen tr\u00fckk\u00f6z\u00f6tt a rendsz\u00e1mmal, v\u00e9g\u00fcl lebukott","robots":{"index":"index","follow":"follow","max-snippet":"max-snippet:-1","max-image-preview":"max-image-preview:large","max-video-preview":"max-video-preview:-1"},"canonical":"https:\/\/dorogimedence.hu\/index.php\/2019\/02\/16\/rendszeresen-trukkozott-a-rendszammal-vegul-lebukott\/","og_locale":"hu_HU","og_type":"article","og_title":"Rendszeresen tr\u00fckk\u00f6z\u00f6tt a rendsz\u00e1mmal, v\u00e9g\u00fcl lebukott","og_description":"M\u00e1sik aut\u00f3hoz tartoz\u00f3 rendsz\u00e1mot szerelt fel g\u00e9pkocsij\u00e1ra egy esztergomi f\u00e9rfi. Ezt n\u00e9gy napon bel\u00fcl k\u00e9tszer is megtette. A helyi j\u00e1r\u0151r\u00f6k Esztergomban \u00e1ll\u00edtottak meg egy Suzuki t\u00edpus\u00fa szem\u00e9lyg\u00e9pkocsival k\u00f6zleked\u0151 f\u00e9rfit 2019. janu\u00e1r 25-\u00e9n reggel. A sof\u0151r az egyenruh\u00e1soknak nem tudta \u00e1tadni a jogos\u00edtv\u00e1ny\u00e1t, mivel azzal nem rendelkezett. Az int\u00e9zked\u00e9s sor\u00e1n kider\u00fclt, hogy a f\u00e9rfi egy m\u00e1sik","og_url":"https:\/\/dorogimedence.hu\/index.php\/2019\/02\/16\/rendszeresen-trukkozott-a-rendszammal-vegul-lebukott\/","og_site_name":"Dorogi-medence Region\u00e1lis H\u00edrport\u00e1l","article_publisher":"https:\/\/www.facebook.com\/dorogimedence\/","article_published_time":"2019-02-16T10:28:56+00:00","og_image":[{"width":670,"height":365,"url":"https:\/\/i0.wp.com\/dorogimedence.hu\/wp-content\/uploads\/2017\/06\/rendszam.jpg?fit=670%2C365&ssl=1","type":"image\/jpeg"}],"author":"dorogimedence.hu","twitter_card":"summary_large_image","twitter_misc":{"Szerz\u0151:":"dorogimedence.hu","Becs\u00fclt olvas\u00e1si id\u0151":"1 perc"},"schema":{"@context":"https:\/\/schema.org","@graph":[{"@type":"Article","@id":"https:\/\/dorogimedence.hu\/index.php\/2019\/02\/16\/rendszeresen-trukkozott-a-rendszammal-vegul-lebukott\/#article","isPartOf":{"@id":"https:\/\/dorogimedence.hu\/index.php\/2019\/02\/16\/rendszeresen-trukkozott-a-rendszammal-vegul-lebukott\/"},"author":{"name":"dorogimedence.hu","@id":"https:\/\/dorogimedence.hu\/#\/schema\/person\/ce6091eeb7e95ecdc87890d6aa8e0fd4"},"headline":"Rendszeresen tr\u00fckk\u00f6z\u00f6tt a rendsz\u00e1mmal, v\u00e9g\u00fcl lebukott","datePublished":"2019-02-16T10:28:56+00:00","mainEntityOfPage":{"@id":"https:\/\/dorogimedence.hu\/index.php\/2019\/02\/16\/rendszeresen-trukkozott-a-rendszammal-vegul-lebukott\/"},"wordCount":294,"publisher":{"@id":"https:\/\/dorogimedence.hu\/#organization"},"image":{"@id":"https:\/\/dorogimedence.hu\/index.php\/2019\/02\/16\/rendszeresen-trukkozott-a-rendszammal-vegul-lebukott\/#primaryimage"},"thumbnailUrl":"https:\/\/dorogimedence.hu\/wp-content\/uploads\/2017\/06\/rendszam.jpg","keywords":["b\u0171ncselekm\u00e9ny","esztergom","rend\u0151rs\u00e9gi h\u00edrek","rendsz\u00e1m"],"articleSection":["Esztergom","H\u00edrek"],"inLanguage":"hu"},{"@type":"WebPage","@id":"https:\/\/dorogimedence.hu\/index.php\/2019\/02\/16\/rendszeresen-trukkozott-a-rendszammal-vegul-lebukott\/","url":"https:\/\/dorogimedence.hu\/index.php\/2019\/02\/16\/rendszeresen-trukkozott-a-rendszammal-vegul-lebukott\/","name":"Rendszeresen tr\u00fckk\u00f6z\u00f6tt a rendsz\u00e1mmal, v\u00e9g\u00fcl lebukott","isPartOf":{"@id":"https:\/\/dorogimedence.hu\/#website"},"primaryImageOfPage":{"@id":"https:\/\/dorogimedence.hu\/index.php\/2019\/02\/16\/rendszeresen-trukkozott-a-rendszammal-vegul-lebukott\/#primaryimage"},"image":{"@id":"https:\/\/dorogimedence.hu\/index.php\/2019\/02\/16\/rendszeresen-trukkozott-a-rendszammal-vegul-lebukott\/#primaryimage"},"thumbnailUrl":"https:\/\/dorogimedence.hu\/wp-content\/uploads\/2017\/06\/rendszam.jpg","datePublished":"2019-02-16T10:28:56+00:00","breadcrumb":{"@id":"https:\/\/dorogimedence.hu\/index.php\/2019\/02\/16\/rendszeresen-trukkozott-a-rendszammal-vegul-lebukott\/#breadcrumb"},"inLanguage":"hu","potentialAction":[{"@type":"ReadAction","target":["https:\/\/dorogimedence.hu\/index.php\/2019\/02\/16\/rendszeresen-trukkozott-a-rendszammal-vegul-lebukott\/"]}]},{"@type":"ImageObject","inLanguage":"hu","@id":"https:\/\/dorogimedence.hu\/index.php\/2019\/02\/16\/rendszeresen-trukkozott-a-rendszammal-vegul-lebukott\/#primaryimage","url":"https:\/\/dorogimedence.hu\/wp-content\/uploads\/2017\/06\/rendszam.jpg","contentUrl":"https:\/\/dorogimedence.hu\/wp-content\/uploads\/2017\/06\/rendszam.jpg","width":670,"height":365},{"@type":"BreadcrumbList","@id":"https:\/\/dorogimedence.hu\/index.php\/2019\/02\/16\/rendszeresen-trukkozott-a-rendszammal-vegul-lebukott\/#breadcrumb","itemListElement":[{"@type":"ListItem","position":1,"name":"Kezd\u0151lap","item":"https:\/\/dorogimedence.hu\/"},{"@type":"ListItem","position":2,"name":"Rendszeresen tr\u00fckk\u00f6z\u00f6tt a rendsz\u00e1mmal, v\u00e9g\u00fcl lebukott"}]},{"@type":"WebSite","@id":"https:\/\/dorogimedence.hu\/#website","url":"https:\/\/dorogimedence.hu\/","name":"Dorogi-medence Region\u00e1lis H\u00edrport\u00e1l","description":"Dorog, Keszt\u00f6lc, Le\u00e1nyv\u00e1r, Piliscs\u00e9v, Tokod, Tokodalt\u00e1r\u00f3, Csolnok, Esztergom-kertv\u00e1ros: h\u00edrek, programok","publisher":{"@id":"https:\/\/dorogimedence.hu\/#organization"},"potentialAction":[{"@type":"SearchAction","target":{"@type":"EntryPoint","urlTemplate":"https:\/\/dorogimedence.hu\/?s={search_term_string}"},"query-input":{"@type":"PropertyValueSpecification","valueRequired":true,"valueName":"search_term_string"}}],"inLanguage":"hu"},{"@type":"Organization","@id":"https:\/\/dorogimedence.hu\/#organization","name":"Dorogi-medence Region\u00e1lis H\u00edrport\u00e1l","url":"https:\/\/dorogimedence.hu\/","logo":{"@type":"ImageObject","inLanguage":"hu","@id":"https:\/\/dorogimedence.hu\/#\/schema\/logo\/image\/","url":"https:\/\/dorogimedence.hu\/wp-content\/uploads\/2021\/04\/logo-feher-600.png","contentUrl":"https:\/\/dorogimedence.hu\/wp-content\/uploads\/2021\/04\/logo-feher-600.png","width":600,"height":100,"caption":"Dorogi-medence Region\u00e1lis H\u00edrport\u00e1l"},"image":{"@id":"https:\/\/dorogimedence.hu\/#\/schema\/logo\/image\/"},"sameAs":["https:\/\/www.facebook.com\/dorogimedence\/"]},{"@type":"Person","@id":"https:\/\/dorogimedence.hu\/#\/schema\/person\/ce6091eeb7e95ecdc87890d6aa8e0fd4","name":"dorogimedence.hu","image":{"@type":"ImageObject","inLanguage":"hu","@id":"\/\/www.gravatar.com\/avatar\/d8d45f8901aadff40a4af72c0b826f1d?s=96&#038;r=g&#038;d=mm","url":"\/\/www.gravatar.com\/avatar\/d8d45f8901aadff40a4af72c0b826f1d?s=96&#038;r=g&#038;d=mm","contentUrl":"\/\/www.gravatar.com\/avatar\/d8d45f8901aadff40a4af72c0b826f1d?s=96&#038;r=g&#038;d=mm","caption":"dorogimedence.hu"}}]}},"_links":{"self":[{"href":"https:\/\/dorogimedence.hu\/index.php\/wp-json\/wp\/v2\/posts\/14914","targetHints":{"allow":["GET"]}}],"collection":[{"href":"https:\/\/dorogimedence.hu\/index.php\/wp-json\/wp\/v2\/posts"}],"about":[{"href":"https:\/\/dorogimedence.hu\/index.php\/wp-json\/wp\/v2\/types\/post"}],"author":[{"embeddable":true,"href":"https:\/\/dorogimedence.hu\/index.php\/wp-json\/wp\/v2\/users\/1"}],"replies":[{"embeddable":true,"href":"https:\/\/dorogimedence.hu\/index.php\/wp-json\/wp\/v2\/comments?post=14914"}],"version-history":[{"count":0,"href":"https:\/\/dorogimedence.hu\/index.php\/wp-json\/wp\/v2\/posts\/14914\/revisions"}],"wp:featuredmedia":[{"embeddable":true,"href":"https:\/\/dorogimedence.hu\/index.php\/wp-json\/wp\/v2\/media\/4008"}],"wp:attachment":[{"href":"https:\/\/dorogimedence.hu\/index.php\/wp-json\/wp\/v2\/media?parent=14914"}],"wp:term":[{"taxonomy":"category","embeddable":true,"href":"https:\/\/dorogimedence.hu\/index.php\/wp-json\/wp\/v2\/categories?post=14914"},{"taxonomy":"post_tag","embeddable":true,"href":"https:\/\/dorogimedence.hu\/index.php\/wp-json\/wp\/v2\/tags?post=14914"}],"curies":[{"name":"wp","href":"https:\/\/api.w.org\/{rel}","templated":true}]}}