{"id":14903,"date":"2019-02-16T10:23:16","date_gmt":"2019-02-16T09:23:16","guid":{"rendered":"http:\/\/dorogimedence.hu\/?p=14903"},"modified":"2019-02-16T10:23:16","modified_gmt":"2019-02-16T09:23:16","slug":"jon-a-tavasz-kutyamat-setaltanam-a-helyi-erdokben-mit-tegyek","status":"publish","type":"post","link":"https:\/\/dorogimedence.hu\/index.php\/2019\/02\/16\/jon-a-tavasz-kutyamat-setaltanam-a-helyi-erdokben-mit-tegyek\/","title":{"rendered":"J\u00f6n a tavasz, kuty\u00e1mat s\u00e9t\u00e1ltan\u00e1m a helyi erd\u0151kben, mit tegyek?"},"content":{"rendered":"<p><strong>A Pilisi Parkerd\u0151 Zrt. c\u00e9lkit\u0171z\u00e9sei k\u00f6z\u00e9 tartozik a felel\u0151s kutyatart\u00e1s erdei szab\u00e1lyainak \u00e9s norm\u00e1inak terjeszt\u00e9se, megismertet\u00e9se. E c\u00e9lkit\u0171z\u00e9s jegy\u00e9ben fogalmazott meg kutyatart\u00f3kkal, civil- \u00e9s szakmai szervezetekkel k\u00f6z\u00f6sen kilenc, a kutyas\u00e9t\u00e1ltat\u00e1ssal kapcsolatos alapvet\u0151 erdei viselked\u00e9si elvet, amelyek betart\u00e1sa sokak erdei nyugalm\u00e1t \u00e9s biztons\u00e1g\u00e9rzet\u00e9t n\u00f6velheti a j\u00f6v\u0151ben.<\/strong><\/p>\n<p><span style=\"text-decoration: underline; color: #ff0000;\"><strong>Az erdei kutyas\u00e9t\u00e1ltat\u00e1s kilenc pontja<\/strong><\/span><\/p>\n<p>1. Az erdei kutyas\u00e9t\u00e1ltat\u00e1s sor\u00e1n mindig vegy\u00fck figyelembe, hogy az erd\u0151 nem csak a mi\u00e9nk: az erdei \u00e1llatok \u00e9s a v\u00e9dett n\u00f6v\u00e9nyek sz\u00e1m\u00e1ra \u00e9lett\u00e9r az erd\u0151, kutya n\u00e9lk\u00fcli term\u00e9szetj\u00e1r\u00f3k, gyerekek \u00e9s ker\u00e9kp\u00e1rosok sokas\u00e1ga \u00e9lvezi kedvenc\u00fcnkkel egy id\u0151ben \u00e9s ugyanazon ter\u00fcleten az erdei leveg\u0151t. A b\u00e9k\u00e9s egym\u00e1s mellett \u00e9l\u00e9s \u00e9rdek\u00e9ben mindig tekints\u00fcnk \u00fagy a kuty\u00e1nkra, ahogyan az egy m\u00e1sik erd\u0151j\u00e1r\u00f3 sz\u00e1m\u00e1ra megjelenik, vegy\u00fck figyelembe a t\u00f6bbiek, k\u00fcl\u00f6n\u00f6sen a gyerekek \u00e9s gyerekes sz\u00fcl\u0151k szempontjait!<\/p>\n<p>2. A felel\u0151s kutyatart\u00e1s legfontosabb alapszab\u00e1lya, hogy kuty\u00e1nk megfelel\u0151en szocializ\u00e1lt, k\u00e9pzett, b\u00e1rmilyen kritikus helyzetben visszah\u00edvhat\u00f3, illetve fegyelmezhet\u0151 legyen! Engedelmess\u00e9gi alapk\u00e9pz\u00e9s n\u00e9lk\u00fcli kuty\u00e1t p\u00f3r\u00e1z n\u00e9lk\u00fcl s\u00e9t\u00e1ltatni ak\u00e1r az erd\u0151ben, ak\u00e1r b\u00e1rhol m\u00e1sutt felel\u0151tlens\u00e9g, amely kisz\u00e1m\u00edthatatlan k\u00f6vetkezm\u00e9nyekkel j\u00e1rhat, tov\u00e1bb\u00e1 kock\u00e1ra teheti emberek \u00e9s kuty\u00e1k biztons\u00e1g\u00e1t.<\/p>\n<p>3. Az erd\u0151ben kuty\u00e1t s\u00e9t\u00e1ltatva felt\u00e9tlen\u00fcl tartsuk szem el\u0151tt, hogy a kutya ragadoz\u00f3 \u00e1llat. Szabadon elengedve, hosszabb-r\u00f6videbb id\u0151re fel\u00fcgyelet n\u00e9lk\u00fcl hagyva az erd\u0151ben sz\u00e1mos konfliktushelyzet ad\u00f3dhat az erd\u0151 \u00e9l\u0151vil\u00e1ga \u00e9s a kutya k\u00f6z\u00f6tt, amely els\u0151sorban az erd\u0151 \u00e1llatait vesz\u00e9lyezteti:<\/p>\n<ul>\n<li>A legszel\u00eddebbnek tartott h\u00e1zi kedvenc is megkergetheti az erdei \u00e1llatokat. Ilyenkor ak\u00e1r hosszabb id\u0151re is szem el\u0151l t\u00e9veszthetj\u00fck. (Egy legyeng\u00fclt \u0151zgida a kutya kitart\u00f3 kerget\u00e9s\u00e9nek hat\u00e1s\u00e1ra p\u00e9ld\u00e1ul el is pusztulhat!) Kuty\u00e1nk t\u00e1voli vid\u00e1m csahol\u00e1s\u00e1t hallva gondoljunk arra, hogy ez egyben valamilyen erdei \u00e1llat riadt menek\u00fcl\u00e9s\u00e9t is jelentheti, amit mi \u00e9szre sem vesz\u00fcnk.<\/li>\n<li>Felzavarhat k\u00f6lt\u0151 madarat, ki\u00e1shatja az \u00fcrg\u00e9t, vagy a vakondot.<\/li>\n<li>Rosszabb esetben el is puszt\u00edthatja a n\u00e1la kisebb \u00e1llatokat (pl. b\u00e9k\u00e1kat, gy\u00edkokat, sikl\u00f3kat, fiatal madarakat, kiseml\u0151s\u00f6ket), feld\u00falhatja a f\u00f6ld\u00f6n, vagy alacsonyan f\u00e9szkel\u0151 madarak f\u00e9szkeit, p\u00e9ld\u00e1ul a f\u00e1k kimos\u00f3dott gy\u00f6kerei k\u00f6z\u00f6tt, vagy bokrok alacsony z\u00f3n\u00e1j\u00e1ba rakott, tov\u00e1bb\u00e1 szedres sz\u00f6ved\u00e9kbe f\u00f6ldre rakott f\u00e9szkeket.<\/li>\n<li>V\u00e9dett ter\u00fcleteken, \u00edgy a f\u0151v\u00e1rost \u00f6vez\u0151 Budai T\u00e1jv\u00e9delmi K\u00f6rzetben, vagy a Dunakanyar kedvelt kir\u00e1ndul\u00f3helyein (Pilis-, Visegr\u00e1di-hegys\u00e9g, B\u00f6rzs\u00f6ny) els\u0151dleges term\u00e9szetv\u00e9delmi c\u00e9l az \u00e9l\u0151helyek \u00e9s a helyi \u00e9l\u0151vil\u00e1g v\u00e9delme. Ez mag\u00e1ban foglalja mind a v\u00e9dett, mind a nem v\u00e9dett fajok meg\u00f3v\u00e1s\u00e1t, \u00e9letk\u00f6r\u00fclm\u00e9nyeik fenntart\u00e1s\u00e1t, \u00e9l\u0151hely\u00fck nyugalm\u00e1nak biztos\u00edt\u00e1s\u00e1t.<\/li>\n<\/ul>\n<p>4. Az erd\u0151ben kuty\u00e1t s\u00e9t\u00e1ltatva ne feledkezz\u00fcnk meg a legfontosabb vesz\u00e9lyforr\u00e1sokr\u00f3l:<\/p>\n<ul>\n<li>Az erdei s\u00e9ta el\u0151tt gondoskodjunk a kullancsok-bolh\u00e1k riaszt\u00e1s\u00e1ra alkalmas nyak\u00f6rv, vagy egy\u00e9b v\u00e9d\u0151eszk\u00f6z haszn\u00e1lat\u00e1r\u00f3l. A s\u00e9t\u00e1b\u00f3l haza\u00e9rve alaposan vizsg\u00e1ljuk \u00e1t a kuty\u00e1t, t\u00e1vol\u00edtsuk el r\u00f3la a kullancsokat!<\/li>\n<li>A kutya az erdei \u00e1llatokkal vagy azok \u00fcr\u00fcl\u00e9k\u00e9vel, tetem\u00e9vel val\u00f3 tal\u00e1lkoz\u00e1skor s\u00falyos, ak\u00e1r emberre is vesz\u00e9lyes betegs\u00e9geket kaphat el, ezeket esetlegesen \u00e1tviheti gazd\u00e1ira, m\u00e1s szem\u00e9lyekre is. Ilyen p\u00e9ld\u00e1ul a kisragadoz\u00f3k \u00e1ltal terjesztett veszetts\u00e9g, sz\u00e1mos parazit\u00e1s megbeteged\u00e9s vagy a vaddiszn\u00f3 \u00e1ltal terjesztett, a kuty\u00e1ra n\u00e9zve hal\u00e1los Aujelszky-k\u00f3r.<\/li>\n<li>A kuty\u00e1k k\u00f6z\u00f6tti agressz\u00edv \u00f6sszecsap\u00e1sok s\u00falyos s\u00e9r\u00fcl\u00e9st okozhatnak \u00e1llatnak \u00e9s gazd\u00e1j\u00e1nak egyar\u00e1nt.<\/li>\n<li>A malacait v\u00e9d\u0151 vaddiszn\u00f3koca viszontt\u00e1mad\u00e1sa vesz\u00e9lyes lehet a kuty\u00e1ra, de a gazd\u00e1j\u00e1ra n\u00e9zve is (a kutya felb\u0151sz\u00edtheti a vaddiszn\u00f3t, a felb\u0151sz\u00edtett \u00e1llatot pedig a gazda k\u00f6zel\u00e9be vonzhatja).<\/li>\n<\/ul>\n<p>5. Az erd\u0151ben s\u00e9t\u00e1lva mindig gondoljunk arra, hogy a v\u00e1rosok belter\u00fclet\u00e9vel hat\u00e1ros r\u00e9szeken, a lakott ter\u00fcleteken is egyre gyakrabban megjelen\u0151 vaddiszn\u00f3\u00e1llom\u00e1ny apaszt\u00e1sa \u00e9rdek\u00e9ben magaslesekr\u0151l t\u00f6rt\u00e9n\u0151 vad\u00e1szat folyik. A lesek k\u00f6rny\u00e9k\u00e9n a hajnali \u00e9s esti \u00f3r\u00e1kban megjelen\u0151, gazd\u00e1juk fel\u00fcgyelete al\u00f3l kiker\u00fcl\u0151 kuty\u00e1k ellehetetlen\u00edtik a vaddiszn\u00f3k sz\u00e1m\u00e1nak szab\u00e1lyoz\u00e1s\u00e1t.<\/p>\n<p>6. Lehet\u0151s\u00e9g szerint a napfelkelt\u00e9t\u0151l napnyugt\u00e1ig terjed\u0151 id\u0151szakban s\u00e9t\u00e1ljunk kedvenc\u00fckkel az erd\u0151ben, mert a magaslesekr\u0151l t\u00f6rt\u00e9n\u0151 vad\u00e1szat leggyakrabban a hajnali, az esti \u00e9s az \u00e9jszakai \u00f3r\u00e1kban zajlik. A vad\u00e1szat \u00e9s a vad\u00e1szok c\u00e9lja a vad\u00e1llom\u00e1ny kord\u00e1ban tart\u00e1sa. Kuty\u00e1ra a vonatkoz\u00f3 jogszab\u00e1lyok \u00e9rtelm\u00e9ben kiz\u00e1r\u00f3lag akkor adhatnak le l\u00f6v\u00e9st, ha az emberre vagy vadra t\u00e1mad, \u00e9s a vad s\u00e9relme m\u00e1sk\u00e9nt nem h\u00e1r\u00edthat\u00f3 el.<\/p>\n<p>7. Akkor \u00f3vhatjuk meg kedvenc\u00fcnket leghat\u00e9konyabban, ha erdei s\u00e9t\u00e1ltat\u00e1s sor\u00e1n j\u00f3l l\u00e1that\u00f3 jelz\u00e9ssel, p\u00e9ld\u00e1ul l\u00e1that\u00f3s\u00e1gi mell\u00e9nnyel vagy nyak\u00f6rvre szerelhet\u0151 villog\u00f3val l\u00e1tjuk el. A v\u00e1ros k\u00f6rny\u00e9ki erd\u0151kben jelent\u0151s term\u00e9szetv\u00e9delmi k\u00e1rokat okoznak, \u00e9s a kir\u00e1ndul\u00f3k k\u00f6r\u00e9ben riadalmat keltenek a sokszor falk\u00e1ba ver\u0151d\u0151 k\u00f3bor kuty\u00e1k, ez\u00e9rt nagyon fontos, hogy az erd\u00e9szek, vad\u00e1szok \u00e9s \u00e1llatrend\u00e9szeti szakemberek sz\u00e1m\u00e1ra egyar\u00e1nt j\u00f3l felismerhet\u0151 m\u00f3don megk\u00fcl\u00f6nb\u00f6ztess\u00fck t\u0151l\u00fck kedvenc\u00fcnket.<\/p>\n<p>8. Mindezek ismerete mellett ne feledkezz\u00fcnk meg arr\u00f3l sem, hogy a Szab\u00e1lys\u00e9rt\u00e9si t\u00f6rv\u00e9ny 193. \u00a7 (1) bekezd\u00e9se \u00e9rtelm\u00e9ben \u201eaki a fel\u00fcgyelete alatt \u00e1ll\u00f3 kuty\u00e1t term\u00e9szeti \u00e9s v\u00e9dett term\u00e9szeti ter\u00fcleten, vagy vad\u00e1szter\u00fcleten \u2013 a vad\u00e1szkutya \u00e9s a triflakeres\u0151 kutya kiv\u00e9tel\u00e9vel \u2013 p\u00f3r\u00e1z n\u00e9lk\u00fcl elengedi vagy k\u00f3borolni hagyja, szab\u00e1lys\u00e9rt\u00e9st k\u00f6vet el.\u201d Hasonl\u00f3 jogszab\u00e1ly nemcsak haz\u00e1nkban, hanem m\u00e1s fejlett orsz\u00e1gokban is \u00e9rv\u00e9nyben van.<\/p>\n<p>9. Ne feledj\u00fck: a felel\u0151s kutyatart\u00f3 els\u0151sorban saj\u00e1t kuty\u00e1ja, a v\u00e1ros k\u00f6r\u00fcl megmaradt term\u00e9szeti k\u00f6rnyezet \u00e9s kir\u00e1ndul\u00f3 embert\u00e1rsai v\u00e9delme miatt tartja be az erdei kutyas\u00e9t\u00e1ltat\u00e1s \u00edrott \u00e9s \u00edratlan szab\u00e1lyait!<\/p>\n<p><strong><em>Pilisi Parkerd\u0151 Zrt.<\/em><\/strong><\/p>\n","protected":false},"excerpt":{"rendered":"<p>A Pilisi Parkerd\u0151 Zrt. c\u00e9lkit\u0171z\u00e9sei k\u00f6z\u00e9 tartozik a felel\u0151s kutyatart\u00e1s erdei szab\u00e1lyainak \u00e9s norm\u00e1inak terjeszt\u00e9se, megismertet\u00e9se. E c\u00e9lkit\u0171z\u00e9s jegy\u00e9ben fogalmazott meg kutyatart\u00f3kkal, civil- \u00e9s szakmai szervezetekkel k\u00f6z\u00f6sen kilenc, a kutyas\u00e9t\u00e1ltat\u00e1ssal kapcsolatos alapvet\u0151 erdei viselked\u00e9si elvet, amelyek betart\u00e1sa sokak erdei nyugalm\u00e1t \u00e9s biztons\u00e1g\u00e9rzet\u00e9t n\u00f6velheti a j\u00f6v\u0151ben. Az erdei kutyas\u00e9t\u00e1ltat\u00e1s kilenc pontja 1. Az erdei kutyas\u00e9t\u00e1ltat\u00e1s sor\u00e1n<\/p>\n","protected":false},"author":1,"featured_media":14904,"comment_status":"closed","ping_status":"closed","sticky":false,"template":"","format":"standard","meta":{"ngg_post_thumbnail":0,"footnotes":""},"categories":[3],"tags":[1799,1100,3509,2282],"class_list":{"0":"post-14903","1":"post","2":"type-post","3":"status-publish","4":"format-standard","5":"has-post-thumbnail","7":"category-hirek","8":"tag-erdo","9":"tag-kutya","10":"tag-kutyasetaltatas","11":"tag-tavasz"},"yoast_head":"<!-- This site is optimized with the Yoast SEO plugin v27.4 - https:\/\/yoast.com\/product\/yoast-seo-wordpress\/ -->\n<title>J\u00f6n a tavasz, kuty\u00e1mat s\u00e9t\u00e1ltan\u00e1m a helyi erd\u0151kben, mit tegyek?<\/title>\n<meta name=\"robots\" content=\"index, follow, max-snippet:-1, max-image-preview:large, max-video-preview:-1\" \/>\n<link rel=\"canonical\" href=\"https:\/\/dorogimedence.hu\/index.php\/2019\/02\/16\/jon-a-tavasz-kutyamat-setaltanam-a-helyi-erdokben-mit-tegyek\/\" class=\"yoast-seo-meta-tag\" \/>\n<meta property=\"og:locale\" content=\"hu_HU\" class=\"yoast-seo-meta-tag\" \/>\n<meta property=\"og:type\" content=\"article\" class=\"yoast-seo-meta-tag\" \/>\n<meta property=\"og:title\" content=\"J\u00f6n a tavasz, kuty\u00e1mat s\u00e9t\u00e1ltan\u00e1m a helyi erd\u0151kben, mit tegyek?\" class=\"yoast-seo-meta-tag\" \/>\n<meta property=\"og:description\" content=\"A Pilisi Parkerd\u0151 Zrt. c\u00e9lkit\u0171z\u00e9sei k\u00f6z\u00e9 tartozik a felel\u0151s kutyatart\u00e1s erdei szab\u00e1lyainak \u00e9s norm\u00e1inak terjeszt\u00e9se, megismertet\u00e9se. E c\u00e9lkit\u0171z\u00e9s jegy\u00e9ben fogalmazott meg kutyatart\u00f3kkal, civil- \u00e9s szakmai szervezetekkel k\u00f6z\u00f6sen kilenc, a kutyas\u00e9t\u00e1ltat\u00e1ssal kapcsolatos alapvet\u0151 erdei viselked\u00e9si elvet, amelyek betart\u00e1sa sokak erdei nyugalm\u00e1t \u00e9s biztons\u00e1g\u00e9rzet\u00e9t n\u00f6velheti a j\u00f6v\u0151ben. Az erdei kutyas\u00e9t\u00e1ltat\u00e1s kilenc pontja 1. Az erdei kutyas\u00e9t\u00e1ltat\u00e1s sor\u00e1n\" class=\"yoast-seo-meta-tag\" \/>\n<meta property=\"og:url\" content=\"https:\/\/dorogimedence.hu\/index.php\/2019\/02\/16\/jon-a-tavasz-kutyamat-setaltanam-a-helyi-erdokben-mit-tegyek\/\" class=\"yoast-seo-meta-tag\" \/>\n<meta property=\"og:site_name\" content=\"Dorogi-medence Region\u00e1lis H\u00edrport\u00e1l\" class=\"yoast-seo-meta-tag\" \/>\n<meta property=\"article:publisher\" content=\"https:\/\/www.facebook.com\/dorogimedence\/\" class=\"yoast-seo-meta-tag\" \/>\n<meta property=\"article:published_time\" content=\"2019-02-16T09:23:16+00:00\" class=\"yoast-seo-meta-tag\" \/>\n<meta property=\"og:image\" content=\"https:\/\/i0.wp.com\/dorogimedence.hu\/wp-content\/uploads\/2019\/02\/kutya-erdo.jpg?fit=670%2C365&ssl=1\" class=\"yoast-seo-meta-tag\" \/>\n\t<meta property=\"og:image:width\" content=\"670\" class=\"yoast-seo-meta-tag\" \/>\n\t<meta property=\"og:image:height\" content=\"365\" class=\"yoast-seo-meta-tag\" \/>\n\t<meta property=\"og:image:type\" content=\"image\/jpeg\" class=\"yoast-seo-meta-tag\" \/>\n<meta name=\"author\" content=\"dorogimedence.hu\" class=\"yoast-seo-meta-tag\" \/>\n<meta name=\"twitter:card\" content=\"summary_large_image\" class=\"yoast-seo-meta-tag\" \/>\n<meta name=\"twitter:label1\" content=\"Szerz\u0151:\" class=\"yoast-seo-meta-tag\" \/>\n\t<meta name=\"twitter:data1\" content=\"dorogimedence.hu\" class=\"yoast-seo-meta-tag\" \/>\n\t<meta name=\"twitter:label2\" content=\"Becs\u00fclt olvas\u00e1si id\u0151\" class=\"yoast-seo-meta-tag\" \/>\n\t<meta name=\"twitter:data2\" content=\"6 perc\" class=\"yoast-seo-meta-tag\" \/>\n<script type=\"application\/ld+json\" class=\"yoast-schema-graph\">{\"@context\":\"https:\\\/\\\/schema.org\",\"@graph\":[{\"@type\":\"Article\",\"@id\":\"https:\\\/\\\/dorogimedence.hu\\\/index.php\\\/2019\\\/02\\\/16\\\/jon-a-tavasz-kutyamat-setaltanam-a-helyi-erdokben-mit-tegyek\\\/#article\",\"isPartOf\":{\"@id\":\"https:\\\/\\\/dorogimedence.hu\\\/index.php\\\/2019\\\/02\\\/16\\\/jon-a-tavasz-kutyamat-setaltanam-a-helyi-erdokben-mit-tegyek\\\/\"},\"author\":{\"name\":\"dorogimedence.hu\",\"@id\":\"https:\\\/\\\/dorogimedence.hu\\\/#\\\/schema\\\/person\\\/ce6091eeb7e95ecdc87890d6aa8e0fd4\"},\"headline\":\"J\u00f6n a tavasz, kuty\u00e1mat s\u00e9t\u00e1ltan\u00e1m a helyi erd\u0151kben, mit tegyek?\",\"datePublished\":\"2019-02-16T09:23:16+00:00\",\"mainEntityOfPage\":{\"@id\":\"https:\\\/\\\/dorogimedence.hu\\\/index.php\\\/2019\\\/02\\\/16\\\/jon-a-tavasz-kutyamat-setaltanam-a-helyi-erdokben-mit-tegyek\\\/\"},\"wordCount\":1211,\"publisher\":{\"@id\":\"https:\\\/\\\/dorogimedence.hu\\\/#organization\"},\"image\":{\"@id\":\"https:\\\/\\\/dorogimedence.hu\\\/index.php\\\/2019\\\/02\\\/16\\\/jon-a-tavasz-kutyamat-setaltanam-a-helyi-erdokben-mit-tegyek\\\/#primaryimage\"},\"thumbnailUrl\":\"https:\\\/\\\/dorogimedence.hu\\\/wp-content\\\/uploads\\\/2019\\\/02\\\/kutya-erdo.jpg\",\"keywords\":[\"erd\u0151\",\"kutya\",\"kutyas\u00e9t\u00e1ltat\u00e1s\",\"tavasz\"],\"articleSection\":[\"H\u00edrek\"],\"inLanguage\":\"hu\"},{\"@type\":\"WebPage\",\"@id\":\"https:\\\/\\\/dorogimedence.hu\\\/index.php\\\/2019\\\/02\\\/16\\\/jon-a-tavasz-kutyamat-setaltanam-a-helyi-erdokben-mit-tegyek\\\/\",\"url\":\"https:\\\/\\\/dorogimedence.hu\\\/index.php\\\/2019\\\/02\\\/16\\\/jon-a-tavasz-kutyamat-setaltanam-a-helyi-erdokben-mit-tegyek\\\/\",\"name\":\"J\u00f6n a tavasz, kuty\u00e1mat s\u00e9t\u00e1ltan\u00e1m a helyi erd\u0151kben, mit tegyek?\",\"isPartOf\":{\"@id\":\"https:\\\/\\\/dorogimedence.hu\\\/#website\"},\"primaryImageOfPage\":{\"@id\":\"https:\\\/\\\/dorogimedence.hu\\\/index.php\\\/2019\\\/02\\\/16\\\/jon-a-tavasz-kutyamat-setaltanam-a-helyi-erdokben-mit-tegyek\\\/#primaryimage\"},\"image\":{\"@id\":\"https:\\\/\\\/dorogimedence.hu\\\/index.php\\\/2019\\\/02\\\/16\\\/jon-a-tavasz-kutyamat-setaltanam-a-helyi-erdokben-mit-tegyek\\\/#primaryimage\"},\"thumbnailUrl\":\"https:\\\/\\\/dorogimedence.hu\\\/wp-content\\\/uploads\\\/2019\\\/02\\\/kutya-erdo.jpg\",\"datePublished\":\"2019-02-16T09:23:16+00:00\",\"breadcrumb\":{\"@id\":\"https:\\\/\\\/dorogimedence.hu\\\/index.php\\\/2019\\\/02\\\/16\\\/jon-a-tavasz-kutyamat-setaltanam-a-helyi-erdokben-mit-tegyek\\\/#breadcrumb\"},\"inLanguage\":\"hu\",\"potentialAction\":[{\"@type\":\"ReadAction\",\"target\":[\"https:\\\/\\\/dorogimedence.hu\\\/index.php\\\/2019\\\/02\\\/16\\\/jon-a-tavasz-kutyamat-setaltanam-a-helyi-erdokben-mit-tegyek\\\/\"]}]},{\"@type\":\"ImageObject\",\"inLanguage\":\"hu\",\"@id\":\"https:\\\/\\\/dorogimedence.hu\\\/index.php\\\/2019\\\/02\\\/16\\\/jon-a-tavasz-kutyamat-setaltanam-a-helyi-erdokben-mit-tegyek\\\/#primaryimage\",\"url\":\"https:\\\/\\\/dorogimedence.hu\\\/wp-content\\\/uploads\\\/2019\\\/02\\\/kutya-erdo.jpg\",\"contentUrl\":\"https:\\\/\\\/dorogimedence.hu\\\/wp-content\\\/uploads\\\/2019\\\/02\\\/kutya-erdo.jpg\",\"width\":670,\"height\":365},{\"@type\":\"BreadcrumbList\",\"@id\":\"https:\\\/\\\/dorogimedence.hu\\\/index.php\\\/2019\\\/02\\\/16\\\/jon-a-tavasz-kutyamat-setaltanam-a-helyi-erdokben-mit-tegyek\\\/#breadcrumb\",\"itemListElement\":[{\"@type\":\"ListItem\",\"position\":1,\"name\":\"Kezd\u0151lap\",\"item\":\"https:\\\/\\\/dorogimedence.hu\\\/\"},{\"@type\":\"ListItem\",\"position\":2,\"name\":\"J\u00f6n a tavasz, kuty\u00e1mat s\u00e9t\u00e1ltan\u00e1m a helyi erd\u0151kben, mit tegyek?\"}]},{\"@type\":\"WebSite\",\"@id\":\"https:\\\/\\\/dorogimedence.hu\\\/#website\",\"url\":\"https:\\\/\\\/dorogimedence.hu\\\/\",\"name\":\"Dorogi-medence Region\u00e1lis H\u00edrport\u00e1l\",\"description\":\"Dorog, Keszt\u00f6lc, Le\u00e1nyv\u00e1r, Piliscs\u00e9v, Tokod, Tokodalt\u00e1r\u00f3, Csolnok, Esztergom-kertv\u00e1ros: h\u00edrek, programok\",\"publisher\":{\"@id\":\"https:\\\/\\\/dorogimedence.hu\\\/#organization\"},\"potentialAction\":[{\"@type\":\"SearchAction\",\"target\":{\"@type\":\"EntryPoint\",\"urlTemplate\":\"https:\\\/\\\/dorogimedence.hu\\\/?s={search_term_string}\"},\"query-input\":{\"@type\":\"PropertyValueSpecification\",\"valueRequired\":true,\"valueName\":\"search_term_string\"}}],\"inLanguage\":\"hu\"},{\"@type\":\"Organization\",\"@id\":\"https:\\\/\\\/dorogimedence.hu\\\/#organization\",\"name\":\"Dorogi-medence Region\u00e1lis H\u00edrport\u00e1l\",\"url\":\"https:\\\/\\\/dorogimedence.hu\\\/\",\"logo\":{\"@type\":\"ImageObject\",\"inLanguage\":\"hu\",\"@id\":\"https:\\\/\\\/dorogimedence.hu\\\/#\\\/schema\\\/logo\\\/image\\\/\",\"url\":\"https:\\\/\\\/dorogimedence.hu\\\/wp-content\\\/uploads\\\/2021\\\/04\\\/logo-feher-600.png\",\"contentUrl\":\"https:\\\/\\\/dorogimedence.hu\\\/wp-content\\\/uploads\\\/2021\\\/04\\\/logo-feher-600.png\",\"width\":600,\"height\":100,\"caption\":\"Dorogi-medence Region\u00e1lis H\u00edrport\u00e1l\"},\"image\":{\"@id\":\"https:\\\/\\\/dorogimedence.hu\\\/#\\\/schema\\\/logo\\\/image\\\/\"},\"sameAs\":[\"https:\\\/\\\/www.facebook.com\\\/dorogimedence\\\/\"]},{\"@type\":\"Person\",\"@id\":\"https:\\\/\\\/dorogimedence.hu\\\/#\\\/schema\\\/person\\\/ce6091eeb7e95ecdc87890d6aa8e0fd4\",\"name\":\"dorogimedence.hu\",\"image\":{\"@type\":\"ImageObject\",\"inLanguage\":\"hu\",\"@id\":\"\\\/\\\/www.gravatar.com\\\/avatar\\\/d8d45f8901aadff40a4af72c0b826f1d?s=96&#038;r=g&#038;d=mm\",\"url\":\"\\\/\\\/www.gravatar.com\\\/avatar\\\/d8d45f8901aadff40a4af72c0b826f1d?s=96&#038;r=g&#038;d=mm\",\"contentUrl\":\"\\\/\\\/www.gravatar.com\\\/avatar\\\/d8d45f8901aadff40a4af72c0b826f1d?s=96&#038;r=g&#038;d=mm\",\"caption\":\"dorogimedence.hu\"}}]}<\/script>\n<!-- \/ Yoast SEO plugin. -->","yoast_head_json":{"title":"J\u00f6n a tavasz, kuty\u00e1mat s\u00e9t\u00e1ltan\u00e1m a helyi erd\u0151kben, mit tegyek?","robots":{"index":"index","follow":"follow","max-snippet":"max-snippet:-1","max-image-preview":"max-image-preview:large","max-video-preview":"max-video-preview:-1"},"canonical":"https:\/\/dorogimedence.hu\/index.php\/2019\/02\/16\/jon-a-tavasz-kutyamat-setaltanam-a-helyi-erdokben-mit-tegyek\/","og_locale":"hu_HU","og_type":"article","og_title":"J\u00f6n a tavasz, kuty\u00e1mat s\u00e9t\u00e1ltan\u00e1m a helyi erd\u0151kben, mit tegyek?","og_description":"A Pilisi Parkerd\u0151 Zrt. c\u00e9lkit\u0171z\u00e9sei k\u00f6z\u00e9 tartozik a felel\u0151s kutyatart\u00e1s erdei szab\u00e1lyainak \u00e9s norm\u00e1inak terjeszt\u00e9se, megismertet\u00e9se. E c\u00e9lkit\u0171z\u00e9s jegy\u00e9ben fogalmazott meg kutyatart\u00f3kkal, civil- \u00e9s szakmai szervezetekkel k\u00f6z\u00f6sen kilenc, a kutyas\u00e9t\u00e1ltat\u00e1ssal kapcsolatos alapvet\u0151 erdei viselked\u00e9si elvet, amelyek betart\u00e1sa sokak erdei nyugalm\u00e1t \u00e9s biztons\u00e1g\u00e9rzet\u00e9t n\u00f6velheti a j\u00f6v\u0151ben. Az erdei kutyas\u00e9t\u00e1ltat\u00e1s kilenc pontja 1. Az erdei kutyas\u00e9t\u00e1ltat\u00e1s sor\u00e1n","og_url":"https:\/\/dorogimedence.hu\/index.php\/2019\/02\/16\/jon-a-tavasz-kutyamat-setaltanam-a-helyi-erdokben-mit-tegyek\/","og_site_name":"Dorogi-medence Region\u00e1lis H\u00edrport\u00e1l","article_publisher":"https:\/\/www.facebook.com\/dorogimedence\/","article_published_time":"2019-02-16T09:23:16+00:00","og_image":[{"width":670,"height":365,"url":"https:\/\/i0.wp.com\/dorogimedence.hu\/wp-content\/uploads\/2019\/02\/kutya-erdo.jpg?fit=670%2C365&ssl=1","type":"image\/jpeg"}],"author":"dorogimedence.hu","twitter_card":"summary_large_image","twitter_misc":{"Szerz\u0151:":"dorogimedence.hu","Becs\u00fclt olvas\u00e1si id\u0151":"6 perc"},"schema":{"@context":"https:\/\/schema.org","@graph":[{"@type":"Article","@id":"https:\/\/dorogimedence.hu\/index.php\/2019\/02\/16\/jon-a-tavasz-kutyamat-setaltanam-a-helyi-erdokben-mit-tegyek\/#article","isPartOf":{"@id":"https:\/\/dorogimedence.hu\/index.php\/2019\/02\/16\/jon-a-tavasz-kutyamat-setaltanam-a-helyi-erdokben-mit-tegyek\/"},"author":{"name":"dorogimedence.hu","@id":"https:\/\/dorogimedence.hu\/#\/schema\/person\/ce6091eeb7e95ecdc87890d6aa8e0fd4"},"headline":"J\u00f6n a tavasz, kuty\u00e1mat s\u00e9t\u00e1ltan\u00e1m a helyi erd\u0151kben, mit tegyek?","datePublished":"2019-02-16T09:23:16+00:00","mainEntityOfPage":{"@id":"https:\/\/dorogimedence.hu\/index.php\/2019\/02\/16\/jon-a-tavasz-kutyamat-setaltanam-a-helyi-erdokben-mit-tegyek\/"},"wordCount":1211,"publisher":{"@id":"https:\/\/dorogimedence.hu\/#organization"},"image":{"@id":"https:\/\/dorogimedence.hu\/index.php\/2019\/02\/16\/jon-a-tavasz-kutyamat-setaltanam-a-helyi-erdokben-mit-tegyek\/#primaryimage"},"thumbnailUrl":"https:\/\/dorogimedence.hu\/wp-content\/uploads\/2019\/02\/kutya-erdo.jpg","keywords":["erd\u0151","kutya","kutyas\u00e9t\u00e1ltat\u00e1s","tavasz"],"articleSection":["H\u00edrek"],"inLanguage":"hu"},{"@type":"WebPage","@id":"https:\/\/dorogimedence.hu\/index.php\/2019\/02\/16\/jon-a-tavasz-kutyamat-setaltanam-a-helyi-erdokben-mit-tegyek\/","url":"https:\/\/dorogimedence.hu\/index.php\/2019\/02\/16\/jon-a-tavasz-kutyamat-setaltanam-a-helyi-erdokben-mit-tegyek\/","name":"J\u00f6n a tavasz, kuty\u00e1mat s\u00e9t\u00e1ltan\u00e1m a helyi erd\u0151kben, mit tegyek?","isPartOf":{"@id":"https:\/\/dorogimedence.hu\/#website"},"primaryImageOfPage":{"@id":"https:\/\/dorogimedence.hu\/index.php\/2019\/02\/16\/jon-a-tavasz-kutyamat-setaltanam-a-helyi-erdokben-mit-tegyek\/#primaryimage"},"image":{"@id":"https:\/\/dorogimedence.hu\/index.php\/2019\/02\/16\/jon-a-tavasz-kutyamat-setaltanam-a-helyi-erdokben-mit-tegyek\/#primaryimage"},"thumbnailUrl":"https:\/\/dorogimedence.hu\/wp-content\/uploads\/2019\/02\/kutya-erdo.jpg","datePublished":"2019-02-16T09:23:16+00:00","breadcrumb":{"@id":"https:\/\/dorogimedence.hu\/index.php\/2019\/02\/16\/jon-a-tavasz-kutyamat-setaltanam-a-helyi-erdokben-mit-tegyek\/#breadcrumb"},"inLanguage":"hu","potentialAction":[{"@type":"ReadAction","target":["https:\/\/dorogimedence.hu\/index.php\/2019\/02\/16\/jon-a-tavasz-kutyamat-setaltanam-a-helyi-erdokben-mit-tegyek\/"]}]},{"@type":"ImageObject","inLanguage":"hu","@id":"https:\/\/dorogimedence.hu\/index.php\/2019\/02\/16\/jon-a-tavasz-kutyamat-setaltanam-a-helyi-erdokben-mit-tegyek\/#primaryimage","url":"https:\/\/dorogimedence.hu\/wp-content\/uploads\/2019\/02\/kutya-erdo.jpg","contentUrl":"https:\/\/dorogimedence.hu\/wp-content\/uploads\/2019\/02\/kutya-erdo.jpg","width":670,"height":365},{"@type":"BreadcrumbList","@id":"https:\/\/dorogimedence.hu\/index.php\/2019\/02\/16\/jon-a-tavasz-kutyamat-setaltanam-a-helyi-erdokben-mit-tegyek\/#breadcrumb","itemListElement":[{"@type":"ListItem","position":1,"name":"Kezd\u0151lap","item":"https:\/\/dorogimedence.hu\/"},{"@type":"ListItem","position":2,"name":"J\u00f6n a tavasz, kuty\u00e1mat s\u00e9t\u00e1ltan\u00e1m a helyi erd\u0151kben, mit tegyek?"}]},{"@type":"WebSite","@id":"https:\/\/dorogimedence.hu\/#website","url":"https:\/\/dorogimedence.hu\/","name":"Dorogi-medence Region\u00e1lis H\u00edrport\u00e1l","description":"Dorog, Keszt\u00f6lc, Le\u00e1nyv\u00e1r, Piliscs\u00e9v, Tokod, Tokodalt\u00e1r\u00f3, Csolnok, Esztergom-kertv\u00e1ros: h\u00edrek, programok","publisher":{"@id":"https:\/\/dorogimedence.hu\/#organization"},"potentialAction":[{"@type":"SearchAction","target":{"@type":"EntryPoint","urlTemplate":"https:\/\/dorogimedence.hu\/?s={search_term_string}"},"query-input":{"@type":"PropertyValueSpecification","valueRequired":true,"valueName":"search_term_string"}}],"inLanguage":"hu"},{"@type":"Organization","@id":"https:\/\/dorogimedence.hu\/#organization","name":"Dorogi-medence Region\u00e1lis H\u00edrport\u00e1l","url":"https:\/\/dorogimedence.hu\/","logo":{"@type":"ImageObject","inLanguage":"hu","@id":"https:\/\/dorogimedence.hu\/#\/schema\/logo\/image\/","url":"https:\/\/dorogimedence.hu\/wp-content\/uploads\/2021\/04\/logo-feher-600.png","contentUrl":"https:\/\/dorogimedence.hu\/wp-content\/uploads\/2021\/04\/logo-feher-600.png","width":600,"height":100,"caption":"Dorogi-medence Region\u00e1lis H\u00edrport\u00e1l"},"image":{"@id":"https:\/\/dorogimedence.hu\/#\/schema\/logo\/image\/"},"sameAs":["https:\/\/www.facebook.com\/dorogimedence\/"]},{"@type":"Person","@id":"https:\/\/dorogimedence.hu\/#\/schema\/person\/ce6091eeb7e95ecdc87890d6aa8e0fd4","name":"dorogimedence.hu","image":{"@type":"ImageObject","inLanguage":"hu","@id":"\/\/www.gravatar.com\/avatar\/d8d45f8901aadff40a4af72c0b826f1d?s=96&#038;r=g&#038;d=mm","url":"\/\/www.gravatar.com\/avatar\/d8d45f8901aadff40a4af72c0b826f1d?s=96&#038;r=g&#038;d=mm","contentUrl":"\/\/www.gravatar.com\/avatar\/d8d45f8901aadff40a4af72c0b826f1d?s=96&#038;r=g&#038;d=mm","caption":"dorogimedence.hu"}}]}},"_links":{"self":[{"href":"https:\/\/dorogimedence.hu\/index.php\/wp-json\/wp\/v2\/posts\/14903","targetHints":{"allow":["GET"]}}],"collection":[{"href":"https:\/\/dorogimedence.hu\/index.php\/wp-json\/wp\/v2\/posts"}],"about":[{"href":"https:\/\/dorogimedence.hu\/index.php\/wp-json\/wp\/v2\/types\/post"}],"author":[{"embeddable":true,"href":"https:\/\/dorogimedence.hu\/index.php\/wp-json\/wp\/v2\/users\/1"}],"replies":[{"embeddable":true,"href":"https:\/\/dorogimedence.hu\/index.php\/wp-json\/wp\/v2\/comments?post=14903"}],"version-history":[{"count":0,"href":"https:\/\/dorogimedence.hu\/index.php\/wp-json\/wp\/v2\/posts\/14903\/revisions"}],"wp:featuredmedia":[{"embeddable":true,"href":"https:\/\/dorogimedence.hu\/index.php\/wp-json\/wp\/v2\/media\/14904"}],"wp:attachment":[{"href":"https:\/\/dorogimedence.hu\/index.php\/wp-json\/wp\/v2\/media?parent=14903"}],"wp:term":[{"taxonomy":"category","embeddable":true,"href":"https:\/\/dorogimedence.hu\/index.php\/wp-json\/wp\/v2\/categories?post=14903"},{"taxonomy":"post_tag","embeddable":true,"href":"https:\/\/dorogimedence.hu\/index.php\/wp-json\/wp\/v2\/tags?post=14903"}],"curies":[{"name":"wp","href":"https:\/\/api.w.org\/{rel}","templated":true}]}}