{"id":14825,"date":"2019-02-13T06:49:10","date_gmt":"2019-02-13T05:49:10","guid":{"rendered":"http:\/\/dorogimedence.hu\/?p=14825"},"modified":"2019-02-13T06:49:10","modified_gmt":"2019-02-13T05:49:10","slug":"kozel-300-vivo-kuzdott-meg-esztergomban","status":"publish","type":"post","link":"https:\/\/dorogimedence.hu\/index.php\/2019\/02\/13\/kozel-300-vivo-kuzdott-meg-esztergomban\/","title":{"rendered":"K\u00f6zel 300 v\u00edv\u00f3 k\u00fczd\u00f6tt meg Esztergomban"},"content":{"rendered":"<p><strong>A febru\u00e1r 2-ai h\u00e9tv\u00e9g\u00e9n negyedik alkalommal ker\u00fclt sor a P\u00e9zsa Tibor Sportcsarnokban a hagyom\u00e1nyos nemzetk\u00f6zi v\u00edv\u00f3versenyre a Szent Gy\u00f6rgy V\u00edv\u00f3 Egyes\u00fclet rendez\u00e9s\u00e9ben.<\/strong><\/p>\n<p>A verseny n\u00e9pszer\u0171 a hazai \u00e9s k\u00fclf\u00f6ldi v\u00edv\u00f3k k\u00f6r\u00e9ben is, k\u00f6zel 300 versenyz\u0151 l\u00e9pett p\u00e1stra a k\u00e9t nap alatt megrendezett 9 versenysz\u00e1mban. A t\u0151r\u00f6z\u0151k ut\u00e1np\u00f3tl\u00e1s versenyei v\u00e1logat\u00f3k voltak a koroszt\u00e1lyok ranglist\u00e1ira, a feln\u0151ttekn\u00e9l a kardoz\u00f3k id\u00e9n is \u00f6r\u00f6mmel j\u00f6ttek Esztergomba, ahol egyedi d\u00edjak\u00e9rt versenyezhettek. A t\u00f6bb, mint 40 k\u00fclf\u00f6ldi v\u00edv\u00f3 legt\u00f6bbje komoly ellenf\u00e9l volt a magyar listavezet\u0151knek, de v\u00e9g\u00fcl minden arany\u00e9rem magyar k\u00e9zbe ker\u00fclt.<\/p>\n<p>A hazai versenyz\u0151k legjobbjai sz\u00e9pen helyt \u00e1lltak a mez\u0151nyben, a fiatalabbaknak pedig nagyszer\u0171 rutinszerz\u00e9si lehet\u0151s\u00e9g volt ez a h\u00e9tv\u00e9ge. A legjobb nyolc k\u00f6z\u00e9 k\u00e9t esztergomi v\u00edv\u00f3 is beker\u00fclt. Engelbrecht Szonja az \u00fajonc le\u00e1ny t\u0151r\u00f6z\u0151k k\u00f6zt v\u00e9gzett a hatodik helyen, a kadet kor\u00fa Kondor Bot\u00e1r a feln\u0151tt kardoz\u00f3k k\u00f6zt lett ugyancsak hatodik.<\/p>\n<p><img fetchpriority=\"high\" decoding=\"async\" class=\"alignnone size-full wp-image-14827\" src=\"https:\/\/dorogimedence.hu\/wp-content\/uploads\/2019\/02\/vivok-02.jpg\" alt=\"\" width=\"670\" height=\"365\" srcset=\"https:\/\/dorogimedence.hu\/wp-content\/uploads\/2019\/02\/vivok-02.jpg 670w, https:\/\/dorogimedence.hu\/wp-content\/uploads\/2019\/02\/vivok-02-300x163.jpg 300w\" sizes=\"(max-width: 670px) 100vw, 670px\" \/><\/p>\n<p>A v\u00edv\u00e1sban fontos, hogy j\u00f3 versenyb\u00edr\u00f3k zs\u0171rizzenek a versenyeken. Az esztergomiak k\u00f6z\u00fcl Kov\u00e1cs Marci a legrutinosabb, m\u00e1r nemzetk\u00f6zi versenyen is zs\u0171rizhet. Ezen a h\u00e9tv\u00e9g\u00e9n is folyamatosan munk\u00e1ban volt.<\/p>\n<p>A verseny befejezt\u00e9vel m\u00e1ris megkezd\u0151d\u00f6tt a k\u00f6vetkez\u0151 \u00e9vi Balassi Kupa szervez\u00e9se.<\/p>\n<p><em>Minden v\u00edv\u00e1s ut\u00e1n \u00e9rdekl\u0151d\u0151 fiatalt szeretettel v\u00e1r az Esztergom, Imah\u00e1z utca 10. alatti v\u00edv\u00f3term\u00e9be a <a href=\"https:\/\/www.facebook.com\/Szent-Gy%C3%B6rgy-V%C3%ADv%C3%B3-Egyes%C3%BClet-792199134165922\/\" target=\"_blank\" rel=\"noopener\"><span style=\"text-decoration: underline; color: #0000ff;\">Szent Gy\u00f6rgy V\u00edv\u00f3 Egyes\u00fclet<\/span><\/a>!<\/em><\/p>\n","protected":false},"excerpt":{"rendered":"<p>A febru\u00e1r 2-ai h\u00e9tv\u00e9g\u00e9n negyedik alkalommal ker\u00fclt sor a P\u00e9zsa Tibor Sportcsarnokban a hagyom\u00e1nyos nemzetk\u00f6zi v\u00edv\u00f3versenyre a Szent Gy\u00f6rgy V\u00edv\u00f3 Egyes\u00fclet rendez\u00e9s\u00e9ben. A verseny n\u00e9pszer\u0171 a hazai \u00e9s k\u00fclf\u00f6ldi v\u00edv\u00f3k k\u00f6r\u00e9ben is, k\u00f6zel 300 versenyz\u0151 l\u00e9pett p\u00e1stra a k\u00e9t nap alatt megrendezett 9 versenysz\u00e1mban. A t\u0151r\u00f6z\u0151k ut\u00e1np\u00f3tl\u00e1s versenyei v\u00e1logat\u00f3k voltak a koroszt\u00e1lyok ranglist\u00e1ira, a feln\u0151ttekn\u00e9l<\/p>\n","protected":false},"author":1,"featured_media":14826,"comment_status":"closed","ping_status":"closed","sticky":false,"template":"","format":"standard","meta":{"ngg_post_thumbnail":0,"footnotes":""},"categories":[38,3,5],"tags":[42,16,451,3466],"class_list":{"0":"post-14825","1":"post","2":"type-post","3":"status-publish","4":"format-standard","5":"has-post-thumbnail","7":"category-esztergom","8":"category-hirek","9":"category-sport","10":"tag-esztergom","11":"tag-sport","12":"tag-verseny","13":"tag-vivas"},"yoast_head":"<!-- This site is optimized with the Yoast SEO plugin v27.4 - https:\/\/yoast.com\/product\/yoast-seo-wordpress\/ -->\n<title>K\u00f6zel 300 v\u00edv\u00f3 k\u00fczd\u00f6tt meg Esztergomban<\/title>\n<meta name=\"robots\" content=\"index, follow, max-snippet:-1, max-image-preview:large, max-video-preview:-1\" \/>\n<link rel=\"canonical\" href=\"https:\/\/dorogimedence.hu\/index.php\/2019\/02\/13\/kozel-300-vivo-kuzdott-meg-esztergomban\/\" class=\"yoast-seo-meta-tag\" \/>\n<meta property=\"og:locale\" content=\"hu_HU\" class=\"yoast-seo-meta-tag\" \/>\n<meta property=\"og:type\" content=\"article\" class=\"yoast-seo-meta-tag\" \/>\n<meta property=\"og:title\" content=\"K\u00f6zel 300 v\u00edv\u00f3 k\u00fczd\u00f6tt meg Esztergomban\" class=\"yoast-seo-meta-tag\" \/>\n<meta property=\"og:description\" content=\"A febru\u00e1r 2-ai h\u00e9tv\u00e9g\u00e9n negyedik alkalommal ker\u00fclt sor a P\u00e9zsa Tibor Sportcsarnokban a hagyom\u00e1nyos nemzetk\u00f6zi v\u00edv\u00f3versenyre a Szent Gy\u00f6rgy V\u00edv\u00f3 Egyes\u00fclet rendez\u00e9s\u00e9ben. A verseny n\u00e9pszer\u0171 a hazai \u00e9s k\u00fclf\u00f6ldi v\u00edv\u00f3k k\u00f6r\u00e9ben is, k\u00f6zel 300 versenyz\u0151 l\u00e9pett p\u00e1stra a k\u00e9t nap alatt megrendezett 9 versenysz\u00e1mban. A t\u0151r\u00f6z\u0151k ut\u00e1np\u00f3tl\u00e1s versenyei v\u00e1logat\u00f3k voltak a koroszt\u00e1lyok ranglist\u00e1ira, a feln\u0151ttekn\u00e9l\" class=\"yoast-seo-meta-tag\" \/>\n<meta property=\"og:url\" content=\"https:\/\/dorogimedence.hu\/index.php\/2019\/02\/13\/kozel-300-vivo-kuzdott-meg-esztergomban\/\" class=\"yoast-seo-meta-tag\" \/>\n<meta property=\"og:site_name\" content=\"Dorogi-medence Region\u00e1lis H\u00edrport\u00e1l\" class=\"yoast-seo-meta-tag\" \/>\n<meta property=\"article:publisher\" content=\"https:\/\/www.facebook.com\/dorogimedence\/\" class=\"yoast-seo-meta-tag\" \/>\n<meta property=\"article:published_time\" content=\"2019-02-13T05:49:10+00:00\" class=\"yoast-seo-meta-tag\" \/>\n<meta property=\"og:image\" content=\"https:\/\/i0.wp.com\/dorogimedence.hu\/wp-content\/uploads\/2019\/02\/vivok-01.jpg?fit=670%2C365&ssl=1\" class=\"yoast-seo-meta-tag\" \/>\n\t<meta property=\"og:image:width\" content=\"670\" class=\"yoast-seo-meta-tag\" \/>\n\t<meta property=\"og:image:height\" content=\"365\" class=\"yoast-seo-meta-tag\" \/>\n\t<meta property=\"og:image:type\" content=\"image\/jpeg\" class=\"yoast-seo-meta-tag\" \/>\n<meta name=\"author\" content=\"dorogimedence.hu\" class=\"yoast-seo-meta-tag\" \/>\n<meta name=\"twitter:card\" content=\"summary_large_image\" class=\"yoast-seo-meta-tag\" \/>\n<meta name=\"twitter:label1\" content=\"Szerz\u0151:\" class=\"yoast-seo-meta-tag\" \/>\n\t<meta name=\"twitter:data1\" content=\"dorogimedence.hu\" class=\"yoast-seo-meta-tag\" \/>\n\t<meta name=\"twitter:label2\" content=\"Becs\u00fclt olvas\u00e1si id\u0151\" class=\"yoast-seo-meta-tag\" \/>\n\t<meta name=\"twitter:data2\" content=\"2 perc\" class=\"yoast-seo-meta-tag\" \/>\n<script type=\"application\/ld+json\" class=\"yoast-schema-graph\">{\"@context\":\"https:\\\/\\\/schema.org\",\"@graph\":[{\"@type\":\"Article\",\"@id\":\"https:\\\/\\\/dorogimedence.hu\\\/index.php\\\/2019\\\/02\\\/13\\\/kozel-300-vivo-kuzdott-meg-esztergomban\\\/#article\",\"isPartOf\":{\"@id\":\"https:\\\/\\\/dorogimedence.hu\\\/index.php\\\/2019\\\/02\\\/13\\\/kozel-300-vivo-kuzdott-meg-esztergomban\\\/\"},\"author\":{\"name\":\"dorogimedence.hu\",\"@id\":\"https:\\\/\\\/dorogimedence.hu\\\/#\\\/schema\\\/person\\\/ce6091eeb7e95ecdc87890d6aa8e0fd4\"},\"headline\":\"K\u00f6zel 300 v\u00edv\u00f3 k\u00fczd\u00f6tt meg Esztergomban\",\"datePublished\":\"2019-02-13T05:49:10+00:00\",\"mainEntityOfPage\":{\"@id\":\"https:\\\/\\\/dorogimedence.hu\\\/index.php\\\/2019\\\/02\\\/13\\\/kozel-300-vivo-kuzdott-meg-esztergomban\\\/\"},\"wordCount\":312,\"publisher\":{\"@id\":\"https:\\\/\\\/dorogimedence.hu\\\/#organization\"},\"image\":{\"@id\":\"https:\\\/\\\/dorogimedence.hu\\\/index.php\\\/2019\\\/02\\\/13\\\/kozel-300-vivo-kuzdott-meg-esztergomban\\\/#primaryimage\"},\"thumbnailUrl\":\"https:\\\/\\\/dorogimedence.hu\\\/wp-content\\\/uploads\\\/2019\\\/02\\\/vivok-01.jpg\",\"keywords\":[\"esztergom\",\"sport\",\"verseny\",\"v\u00edv\u00e1s\"],\"articleSection\":[\"Esztergom\",\"H\u00edrek\",\"Sport\"],\"inLanguage\":\"hu\"},{\"@type\":\"WebPage\",\"@id\":\"https:\\\/\\\/dorogimedence.hu\\\/index.php\\\/2019\\\/02\\\/13\\\/kozel-300-vivo-kuzdott-meg-esztergomban\\\/\",\"url\":\"https:\\\/\\\/dorogimedence.hu\\\/index.php\\\/2019\\\/02\\\/13\\\/kozel-300-vivo-kuzdott-meg-esztergomban\\\/\",\"name\":\"K\u00f6zel 300 v\u00edv\u00f3 k\u00fczd\u00f6tt meg Esztergomban\",\"isPartOf\":{\"@id\":\"https:\\\/\\\/dorogimedence.hu\\\/#website\"},\"primaryImageOfPage\":{\"@id\":\"https:\\\/\\\/dorogimedence.hu\\\/index.php\\\/2019\\\/02\\\/13\\\/kozel-300-vivo-kuzdott-meg-esztergomban\\\/#primaryimage\"},\"image\":{\"@id\":\"https:\\\/\\\/dorogimedence.hu\\\/index.php\\\/2019\\\/02\\\/13\\\/kozel-300-vivo-kuzdott-meg-esztergomban\\\/#primaryimage\"},\"thumbnailUrl\":\"https:\\\/\\\/dorogimedence.hu\\\/wp-content\\\/uploads\\\/2019\\\/02\\\/vivok-01.jpg\",\"datePublished\":\"2019-02-13T05:49:10+00:00\",\"breadcrumb\":{\"@id\":\"https:\\\/\\\/dorogimedence.hu\\\/index.php\\\/2019\\\/02\\\/13\\\/kozel-300-vivo-kuzdott-meg-esztergomban\\\/#breadcrumb\"},\"inLanguage\":\"hu\",\"potentialAction\":[{\"@type\":\"ReadAction\",\"target\":[\"https:\\\/\\\/dorogimedence.hu\\\/index.php\\\/2019\\\/02\\\/13\\\/kozel-300-vivo-kuzdott-meg-esztergomban\\\/\"]}]},{\"@type\":\"ImageObject\",\"inLanguage\":\"hu\",\"@id\":\"https:\\\/\\\/dorogimedence.hu\\\/index.php\\\/2019\\\/02\\\/13\\\/kozel-300-vivo-kuzdott-meg-esztergomban\\\/#primaryimage\",\"url\":\"https:\\\/\\\/dorogimedence.hu\\\/wp-content\\\/uploads\\\/2019\\\/02\\\/vivok-01.jpg\",\"contentUrl\":\"https:\\\/\\\/dorogimedence.hu\\\/wp-content\\\/uploads\\\/2019\\\/02\\\/vivok-01.jpg\",\"width\":670,\"height\":365},{\"@type\":\"BreadcrumbList\",\"@id\":\"https:\\\/\\\/dorogimedence.hu\\\/index.php\\\/2019\\\/02\\\/13\\\/kozel-300-vivo-kuzdott-meg-esztergomban\\\/#breadcrumb\",\"itemListElement\":[{\"@type\":\"ListItem\",\"position\":1,\"name\":\"Kezd\u0151lap\",\"item\":\"https:\\\/\\\/dorogimedence.hu\\\/\"},{\"@type\":\"ListItem\",\"position\":2,\"name\":\"K\u00f6zel 300 v\u00edv\u00f3 k\u00fczd\u00f6tt meg Esztergomban\"}]},{\"@type\":\"WebSite\",\"@id\":\"https:\\\/\\\/dorogimedence.hu\\\/#website\",\"url\":\"https:\\\/\\\/dorogimedence.hu\\\/\",\"name\":\"Dorogi-medence Region\u00e1lis H\u00edrport\u00e1l\",\"description\":\"Dorog, Keszt\u00f6lc, Le\u00e1nyv\u00e1r, Piliscs\u00e9v, Tokod, Tokodalt\u00e1r\u00f3, Csolnok, Esztergom-kertv\u00e1ros: h\u00edrek, programok\",\"publisher\":{\"@id\":\"https:\\\/\\\/dorogimedence.hu\\\/#organization\"},\"potentialAction\":[{\"@type\":\"SearchAction\",\"target\":{\"@type\":\"EntryPoint\",\"urlTemplate\":\"https:\\\/\\\/dorogimedence.hu\\\/?s={search_term_string}\"},\"query-input\":{\"@type\":\"PropertyValueSpecification\",\"valueRequired\":true,\"valueName\":\"search_term_string\"}}],\"inLanguage\":\"hu\"},{\"@type\":\"Organization\",\"@id\":\"https:\\\/\\\/dorogimedence.hu\\\/#organization\",\"name\":\"Dorogi-medence Region\u00e1lis H\u00edrport\u00e1l\",\"url\":\"https:\\\/\\\/dorogimedence.hu\\\/\",\"logo\":{\"@type\":\"ImageObject\",\"inLanguage\":\"hu\",\"@id\":\"https:\\\/\\\/dorogimedence.hu\\\/#\\\/schema\\\/logo\\\/image\\\/\",\"url\":\"https:\\\/\\\/dorogimedence.hu\\\/wp-content\\\/uploads\\\/2021\\\/04\\\/logo-feher-600.png\",\"contentUrl\":\"https:\\\/\\\/dorogimedence.hu\\\/wp-content\\\/uploads\\\/2021\\\/04\\\/logo-feher-600.png\",\"width\":600,\"height\":100,\"caption\":\"Dorogi-medence Region\u00e1lis H\u00edrport\u00e1l\"},\"image\":{\"@id\":\"https:\\\/\\\/dorogimedence.hu\\\/#\\\/schema\\\/logo\\\/image\\\/\"},\"sameAs\":[\"https:\\\/\\\/www.facebook.com\\\/dorogimedence\\\/\"]},{\"@type\":\"Person\",\"@id\":\"https:\\\/\\\/dorogimedence.hu\\\/#\\\/schema\\\/person\\\/ce6091eeb7e95ecdc87890d6aa8e0fd4\",\"name\":\"dorogimedence.hu\",\"image\":{\"@type\":\"ImageObject\",\"inLanguage\":\"hu\",\"@id\":\"\\\/\\\/www.gravatar.com\\\/avatar\\\/d8d45f8901aadff40a4af72c0b826f1d?s=96&#038;r=g&#038;d=mm\",\"url\":\"\\\/\\\/www.gravatar.com\\\/avatar\\\/d8d45f8901aadff40a4af72c0b826f1d?s=96&#038;r=g&#038;d=mm\",\"contentUrl\":\"\\\/\\\/www.gravatar.com\\\/avatar\\\/d8d45f8901aadff40a4af72c0b826f1d?s=96&#038;r=g&#038;d=mm\",\"caption\":\"dorogimedence.hu\"}}]}<\/script>\n<!-- \/ Yoast SEO plugin. -->","yoast_head_json":{"title":"K\u00f6zel 300 v\u00edv\u00f3 k\u00fczd\u00f6tt meg Esztergomban","robots":{"index":"index","follow":"follow","max-snippet":"max-snippet:-1","max-image-preview":"max-image-preview:large","max-video-preview":"max-video-preview:-1"},"canonical":"https:\/\/dorogimedence.hu\/index.php\/2019\/02\/13\/kozel-300-vivo-kuzdott-meg-esztergomban\/","og_locale":"hu_HU","og_type":"article","og_title":"K\u00f6zel 300 v\u00edv\u00f3 k\u00fczd\u00f6tt meg Esztergomban","og_description":"A febru\u00e1r 2-ai h\u00e9tv\u00e9g\u00e9n negyedik alkalommal ker\u00fclt sor a P\u00e9zsa Tibor Sportcsarnokban a hagyom\u00e1nyos nemzetk\u00f6zi v\u00edv\u00f3versenyre a Szent Gy\u00f6rgy V\u00edv\u00f3 Egyes\u00fclet rendez\u00e9s\u00e9ben. A verseny n\u00e9pszer\u0171 a hazai \u00e9s k\u00fclf\u00f6ldi v\u00edv\u00f3k k\u00f6r\u00e9ben is, k\u00f6zel 300 versenyz\u0151 l\u00e9pett p\u00e1stra a k\u00e9t nap alatt megrendezett 9 versenysz\u00e1mban. A t\u0151r\u00f6z\u0151k ut\u00e1np\u00f3tl\u00e1s versenyei v\u00e1logat\u00f3k voltak a koroszt\u00e1lyok ranglist\u00e1ira, a feln\u0151ttekn\u00e9l","og_url":"https:\/\/dorogimedence.hu\/index.php\/2019\/02\/13\/kozel-300-vivo-kuzdott-meg-esztergomban\/","og_site_name":"Dorogi-medence Region\u00e1lis H\u00edrport\u00e1l","article_publisher":"https:\/\/www.facebook.com\/dorogimedence\/","article_published_time":"2019-02-13T05:49:10+00:00","og_image":[{"width":670,"height":365,"url":"https:\/\/i0.wp.com\/dorogimedence.hu\/wp-content\/uploads\/2019\/02\/vivok-01.jpg?fit=670%2C365&ssl=1","type":"image\/jpeg"}],"author":"dorogimedence.hu","twitter_card":"summary_large_image","twitter_misc":{"Szerz\u0151:":"dorogimedence.hu","Becs\u00fclt olvas\u00e1si id\u0151":"2 perc"},"schema":{"@context":"https:\/\/schema.org","@graph":[{"@type":"Article","@id":"https:\/\/dorogimedence.hu\/index.php\/2019\/02\/13\/kozel-300-vivo-kuzdott-meg-esztergomban\/#article","isPartOf":{"@id":"https:\/\/dorogimedence.hu\/index.php\/2019\/02\/13\/kozel-300-vivo-kuzdott-meg-esztergomban\/"},"author":{"name":"dorogimedence.hu","@id":"https:\/\/dorogimedence.hu\/#\/schema\/person\/ce6091eeb7e95ecdc87890d6aa8e0fd4"},"headline":"K\u00f6zel 300 v\u00edv\u00f3 k\u00fczd\u00f6tt meg Esztergomban","datePublished":"2019-02-13T05:49:10+00:00","mainEntityOfPage":{"@id":"https:\/\/dorogimedence.hu\/index.php\/2019\/02\/13\/kozel-300-vivo-kuzdott-meg-esztergomban\/"},"wordCount":312,"publisher":{"@id":"https:\/\/dorogimedence.hu\/#organization"},"image":{"@id":"https:\/\/dorogimedence.hu\/index.php\/2019\/02\/13\/kozel-300-vivo-kuzdott-meg-esztergomban\/#primaryimage"},"thumbnailUrl":"https:\/\/dorogimedence.hu\/wp-content\/uploads\/2019\/02\/vivok-01.jpg","keywords":["esztergom","sport","verseny","v\u00edv\u00e1s"],"articleSection":["Esztergom","H\u00edrek","Sport"],"inLanguage":"hu"},{"@type":"WebPage","@id":"https:\/\/dorogimedence.hu\/index.php\/2019\/02\/13\/kozel-300-vivo-kuzdott-meg-esztergomban\/","url":"https:\/\/dorogimedence.hu\/index.php\/2019\/02\/13\/kozel-300-vivo-kuzdott-meg-esztergomban\/","name":"K\u00f6zel 300 v\u00edv\u00f3 k\u00fczd\u00f6tt meg Esztergomban","isPartOf":{"@id":"https:\/\/dorogimedence.hu\/#website"},"primaryImageOfPage":{"@id":"https:\/\/dorogimedence.hu\/index.php\/2019\/02\/13\/kozel-300-vivo-kuzdott-meg-esztergomban\/#primaryimage"},"image":{"@id":"https:\/\/dorogimedence.hu\/index.php\/2019\/02\/13\/kozel-300-vivo-kuzdott-meg-esztergomban\/#primaryimage"},"thumbnailUrl":"https:\/\/dorogimedence.hu\/wp-content\/uploads\/2019\/02\/vivok-01.jpg","datePublished":"2019-02-13T05:49:10+00:00","breadcrumb":{"@id":"https:\/\/dorogimedence.hu\/index.php\/2019\/02\/13\/kozel-300-vivo-kuzdott-meg-esztergomban\/#breadcrumb"},"inLanguage":"hu","potentialAction":[{"@type":"ReadAction","target":["https:\/\/dorogimedence.hu\/index.php\/2019\/02\/13\/kozel-300-vivo-kuzdott-meg-esztergomban\/"]}]},{"@type":"ImageObject","inLanguage":"hu","@id":"https:\/\/dorogimedence.hu\/index.php\/2019\/02\/13\/kozel-300-vivo-kuzdott-meg-esztergomban\/#primaryimage","url":"https:\/\/dorogimedence.hu\/wp-content\/uploads\/2019\/02\/vivok-01.jpg","contentUrl":"https:\/\/dorogimedence.hu\/wp-content\/uploads\/2019\/02\/vivok-01.jpg","width":670,"height":365},{"@type":"BreadcrumbList","@id":"https:\/\/dorogimedence.hu\/index.php\/2019\/02\/13\/kozel-300-vivo-kuzdott-meg-esztergomban\/#breadcrumb","itemListElement":[{"@type":"ListItem","position":1,"name":"Kezd\u0151lap","item":"https:\/\/dorogimedence.hu\/"},{"@type":"ListItem","position":2,"name":"K\u00f6zel 300 v\u00edv\u00f3 k\u00fczd\u00f6tt meg Esztergomban"}]},{"@type":"WebSite","@id":"https:\/\/dorogimedence.hu\/#website","url":"https:\/\/dorogimedence.hu\/","name":"Dorogi-medence Region\u00e1lis H\u00edrport\u00e1l","description":"Dorog, Keszt\u00f6lc, Le\u00e1nyv\u00e1r, Piliscs\u00e9v, Tokod, Tokodalt\u00e1r\u00f3, Csolnok, Esztergom-kertv\u00e1ros: h\u00edrek, programok","publisher":{"@id":"https:\/\/dorogimedence.hu\/#organization"},"potentialAction":[{"@type":"SearchAction","target":{"@type":"EntryPoint","urlTemplate":"https:\/\/dorogimedence.hu\/?s={search_term_string}"},"query-input":{"@type":"PropertyValueSpecification","valueRequired":true,"valueName":"search_term_string"}}],"inLanguage":"hu"},{"@type":"Organization","@id":"https:\/\/dorogimedence.hu\/#organization","name":"Dorogi-medence Region\u00e1lis H\u00edrport\u00e1l","url":"https:\/\/dorogimedence.hu\/","logo":{"@type":"ImageObject","inLanguage":"hu","@id":"https:\/\/dorogimedence.hu\/#\/schema\/logo\/image\/","url":"https:\/\/dorogimedence.hu\/wp-content\/uploads\/2021\/04\/logo-feher-600.png","contentUrl":"https:\/\/dorogimedence.hu\/wp-content\/uploads\/2021\/04\/logo-feher-600.png","width":600,"height":100,"caption":"Dorogi-medence Region\u00e1lis H\u00edrport\u00e1l"},"image":{"@id":"https:\/\/dorogimedence.hu\/#\/schema\/logo\/image\/"},"sameAs":["https:\/\/www.facebook.com\/dorogimedence\/"]},{"@type":"Person","@id":"https:\/\/dorogimedence.hu\/#\/schema\/person\/ce6091eeb7e95ecdc87890d6aa8e0fd4","name":"dorogimedence.hu","image":{"@type":"ImageObject","inLanguage":"hu","@id":"\/\/www.gravatar.com\/avatar\/d8d45f8901aadff40a4af72c0b826f1d?s=96&#038;r=g&#038;d=mm","url":"\/\/www.gravatar.com\/avatar\/d8d45f8901aadff40a4af72c0b826f1d?s=96&#038;r=g&#038;d=mm","contentUrl":"\/\/www.gravatar.com\/avatar\/d8d45f8901aadff40a4af72c0b826f1d?s=96&#038;r=g&#038;d=mm","caption":"dorogimedence.hu"}}]}},"_links":{"self":[{"href":"https:\/\/dorogimedence.hu\/index.php\/wp-json\/wp\/v2\/posts\/14825","targetHints":{"allow":["GET"]}}],"collection":[{"href":"https:\/\/dorogimedence.hu\/index.php\/wp-json\/wp\/v2\/posts"}],"about":[{"href":"https:\/\/dorogimedence.hu\/index.php\/wp-json\/wp\/v2\/types\/post"}],"author":[{"embeddable":true,"href":"https:\/\/dorogimedence.hu\/index.php\/wp-json\/wp\/v2\/users\/1"}],"replies":[{"embeddable":true,"href":"https:\/\/dorogimedence.hu\/index.php\/wp-json\/wp\/v2\/comments?post=14825"}],"version-history":[{"count":0,"href":"https:\/\/dorogimedence.hu\/index.php\/wp-json\/wp\/v2\/posts\/14825\/revisions"}],"wp:featuredmedia":[{"embeddable":true,"href":"https:\/\/dorogimedence.hu\/index.php\/wp-json\/wp\/v2\/media\/14826"}],"wp:attachment":[{"href":"https:\/\/dorogimedence.hu\/index.php\/wp-json\/wp\/v2\/media?parent=14825"}],"wp:term":[{"taxonomy":"category","embeddable":true,"href":"https:\/\/dorogimedence.hu\/index.php\/wp-json\/wp\/v2\/categories?post=14825"},{"taxonomy":"post_tag","embeddable":true,"href":"https:\/\/dorogimedence.hu\/index.php\/wp-json\/wp\/v2\/tags?post=14825"}],"curies":[{"name":"wp","href":"https:\/\/api.w.org\/{rel}","templated":true}]}}