{"id":14775,"date":"2019-02-11T06:41:12","date_gmt":"2019-02-11T05:41:12","guid":{"rendered":"http:\/\/dorogimedence.hu\/?p=14775"},"modified":"2019-02-11T06:43:08","modified_gmt":"2019-02-11T05:43:08","slug":"nem-sikerult-itthon-tartani-a-harom-pontot-3","status":"publish","type":"post","link":"https:\/\/dorogimedence.hu\/index.php\/2019\/02\/11\/nem-sikerult-itthon-tartani-a-harom-pontot-3\/","title":{"rendered":"Nem siker\u00fclt itthon tartani a h\u00e1rom pontot"},"content":{"rendered":"<p><strong>Febru\u00e1r 10-\u00e9n, vas\u00e1rnap a Dorogi FC vend\u00e9ge a Soroks\u00e1r SC volt, az NB II. 23. fordul\u00f3j\u00e1ban, a Buz\u00e1nszky Jen\u0151 Stadionban.<\/strong><\/p>\n<p>Sajnos m\u00e1r az els\u0151 f\u00e9lid\u0151ben eld\u0151lt a Dorog sorsa, hiszen 31. percben Kundr\u00e1k, a 36. percben pedig Gy\u00f6mb\u00e9r tal\u00e1lt be a dorogiak kapuj\u00e1ba, az ut\u00f3bbi tizenegyesb\u0151l.<\/p>\n<p><strong><span style=\"color: #ff0000;\">DOROGI FC\u2013SOROKS\u00c1R SC 0\u20132 (0\u20132)<\/span><\/strong><\/p>\n<p><strong>Dorog, Buz\u00e1nszky Jen\u0151 Stadion, 400 <\/strong>n\u00e9z\u0151. <strong>Vezette<\/strong>: Moln\u00e1r Attila (Horv\u00e1th Zolt\u00e1n, Hofbauer Roland<br \/>\n<strong>DOROG<\/strong>: Horv\u00e1th G. \u2013 Erd\u00e9lyi B., Dlusztus, Nagy Zs., Papp M. \u2013 M\u00e9sz\u00e1ros \u00c1., Nagyh\u00e1zi (Paudits, 44.) \u2013 Beke P. (V\u00e1rosi, 70.), Kitl M., Szedl\u00e1r (Farag\u00f3, 87.) \u2013 V\u00edgh \u00c1. <strong>Vezet\u0151edz\u0151<\/strong>: Miskei Attila<br \/>\n<strong>SOROKS\u00c1R<\/strong>: Kov\u00e1cs D\u00e1niel \u2013 Moln\u00e1r R., Dvorsch\u00e1k, Szpirulisz, Valencsik \u2013 Husz\u00e1k, Gy\u00f6mb\u00e9r (L\u0151rinczy, 64.) \u2013 Kov\u00e1cs D\u00e1vid (Csernik, 68.), Tam\u00e1si Zs., Kundr\u00e1k (Lakatos I., 91.) \u2013 Orosz M. <strong>Vezet\u0151edz\u0151<\/strong>: Lipcsei P\u00e9ter<br \/>\n<strong>G\u00f3lszerz\u0151<\/strong>: Kundr\u00e1k (<strong>0\u20131<\/strong>) a 31., Gy\u00f6mb\u00e9r (11-esb\u0151l, <strong>0\u20132<\/strong>) a 36. percben.<\/p>\n<p><strong>MESTERM\u00c9RLEG<br \/>\nMiskei Attila<\/strong>: \u2013 Az els\u0151 g\u00f3l d\u00f6nt\u0151en befoly\u00e1solta a m\u00e9rk\u0151z\u00e9s alakul\u00e1s\u00e1t. Nagy er\u0151ket mozg\u00f3s\u00edtottunk az egyenl\u00edt\u00e9s \u00e9rdek\u00e9ben, de ez\u00fattal nem siker\u00fclt g\u00f3lt szerezn\u00fcnk.<br \/>\n<strong>Lipcsei P\u00e9ter<\/strong>: \u2013 Meg\u00e9rdemelten nyert\u00fcnk, r\u00e1ad\u00e1sul m\u00e1r az els\u0151 f\u00e9lid\u0151ben eld\u00f6nt\u00f6tt\u00fck a meccset. Dorogr\u00f3l nem sok csapat viszi el a h\u00e1rom pontot, nek\u00fcnk siker\u00fclt. Tov\u00e1bb\u00e1 \u00f6r\u00fcl\u00f6k, hogy nem kaptunk g\u00f3lt.<\/p>\n<p>A m\u00e9rk\u0151z\u00e9s ut\u00e1n a Dorogi FC a tabella 10. hely\u00e9r\u0151l a 11. helyre cs\u00faszott le. A k\u00f6vetkez\u0151 m\u00e9rk\u0151z\u00e9st febru\u00e1r 17-\u00e9n, vas\u00e1rnap Gy\u0151rben a Gyirm\u00f3t FC otthon\u00e1ban j\u00e1tszuk!<\/p>\n<p><a href=\"http:\/\/www.nemzetisport.hu\/labdarugo_nb_ii\/nb-ii-elo-eredmenykovetes-a-23-fordulo-merkozeseirol-2683265\" target=\"_blank\" rel=\"noopener\"><span style=\"text-decoration: underline; color: #0000ff;\"><strong>A 23. fordul\u00f3 eredm\u00e9nyei&gt;&gt;<\/strong><\/span><\/a><\/p>\n<p><em>Forr\u00e1s: nemzetisport.hu \/ dorogimedence.hu<\/em><\/p>\n","protected":false},"excerpt":{"rendered":"<p>Febru\u00e1r 10-\u00e9n, vas\u00e1rnap a Dorogi FC vend\u00e9ge a Soroks\u00e1r SC volt, az NB II. 23. fordul\u00f3j\u00e1ban, a Buz\u00e1nszky Jen\u0151 Stadionban. Sajnos m\u00e1r az els\u0151 f\u00e9lid\u0151ben eld\u0151lt a Dorog sorsa, hiszen 31. percben Kundr\u00e1k, a 36. percben pedig Gy\u00f6mb\u00e9r tal\u00e1lt be a dorogiak kapuj\u00e1ba, az ut\u00f3bbi tizenegyesb\u0151l. DOROGI FC\u2013SOROKS\u00c1R SC 0\u20132 (0\u20132) Dorog, Buz\u00e1nszky Jen\u0151 Stadion,<\/p>\n","protected":false},"author":1,"featured_media":12076,"comment_status":"closed","ping_status":"closed","sticky":false,"template":"","format":"standard","meta":{"ngg_post_thumbnail":0,"footnotes":""},"categories":[2,3,5],"tags":[15,37,70,69,72,263,902,16],"class_list":{"0":"post-14775","1":"post","2":"type-post","3":"status-publish","4":"format-standard","5":"has-post-thumbnail","7":"category-dorog","8":"category-hirek","9":"category-sport","10":"tag-dorog","11":"tag-dorogi-fc","12":"tag-foci","13":"tag-futball","14":"tag-labdarugas","15":"tag-nb-ii","16":"tag-soroksar-sc","17":"tag-sport"},"yoast_head":"<!-- This site is optimized with the Yoast SEO plugin v27.5 - https:\/\/yoast.com\/product\/yoast-seo-wordpress\/ -->\n<title>Nem siker\u00fclt itthon tartani a h\u00e1rom pontot<\/title>\n<meta name=\"robots\" content=\"index, follow, max-snippet:-1, max-image-preview:large, max-video-preview:-1\" \/>\n<link rel=\"canonical\" href=\"https:\/\/dorogimedence.hu\/index.php\/2019\/02\/11\/nem-sikerult-itthon-tartani-a-harom-pontot-3\/\" class=\"yoast-seo-meta-tag\" \/>\n<meta property=\"og:locale\" content=\"hu_HU\" class=\"yoast-seo-meta-tag\" \/>\n<meta property=\"og:type\" content=\"article\" class=\"yoast-seo-meta-tag\" \/>\n<meta property=\"og:title\" content=\"Nem siker\u00fclt itthon tartani a h\u00e1rom pontot\" class=\"yoast-seo-meta-tag\" \/>\n<meta property=\"og:description\" content=\"Febru\u00e1r 10-\u00e9n, vas\u00e1rnap a Dorogi FC vend\u00e9ge a Soroks\u00e1r SC volt, az NB II. 23. fordul\u00f3j\u00e1ban, a Buz\u00e1nszky Jen\u0151 Stadionban. Sajnos m\u00e1r az els\u0151 f\u00e9lid\u0151ben eld\u0151lt a Dorog sorsa, hiszen 31. percben Kundr\u00e1k, a 36. percben pedig Gy\u00f6mb\u00e9r tal\u00e1lt be a dorogiak kapuj\u00e1ba, az ut\u00f3bbi tizenegyesb\u0151l. DOROGI FC\u2013SOROKS\u00c1R SC 0\u20132 (0\u20132) Dorog, Buz\u00e1nszky Jen\u0151 Stadion,\" class=\"yoast-seo-meta-tag\" \/>\n<meta property=\"og:url\" content=\"https:\/\/dorogimedence.hu\/index.php\/2019\/02\/11\/nem-sikerult-itthon-tartani-a-harom-pontot-3\/\" class=\"yoast-seo-meta-tag\" \/>\n<meta property=\"og:site_name\" content=\"Dorogi-medence Region\u00e1lis H\u00edrport\u00e1l\" class=\"yoast-seo-meta-tag\" \/>\n<meta property=\"article:publisher\" content=\"https:\/\/www.facebook.com\/dorogimedence\/\" class=\"yoast-seo-meta-tag\" \/>\n<meta property=\"article:published_time\" content=\"2019-02-11T05:41:12+00:00\" class=\"yoast-seo-meta-tag\" \/>\n<meta property=\"article:modified_time\" content=\"2019-02-11T05:43:08+00:00\" class=\"yoast-seo-meta-tag\" \/>\n<meta property=\"og:image\" content=\"https:\/\/i0.wp.com\/dorogimedence.hu\/wp-content\/uploads\/2018\/09\/futball-01.jpg?fit=670%2C365&ssl=1\" class=\"yoast-seo-meta-tag\" \/>\n\t<meta property=\"og:image:width\" content=\"670\" class=\"yoast-seo-meta-tag\" \/>\n\t<meta property=\"og:image:height\" content=\"365\" class=\"yoast-seo-meta-tag\" \/>\n\t<meta property=\"og:image:type\" content=\"image\/jpeg\" class=\"yoast-seo-meta-tag\" \/>\n<meta name=\"author\" content=\"dorogimedence.hu\" class=\"yoast-seo-meta-tag\" \/>\n<meta name=\"twitter:card\" content=\"summary_large_image\" class=\"yoast-seo-meta-tag\" \/>\n<meta name=\"twitter:label1\" content=\"Szerz\u0151:\" class=\"yoast-seo-meta-tag\" \/>\n\t<meta name=\"twitter:data1\" content=\"dorogimedence.hu\" class=\"yoast-seo-meta-tag\" \/>\n\t<meta name=\"twitter:label2\" content=\"Becs\u00fclt olvas\u00e1si id\u0151\" class=\"yoast-seo-meta-tag\" \/>\n\t<meta name=\"twitter:data2\" content=\"2 perc\" class=\"yoast-seo-meta-tag\" \/>\n<script type=\"application\/ld+json\" class=\"yoast-schema-graph\">{\"@context\":\"https:\\\/\\\/schema.org\",\"@graph\":[{\"@type\":\"Article\",\"@id\":\"https:\\\/\\\/dorogimedence.hu\\\/index.php\\\/2019\\\/02\\\/11\\\/nem-sikerult-itthon-tartani-a-harom-pontot-3\\\/#article\",\"isPartOf\":{\"@id\":\"https:\\\/\\\/dorogimedence.hu\\\/index.php\\\/2019\\\/02\\\/11\\\/nem-sikerult-itthon-tartani-a-harom-pontot-3\\\/\"},\"author\":{\"name\":\"dorogimedence.hu\",\"@id\":\"https:\\\/\\\/dorogimedence.hu\\\/#\\\/schema\\\/person\\\/ce6091eeb7e95ecdc87890d6aa8e0fd4\"},\"headline\":\"Nem siker\u00fclt itthon tartani a h\u00e1rom pontot\",\"datePublished\":\"2019-02-11T05:41:12+00:00\",\"dateModified\":\"2019-02-11T05:43:08+00:00\",\"mainEntityOfPage\":{\"@id\":\"https:\\\/\\\/dorogimedence.hu\\\/index.php\\\/2019\\\/02\\\/11\\\/nem-sikerult-itthon-tartani-a-harom-pontot-3\\\/\"},\"wordCount\":323,\"publisher\":{\"@id\":\"https:\\\/\\\/dorogimedence.hu\\\/#organization\"},\"image\":{\"@id\":\"https:\\\/\\\/dorogimedence.hu\\\/index.php\\\/2019\\\/02\\\/11\\\/nem-sikerult-itthon-tartani-a-harom-pontot-3\\\/#primaryimage\"},\"thumbnailUrl\":\"https:\\\/\\\/dorogimedence.hu\\\/wp-content\\\/uploads\\\/2018\\\/09\\\/futball-01.jpg\",\"keywords\":[\"Dorog\",\"Dorogi FC\",\"foci\",\"futball\",\"labdar\u00fag\u00e1s\",\"NB II\",\"Soroks\u00e1r SC\",\"sport\"],\"articleSection\":[\"Dorog\",\"H\u00edrek\",\"Sport\"],\"inLanguage\":\"hu\"},{\"@type\":\"WebPage\",\"@id\":\"https:\\\/\\\/dorogimedence.hu\\\/index.php\\\/2019\\\/02\\\/11\\\/nem-sikerult-itthon-tartani-a-harom-pontot-3\\\/\",\"url\":\"https:\\\/\\\/dorogimedence.hu\\\/index.php\\\/2019\\\/02\\\/11\\\/nem-sikerult-itthon-tartani-a-harom-pontot-3\\\/\",\"name\":\"Nem siker\u00fclt itthon tartani a h\u00e1rom pontot\",\"isPartOf\":{\"@id\":\"https:\\\/\\\/dorogimedence.hu\\\/#website\"},\"primaryImageOfPage\":{\"@id\":\"https:\\\/\\\/dorogimedence.hu\\\/index.php\\\/2019\\\/02\\\/11\\\/nem-sikerult-itthon-tartani-a-harom-pontot-3\\\/#primaryimage\"},\"image\":{\"@id\":\"https:\\\/\\\/dorogimedence.hu\\\/index.php\\\/2019\\\/02\\\/11\\\/nem-sikerult-itthon-tartani-a-harom-pontot-3\\\/#primaryimage\"},\"thumbnailUrl\":\"https:\\\/\\\/dorogimedence.hu\\\/wp-content\\\/uploads\\\/2018\\\/09\\\/futball-01.jpg\",\"datePublished\":\"2019-02-11T05:41:12+00:00\",\"dateModified\":\"2019-02-11T05:43:08+00:00\",\"breadcrumb\":{\"@id\":\"https:\\\/\\\/dorogimedence.hu\\\/index.php\\\/2019\\\/02\\\/11\\\/nem-sikerult-itthon-tartani-a-harom-pontot-3\\\/#breadcrumb\"},\"inLanguage\":\"hu\",\"potentialAction\":[{\"@type\":\"ReadAction\",\"target\":[\"https:\\\/\\\/dorogimedence.hu\\\/index.php\\\/2019\\\/02\\\/11\\\/nem-sikerult-itthon-tartani-a-harom-pontot-3\\\/\"]}]},{\"@type\":\"ImageObject\",\"inLanguage\":\"hu\",\"@id\":\"https:\\\/\\\/dorogimedence.hu\\\/index.php\\\/2019\\\/02\\\/11\\\/nem-sikerult-itthon-tartani-a-harom-pontot-3\\\/#primaryimage\",\"url\":\"https:\\\/\\\/dorogimedence.hu\\\/wp-content\\\/uploads\\\/2018\\\/09\\\/futball-01.jpg\",\"contentUrl\":\"https:\\\/\\\/dorogimedence.hu\\\/wp-content\\\/uploads\\\/2018\\\/09\\\/futball-01.jpg\",\"width\":670,\"height\":365},{\"@type\":\"BreadcrumbList\",\"@id\":\"https:\\\/\\\/dorogimedence.hu\\\/index.php\\\/2019\\\/02\\\/11\\\/nem-sikerult-itthon-tartani-a-harom-pontot-3\\\/#breadcrumb\",\"itemListElement\":[{\"@type\":\"ListItem\",\"position\":1,\"name\":\"Kezd\u0151lap\",\"item\":\"https:\\\/\\\/dorogimedence.hu\\\/\"},{\"@type\":\"ListItem\",\"position\":2,\"name\":\"Nem siker\u00fclt itthon tartani a h\u00e1rom pontot\"}]},{\"@type\":\"WebSite\",\"@id\":\"https:\\\/\\\/dorogimedence.hu\\\/#website\",\"url\":\"https:\\\/\\\/dorogimedence.hu\\\/\",\"name\":\"Dorogi-medence Region\u00e1lis H\u00edrport\u00e1l\",\"description\":\"Dorog, Keszt\u00f6lc, Le\u00e1nyv\u00e1r, Piliscs\u00e9v, Tokod, Tokodalt\u00e1r\u00f3, Csolnok, Esztergom-kertv\u00e1ros: h\u00edrek, programok\",\"publisher\":{\"@id\":\"https:\\\/\\\/dorogimedence.hu\\\/#organization\"},\"potentialAction\":[{\"@type\":\"SearchAction\",\"target\":{\"@type\":\"EntryPoint\",\"urlTemplate\":\"https:\\\/\\\/dorogimedence.hu\\\/?s={search_term_string}\"},\"query-input\":{\"@type\":\"PropertyValueSpecification\",\"valueRequired\":true,\"valueName\":\"search_term_string\"}}],\"inLanguage\":\"hu\"},{\"@type\":\"Organization\",\"@id\":\"https:\\\/\\\/dorogimedence.hu\\\/#organization\",\"name\":\"Dorogi-medence Region\u00e1lis H\u00edrport\u00e1l\",\"url\":\"https:\\\/\\\/dorogimedence.hu\\\/\",\"logo\":{\"@type\":\"ImageObject\",\"inLanguage\":\"hu\",\"@id\":\"https:\\\/\\\/dorogimedence.hu\\\/#\\\/schema\\\/logo\\\/image\\\/\",\"url\":\"https:\\\/\\\/dorogimedence.hu\\\/wp-content\\\/uploads\\\/2021\\\/04\\\/logo-feher-600.png\",\"contentUrl\":\"https:\\\/\\\/dorogimedence.hu\\\/wp-content\\\/uploads\\\/2021\\\/04\\\/logo-feher-600.png\",\"width\":600,\"height\":100,\"caption\":\"Dorogi-medence Region\u00e1lis H\u00edrport\u00e1l\"},\"image\":{\"@id\":\"https:\\\/\\\/dorogimedence.hu\\\/#\\\/schema\\\/logo\\\/image\\\/\"},\"sameAs\":[\"https:\\\/\\\/www.facebook.com\\\/dorogimedence\\\/\"]},{\"@type\":\"Person\",\"@id\":\"https:\\\/\\\/dorogimedence.hu\\\/#\\\/schema\\\/person\\\/ce6091eeb7e95ecdc87890d6aa8e0fd4\",\"name\":\"dorogimedence.hu\",\"image\":{\"@type\":\"ImageObject\",\"inLanguage\":\"hu\",\"@id\":\"\\\/\\\/www.gravatar.com\\\/avatar\\\/d8d45f8901aadff40a4af72c0b826f1d?s=96&#038;r=g&#038;d=mm\",\"url\":\"\\\/\\\/www.gravatar.com\\\/avatar\\\/d8d45f8901aadff40a4af72c0b826f1d?s=96&#038;r=g&#038;d=mm\",\"contentUrl\":\"\\\/\\\/www.gravatar.com\\\/avatar\\\/d8d45f8901aadff40a4af72c0b826f1d?s=96&#038;r=g&#038;d=mm\",\"caption\":\"dorogimedence.hu\"}}]}<\/script>\n<!-- \/ Yoast SEO plugin. -->","yoast_head_json":{"title":"Nem siker\u00fclt itthon tartani a h\u00e1rom pontot","robots":{"index":"index","follow":"follow","max-snippet":"max-snippet:-1","max-image-preview":"max-image-preview:large","max-video-preview":"max-video-preview:-1"},"canonical":"https:\/\/dorogimedence.hu\/index.php\/2019\/02\/11\/nem-sikerult-itthon-tartani-a-harom-pontot-3\/","og_locale":"hu_HU","og_type":"article","og_title":"Nem siker\u00fclt itthon tartani a h\u00e1rom pontot","og_description":"Febru\u00e1r 10-\u00e9n, vas\u00e1rnap a Dorogi FC vend\u00e9ge a Soroks\u00e1r SC volt, az NB II. 23. fordul\u00f3j\u00e1ban, a Buz\u00e1nszky Jen\u0151 Stadionban. Sajnos m\u00e1r az els\u0151 f\u00e9lid\u0151ben eld\u0151lt a Dorog sorsa, hiszen 31. percben Kundr\u00e1k, a 36. percben pedig Gy\u00f6mb\u00e9r tal\u00e1lt be a dorogiak kapuj\u00e1ba, az ut\u00f3bbi tizenegyesb\u0151l. DOROGI FC\u2013SOROKS\u00c1R SC 0\u20132 (0\u20132) Dorog, Buz\u00e1nszky Jen\u0151 Stadion,","og_url":"https:\/\/dorogimedence.hu\/index.php\/2019\/02\/11\/nem-sikerult-itthon-tartani-a-harom-pontot-3\/","og_site_name":"Dorogi-medence Region\u00e1lis H\u00edrport\u00e1l","article_publisher":"https:\/\/www.facebook.com\/dorogimedence\/","article_published_time":"2019-02-11T05:41:12+00:00","article_modified_time":"2019-02-11T05:43:08+00:00","og_image":[{"width":670,"height":365,"url":"https:\/\/i0.wp.com\/dorogimedence.hu\/wp-content\/uploads\/2018\/09\/futball-01.jpg?fit=670%2C365&ssl=1","type":"image\/jpeg"}],"author":"dorogimedence.hu","twitter_card":"summary_large_image","twitter_misc":{"Szerz\u0151:":"dorogimedence.hu","Becs\u00fclt olvas\u00e1si id\u0151":"2 perc"},"schema":{"@context":"https:\/\/schema.org","@graph":[{"@type":"Article","@id":"https:\/\/dorogimedence.hu\/index.php\/2019\/02\/11\/nem-sikerult-itthon-tartani-a-harom-pontot-3\/#article","isPartOf":{"@id":"https:\/\/dorogimedence.hu\/index.php\/2019\/02\/11\/nem-sikerult-itthon-tartani-a-harom-pontot-3\/"},"author":{"name":"dorogimedence.hu","@id":"https:\/\/dorogimedence.hu\/#\/schema\/person\/ce6091eeb7e95ecdc87890d6aa8e0fd4"},"headline":"Nem siker\u00fclt itthon tartani a h\u00e1rom pontot","datePublished":"2019-02-11T05:41:12+00:00","dateModified":"2019-02-11T05:43:08+00:00","mainEntityOfPage":{"@id":"https:\/\/dorogimedence.hu\/index.php\/2019\/02\/11\/nem-sikerult-itthon-tartani-a-harom-pontot-3\/"},"wordCount":323,"publisher":{"@id":"https:\/\/dorogimedence.hu\/#organization"},"image":{"@id":"https:\/\/dorogimedence.hu\/index.php\/2019\/02\/11\/nem-sikerult-itthon-tartani-a-harom-pontot-3\/#primaryimage"},"thumbnailUrl":"https:\/\/dorogimedence.hu\/wp-content\/uploads\/2018\/09\/futball-01.jpg","keywords":["Dorog","Dorogi FC","foci","futball","labdar\u00fag\u00e1s","NB II","Soroks\u00e1r SC","sport"],"articleSection":["Dorog","H\u00edrek","Sport"],"inLanguage":"hu"},{"@type":"WebPage","@id":"https:\/\/dorogimedence.hu\/index.php\/2019\/02\/11\/nem-sikerult-itthon-tartani-a-harom-pontot-3\/","url":"https:\/\/dorogimedence.hu\/index.php\/2019\/02\/11\/nem-sikerult-itthon-tartani-a-harom-pontot-3\/","name":"Nem siker\u00fclt itthon tartani a h\u00e1rom pontot","isPartOf":{"@id":"https:\/\/dorogimedence.hu\/#website"},"primaryImageOfPage":{"@id":"https:\/\/dorogimedence.hu\/index.php\/2019\/02\/11\/nem-sikerult-itthon-tartani-a-harom-pontot-3\/#primaryimage"},"image":{"@id":"https:\/\/dorogimedence.hu\/index.php\/2019\/02\/11\/nem-sikerult-itthon-tartani-a-harom-pontot-3\/#primaryimage"},"thumbnailUrl":"https:\/\/dorogimedence.hu\/wp-content\/uploads\/2018\/09\/futball-01.jpg","datePublished":"2019-02-11T05:41:12+00:00","dateModified":"2019-02-11T05:43:08+00:00","breadcrumb":{"@id":"https:\/\/dorogimedence.hu\/index.php\/2019\/02\/11\/nem-sikerult-itthon-tartani-a-harom-pontot-3\/#breadcrumb"},"inLanguage":"hu","potentialAction":[{"@type":"ReadAction","target":["https:\/\/dorogimedence.hu\/index.php\/2019\/02\/11\/nem-sikerult-itthon-tartani-a-harom-pontot-3\/"]}]},{"@type":"ImageObject","inLanguage":"hu","@id":"https:\/\/dorogimedence.hu\/index.php\/2019\/02\/11\/nem-sikerult-itthon-tartani-a-harom-pontot-3\/#primaryimage","url":"https:\/\/dorogimedence.hu\/wp-content\/uploads\/2018\/09\/futball-01.jpg","contentUrl":"https:\/\/dorogimedence.hu\/wp-content\/uploads\/2018\/09\/futball-01.jpg","width":670,"height":365},{"@type":"BreadcrumbList","@id":"https:\/\/dorogimedence.hu\/index.php\/2019\/02\/11\/nem-sikerult-itthon-tartani-a-harom-pontot-3\/#breadcrumb","itemListElement":[{"@type":"ListItem","position":1,"name":"Kezd\u0151lap","item":"https:\/\/dorogimedence.hu\/"},{"@type":"ListItem","position":2,"name":"Nem siker\u00fclt itthon tartani a h\u00e1rom pontot"}]},{"@type":"WebSite","@id":"https:\/\/dorogimedence.hu\/#website","url":"https:\/\/dorogimedence.hu\/","name":"Dorogi-medence Region\u00e1lis H\u00edrport\u00e1l","description":"Dorog, Keszt\u00f6lc, Le\u00e1nyv\u00e1r, Piliscs\u00e9v, Tokod, Tokodalt\u00e1r\u00f3, Csolnok, Esztergom-kertv\u00e1ros: h\u00edrek, programok","publisher":{"@id":"https:\/\/dorogimedence.hu\/#organization"},"potentialAction":[{"@type":"SearchAction","target":{"@type":"EntryPoint","urlTemplate":"https:\/\/dorogimedence.hu\/?s={search_term_string}"},"query-input":{"@type":"PropertyValueSpecification","valueRequired":true,"valueName":"search_term_string"}}],"inLanguage":"hu"},{"@type":"Organization","@id":"https:\/\/dorogimedence.hu\/#organization","name":"Dorogi-medence Region\u00e1lis H\u00edrport\u00e1l","url":"https:\/\/dorogimedence.hu\/","logo":{"@type":"ImageObject","inLanguage":"hu","@id":"https:\/\/dorogimedence.hu\/#\/schema\/logo\/image\/","url":"https:\/\/dorogimedence.hu\/wp-content\/uploads\/2021\/04\/logo-feher-600.png","contentUrl":"https:\/\/dorogimedence.hu\/wp-content\/uploads\/2021\/04\/logo-feher-600.png","width":600,"height":100,"caption":"Dorogi-medence Region\u00e1lis H\u00edrport\u00e1l"},"image":{"@id":"https:\/\/dorogimedence.hu\/#\/schema\/logo\/image\/"},"sameAs":["https:\/\/www.facebook.com\/dorogimedence\/"]},{"@type":"Person","@id":"https:\/\/dorogimedence.hu\/#\/schema\/person\/ce6091eeb7e95ecdc87890d6aa8e0fd4","name":"dorogimedence.hu","image":{"@type":"ImageObject","inLanguage":"hu","@id":"\/\/www.gravatar.com\/avatar\/d8d45f8901aadff40a4af72c0b826f1d?s=96&#038;r=g&#038;d=mm","url":"\/\/www.gravatar.com\/avatar\/d8d45f8901aadff40a4af72c0b826f1d?s=96&#038;r=g&#038;d=mm","contentUrl":"\/\/www.gravatar.com\/avatar\/d8d45f8901aadff40a4af72c0b826f1d?s=96&#038;r=g&#038;d=mm","caption":"dorogimedence.hu"}}]}},"_links":{"self":[{"href":"https:\/\/dorogimedence.hu\/index.php\/wp-json\/wp\/v2\/posts\/14775","targetHints":{"allow":["GET"]}}],"collection":[{"href":"https:\/\/dorogimedence.hu\/index.php\/wp-json\/wp\/v2\/posts"}],"about":[{"href":"https:\/\/dorogimedence.hu\/index.php\/wp-json\/wp\/v2\/types\/post"}],"author":[{"embeddable":true,"href":"https:\/\/dorogimedence.hu\/index.php\/wp-json\/wp\/v2\/users\/1"}],"replies":[{"embeddable":true,"href":"https:\/\/dorogimedence.hu\/index.php\/wp-json\/wp\/v2\/comments?post=14775"}],"version-history":[{"count":0,"href":"https:\/\/dorogimedence.hu\/index.php\/wp-json\/wp\/v2\/posts\/14775\/revisions"}],"wp:featuredmedia":[{"embeddable":true,"href":"https:\/\/dorogimedence.hu\/index.php\/wp-json\/wp\/v2\/media\/12076"}],"wp:attachment":[{"href":"https:\/\/dorogimedence.hu\/index.php\/wp-json\/wp\/v2\/media?parent=14775"}],"wp:term":[{"taxonomy":"category","embeddable":true,"href":"https:\/\/dorogimedence.hu\/index.php\/wp-json\/wp\/v2\/categories?post=14775"},{"taxonomy":"post_tag","embeddable":true,"href":"https:\/\/dorogimedence.hu\/index.php\/wp-json\/wp\/v2\/tags?post=14775"}],"curies":[{"name":"wp","href":"https:\/\/api.w.org\/{rel}","templated":true}]}}