{"id":14769,"date":"2019-02-10T08:38:56","date_gmt":"2019-02-10T07:38:56","guid":{"rendered":"http:\/\/dorogimedence.hu\/?p=14769"},"modified":"2019-02-10T08:39:18","modified_gmt":"2019-02-10T07:39:18","slug":"az-orok-merlegen-ezuttal-a-dorog-soroksar-merkozesek","status":"publish","type":"post","link":"https:\/\/dorogimedence.hu\/index.php\/2019\/02\/10\/az-orok-merlegen-ezuttal-a-dorog-soroksar-merkozesek\/","title":{"rendered":"Az \u00d6r\u00f6k m\u00e9rlegen ez\u00fattal a Dorog-Soroks\u00e1r m\u00e9rk\u0151z\u00e9sek"},"content":{"rendered":"<p><strong>A Dorogi FC febru\u00e1r 10-\u00e9n, vas\u00e1rnap a Soroks\u00e1r SC csapat\u00e1t fogadja az NB II. 23. fordul\u00f3j\u00e1ban.<\/strong><\/p>\n<p>Jelenlegi ellenfel\u00fcnk nem \u00f6sszet\u00e9vesztend\u0151 az 1911-ben alap\u00edtott, egykor szebb napokat meg\u00e9lt, t\u00f6bb \u00e9vadot is az NB I-ben t\u00f6lt\u00f6tt Soroks\u00e1ri AC (tov\u00e1bbi nevein Er-so MADISZ, V\u00f6r\u00f6s Lobog\u00f3 Sortex, Soroks\u00e1ri ESE) egyes\u00fclet\u00e9vel, amely sajn\u00e1latos m\u00f3don 1968-ban megsz\u0171nt. Soroks\u00e1ron is sz\u00e1mos egy\u00e9b csapat m\u0171k\u00f6d\u00f6tt, de a jelenlegi Soroks\u00e1r SC egyiknek sem jogut\u00f3da. A f\u0151v\u00e1ros\u00a0 XXIII. ker\u00fclet\u00e9nek klubja \u00e9ppen csak k\u00e9t \u00e9vtizedes m\u00faltra tekint vissza (1999 \u00f3ta m\u0171k\u00f6dnek), noha c\u00edmer\u00e9ben b\u00fcszk\u00e9n &#8211; \u00e1m ellentmond\u00e1sos m\u00f3don &#8211; 1905-\u00f6s alap\u00edt\u00e1st illesztett.<\/p>\n<p>Mai ellenfel\u00fcnk ellen 2002. szeptember\u00e9ben j\u00e1tszottuk legels\u0151 m\u00e9rk\u0151z\u00e9s\u00fcnket &#8211; m\u00e9gpedig az NB II-nek nevezett harmadoszt\u00e1lyban -, amely biztos, 2-0-\u00e1s dorogi gy\u0151zelemmel z\u00e1rult. A tavaszi visszav\u00e1g\u00f3t is mi nyert\u00fck, \u00edgy az els\u0151 k\u00f6z\u00f6s id\u00e9nyben oda-vissza nyert a Dorog \u00fagy, hogy ellenfele m\u00e9g a becs\u00fcletg\u00f3lig sem jutott. Nem \u00fagy, a k\u00e9s\u0151bbi k\u00e9t \u00e9vadban, amikor mindk\u00e9t \u00e9vben a s\u00e1rga-feket\u00e9k gy\u0151ztek oda-vissza, szint\u00e9n a harmadoszt\u00e1lyban, amelyet a v\u00e1ltozatoss\u00e1g kedv\u00e9\u00e9rt ekkor m\u00e1r val\u00f3ban NB III-nak neveztek hivatalosan is, m\u00e9gpedig a Duna-csoportban. A negyedik \u00e9s m\u00e9g mindig ebben az oszt\u00e1lyban sorra ker\u00fcl\u0151 \u00e9vadban viszont a Dorog visszav\u00e1gott \u00e9s nyerte mindk\u00e9t m\u00e9rk\u0151z\u00e9st. Legk\u00f6zelebb m\u00e1r a m\u00e1sodoszt\u00e1lyban ker\u00fclt \u00f6ssze a k\u00e9t f\u00e9l 2016 \u0151sz\u00e9n \u00e9s az\u00f3ta folyamatosan csoporttagok, ahol dorogi szemsz\u00f6gb\u0151l az utols\u00f3 k\u00e9t egym\u00e1s elleni m\u00e9rk\u0151z\u00e9sre lehet eml\u00e9kezni sz\u00edvesebben, hiszen nem csak veretlen\u00fcl hozta a csapat az eml\u00edtett bajnokikat, de legut\u00f3bb meg\u00e9rdemelt gy\u0151zelm\u00e9vel a fordul\u00f3 meglepet\u00e9s\u00e9t is szolg\u00e1ltatta. A k\u00e9t csapat eddigi m\u00e9rlege: 13 m\u00e9rk\u0151z\u00e9s, 5 dorogi, 6 soroks\u00e1ri gy\u0151zelem mellett 2 d\u00f6ntetlen, 17:17-es g\u00f3lar\u00e1nnyal. A legeredm\u00e9nyesebb a dorogi g\u00f3lszerz\u0151k sor\u00e1b\u00f3l jelenleg is a csapatunkban szerepl\u0151 Farag\u00f3 Tom\u00e1s 3 g\u00f3lj\u00e1val \u00fagy, hogy az elm\u00falt h\u00e1rom egym\u00e1s elleni meccs\u00fcnk\u00f6n is betal\u00e1lt, tov\u00e1bb\u00e1 Csap\u00f3 K\u00e1roly \u00e9s Szab\u00f3 P\u00e1l pedig dupl\u00e1zni tudott. Az al\u00e1bbiakban a r\u00e9szletes eredm\u00e9nylista a dorogi g\u00f3lszerz\u0151k \u00e9s az adott oszt\u00e1ly felt\u00fcntet\u00e9s\u00e9vel:<\/p>\n<table width=\"809\">\n<tbody>\n<tr>\n<td width=\"480\">2002-03 &#8211; III.o. &#8211; DOROG-SOROKS\u00c1R 2-0 (Bergendy, Csap\u00f3 K.);<\/td>\n<td width=\"329\">SOROKS\u00c1R-DOROG 0-1 (Csap\u00f3 K.)<\/td>\n<\/tr>\n<tr>\n<td>2008-09 &#8211; III.o. &#8211; DOROG-SOROKS\u00c1R 0-1;<\/td>\n<td>SOROKS\u00c1R-DOROG 3-1 (Jo\u00f3)<\/td>\n<\/tr>\n<tr>\n<td>2010-11 &#8211; III.o. &#8211; DOROG-SOROKS\u00c1R 2-3 (Farag\u00f3 Sz., Janetka);<\/td>\n<td>SOROKS\u00c1R-DOROG 3-0<\/td>\n<\/tr>\n<tr>\n<td>2011-12 &#8211; III.o. &#8211; DOROG-SOROKS\u00c1R 3-0 (Szab\u00f3 P., Kinyik, H\u00e9ray);<\/td>\n<td>SOROKS\u00c1R-DOROG 0-1 (Szab\u00f3 P.)<\/td>\n<\/tr>\n<tr>\n<td>2016-17 &#8211; II. o. &#8211; DOROG-SOROKS\u00c1R 0-1;<\/td>\n<td>SOROKS\u00c1R-DOROG 1-1 (Vigh \u00c1.)<\/td>\n<\/tr>\n<tr>\n<td>2017-18 &#8211; II. o. &#8211; DOROG-SOROKS\u00c1R 2-2 (Farag\u00f3 T., Sitku),<\/td>\n<td>SOROKS\u00c1R-DOROG 2-1 (Farag\u00f3 T.)\u200b\u200b\u200b\u200b\u200b\u200b\u200b<\/td>\n<\/tr>\n<tr>\n<td>2018-19 &#8211; II. o. &#8211;<\/td>\n<td>SOROKS\u00c1R-DOROG 1-3 (Farag\u00f3 T., Szedl\u00e1r, Heged\u0171s)\u200b\u200b\u200b\u200b\u200b\u200b\u200b<\/td>\n<\/tr>\n<\/tbody>\n<\/table>\n<p>&nbsp;<\/p>\n<p>A dorogiak kor\u00e1bbi j\u00e1t\u00e9kosai k\u00f6z\u00fcl Pandur P\u00e9ter kit\u00e9r\u0151kkel k\u00e9s\u0151bb Soroks\u00e1rra igazolt, m\u00edg a Soroks\u00e1r egykori j\u00e1t\u00e9kosai k\u00f6z\u00fcl szint\u00e9n kit\u00e9r\u0151kkel el\u0151bb Hauser D\u00e1niel, majd Simon Attila pedig a Dorogot er\u0151s\u00edtette. Tov\u00e1bbi \u00e9rdekess\u00e9gk\u00e9nt megeml\u00edtend\u0151, hogy a Soroks\u00e1r jelenlegi vezet\u0151edz\u0151je, a Ferencv\u00e1ros \u00e9s az FC Porto t\u00f6bbsz\u00f6r\u00f6s v\u00e1logatott hajdani j\u00e1t\u00e9kos\u00e1nak, Lipcsei P\u00e9ternek \u00e9desapja, Lipcsei Imre a Dorogban futballozott a hatvanas \u00e9vek m\u00e1sodik fel\u00e9ben.<\/p>\n<p><em><strong>Szab\u00f3 Gyula<\/strong><\/em><\/p>\n","protected":false},"excerpt":{"rendered":"<p>A Dorogi FC febru\u00e1r 10-\u00e9n, vas\u00e1rnap a Soroks\u00e1r SC csapat\u00e1t fogadja az NB II. 23. fordul\u00f3j\u00e1ban. Jelenlegi ellenfel\u00fcnk nem \u00f6sszet\u00e9vesztend\u0151 az 1911-ben alap\u00edtott, egykor szebb napokat meg\u00e9lt, t\u00f6bb \u00e9vadot is az NB I-ben t\u00f6lt\u00f6tt Soroks\u00e1ri AC (tov\u00e1bbi nevein Er-so MADISZ, V\u00f6r\u00f6s Lobog\u00f3 Sortex, Soroks\u00e1ri ESE) egyes\u00fclet\u00e9vel, amely sajn\u00e1latos m\u00f3don 1968-ban megsz\u0171nt. Soroks\u00e1ron is sz\u00e1mos egy\u00e9b<\/p>\n","protected":false},"author":1,"featured_media":3792,"comment_status":"closed","ping_status":"closed","sticky":false,"template":"","format":"standard","meta":{"ngg_post_thumbnail":0,"footnotes":""},"categories":[2,3,5],"tags":[15,37,70,69,72,263,886,16],"class_list":{"0":"post-14769","1":"post","2":"type-post","3":"status-publish","4":"format-standard","5":"has-post-thumbnail","7":"category-dorog","8":"category-hirek","9":"category-sport","10":"tag-dorog","11":"tag-dorogi-fc","12":"tag-foci","13":"tag-futball","14":"tag-labdarugas","15":"tag-nb-ii","16":"tag-soroksar","17":"tag-sport"},"yoast_head":"<!-- This site is optimized with the Yoast SEO plugin v27.4 - https:\/\/yoast.com\/product\/yoast-seo-wordpress\/ -->\n<title>Az \u00d6r\u00f6k m\u00e9rlegen ez\u00fattal a Dorog-Soroks\u00e1r m\u00e9rk\u0151z\u00e9sek<\/title>\n<meta name=\"robots\" content=\"index, follow, max-snippet:-1, max-image-preview:large, max-video-preview:-1\" \/>\n<link rel=\"canonical\" href=\"https:\/\/dorogimedence.hu\/index.php\/2019\/02\/10\/az-orok-merlegen-ezuttal-a-dorog-soroksar-merkozesek\/\" class=\"yoast-seo-meta-tag\" \/>\n<meta property=\"og:locale\" content=\"hu_HU\" class=\"yoast-seo-meta-tag\" \/>\n<meta property=\"og:type\" content=\"article\" class=\"yoast-seo-meta-tag\" \/>\n<meta property=\"og:title\" content=\"Az \u00d6r\u00f6k m\u00e9rlegen ez\u00fattal a Dorog-Soroks\u00e1r m\u00e9rk\u0151z\u00e9sek\" class=\"yoast-seo-meta-tag\" \/>\n<meta property=\"og:description\" content=\"A Dorogi FC febru\u00e1r 10-\u00e9n, vas\u00e1rnap a Soroks\u00e1r SC csapat\u00e1t fogadja az NB II. 23. fordul\u00f3j\u00e1ban. Jelenlegi ellenfel\u00fcnk nem \u00f6sszet\u00e9vesztend\u0151 az 1911-ben alap\u00edtott, egykor szebb napokat meg\u00e9lt, t\u00f6bb \u00e9vadot is az NB I-ben t\u00f6lt\u00f6tt Soroks\u00e1ri AC (tov\u00e1bbi nevein Er-so MADISZ, V\u00f6r\u00f6s Lobog\u00f3 Sortex, Soroks\u00e1ri ESE) egyes\u00fclet\u00e9vel, amely sajn\u00e1latos m\u00f3don 1968-ban megsz\u0171nt. Soroks\u00e1ron is sz\u00e1mos egy\u00e9b\" class=\"yoast-seo-meta-tag\" \/>\n<meta property=\"og:url\" content=\"https:\/\/dorogimedence.hu\/index.php\/2019\/02\/10\/az-orok-merlegen-ezuttal-a-dorog-soroksar-merkozesek\/\" class=\"yoast-seo-meta-tag\" \/>\n<meta property=\"og:site_name\" content=\"Dorogi-medence Region\u00e1lis H\u00edrport\u00e1l\" class=\"yoast-seo-meta-tag\" \/>\n<meta property=\"article:publisher\" content=\"https:\/\/www.facebook.com\/dorogimedence\/\" class=\"yoast-seo-meta-tag\" \/>\n<meta property=\"article:published_time\" content=\"2019-02-10T07:38:56+00:00\" class=\"yoast-seo-meta-tag\" \/>\n<meta property=\"article:modified_time\" content=\"2019-02-10T07:39:18+00:00\" class=\"yoast-seo-meta-tag\" \/>\n<meta property=\"og:image\" content=\"https:\/\/i0.wp.com\/dorogimedence.hu\/wp-content\/uploads\/2017\/06\/focilabda.jpg?fit=670%2C365&ssl=1\" class=\"yoast-seo-meta-tag\" \/>\n\t<meta property=\"og:image:width\" content=\"670\" class=\"yoast-seo-meta-tag\" \/>\n\t<meta property=\"og:image:height\" content=\"365\" class=\"yoast-seo-meta-tag\" \/>\n\t<meta property=\"og:image:type\" content=\"image\/jpeg\" class=\"yoast-seo-meta-tag\" \/>\n<meta name=\"author\" content=\"dorogimedence.hu\" class=\"yoast-seo-meta-tag\" \/>\n<meta name=\"twitter:card\" content=\"summary_large_image\" class=\"yoast-seo-meta-tag\" \/>\n<meta name=\"twitter:label1\" content=\"Szerz\u0151:\" class=\"yoast-seo-meta-tag\" \/>\n\t<meta name=\"twitter:data1\" content=\"dorogimedence.hu\" class=\"yoast-seo-meta-tag\" \/>\n\t<meta name=\"twitter:label2\" content=\"Becs\u00fclt olvas\u00e1si id\u0151\" class=\"yoast-seo-meta-tag\" \/>\n\t<meta name=\"twitter:data2\" content=\"3 perc\" class=\"yoast-seo-meta-tag\" \/>\n<script type=\"application\/ld+json\" class=\"yoast-schema-graph\">{\"@context\":\"https:\\\/\\\/schema.org\",\"@graph\":[{\"@type\":\"Article\",\"@id\":\"https:\\\/\\\/dorogimedence.hu\\\/index.php\\\/2019\\\/02\\\/10\\\/az-orok-merlegen-ezuttal-a-dorog-soroksar-merkozesek\\\/#article\",\"isPartOf\":{\"@id\":\"https:\\\/\\\/dorogimedence.hu\\\/index.php\\\/2019\\\/02\\\/10\\\/az-orok-merlegen-ezuttal-a-dorog-soroksar-merkozesek\\\/\"},\"author\":{\"name\":\"dorogimedence.hu\",\"@id\":\"https:\\\/\\\/dorogimedence.hu\\\/#\\\/schema\\\/person\\\/ce6091eeb7e95ecdc87890d6aa8e0fd4\"},\"headline\":\"Az \u00d6r\u00f6k m\u00e9rlegen ez\u00fattal a Dorog-Soroks\u00e1r m\u00e9rk\u0151z\u00e9sek\",\"datePublished\":\"2019-02-10T07:38:56+00:00\",\"dateModified\":\"2019-02-10T07:39:18+00:00\",\"mainEntityOfPage\":{\"@id\":\"https:\\\/\\\/dorogimedence.hu\\\/index.php\\\/2019\\\/02\\\/10\\\/az-orok-merlegen-ezuttal-a-dorog-soroksar-merkozesek\\\/\"},\"wordCount\":666,\"publisher\":{\"@id\":\"https:\\\/\\\/dorogimedence.hu\\\/#organization\"},\"image\":{\"@id\":\"https:\\\/\\\/dorogimedence.hu\\\/index.php\\\/2019\\\/02\\\/10\\\/az-orok-merlegen-ezuttal-a-dorog-soroksar-merkozesek\\\/#primaryimage\"},\"thumbnailUrl\":\"https:\\\/\\\/dorogimedence.hu\\\/wp-content\\\/uploads\\\/2017\\\/06\\\/focilabda.jpg\",\"keywords\":[\"Dorog\",\"Dorogi FC\",\"foci\",\"futball\",\"labdar\u00fag\u00e1s\",\"NB II\",\"Soroks\u00e1r\",\"sport\"],\"articleSection\":[\"Dorog\",\"H\u00edrek\",\"Sport\"],\"inLanguage\":\"hu\"},{\"@type\":\"WebPage\",\"@id\":\"https:\\\/\\\/dorogimedence.hu\\\/index.php\\\/2019\\\/02\\\/10\\\/az-orok-merlegen-ezuttal-a-dorog-soroksar-merkozesek\\\/\",\"url\":\"https:\\\/\\\/dorogimedence.hu\\\/index.php\\\/2019\\\/02\\\/10\\\/az-orok-merlegen-ezuttal-a-dorog-soroksar-merkozesek\\\/\",\"name\":\"Az \u00d6r\u00f6k m\u00e9rlegen ez\u00fattal a Dorog-Soroks\u00e1r m\u00e9rk\u0151z\u00e9sek\",\"isPartOf\":{\"@id\":\"https:\\\/\\\/dorogimedence.hu\\\/#website\"},\"primaryImageOfPage\":{\"@id\":\"https:\\\/\\\/dorogimedence.hu\\\/index.php\\\/2019\\\/02\\\/10\\\/az-orok-merlegen-ezuttal-a-dorog-soroksar-merkozesek\\\/#primaryimage\"},\"image\":{\"@id\":\"https:\\\/\\\/dorogimedence.hu\\\/index.php\\\/2019\\\/02\\\/10\\\/az-orok-merlegen-ezuttal-a-dorog-soroksar-merkozesek\\\/#primaryimage\"},\"thumbnailUrl\":\"https:\\\/\\\/dorogimedence.hu\\\/wp-content\\\/uploads\\\/2017\\\/06\\\/focilabda.jpg\",\"datePublished\":\"2019-02-10T07:38:56+00:00\",\"dateModified\":\"2019-02-10T07:39:18+00:00\",\"breadcrumb\":{\"@id\":\"https:\\\/\\\/dorogimedence.hu\\\/index.php\\\/2019\\\/02\\\/10\\\/az-orok-merlegen-ezuttal-a-dorog-soroksar-merkozesek\\\/#breadcrumb\"},\"inLanguage\":\"hu\",\"potentialAction\":[{\"@type\":\"ReadAction\",\"target\":[\"https:\\\/\\\/dorogimedence.hu\\\/index.php\\\/2019\\\/02\\\/10\\\/az-orok-merlegen-ezuttal-a-dorog-soroksar-merkozesek\\\/\"]}]},{\"@type\":\"ImageObject\",\"inLanguage\":\"hu\",\"@id\":\"https:\\\/\\\/dorogimedence.hu\\\/index.php\\\/2019\\\/02\\\/10\\\/az-orok-merlegen-ezuttal-a-dorog-soroksar-merkozesek\\\/#primaryimage\",\"url\":\"https:\\\/\\\/dorogimedence.hu\\\/wp-content\\\/uploads\\\/2017\\\/06\\\/focilabda.jpg\",\"contentUrl\":\"https:\\\/\\\/dorogimedence.hu\\\/wp-content\\\/uploads\\\/2017\\\/06\\\/focilabda.jpg\",\"width\":670,\"height\":365},{\"@type\":\"BreadcrumbList\",\"@id\":\"https:\\\/\\\/dorogimedence.hu\\\/index.php\\\/2019\\\/02\\\/10\\\/az-orok-merlegen-ezuttal-a-dorog-soroksar-merkozesek\\\/#breadcrumb\",\"itemListElement\":[{\"@type\":\"ListItem\",\"position\":1,\"name\":\"Kezd\u0151lap\",\"item\":\"https:\\\/\\\/dorogimedence.hu\\\/\"},{\"@type\":\"ListItem\",\"position\":2,\"name\":\"Az \u00d6r\u00f6k m\u00e9rlegen ez\u00fattal a Dorog-Soroks\u00e1r m\u00e9rk\u0151z\u00e9sek\"}]},{\"@type\":\"WebSite\",\"@id\":\"https:\\\/\\\/dorogimedence.hu\\\/#website\",\"url\":\"https:\\\/\\\/dorogimedence.hu\\\/\",\"name\":\"Dorogi-medence Region\u00e1lis H\u00edrport\u00e1l\",\"description\":\"Dorog, Keszt\u00f6lc, Le\u00e1nyv\u00e1r, Piliscs\u00e9v, Tokod, Tokodalt\u00e1r\u00f3, Csolnok, Esztergom-kertv\u00e1ros: h\u00edrek, programok\",\"publisher\":{\"@id\":\"https:\\\/\\\/dorogimedence.hu\\\/#organization\"},\"potentialAction\":[{\"@type\":\"SearchAction\",\"target\":{\"@type\":\"EntryPoint\",\"urlTemplate\":\"https:\\\/\\\/dorogimedence.hu\\\/?s={search_term_string}\"},\"query-input\":{\"@type\":\"PropertyValueSpecification\",\"valueRequired\":true,\"valueName\":\"search_term_string\"}}],\"inLanguage\":\"hu\"},{\"@type\":\"Organization\",\"@id\":\"https:\\\/\\\/dorogimedence.hu\\\/#organization\",\"name\":\"Dorogi-medence Region\u00e1lis H\u00edrport\u00e1l\",\"url\":\"https:\\\/\\\/dorogimedence.hu\\\/\",\"logo\":{\"@type\":\"ImageObject\",\"inLanguage\":\"hu\",\"@id\":\"https:\\\/\\\/dorogimedence.hu\\\/#\\\/schema\\\/logo\\\/image\\\/\",\"url\":\"https:\\\/\\\/dorogimedence.hu\\\/wp-content\\\/uploads\\\/2021\\\/04\\\/logo-feher-600.png\",\"contentUrl\":\"https:\\\/\\\/dorogimedence.hu\\\/wp-content\\\/uploads\\\/2021\\\/04\\\/logo-feher-600.png\",\"width\":600,\"height\":100,\"caption\":\"Dorogi-medence Region\u00e1lis H\u00edrport\u00e1l\"},\"image\":{\"@id\":\"https:\\\/\\\/dorogimedence.hu\\\/#\\\/schema\\\/logo\\\/image\\\/\"},\"sameAs\":[\"https:\\\/\\\/www.facebook.com\\\/dorogimedence\\\/\"]},{\"@type\":\"Person\",\"@id\":\"https:\\\/\\\/dorogimedence.hu\\\/#\\\/schema\\\/person\\\/ce6091eeb7e95ecdc87890d6aa8e0fd4\",\"name\":\"dorogimedence.hu\",\"image\":{\"@type\":\"ImageObject\",\"inLanguage\":\"hu\",\"@id\":\"\\\/\\\/www.gravatar.com\\\/avatar\\\/d8d45f8901aadff40a4af72c0b826f1d?s=96&#038;r=g&#038;d=mm\",\"url\":\"\\\/\\\/www.gravatar.com\\\/avatar\\\/d8d45f8901aadff40a4af72c0b826f1d?s=96&#038;r=g&#038;d=mm\",\"contentUrl\":\"\\\/\\\/www.gravatar.com\\\/avatar\\\/d8d45f8901aadff40a4af72c0b826f1d?s=96&#038;r=g&#038;d=mm\",\"caption\":\"dorogimedence.hu\"}}]}<\/script>\n<!-- \/ Yoast SEO plugin. -->","yoast_head_json":{"title":"Az \u00d6r\u00f6k m\u00e9rlegen ez\u00fattal a Dorog-Soroks\u00e1r m\u00e9rk\u0151z\u00e9sek","robots":{"index":"index","follow":"follow","max-snippet":"max-snippet:-1","max-image-preview":"max-image-preview:large","max-video-preview":"max-video-preview:-1"},"canonical":"https:\/\/dorogimedence.hu\/index.php\/2019\/02\/10\/az-orok-merlegen-ezuttal-a-dorog-soroksar-merkozesek\/","og_locale":"hu_HU","og_type":"article","og_title":"Az \u00d6r\u00f6k m\u00e9rlegen ez\u00fattal a Dorog-Soroks\u00e1r m\u00e9rk\u0151z\u00e9sek","og_description":"A Dorogi FC febru\u00e1r 10-\u00e9n, vas\u00e1rnap a Soroks\u00e1r SC csapat\u00e1t fogadja az NB II. 23. fordul\u00f3j\u00e1ban. Jelenlegi ellenfel\u00fcnk nem \u00f6sszet\u00e9vesztend\u0151 az 1911-ben alap\u00edtott, egykor szebb napokat meg\u00e9lt, t\u00f6bb \u00e9vadot is az NB I-ben t\u00f6lt\u00f6tt Soroks\u00e1ri AC (tov\u00e1bbi nevein Er-so MADISZ, V\u00f6r\u00f6s Lobog\u00f3 Sortex, Soroks\u00e1ri ESE) egyes\u00fclet\u00e9vel, amely sajn\u00e1latos m\u00f3don 1968-ban megsz\u0171nt. Soroks\u00e1ron is sz\u00e1mos egy\u00e9b","og_url":"https:\/\/dorogimedence.hu\/index.php\/2019\/02\/10\/az-orok-merlegen-ezuttal-a-dorog-soroksar-merkozesek\/","og_site_name":"Dorogi-medence Region\u00e1lis H\u00edrport\u00e1l","article_publisher":"https:\/\/www.facebook.com\/dorogimedence\/","article_published_time":"2019-02-10T07:38:56+00:00","article_modified_time":"2019-02-10T07:39:18+00:00","og_image":[{"width":670,"height":365,"url":"https:\/\/i0.wp.com\/dorogimedence.hu\/wp-content\/uploads\/2017\/06\/focilabda.jpg?fit=670%2C365&ssl=1","type":"image\/jpeg"}],"author":"dorogimedence.hu","twitter_card":"summary_large_image","twitter_misc":{"Szerz\u0151:":"dorogimedence.hu","Becs\u00fclt olvas\u00e1si id\u0151":"3 perc"},"schema":{"@context":"https:\/\/schema.org","@graph":[{"@type":"Article","@id":"https:\/\/dorogimedence.hu\/index.php\/2019\/02\/10\/az-orok-merlegen-ezuttal-a-dorog-soroksar-merkozesek\/#article","isPartOf":{"@id":"https:\/\/dorogimedence.hu\/index.php\/2019\/02\/10\/az-orok-merlegen-ezuttal-a-dorog-soroksar-merkozesek\/"},"author":{"name":"dorogimedence.hu","@id":"https:\/\/dorogimedence.hu\/#\/schema\/person\/ce6091eeb7e95ecdc87890d6aa8e0fd4"},"headline":"Az \u00d6r\u00f6k m\u00e9rlegen ez\u00fattal a Dorog-Soroks\u00e1r m\u00e9rk\u0151z\u00e9sek","datePublished":"2019-02-10T07:38:56+00:00","dateModified":"2019-02-10T07:39:18+00:00","mainEntityOfPage":{"@id":"https:\/\/dorogimedence.hu\/index.php\/2019\/02\/10\/az-orok-merlegen-ezuttal-a-dorog-soroksar-merkozesek\/"},"wordCount":666,"publisher":{"@id":"https:\/\/dorogimedence.hu\/#organization"},"image":{"@id":"https:\/\/dorogimedence.hu\/index.php\/2019\/02\/10\/az-orok-merlegen-ezuttal-a-dorog-soroksar-merkozesek\/#primaryimage"},"thumbnailUrl":"https:\/\/dorogimedence.hu\/wp-content\/uploads\/2017\/06\/focilabda.jpg","keywords":["Dorog","Dorogi FC","foci","futball","labdar\u00fag\u00e1s","NB II","Soroks\u00e1r","sport"],"articleSection":["Dorog","H\u00edrek","Sport"],"inLanguage":"hu"},{"@type":"WebPage","@id":"https:\/\/dorogimedence.hu\/index.php\/2019\/02\/10\/az-orok-merlegen-ezuttal-a-dorog-soroksar-merkozesek\/","url":"https:\/\/dorogimedence.hu\/index.php\/2019\/02\/10\/az-orok-merlegen-ezuttal-a-dorog-soroksar-merkozesek\/","name":"Az \u00d6r\u00f6k m\u00e9rlegen ez\u00fattal a Dorog-Soroks\u00e1r m\u00e9rk\u0151z\u00e9sek","isPartOf":{"@id":"https:\/\/dorogimedence.hu\/#website"},"primaryImageOfPage":{"@id":"https:\/\/dorogimedence.hu\/index.php\/2019\/02\/10\/az-orok-merlegen-ezuttal-a-dorog-soroksar-merkozesek\/#primaryimage"},"image":{"@id":"https:\/\/dorogimedence.hu\/index.php\/2019\/02\/10\/az-orok-merlegen-ezuttal-a-dorog-soroksar-merkozesek\/#primaryimage"},"thumbnailUrl":"https:\/\/dorogimedence.hu\/wp-content\/uploads\/2017\/06\/focilabda.jpg","datePublished":"2019-02-10T07:38:56+00:00","dateModified":"2019-02-10T07:39:18+00:00","breadcrumb":{"@id":"https:\/\/dorogimedence.hu\/index.php\/2019\/02\/10\/az-orok-merlegen-ezuttal-a-dorog-soroksar-merkozesek\/#breadcrumb"},"inLanguage":"hu","potentialAction":[{"@type":"ReadAction","target":["https:\/\/dorogimedence.hu\/index.php\/2019\/02\/10\/az-orok-merlegen-ezuttal-a-dorog-soroksar-merkozesek\/"]}]},{"@type":"ImageObject","inLanguage":"hu","@id":"https:\/\/dorogimedence.hu\/index.php\/2019\/02\/10\/az-orok-merlegen-ezuttal-a-dorog-soroksar-merkozesek\/#primaryimage","url":"https:\/\/dorogimedence.hu\/wp-content\/uploads\/2017\/06\/focilabda.jpg","contentUrl":"https:\/\/dorogimedence.hu\/wp-content\/uploads\/2017\/06\/focilabda.jpg","width":670,"height":365},{"@type":"BreadcrumbList","@id":"https:\/\/dorogimedence.hu\/index.php\/2019\/02\/10\/az-orok-merlegen-ezuttal-a-dorog-soroksar-merkozesek\/#breadcrumb","itemListElement":[{"@type":"ListItem","position":1,"name":"Kezd\u0151lap","item":"https:\/\/dorogimedence.hu\/"},{"@type":"ListItem","position":2,"name":"Az \u00d6r\u00f6k m\u00e9rlegen ez\u00fattal a Dorog-Soroks\u00e1r m\u00e9rk\u0151z\u00e9sek"}]},{"@type":"WebSite","@id":"https:\/\/dorogimedence.hu\/#website","url":"https:\/\/dorogimedence.hu\/","name":"Dorogi-medence Region\u00e1lis H\u00edrport\u00e1l","description":"Dorog, Keszt\u00f6lc, Le\u00e1nyv\u00e1r, Piliscs\u00e9v, Tokod, Tokodalt\u00e1r\u00f3, Csolnok, Esztergom-kertv\u00e1ros: h\u00edrek, programok","publisher":{"@id":"https:\/\/dorogimedence.hu\/#organization"},"potentialAction":[{"@type":"SearchAction","target":{"@type":"EntryPoint","urlTemplate":"https:\/\/dorogimedence.hu\/?s={search_term_string}"},"query-input":{"@type":"PropertyValueSpecification","valueRequired":true,"valueName":"search_term_string"}}],"inLanguage":"hu"},{"@type":"Organization","@id":"https:\/\/dorogimedence.hu\/#organization","name":"Dorogi-medence Region\u00e1lis H\u00edrport\u00e1l","url":"https:\/\/dorogimedence.hu\/","logo":{"@type":"ImageObject","inLanguage":"hu","@id":"https:\/\/dorogimedence.hu\/#\/schema\/logo\/image\/","url":"https:\/\/dorogimedence.hu\/wp-content\/uploads\/2021\/04\/logo-feher-600.png","contentUrl":"https:\/\/dorogimedence.hu\/wp-content\/uploads\/2021\/04\/logo-feher-600.png","width":600,"height":100,"caption":"Dorogi-medence Region\u00e1lis H\u00edrport\u00e1l"},"image":{"@id":"https:\/\/dorogimedence.hu\/#\/schema\/logo\/image\/"},"sameAs":["https:\/\/www.facebook.com\/dorogimedence\/"]},{"@type":"Person","@id":"https:\/\/dorogimedence.hu\/#\/schema\/person\/ce6091eeb7e95ecdc87890d6aa8e0fd4","name":"dorogimedence.hu","image":{"@type":"ImageObject","inLanguage":"hu","@id":"\/\/www.gravatar.com\/avatar\/d8d45f8901aadff40a4af72c0b826f1d?s=96&#038;r=g&#038;d=mm","url":"\/\/www.gravatar.com\/avatar\/d8d45f8901aadff40a4af72c0b826f1d?s=96&#038;r=g&#038;d=mm","contentUrl":"\/\/www.gravatar.com\/avatar\/d8d45f8901aadff40a4af72c0b826f1d?s=96&#038;r=g&#038;d=mm","caption":"dorogimedence.hu"}}]}},"_links":{"self":[{"href":"https:\/\/dorogimedence.hu\/index.php\/wp-json\/wp\/v2\/posts\/14769","targetHints":{"allow":["GET"]}}],"collection":[{"href":"https:\/\/dorogimedence.hu\/index.php\/wp-json\/wp\/v2\/posts"}],"about":[{"href":"https:\/\/dorogimedence.hu\/index.php\/wp-json\/wp\/v2\/types\/post"}],"author":[{"embeddable":true,"href":"https:\/\/dorogimedence.hu\/index.php\/wp-json\/wp\/v2\/users\/1"}],"replies":[{"embeddable":true,"href":"https:\/\/dorogimedence.hu\/index.php\/wp-json\/wp\/v2\/comments?post=14769"}],"version-history":[{"count":0,"href":"https:\/\/dorogimedence.hu\/index.php\/wp-json\/wp\/v2\/posts\/14769\/revisions"}],"wp:featuredmedia":[{"embeddable":true,"href":"https:\/\/dorogimedence.hu\/index.php\/wp-json\/wp\/v2\/media\/3792"}],"wp:attachment":[{"href":"https:\/\/dorogimedence.hu\/index.php\/wp-json\/wp\/v2\/media?parent=14769"}],"wp:term":[{"taxonomy":"category","embeddable":true,"href":"https:\/\/dorogimedence.hu\/index.php\/wp-json\/wp\/v2\/categories?post=14769"},{"taxonomy":"post_tag","embeddable":true,"href":"https:\/\/dorogimedence.hu\/index.php\/wp-json\/wp\/v2\/tags?post=14769"}],"curies":[{"name":"wp","href":"https:\/\/api.w.org\/{rel}","templated":true}]}}