{"id":14766,"date":"2019-02-10T07:48:55","date_gmt":"2019-02-10T06:48:55","guid":{"rendered":"http:\/\/dorogimedence.hu\/?p=14766"},"modified":"2019-02-10T10:46:34","modified_gmt":"2019-02-10T09:46:34","slug":"suzukis-szakszervet-kirugjuk-aki-ilyet-tesz","status":"publish","type":"post","link":"https:\/\/dorogimedence.hu\/index.php\/2019\/02\/10\/suzukis-szakszervet-kirugjuk-aki-ilyet-tesz\/","title":{"rendered":"Suzukis szakszervezet? Kir\u00fagjuk, aki ilyet tesz!"},"content":{"rendered":"<p><strong>Nem t\u00fal diplomatikusan j\u00e1rt el a Suzuki jap\u00e1n vezet\u0151s\u00e9ge a napokban, hiszen azonnali hat\u00e1llyal elbocs\u00e1tott\u00e1k a Vasas Szakszervezet alakul\u00f3 alapszervezet\u00e9nek titk\u00e1r\u00e1t. Persze ez nem azt jelenti, hogy t\u00f6meges harakirit kellene v\u00e9gezni, de az ut\u00f3bbi id\u0151ben megszaporodtak a gy\u00e1r \u00e1ltali kih\u00e1g\u00e1sok, amik kivizsg\u00e1l\u00e1sra szorulhatnak.<\/strong><\/p>\n<p>Azonnali hat\u00e1llyal elbocs\u00e1tott\u00e1k az esztergomi Suzuki gy\u00e1r ter\u00fclet\u00e9r\u0151l azt a dolgoz\u00f3t, aki az \u00fajonnan alakul\u00f3 alapszervezet titk\u00e1ra lett volna. A f\u00e9rfit szakszervezeti tiszts\u00e9gvisel\u0151k\u00e9nt munkajogi v\u00e9delem illetn\u00e9, de a Suzuki m\u00e9g az alapszervezet megalakul\u00e1s\u00e1r\u00f3l val\u00f3 hivatalos \u00e9rtes\u00edt\u00e9s el\u0151tt elbocs\u00e1totta, <strong>\u00e9rtes\u00fclt <span style=\"text-decoration: underline; color: #0000ff;\"><a style=\"color: #0000ff; text-decoration: underline;\" href=\"https:\/\/merce.hu\/2019\/02\/09\/vasas-szakszervezet-azonnali-hatallyal-elbocsatotta-suzuki-az-alakulo-alapszervezet-titkarat\/\" target=\"_blank\" rel=\"noopener\">m\u00e9rce.hu<\/a><\/span> a Vasas Szakszervezeti Sz\u00f6vets\u00e9g tiszts\u00e9gvisel\u0151j\u00e9t\u0151l.<\/strong><\/p>\n<p>A\u00a0<em>M\u00e9rc\u00e9nek<\/em>\u00a0L\u00e1szl\u00f3 Zolt\u00e1n, a Vasas aleln\u00f6ke elmondta, az esztergomi Suzuki parkol\u00f3j\u00e1ban cs\u00fct\u00f6rt\u00f6k d\u00e9lut\u00e1n alakult meg az els\u0151, \u00fczem ter\u00fclet\u00e9n m\u0171k\u00f6d\u0151 \u00e9rdekv\u00e9delmi szervezet, mely a Vasas alapszervezetek\u00e9nt m\u0171k\u00f6dik majd.<\/p>\n<p><strong>Miel\u0151tt azonban a Vasas jog\u00e1szai \u00e9s a helyi dolgoz\u00f3k megsz\u00f6vegezt\u00e9k \u00e9s a menedzsmentnek elk\u00fcldt\u00e9k az alapszervezet megalakul\u00e1s\u00e1t bejelent\u0151 \u00e9rtes\u00edt\u00e9st, az alapszervezeti titk\u00e1rnak v\u00e1lasztott f\u00e9rfit beh\u00edvatta a vezet\u00e9s, \u00e9s k\u00f6z\u00f6lt\u00e9k vele, azonnali hat\u00e1llyal elbocs\u00e1tj\u00e1k a gy\u00e1rb\u00f3l.<\/strong><\/p>\n<p>A f\u00e9rfi 14 \u00e9ve dolgozott a Suzukin\u00e1l, egy ideje egy nagyobb ter\u00fclet\u00e9rt felelt az \u00fczemben. A Vasasn\u00e1l \u00fagy tudj\u00e1k, soha semmilyen panasz nem \u00e9rkezett r\u00e1 a munk\u00e1ltat\u00f3k r\u00e9sz\u00e9r\u0151l, az alapszervezet megalakul\u00e1sa ut\u00e1n m\u00e9gis arra hivatkozva bocs\u00e1tott\u00e1k el, hogy nem j\u00f3l dogozott.<\/p>\n<p>A szakszervezeti tiszts\u00e9gvisel\u0151ket munkajogi v\u00e9delem illeti meg: szakszervezeti titk\u00e1rk\u00e9nt a f\u00e9rfit nem lehetne elbocs\u00e1tani. A\u00a0Vasasn\u00e1l \u00fagy sejtik, a menedzsment inform\u00e1lisan v\u00e9lhet\u0151en tudott az alapszervezet alakul\u00e1s\u00e1r\u00f3l, az elbocs\u00e1tott dolgoz\u00f3 a feletteseit is t\u00e1j\u00e9koztatta arr\u00f3l, hogy indul a titk\u00e1ri poszt\u00e9rt \u2013 r\u00e9szletezi a M\u00e9rce.<\/p>\n<p>L\u00e1szl\u00f3 Zolt\u00e1n azonban a M\u00e9rc\u00e9nek elmondta, b\u00edznak benne, hogy j\u00f3hiszem\u0171en tudnak t\u00e1rgyalni a Suzukival, ahol bel\u00e1tj\u00e1k hogy a t\u00f6rv\u00e9nyek \u00e9rtelm\u00e9ben lehet\u0151v\u00e9 kell tenni, hogy \u00e9rdekv\u00e9delem alapuljon az \u00fczemben. A szakszervezeti vezet\u0151 azt is elmondta, a v\u00e1llalatoknak \u00e9ppen hogy meg kellene becs\u00fclni\u00fck az \u00e9rdekv\u00e9delemben tev\u00e9keny dolgoz\u00f3kat, ez ugyanis az elk\u00f6telez\u0151d\u00e9s jele egy sz\u00e9ls\u0151s\u00e9gesen fluktu\u00e1lt munkaer\u0151piaci helyzetben. L\u00e1szl\u00f3 szerint a Suzuki-dolgoz\u00f3kat felh\u00e1bor\u00edtotta a p\u00e9ld\u00e1tlan elj\u00e1r\u00e1s,\u00a0<strong><span style=\"color: #ff0000;\">a Vasas munka\u00fcgyi b\u00edr\u00f3s\u00e1ghoz fordul<\/span>.<\/strong><\/p>\n<p><strong>Egy\u00e9bk\u00e9nt az esztergomi gy\u00e1rban sosem m\u0171k\u00f6d\u00f6tt szakszervezet. A dolgoz\u00f3k egy r\u00e9sze jelenleg Ukrajn\u00e1b\u00f3l \u00e9rkezik. Az emberek folyamatosan cser\u00e9l\u0151dnek, nem b\u00edrj\u00e1k azt a hajt\u00e1st, amit a jap\u00e1nok el\u0151\u00edrnak. Hogy meddig m\u0171k\u00f6dhet ez az alacsony fizet\u00e9sek mellett? Nem tudjuk, de lehet felkellene m\u00e1r \u00e9brednie a vezet\u0151s\u00e9gnek, miel\u0151tt t\u00f6nkreteszik saj\u00e1t gy\u00e1rukat.<\/strong><\/p>\n<p>Fot\u00f3: Google<\/p>\n","protected":false},"excerpt":{"rendered":"<p>Nem t\u00fal diplomatikusan j\u00e1rt el a Suzuki jap\u00e1n vezet\u0151s\u00e9ge a napokban, hiszen azonnali hat\u00e1llyal elbocs\u00e1tott\u00e1k a Vasas Szakszervezet alakul\u00f3 alapszervezet\u00e9nek titk\u00e1r\u00e1t. Persze ez nem azt jelenti, hogy t\u00f6meges harakirit kellene v\u00e9gezni, de az ut\u00f3bbi id\u0151ben megszaporodtak a gy\u00e1r \u00e1ltali kih\u00e1g\u00e1sok, amik kivizsg\u00e1l\u00e1sra szorulhatnak. Azonnali hat\u00e1llyal elbocs\u00e1tott\u00e1k az esztergomi Suzuki gy\u00e1r ter\u00fclet\u00e9r\u0151l azt a dolgoz\u00f3t, aki<\/p>\n","protected":false},"author":1,"featured_media":14767,"comment_status":"closed","ping_status":"closed","sticky":false,"template":"","format":"standard","meta":{"ngg_post_thumbnail":0,"footnotes":""},"categories":[38,3],"tags":[1042,42,3494,261],"class_list":{"0":"post-14766","1":"post","2":"type-post","3":"status-publish","4":"format-standard","5":"has-post-thumbnail","7":"category-esztergom","8":"category-hirek","9":"tag-birosag","10":"tag-esztergom","11":"tag-kihagas","12":"tag-suzuki"},"yoast_head":"<!-- This site is optimized with the Yoast SEO plugin v27.4 - https:\/\/yoast.com\/product\/yoast-seo-wordpress\/ -->\n<title>Suzukis szakszervezet? Kir\u00fagjuk, aki ilyet tesz!<\/title>\n<meta name=\"robots\" content=\"index, follow, max-snippet:-1, max-image-preview:large, max-video-preview:-1\" \/>\n<link rel=\"canonical\" href=\"https:\/\/dorogimedence.hu\/index.php\/2019\/02\/10\/suzukis-szakszervet-kirugjuk-aki-ilyet-tesz\/\" class=\"yoast-seo-meta-tag\" \/>\n<meta property=\"og:locale\" content=\"hu_HU\" class=\"yoast-seo-meta-tag\" \/>\n<meta property=\"og:type\" content=\"article\" class=\"yoast-seo-meta-tag\" \/>\n<meta property=\"og:title\" content=\"Suzukis szakszervezet? Kir\u00fagjuk, aki ilyet tesz!\" class=\"yoast-seo-meta-tag\" \/>\n<meta property=\"og:description\" content=\"Nem t\u00fal diplomatikusan j\u00e1rt el a Suzuki jap\u00e1n vezet\u0151s\u00e9ge a napokban, hiszen azonnali hat\u00e1llyal elbocs\u00e1tott\u00e1k a Vasas Szakszervezet alakul\u00f3 alapszervezet\u00e9nek titk\u00e1r\u00e1t. Persze ez nem azt jelenti, hogy t\u00f6meges harakirit kellene v\u00e9gezni, de az ut\u00f3bbi id\u0151ben megszaporodtak a gy\u00e1r \u00e1ltali kih\u00e1g\u00e1sok, amik kivizsg\u00e1l\u00e1sra szorulhatnak. Azonnali hat\u00e1llyal elbocs\u00e1tott\u00e1k az esztergomi Suzuki gy\u00e1r ter\u00fclet\u00e9r\u0151l azt a dolgoz\u00f3t, aki\" class=\"yoast-seo-meta-tag\" \/>\n<meta property=\"og:url\" content=\"https:\/\/dorogimedence.hu\/index.php\/2019\/02\/10\/suzukis-szakszervet-kirugjuk-aki-ilyet-tesz\/\" class=\"yoast-seo-meta-tag\" \/>\n<meta property=\"og:site_name\" content=\"Dorogi-medence Region\u00e1lis H\u00edrport\u00e1l\" class=\"yoast-seo-meta-tag\" \/>\n<meta property=\"article:publisher\" content=\"https:\/\/www.facebook.com\/dorogimedence\/\" class=\"yoast-seo-meta-tag\" \/>\n<meta property=\"article:published_time\" content=\"2019-02-10T06:48:55+00:00\" class=\"yoast-seo-meta-tag\" \/>\n<meta property=\"article:modified_time\" content=\"2019-02-10T09:46:34+00:00\" class=\"yoast-seo-meta-tag\" \/>\n<meta property=\"og:image\" content=\"https:\/\/i0.wp.com\/dorogimedence.hu\/wp-content\/uploads\/2019\/02\/suzuki-01.jpg?fit=670%2C365&ssl=1\" class=\"yoast-seo-meta-tag\" \/>\n\t<meta property=\"og:image:width\" content=\"670\" class=\"yoast-seo-meta-tag\" \/>\n\t<meta property=\"og:image:height\" content=\"365\" class=\"yoast-seo-meta-tag\" \/>\n\t<meta property=\"og:image:type\" content=\"image\/jpeg\" class=\"yoast-seo-meta-tag\" \/>\n<meta name=\"author\" content=\"dorogimedence.hu\" class=\"yoast-seo-meta-tag\" \/>\n<meta name=\"twitter:card\" content=\"summary_large_image\" class=\"yoast-seo-meta-tag\" \/>\n<meta name=\"twitter:label1\" content=\"Szerz\u0151:\" class=\"yoast-seo-meta-tag\" \/>\n\t<meta name=\"twitter:data1\" content=\"dorogimedence.hu\" class=\"yoast-seo-meta-tag\" \/>\n\t<meta name=\"twitter:label2\" content=\"Becs\u00fclt olvas\u00e1si id\u0151\" class=\"yoast-seo-meta-tag\" \/>\n\t<meta name=\"twitter:data2\" content=\"3 perc\" class=\"yoast-seo-meta-tag\" \/>\n<script type=\"application\/ld+json\" class=\"yoast-schema-graph\">{\"@context\":\"https:\\\/\\\/schema.org\",\"@graph\":[{\"@type\":\"Article\",\"@id\":\"https:\\\/\\\/dorogimedence.hu\\\/index.php\\\/2019\\\/02\\\/10\\\/suzukis-szakszervet-kirugjuk-aki-ilyet-tesz\\\/#article\",\"isPartOf\":{\"@id\":\"https:\\\/\\\/dorogimedence.hu\\\/index.php\\\/2019\\\/02\\\/10\\\/suzukis-szakszervet-kirugjuk-aki-ilyet-tesz\\\/\"},\"author\":{\"name\":\"dorogimedence.hu\",\"@id\":\"https:\\\/\\\/dorogimedence.hu\\\/#\\\/schema\\\/person\\\/ce6091eeb7e95ecdc87890d6aa8e0fd4\"},\"headline\":\"Suzukis szakszervezet? Kir\u00fagjuk, aki ilyet tesz!\",\"datePublished\":\"2019-02-10T06:48:55+00:00\",\"dateModified\":\"2019-02-10T09:46:34+00:00\",\"mainEntityOfPage\":{\"@id\":\"https:\\\/\\\/dorogimedence.hu\\\/index.php\\\/2019\\\/02\\\/10\\\/suzukis-szakszervet-kirugjuk-aki-ilyet-tesz\\\/\"},\"wordCount\":561,\"publisher\":{\"@id\":\"https:\\\/\\\/dorogimedence.hu\\\/#organization\"},\"image\":{\"@id\":\"https:\\\/\\\/dorogimedence.hu\\\/index.php\\\/2019\\\/02\\\/10\\\/suzukis-szakszervet-kirugjuk-aki-ilyet-tesz\\\/#primaryimage\"},\"thumbnailUrl\":\"https:\\\/\\\/dorogimedence.hu\\\/wp-content\\\/uploads\\\/2019\\\/02\\\/suzuki-01.jpg\",\"keywords\":[\"b\u00edr\u00f3s\u00e1g\",\"esztergom\",\"kih\u00e1g\u00e1s\",\"Suzuki\"],\"articleSection\":[\"Esztergom\",\"H\u00edrek\"],\"inLanguage\":\"hu\"},{\"@type\":\"WebPage\",\"@id\":\"https:\\\/\\\/dorogimedence.hu\\\/index.php\\\/2019\\\/02\\\/10\\\/suzukis-szakszervet-kirugjuk-aki-ilyet-tesz\\\/\",\"url\":\"https:\\\/\\\/dorogimedence.hu\\\/index.php\\\/2019\\\/02\\\/10\\\/suzukis-szakszervet-kirugjuk-aki-ilyet-tesz\\\/\",\"name\":\"Suzukis szakszervezet? Kir\u00fagjuk, aki ilyet tesz!\",\"isPartOf\":{\"@id\":\"https:\\\/\\\/dorogimedence.hu\\\/#website\"},\"primaryImageOfPage\":{\"@id\":\"https:\\\/\\\/dorogimedence.hu\\\/index.php\\\/2019\\\/02\\\/10\\\/suzukis-szakszervet-kirugjuk-aki-ilyet-tesz\\\/#primaryimage\"},\"image\":{\"@id\":\"https:\\\/\\\/dorogimedence.hu\\\/index.php\\\/2019\\\/02\\\/10\\\/suzukis-szakszervet-kirugjuk-aki-ilyet-tesz\\\/#primaryimage\"},\"thumbnailUrl\":\"https:\\\/\\\/dorogimedence.hu\\\/wp-content\\\/uploads\\\/2019\\\/02\\\/suzuki-01.jpg\",\"datePublished\":\"2019-02-10T06:48:55+00:00\",\"dateModified\":\"2019-02-10T09:46:34+00:00\",\"breadcrumb\":{\"@id\":\"https:\\\/\\\/dorogimedence.hu\\\/index.php\\\/2019\\\/02\\\/10\\\/suzukis-szakszervet-kirugjuk-aki-ilyet-tesz\\\/#breadcrumb\"},\"inLanguage\":\"hu\",\"potentialAction\":[{\"@type\":\"ReadAction\",\"target\":[\"https:\\\/\\\/dorogimedence.hu\\\/index.php\\\/2019\\\/02\\\/10\\\/suzukis-szakszervet-kirugjuk-aki-ilyet-tesz\\\/\"]}]},{\"@type\":\"ImageObject\",\"inLanguage\":\"hu\",\"@id\":\"https:\\\/\\\/dorogimedence.hu\\\/index.php\\\/2019\\\/02\\\/10\\\/suzukis-szakszervet-kirugjuk-aki-ilyet-tesz\\\/#primaryimage\",\"url\":\"https:\\\/\\\/dorogimedence.hu\\\/wp-content\\\/uploads\\\/2019\\\/02\\\/suzuki-01.jpg\",\"contentUrl\":\"https:\\\/\\\/dorogimedence.hu\\\/wp-content\\\/uploads\\\/2019\\\/02\\\/suzuki-01.jpg\",\"width\":670,\"height\":365},{\"@type\":\"BreadcrumbList\",\"@id\":\"https:\\\/\\\/dorogimedence.hu\\\/index.php\\\/2019\\\/02\\\/10\\\/suzukis-szakszervet-kirugjuk-aki-ilyet-tesz\\\/#breadcrumb\",\"itemListElement\":[{\"@type\":\"ListItem\",\"position\":1,\"name\":\"Kezd\u0151lap\",\"item\":\"https:\\\/\\\/dorogimedence.hu\\\/\"},{\"@type\":\"ListItem\",\"position\":2,\"name\":\"Suzukis szakszervezet? Kir\u00fagjuk, aki ilyet tesz!\"}]},{\"@type\":\"WebSite\",\"@id\":\"https:\\\/\\\/dorogimedence.hu\\\/#website\",\"url\":\"https:\\\/\\\/dorogimedence.hu\\\/\",\"name\":\"Dorogi-medence Region\u00e1lis H\u00edrport\u00e1l\",\"description\":\"Dorog, Keszt\u00f6lc, Le\u00e1nyv\u00e1r, Piliscs\u00e9v, Tokod, Tokodalt\u00e1r\u00f3, Csolnok, Esztergom-kertv\u00e1ros: h\u00edrek, programok\",\"publisher\":{\"@id\":\"https:\\\/\\\/dorogimedence.hu\\\/#organization\"},\"potentialAction\":[{\"@type\":\"SearchAction\",\"target\":{\"@type\":\"EntryPoint\",\"urlTemplate\":\"https:\\\/\\\/dorogimedence.hu\\\/?s={search_term_string}\"},\"query-input\":{\"@type\":\"PropertyValueSpecification\",\"valueRequired\":true,\"valueName\":\"search_term_string\"}}],\"inLanguage\":\"hu\"},{\"@type\":\"Organization\",\"@id\":\"https:\\\/\\\/dorogimedence.hu\\\/#organization\",\"name\":\"Dorogi-medence Region\u00e1lis H\u00edrport\u00e1l\",\"url\":\"https:\\\/\\\/dorogimedence.hu\\\/\",\"logo\":{\"@type\":\"ImageObject\",\"inLanguage\":\"hu\",\"@id\":\"https:\\\/\\\/dorogimedence.hu\\\/#\\\/schema\\\/logo\\\/image\\\/\",\"url\":\"https:\\\/\\\/dorogimedence.hu\\\/wp-content\\\/uploads\\\/2021\\\/04\\\/logo-feher-600.png\",\"contentUrl\":\"https:\\\/\\\/dorogimedence.hu\\\/wp-content\\\/uploads\\\/2021\\\/04\\\/logo-feher-600.png\",\"width\":600,\"height\":100,\"caption\":\"Dorogi-medence Region\u00e1lis H\u00edrport\u00e1l\"},\"image\":{\"@id\":\"https:\\\/\\\/dorogimedence.hu\\\/#\\\/schema\\\/logo\\\/image\\\/\"},\"sameAs\":[\"https:\\\/\\\/www.facebook.com\\\/dorogimedence\\\/\"]},{\"@type\":\"Person\",\"@id\":\"https:\\\/\\\/dorogimedence.hu\\\/#\\\/schema\\\/person\\\/ce6091eeb7e95ecdc87890d6aa8e0fd4\",\"name\":\"dorogimedence.hu\",\"image\":{\"@type\":\"ImageObject\",\"inLanguage\":\"hu\",\"@id\":\"\\\/\\\/www.gravatar.com\\\/avatar\\\/d8d45f8901aadff40a4af72c0b826f1d?s=96&#038;r=g&#038;d=mm\",\"url\":\"\\\/\\\/www.gravatar.com\\\/avatar\\\/d8d45f8901aadff40a4af72c0b826f1d?s=96&#038;r=g&#038;d=mm\",\"contentUrl\":\"\\\/\\\/www.gravatar.com\\\/avatar\\\/d8d45f8901aadff40a4af72c0b826f1d?s=96&#038;r=g&#038;d=mm\",\"caption\":\"dorogimedence.hu\"}}]}<\/script>\n<!-- \/ Yoast SEO plugin. -->","yoast_head_json":{"title":"Suzukis szakszervezet? Kir\u00fagjuk, aki ilyet tesz!","robots":{"index":"index","follow":"follow","max-snippet":"max-snippet:-1","max-image-preview":"max-image-preview:large","max-video-preview":"max-video-preview:-1"},"canonical":"https:\/\/dorogimedence.hu\/index.php\/2019\/02\/10\/suzukis-szakszervet-kirugjuk-aki-ilyet-tesz\/","og_locale":"hu_HU","og_type":"article","og_title":"Suzukis szakszervezet? Kir\u00fagjuk, aki ilyet tesz!","og_description":"Nem t\u00fal diplomatikusan j\u00e1rt el a Suzuki jap\u00e1n vezet\u0151s\u00e9ge a napokban, hiszen azonnali hat\u00e1llyal elbocs\u00e1tott\u00e1k a Vasas Szakszervezet alakul\u00f3 alapszervezet\u00e9nek titk\u00e1r\u00e1t. Persze ez nem azt jelenti, hogy t\u00f6meges harakirit kellene v\u00e9gezni, de az ut\u00f3bbi id\u0151ben megszaporodtak a gy\u00e1r \u00e1ltali kih\u00e1g\u00e1sok, amik kivizsg\u00e1l\u00e1sra szorulhatnak. Azonnali hat\u00e1llyal elbocs\u00e1tott\u00e1k az esztergomi Suzuki gy\u00e1r ter\u00fclet\u00e9r\u0151l azt a dolgoz\u00f3t, aki","og_url":"https:\/\/dorogimedence.hu\/index.php\/2019\/02\/10\/suzukis-szakszervet-kirugjuk-aki-ilyet-tesz\/","og_site_name":"Dorogi-medence Region\u00e1lis H\u00edrport\u00e1l","article_publisher":"https:\/\/www.facebook.com\/dorogimedence\/","article_published_time":"2019-02-10T06:48:55+00:00","article_modified_time":"2019-02-10T09:46:34+00:00","og_image":[{"width":670,"height":365,"url":"https:\/\/i0.wp.com\/dorogimedence.hu\/wp-content\/uploads\/2019\/02\/suzuki-01.jpg?fit=670%2C365&ssl=1","type":"image\/jpeg"}],"author":"dorogimedence.hu","twitter_card":"summary_large_image","twitter_misc":{"Szerz\u0151:":"dorogimedence.hu","Becs\u00fclt olvas\u00e1si id\u0151":"3 perc"},"schema":{"@context":"https:\/\/schema.org","@graph":[{"@type":"Article","@id":"https:\/\/dorogimedence.hu\/index.php\/2019\/02\/10\/suzukis-szakszervet-kirugjuk-aki-ilyet-tesz\/#article","isPartOf":{"@id":"https:\/\/dorogimedence.hu\/index.php\/2019\/02\/10\/suzukis-szakszervet-kirugjuk-aki-ilyet-tesz\/"},"author":{"name":"dorogimedence.hu","@id":"https:\/\/dorogimedence.hu\/#\/schema\/person\/ce6091eeb7e95ecdc87890d6aa8e0fd4"},"headline":"Suzukis szakszervezet? Kir\u00fagjuk, aki ilyet tesz!","datePublished":"2019-02-10T06:48:55+00:00","dateModified":"2019-02-10T09:46:34+00:00","mainEntityOfPage":{"@id":"https:\/\/dorogimedence.hu\/index.php\/2019\/02\/10\/suzukis-szakszervet-kirugjuk-aki-ilyet-tesz\/"},"wordCount":561,"publisher":{"@id":"https:\/\/dorogimedence.hu\/#organization"},"image":{"@id":"https:\/\/dorogimedence.hu\/index.php\/2019\/02\/10\/suzukis-szakszervet-kirugjuk-aki-ilyet-tesz\/#primaryimage"},"thumbnailUrl":"https:\/\/dorogimedence.hu\/wp-content\/uploads\/2019\/02\/suzuki-01.jpg","keywords":["b\u00edr\u00f3s\u00e1g","esztergom","kih\u00e1g\u00e1s","Suzuki"],"articleSection":["Esztergom","H\u00edrek"],"inLanguage":"hu"},{"@type":"WebPage","@id":"https:\/\/dorogimedence.hu\/index.php\/2019\/02\/10\/suzukis-szakszervet-kirugjuk-aki-ilyet-tesz\/","url":"https:\/\/dorogimedence.hu\/index.php\/2019\/02\/10\/suzukis-szakszervet-kirugjuk-aki-ilyet-tesz\/","name":"Suzukis szakszervezet? Kir\u00fagjuk, aki ilyet tesz!","isPartOf":{"@id":"https:\/\/dorogimedence.hu\/#website"},"primaryImageOfPage":{"@id":"https:\/\/dorogimedence.hu\/index.php\/2019\/02\/10\/suzukis-szakszervet-kirugjuk-aki-ilyet-tesz\/#primaryimage"},"image":{"@id":"https:\/\/dorogimedence.hu\/index.php\/2019\/02\/10\/suzukis-szakszervet-kirugjuk-aki-ilyet-tesz\/#primaryimage"},"thumbnailUrl":"https:\/\/dorogimedence.hu\/wp-content\/uploads\/2019\/02\/suzuki-01.jpg","datePublished":"2019-02-10T06:48:55+00:00","dateModified":"2019-02-10T09:46:34+00:00","breadcrumb":{"@id":"https:\/\/dorogimedence.hu\/index.php\/2019\/02\/10\/suzukis-szakszervet-kirugjuk-aki-ilyet-tesz\/#breadcrumb"},"inLanguage":"hu","potentialAction":[{"@type":"ReadAction","target":["https:\/\/dorogimedence.hu\/index.php\/2019\/02\/10\/suzukis-szakszervet-kirugjuk-aki-ilyet-tesz\/"]}]},{"@type":"ImageObject","inLanguage":"hu","@id":"https:\/\/dorogimedence.hu\/index.php\/2019\/02\/10\/suzukis-szakszervet-kirugjuk-aki-ilyet-tesz\/#primaryimage","url":"https:\/\/dorogimedence.hu\/wp-content\/uploads\/2019\/02\/suzuki-01.jpg","contentUrl":"https:\/\/dorogimedence.hu\/wp-content\/uploads\/2019\/02\/suzuki-01.jpg","width":670,"height":365},{"@type":"BreadcrumbList","@id":"https:\/\/dorogimedence.hu\/index.php\/2019\/02\/10\/suzukis-szakszervet-kirugjuk-aki-ilyet-tesz\/#breadcrumb","itemListElement":[{"@type":"ListItem","position":1,"name":"Kezd\u0151lap","item":"https:\/\/dorogimedence.hu\/"},{"@type":"ListItem","position":2,"name":"Suzukis szakszervezet? Kir\u00fagjuk, aki ilyet tesz!"}]},{"@type":"WebSite","@id":"https:\/\/dorogimedence.hu\/#website","url":"https:\/\/dorogimedence.hu\/","name":"Dorogi-medence Region\u00e1lis H\u00edrport\u00e1l","description":"Dorog, Keszt\u00f6lc, Le\u00e1nyv\u00e1r, Piliscs\u00e9v, Tokod, Tokodalt\u00e1r\u00f3, Csolnok, Esztergom-kertv\u00e1ros: h\u00edrek, programok","publisher":{"@id":"https:\/\/dorogimedence.hu\/#organization"},"potentialAction":[{"@type":"SearchAction","target":{"@type":"EntryPoint","urlTemplate":"https:\/\/dorogimedence.hu\/?s={search_term_string}"},"query-input":{"@type":"PropertyValueSpecification","valueRequired":true,"valueName":"search_term_string"}}],"inLanguage":"hu"},{"@type":"Organization","@id":"https:\/\/dorogimedence.hu\/#organization","name":"Dorogi-medence Region\u00e1lis H\u00edrport\u00e1l","url":"https:\/\/dorogimedence.hu\/","logo":{"@type":"ImageObject","inLanguage":"hu","@id":"https:\/\/dorogimedence.hu\/#\/schema\/logo\/image\/","url":"https:\/\/dorogimedence.hu\/wp-content\/uploads\/2021\/04\/logo-feher-600.png","contentUrl":"https:\/\/dorogimedence.hu\/wp-content\/uploads\/2021\/04\/logo-feher-600.png","width":600,"height":100,"caption":"Dorogi-medence Region\u00e1lis H\u00edrport\u00e1l"},"image":{"@id":"https:\/\/dorogimedence.hu\/#\/schema\/logo\/image\/"},"sameAs":["https:\/\/www.facebook.com\/dorogimedence\/"]},{"@type":"Person","@id":"https:\/\/dorogimedence.hu\/#\/schema\/person\/ce6091eeb7e95ecdc87890d6aa8e0fd4","name":"dorogimedence.hu","image":{"@type":"ImageObject","inLanguage":"hu","@id":"\/\/www.gravatar.com\/avatar\/d8d45f8901aadff40a4af72c0b826f1d?s=96&#038;r=g&#038;d=mm","url":"\/\/www.gravatar.com\/avatar\/d8d45f8901aadff40a4af72c0b826f1d?s=96&#038;r=g&#038;d=mm","contentUrl":"\/\/www.gravatar.com\/avatar\/d8d45f8901aadff40a4af72c0b826f1d?s=96&#038;r=g&#038;d=mm","caption":"dorogimedence.hu"}}]}},"_links":{"self":[{"href":"https:\/\/dorogimedence.hu\/index.php\/wp-json\/wp\/v2\/posts\/14766","targetHints":{"allow":["GET"]}}],"collection":[{"href":"https:\/\/dorogimedence.hu\/index.php\/wp-json\/wp\/v2\/posts"}],"about":[{"href":"https:\/\/dorogimedence.hu\/index.php\/wp-json\/wp\/v2\/types\/post"}],"author":[{"embeddable":true,"href":"https:\/\/dorogimedence.hu\/index.php\/wp-json\/wp\/v2\/users\/1"}],"replies":[{"embeddable":true,"href":"https:\/\/dorogimedence.hu\/index.php\/wp-json\/wp\/v2\/comments?post=14766"}],"version-history":[{"count":0,"href":"https:\/\/dorogimedence.hu\/index.php\/wp-json\/wp\/v2\/posts\/14766\/revisions"}],"wp:featuredmedia":[{"embeddable":true,"href":"https:\/\/dorogimedence.hu\/index.php\/wp-json\/wp\/v2\/media\/14767"}],"wp:attachment":[{"href":"https:\/\/dorogimedence.hu\/index.php\/wp-json\/wp\/v2\/media?parent=14766"}],"wp:term":[{"taxonomy":"category","embeddable":true,"href":"https:\/\/dorogimedence.hu\/index.php\/wp-json\/wp\/v2\/categories?post=14766"},{"taxonomy":"post_tag","embeddable":true,"href":"https:\/\/dorogimedence.hu\/index.php\/wp-json\/wp\/v2\/tags?post=14766"}],"curies":[{"name":"wp","href":"https:\/\/api.w.org\/{rel}","templated":true}]}}