{"id":14758,"date":"2019-02-08T12:43:20","date_gmt":"2019-02-08T11:43:20","guid":{"rendered":"http:\/\/dorogimedence.hu\/?p=14758"},"modified":"2019-02-08T12:43:20","modified_gmt":"2019-02-08T11:43:20","slug":"akar-ot-evet-is-kaphat-az-agressziv-alkoholista-apa","status":"publish","type":"post","link":"https:\/\/dorogimedence.hu\/index.php\/2019\/02\/08\/akar-ot-evet-is-kaphat-az-agressziv-alkoholista-apa\/","title":{"rendered":"Ak\u00e1r \u00f6t \u00e9vet is kaphat az agressz\u00edv alkoholista apa"},"content":{"rendered":"<p><strong>Az Esztergomi J\u00e1r\u00e1si \u00dcgy\u00e9szs\u00e9g kiskor\u00fa vesz\u00e9lyeztet\u00e9s\u00e9nek b\u0171ntette miatt emelt v\u00e1dat azzal az agressz\u00edv, k\u00f6teked\u0151 ap\u00e1val szemben, aki gyermeke jelenl\u00e9t\u00e9ben szidta \u00e9s verte az \u00e9lett\u00e1rs\u00e1t, valamint a kisl\u00e1nyt is tr\u00e1g\u00e1r szavakkal illette.<\/strong><\/p>\n<p>A v\u00e1dlott \u00e9lett\u00e1rsi kapcsolat\u00e1b\u00f3l 2013-ban \u00e9s 2015-ben k\u00e9t kisl\u00e1ny sz\u00fcletett, akiket k\u00f6z\u00f6sen neveltek az \u00e9lett\u00e1rsa el\u0151z\u0151 h\u00e1zass\u00e1g\u00e1b\u00f3l sz\u00e1rmaz\u00f3, 2001-ben sz\u00fcletett gyermek\u00e9vel egy\u00fctt. A csal\u00e1d Esztergom-kertv\u00e1rosban lakott alb\u00e9rletben.<\/p>\n<p>A f\u00e9rfi havi rendszeress\u00e9ggel fogyasztott alkoholt, amit\u0151l ler\u00e9szegedett \u00e9s agressz\u00edv, er\u0151szakos, k\u00f6teked\u0151 magatart\u00e1st tan\u00fas\u00edtott. A v\u00e1dlott ennek sor\u00e1n szidalmazta, tr\u00e1g\u00e1r szavakkal illette az \u00e9lett\u00e1rs\u00e1t, amelynek sokszor tan\u00faja volt az akkor 4 \u00e9ves k\u00f6z\u00f6s kisl\u00e1nyuk. A gyermek t\u00f6bbsz\u00f6r r\u00e1sz\u00f3lt az apj\u00e1ra, hogy ne igyon, \u00e9s ne b\u00e1ntsa az \u00e9desanyj\u00e1t. A f\u00e9rfi a kisl\u00e1nyt ittas \u00e1llapotban tr\u00e1g\u00e1r kifejez\u00e9ssel illette, vele szemben elutas\u00edt\u00f3 magatart\u00e1st tan\u00fas\u00edtott, a hozz\u00e1b\u00faj\u00f3 s\u00e9rtettnek azt mondta, hogy \u201et\u0171nj el innen!\u201d<\/p>\n<p>A kisl\u00e1ny az apj\u00e1t\u00f3l hallott cs\u00fanya kifejez\u00e9st \u00e1tvette, \u00e9s az \u00e9desanyj\u00e1ra alkalmazta, amikor m\u00e9rges volt r\u00e1, tov\u00e1bb\u00e1 agressz\u00edvv\u00e1 v\u00e1lt, meg\u00fct\u00f6tte a kistestv\u00e9r\u00e9t.<\/p>\n<p>Az apa 2017. december 21-\u00e9n, eg\u00e9sz nap ivott, ami\u00e9rt az \u00e9lett\u00e1rsa szemreh\u00e1ny\u00e1st tett. A v\u00e1dlott ezen feld\u00fch\u00f6d\u00f6tt, kiab\u00e1lt, a ruhasz\u00e1r\u00edt\u00f3t sz\u00e9tt\u00f6rte, majd nem sokkal k\u00e9s\u0151bb elhagyta az otthon\u00e1t. A f\u00e9rfi este hazament, \u00f6k\u00f6llel \u00fct\u00f6tte az ablakot, \u00e9s ber\u00fagta a bej\u00e1rati ajt\u00f3t, az \u00e9lett\u00e1rs\u00e1val veszekedett, akit a tark\u00f3j\u00e1n meg\u00fct\u00f6tt. A legnagyobb gyermek rend\u0151r\u00f6ket h\u00edvott a helysz\u00ednre, ez vetett v\u00e9get a v\u00e1dlott agressz\u00edv magatart\u00e1s\u00e1nak, amelynek tan\u00fai voltak a gyerekek. Az any\u00e1nak a b\u00e1ntalmaz\u00e1s sor\u00e1n s\u00e9r\u00fcl\u00e9se nem keletkezett.<\/p>\n<p>A f\u00e9rfi a 4 \u00e9ves kisl\u00e1nya vonatkoz\u00e1s\u00e1ban a sz\u00fcl\u0151i k\u00f6telezetts\u00e9geit s\u00falyos fokban megszegte, vesz\u00e9lyeztette a kisl\u00e1nya erk\u00f6lcsi \u00e9s \u00e9rzelmi fejl\u0151d\u00e9s\u00e9t.<\/p>\n<p>Az \u00fcgy\u00e9szs\u00e9g a f\u00e9rfit \u2013 a 4 \u00e9ves kisl\u00e1nya s\u00e9relm\u00e9re elk\u00f6vetett cselekm\u00e9nyek miatt \u2013 kiskor\u00fa vesz\u00e9lyeztet\u00e9s\u00e9nek b\u0171ntett\u00e9vel v\u00e1dolja, melynek b\u00fcntet\u00e9si t\u00e9tele 1 \u00e9vt\u0151l 5 \u00e9vig terjed\u0151 szabads\u00e1gveszt\u00e9s. A v\u00e1dlott b\u00fcntet\u0151jogi felel\u0151ss\u00e9g\u00e9r\u0151l az Esztergomi J\u00e1r\u00e1sb\u00edr\u00f3s\u00e1g d\u00f6nt.<\/p>\n","protected":false},"excerpt":{"rendered":"<p>Az Esztergomi J\u00e1r\u00e1si \u00dcgy\u00e9szs\u00e9g kiskor\u00fa vesz\u00e9lyeztet\u00e9s\u00e9nek b\u0171ntette miatt emelt v\u00e1dat azzal az agressz\u00edv, k\u00f6teked\u0151 ap\u00e1val szemben, aki gyermeke jelenl\u00e9t\u00e9ben szidta \u00e9s verte az \u00e9lett\u00e1rs\u00e1t, valamint a kisl\u00e1nyt is tr\u00e1g\u00e1r szavakkal illette. A v\u00e1dlott \u00e9lett\u00e1rsi kapcsolat\u00e1b\u00f3l 2013-ban \u00e9s 2015-ben k\u00e9t kisl\u00e1ny sz\u00fcletett, akiket k\u00f6z\u00f6sen neveltek az \u00e9lett\u00e1rsa el\u0151z\u0151 h\u00e1zass\u00e1g\u00e1b\u00f3l sz\u00e1rmaz\u00f3, 2001-ben sz\u00fcletett gyermek\u00e9vel egy\u00fctt. A csal\u00e1d<\/p>\n","protected":false},"author":1,"featured_media":2112,"comment_status":"closed","ping_status":"closed","sticky":false,"template":"","format":"standard","meta":{"ngg_post_thumbnail":0,"footnotes":""},"categories":[7,3,39],"tags":[712,1042,63,42,169,326],"class_list":{"0":"post-14758","1":"post","2":"type-post","3":"status-publish","4":"format-standard","5":"has-post-thumbnail","7":"category-esztergom_kertvaros","8":"category-hirek","9":"category-kek-hirek","10":"tag-bantalmazas","11":"tag-birosag","12":"tag-buncselekmeny","13":"tag-esztergom","14":"tag-esztergom-kertvaros","15":"tag-ugyeszseg"},"yoast_head":"<!-- This site is optimized with the Yoast SEO plugin v27.5 - https:\/\/yoast.com\/product\/yoast-seo-wordpress\/ -->\n<title>Ak\u00e1r \u00f6t \u00e9vet is kaphat az agressz\u00edv alkoholista apa<\/title>\n<meta name=\"robots\" content=\"index, follow, max-snippet:-1, max-image-preview:large, max-video-preview:-1\" \/>\n<link rel=\"canonical\" href=\"https:\/\/dorogimedence.hu\/index.php\/2019\/02\/08\/akar-ot-evet-is-kaphat-az-agressziv-alkoholista-apa\/\" class=\"yoast-seo-meta-tag\" \/>\n<meta property=\"og:locale\" content=\"hu_HU\" class=\"yoast-seo-meta-tag\" \/>\n<meta property=\"og:type\" content=\"article\" class=\"yoast-seo-meta-tag\" \/>\n<meta property=\"og:title\" content=\"Ak\u00e1r \u00f6t \u00e9vet is kaphat az agressz\u00edv alkoholista apa\" class=\"yoast-seo-meta-tag\" \/>\n<meta property=\"og:description\" content=\"Az Esztergomi J\u00e1r\u00e1si \u00dcgy\u00e9szs\u00e9g kiskor\u00fa vesz\u00e9lyeztet\u00e9s\u00e9nek b\u0171ntette miatt emelt v\u00e1dat azzal az agressz\u00edv, k\u00f6teked\u0151 ap\u00e1val szemben, aki gyermeke jelenl\u00e9t\u00e9ben szidta \u00e9s verte az \u00e9lett\u00e1rs\u00e1t, valamint a kisl\u00e1nyt is tr\u00e1g\u00e1r szavakkal illette. A v\u00e1dlott \u00e9lett\u00e1rsi kapcsolat\u00e1b\u00f3l 2013-ban \u00e9s 2015-ben k\u00e9t kisl\u00e1ny sz\u00fcletett, akiket k\u00f6z\u00f6sen neveltek az \u00e9lett\u00e1rsa el\u0151z\u0151 h\u00e1zass\u00e1g\u00e1b\u00f3l sz\u00e1rmaz\u00f3, 2001-ben sz\u00fcletett gyermek\u00e9vel egy\u00fctt. A csal\u00e1d\" class=\"yoast-seo-meta-tag\" \/>\n<meta property=\"og:url\" content=\"https:\/\/dorogimedence.hu\/index.php\/2019\/02\/08\/akar-ot-evet-is-kaphat-az-agressziv-alkoholista-apa\/\" class=\"yoast-seo-meta-tag\" \/>\n<meta property=\"og:site_name\" content=\"Dorogi-medence Region\u00e1lis H\u00edrport\u00e1l\" class=\"yoast-seo-meta-tag\" \/>\n<meta property=\"article:publisher\" content=\"https:\/\/www.facebook.com\/dorogimedence\/\" class=\"yoast-seo-meta-tag\" \/>\n<meta property=\"article:published_time\" content=\"2019-02-08T11:43:20+00:00\" class=\"yoast-seo-meta-tag\" \/>\n<meta property=\"og:image\" content=\"https:\/\/i0.wp.com\/dorogimedence.hu\/wp-content\/uploads\/2017\/04\/bantalmazas.jpg?fit=670%2C365&ssl=1\" class=\"yoast-seo-meta-tag\" \/>\n\t<meta property=\"og:image:width\" content=\"670\" class=\"yoast-seo-meta-tag\" \/>\n\t<meta property=\"og:image:height\" content=\"365\" class=\"yoast-seo-meta-tag\" \/>\n\t<meta property=\"og:image:type\" content=\"image\/jpeg\" class=\"yoast-seo-meta-tag\" \/>\n<meta name=\"author\" content=\"dorogimedence.hu\" class=\"yoast-seo-meta-tag\" \/>\n<meta name=\"twitter:card\" content=\"summary_large_image\" class=\"yoast-seo-meta-tag\" \/>\n<meta name=\"twitter:label1\" content=\"Szerz\u0151:\" class=\"yoast-seo-meta-tag\" \/>\n\t<meta name=\"twitter:data1\" content=\"dorogimedence.hu\" class=\"yoast-seo-meta-tag\" \/>\n\t<meta name=\"twitter:label2\" content=\"Becs\u00fclt olvas\u00e1si id\u0151\" class=\"yoast-seo-meta-tag\" \/>\n\t<meta name=\"twitter:data2\" content=\"2 perc\" class=\"yoast-seo-meta-tag\" \/>\n<script type=\"application\/ld+json\" class=\"yoast-schema-graph\">{\"@context\":\"https:\\\/\\\/schema.org\",\"@graph\":[{\"@type\":\"Article\",\"@id\":\"https:\\\/\\\/dorogimedence.hu\\\/index.php\\\/2019\\\/02\\\/08\\\/akar-ot-evet-is-kaphat-az-agressziv-alkoholista-apa\\\/#article\",\"isPartOf\":{\"@id\":\"https:\\\/\\\/dorogimedence.hu\\\/index.php\\\/2019\\\/02\\\/08\\\/akar-ot-evet-is-kaphat-az-agressziv-alkoholista-apa\\\/\"},\"author\":{\"name\":\"dorogimedence.hu\",\"@id\":\"https:\\\/\\\/dorogimedence.hu\\\/#\\\/schema\\\/person\\\/ce6091eeb7e95ecdc87890d6aa8e0fd4\"},\"headline\":\"Ak\u00e1r \u00f6t \u00e9vet is kaphat az agressz\u00edv alkoholista apa\",\"datePublished\":\"2019-02-08T11:43:20+00:00\",\"mainEntityOfPage\":{\"@id\":\"https:\\\/\\\/dorogimedence.hu\\\/index.php\\\/2019\\\/02\\\/08\\\/akar-ot-evet-is-kaphat-az-agressziv-alkoholista-apa\\\/\"},\"wordCount\":475,\"publisher\":{\"@id\":\"https:\\\/\\\/dorogimedence.hu\\\/#organization\"},\"image\":{\"@id\":\"https:\\\/\\\/dorogimedence.hu\\\/index.php\\\/2019\\\/02\\\/08\\\/akar-ot-evet-is-kaphat-az-agressziv-alkoholista-apa\\\/#primaryimage\"},\"thumbnailUrl\":\"https:\\\/\\\/dorogimedence.hu\\\/wp-content\\\/uploads\\\/2017\\\/04\\\/bantalmazas.jpg\",\"keywords\":[\"b\u00e1ntalmaz\u00e1s\",\"b\u00edr\u00f3s\u00e1g\",\"b\u0171ncselekm\u00e9ny\",\"esztergom\",\"Esztergom-kertv\u00e1ros\",\"\u00fcgy\u00e9szs\u00e9g\"],\"articleSection\":[\"Esztergom-kertv\u00e1ros\",\"H\u00edrek\",\"K\u00e9k h\u00edrek\"],\"inLanguage\":\"hu\"},{\"@type\":\"WebPage\",\"@id\":\"https:\\\/\\\/dorogimedence.hu\\\/index.php\\\/2019\\\/02\\\/08\\\/akar-ot-evet-is-kaphat-az-agressziv-alkoholista-apa\\\/\",\"url\":\"https:\\\/\\\/dorogimedence.hu\\\/index.php\\\/2019\\\/02\\\/08\\\/akar-ot-evet-is-kaphat-az-agressziv-alkoholista-apa\\\/\",\"name\":\"Ak\u00e1r \u00f6t \u00e9vet is kaphat az agressz\u00edv alkoholista apa\",\"isPartOf\":{\"@id\":\"https:\\\/\\\/dorogimedence.hu\\\/#website\"},\"primaryImageOfPage\":{\"@id\":\"https:\\\/\\\/dorogimedence.hu\\\/index.php\\\/2019\\\/02\\\/08\\\/akar-ot-evet-is-kaphat-az-agressziv-alkoholista-apa\\\/#primaryimage\"},\"image\":{\"@id\":\"https:\\\/\\\/dorogimedence.hu\\\/index.php\\\/2019\\\/02\\\/08\\\/akar-ot-evet-is-kaphat-az-agressziv-alkoholista-apa\\\/#primaryimage\"},\"thumbnailUrl\":\"https:\\\/\\\/dorogimedence.hu\\\/wp-content\\\/uploads\\\/2017\\\/04\\\/bantalmazas.jpg\",\"datePublished\":\"2019-02-08T11:43:20+00:00\",\"breadcrumb\":{\"@id\":\"https:\\\/\\\/dorogimedence.hu\\\/index.php\\\/2019\\\/02\\\/08\\\/akar-ot-evet-is-kaphat-az-agressziv-alkoholista-apa\\\/#breadcrumb\"},\"inLanguage\":\"hu\",\"potentialAction\":[{\"@type\":\"ReadAction\",\"target\":[\"https:\\\/\\\/dorogimedence.hu\\\/index.php\\\/2019\\\/02\\\/08\\\/akar-ot-evet-is-kaphat-az-agressziv-alkoholista-apa\\\/\"]}]},{\"@type\":\"ImageObject\",\"inLanguage\":\"hu\",\"@id\":\"https:\\\/\\\/dorogimedence.hu\\\/index.php\\\/2019\\\/02\\\/08\\\/akar-ot-evet-is-kaphat-az-agressziv-alkoholista-apa\\\/#primaryimage\",\"url\":\"https:\\\/\\\/dorogimedence.hu\\\/wp-content\\\/uploads\\\/2017\\\/04\\\/bantalmazas.jpg\",\"contentUrl\":\"https:\\\/\\\/dorogimedence.hu\\\/wp-content\\\/uploads\\\/2017\\\/04\\\/bantalmazas.jpg\",\"width\":670,\"height\":365},{\"@type\":\"BreadcrumbList\",\"@id\":\"https:\\\/\\\/dorogimedence.hu\\\/index.php\\\/2019\\\/02\\\/08\\\/akar-ot-evet-is-kaphat-az-agressziv-alkoholista-apa\\\/#breadcrumb\",\"itemListElement\":[{\"@type\":\"ListItem\",\"position\":1,\"name\":\"Kezd\u0151lap\",\"item\":\"https:\\\/\\\/dorogimedence.hu\\\/\"},{\"@type\":\"ListItem\",\"position\":2,\"name\":\"Ak\u00e1r \u00f6t \u00e9vet is kaphat az agressz\u00edv alkoholista apa\"}]},{\"@type\":\"WebSite\",\"@id\":\"https:\\\/\\\/dorogimedence.hu\\\/#website\",\"url\":\"https:\\\/\\\/dorogimedence.hu\\\/\",\"name\":\"Dorogi-medence Region\u00e1lis H\u00edrport\u00e1l\",\"description\":\"Dorog, Keszt\u00f6lc, Le\u00e1nyv\u00e1r, Piliscs\u00e9v, Tokod, Tokodalt\u00e1r\u00f3, Csolnok, Esztergom-kertv\u00e1ros: h\u00edrek, programok\",\"publisher\":{\"@id\":\"https:\\\/\\\/dorogimedence.hu\\\/#organization\"},\"potentialAction\":[{\"@type\":\"SearchAction\",\"target\":{\"@type\":\"EntryPoint\",\"urlTemplate\":\"https:\\\/\\\/dorogimedence.hu\\\/?s={search_term_string}\"},\"query-input\":{\"@type\":\"PropertyValueSpecification\",\"valueRequired\":true,\"valueName\":\"search_term_string\"}}],\"inLanguage\":\"hu\"},{\"@type\":\"Organization\",\"@id\":\"https:\\\/\\\/dorogimedence.hu\\\/#organization\",\"name\":\"Dorogi-medence Region\u00e1lis H\u00edrport\u00e1l\",\"url\":\"https:\\\/\\\/dorogimedence.hu\\\/\",\"logo\":{\"@type\":\"ImageObject\",\"inLanguage\":\"hu\",\"@id\":\"https:\\\/\\\/dorogimedence.hu\\\/#\\\/schema\\\/logo\\\/image\\\/\",\"url\":\"https:\\\/\\\/dorogimedence.hu\\\/wp-content\\\/uploads\\\/2021\\\/04\\\/logo-feher-600.png\",\"contentUrl\":\"https:\\\/\\\/dorogimedence.hu\\\/wp-content\\\/uploads\\\/2021\\\/04\\\/logo-feher-600.png\",\"width\":600,\"height\":100,\"caption\":\"Dorogi-medence Region\u00e1lis H\u00edrport\u00e1l\"},\"image\":{\"@id\":\"https:\\\/\\\/dorogimedence.hu\\\/#\\\/schema\\\/logo\\\/image\\\/\"},\"sameAs\":[\"https:\\\/\\\/www.facebook.com\\\/dorogimedence\\\/\"]},{\"@type\":\"Person\",\"@id\":\"https:\\\/\\\/dorogimedence.hu\\\/#\\\/schema\\\/person\\\/ce6091eeb7e95ecdc87890d6aa8e0fd4\",\"name\":\"dorogimedence.hu\",\"image\":{\"@type\":\"ImageObject\",\"inLanguage\":\"hu\",\"@id\":\"\\\/\\\/www.gravatar.com\\\/avatar\\\/d8d45f8901aadff40a4af72c0b826f1d?s=96&#038;r=g&#038;d=mm\",\"url\":\"\\\/\\\/www.gravatar.com\\\/avatar\\\/d8d45f8901aadff40a4af72c0b826f1d?s=96&#038;r=g&#038;d=mm\",\"contentUrl\":\"\\\/\\\/www.gravatar.com\\\/avatar\\\/d8d45f8901aadff40a4af72c0b826f1d?s=96&#038;r=g&#038;d=mm\",\"caption\":\"dorogimedence.hu\"}}]}<\/script>\n<!-- \/ Yoast SEO plugin. -->","yoast_head_json":{"title":"Ak\u00e1r \u00f6t \u00e9vet is kaphat az agressz\u00edv alkoholista apa","robots":{"index":"index","follow":"follow","max-snippet":"max-snippet:-1","max-image-preview":"max-image-preview:large","max-video-preview":"max-video-preview:-1"},"canonical":"https:\/\/dorogimedence.hu\/index.php\/2019\/02\/08\/akar-ot-evet-is-kaphat-az-agressziv-alkoholista-apa\/","og_locale":"hu_HU","og_type":"article","og_title":"Ak\u00e1r \u00f6t \u00e9vet is kaphat az agressz\u00edv alkoholista apa","og_description":"Az Esztergomi J\u00e1r\u00e1si \u00dcgy\u00e9szs\u00e9g kiskor\u00fa vesz\u00e9lyeztet\u00e9s\u00e9nek b\u0171ntette miatt emelt v\u00e1dat azzal az agressz\u00edv, k\u00f6teked\u0151 ap\u00e1val szemben, aki gyermeke jelenl\u00e9t\u00e9ben szidta \u00e9s verte az \u00e9lett\u00e1rs\u00e1t, valamint a kisl\u00e1nyt is tr\u00e1g\u00e1r szavakkal illette. A v\u00e1dlott \u00e9lett\u00e1rsi kapcsolat\u00e1b\u00f3l 2013-ban \u00e9s 2015-ben k\u00e9t kisl\u00e1ny sz\u00fcletett, akiket k\u00f6z\u00f6sen neveltek az \u00e9lett\u00e1rsa el\u0151z\u0151 h\u00e1zass\u00e1g\u00e1b\u00f3l sz\u00e1rmaz\u00f3, 2001-ben sz\u00fcletett gyermek\u00e9vel egy\u00fctt. A csal\u00e1d","og_url":"https:\/\/dorogimedence.hu\/index.php\/2019\/02\/08\/akar-ot-evet-is-kaphat-az-agressziv-alkoholista-apa\/","og_site_name":"Dorogi-medence Region\u00e1lis H\u00edrport\u00e1l","article_publisher":"https:\/\/www.facebook.com\/dorogimedence\/","article_published_time":"2019-02-08T11:43:20+00:00","og_image":[{"width":670,"height":365,"url":"https:\/\/i0.wp.com\/dorogimedence.hu\/wp-content\/uploads\/2017\/04\/bantalmazas.jpg?fit=670%2C365&ssl=1","type":"image\/jpeg"}],"author":"dorogimedence.hu","twitter_card":"summary_large_image","twitter_misc":{"Szerz\u0151:":"dorogimedence.hu","Becs\u00fclt olvas\u00e1si id\u0151":"2 perc"},"schema":{"@context":"https:\/\/schema.org","@graph":[{"@type":"Article","@id":"https:\/\/dorogimedence.hu\/index.php\/2019\/02\/08\/akar-ot-evet-is-kaphat-az-agressziv-alkoholista-apa\/#article","isPartOf":{"@id":"https:\/\/dorogimedence.hu\/index.php\/2019\/02\/08\/akar-ot-evet-is-kaphat-az-agressziv-alkoholista-apa\/"},"author":{"name":"dorogimedence.hu","@id":"https:\/\/dorogimedence.hu\/#\/schema\/person\/ce6091eeb7e95ecdc87890d6aa8e0fd4"},"headline":"Ak\u00e1r \u00f6t \u00e9vet is kaphat az agressz\u00edv alkoholista apa","datePublished":"2019-02-08T11:43:20+00:00","mainEntityOfPage":{"@id":"https:\/\/dorogimedence.hu\/index.php\/2019\/02\/08\/akar-ot-evet-is-kaphat-az-agressziv-alkoholista-apa\/"},"wordCount":475,"publisher":{"@id":"https:\/\/dorogimedence.hu\/#organization"},"image":{"@id":"https:\/\/dorogimedence.hu\/index.php\/2019\/02\/08\/akar-ot-evet-is-kaphat-az-agressziv-alkoholista-apa\/#primaryimage"},"thumbnailUrl":"https:\/\/dorogimedence.hu\/wp-content\/uploads\/2017\/04\/bantalmazas.jpg","keywords":["b\u00e1ntalmaz\u00e1s","b\u00edr\u00f3s\u00e1g","b\u0171ncselekm\u00e9ny","esztergom","Esztergom-kertv\u00e1ros","\u00fcgy\u00e9szs\u00e9g"],"articleSection":["Esztergom-kertv\u00e1ros","H\u00edrek","K\u00e9k h\u00edrek"],"inLanguage":"hu"},{"@type":"WebPage","@id":"https:\/\/dorogimedence.hu\/index.php\/2019\/02\/08\/akar-ot-evet-is-kaphat-az-agressziv-alkoholista-apa\/","url":"https:\/\/dorogimedence.hu\/index.php\/2019\/02\/08\/akar-ot-evet-is-kaphat-az-agressziv-alkoholista-apa\/","name":"Ak\u00e1r \u00f6t \u00e9vet is kaphat az agressz\u00edv alkoholista apa","isPartOf":{"@id":"https:\/\/dorogimedence.hu\/#website"},"primaryImageOfPage":{"@id":"https:\/\/dorogimedence.hu\/index.php\/2019\/02\/08\/akar-ot-evet-is-kaphat-az-agressziv-alkoholista-apa\/#primaryimage"},"image":{"@id":"https:\/\/dorogimedence.hu\/index.php\/2019\/02\/08\/akar-ot-evet-is-kaphat-az-agressziv-alkoholista-apa\/#primaryimage"},"thumbnailUrl":"https:\/\/dorogimedence.hu\/wp-content\/uploads\/2017\/04\/bantalmazas.jpg","datePublished":"2019-02-08T11:43:20+00:00","breadcrumb":{"@id":"https:\/\/dorogimedence.hu\/index.php\/2019\/02\/08\/akar-ot-evet-is-kaphat-az-agressziv-alkoholista-apa\/#breadcrumb"},"inLanguage":"hu","potentialAction":[{"@type":"ReadAction","target":["https:\/\/dorogimedence.hu\/index.php\/2019\/02\/08\/akar-ot-evet-is-kaphat-az-agressziv-alkoholista-apa\/"]}]},{"@type":"ImageObject","inLanguage":"hu","@id":"https:\/\/dorogimedence.hu\/index.php\/2019\/02\/08\/akar-ot-evet-is-kaphat-az-agressziv-alkoholista-apa\/#primaryimage","url":"https:\/\/dorogimedence.hu\/wp-content\/uploads\/2017\/04\/bantalmazas.jpg","contentUrl":"https:\/\/dorogimedence.hu\/wp-content\/uploads\/2017\/04\/bantalmazas.jpg","width":670,"height":365},{"@type":"BreadcrumbList","@id":"https:\/\/dorogimedence.hu\/index.php\/2019\/02\/08\/akar-ot-evet-is-kaphat-az-agressziv-alkoholista-apa\/#breadcrumb","itemListElement":[{"@type":"ListItem","position":1,"name":"Kezd\u0151lap","item":"https:\/\/dorogimedence.hu\/"},{"@type":"ListItem","position":2,"name":"Ak\u00e1r \u00f6t \u00e9vet is kaphat az agressz\u00edv alkoholista apa"}]},{"@type":"WebSite","@id":"https:\/\/dorogimedence.hu\/#website","url":"https:\/\/dorogimedence.hu\/","name":"Dorogi-medence Region\u00e1lis H\u00edrport\u00e1l","description":"Dorog, Keszt\u00f6lc, Le\u00e1nyv\u00e1r, Piliscs\u00e9v, Tokod, Tokodalt\u00e1r\u00f3, Csolnok, Esztergom-kertv\u00e1ros: h\u00edrek, programok","publisher":{"@id":"https:\/\/dorogimedence.hu\/#organization"},"potentialAction":[{"@type":"SearchAction","target":{"@type":"EntryPoint","urlTemplate":"https:\/\/dorogimedence.hu\/?s={search_term_string}"},"query-input":{"@type":"PropertyValueSpecification","valueRequired":true,"valueName":"search_term_string"}}],"inLanguage":"hu"},{"@type":"Organization","@id":"https:\/\/dorogimedence.hu\/#organization","name":"Dorogi-medence Region\u00e1lis H\u00edrport\u00e1l","url":"https:\/\/dorogimedence.hu\/","logo":{"@type":"ImageObject","inLanguage":"hu","@id":"https:\/\/dorogimedence.hu\/#\/schema\/logo\/image\/","url":"https:\/\/dorogimedence.hu\/wp-content\/uploads\/2021\/04\/logo-feher-600.png","contentUrl":"https:\/\/dorogimedence.hu\/wp-content\/uploads\/2021\/04\/logo-feher-600.png","width":600,"height":100,"caption":"Dorogi-medence Region\u00e1lis H\u00edrport\u00e1l"},"image":{"@id":"https:\/\/dorogimedence.hu\/#\/schema\/logo\/image\/"},"sameAs":["https:\/\/www.facebook.com\/dorogimedence\/"]},{"@type":"Person","@id":"https:\/\/dorogimedence.hu\/#\/schema\/person\/ce6091eeb7e95ecdc87890d6aa8e0fd4","name":"dorogimedence.hu","image":{"@type":"ImageObject","inLanguage":"hu","@id":"\/\/www.gravatar.com\/avatar\/d8d45f8901aadff40a4af72c0b826f1d?s=96&#038;r=g&#038;d=mm","url":"\/\/www.gravatar.com\/avatar\/d8d45f8901aadff40a4af72c0b826f1d?s=96&#038;r=g&#038;d=mm","contentUrl":"\/\/www.gravatar.com\/avatar\/d8d45f8901aadff40a4af72c0b826f1d?s=96&#038;r=g&#038;d=mm","caption":"dorogimedence.hu"}}]}},"_links":{"self":[{"href":"https:\/\/dorogimedence.hu\/index.php\/wp-json\/wp\/v2\/posts\/14758","targetHints":{"allow":["GET"]}}],"collection":[{"href":"https:\/\/dorogimedence.hu\/index.php\/wp-json\/wp\/v2\/posts"}],"about":[{"href":"https:\/\/dorogimedence.hu\/index.php\/wp-json\/wp\/v2\/types\/post"}],"author":[{"embeddable":true,"href":"https:\/\/dorogimedence.hu\/index.php\/wp-json\/wp\/v2\/users\/1"}],"replies":[{"embeddable":true,"href":"https:\/\/dorogimedence.hu\/index.php\/wp-json\/wp\/v2\/comments?post=14758"}],"version-history":[{"count":0,"href":"https:\/\/dorogimedence.hu\/index.php\/wp-json\/wp\/v2\/posts\/14758\/revisions"}],"wp:featuredmedia":[{"embeddable":true,"href":"https:\/\/dorogimedence.hu\/index.php\/wp-json\/wp\/v2\/media\/2112"}],"wp:attachment":[{"href":"https:\/\/dorogimedence.hu\/index.php\/wp-json\/wp\/v2\/media?parent=14758"}],"wp:term":[{"taxonomy":"category","embeddable":true,"href":"https:\/\/dorogimedence.hu\/index.php\/wp-json\/wp\/v2\/categories?post=14758"},{"taxonomy":"post_tag","embeddable":true,"href":"https:\/\/dorogimedence.hu\/index.php\/wp-json\/wp\/v2\/tags?post=14758"}],"curies":[{"name":"wp","href":"https:\/\/api.w.org\/{rel}","templated":true}]}}