{"id":14646,"date":"2019-02-03T12:05:34","date_gmt":"2019-02-03T11:05:34","guid":{"rendered":"http:\/\/dorogimedence.hu\/?p=14646"},"modified":"2019-02-03T12:05:34","modified_gmt":"2019-02-03T11:05:34","slug":"megujulva-varja-a-latogatokat-a-satorkopusztai-barlang","status":"publish","type":"post","link":"https:\/\/dorogimedence.hu\/index.php\/2019\/02\/03\/megujulva-varja-a-latogatokat-a-satorkopusztai-barlang\/","title":{"rendered":"Meg\u00fajulva v\u00e1rja a l\u00e1togat\u00f3kat a S\u00e1tork\u0151pusztai-barlang"},"content":{"rendered":"<p><strong>A Dorog hat\u00e1r\u00e1ban l\u00e9v\u0151 S\u00e1tork\u0151pusztai-barlangban l\u00e1togat\u00f3bar\u00e1t \u00fatvonalakat alak\u00edtott ki, \u00faj l\u00e1mp\u00e1kat szerelt be, valamint megtiszt\u00edtotta a barlang r\u00e9gi \u00e9s \u00fajonnan napvil\u00e1gra ker\u00fclt k\u00e9pz\u0151dm\u00e9nyeit a Benedek Endre Barlangkutat\u00f3 \u00e9s Term\u00e9szetv\u00e9delmi Egyes\u00fclet (BEBTE)\u00a0<\/strong><em>\u00a0&#8211; mondta el az MTI-nek az egyes\u00fclet eln\u00f6ke.<\/em><\/p>\n<p>Lieber Tam\u00e1s hozz\u00e1tette, az \u00fagynevezett H\u00e1ts\u00f3-terem v\u00e1lt a f\u00f6ldalatti k\u00e9pz\u0151dm\u00e9ny meg\u00fajul\u00e1s\u00e1nak egyik jelk\u00e9p\u00e9v\u00e9. A kor\u00e1bban bekormozott \u00e9s \u00f6sszefirk\u00e1lt ter\u00fclet a barlang egyik legl\u00e1tv\u00e1nyosabb r\u00e9sze lett, az \u00fcled\u00e9k elt\u00e1vol\u00edt\u00e1sa \u00e9s a tiszt\u00edt\u00e1s ut\u00e1n gipszvir\u00e1gokkal \u00e9s -t\u0171kkel gazdagon kit\u00f6lt\u00f6tt hasad\u00e9kok ny\u00edltak meg.<\/p>\n<p>A kor\u00e1bban be\u00e9p\u00edtett rozsdamentes l\u00e9tr\u00e1k \u00e9s hidak lehet\u0151v\u00e9 tett\u00e9k, hogy t\u00f6bb helyr\u0151l kihordj\u00e1k a l\u00e1togat\u00f3k \u00e1ltal \u00f6sszetaposott \u00fcled\u00e9ket. \u00cdgy p\u00e9ld\u00e1ul a barlang Ferde-term\u00e9ben a lemos\u00e1s ut\u00e1n l\u00e1that\u00f3v\u00e1 v\u00e1lt a k\u00fcl\u00f6nleges, egyedi k\u00e9pz\u0151dm\u00e9nyekkel bor\u00edtott aljzat.<\/p>\n<p>Az agyaghalmokb\u00f3l sz\u00e1mos, \u00e9rintetlen krist\u00e1lyforma ker\u00fclt el\u0151, ezeket a Benedek Endre-terem kordonnal elz\u00e1rt szakaszainak d\u00edsz\u00edt\u00e9s\u00e9re haszn\u00e1lt\u00e1k &#8211; mondta Lieber Tam\u00e1s, hozz\u00e1t\u00e9ve, hogy a korszer\u0171 vil\u00e1g\u00edt\u00e1s ki\u00e9p\u00edt\u00e9s\u00e9vel m\u00e1r nagyobb t\u00e9r tekinthet\u0151 \u00e1t, jobban szembet\u0171nnek a r\u00e9szletek, ez is indokolta a barlang megtiszt\u00edt\u00e1s\u00e1t.<\/p>\n<p>A BEBTE eln\u00f6ke elmondta, hogy a k\u00f6z\u00f6ss\u00e9gi oldalakon val\u00f3 megjelen\u00e9ssel megsokszoroz\u00f3dott az \u00e9rdekl\u0151d\u0151k sz\u00e1ma. A l\u00e1togat\u00f3k \u00e1ltal kil\u00e9legzett sz\u00e9n dioxid \u00e9s a h\u0151 a k\u00e9pz\u0151dm\u00e9nyek k\u00e1rosod\u00e1s\u00e1t is eredm\u00e9nyezheti, ez\u00e9rt m\u00f3dos\u00edtottak a t\u00faravezet\u00e9s rendj\u00e9n.<\/p>\n<p>A barlangot minden h\u00f3napban egy h\u00e9tv\u00e9gi napra nyitj\u00e1k meg, akkor viszont reggelt\u0151l d\u00e9lut\u00e1nig t\u00f6bb csoportban zajlanak a t\u00far\u00e1k. A vezet\u00e9sre a bebte.hu oldalon lehet jelentkezni, jelenleg j\u00faniusig minden id\u0151pontot lek\u00f6t\u00f6ttek az \u00e9rdekl\u0151d\u0151k.<\/p>\n<p><strong>A S\u00e1tork\u0151pusztai-barlangot<\/strong>, Kom\u00e1rom-Esztergom megye egyetlen, a nagyk\u00f6z\u00f6ns\u00e9g sz\u00e1m\u00e1ra is l\u00e1togathat\u00f3 barlangj\u00e1t <strong>1946-ban dorogi term\u00e9szetj\u00e1r\u00f3k fedezt\u00e9k fel.<\/strong> Felfedez\u00e9se ut\u00e1n a l\u00e1togat\u00f3k, valamint a k\u00f6rny\u00e9ken \u00e1llom\u00e1soz\u00f3 magyar \u00e9s szovjet katon\u00e1k a kalcit-, aragonit- \u00e9s gipszkrist\u00e1lyokkal bor\u00edtott, 286 m\u00e9ter hossz\u00fa barlang j\u00f3 r\u00e9sz\u00e9t t\u00f6nkretett\u00e9k.<\/p>\n<p>A BEBTE 2012-ben egy \u00faj j\u00e1ratot tal\u00e1lt, amelynek folyos\u00f3j\u00e1t az 1946-os, felfedez\u00e9skori \u00e1llapotokra jellemz\u0151 kiv\u00e1l\u00e1sok bor\u00edtj\u00e1k. \u00c9rintetlen gipszkrist\u00e1lyok \u00e9s bors\u00f3k\u0151 figyelhet\u0151 meg a falakon, a mennyezetet limonitos kiv\u00e1l\u00e1sok \u00e9s kalcitlemezek fedik. Az \u00faj szakaszt a bejut\u00e1s napj\u00e1ra utalva P\u00fcnk\u00f6sdi-\u00e1gnak nevezt\u00e9k el.<\/p>\n<p><a href=\"https:\/\/www.facebook.com\/satorkopuszta\/\" target=\"_blank\" rel=\"noopener\"><span style=\"text-decoration: underline; color: #0000ff;\"><strong>A barlang Facebook oldala&gt;&gt;<\/strong><\/span><\/a><\/p>\n<p><em>Forr\u00e1s: MTI<\/em><br \/>\n<em>Fot\u00f3: BEBTE<\/em><\/p>\n","protected":false},"excerpt":{"rendered":"<p>A Dorog hat\u00e1r\u00e1ban l\u00e9v\u0151 S\u00e1tork\u0151pusztai-barlangban l\u00e1togat\u00f3bar\u00e1t \u00fatvonalakat alak\u00edtott ki, \u00faj l\u00e1mp\u00e1kat szerelt be, valamint megtiszt\u00edtotta a barlang r\u00e9gi \u00e9s \u00fajonnan napvil\u00e1gra ker\u00fclt k\u00e9pz\u0151dm\u00e9nyeit a Benedek Endre Barlangkutat\u00f3 \u00e9s Term\u00e9szetv\u00e9delmi Egyes\u00fclet (BEBTE)\u00a0\u00a0&#8211; mondta el az MTI-nek az egyes\u00fclet eln\u00f6ke. Lieber Tam\u00e1s hozz\u00e1tette, az \u00fagynevezett H\u00e1ts\u00f3-terem v\u00e1lt a f\u00f6ldalatti k\u00e9pz\u0151dm\u00e9ny meg\u00fajul\u00e1s\u00e1nak egyik jelk\u00e9p\u00e9v\u00e9. A kor\u00e1bban bekormozott \u00e9s<\/p>\n","protected":false},"author":1,"featured_media":14647,"comment_status":"closed","ping_status":"closed","sticky":false,"template":"","format":"standard","meta":{"ngg_post_thumbnail":0,"footnotes":""},"categories":[2,7,3],"tags":[437,15,169,3474,2733],"class_list":{"0":"post-14646","1":"post","2":"type-post","3":"status-publish","4":"format-standard","5":"has-post-thumbnail","7":"category-dorog","8":"category-esztergom_kertvaros","9":"category-hirek","10":"tag-barlang","11":"tag-dorog","12":"tag-esztergom-kertvaros","13":"tag-lieber-tamas","14":"tag-satorkopusztai-kristalybarlang"},"yoast_head":"<!-- This site is optimized with the Yoast SEO plugin v27.4 - https:\/\/yoast.com\/product\/yoast-seo-wordpress\/ -->\n<title>Meg\u00fajulva v\u00e1rja a l\u00e1togat\u00f3kat a S\u00e1tork\u0151pusztai-barlang<\/title>\n<meta name=\"robots\" content=\"index, follow, max-snippet:-1, max-image-preview:large, max-video-preview:-1\" \/>\n<link rel=\"canonical\" href=\"https:\/\/dorogimedence.hu\/index.php\/2019\/02\/03\/megujulva-varja-a-latogatokat-a-satorkopusztai-barlang\/\" class=\"yoast-seo-meta-tag\" \/>\n<meta property=\"og:locale\" content=\"hu_HU\" class=\"yoast-seo-meta-tag\" \/>\n<meta property=\"og:type\" content=\"article\" class=\"yoast-seo-meta-tag\" \/>\n<meta property=\"og:title\" content=\"Meg\u00fajulva v\u00e1rja a l\u00e1togat\u00f3kat a S\u00e1tork\u0151pusztai-barlang\" class=\"yoast-seo-meta-tag\" \/>\n<meta property=\"og:description\" content=\"A Dorog hat\u00e1r\u00e1ban l\u00e9v\u0151 S\u00e1tork\u0151pusztai-barlangban l\u00e1togat\u00f3bar\u00e1t \u00fatvonalakat alak\u00edtott ki, \u00faj l\u00e1mp\u00e1kat szerelt be, valamint megtiszt\u00edtotta a barlang r\u00e9gi \u00e9s \u00fajonnan napvil\u00e1gra ker\u00fclt k\u00e9pz\u0151dm\u00e9nyeit a Benedek Endre Barlangkutat\u00f3 \u00e9s Term\u00e9szetv\u00e9delmi Egyes\u00fclet (BEBTE)\u00a0\u00a0&#8211; mondta el az MTI-nek az egyes\u00fclet eln\u00f6ke. Lieber Tam\u00e1s hozz\u00e1tette, az \u00fagynevezett H\u00e1ts\u00f3-terem v\u00e1lt a f\u00f6ldalatti k\u00e9pz\u0151dm\u00e9ny meg\u00fajul\u00e1s\u00e1nak egyik jelk\u00e9p\u00e9v\u00e9. A kor\u00e1bban bekormozott \u00e9s\" class=\"yoast-seo-meta-tag\" \/>\n<meta property=\"og:url\" content=\"https:\/\/dorogimedence.hu\/index.php\/2019\/02\/03\/megujulva-varja-a-latogatokat-a-satorkopusztai-barlang\/\" class=\"yoast-seo-meta-tag\" \/>\n<meta property=\"og:site_name\" content=\"Dorogi-medence Region\u00e1lis H\u00edrport\u00e1l\" class=\"yoast-seo-meta-tag\" \/>\n<meta property=\"article:publisher\" content=\"https:\/\/www.facebook.com\/dorogimedence\/\" class=\"yoast-seo-meta-tag\" \/>\n<meta property=\"article:published_time\" content=\"2019-02-03T11:05:34+00:00\" class=\"yoast-seo-meta-tag\" \/>\n<meta property=\"og:image\" content=\"https:\/\/i0.wp.com\/dorogimedence.hu\/wp-content\/uploads\/2019\/02\/satorko-01.jpg?fit=670%2C365&ssl=1\" class=\"yoast-seo-meta-tag\" \/>\n\t<meta property=\"og:image:width\" content=\"670\" class=\"yoast-seo-meta-tag\" \/>\n\t<meta property=\"og:image:height\" content=\"365\" class=\"yoast-seo-meta-tag\" \/>\n\t<meta property=\"og:image:type\" content=\"image\/jpeg\" class=\"yoast-seo-meta-tag\" \/>\n<meta name=\"author\" content=\"dorogimedence.hu\" class=\"yoast-seo-meta-tag\" \/>\n<meta name=\"twitter:card\" content=\"summary_large_image\" class=\"yoast-seo-meta-tag\" \/>\n<meta name=\"twitter:label1\" content=\"Szerz\u0151:\" class=\"yoast-seo-meta-tag\" \/>\n\t<meta name=\"twitter:data1\" content=\"dorogimedence.hu\" class=\"yoast-seo-meta-tag\" \/>\n\t<meta name=\"twitter:label2\" content=\"Becs\u00fclt olvas\u00e1si id\u0151\" class=\"yoast-seo-meta-tag\" \/>\n\t<meta name=\"twitter:data2\" content=\"3 perc\" class=\"yoast-seo-meta-tag\" \/>\n<script type=\"application\/ld+json\" class=\"yoast-schema-graph\">{\"@context\":\"https:\\\/\\\/schema.org\",\"@graph\":[{\"@type\":\"Article\",\"@id\":\"https:\\\/\\\/dorogimedence.hu\\\/index.php\\\/2019\\\/02\\\/03\\\/megujulva-varja-a-latogatokat-a-satorkopusztai-barlang\\\/#article\",\"isPartOf\":{\"@id\":\"https:\\\/\\\/dorogimedence.hu\\\/index.php\\\/2019\\\/02\\\/03\\\/megujulva-varja-a-latogatokat-a-satorkopusztai-barlang\\\/\"},\"author\":{\"name\":\"dorogimedence.hu\",\"@id\":\"https:\\\/\\\/dorogimedence.hu\\\/#\\\/schema\\\/person\\\/ce6091eeb7e95ecdc87890d6aa8e0fd4\"},\"headline\":\"Meg\u00fajulva v\u00e1rja a l\u00e1togat\u00f3kat a S\u00e1tork\u0151pusztai-barlang\",\"datePublished\":\"2019-02-03T11:05:34+00:00\",\"mainEntityOfPage\":{\"@id\":\"https:\\\/\\\/dorogimedence.hu\\\/index.php\\\/2019\\\/02\\\/03\\\/megujulva-varja-a-latogatokat-a-satorkopusztai-barlang\\\/\"},\"wordCount\":526,\"publisher\":{\"@id\":\"https:\\\/\\\/dorogimedence.hu\\\/#organization\"},\"image\":{\"@id\":\"https:\\\/\\\/dorogimedence.hu\\\/index.php\\\/2019\\\/02\\\/03\\\/megujulva-varja-a-latogatokat-a-satorkopusztai-barlang\\\/#primaryimage\"},\"thumbnailUrl\":\"https:\\\/\\\/dorogimedence.hu\\\/wp-content\\\/uploads\\\/2019\\\/02\\\/satorko-01.jpg\",\"keywords\":[\"barlang\",\"Dorog\",\"Esztergom-kertv\u00e1ros\",\"Lieber Tam\u00e1s\",\"S\u00e1tork\u0151pusztai-krist\u00e1lybarlang\"],\"articleSection\":[\"Dorog\",\"Esztergom-kertv\u00e1ros\",\"H\u00edrek\"],\"inLanguage\":\"hu\"},{\"@type\":\"WebPage\",\"@id\":\"https:\\\/\\\/dorogimedence.hu\\\/index.php\\\/2019\\\/02\\\/03\\\/megujulva-varja-a-latogatokat-a-satorkopusztai-barlang\\\/\",\"url\":\"https:\\\/\\\/dorogimedence.hu\\\/index.php\\\/2019\\\/02\\\/03\\\/megujulva-varja-a-latogatokat-a-satorkopusztai-barlang\\\/\",\"name\":\"Meg\u00fajulva v\u00e1rja a l\u00e1togat\u00f3kat a S\u00e1tork\u0151pusztai-barlang\",\"isPartOf\":{\"@id\":\"https:\\\/\\\/dorogimedence.hu\\\/#website\"},\"primaryImageOfPage\":{\"@id\":\"https:\\\/\\\/dorogimedence.hu\\\/index.php\\\/2019\\\/02\\\/03\\\/megujulva-varja-a-latogatokat-a-satorkopusztai-barlang\\\/#primaryimage\"},\"image\":{\"@id\":\"https:\\\/\\\/dorogimedence.hu\\\/index.php\\\/2019\\\/02\\\/03\\\/megujulva-varja-a-latogatokat-a-satorkopusztai-barlang\\\/#primaryimage\"},\"thumbnailUrl\":\"https:\\\/\\\/dorogimedence.hu\\\/wp-content\\\/uploads\\\/2019\\\/02\\\/satorko-01.jpg\",\"datePublished\":\"2019-02-03T11:05:34+00:00\",\"breadcrumb\":{\"@id\":\"https:\\\/\\\/dorogimedence.hu\\\/index.php\\\/2019\\\/02\\\/03\\\/megujulva-varja-a-latogatokat-a-satorkopusztai-barlang\\\/#breadcrumb\"},\"inLanguage\":\"hu\",\"potentialAction\":[{\"@type\":\"ReadAction\",\"target\":[\"https:\\\/\\\/dorogimedence.hu\\\/index.php\\\/2019\\\/02\\\/03\\\/megujulva-varja-a-latogatokat-a-satorkopusztai-barlang\\\/\"]}]},{\"@type\":\"ImageObject\",\"inLanguage\":\"hu\",\"@id\":\"https:\\\/\\\/dorogimedence.hu\\\/index.php\\\/2019\\\/02\\\/03\\\/megujulva-varja-a-latogatokat-a-satorkopusztai-barlang\\\/#primaryimage\",\"url\":\"https:\\\/\\\/dorogimedence.hu\\\/wp-content\\\/uploads\\\/2019\\\/02\\\/satorko-01.jpg\",\"contentUrl\":\"https:\\\/\\\/dorogimedence.hu\\\/wp-content\\\/uploads\\\/2019\\\/02\\\/satorko-01.jpg\",\"width\":670,\"height\":365},{\"@type\":\"BreadcrumbList\",\"@id\":\"https:\\\/\\\/dorogimedence.hu\\\/index.php\\\/2019\\\/02\\\/03\\\/megujulva-varja-a-latogatokat-a-satorkopusztai-barlang\\\/#breadcrumb\",\"itemListElement\":[{\"@type\":\"ListItem\",\"position\":1,\"name\":\"Kezd\u0151lap\",\"item\":\"https:\\\/\\\/dorogimedence.hu\\\/\"},{\"@type\":\"ListItem\",\"position\":2,\"name\":\"Meg\u00fajulva v\u00e1rja a l\u00e1togat\u00f3kat a S\u00e1tork\u0151pusztai-barlang\"}]},{\"@type\":\"WebSite\",\"@id\":\"https:\\\/\\\/dorogimedence.hu\\\/#website\",\"url\":\"https:\\\/\\\/dorogimedence.hu\\\/\",\"name\":\"Dorogi-medence Region\u00e1lis H\u00edrport\u00e1l\",\"description\":\"Dorog, Keszt\u00f6lc, Le\u00e1nyv\u00e1r, Piliscs\u00e9v, Tokod, Tokodalt\u00e1r\u00f3, Csolnok, Esztergom-kertv\u00e1ros: h\u00edrek, programok\",\"publisher\":{\"@id\":\"https:\\\/\\\/dorogimedence.hu\\\/#organization\"},\"potentialAction\":[{\"@type\":\"SearchAction\",\"target\":{\"@type\":\"EntryPoint\",\"urlTemplate\":\"https:\\\/\\\/dorogimedence.hu\\\/?s={search_term_string}\"},\"query-input\":{\"@type\":\"PropertyValueSpecification\",\"valueRequired\":true,\"valueName\":\"search_term_string\"}}],\"inLanguage\":\"hu\"},{\"@type\":\"Organization\",\"@id\":\"https:\\\/\\\/dorogimedence.hu\\\/#organization\",\"name\":\"Dorogi-medence Region\u00e1lis H\u00edrport\u00e1l\",\"url\":\"https:\\\/\\\/dorogimedence.hu\\\/\",\"logo\":{\"@type\":\"ImageObject\",\"inLanguage\":\"hu\",\"@id\":\"https:\\\/\\\/dorogimedence.hu\\\/#\\\/schema\\\/logo\\\/image\\\/\",\"url\":\"https:\\\/\\\/dorogimedence.hu\\\/wp-content\\\/uploads\\\/2021\\\/04\\\/logo-feher-600.png\",\"contentUrl\":\"https:\\\/\\\/dorogimedence.hu\\\/wp-content\\\/uploads\\\/2021\\\/04\\\/logo-feher-600.png\",\"width\":600,\"height\":100,\"caption\":\"Dorogi-medence Region\u00e1lis H\u00edrport\u00e1l\"},\"image\":{\"@id\":\"https:\\\/\\\/dorogimedence.hu\\\/#\\\/schema\\\/logo\\\/image\\\/\"},\"sameAs\":[\"https:\\\/\\\/www.facebook.com\\\/dorogimedence\\\/\"]},{\"@type\":\"Person\",\"@id\":\"https:\\\/\\\/dorogimedence.hu\\\/#\\\/schema\\\/person\\\/ce6091eeb7e95ecdc87890d6aa8e0fd4\",\"name\":\"dorogimedence.hu\",\"image\":{\"@type\":\"ImageObject\",\"inLanguage\":\"hu\",\"@id\":\"\\\/\\\/www.gravatar.com\\\/avatar\\\/d8d45f8901aadff40a4af72c0b826f1d?s=96&#038;r=g&#038;d=mm\",\"url\":\"\\\/\\\/www.gravatar.com\\\/avatar\\\/d8d45f8901aadff40a4af72c0b826f1d?s=96&#038;r=g&#038;d=mm\",\"contentUrl\":\"\\\/\\\/www.gravatar.com\\\/avatar\\\/d8d45f8901aadff40a4af72c0b826f1d?s=96&#038;r=g&#038;d=mm\",\"caption\":\"dorogimedence.hu\"}}]}<\/script>\n<!-- \/ Yoast SEO plugin. -->","yoast_head_json":{"title":"Meg\u00fajulva v\u00e1rja a l\u00e1togat\u00f3kat a S\u00e1tork\u0151pusztai-barlang","robots":{"index":"index","follow":"follow","max-snippet":"max-snippet:-1","max-image-preview":"max-image-preview:large","max-video-preview":"max-video-preview:-1"},"canonical":"https:\/\/dorogimedence.hu\/index.php\/2019\/02\/03\/megujulva-varja-a-latogatokat-a-satorkopusztai-barlang\/","og_locale":"hu_HU","og_type":"article","og_title":"Meg\u00fajulva v\u00e1rja a l\u00e1togat\u00f3kat a S\u00e1tork\u0151pusztai-barlang","og_description":"A Dorog hat\u00e1r\u00e1ban l\u00e9v\u0151 S\u00e1tork\u0151pusztai-barlangban l\u00e1togat\u00f3bar\u00e1t \u00fatvonalakat alak\u00edtott ki, \u00faj l\u00e1mp\u00e1kat szerelt be, valamint megtiszt\u00edtotta a barlang r\u00e9gi \u00e9s \u00fajonnan napvil\u00e1gra ker\u00fclt k\u00e9pz\u0151dm\u00e9nyeit a Benedek Endre Barlangkutat\u00f3 \u00e9s Term\u00e9szetv\u00e9delmi Egyes\u00fclet (BEBTE)\u00a0\u00a0&#8211; mondta el az MTI-nek az egyes\u00fclet eln\u00f6ke. Lieber Tam\u00e1s hozz\u00e1tette, az \u00fagynevezett H\u00e1ts\u00f3-terem v\u00e1lt a f\u00f6ldalatti k\u00e9pz\u0151dm\u00e9ny meg\u00fajul\u00e1s\u00e1nak egyik jelk\u00e9p\u00e9v\u00e9. A kor\u00e1bban bekormozott \u00e9s","og_url":"https:\/\/dorogimedence.hu\/index.php\/2019\/02\/03\/megujulva-varja-a-latogatokat-a-satorkopusztai-barlang\/","og_site_name":"Dorogi-medence Region\u00e1lis H\u00edrport\u00e1l","article_publisher":"https:\/\/www.facebook.com\/dorogimedence\/","article_published_time":"2019-02-03T11:05:34+00:00","og_image":[{"width":670,"height":365,"url":"https:\/\/i0.wp.com\/dorogimedence.hu\/wp-content\/uploads\/2019\/02\/satorko-01.jpg?fit=670%2C365&ssl=1","type":"image\/jpeg"}],"author":"dorogimedence.hu","twitter_card":"summary_large_image","twitter_misc":{"Szerz\u0151:":"dorogimedence.hu","Becs\u00fclt olvas\u00e1si id\u0151":"3 perc"},"schema":{"@context":"https:\/\/schema.org","@graph":[{"@type":"Article","@id":"https:\/\/dorogimedence.hu\/index.php\/2019\/02\/03\/megujulva-varja-a-latogatokat-a-satorkopusztai-barlang\/#article","isPartOf":{"@id":"https:\/\/dorogimedence.hu\/index.php\/2019\/02\/03\/megujulva-varja-a-latogatokat-a-satorkopusztai-barlang\/"},"author":{"name":"dorogimedence.hu","@id":"https:\/\/dorogimedence.hu\/#\/schema\/person\/ce6091eeb7e95ecdc87890d6aa8e0fd4"},"headline":"Meg\u00fajulva v\u00e1rja a l\u00e1togat\u00f3kat a S\u00e1tork\u0151pusztai-barlang","datePublished":"2019-02-03T11:05:34+00:00","mainEntityOfPage":{"@id":"https:\/\/dorogimedence.hu\/index.php\/2019\/02\/03\/megujulva-varja-a-latogatokat-a-satorkopusztai-barlang\/"},"wordCount":526,"publisher":{"@id":"https:\/\/dorogimedence.hu\/#organization"},"image":{"@id":"https:\/\/dorogimedence.hu\/index.php\/2019\/02\/03\/megujulva-varja-a-latogatokat-a-satorkopusztai-barlang\/#primaryimage"},"thumbnailUrl":"https:\/\/dorogimedence.hu\/wp-content\/uploads\/2019\/02\/satorko-01.jpg","keywords":["barlang","Dorog","Esztergom-kertv\u00e1ros","Lieber Tam\u00e1s","S\u00e1tork\u0151pusztai-krist\u00e1lybarlang"],"articleSection":["Dorog","Esztergom-kertv\u00e1ros","H\u00edrek"],"inLanguage":"hu"},{"@type":"WebPage","@id":"https:\/\/dorogimedence.hu\/index.php\/2019\/02\/03\/megujulva-varja-a-latogatokat-a-satorkopusztai-barlang\/","url":"https:\/\/dorogimedence.hu\/index.php\/2019\/02\/03\/megujulva-varja-a-latogatokat-a-satorkopusztai-barlang\/","name":"Meg\u00fajulva v\u00e1rja a l\u00e1togat\u00f3kat a S\u00e1tork\u0151pusztai-barlang","isPartOf":{"@id":"https:\/\/dorogimedence.hu\/#website"},"primaryImageOfPage":{"@id":"https:\/\/dorogimedence.hu\/index.php\/2019\/02\/03\/megujulva-varja-a-latogatokat-a-satorkopusztai-barlang\/#primaryimage"},"image":{"@id":"https:\/\/dorogimedence.hu\/index.php\/2019\/02\/03\/megujulva-varja-a-latogatokat-a-satorkopusztai-barlang\/#primaryimage"},"thumbnailUrl":"https:\/\/dorogimedence.hu\/wp-content\/uploads\/2019\/02\/satorko-01.jpg","datePublished":"2019-02-03T11:05:34+00:00","breadcrumb":{"@id":"https:\/\/dorogimedence.hu\/index.php\/2019\/02\/03\/megujulva-varja-a-latogatokat-a-satorkopusztai-barlang\/#breadcrumb"},"inLanguage":"hu","potentialAction":[{"@type":"ReadAction","target":["https:\/\/dorogimedence.hu\/index.php\/2019\/02\/03\/megujulva-varja-a-latogatokat-a-satorkopusztai-barlang\/"]}]},{"@type":"ImageObject","inLanguage":"hu","@id":"https:\/\/dorogimedence.hu\/index.php\/2019\/02\/03\/megujulva-varja-a-latogatokat-a-satorkopusztai-barlang\/#primaryimage","url":"https:\/\/dorogimedence.hu\/wp-content\/uploads\/2019\/02\/satorko-01.jpg","contentUrl":"https:\/\/dorogimedence.hu\/wp-content\/uploads\/2019\/02\/satorko-01.jpg","width":670,"height":365},{"@type":"BreadcrumbList","@id":"https:\/\/dorogimedence.hu\/index.php\/2019\/02\/03\/megujulva-varja-a-latogatokat-a-satorkopusztai-barlang\/#breadcrumb","itemListElement":[{"@type":"ListItem","position":1,"name":"Kezd\u0151lap","item":"https:\/\/dorogimedence.hu\/"},{"@type":"ListItem","position":2,"name":"Meg\u00fajulva v\u00e1rja a l\u00e1togat\u00f3kat a S\u00e1tork\u0151pusztai-barlang"}]},{"@type":"WebSite","@id":"https:\/\/dorogimedence.hu\/#website","url":"https:\/\/dorogimedence.hu\/","name":"Dorogi-medence Region\u00e1lis H\u00edrport\u00e1l","description":"Dorog, Keszt\u00f6lc, Le\u00e1nyv\u00e1r, Piliscs\u00e9v, Tokod, Tokodalt\u00e1r\u00f3, Csolnok, Esztergom-kertv\u00e1ros: h\u00edrek, programok","publisher":{"@id":"https:\/\/dorogimedence.hu\/#organization"},"potentialAction":[{"@type":"SearchAction","target":{"@type":"EntryPoint","urlTemplate":"https:\/\/dorogimedence.hu\/?s={search_term_string}"},"query-input":{"@type":"PropertyValueSpecification","valueRequired":true,"valueName":"search_term_string"}}],"inLanguage":"hu"},{"@type":"Organization","@id":"https:\/\/dorogimedence.hu\/#organization","name":"Dorogi-medence Region\u00e1lis H\u00edrport\u00e1l","url":"https:\/\/dorogimedence.hu\/","logo":{"@type":"ImageObject","inLanguage":"hu","@id":"https:\/\/dorogimedence.hu\/#\/schema\/logo\/image\/","url":"https:\/\/dorogimedence.hu\/wp-content\/uploads\/2021\/04\/logo-feher-600.png","contentUrl":"https:\/\/dorogimedence.hu\/wp-content\/uploads\/2021\/04\/logo-feher-600.png","width":600,"height":100,"caption":"Dorogi-medence Region\u00e1lis H\u00edrport\u00e1l"},"image":{"@id":"https:\/\/dorogimedence.hu\/#\/schema\/logo\/image\/"},"sameAs":["https:\/\/www.facebook.com\/dorogimedence\/"]},{"@type":"Person","@id":"https:\/\/dorogimedence.hu\/#\/schema\/person\/ce6091eeb7e95ecdc87890d6aa8e0fd4","name":"dorogimedence.hu","image":{"@type":"ImageObject","inLanguage":"hu","@id":"\/\/www.gravatar.com\/avatar\/d8d45f8901aadff40a4af72c0b826f1d?s=96&#038;r=g&#038;d=mm","url":"\/\/www.gravatar.com\/avatar\/d8d45f8901aadff40a4af72c0b826f1d?s=96&#038;r=g&#038;d=mm","contentUrl":"\/\/www.gravatar.com\/avatar\/d8d45f8901aadff40a4af72c0b826f1d?s=96&#038;r=g&#038;d=mm","caption":"dorogimedence.hu"}}]}},"_links":{"self":[{"href":"https:\/\/dorogimedence.hu\/index.php\/wp-json\/wp\/v2\/posts\/14646","targetHints":{"allow":["GET"]}}],"collection":[{"href":"https:\/\/dorogimedence.hu\/index.php\/wp-json\/wp\/v2\/posts"}],"about":[{"href":"https:\/\/dorogimedence.hu\/index.php\/wp-json\/wp\/v2\/types\/post"}],"author":[{"embeddable":true,"href":"https:\/\/dorogimedence.hu\/index.php\/wp-json\/wp\/v2\/users\/1"}],"replies":[{"embeddable":true,"href":"https:\/\/dorogimedence.hu\/index.php\/wp-json\/wp\/v2\/comments?post=14646"}],"version-history":[{"count":0,"href":"https:\/\/dorogimedence.hu\/index.php\/wp-json\/wp\/v2\/posts\/14646\/revisions"}],"wp:featuredmedia":[{"embeddable":true,"href":"https:\/\/dorogimedence.hu\/index.php\/wp-json\/wp\/v2\/media\/14647"}],"wp:attachment":[{"href":"https:\/\/dorogimedence.hu\/index.php\/wp-json\/wp\/v2\/media?parent=14646"}],"wp:term":[{"taxonomy":"category","embeddable":true,"href":"https:\/\/dorogimedence.hu\/index.php\/wp-json\/wp\/v2\/categories?post=14646"},{"taxonomy":"post_tag","embeddable":true,"href":"https:\/\/dorogimedence.hu\/index.php\/wp-json\/wp\/v2\/tags?post=14646"}],"curies":[{"name":"wp","href":"https:\/\/api.w.org\/{rel}","templated":true}]}}