{"id":1454,"date":"2017-03-13T11:51:52","date_gmt":"2017-03-13T10:51:52","guid":{"rendered":"http:\/\/dorogimedence.hu\/?p=1454"},"modified":"2017-03-13T11:51:52","modified_gmt":"2017-03-13T10:51:52","slug":"jol-teljesitettek-a-dorogi-vizilabdasok-es-uszok","status":"publish","type":"post","link":"https:\/\/dorogimedence.hu\/index.php\/2017\/03\/13\/jol-teljesitettek-a-dorogi-vizilabdasok-es-uszok\/","title":{"rendered":"J\u00f3l teljes\u00edtettek a dorogi v\u00edzilabd\u00e1sok \u00e9s \u00fasz\u00f3k"},"content":{"rendered":"<p>Az \u00daj-Hull\u00e1m SE v\u00edzilabda csapatai pozit\u00edv m\u00e9rleggel z\u00e1rt\u00e1k a h\u00e9tv\u00e9gi bajnoki fordul\u00f3kat, az \u00fasz\u00f3k pedig a miskolci V\u00edz Vil\u00e1gnapi \u00dasz\u00f3versenyen szerepeltek brav\u00farosan.<\/p>\n<p><span style=\"color: #ff0000;\"><strong><u>K\u00e9t gy\u0151zelem, egy veres\u00e9g<\/u><\/strong><\/span><\/p>\n<p>A dorogi \u00daj-Hull\u00e1m SE v\u00edzilabd\u00e1sai k\u00e9t gy\u0151zelmet arattak \u00e9s egy veres\u00e9get szenvedtek el a Budapesti V\u00edzilabda Bajnoks\u00e1gban. A h\u00e1rom m\u00e9rk\u0151z\u00e9s \u201esz\u00e9ls\u0151s\u00e9ges\u201d eredm\u00e9nyeket hozott, a k\u00e9t magabiztos gy\u0151zelem mellett becs\u00faszott egy nagy g\u00f3lar\u00e1ny\u00fa veres\u00e9g is. Az ifj\u00fas\u00e1gi csapat jelenleg a 6., a gyermek csapat a 15. helyen \u00e1ll a bajnoks\u00e1gban.<\/p>\n<p>Eredm\u00e9nyek:<\/p>\n<p>BVLSZ Diapolo Ifj\u00fas\u00e1gi Bajnoks\u00e1g \u2013 A csoport \u2013 9. fordul\u00f3<br \/>\n2017. m\u00e1rcius 11. Budapest, K\u0151\u00e9r utcai uszoda<br \/>\n<strong>\u00daj-Hull\u00e1m SE &#8211; Sportliget SE 16-5<\/strong><\/p>\n<p>Rusor\u00e1n P\u00e9ter Gyermek 2003 Bajnoks\u00e1g \u2013 R\u00e1j\u00e1tsz\u00e1s 13-18. hely\u00e9rt \u2013 2. fordul\u00f3<br \/>\n2017. m\u00e1rcius 12. Budapest, K\u0151\u00e9r utcai uszoda<br \/>\n<strong>Danubius POLO &#8211; \u00daj-Hull\u00e1m SE 7-12<br \/>\nVid\u00e1m V\u00edzilovak &#8211; \u00daj-Hull\u00e1m SE 22-2<\/strong><\/p>\n<p><span style=\"color: #ff0000;\"><strong><u>Nyolc dorogi \u00fasz\u00f3\u00e9rem Miskolcr\u00f3l<\/u><\/strong><\/span><\/p>\n<p>3 arany, 3 ez\u00fcst \u00e9s 2 bronz\u00e9rmet, valamint t\u00f6bb j\u00f3 helyez\u00e9st szereztek az \u00daj-Hull\u00e1m SE \u00fasz\u00f3i Miskolcon, a XXI. V\u00edz Vil\u00e1gnapi \u00dasz\u00f3versenyen, m\u00e1rcius 11-12-\u00e9n. A dorogi versenyz\u0151k a j\u00f3 helyez\u00e9sek mellett sok egy\u00e9ni cs\u00facsot is \u00fasztak, ami nagyon b\u00edztat\u00f3 a versenyszezon k\u00f6zep\u00e9n.<\/p>\n<p><em>XXI. V\u00edz Vil\u00e1gnapi \u00dasz\u00f3verseny<br \/>\n<\/em><em>Miskolc, Kem\u00e9ny D\u00e9nes Uszoda 2017.03.11<br \/>\nEredm\u00e9nyek:<\/em><\/p>\n<p>50m pillang\u00f3 \u2013 l\u00e1ny: 8. Papp Vivien (2006).<br \/>\n50m pillang\u00f3 \u2013 fi\u00fa: 9. Dombr\u00e1dy Bence (2002), 12. Meczger M\u00e1t\u00e9 (2003).<br \/>\n50m gyors \u2013 l\u00e1ny: 14. Meczger S\u00e1ra (2005).<br \/>\n50m gyors \u2013 fi\u00fa: 11. Dombr\u00e1dy Bence (2002).<br \/>\n200m pillang\u00f3 \u2013 l\u00e1ny: 1. Tam\u00e1s Izabella (2006).<br \/>\n50m mell \u2013 l\u00e1ny: 5. Papp Vivien (2006), 6. Meczger S\u00e1ra (2005).<br \/>\n50m mell \u2013 fi\u00fa: 2. Meczger M\u00e1t\u00e9 (2003).<br \/>\n200m gyors \u2013 l\u00e1ny: 6. Tam\u00e1s Izabella (2006), 11. Simonek Ren\u00e1ta (2004).<br \/>\n200m mell \u2013 l\u00e1ny: 3. Meczger S\u00e1ra (2005), 5. Papp Vivien (2006).<br \/>\n200m mell \u2013 fi\u00fa: 2. Meczger M\u00e1t\u00e9 (2003).<br \/>\n800m gyors \u2013 l\u00e1ny: 8. Simonek Ren\u00e1ta (2004).<br \/>\n100m gyors \u2013 fi\u00fa: 11. Dombr\u00e1dy Bence (2002).<br \/>\n100m gyors \u2013 l\u00e1ny: 6. Simonek Ren\u00e1ta (2004).<br \/>\n100m pillang\u00f3 \u2013 fi\u00fa: 11. Dombr\u00e1dy Bence (2002), 12. Meczger M\u00e1t\u00e9 (2003).<br \/>\n100m pillang\u00f3 \u2013 l\u00e1ny: 1. Tam\u00e1s Izabella (2006), 5. Papp Vivien (2006).<br \/>\n100m h\u00e1t \u2013 fi\u00fa: 10. Dombr\u00e1dy Bence (2002).<br \/>\n100m h\u00e1t \u2013 l\u00e1ny: 6. Simonek Ren\u00e1ta (2004), 8. Papp Vivien (2006).<br \/>\n100m mell \u2013 fi\u00fa: 1. Meczger M\u00e1t\u00e9 (2003).<br \/>\n100m mell \u2013 l\u00e1ny: 2. Meczger S\u00e1ra (2005), 5. Simonek Ren\u00e1ta (2004), 6. Papp Vivien (2006).<br \/>\n400m vegyes \u2013 l\u00e1ny: 3. Tam\u00e1s Izabella (2006), 4. Meczger S\u00e1ra (2005).<\/p>\n","protected":false},"excerpt":{"rendered":"<p>Az \u00daj-Hull\u00e1m SE v\u00edzilabda csapatai pozit\u00edv m\u00e9rleggel z\u00e1rt\u00e1k a h\u00e9tv\u00e9gi bajnoki fordul\u00f3kat, az \u00fasz\u00f3k pedig a miskolci V\u00edz Vil\u00e1gnapi \u00dasz\u00f3versenyen szerepeltek brav\u00farosan. K\u00e9t gy\u0151zelem, egy veres\u00e9g A dorogi \u00daj-Hull\u00e1m SE v\u00edzilabd\u00e1sai k\u00e9t gy\u0151zelmet arattak \u00e9s egy veres\u00e9get szenvedtek el a Budapesti V\u00edzilabda Bajnoks\u00e1gban. A h\u00e1rom m\u00e9rk\u0151z\u00e9s \u201esz\u00e9ls\u0151s\u00e9ges\u201d eredm\u00e9nyeket hozott, a k\u00e9t magabiztos gy\u0151zelem mellett becs\u00faszott<\/p>\n","protected":false},"author":1,"featured_media":1455,"comment_status":"closed","ping_status":"closed","sticky":false,"template":"","format":"standard","meta":{"ngg_post_thumbnail":0,"footnotes":""},"categories":[2,3,5],"tags":[15,16,46,17,202],"class_list":{"0":"post-1454","1":"post","2":"type-post","3":"status-publish","4":"format-standard","5":"has-post-thumbnail","7":"category-dorog","8":"category-hirek","9":"category-sport","10":"tag-dorog","11":"tag-sport","12":"tag-uj-hullam-se","13":"tag-uszas","14":"tag-vizilabda"},"yoast_head":"<!-- This site is optimized with the Yoast SEO plugin v27.5 - https:\/\/yoast.com\/product\/yoast-seo-wordpress\/ -->\n<title>J\u00f3l teljes\u00edtettek a dorogi v\u00edzilabd\u00e1sok \u00e9s \u00fasz\u00f3k<\/title>\n<meta name=\"robots\" content=\"index, follow, max-snippet:-1, max-image-preview:large, max-video-preview:-1\" \/>\n<link rel=\"canonical\" href=\"https:\/\/dorogimedence.hu\/index.php\/2017\/03\/13\/jol-teljesitettek-a-dorogi-vizilabdasok-es-uszok\/\" class=\"yoast-seo-meta-tag\" \/>\n<meta property=\"og:locale\" content=\"hu_HU\" class=\"yoast-seo-meta-tag\" \/>\n<meta property=\"og:type\" content=\"article\" class=\"yoast-seo-meta-tag\" \/>\n<meta property=\"og:title\" content=\"J\u00f3l teljes\u00edtettek a dorogi v\u00edzilabd\u00e1sok \u00e9s \u00fasz\u00f3k\" class=\"yoast-seo-meta-tag\" \/>\n<meta property=\"og:description\" content=\"Az \u00daj-Hull\u00e1m SE v\u00edzilabda csapatai pozit\u00edv m\u00e9rleggel z\u00e1rt\u00e1k a h\u00e9tv\u00e9gi bajnoki fordul\u00f3kat, az \u00fasz\u00f3k pedig a miskolci V\u00edz Vil\u00e1gnapi \u00dasz\u00f3versenyen szerepeltek brav\u00farosan. K\u00e9t gy\u0151zelem, egy veres\u00e9g A dorogi \u00daj-Hull\u00e1m SE v\u00edzilabd\u00e1sai k\u00e9t gy\u0151zelmet arattak \u00e9s egy veres\u00e9get szenvedtek el a Budapesti V\u00edzilabda Bajnoks\u00e1gban. A h\u00e1rom m\u00e9rk\u0151z\u00e9s \u201esz\u00e9ls\u0151s\u00e9ges\u201d eredm\u00e9nyeket hozott, a k\u00e9t magabiztos gy\u0151zelem mellett becs\u00faszott\" class=\"yoast-seo-meta-tag\" \/>\n<meta property=\"og:url\" content=\"https:\/\/dorogimedence.hu\/index.php\/2017\/03\/13\/jol-teljesitettek-a-dorogi-vizilabdasok-es-uszok\/\" class=\"yoast-seo-meta-tag\" \/>\n<meta property=\"og:site_name\" content=\"Dorogi-medence Region\u00e1lis H\u00edrport\u00e1l\" class=\"yoast-seo-meta-tag\" \/>\n<meta property=\"article:publisher\" content=\"https:\/\/www.facebook.com\/dorogimedence\/\" class=\"yoast-seo-meta-tag\" \/>\n<meta property=\"article:published_time\" content=\"2017-03-13T10:51:52+00:00\" class=\"yoast-seo-meta-tag\" \/>\n<meta property=\"og:image\" content=\"https:\/\/i0.wp.com\/dorogimedence.hu\/wp-content\/uploads\/2017\/03\/17265161_1371220399567849_2602679813116643800_n.jpg?fit=960%2C720&ssl=1\" class=\"yoast-seo-meta-tag\" \/>\n\t<meta property=\"og:image:width\" content=\"960\" class=\"yoast-seo-meta-tag\" \/>\n\t<meta property=\"og:image:height\" content=\"720\" class=\"yoast-seo-meta-tag\" \/>\n\t<meta property=\"og:image:type\" content=\"image\/jpeg\" class=\"yoast-seo-meta-tag\" \/>\n<meta name=\"author\" content=\"dorogimedence.hu\" class=\"yoast-seo-meta-tag\" \/>\n<meta name=\"twitter:card\" content=\"summary_large_image\" class=\"yoast-seo-meta-tag\" \/>\n<meta name=\"twitter:label1\" content=\"Szerz\u0151:\" class=\"yoast-seo-meta-tag\" \/>\n\t<meta name=\"twitter:data1\" content=\"dorogimedence.hu\" class=\"yoast-seo-meta-tag\" \/>\n\t<meta name=\"twitter:label2\" content=\"Becs\u00fclt olvas\u00e1si id\u0151\" class=\"yoast-seo-meta-tag\" \/>\n\t<meta name=\"twitter:data2\" content=\"2 perc\" class=\"yoast-seo-meta-tag\" \/>\n<script type=\"application\/ld+json\" class=\"yoast-schema-graph\">{\"@context\":\"https:\\\/\\\/schema.org\",\"@graph\":[{\"@type\":\"Article\",\"@id\":\"https:\\\/\\\/dorogimedence.hu\\\/index.php\\\/2017\\\/03\\\/13\\\/jol-teljesitettek-a-dorogi-vizilabdasok-es-uszok\\\/#article\",\"isPartOf\":{\"@id\":\"https:\\\/\\\/dorogimedence.hu\\\/index.php\\\/2017\\\/03\\\/13\\\/jol-teljesitettek-a-dorogi-vizilabdasok-es-uszok\\\/\"},\"author\":{\"name\":\"dorogimedence.hu\",\"@id\":\"https:\\\/\\\/dorogimedence.hu\\\/#\\\/schema\\\/person\\\/ce6091eeb7e95ecdc87890d6aa8e0fd4\"},\"headline\":\"J\u00f3l teljes\u00edtettek a dorogi v\u00edzilabd\u00e1sok \u00e9s \u00fasz\u00f3k\",\"datePublished\":\"2017-03-13T10:51:52+00:00\",\"mainEntityOfPage\":{\"@id\":\"https:\\\/\\\/dorogimedence.hu\\\/index.php\\\/2017\\\/03\\\/13\\\/jol-teljesitettek-a-dorogi-vizilabdasok-es-uszok\\\/\"},\"wordCount\":428,\"publisher\":{\"@id\":\"https:\\\/\\\/dorogimedence.hu\\\/#organization\"},\"image\":{\"@id\":\"https:\\\/\\\/dorogimedence.hu\\\/index.php\\\/2017\\\/03\\\/13\\\/jol-teljesitettek-a-dorogi-vizilabdasok-es-uszok\\\/#primaryimage\"},\"thumbnailUrl\":\"https:\\\/\\\/dorogimedence.hu\\\/wp-content\\\/uploads\\\/2017\\\/03\\\/17265161_1371220399567849_2602679813116643800_n.jpg\",\"keywords\":[\"Dorog\",\"sport\",\"\u00daj-Hull\u00e1m SE\",\"\u00fasz\u00e1s\",\"v\u00edzilabda\"],\"articleSection\":[\"Dorog\",\"H\u00edrek\",\"Sport\"],\"inLanguage\":\"hu\"},{\"@type\":\"WebPage\",\"@id\":\"https:\\\/\\\/dorogimedence.hu\\\/index.php\\\/2017\\\/03\\\/13\\\/jol-teljesitettek-a-dorogi-vizilabdasok-es-uszok\\\/\",\"url\":\"https:\\\/\\\/dorogimedence.hu\\\/index.php\\\/2017\\\/03\\\/13\\\/jol-teljesitettek-a-dorogi-vizilabdasok-es-uszok\\\/\",\"name\":\"J\u00f3l teljes\u00edtettek a dorogi v\u00edzilabd\u00e1sok \u00e9s \u00fasz\u00f3k\",\"isPartOf\":{\"@id\":\"https:\\\/\\\/dorogimedence.hu\\\/#website\"},\"primaryImageOfPage\":{\"@id\":\"https:\\\/\\\/dorogimedence.hu\\\/index.php\\\/2017\\\/03\\\/13\\\/jol-teljesitettek-a-dorogi-vizilabdasok-es-uszok\\\/#primaryimage\"},\"image\":{\"@id\":\"https:\\\/\\\/dorogimedence.hu\\\/index.php\\\/2017\\\/03\\\/13\\\/jol-teljesitettek-a-dorogi-vizilabdasok-es-uszok\\\/#primaryimage\"},\"thumbnailUrl\":\"https:\\\/\\\/dorogimedence.hu\\\/wp-content\\\/uploads\\\/2017\\\/03\\\/17265161_1371220399567849_2602679813116643800_n.jpg\",\"datePublished\":\"2017-03-13T10:51:52+00:00\",\"breadcrumb\":{\"@id\":\"https:\\\/\\\/dorogimedence.hu\\\/index.php\\\/2017\\\/03\\\/13\\\/jol-teljesitettek-a-dorogi-vizilabdasok-es-uszok\\\/#breadcrumb\"},\"inLanguage\":\"hu\",\"potentialAction\":[{\"@type\":\"ReadAction\",\"target\":[\"https:\\\/\\\/dorogimedence.hu\\\/index.php\\\/2017\\\/03\\\/13\\\/jol-teljesitettek-a-dorogi-vizilabdasok-es-uszok\\\/\"]}]},{\"@type\":\"ImageObject\",\"inLanguage\":\"hu\",\"@id\":\"https:\\\/\\\/dorogimedence.hu\\\/index.php\\\/2017\\\/03\\\/13\\\/jol-teljesitettek-a-dorogi-vizilabdasok-es-uszok\\\/#primaryimage\",\"url\":\"https:\\\/\\\/dorogimedence.hu\\\/wp-content\\\/uploads\\\/2017\\\/03\\\/17265161_1371220399567849_2602679813116643800_n.jpg\",\"contentUrl\":\"https:\\\/\\\/dorogimedence.hu\\\/wp-content\\\/uploads\\\/2017\\\/03\\\/17265161_1371220399567849_2602679813116643800_n.jpg\",\"width\":960,\"height\":720},{\"@type\":\"BreadcrumbList\",\"@id\":\"https:\\\/\\\/dorogimedence.hu\\\/index.php\\\/2017\\\/03\\\/13\\\/jol-teljesitettek-a-dorogi-vizilabdasok-es-uszok\\\/#breadcrumb\",\"itemListElement\":[{\"@type\":\"ListItem\",\"position\":1,\"name\":\"Kezd\u0151lap\",\"item\":\"https:\\\/\\\/dorogimedence.hu\\\/\"},{\"@type\":\"ListItem\",\"position\":2,\"name\":\"J\u00f3l teljes\u00edtettek a dorogi v\u00edzilabd\u00e1sok \u00e9s \u00fasz\u00f3k\"}]},{\"@type\":\"WebSite\",\"@id\":\"https:\\\/\\\/dorogimedence.hu\\\/#website\",\"url\":\"https:\\\/\\\/dorogimedence.hu\\\/\",\"name\":\"Dorogi-medence Region\u00e1lis H\u00edrport\u00e1l\",\"description\":\"Dorog, Keszt\u00f6lc, Le\u00e1nyv\u00e1r, Piliscs\u00e9v, Tokod, Tokodalt\u00e1r\u00f3, Csolnok, Esztergom-kertv\u00e1ros: h\u00edrek, programok\",\"publisher\":{\"@id\":\"https:\\\/\\\/dorogimedence.hu\\\/#organization\"},\"potentialAction\":[{\"@type\":\"SearchAction\",\"target\":{\"@type\":\"EntryPoint\",\"urlTemplate\":\"https:\\\/\\\/dorogimedence.hu\\\/?s={search_term_string}\"},\"query-input\":{\"@type\":\"PropertyValueSpecification\",\"valueRequired\":true,\"valueName\":\"search_term_string\"}}],\"inLanguage\":\"hu\"},{\"@type\":\"Organization\",\"@id\":\"https:\\\/\\\/dorogimedence.hu\\\/#organization\",\"name\":\"Dorogi-medence Region\u00e1lis H\u00edrport\u00e1l\",\"url\":\"https:\\\/\\\/dorogimedence.hu\\\/\",\"logo\":{\"@type\":\"ImageObject\",\"inLanguage\":\"hu\",\"@id\":\"https:\\\/\\\/dorogimedence.hu\\\/#\\\/schema\\\/logo\\\/image\\\/\",\"url\":\"https:\\\/\\\/dorogimedence.hu\\\/wp-content\\\/uploads\\\/2021\\\/04\\\/logo-feher-600.png\",\"contentUrl\":\"https:\\\/\\\/dorogimedence.hu\\\/wp-content\\\/uploads\\\/2021\\\/04\\\/logo-feher-600.png\",\"width\":600,\"height\":100,\"caption\":\"Dorogi-medence Region\u00e1lis H\u00edrport\u00e1l\"},\"image\":{\"@id\":\"https:\\\/\\\/dorogimedence.hu\\\/#\\\/schema\\\/logo\\\/image\\\/\"},\"sameAs\":[\"https:\\\/\\\/www.facebook.com\\\/dorogimedence\\\/\"]},{\"@type\":\"Person\",\"@id\":\"https:\\\/\\\/dorogimedence.hu\\\/#\\\/schema\\\/person\\\/ce6091eeb7e95ecdc87890d6aa8e0fd4\",\"name\":\"dorogimedence.hu\",\"image\":{\"@type\":\"ImageObject\",\"inLanguage\":\"hu\",\"@id\":\"\\\/\\\/www.gravatar.com\\\/avatar\\\/d8d45f8901aadff40a4af72c0b826f1d?s=96&#038;r=g&#038;d=mm\",\"url\":\"\\\/\\\/www.gravatar.com\\\/avatar\\\/d8d45f8901aadff40a4af72c0b826f1d?s=96&#038;r=g&#038;d=mm\",\"contentUrl\":\"\\\/\\\/www.gravatar.com\\\/avatar\\\/d8d45f8901aadff40a4af72c0b826f1d?s=96&#038;r=g&#038;d=mm\",\"caption\":\"dorogimedence.hu\"}}]}<\/script>\n<!-- \/ Yoast SEO plugin. -->","yoast_head_json":{"title":"J\u00f3l teljes\u00edtettek a dorogi v\u00edzilabd\u00e1sok \u00e9s \u00fasz\u00f3k","robots":{"index":"index","follow":"follow","max-snippet":"max-snippet:-1","max-image-preview":"max-image-preview:large","max-video-preview":"max-video-preview:-1"},"canonical":"https:\/\/dorogimedence.hu\/index.php\/2017\/03\/13\/jol-teljesitettek-a-dorogi-vizilabdasok-es-uszok\/","og_locale":"hu_HU","og_type":"article","og_title":"J\u00f3l teljes\u00edtettek a dorogi v\u00edzilabd\u00e1sok \u00e9s \u00fasz\u00f3k","og_description":"Az \u00daj-Hull\u00e1m SE v\u00edzilabda csapatai pozit\u00edv m\u00e9rleggel z\u00e1rt\u00e1k a h\u00e9tv\u00e9gi bajnoki fordul\u00f3kat, az \u00fasz\u00f3k pedig a miskolci V\u00edz Vil\u00e1gnapi \u00dasz\u00f3versenyen szerepeltek brav\u00farosan. K\u00e9t gy\u0151zelem, egy veres\u00e9g A dorogi \u00daj-Hull\u00e1m SE v\u00edzilabd\u00e1sai k\u00e9t gy\u0151zelmet arattak \u00e9s egy veres\u00e9get szenvedtek el a Budapesti V\u00edzilabda Bajnoks\u00e1gban. A h\u00e1rom m\u00e9rk\u0151z\u00e9s \u201esz\u00e9ls\u0151s\u00e9ges\u201d eredm\u00e9nyeket hozott, a k\u00e9t magabiztos gy\u0151zelem mellett becs\u00faszott","og_url":"https:\/\/dorogimedence.hu\/index.php\/2017\/03\/13\/jol-teljesitettek-a-dorogi-vizilabdasok-es-uszok\/","og_site_name":"Dorogi-medence Region\u00e1lis H\u00edrport\u00e1l","article_publisher":"https:\/\/www.facebook.com\/dorogimedence\/","article_published_time":"2017-03-13T10:51:52+00:00","og_image":[{"width":960,"height":720,"url":"https:\/\/i0.wp.com\/dorogimedence.hu\/wp-content\/uploads\/2017\/03\/17265161_1371220399567849_2602679813116643800_n.jpg?fit=960%2C720&ssl=1","type":"image\/jpeg"}],"author":"dorogimedence.hu","twitter_card":"summary_large_image","twitter_misc":{"Szerz\u0151:":"dorogimedence.hu","Becs\u00fclt olvas\u00e1si id\u0151":"2 perc"},"schema":{"@context":"https:\/\/schema.org","@graph":[{"@type":"Article","@id":"https:\/\/dorogimedence.hu\/index.php\/2017\/03\/13\/jol-teljesitettek-a-dorogi-vizilabdasok-es-uszok\/#article","isPartOf":{"@id":"https:\/\/dorogimedence.hu\/index.php\/2017\/03\/13\/jol-teljesitettek-a-dorogi-vizilabdasok-es-uszok\/"},"author":{"name":"dorogimedence.hu","@id":"https:\/\/dorogimedence.hu\/#\/schema\/person\/ce6091eeb7e95ecdc87890d6aa8e0fd4"},"headline":"J\u00f3l teljes\u00edtettek a dorogi v\u00edzilabd\u00e1sok \u00e9s \u00fasz\u00f3k","datePublished":"2017-03-13T10:51:52+00:00","mainEntityOfPage":{"@id":"https:\/\/dorogimedence.hu\/index.php\/2017\/03\/13\/jol-teljesitettek-a-dorogi-vizilabdasok-es-uszok\/"},"wordCount":428,"publisher":{"@id":"https:\/\/dorogimedence.hu\/#organization"},"image":{"@id":"https:\/\/dorogimedence.hu\/index.php\/2017\/03\/13\/jol-teljesitettek-a-dorogi-vizilabdasok-es-uszok\/#primaryimage"},"thumbnailUrl":"https:\/\/dorogimedence.hu\/wp-content\/uploads\/2017\/03\/17265161_1371220399567849_2602679813116643800_n.jpg","keywords":["Dorog","sport","\u00daj-Hull\u00e1m SE","\u00fasz\u00e1s","v\u00edzilabda"],"articleSection":["Dorog","H\u00edrek","Sport"],"inLanguage":"hu"},{"@type":"WebPage","@id":"https:\/\/dorogimedence.hu\/index.php\/2017\/03\/13\/jol-teljesitettek-a-dorogi-vizilabdasok-es-uszok\/","url":"https:\/\/dorogimedence.hu\/index.php\/2017\/03\/13\/jol-teljesitettek-a-dorogi-vizilabdasok-es-uszok\/","name":"J\u00f3l teljes\u00edtettek a dorogi v\u00edzilabd\u00e1sok \u00e9s \u00fasz\u00f3k","isPartOf":{"@id":"https:\/\/dorogimedence.hu\/#website"},"primaryImageOfPage":{"@id":"https:\/\/dorogimedence.hu\/index.php\/2017\/03\/13\/jol-teljesitettek-a-dorogi-vizilabdasok-es-uszok\/#primaryimage"},"image":{"@id":"https:\/\/dorogimedence.hu\/index.php\/2017\/03\/13\/jol-teljesitettek-a-dorogi-vizilabdasok-es-uszok\/#primaryimage"},"thumbnailUrl":"https:\/\/dorogimedence.hu\/wp-content\/uploads\/2017\/03\/17265161_1371220399567849_2602679813116643800_n.jpg","datePublished":"2017-03-13T10:51:52+00:00","breadcrumb":{"@id":"https:\/\/dorogimedence.hu\/index.php\/2017\/03\/13\/jol-teljesitettek-a-dorogi-vizilabdasok-es-uszok\/#breadcrumb"},"inLanguage":"hu","potentialAction":[{"@type":"ReadAction","target":["https:\/\/dorogimedence.hu\/index.php\/2017\/03\/13\/jol-teljesitettek-a-dorogi-vizilabdasok-es-uszok\/"]}]},{"@type":"ImageObject","inLanguage":"hu","@id":"https:\/\/dorogimedence.hu\/index.php\/2017\/03\/13\/jol-teljesitettek-a-dorogi-vizilabdasok-es-uszok\/#primaryimage","url":"https:\/\/dorogimedence.hu\/wp-content\/uploads\/2017\/03\/17265161_1371220399567849_2602679813116643800_n.jpg","contentUrl":"https:\/\/dorogimedence.hu\/wp-content\/uploads\/2017\/03\/17265161_1371220399567849_2602679813116643800_n.jpg","width":960,"height":720},{"@type":"BreadcrumbList","@id":"https:\/\/dorogimedence.hu\/index.php\/2017\/03\/13\/jol-teljesitettek-a-dorogi-vizilabdasok-es-uszok\/#breadcrumb","itemListElement":[{"@type":"ListItem","position":1,"name":"Kezd\u0151lap","item":"https:\/\/dorogimedence.hu\/"},{"@type":"ListItem","position":2,"name":"J\u00f3l teljes\u00edtettek a dorogi v\u00edzilabd\u00e1sok \u00e9s \u00fasz\u00f3k"}]},{"@type":"WebSite","@id":"https:\/\/dorogimedence.hu\/#website","url":"https:\/\/dorogimedence.hu\/","name":"Dorogi-medence Region\u00e1lis H\u00edrport\u00e1l","description":"Dorog, Keszt\u00f6lc, Le\u00e1nyv\u00e1r, Piliscs\u00e9v, Tokod, Tokodalt\u00e1r\u00f3, Csolnok, Esztergom-kertv\u00e1ros: h\u00edrek, programok","publisher":{"@id":"https:\/\/dorogimedence.hu\/#organization"},"potentialAction":[{"@type":"SearchAction","target":{"@type":"EntryPoint","urlTemplate":"https:\/\/dorogimedence.hu\/?s={search_term_string}"},"query-input":{"@type":"PropertyValueSpecification","valueRequired":true,"valueName":"search_term_string"}}],"inLanguage":"hu"},{"@type":"Organization","@id":"https:\/\/dorogimedence.hu\/#organization","name":"Dorogi-medence Region\u00e1lis H\u00edrport\u00e1l","url":"https:\/\/dorogimedence.hu\/","logo":{"@type":"ImageObject","inLanguage":"hu","@id":"https:\/\/dorogimedence.hu\/#\/schema\/logo\/image\/","url":"https:\/\/dorogimedence.hu\/wp-content\/uploads\/2021\/04\/logo-feher-600.png","contentUrl":"https:\/\/dorogimedence.hu\/wp-content\/uploads\/2021\/04\/logo-feher-600.png","width":600,"height":100,"caption":"Dorogi-medence Region\u00e1lis H\u00edrport\u00e1l"},"image":{"@id":"https:\/\/dorogimedence.hu\/#\/schema\/logo\/image\/"},"sameAs":["https:\/\/www.facebook.com\/dorogimedence\/"]},{"@type":"Person","@id":"https:\/\/dorogimedence.hu\/#\/schema\/person\/ce6091eeb7e95ecdc87890d6aa8e0fd4","name":"dorogimedence.hu","image":{"@type":"ImageObject","inLanguage":"hu","@id":"\/\/www.gravatar.com\/avatar\/d8d45f8901aadff40a4af72c0b826f1d?s=96&#038;r=g&#038;d=mm","url":"\/\/www.gravatar.com\/avatar\/d8d45f8901aadff40a4af72c0b826f1d?s=96&#038;r=g&#038;d=mm","contentUrl":"\/\/www.gravatar.com\/avatar\/d8d45f8901aadff40a4af72c0b826f1d?s=96&#038;r=g&#038;d=mm","caption":"dorogimedence.hu"}}]}},"_links":{"self":[{"href":"https:\/\/dorogimedence.hu\/index.php\/wp-json\/wp\/v2\/posts\/1454","targetHints":{"allow":["GET"]}}],"collection":[{"href":"https:\/\/dorogimedence.hu\/index.php\/wp-json\/wp\/v2\/posts"}],"about":[{"href":"https:\/\/dorogimedence.hu\/index.php\/wp-json\/wp\/v2\/types\/post"}],"author":[{"embeddable":true,"href":"https:\/\/dorogimedence.hu\/index.php\/wp-json\/wp\/v2\/users\/1"}],"replies":[{"embeddable":true,"href":"https:\/\/dorogimedence.hu\/index.php\/wp-json\/wp\/v2\/comments?post=1454"}],"version-history":[{"count":0,"href":"https:\/\/dorogimedence.hu\/index.php\/wp-json\/wp\/v2\/posts\/1454\/revisions"}],"wp:featuredmedia":[{"embeddable":true,"href":"https:\/\/dorogimedence.hu\/index.php\/wp-json\/wp\/v2\/media\/1455"}],"wp:attachment":[{"href":"https:\/\/dorogimedence.hu\/index.php\/wp-json\/wp\/v2\/media?parent=1454"}],"wp:term":[{"taxonomy":"category","embeddable":true,"href":"https:\/\/dorogimedence.hu\/index.php\/wp-json\/wp\/v2\/categories?post=1454"},{"taxonomy":"post_tag","embeddable":true,"href":"https:\/\/dorogimedence.hu\/index.php\/wp-json\/wp\/v2\/tags?post=1454"}],"curies":[{"name":"wp","href":"https:\/\/api.w.org\/{rel}","templated":true}]}}