{"id":14464,"date":"2019-01-23T14:39:55","date_gmt":"2019-01-23T13:39:55","guid":{"rendered":"http:\/\/dorogimedence.hu\/?p=14464"},"modified":"2019-01-23T14:39:55","modified_gmt":"2019-01-23T13:39:55","slug":"egy-ev-foghaz-az-esztergomi-rongalonak","status":"publish","type":"post","link":"https:\/\/dorogimedence.hu\/index.php\/2019\/01\/23\/egy-ev-foghaz-az-esztergomi-rongalonak\/","title":{"rendered":"Egy \u00e9v fogh\u00e1z az esztergomi rong\u00e1l\u00f3nak"},"content":{"rendered":"<p><strong>Beismerte tett\u00e9t az a f\u00e9rfi, aki tavaly t\u00e9len pr\u00f3baid\u0151re felf\u00fcggesztett b\u00f6rt\u00f6nb\u00fcntet\u00e9se alatt rong\u00e1lt meg hirdet\u0151t\u00e1bl\u00e1kat, vir\u00e1gl\u00e1d\u00e1kat Esztergomban.<\/strong><\/p>\n<p>Az elk\u00f6vet\u0151 2018. febru\u00e1r 4-\u00e9n Esztergomban boxerral t\u00e1madt egy s\u00f6r\u00f6z\u0151 kerthelyis\u00e9g\u00e9ben az egyik vend\u00e9gre, a s\u00e9rtett nyolc napon bel\u00fcl gy\u00f3gyul\u00f3 s\u00e9r\u00fcl\u00e9st szenvedett el. Ez\u00e9rt az Esztergomi J\u00e1r\u00e1sb\u00edr\u00f3s\u00e1g 2018. j\u00falius 12-\u00e9n joger\u0151ss\u00e9 v\u00e1lt hat\u00e1rozat\u00e1val felfegyverkezve elk\u00f6vetett gar\u00e1zdas\u00e1g b\u0171ntette miatt 1 \u00e9v b\u00f6rt\u00f6nb\u00fcntet\u00e9sre \u00edt\u00e9lte, amelynek a v\u00e9grehajt\u00e1s\u00e1t 2 \u00e9v pr\u00f3baid\u0151re felf\u00fcggesztette.<\/p>\n<p>Az \u00edt\u00e9let ut\u00e1n 19 nappal, 2018. j\u00falius 31-\u00e9n az ittas \u00e1llapotban l\u00e9v\u0151 f\u00e9rfi Esztergomban, egy \u00fczlet el\u0151tt elhelyezett szemetes kuka tartalm\u00e1t a j\u00e1rd\u00e1ra kibor\u00edtotta, majd a k\u00f6zeli beton vir\u00e1gl\u00e1d\u00e1b\u00f3l a vir\u00e1gokat kit\u00e9pte \u00e9s az \u00fatra dob\u00e1lta. A v\u00e1dlott az \u00fat t\u00faloldal\u00e1n l\u00e9v\u0151 cukr\u00e1szda el\u0151tti k\u00e9t beton vir\u00e1gl\u00e1d\u00e1b\u00f3l is kit\u00e9pte \u00e9s sz\u00e9tdob\u00e1lta a vir\u00e1gokat. Ezt k\u00f6vet\u0151en a V\u00f6r\u00f6smarty utc\u00e1n haladva el\u0151sz\u00f6r felbor\u00edtott egy parkol\u00e1si tilalomra figyelmeztet\u0151 vas \u00e1llv\u00e1nyt, majd egy fa kapur\u00f3l let\u00e9pte a \u201eK\u00e9rem a bej\u00e1ratot szabadon hagyni\u201d felirat\u00fa t\u00e1bl\u00e1t, ut\u00e1na pedig egy \u00e1llateledel bolt falra er\u0151s\u00edtett hirdet\u0151t\u00e1bl\u00e1j\u00e1t t\u00e9pte le, majd egy m\u00e1sik \u00fczlet \u00fcveges hirdet\u0151t\u00e1bl\u00e1j\u00e1t k\u00e9zzel bet\u00f6rte, a fa keretet a falb\u00f3l r\u00e9szben kit\u00e9pte \u00e9s elt\u00f6rte, a hirdet\u0151t\u00e1bl\u00e1t kidobta az \u00fatra.<\/p>\n<p>A f\u00e9rfi az Esztergomi J\u00e1r\u00e1sb\u00edr\u00f3s\u00e1gon 2019. janu\u00e1r 22-\u00e9n megtartott el\u0151k\u00e9sz\u00edt\u0151 \u00fcl\u00e9sen beismerte tett\u00e9t \u00e9s lemondott a t\u00e1rgyal\u00e1sr\u00f3l, \u00edgy \u0151t a b\u00edr\u00f3s\u00e1g gar\u00e1zdas\u00e1g v\u00e9ts\u00e9ge miatt 1 \u00e9v fogh\u00e1z fokozat\u00fa szabads\u00e1gveszt\u00e9sre \u00e9s k\u00e9t \u00e9v k\u00f6z\u00fcgyekt\u0151l eltilt\u00e1sra \u00edt\u00e9lte. A b\u00edr\u00f3s\u00e1g elrendelte a 2018. febru\u00e1r 4-\u00e9n elk\u00f6vetett b\u0171ncselekm\u00e9ny miatt kiszabott 1 \u00e9v b\u00f6rt\u00f6nb\u00fcntet\u00e9s v\u00e9grehajt\u00e1s\u00e1t is.<\/p>\n<p>Az \u00edt\u00e9letet az \u00fcgy\u00e9sz tudom\u00e1sul vette, a v\u00e1dlott a f\u0151b\u00fcntet\u00e9s enyh\u00edt\u00e9s\u00e9\u00e9rt, enyh\u00e9bb b\u00fcntet\u00e9si nem, illetve tartam kiszab\u00e1sa miatt fellebbez\u00e9st jelentett be.<\/p>\n<p class=\"text-align-right\"><em>Tatab\u00e1nyai T\u00f6rv\u00e9nysz\u00e9k Sajt\u00f3oszt\u00e1ly<\/em><\/p>\n","protected":false},"excerpt":{"rendered":"<p>Beismerte tett\u00e9t az a f\u00e9rfi, aki tavaly t\u00e9len pr\u00f3baid\u0151re felf\u00fcggesztett b\u00f6rt\u00f6nb\u00fcntet\u00e9se alatt rong\u00e1lt meg hirdet\u0151t\u00e1bl\u00e1kat, vir\u00e1gl\u00e1d\u00e1kat Esztergomban. Az elk\u00f6vet\u0151 2018. febru\u00e1r 4-\u00e9n Esztergomban boxerral t\u00e1madt egy s\u00f6r\u00f6z\u0151 kerthelyis\u00e9g\u00e9ben az egyik vend\u00e9gre, a s\u00e9rtett nyolc napon bel\u00fcl gy\u00f3gyul\u00f3 s\u00e9r\u00fcl\u00e9st szenvedett el. Ez\u00e9rt az Esztergomi J\u00e1r\u00e1sb\u00edr\u00f3s\u00e1g 2018. j\u00falius 12-\u00e9n joger\u0151ss\u00e9 v\u00e1lt hat\u00e1rozat\u00e1val felfegyverkezve elk\u00f6vetett gar\u00e1zdas\u00e1g b\u0171ntette miatt<\/p>\n","protected":false},"author":1,"featured_media":0,"comment_status":"closed","ping_status":"closed","sticky":false,"template":"","format":"standard","meta":{"ngg_post_thumbnail":0,"footnotes":""},"categories":[38,3,39],"tags":[712,1042,63,42,1061],"class_list":{"0":"post-14464","1":"post","2":"type-post","3":"status-publish","4":"format-standard","6":"category-esztergom","7":"category-hirek","8":"category-kek-hirek","9":"tag-bantalmazas","10":"tag-birosag","11":"tag-buncselekmeny","12":"tag-esztergom","13":"tag-rongalas"},"yoast_head":"<!-- This site is optimized with the Yoast SEO plugin v27.5 - https:\/\/yoast.com\/product\/yoast-seo-wordpress\/ -->\n<title>Egy \u00e9v fogh\u00e1z az esztergomi rong\u00e1l\u00f3nak<\/title>\n<meta name=\"robots\" content=\"index, follow, max-snippet:-1, max-image-preview:large, max-video-preview:-1\" \/>\n<link rel=\"canonical\" href=\"https:\/\/dorogimedence.hu\/index.php\/2019\/01\/23\/egy-ev-foghaz-az-esztergomi-rongalonak\/\" class=\"yoast-seo-meta-tag\" \/>\n<meta property=\"og:locale\" content=\"hu_HU\" class=\"yoast-seo-meta-tag\" \/>\n<meta property=\"og:type\" content=\"article\" class=\"yoast-seo-meta-tag\" \/>\n<meta property=\"og:title\" content=\"Egy \u00e9v fogh\u00e1z az esztergomi rong\u00e1l\u00f3nak\" class=\"yoast-seo-meta-tag\" \/>\n<meta property=\"og:description\" content=\"Beismerte tett\u00e9t az a f\u00e9rfi, aki tavaly t\u00e9len pr\u00f3baid\u0151re felf\u00fcggesztett b\u00f6rt\u00f6nb\u00fcntet\u00e9se alatt rong\u00e1lt meg hirdet\u0151t\u00e1bl\u00e1kat, vir\u00e1gl\u00e1d\u00e1kat Esztergomban. Az elk\u00f6vet\u0151 2018. febru\u00e1r 4-\u00e9n Esztergomban boxerral t\u00e1madt egy s\u00f6r\u00f6z\u0151 kerthelyis\u00e9g\u00e9ben az egyik vend\u00e9gre, a s\u00e9rtett nyolc napon bel\u00fcl gy\u00f3gyul\u00f3 s\u00e9r\u00fcl\u00e9st szenvedett el. Ez\u00e9rt az Esztergomi J\u00e1r\u00e1sb\u00edr\u00f3s\u00e1g 2018. j\u00falius 12-\u00e9n joger\u0151ss\u00e9 v\u00e1lt hat\u00e1rozat\u00e1val felfegyverkezve elk\u00f6vetett gar\u00e1zdas\u00e1g b\u0171ntette miatt\" class=\"yoast-seo-meta-tag\" \/>\n<meta property=\"og:url\" content=\"https:\/\/dorogimedence.hu\/index.php\/2019\/01\/23\/egy-ev-foghaz-az-esztergomi-rongalonak\/\" class=\"yoast-seo-meta-tag\" \/>\n<meta property=\"og:site_name\" content=\"Dorogi-medence Region\u00e1lis H\u00edrport\u00e1l\" class=\"yoast-seo-meta-tag\" \/>\n<meta property=\"article:publisher\" content=\"https:\/\/www.facebook.com\/dorogimedence\/\" class=\"yoast-seo-meta-tag\" \/>\n<meta property=\"article:published_time\" content=\"2019-01-23T13:39:55+00:00\" class=\"yoast-seo-meta-tag\" \/>\n<meta property=\"og:image\" content=\"https:\/\/i0.wp.com\/dorogimedence.hu\/wp-content\/uploads\/2017\/07\/birosag-01.jpg?fit=670%2C365&ssl=1\" class=\"yoast-seo-meta-tag\" \/>\n\t<meta property=\"og:image:width\" content=\"670\" class=\"yoast-seo-meta-tag\" \/>\n\t<meta property=\"og:image:height\" content=\"365\" class=\"yoast-seo-meta-tag\" \/>\n\t<meta property=\"og:image:type\" content=\"image\/jpeg\" class=\"yoast-seo-meta-tag\" \/>\n<meta name=\"author\" content=\"dorogimedence.hu\" class=\"yoast-seo-meta-tag\" \/>\n<meta name=\"twitter:card\" content=\"summary_large_image\" class=\"yoast-seo-meta-tag\" \/>\n<meta name=\"twitter:label1\" content=\"Szerz\u0151:\" class=\"yoast-seo-meta-tag\" \/>\n\t<meta name=\"twitter:data1\" content=\"dorogimedence.hu\" class=\"yoast-seo-meta-tag\" \/>\n\t<meta name=\"twitter:label2\" content=\"Becs\u00fclt olvas\u00e1si id\u0151\" class=\"yoast-seo-meta-tag\" \/>\n\t<meta name=\"twitter:data2\" content=\"2 perc\" class=\"yoast-seo-meta-tag\" \/>\n<script type=\"application\/ld+json\" class=\"yoast-schema-graph\">{\"@context\":\"https:\\\/\\\/schema.org\",\"@graph\":[{\"@type\":\"Article\",\"@id\":\"https:\\\/\\\/dorogimedence.hu\\\/index.php\\\/2019\\\/01\\\/23\\\/egy-ev-foghaz-az-esztergomi-rongalonak\\\/#article\",\"isPartOf\":{\"@id\":\"https:\\\/\\\/dorogimedence.hu\\\/index.php\\\/2019\\\/01\\\/23\\\/egy-ev-foghaz-az-esztergomi-rongalonak\\\/\"},\"author\":{\"name\":\"dorogimedence.hu\",\"@id\":\"https:\\\/\\\/dorogimedence.hu\\\/#\\\/schema\\\/person\\\/ce6091eeb7e95ecdc87890d6aa8e0fd4\"},\"headline\":\"Egy \u00e9v fogh\u00e1z az esztergomi rong\u00e1l\u00f3nak\",\"datePublished\":\"2019-01-23T13:39:55+00:00\",\"mainEntityOfPage\":{\"@id\":\"https:\\\/\\\/dorogimedence.hu\\\/index.php\\\/2019\\\/01\\\/23\\\/egy-ev-foghaz-az-esztergomi-rongalonak\\\/\"},\"wordCount\":451,\"publisher\":{\"@id\":\"https:\\\/\\\/dorogimedence.hu\\\/#organization\"},\"keywords\":[\"b\u00e1ntalmaz\u00e1s\",\"b\u00edr\u00f3s\u00e1g\",\"b\u0171ncselekm\u00e9ny\",\"esztergom\",\"rong\u00e1l\u00e1s\"],\"articleSection\":[\"Esztergom\",\"H\u00edrek\",\"K\u00e9k h\u00edrek\"],\"inLanguage\":\"hu\"},{\"@type\":\"WebPage\",\"@id\":\"https:\\\/\\\/dorogimedence.hu\\\/index.php\\\/2019\\\/01\\\/23\\\/egy-ev-foghaz-az-esztergomi-rongalonak\\\/\",\"url\":\"https:\\\/\\\/dorogimedence.hu\\\/index.php\\\/2019\\\/01\\\/23\\\/egy-ev-foghaz-az-esztergomi-rongalonak\\\/\",\"name\":\"Egy \u00e9v fogh\u00e1z az esztergomi rong\u00e1l\u00f3nak\",\"isPartOf\":{\"@id\":\"https:\\\/\\\/dorogimedence.hu\\\/#website\"},\"datePublished\":\"2019-01-23T13:39:55+00:00\",\"breadcrumb\":{\"@id\":\"https:\\\/\\\/dorogimedence.hu\\\/index.php\\\/2019\\\/01\\\/23\\\/egy-ev-foghaz-az-esztergomi-rongalonak\\\/#breadcrumb\"},\"inLanguage\":\"hu\",\"potentialAction\":[{\"@type\":\"ReadAction\",\"target\":[\"https:\\\/\\\/dorogimedence.hu\\\/index.php\\\/2019\\\/01\\\/23\\\/egy-ev-foghaz-az-esztergomi-rongalonak\\\/\"]}]},{\"@type\":\"BreadcrumbList\",\"@id\":\"https:\\\/\\\/dorogimedence.hu\\\/index.php\\\/2019\\\/01\\\/23\\\/egy-ev-foghaz-az-esztergomi-rongalonak\\\/#breadcrumb\",\"itemListElement\":[{\"@type\":\"ListItem\",\"position\":1,\"name\":\"Kezd\u0151lap\",\"item\":\"https:\\\/\\\/dorogimedence.hu\\\/\"},{\"@type\":\"ListItem\",\"position\":2,\"name\":\"Egy \u00e9v fogh\u00e1z az esztergomi rong\u00e1l\u00f3nak\"}]},{\"@type\":\"WebSite\",\"@id\":\"https:\\\/\\\/dorogimedence.hu\\\/#website\",\"url\":\"https:\\\/\\\/dorogimedence.hu\\\/\",\"name\":\"Dorogi-medence Region\u00e1lis H\u00edrport\u00e1l\",\"description\":\"Dorog, Keszt\u00f6lc, Le\u00e1nyv\u00e1r, Piliscs\u00e9v, Tokod, Tokodalt\u00e1r\u00f3, Csolnok, Esztergom-kertv\u00e1ros: h\u00edrek, programok\",\"publisher\":{\"@id\":\"https:\\\/\\\/dorogimedence.hu\\\/#organization\"},\"potentialAction\":[{\"@type\":\"SearchAction\",\"target\":{\"@type\":\"EntryPoint\",\"urlTemplate\":\"https:\\\/\\\/dorogimedence.hu\\\/?s={search_term_string}\"},\"query-input\":{\"@type\":\"PropertyValueSpecification\",\"valueRequired\":true,\"valueName\":\"search_term_string\"}}],\"inLanguage\":\"hu\"},{\"@type\":\"Organization\",\"@id\":\"https:\\\/\\\/dorogimedence.hu\\\/#organization\",\"name\":\"Dorogi-medence Region\u00e1lis H\u00edrport\u00e1l\",\"url\":\"https:\\\/\\\/dorogimedence.hu\\\/\",\"logo\":{\"@type\":\"ImageObject\",\"inLanguage\":\"hu\",\"@id\":\"https:\\\/\\\/dorogimedence.hu\\\/#\\\/schema\\\/logo\\\/image\\\/\",\"url\":\"https:\\\/\\\/dorogimedence.hu\\\/wp-content\\\/uploads\\\/2021\\\/04\\\/logo-feher-600.png\",\"contentUrl\":\"https:\\\/\\\/dorogimedence.hu\\\/wp-content\\\/uploads\\\/2021\\\/04\\\/logo-feher-600.png\",\"width\":600,\"height\":100,\"caption\":\"Dorogi-medence Region\u00e1lis H\u00edrport\u00e1l\"},\"image\":{\"@id\":\"https:\\\/\\\/dorogimedence.hu\\\/#\\\/schema\\\/logo\\\/image\\\/\"},\"sameAs\":[\"https:\\\/\\\/www.facebook.com\\\/dorogimedence\\\/\"]},{\"@type\":\"Person\",\"@id\":\"https:\\\/\\\/dorogimedence.hu\\\/#\\\/schema\\\/person\\\/ce6091eeb7e95ecdc87890d6aa8e0fd4\",\"name\":\"dorogimedence.hu\",\"image\":{\"@type\":\"ImageObject\",\"inLanguage\":\"hu\",\"@id\":\"\\\/\\\/www.gravatar.com\\\/avatar\\\/d8d45f8901aadff40a4af72c0b826f1d?s=96&#038;r=g&#038;d=mm\",\"url\":\"\\\/\\\/www.gravatar.com\\\/avatar\\\/d8d45f8901aadff40a4af72c0b826f1d?s=96&#038;r=g&#038;d=mm\",\"contentUrl\":\"\\\/\\\/www.gravatar.com\\\/avatar\\\/d8d45f8901aadff40a4af72c0b826f1d?s=96&#038;r=g&#038;d=mm\",\"caption\":\"dorogimedence.hu\"}}]}<\/script>\n<!-- \/ Yoast SEO plugin. -->","yoast_head_json":{"title":"Egy \u00e9v fogh\u00e1z az esztergomi rong\u00e1l\u00f3nak","robots":{"index":"index","follow":"follow","max-snippet":"max-snippet:-1","max-image-preview":"max-image-preview:large","max-video-preview":"max-video-preview:-1"},"canonical":"https:\/\/dorogimedence.hu\/index.php\/2019\/01\/23\/egy-ev-foghaz-az-esztergomi-rongalonak\/","og_locale":"hu_HU","og_type":"article","og_title":"Egy \u00e9v fogh\u00e1z az esztergomi rong\u00e1l\u00f3nak","og_description":"Beismerte tett\u00e9t az a f\u00e9rfi, aki tavaly t\u00e9len pr\u00f3baid\u0151re felf\u00fcggesztett b\u00f6rt\u00f6nb\u00fcntet\u00e9se alatt rong\u00e1lt meg hirdet\u0151t\u00e1bl\u00e1kat, vir\u00e1gl\u00e1d\u00e1kat Esztergomban. Az elk\u00f6vet\u0151 2018. febru\u00e1r 4-\u00e9n Esztergomban boxerral t\u00e1madt egy s\u00f6r\u00f6z\u0151 kerthelyis\u00e9g\u00e9ben az egyik vend\u00e9gre, a s\u00e9rtett nyolc napon bel\u00fcl gy\u00f3gyul\u00f3 s\u00e9r\u00fcl\u00e9st szenvedett el. Ez\u00e9rt az Esztergomi J\u00e1r\u00e1sb\u00edr\u00f3s\u00e1g 2018. j\u00falius 12-\u00e9n joger\u0151ss\u00e9 v\u00e1lt hat\u00e1rozat\u00e1val felfegyverkezve elk\u00f6vetett gar\u00e1zdas\u00e1g b\u0171ntette miatt","og_url":"https:\/\/dorogimedence.hu\/index.php\/2019\/01\/23\/egy-ev-foghaz-az-esztergomi-rongalonak\/","og_site_name":"Dorogi-medence Region\u00e1lis H\u00edrport\u00e1l","article_publisher":"https:\/\/www.facebook.com\/dorogimedence\/","article_published_time":"2019-01-23T13:39:55+00:00","og_image":[{"width":670,"height":365,"url":"https:\/\/i0.wp.com\/dorogimedence.hu\/wp-content\/uploads\/2017\/07\/birosag-01.jpg?fit=670%2C365&ssl=1","type":"image\/jpeg"}],"author":"dorogimedence.hu","twitter_card":"summary_large_image","twitter_misc":{"Szerz\u0151:":"dorogimedence.hu","Becs\u00fclt olvas\u00e1si id\u0151":"2 perc"},"schema":{"@context":"https:\/\/schema.org","@graph":[{"@type":"Article","@id":"https:\/\/dorogimedence.hu\/index.php\/2019\/01\/23\/egy-ev-foghaz-az-esztergomi-rongalonak\/#article","isPartOf":{"@id":"https:\/\/dorogimedence.hu\/index.php\/2019\/01\/23\/egy-ev-foghaz-az-esztergomi-rongalonak\/"},"author":{"name":"dorogimedence.hu","@id":"https:\/\/dorogimedence.hu\/#\/schema\/person\/ce6091eeb7e95ecdc87890d6aa8e0fd4"},"headline":"Egy \u00e9v fogh\u00e1z az esztergomi rong\u00e1l\u00f3nak","datePublished":"2019-01-23T13:39:55+00:00","mainEntityOfPage":{"@id":"https:\/\/dorogimedence.hu\/index.php\/2019\/01\/23\/egy-ev-foghaz-az-esztergomi-rongalonak\/"},"wordCount":451,"publisher":{"@id":"https:\/\/dorogimedence.hu\/#organization"},"keywords":["b\u00e1ntalmaz\u00e1s","b\u00edr\u00f3s\u00e1g","b\u0171ncselekm\u00e9ny","esztergom","rong\u00e1l\u00e1s"],"articleSection":["Esztergom","H\u00edrek","K\u00e9k h\u00edrek"],"inLanguage":"hu"},{"@type":"WebPage","@id":"https:\/\/dorogimedence.hu\/index.php\/2019\/01\/23\/egy-ev-foghaz-az-esztergomi-rongalonak\/","url":"https:\/\/dorogimedence.hu\/index.php\/2019\/01\/23\/egy-ev-foghaz-az-esztergomi-rongalonak\/","name":"Egy \u00e9v fogh\u00e1z az esztergomi rong\u00e1l\u00f3nak","isPartOf":{"@id":"https:\/\/dorogimedence.hu\/#website"},"datePublished":"2019-01-23T13:39:55+00:00","breadcrumb":{"@id":"https:\/\/dorogimedence.hu\/index.php\/2019\/01\/23\/egy-ev-foghaz-az-esztergomi-rongalonak\/#breadcrumb"},"inLanguage":"hu","potentialAction":[{"@type":"ReadAction","target":["https:\/\/dorogimedence.hu\/index.php\/2019\/01\/23\/egy-ev-foghaz-az-esztergomi-rongalonak\/"]}]},{"@type":"BreadcrumbList","@id":"https:\/\/dorogimedence.hu\/index.php\/2019\/01\/23\/egy-ev-foghaz-az-esztergomi-rongalonak\/#breadcrumb","itemListElement":[{"@type":"ListItem","position":1,"name":"Kezd\u0151lap","item":"https:\/\/dorogimedence.hu\/"},{"@type":"ListItem","position":2,"name":"Egy \u00e9v fogh\u00e1z az esztergomi rong\u00e1l\u00f3nak"}]},{"@type":"WebSite","@id":"https:\/\/dorogimedence.hu\/#website","url":"https:\/\/dorogimedence.hu\/","name":"Dorogi-medence Region\u00e1lis H\u00edrport\u00e1l","description":"Dorog, Keszt\u00f6lc, Le\u00e1nyv\u00e1r, Piliscs\u00e9v, Tokod, Tokodalt\u00e1r\u00f3, Csolnok, Esztergom-kertv\u00e1ros: h\u00edrek, programok","publisher":{"@id":"https:\/\/dorogimedence.hu\/#organization"},"potentialAction":[{"@type":"SearchAction","target":{"@type":"EntryPoint","urlTemplate":"https:\/\/dorogimedence.hu\/?s={search_term_string}"},"query-input":{"@type":"PropertyValueSpecification","valueRequired":true,"valueName":"search_term_string"}}],"inLanguage":"hu"},{"@type":"Organization","@id":"https:\/\/dorogimedence.hu\/#organization","name":"Dorogi-medence Region\u00e1lis H\u00edrport\u00e1l","url":"https:\/\/dorogimedence.hu\/","logo":{"@type":"ImageObject","inLanguage":"hu","@id":"https:\/\/dorogimedence.hu\/#\/schema\/logo\/image\/","url":"https:\/\/dorogimedence.hu\/wp-content\/uploads\/2021\/04\/logo-feher-600.png","contentUrl":"https:\/\/dorogimedence.hu\/wp-content\/uploads\/2021\/04\/logo-feher-600.png","width":600,"height":100,"caption":"Dorogi-medence Region\u00e1lis H\u00edrport\u00e1l"},"image":{"@id":"https:\/\/dorogimedence.hu\/#\/schema\/logo\/image\/"},"sameAs":["https:\/\/www.facebook.com\/dorogimedence\/"]},{"@type":"Person","@id":"https:\/\/dorogimedence.hu\/#\/schema\/person\/ce6091eeb7e95ecdc87890d6aa8e0fd4","name":"dorogimedence.hu","image":{"@type":"ImageObject","inLanguage":"hu","@id":"\/\/www.gravatar.com\/avatar\/d8d45f8901aadff40a4af72c0b826f1d?s=96&#038;r=g&#038;d=mm","url":"\/\/www.gravatar.com\/avatar\/d8d45f8901aadff40a4af72c0b826f1d?s=96&#038;r=g&#038;d=mm","contentUrl":"\/\/www.gravatar.com\/avatar\/d8d45f8901aadff40a4af72c0b826f1d?s=96&#038;r=g&#038;d=mm","caption":"dorogimedence.hu"}}]}},"_links":{"self":[{"href":"https:\/\/dorogimedence.hu\/index.php\/wp-json\/wp\/v2\/posts\/14464","targetHints":{"allow":["GET"]}}],"collection":[{"href":"https:\/\/dorogimedence.hu\/index.php\/wp-json\/wp\/v2\/posts"}],"about":[{"href":"https:\/\/dorogimedence.hu\/index.php\/wp-json\/wp\/v2\/types\/post"}],"author":[{"embeddable":true,"href":"https:\/\/dorogimedence.hu\/index.php\/wp-json\/wp\/v2\/users\/1"}],"replies":[{"embeddable":true,"href":"https:\/\/dorogimedence.hu\/index.php\/wp-json\/wp\/v2\/comments?post=14464"}],"version-history":[{"count":0,"href":"https:\/\/dorogimedence.hu\/index.php\/wp-json\/wp\/v2\/posts\/14464\/revisions"}],"wp:attachment":[{"href":"https:\/\/dorogimedence.hu\/index.php\/wp-json\/wp\/v2\/media?parent=14464"}],"wp:term":[{"taxonomy":"category","embeddable":true,"href":"https:\/\/dorogimedence.hu\/index.php\/wp-json\/wp\/v2\/categories?post=14464"},{"taxonomy":"post_tag","embeddable":true,"href":"https:\/\/dorogimedence.hu\/index.php\/wp-json\/wp\/v2\/tags?post=14464"}],"curies":[{"name":"wp","href":"https:\/\/api.w.org\/{rel}","templated":true}]}}