{"id":14453,"date":"2019-01-23T07:05:26","date_gmt":"2019-01-23T06:05:26","guid":{"rendered":"http:\/\/dorogimedence.hu\/?p=14453"},"modified":"2019-01-23T07:05:26","modified_gmt":"2019-01-23T06:05:26","slug":"nyelvtudassal-valoban-konnyebb-munkaba-allni","status":"publish","type":"post","link":"https:\/\/dorogimedence.hu\/index.php\/2019\/01\/23\/nyelvtudassal-valoban-konnyebb-munkaba-allni\/","title":{"rendered":"Nyelvtud\u00e1ssal val\u00f3ban k\u00f6nnyebb munk\u00e1ba \u00e1llni?"},"content":{"rendered":"<p><strong>Rendszerv\u00e1lt\u00e1sunkat k\u00f6vet\u0151en t\u00f6bb \u00f3voda szakosodott oktat\u00f3kkal a \u201ev\u00e1ll\u00e1n\u201d elkezdett tudatosan idegen nyelv\u0171 foglalkoz\u00e1sokat beiktatni valamennyi gyermek sz\u00e1m\u00e1ra, term\u00e9szetesen egyel\u0151re szigor\u00fa nyelvtani szab\u00e1lyok ismeret\u00e9n k\u00edv\u00fcl. B\u00e1r egy kisgyermek esze j\u00f3val fog\u00e9konyabb a legt\u00f6bb idegen nyelvi kifejez\u00e9sre is, \u00e1m m\u00f3dszeres, tananyag szerinti nyelvtanul\u00e1sr\u00f3l legink\u00e1bb az elemi fels\u0151 tagozatokt\u00f3l kezd\u0151d\u0151en besz\u00e9lhet\u00fcnk. Ahogyan telnek az \u00e9vek, mind egyre komplexebb form\u00e1ban vagyunk k\u00e9pesek tanulni a nyelvtani szab\u00e1lyokat, \u00e1m kutat\u00f3k elmond\u00e1sa szerint 30-as \u00e9veinkhez k\u00f6zeledve ugyanakkor mem\u00f3ria felhaszn\u00e1l\u00e1sunk is n\u00e9mi hanyatl\u00e1st kezd elszenvedni.<\/strong><\/p>\n<p>A demencia meg\u00e1ll\u00edt\u00e1sa, legal\u00e1bbis annak kisfok\u00fa cs\u00f6kkent\u00e9se \u00e9rdek\u00e9ben magunk is megannyi praktik\u00e1t vethet\u00fcnk be. Ebben egy idegen nyelv tanul\u00e1sa komoly seg\u00edts\u00e9get ny\u00fajthat. Mi sem t\u00f6lthet el kellemesebb \u00e9rz\u00e9ssel, mikor k\u00fclf\u00f6ldi nyaral\u00e1sunk alkalm\u00e1val nemcsak, hogy a t\u00e1j\u00e9koztat\u00f3 t\u00e1bl\u00e1kat \u00e9rtj\u00fck meg, hanem mindezzel p\u00e1rhuzamosan m\u00e9g a k\u00f6r\u00fcl\u00f6tt\u00fcnk lev\u0151 idegenekkel is k\u00e9pesek vagyunk sz\u00f3t \u00e9rteni, nem besz\u00e9lve kedvenc \u00e9teleink idegen nyelven t\u00f6rt\u00e9n\u0151 k\u00e9r\u00e9s\u00e9r\u0151l. Ak\u00e1rmennyi id\u0151sen is kezdj\u00fcnk el nyelvet tanulni, azzal sosem fogunk kifutni az id\u0151b\u0151l, ugyanis k\u00f6nyvesboltokban manaps\u00e1g m\u00e1r szem\u00e9lyre szabottan kiv\u00e1laszthatjuk a szint\u00fcnknek \u00e9ppen megfelel\u0151 nyelvk\u00f6nyveket.<\/p>\n<p>Bizony\u00edtott t\u00e9ny, hogy nemcsak a k\u00fclf\u00f6ldre utazni v\u00e1gy\u00f3, sikerorient\u00e1lt munkav\u00e1llal\u00f3k sz\u00e1m\u00e1ra \u00e1ll a z\u00e1szl\u00f3, hiszen eg\u00e9szen k\u00f6zel, k\u00fclf\u00f6ldi tulajdonban lev\u0151 c\u00e9gekn\u00e9l is komoly haszn\u00e1t l\u00e1tj\u00e1k egy magasan k\u00e9pzett, t\u00falf\u0171t\u00f6tt amb\u00edci\u00f3val rendelkez\u0151 p\u00e1lyakezd\u0151 \u00e9rt\u00e9kteremt\u0151 munk\u00e1j\u00e1nak is. Nemzetk\u00f6zi konferenci\u00e1k z\u00f6kken\u0151mentes lebonyol\u00edt\u00e1sa, m\u00e1s orsz\u00e1gok k\u00e9pvisel\u0151inek megfelel\u0151 t\u00e1j\u00e9koztat\u00e1sa \u00e9s persze megannyi tolm\u00e1csol\u00e1s k\u00e9zben tart\u00e1sakor sem hanyagolhat\u00f3 szaktud\u00e1sa. Persze nincs, aki anyja has\u00e1ban mindennek a tud\u00e1snak m\u00e1r birtok\u00e1ban \u00e1llna, b\u00e1r t\u00e9ny, az idegen nyelvet k\u00f6nnyebben befogad\u00f3k v\u00e9lhet\u0151en nagyobb es\u00e9llyel v\u00e1lhatnak e t\u00e9ren sikeress\u00e9. Term\u00e9szetesen tolm\u00e1csol\u00e1son bel\u00fcl is t\u00f6bb alkateg\u00f3ri\u00e1t k\u00fcl\u00f6n\u00edthet\u00fcnk el, gondoljunk csak a sportk\u00f6zvet\u00edt\u00e9sek k\u00f6zbeni szinkrontolm\u00e1csol\u00e1sokra, vagy el\u0151ad\u00e1sok \u00f6sszes\u00edtett tolm\u00e1csol\u00e1s\u00e1ra, amelyek mer\u0151ben nagyobb felk\u00e9sz\u00fclts\u00e9get, ugyanakkor felel\u0151ss\u00e9get v\u00e1rnak el a szakembert\u0151l, mindezzel szemben, aki kell\u0151en \u00fcgyes besz\u00e9l, \u00e1m a szaknyelvben kev\u00e9sb\u00e9 jeleskedik, \u00fagynevezett k\u00eds\u00e9r\u0151tolm\u00e1csk\u00e9nt m\u00e9g mindig relat\u00edve k\u00f6nnyen tal\u00e1lhat \u00e1ll\u00e1st. Rendszerszeml\u00e9let\u00fcnkre, felel\u0151ss\u00e9gtudatunkra, valamint eszt\u00e9tikai \u00e9rz\u00e9k\u00fcnkre \u00e9s ig\u00e9nyes munkaszeml\u00e9let\u00fcnkre m\u00e1r bek\u00fcld\u00f6tt \u00f6n\u00e9letrajzunk alapj\u00e1n is hozz\u00e1vet\u0151leges inform\u00e1ci\u00f3kra lelhetnek a HR-es szakemberek, \u00e9rdemes teh\u00e1t mind tartalmi, mind formai szempontb\u00f3l ne csak eladhat\u00f3v\u00e1, sokkal ink\u00e1bb megnyer\u0151v\u00e9 tenn\u00fcnk a pap\u00edron foglaltakat. Nagyban el\u0151seg\u00edtheti jelentkez\u00e9s\u00fcnket, amennyiben technikai fejletts\u00e9g\u00fcnket az \u00e1ll\u00e1skeres\u00e9s ter\u00e9n is kiterjesztj\u00fck \u00e9s olyan weboldalakra navig\u00e1ljuk magunkat, ahol egyr\u00e9szt naprak\u00e9sz tartalm\u00fa, felhaszn\u00e1l\u00f3bar\u00e1t fel\u00fclettel, m\u00e1sr\u00e9szr\u0151l pedig \u00f6n\u00e9letrajz megk\u00fcld\u0151 funkci\u00f3val szembes\u00fclhet\u00fcnk, mint a <span style=\"text-decoration: underline; color: #0000ff;\"><a style=\"color: #0000ff; text-decoration: underline;\" href=\"https:\/\/tatabanyaallas.hu\/\" target=\"_blank\" rel=\"noopener\">tatabanyaallas.hu<\/a><\/span> port\u00e1l. Mindezzel id\u0151t \u00e9s p\u00e9nzt takar\u00edthatunk meg. Manaps\u00e1g vid\u00e9ki v\u00e1rosok z\u00f6m\u00e9n\u00e9l, mint p\u00e9ld\u00e1ul a Budapestt\u0151l alig 60 km-re fekv\u0151 Tatab\u00e1ny\u00e1n is adott a lehet\u0151s\u00e9g szem\u00e9lyre szabott keres\u00e9si felt\u00e9telek be\u00e1ll\u00edt\u00e1s\u00e1ra, \u00edgy mind a szakmunk\u00e1s v\u00e9gzetts\u00e9ghez k\u00f6t\u00f6tt munkak\u00f6r\u00f6k\u00f6n t\u00fal, a f\u0151k\u00e9nt fels\u0151fok\u00fa diplomak\u00f6teles <span style=\"text-decoration: underline; color: #0000ff;\"><a style=\"color: #0000ff; text-decoration: underline;\" href=\"https:\/\/tatabanyaallas.hu\/allasok\/mernok-muszaki-villamossagi\/\" target=\"_blank\" rel=\"noopener\">m\u00e9rn\u00f6ki \u00e1ll\u00e1sokra<\/a><\/span> is alig egy kattint\u00e1ssal beadhatjuk jelentkez\u00e9s\u00fcnket. Haz\u00e1nk munkaer\u0151-piaci statisztik\u00e1i az anyagilag is igencsak megbecs\u00fclend\u0151 hivat\u00e1sok k\u00f6z\u00e9 sorolja a tolm\u00e1csok munkak\u00f6r\u00e9t, ugyanis e fenti felm\u00e9r\u00e9sek szerint \u00e1tlagosan brutt\u00f3 300-350 ezer forint k\u00f6z\u00f6tti brutt\u00f3 b\u00e9rez\u00e9st jel\u00f6l meg, att\u00f3l f\u00fcgg\u0151en, merre helyezkedik el az adott c\u00e9g, illetve a megb\u00edz\u00e1sok mennyis\u00e9ge is m\u00e9rvad\u00f3 lehet, sz\u00e1mol be r\u00f3la a Nemzeti P\u00e1lyaorient\u00e1ci\u00f3s Port\u00e1l. Ut\u00f3bbi t\u00f6bbek k\u00f6z\u00f6tt abban az esetben n\u00f6vekedhet, ha valamennyi inform\u00e1ci\u00f3t bizalmasan kezel\u00fcnk.<\/p>\n","protected":false},"excerpt":{"rendered":"<p>Rendszerv\u00e1lt\u00e1sunkat k\u00f6vet\u0151en t\u00f6bb \u00f3voda szakosodott oktat\u00f3kkal a \u201ev\u00e1ll\u00e1n\u201d elkezdett tudatosan idegen nyelv\u0171 foglalkoz\u00e1sokat beiktatni valamennyi gyermek sz\u00e1m\u00e1ra, term\u00e9szetesen egyel\u0151re szigor\u00fa nyelvtani szab\u00e1lyok ismeret\u00e9n k\u00edv\u00fcl. B\u00e1r egy kisgyermek esze j\u00f3val fog\u00e9konyabb a legt\u00f6bb idegen nyelvi kifejez\u00e9sre is, \u00e1m m\u00f3dszeres, tananyag szerinti nyelvtanul\u00e1sr\u00f3l legink\u00e1bb az elemi fels\u0151 tagozatokt\u00f3l kezd\u0151d\u0151en besz\u00e9lhet\u00fcnk. Ahogyan telnek az \u00e9vek, mind egyre komplexebb<\/p>\n","protected":false},"author":1,"featured_media":14454,"comment_status":"closed","ping_status":"closed","sticky":false,"template":"","format":"standard","meta":{"ngg_post_thumbnail":0,"footnotes":""},"categories":[3],"tags":[176,1238,761,3429],"class_list":{"0":"post-14453","1":"post","2":"type-post","3":"status-publish","4":"format-standard","5":"has-post-thumbnail","7":"category-hirek","8":"tag-allas","9":"tag-allashirdetes","10":"tag-tatabanya","11":"tag-tatabanya-allas"},"yoast_head":"<!-- This site is optimized with the Yoast SEO plugin v27.4 - https:\/\/yoast.com\/product\/yoast-seo-wordpress\/ -->\n<title>Nyelvtud\u00e1ssal val\u00f3ban k\u00f6nnyebb munk\u00e1ba \u00e1llni?<\/title>\n<meta name=\"robots\" content=\"index, follow, max-snippet:-1, max-image-preview:large, max-video-preview:-1\" \/>\n<link rel=\"canonical\" href=\"https:\/\/dorogimedence.hu\/index.php\/2019\/01\/23\/nyelvtudassal-valoban-konnyebb-munkaba-allni\/\" class=\"yoast-seo-meta-tag\" \/>\n<meta property=\"og:locale\" content=\"hu_HU\" class=\"yoast-seo-meta-tag\" \/>\n<meta property=\"og:type\" content=\"article\" class=\"yoast-seo-meta-tag\" \/>\n<meta property=\"og:title\" content=\"Nyelvtud\u00e1ssal val\u00f3ban k\u00f6nnyebb munk\u00e1ba \u00e1llni?\" class=\"yoast-seo-meta-tag\" \/>\n<meta property=\"og:description\" content=\"Rendszerv\u00e1lt\u00e1sunkat k\u00f6vet\u0151en t\u00f6bb \u00f3voda szakosodott oktat\u00f3kkal a \u201ev\u00e1ll\u00e1n\u201d elkezdett tudatosan idegen nyelv\u0171 foglalkoz\u00e1sokat beiktatni valamennyi gyermek sz\u00e1m\u00e1ra, term\u00e9szetesen egyel\u0151re szigor\u00fa nyelvtani szab\u00e1lyok ismeret\u00e9n k\u00edv\u00fcl. B\u00e1r egy kisgyermek esze j\u00f3val fog\u00e9konyabb a legt\u00f6bb idegen nyelvi kifejez\u00e9sre is, \u00e1m m\u00f3dszeres, tananyag szerinti nyelvtanul\u00e1sr\u00f3l legink\u00e1bb az elemi fels\u0151 tagozatokt\u00f3l kezd\u0151d\u0151en besz\u00e9lhet\u00fcnk. Ahogyan telnek az \u00e9vek, mind egyre komplexebb\" class=\"yoast-seo-meta-tag\" \/>\n<meta property=\"og:url\" content=\"https:\/\/dorogimedence.hu\/index.php\/2019\/01\/23\/nyelvtudassal-valoban-konnyebb-munkaba-allni\/\" class=\"yoast-seo-meta-tag\" \/>\n<meta property=\"og:site_name\" content=\"Dorogi-medence Region\u00e1lis H\u00edrport\u00e1l\" class=\"yoast-seo-meta-tag\" \/>\n<meta property=\"article:publisher\" content=\"https:\/\/www.facebook.com\/dorogimedence\/\" class=\"yoast-seo-meta-tag\" \/>\n<meta property=\"article:published_time\" content=\"2019-01-23T06:05:26+00:00\" class=\"yoast-seo-meta-tag\" \/>\n<meta property=\"og:image\" content=\"https:\/\/i0.wp.com\/dorogimedence.hu\/wp-content\/uploads\/2019\/01\/tatabanya-allas.jpg?fit=670%2C365&ssl=1\" class=\"yoast-seo-meta-tag\" \/>\n\t<meta property=\"og:image:width\" content=\"670\" class=\"yoast-seo-meta-tag\" \/>\n\t<meta property=\"og:image:height\" content=\"365\" class=\"yoast-seo-meta-tag\" \/>\n\t<meta property=\"og:image:type\" content=\"image\/jpeg\" class=\"yoast-seo-meta-tag\" \/>\n<meta name=\"author\" content=\"dorogimedence.hu\" class=\"yoast-seo-meta-tag\" \/>\n<meta name=\"twitter:card\" content=\"summary_large_image\" class=\"yoast-seo-meta-tag\" \/>\n<meta name=\"twitter:label1\" content=\"Szerz\u0151:\" class=\"yoast-seo-meta-tag\" \/>\n\t<meta name=\"twitter:data1\" content=\"dorogimedence.hu\" class=\"yoast-seo-meta-tag\" \/>\n\t<meta name=\"twitter:label2\" content=\"Becs\u00fclt olvas\u00e1si id\u0151\" class=\"yoast-seo-meta-tag\" \/>\n\t<meta name=\"twitter:data2\" content=\"4 perc\" class=\"yoast-seo-meta-tag\" \/>\n<script type=\"application\/ld+json\" class=\"yoast-schema-graph\">{\"@context\":\"https:\\\/\\\/schema.org\",\"@graph\":[{\"@type\":\"Article\",\"@id\":\"https:\\\/\\\/dorogimedence.hu\\\/index.php\\\/2019\\\/01\\\/23\\\/nyelvtudassal-valoban-konnyebb-munkaba-allni\\\/#article\",\"isPartOf\":{\"@id\":\"https:\\\/\\\/dorogimedence.hu\\\/index.php\\\/2019\\\/01\\\/23\\\/nyelvtudassal-valoban-konnyebb-munkaba-allni\\\/\"},\"author\":{\"name\":\"dorogimedence.hu\",\"@id\":\"https:\\\/\\\/dorogimedence.hu\\\/#\\\/schema\\\/person\\\/ce6091eeb7e95ecdc87890d6aa8e0fd4\"},\"headline\":\"Nyelvtud\u00e1ssal val\u00f3ban k\u00f6nnyebb munk\u00e1ba \u00e1llni?\",\"datePublished\":\"2019-01-23T06:05:26+00:00\",\"mainEntityOfPage\":{\"@id\":\"https:\\\/\\\/dorogimedence.hu\\\/index.php\\\/2019\\\/01\\\/23\\\/nyelvtudassal-valoban-konnyebb-munkaba-allni\\\/\"},\"wordCount\":805,\"publisher\":{\"@id\":\"https:\\\/\\\/dorogimedence.hu\\\/#organization\"},\"image\":{\"@id\":\"https:\\\/\\\/dorogimedence.hu\\\/index.php\\\/2019\\\/01\\\/23\\\/nyelvtudassal-valoban-konnyebb-munkaba-allni\\\/#primaryimage\"},\"thumbnailUrl\":\"https:\\\/\\\/dorogimedence.hu\\\/wp-content\\\/uploads\\\/2019\\\/01\\\/tatabanya-allas.jpg\",\"keywords\":[\"\u00e1ll\u00e1s\",\"\u00e1ll\u00e1shirdet\u00e9s\",\"Tatab\u00e1nya\",\"Tatab\u00e1nya \u00e1ll\u00e1s\"],\"articleSection\":[\"H\u00edrek\"],\"inLanguage\":\"hu\"},{\"@type\":\"WebPage\",\"@id\":\"https:\\\/\\\/dorogimedence.hu\\\/index.php\\\/2019\\\/01\\\/23\\\/nyelvtudassal-valoban-konnyebb-munkaba-allni\\\/\",\"url\":\"https:\\\/\\\/dorogimedence.hu\\\/index.php\\\/2019\\\/01\\\/23\\\/nyelvtudassal-valoban-konnyebb-munkaba-allni\\\/\",\"name\":\"Nyelvtud\u00e1ssal val\u00f3ban k\u00f6nnyebb munk\u00e1ba \u00e1llni?\",\"isPartOf\":{\"@id\":\"https:\\\/\\\/dorogimedence.hu\\\/#website\"},\"primaryImageOfPage\":{\"@id\":\"https:\\\/\\\/dorogimedence.hu\\\/index.php\\\/2019\\\/01\\\/23\\\/nyelvtudassal-valoban-konnyebb-munkaba-allni\\\/#primaryimage\"},\"image\":{\"@id\":\"https:\\\/\\\/dorogimedence.hu\\\/index.php\\\/2019\\\/01\\\/23\\\/nyelvtudassal-valoban-konnyebb-munkaba-allni\\\/#primaryimage\"},\"thumbnailUrl\":\"https:\\\/\\\/dorogimedence.hu\\\/wp-content\\\/uploads\\\/2019\\\/01\\\/tatabanya-allas.jpg\",\"datePublished\":\"2019-01-23T06:05:26+00:00\",\"breadcrumb\":{\"@id\":\"https:\\\/\\\/dorogimedence.hu\\\/index.php\\\/2019\\\/01\\\/23\\\/nyelvtudassal-valoban-konnyebb-munkaba-allni\\\/#breadcrumb\"},\"inLanguage\":\"hu\",\"potentialAction\":[{\"@type\":\"ReadAction\",\"target\":[\"https:\\\/\\\/dorogimedence.hu\\\/index.php\\\/2019\\\/01\\\/23\\\/nyelvtudassal-valoban-konnyebb-munkaba-allni\\\/\"]}]},{\"@type\":\"ImageObject\",\"inLanguage\":\"hu\",\"@id\":\"https:\\\/\\\/dorogimedence.hu\\\/index.php\\\/2019\\\/01\\\/23\\\/nyelvtudassal-valoban-konnyebb-munkaba-allni\\\/#primaryimage\",\"url\":\"https:\\\/\\\/dorogimedence.hu\\\/wp-content\\\/uploads\\\/2019\\\/01\\\/tatabanya-allas.jpg\",\"contentUrl\":\"https:\\\/\\\/dorogimedence.hu\\\/wp-content\\\/uploads\\\/2019\\\/01\\\/tatabanya-allas.jpg\",\"width\":670,\"height\":365},{\"@type\":\"BreadcrumbList\",\"@id\":\"https:\\\/\\\/dorogimedence.hu\\\/index.php\\\/2019\\\/01\\\/23\\\/nyelvtudassal-valoban-konnyebb-munkaba-allni\\\/#breadcrumb\",\"itemListElement\":[{\"@type\":\"ListItem\",\"position\":1,\"name\":\"Kezd\u0151lap\",\"item\":\"https:\\\/\\\/dorogimedence.hu\\\/\"},{\"@type\":\"ListItem\",\"position\":2,\"name\":\"Nyelvtud\u00e1ssal val\u00f3ban k\u00f6nnyebb munk\u00e1ba \u00e1llni?\"}]},{\"@type\":\"WebSite\",\"@id\":\"https:\\\/\\\/dorogimedence.hu\\\/#website\",\"url\":\"https:\\\/\\\/dorogimedence.hu\\\/\",\"name\":\"Dorogi-medence Region\u00e1lis H\u00edrport\u00e1l\",\"description\":\"Dorog, Keszt\u00f6lc, Le\u00e1nyv\u00e1r, Piliscs\u00e9v, Tokod, Tokodalt\u00e1r\u00f3, Csolnok, Esztergom-kertv\u00e1ros: h\u00edrek, programok\",\"publisher\":{\"@id\":\"https:\\\/\\\/dorogimedence.hu\\\/#organization\"},\"potentialAction\":[{\"@type\":\"SearchAction\",\"target\":{\"@type\":\"EntryPoint\",\"urlTemplate\":\"https:\\\/\\\/dorogimedence.hu\\\/?s={search_term_string}\"},\"query-input\":{\"@type\":\"PropertyValueSpecification\",\"valueRequired\":true,\"valueName\":\"search_term_string\"}}],\"inLanguage\":\"hu\"},{\"@type\":\"Organization\",\"@id\":\"https:\\\/\\\/dorogimedence.hu\\\/#organization\",\"name\":\"Dorogi-medence Region\u00e1lis H\u00edrport\u00e1l\",\"url\":\"https:\\\/\\\/dorogimedence.hu\\\/\",\"logo\":{\"@type\":\"ImageObject\",\"inLanguage\":\"hu\",\"@id\":\"https:\\\/\\\/dorogimedence.hu\\\/#\\\/schema\\\/logo\\\/image\\\/\",\"url\":\"https:\\\/\\\/dorogimedence.hu\\\/wp-content\\\/uploads\\\/2021\\\/04\\\/logo-feher-600.png\",\"contentUrl\":\"https:\\\/\\\/dorogimedence.hu\\\/wp-content\\\/uploads\\\/2021\\\/04\\\/logo-feher-600.png\",\"width\":600,\"height\":100,\"caption\":\"Dorogi-medence Region\u00e1lis H\u00edrport\u00e1l\"},\"image\":{\"@id\":\"https:\\\/\\\/dorogimedence.hu\\\/#\\\/schema\\\/logo\\\/image\\\/\"},\"sameAs\":[\"https:\\\/\\\/www.facebook.com\\\/dorogimedence\\\/\"]},{\"@type\":\"Person\",\"@id\":\"https:\\\/\\\/dorogimedence.hu\\\/#\\\/schema\\\/person\\\/ce6091eeb7e95ecdc87890d6aa8e0fd4\",\"name\":\"dorogimedence.hu\",\"image\":{\"@type\":\"ImageObject\",\"inLanguage\":\"hu\",\"@id\":\"\\\/\\\/www.gravatar.com\\\/avatar\\\/d8d45f8901aadff40a4af72c0b826f1d?s=96&#038;r=g&#038;d=mm\",\"url\":\"\\\/\\\/www.gravatar.com\\\/avatar\\\/d8d45f8901aadff40a4af72c0b826f1d?s=96&#038;r=g&#038;d=mm\",\"contentUrl\":\"\\\/\\\/www.gravatar.com\\\/avatar\\\/d8d45f8901aadff40a4af72c0b826f1d?s=96&#038;r=g&#038;d=mm\",\"caption\":\"dorogimedence.hu\"}}]}<\/script>\n<!-- \/ Yoast SEO plugin. -->","yoast_head_json":{"title":"Nyelvtud\u00e1ssal val\u00f3ban k\u00f6nnyebb munk\u00e1ba \u00e1llni?","robots":{"index":"index","follow":"follow","max-snippet":"max-snippet:-1","max-image-preview":"max-image-preview:large","max-video-preview":"max-video-preview:-1"},"canonical":"https:\/\/dorogimedence.hu\/index.php\/2019\/01\/23\/nyelvtudassal-valoban-konnyebb-munkaba-allni\/","og_locale":"hu_HU","og_type":"article","og_title":"Nyelvtud\u00e1ssal val\u00f3ban k\u00f6nnyebb munk\u00e1ba \u00e1llni?","og_description":"Rendszerv\u00e1lt\u00e1sunkat k\u00f6vet\u0151en t\u00f6bb \u00f3voda szakosodott oktat\u00f3kkal a \u201ev\u00e1ll\u00e1n\u201d elkezdett tudatosan idegen nyelv\u0171 foglalkoz\u00e1sokat beiktatni valamennyi gyermek sz\u00e1m\u00e1ra, term\u00e9szetesen egyel\u0151re szigor\u00fa nyelvtani szab\u00e1lyok ismeret\u00e9n k\u00edv\u00fcl. B\u00e1r egy kisgyermek esze j\u00f3val fog\u00e9konyabb a legt\u00f6bb idegen nyelvi kifejez\u00e9sre is, \u00e1m m\u00f3dszeres, tananyag szerinti nyelvtanul\u00e1sr\u00f3l legink\u00e1bb az elemi fels\u0151 tagozatokt\u00f3l kezd\u0151d\u0151en besz\u00e9lhet\u00fcnk. Ahogyan telnek az \u00e9vek, mind egyre komplexebb","og_url":"https:\/\/dorogimedence.hu\/index.php\/2019\/01\/23\/nyelvtudassal-valoban-konnyebb-munkaba-allni\/","og_site_name":"Dorogi-medence Region\u00e1lis H\u00edrport\u00e1l","article_publisher":"https:\/\/www.facebook.com\/dorogimedence\/","article_published_time":"2019-01-23T06:05:26+00:00","og_image":[{"width":670,"height":365,"url":"https:\/\/i0.wp.com\/dorogimedence.hu\/wp-content\/uploads\/2019\/01\/tatabanya-allas.jpg?fit=670%2C365&ssl=1","type":"image\/jpeg"}],"author":"dorogimedence.hu","twitter_card":"summary_large_image","twitter_misc":{"Szerz\u0151:":"dorogimedence.hu","Becs\u00fclt olvas\u00e1si id\u0151":"4 perc"},"schema":{"@context":"https:\/\/schema.org","@graph":[{"@type":"Article","@id":"https:\/\/dorogimedence.hu\/index.php\/2019\/01\/23\/nyelvtudassal-valoban-konnyebb-munkaba-allni\/#article","isPartOf":{"@id":"https:\/\/dorogimedence.hu\/index.php\/2019\/01\/23\/nyelvtudassal-valoban-konnyebb-munkaba-allni\/"},"author":{"name":"dorogimedence.hu","@id":"https:\/\/dorogimedence.hu\/#\/schema\/person\/ce6091eeb7e95ecdc87890d6aa8e0fd4"},"headline":"Nyelvtud\u00e1ssal val\u00f3ban k\u00f6nnyebb munk\u00e1ba \u00e1llni?","datePublished":"2019-01-23T06:05:26+00:00","mainEntityOfPage":{"@id":"https:\/\/dorogimedence.hu\/index.php\/2019\/01\/23\/nyelvtudassal-valoban-konnyebb-munkaba-allni\/"},"wordCount":805,"publisher":{"@id":"https:\/\/dorogimedence.hu\/#organization"},"image":{"@id":"https:\/\/dorogimedence.hu\/index.php\/2019\/01\/23\/nyelvtudassal-valoban-konnyebb-munkaba-allni\/#primaryimage"},"thumbnailUrl":"https:\/\/dorogimedence.hu\/wp-content\/uploads\/2019\/01\/tatabanya-allas.jpg","keywords":["\u00e1ll\u00e1s","\u00e1ll\u00e1shirdet\u00e9s","Tatab\u00e1nya","Tatab\u00e1nya \u00e1ll\u00e1s"],"articleSection":["H\u00edrek"],"inLanguage":"hu"},{"@type":"WebPage","@id":"https:\/\/dorogimedence.hu\/index.php\/2019\/01\/23\/nyelvtudassal-valoban-konnyebb-munkaba-allni\/","url":"https:\/\/dorogimedence.hu\/index.php\/2019\/01\/23\/nyelvtudassal-valoban-konnyebb-munkaba-allni\/","name":"Nyelvtud\u00e1ssal val\u00f3ban k\u00f6nnyebb munk\u00e1ba \u00e1llni?","isPartOf":{"@id":"https:\/\/dorogimedence.hu\/#website"},"primaryImageOfPage":{"@id":"https:\/\/dorogimedence.hu\/index.php\/2019\/01\/23\/nyelvtudassal-valoban-konnyebb-munkaba-allni\/#primaryimage"},"image":{"@id":"https:\/\/dorogimedence.hu\/index.php\/2019\/01\/23\/nyelvtudassal-valoban-konnyebb-munkaba-allni\/#primaryimage"},"thumbnailUrl":"https:\/\/dorogimedence.hu\/wp-content\/uploads\/2019\/01\/tatabanya-allas.jpg","datePublished":"2019-01-23T06:05:26+00:00","breadcrumb":{"@id":"https:\/\/dorogimedence.hu\/index.php\/2019\/01\/23\/nyelvtudassal-valoban-konnyebb-munkaba-allni\/#breadcrumb"},"inLanguage":"hu","potentialAction":[{"@type":"ReadAction","target":["https:\/\/dorogimedence.hu\/index.php\/2019\/01\/23\/nyelvtudassal-valoban-konnyebb-munkaba-allni\/"]}]},{"@type":"ImageObject","inLanguage":"hu","@id":"https:\/\/dorogimedence.hu\/index.php\/2019\/01\/23\/nyelvtudassal-valoban-konnyebb-munkaba-allni\/#primaryimage","url":"https:\/\/dorogimedence.hu\/wp-content\/uploads\/2019\/01\/tatabanya-allas.jpg","contentUrl":"https:\/\/dorogimedence.hu\/wp-content\/uploads\/2019\/01\/tatabanya-allas.jpg","width":670,"height":365},{"@type":"BreadcrumbList","@id":"https:\/\/dorogimedence.hu\/index.php\/2019\/01\/23\/nyelvtudassal-valoban-konnyebb-munkaba-allni\/#breadcrumb","itemListElement":[{"@type":"ListItem","position":1,"name":"Kezd\u0151lap","item":"https:\/\/dorogimedence.hu\/"},{"@type":"ListItem","position":2,"name":"Nyelvtud\u00e1ssal val\u00f3ban k\u00f6nnyebb munk\u00e1ba \u00e1llni?"}]},{"@type":"WebSite","@id":"https:\/\/dorogimedence.hu\/#website","url":"https:\/\/dorogimedence.hu\/","name":"Dorogi-medence Region\u00e1lis H\u00edrport\u00e1l","description":"Dorog, Keszt\u00f6lc, Le\u00e1nyv\u00e1r, Piliscs\u00e9v, Tokod, Tokodalt\u00e1r\u00f3, Csolnok, Esztergom-kertv\u00e1ros: h\u00edrek, programok","publisher":{"@id":"https:\/\/dorogimedence.hu\/#organization"},"potentialAction":[{"@type":"SearchAction","target":{"@type":"EntryPoint","urlTemplate":"https:\/\/dorogimedence.hu\/?s={search_term_string}"},"query-input":{"@type":"PropertyValueSpecification","valueRequired":true,"valueName":"search_term_string"}}],"inLanguage":"hu"},{"@type":"Organization","@id":"https:\/\/dorogimedence.hu\/#organization","name":"Dorogi-medence Region\u00e1lis H\u00edrport\u00e1l","url":"https:\/\/dorogimedence.hu\/","logo":{"@type":"ImageObject","inLanguage":"hu","@id":"https:\/\/dorogimedence.hu\/#\/schema\/logo\/image\/","url":"https:\/\/dorogimedence.hu\/wp-content\/uploads\/2021\/04\/logo-feher-600.png","contentUrl":"https:\/\/dorogimedence.hu\/wp-content\/uploads\/2021\/04\/logo-feher-600.png","width":600,"height":100,"caption":"Dorogi-medence Region\u00e1lis H\u00edrport\u00e1l"},"image":{"@id":"https:\/\/dorogimedence.hu\/#\/schema\/logo\/image\/"},"sameAs":["https:\/\/www.facebook.com\/dorogimedence\/"]},{"@type":"Person","@id":"https:\/\/dorogimedence.hu\/#\/schema\/person\/ce6091eeb7e95ecdc87890d6aa8e0fd4","name":"dorogimedence.hu","image":{"@type":"ImageObject","inLanguage":"hu","@id":"\/\/www.gravatar.com\/avatar\/d8d45f8901aadff40a4af72c0b826f1d?s=96&#038;r=g&#038;d=mm","url":"\/\/www.gravatar.com\/avatar\/d8d45f8901aadff40a4af72c0b826f1d?s=96&#038;r=g&#038;d=mm","contentUrl":"\/\/www.gravatar.com\/avatar\/d8d45f8901aadff40a4af72c0b826f1d?s=96&#038;r=g&#038;d=mm","caption":"dorogimedence.hu"}}]}},"_links":{"self":[{"href":"https:\/\/dorogimedence.hu\/index.php\/wp-json\/wp\/v2\/posts\/14453","targetHints":{"allow":["GET"]}}],"collection":[{"href":"https:\/\/dorogimedence.hu\/index.php\/wp-json\/wp\/v2\/posts"}],"about":[{"href":"https:\/\/dorogimedence.hu\/index.php\/wp-json\/wp\/v2\/types\/post"}],"author":[{"embeddable":true,"href":"https:\/\/dorogimedence.hu\/index.php\/wp-json\/wp\/v2\/users\/1"}],"replies":[{"embeddable":true,"href":"https:\/\/dorogimedence.hu\/index.php\/wp-json\/wp\/v2\/comments?post=14453"}],"version-history":[{"count":0,"href":"https:\/\/dorogimedence.hu\/index.php\/wp-json\/wp\/v2\/posts\/14453\/revisions"}],"wp:featuredmedia":[{"embeddable":true,"href":"https:\/\/dorogimedence.hu\/index.php\/wp-json\/wp\/v2\/media\/14454"}],"wp:attachment":[{"href":"https:\/\/dorogimedence.hu\/index.php\/wp-json\/wp\/v2\/media?parent=14453"}],"wp:term":[{"taxonomy":"category","embeddable":true,"href":"https:\/\/dorogimedence.hu\/index.php\/wp-json\/wp\/v2\/categories?post=14453"},{"taxonomy":"post_tag","embeddable":true,"href":"https:\/\/dorogimedence.hu\/index.php\/wp-json\/wp\/v2\/tags?post=14453"}],"curies":[{"name":"wp","href":"https:\/\/api.w.org\/{rel}","templated":true}]}}