{"id":14448,"date":"2019-01-22T15:58:43","date_gmt":"2019-01-22T14:58:43","guid":{"rendered":"http:\/\/dorogimedence.hu\/?p=14448"},"modified":"2019-01-22T15:58:43","modified_gmt":"2019-01-22T14:58:43","slug":"valaszolt-az-egeto-a-lila-fustre","status":"publish","type":"post","link":"https:\/\/dorogimedence.hu\/index.php\/2019\/01\/22\/valaszolt-az-egeto-a-lila-fustre\/","title":{"rendered":"V\u00e1laszolt az \u00e9get\u0151 a lila f\u00fcstre!"},"content":{"rendered":"<p><strong>A janu\u00e1r 19-ei, az \u00e9get\u0151m\u0171 \u00e1ltal kibocs\u00e1tott lila f\u00fcsttel kapcsolatban megkerest\u00fck a Sarpi Dorog Kft-t! K\u00e9r\u00e9s\u00fcnkre pedig elk\u00fcldt\u00e9k a k\u00f6rnyezetv\u00e9delmi hat\u00f3s\u00e1gnak is eljuttatott t\u00e1j\u00e9koztat\u00f3t.<\/strong><\/p>\n<p><em>Az \u00e9get\u0151m\u0171 t\u00e1j\u00e9koztat\u00f3ja:<\/em><\/p>\n<p>\u201eJanu\u00e1r 19-\u00e9n, 10 \u00f3ra k\u00f6r\u00fcl mintegy 4 percen \u00e1t az \u00e9get\u0151m\u0171 \u00e1ltal kibocs\u00e1tott f\u00fcstg\u00e1z lila elsz\u00ednez\u0151d\u00e9se volt \u00e9szlelhet\u0151. Az ilyen, ritk\u00e1n el\u0151fordul\u00f3, eg\u00e9szs\u00e9gre \u00e1rtalmatlan elsz\u00ednez\u0151d\u00e9st az \u00e9getett hullad\u00e9kok j\u00f3d tartalma okozza, ami m\u00e1r igen kis koncentr\u00e1ci\u00f3ban is megfesti a kil\u00e9p\u0151 f\u00fcstg\u00e1zt. A be\u00e9rkez\u0151 hullad\u00e9kok \u00f6sszet\u00e9tel\u00e9t az \u00e9get\u0151m\u0171 saj\u00e1t laborat\u00f3rium\u00e1ban vizsg\u00e1lja, ugyanakkor a biztons\u00e1gi okokb\u00f3l z\u00e1rt kont\u00e9nerekben be\u00e9rkez\u0151 ez\u00e9rt nem mint\u00e1zhat\u00f3 eg\u00e9szs\u00e9g\u00fcgyi hullad\u00e9kok tartalmazhatnak j\u00f3dot. A k\u00e9rd\u00e9ses id\u0151pontban is t\u00f6rt\u00e9nt ilyen t\u00edpus\u00fa hullad\u00e9k\u00e9get\u00e9s. Az elsz\u00ednez\u0151d\u00e9s \u00e9szlel\u00e9sekor az adagol\u00e1st azonnal le\u00e1ll\u00edtottuk, aminek hat\u00e1s\u00e1ra a jelens\u00e9g megsz\u0171nt.<\/p>\n<p>C\u00e9lunk, hogy az ilyen, zavar\u00f3 vizu\u00e1lis jelens\u00e9geket elker\u00fclj\u00fck. A mint\u00e1zhat\u00f3 besz\u00e1ll\u00edt\u00e1sokn\u00e1l meghat\u00e1roz\u00e1sra ker\u00fcl (t\u00f6bbek k\u00f6z\u00f6tt) a j\u00f3dtartalom, ami alapj\u00e1n fokozottan \u00fcgyel\u00fcnk a kis egys\u00e9gekben t\u00f6rt\u00e9n\u0151 beadagol\u00e1sra. Ennek ellen\u00e9re ritk\u00e1n el\u0151fordulhatnak olyan pillanatnyi \u00fczem\u00e1llapotok, amikor az egy\u00e9bk\u00e9nt minden emisszi\u00f3s hat\u00e1r\u00e9rt\u00e9knek megfelel\u0151 f\u00fcstg\u00e1z a jelens\u00e9g hat\u00e1s\u00e1ra elsz\u00ednez\u0151dik, ugyanakkor ez egy\u00e9b m\u00e1s kellemetlen hat\u00e1ssal (pl. szaghat\u00e1s) nem j\u00e1r.\u201d<\/p>\n<p><em>L\u00e1gler Katalin \u2013 \u00fcgyvezet\u0151 igazgat\u00f3<\/em><\/p>\n","protected":false},"excerpt":{"rendered":"<p>A janu\u00e1r 19-ei, az \u00e9get\u0151m\u0171 \u00e1ltal kibocs\u00e1tott lila f\u00fcsttel kapcsolatban megkerest\u00fck a Sarpi Dorog Kft-t! K\u00e9r\u00e9s\u00fcnkre pedig elk\u00fcldt\u00e9k a k\u00f6rnyezetv\u00e9delmi hat\u00f3s\u00e1gnak is eljuttatott t\u00e1j\u00e9koztat\u00f3t. Az \u00e9get\u0151m\u0171 t\u00e1j\u00e9koztat\u00f3ja: \u201eJanu\u00e1r 19-\u00e9n, 10 \u00f3ra k\u00f6r\u00fcl mintegy 4 percen \u00e1t az \u00e9get\u0151m\u0171 \u00e1ltal kibocs\u00e1tott f\u00fcstg\u00e1z lila elsz\u00ednez\u0151d\u00e9se volt \u00e9szlelhet\u0151. Az ilyen, ritk\u00e1n el\u0151fordul\u00f3, eg\u00e9szs\u00e9gre \u00e1rtalmatlan elsz\u00ednez\u0151d\u00e9st az \u00e9getett hullad\u00e9kok<\/p>\n","protected":false},"author":1,"featured_media":14449,"comment_status":"closed","ping_status":"closed","sticky":false,"template":"","format":"standard","meta":{"ngg_post_thumbnail":0,"footnotes":""},"categories":[2,3],"tags":[15,215,3426,3427,3425,1900],"class_list":{"0":"post-14448","1":"post","2":"type-post","3":"status-publish","4":"format-standard","5":"has-post-thumbnail","7":"category-dorog","8":"category-hirek","9":"tag-dorog","10":"tag-egeto","11":"tag-egetomu","12":"tag-lila-fust","13":"tag-sarpi-dorog","14":"tag-veolia"},"yoast_head":"<!-- This site is optimized with the Yoast SEO plugin v27.5 - https:\/\/yoast.com\/product\/yoast-seo-wordpress\/ -->\n<title>V\u00e1laszolt az \u00e9get\u0151 a lila f\u00fcstre!<\/title>\n<meta name=\"robots\" content=\"index, follow, max-snippet:-1, max-image-preview:large, max-video-preview:-1\" \/>\n<link rel=\"canonical\" href=\"https:\/\/dorogimedence.hu\/index.php\/2019\/01\/22\/valaszolt-az-egeto-a-lila-fustre\/\" class=\"yoast-seo-meta-tag\" \/>\n<meta property=\"og:locale\" content=\"hu_HU\" class=\"yoast-seo-meta-tag\" \/>\n<meta property=\"og:type\" content=\"article\" class=\"yoast-seo-meta-tag\" \/>\n<meta property=\"og:title\" content=\"V\u00e1laszolt az \u00e9get\u0151 a lila f\u00fcstre!\" class=\"yoast-seo-meta-tag\" \/>\n<meta property=\"og:description\" content=\"A janu\u00e1r 19-ei, az \u00e9get\u0151m\u0171 \u00e1ltal kibocs\u00e1tott lila f\u00fcsttel kapcsolatban megkerest\u00fck a Sarpi Dorog Kft-t! K\u00e9r\u00e9s\u00fcnkre pedig elk\u00fcldt\u00e9k a k\u00f6rnyezetv\u00e9delmi hat\u00f3s\u00e1gnak is eljuttatott t\u00e1j\u00e9koztat\u00f3t. Az \u00e9get\u0151m\u0171 t\u00e1j\u00e9koztat\u00f3ja: \u201eJanu\u00e1r 19-\u00e9n, 10 \u00f3ra k\u00f6r\u00fcl mintegy 4 percen \u00e1t az \u00e9get\u0151m\u0171 \u00e1ltal kibocs\u00e1tott f\u00fcstg\u00e1z lila elsz\u00ednez\u0151d\u00e9se volt \u00e9szlelhet\u0151. Az ilyen, ritk\u00e1n el\u0151fordul\u00f3, eg\u00e9szs\u00e9gre \u00e1rtalmatlan elsz\u00ednez\u0151d\u00e9st az \u00e9getett hullad\u00e9kok\" class=\"yoast-seo-meta-tag\" \/>\n<meta property=\"og:url\" content=\"https:\/\/dorogimedence.hu\/index.php\/2019\/01\/22\/valaszolt-az-egeto-a-lila-fustre\/\" class=\"yoast-seo-meta-tag\" \/>\n<meta property=\"og:site_name\" content=\"Dorogi-medence Region\u00e1lis H\u00edrport\u00e1l\" class=\"yoast-seo-meta-tag\" \/>\n<meta property=\"article:publisher\" content=\"https:\/\/www.facebook.com\/dorogimedence\/\" class=\"yoast-seo-meta-tag\" \/>\n<meta property=\"article:published_time\" content=\"2019-01-22T14:58:43+00:00\" class=\"yoast-seo-meta-tag\" \/>\n<meta property=\"og:image\" content=\"https:\/\/i0.wp.com\/dorogimedence.hu\/wp-content\/uploads\/2019\/01\/egeto-lilafust.jpg?fit=670%2C365&ssl=1\" class=\"yoast-seo-meta-tag\" \/>\n\t<meta property=\"og:image:width\" content=\"670\" class=\"yoast-seo-meta-tag\" \/>\n\t<meta property=\"og:image:height\" content=\"365\" class=\"yoast-seo-meta-tag\" \/>\n\t<meta property=\"og:image:type\" content=\"image\/jpeg\" class=\"yoast-seo-meta-tag\" \/>\n<meta name=\"author\" content=\"dorogimedence.hu\" class=\"yoast-seo-meta-tag\" \/>\n<meta name=\"twitter:card\" content=\"summary_large_image\" class=\"yoast-seo-meta-tag\" \/>\n<meta name=\"twitter:label1\" content=\"Szerz\u0151:\" class=\"yoast-seo-meta-tag\" \/>\n\t<meta name=\"twitter:data1\" content=\"dorogimedence.hu\" class=\"yoast-seo-meta-tag\" \/>\n\t<meta name=\"twitter:label2\" content=\"Becs\u00fclt olvas\u00e1si id\u0151\" class=\"yoast-seo-meta-tag\" \/>\n\t<meta name=\"twitter:data2\" content=\"2 perc\" class=\"yoast-seo-meta-tag\" \/>\n<script type=\"application\/ld+json\" class=\"yoast-schema-graph\">{\"@context\":\"https:\\\/\\\/schema.org\",\"@graph\":[{\"@type\":\"Article\",\"@id\":\"https:\\\/\\\/dorogimedence.hu\\\/index.php\\\/2019\\\/01\\\/22\\\/valaszolt-az-egeto-a-lila-fustre\\\/#article\",\"isPartOf\":{\"@id\":\"https:\\\/\\\/dorogimedence.hu\\\/index.php\\\/2019\\\/01\\\/22\\\/valaszolt-az-egeto-a-lila-fustre\\\/\"},\"author\":{\"name\":\"dorogimedence.hu\",\"@id\":\"https:\\\/\\\/dorogimedence.hu\\\/#\\\/schema\\\/person\\\/ce6091eeb7e95ecdc87890d6aa8e0fd4\"},\"headline\":\"V\u00e1laszolt az \u00e9get\u0151 a lila f\u00fcstre!\",\"datePublished\":\"2019-01-22T14:58:43+00:00\",\"mainEntityOfPage\":{\"@id\":\"https:\\\/\\\/dorogimedence.hu\\\/index.php\\\/2019\\\/01\\\/22\\\/valaszolt-az-egeto-a-lila-fustre\\\/\"},\"wordCount\":310,\"publisher\":{\"@id\":\"https:\\\/\\\/dorogimedence.hu\\\/#organization\"},\"image\":{\"@id\":\"https:\\\/\\\/dorogimedence.hu\\\/index.php\\\/2019\\\/01\\\/22\\\/valaszolt-az-egeto-a-lila-fustre\\\/#primaryimage\"},\"thumbnailUrl\":\"https:\\\/\\\/dorogimedence.hu\\\/wp-content\\\/uploads\\\/2019\\\/01\\\/egeto-lilafust.jpg\",\"keywords\":[\"Dorog\",\"\u00e9get\u0151\",\"\u00e9get\u0151m\u0171\",\"lila f\u00fcst\",\"Sarpi Dorog\",\"Veolia\"],\"articleSection\":[\"Dorog\",\"H\u00edrek\"],\"inLanguage\":\"hu\"},{\"@type\":\"WebPage\",\"@id\":\"https:\\\/\\\/dorogimedence.hu\\\/index.php\\\/2019\\\/01\\\/22\\\/valaszolt-az-egeto-a-lila-fustre\\\/\",\"url\":\"https:\\\/\\\/dorogimedence.hu\\\/index.php\\\/2019\\\/01\\\/22\\\/valaszolt-az-egeto-a-lila-fustre\\\/\",\"name\":\"V\u00e1laszolt az \u00e9get\u0151 a lila f\u00fcstre!\",\"isPartOf\":{\"@id\":\"https:\\\/\\\/dorogimedence.hu\\\/#website\"},\"primaryImageOfPage\":{\"@id\":\"https:\\\/\\\/dorogimedence.hu\\\/index.php\\\/2019\\\/01\\\/22\\\/valaszolt-az-egeto-a-lila-fustre\\\/#primaryimage\"},\"image\":{\"@id\":\"https:\\\/\\\/dorogimedence.hu\\\/index.php\\\/2019\\\/01\\\/22\\\/valaszolt-az-egeto-a-lila-fustre\\\/#primaryimage\"},\"thumbnailUrl\":\"https:\\\/\\\/dorogimedence.hu\\\/wp-content\\\/uploads\\\/2019\\\/01\\\/egeto-lilafust.jpg\",\"datePublished\":\"2019-01-22T14:58:43+00:00\",\"breadcrumb\":{\"@id\":\"https:\\\/\\\/dorogimedence.hu\\\/index.php\\\/2019\\\/01\\\/22\\\/valaszolt-az-egeto-a-lila-fustre\\\/#breadcrumb\"},\"inLanguage\":\"hu\",\"potentialAction\":[{\"@type\":\"ReadAction\",\"target\":[\"https:\\\/\\\/dorogimedence.hu\\\/index.php\\\/2019\\\/01\\\/22\\\/valaszolt-az-egeto-a-lila-fustre\\\/\"]}]},{\"@type\":\"ImageObject\",\"inLanguage\":\"hu\",\"@id\":\"https:\\\/\\\/dorogimedence.hu\\\/index.php\\\/2019\\\/01\\\/22\\\/valaszolt-az-egeto-a-lila-fustre\\\/#primaryimage\",\"url\":\"https:\\\/\\\/dorogimedence.hu\\\/wp-content\\\/uploads\\\/2019\\\/01\\\/egeto-lilafust.jpg\",\"contentUrl\":\"https:\\\/\\\/dorogimedence.hu\\\/wp-content\\\/uploads\\\/2019\\\/01\\\/egeto-lilafust.jpg\",\"width\":670,\"height\":365},{\"@type\":\"BreadcrumbList\",\"@id\":\"https:\\\/\\\/dorogimedence.hu\\\/index.php\\\/2019\\\/01\\\/22\\\/valaszolt-az-egeto-a-lila-fustre\\\/#breadcrumb\",\"itemListElement\":[{\"@type\":\"ListItem\",\"position\":1,\"name\":\"Kezd\u0151lap\",\"item\":\"https:\\\/\\\/dorogimedence.hu\\\/\"},{\"@type\":\"ListItem\",\"position\":2,\"name\":\"V\u00e1laszolt az \u00e9get\u0151 a lila f\u00fcstre!\"}]},{\"@type\":\"WebSite\",\"@id\":\"https:\\\/\\\/dorogimedence.hu\\\/#website\",\"url\":\"https:\\\/\\\/dorogimedence.hu\\\/\",\"name\":\"Dorogi-medence Region\u00e1lis H\u00edrport\u00e1l\",\"description\":\"Dorog, Keszt\u00f6lc, Le\u00e1nyv\u00e1r, Piliscs\u00e9v, Tokod, Tokodalt\u00e1r\u00f3, Csolnok, Esztergom-kertv\u00e1ros: h\u00edrek, programok\",\"publisher\":{\"@id\":\"https:\\\/\\\/dorogimedence.hu\\\/#organization\"},\"potentialAction\":[{\"@type\":\"SearchAction\",\"target\":{\"@type\":\"EntryPoint\",\"urlTemplate\":\"https:\\\/\\\/dorogimedence.hu\\\/?s={search_term_string}\"},\"query-input\":{\"@type\":\"PropertyValueSpecification\",\"valueRequired\":true,\"valueName\":\"search_term_string\"}}],\"inLanguage\":\"hu\"},{\"@type\":\"Organization\",\"@id\":\"https:\\\/\\\/dorogimedence.hu\\\/#organization\",\"name\":\"Dorogi-medence Region\u00e1lis H\u00edrport\u00e1l\",\"url\":\"https:\\\/\\\/dorogimedence.hu\\\/\",\"logo\":{\"@type\":\"ImageObject\",\"inLanguage\":\"hu\",\"@id\":\"https:\\\/\\\/dorogimedence.hu\\\/#\\\/schema\\\/logo\\\/image\\\/\",\"url\":\"https:\\\/\\\/dorogimedence.hu\\\/wp-content\\\/uploads\\\/2021\\\/04\\\/logo-feher-600.png\",\"contentUrl\":\"https:\\\/\\\/dorogimedence.hu\\\/wp-content\\\/uploads\\\/2021\\\/04\\\/logo-feher-600.png\",\"width\":600,\"height\":100,\"caption\":\"Dorogi-medence Region\u00e1lis H\u00edrport\u00e1l\"},\"image\":{\"@id\":\"https:\\\/\\\/dorogimedence.hu\\\/#\\\/schema\\\/logo\\\/image\\\/\"},\"sameAs\":[\"https:\\\/\\\/www.facebook.com\\\/dorogimedence\\\/\"]},{\"@type\":\"Person\",\"@id\":\"https:\\\/\\\/dorogimedence.hu\\\/#\\\/schema\\\/person\\\/ce6091eeb7e95ecdc87890d6aa8e0fd4\",\"name\":\"dorogimedence.hu\",\"image\":{\"@type\":\"ImageObject\",\"inLanguage\":\"hu\",\"@id\":\"\\\/\\\/www.gravatar.com\\\/avatar\\\/d8d45f8901aadff40a4af72c0b826f1d?s=96&#038;r=g&#038;d=mm\",\"url\":\"\\\/\\\/www.gravatar.com\\\/avatar\\\/d8d45f8901aadff40a4af72c0b826f1d?s=96&#038;r=g&#038;d=mm\",\"contentUrl\":\"\\\/\\\/www.gravatar.com\\\/avatar\\\/d8d45f8901aadff40a4af72c0b826f1d?s=96&#038;r=g&#038;d=mm\",\"caption\":\"dorogimedence.hu\"}}]}<\/script>\n<!-- \/ Yoast SEO plugin. -->","yoast_head_json":{"title":"V\u00e1laszolt az \u00e9get\u0151 a lila f\u00fcstre!","robots":{"index":"index","follow":"follow","max-snippet":"max-snippet:-1","max-image-preview":"max-image-preview:large","max-video-preview":"max-video-preview:-1"},"canonical":"https:\/\/dorogimedence.hu\/index.php\/2019\/01\/22\/valaszolt-az-egeto-a-lila-fustre\/","og_locale":"hu_HU","og_type":"article","og_title":"V\u00e1laszolt az \u00e9get\u0151 a lila f\u00fcstre!","og_description":"A janu\u00e1r 19-ei, az \u00e9get\u0151m\u0171 \u00e1ltal kibocs\u00e1tott lila f\u00fcsttel kapcsolatban megkerest\u00fck a Sarpi Dorog Kft-t! K\u00e9r\u00e9s\u00fcnkre pedig elk\u00fcldt\u00e9k a k\u00f6rnyezetv\u00e9delmi hat\u00f3s\u00e1gnak is eljuttatott t\u00e1j\u00e9koztat\u00f3t. Az \u00e9get\u0151m\u0171 t\u00e1j\u00e9koztat\u00f3ja: \u201eJanu\u00e1r 19-\u00e9n, 10 \u00f3ra k\u00f6r\u00fcl mintegy 4 percen \u00e1t az \u00e9get\u0151m\u0171 \u00e1ltal kibocs\u00e1tott f\u00fcstg\u00e1z lila elsz\u00ednez\u0151d\u00e9se volt \u00e9szlelhet\u0151. Az ilyen, ritk\u00e1n el\u0151fordul\u00f3, eg\u00e9szs\u00e9gre \u00e1rtalmatlan elsz\u00ednez\u0151d\u00e9st az \u00e9getett hullad\u00e9kok","og_url":"https:\/\/dorogimedence.hu\/index.php\/2019\/01\/22\/valaszolt-az-egeto-a-lila-fustre\/","og_site_name":"Dorogi-medence Region\u00e1lis H\u00edrport\u00e1l","article_publisher":"https:\/\/www.facebook.com\/dorogimedence\/","article_published_time":"2019-01-22T14:58:43+00:00","og_image":[{"width":670,"height":365,"url":"https:\/\/i0.wp.com\/dorogimedence.hu\/wp-content\/uploads\/2019\/01\/egeto-lilafust.jpg?fit=670%2C365&ssl=1","type":"image\/jpeg"}],"author":"dorogimedence.hu","twitter_card":"summary_large_image","twitter_misc":{"Szerz\u0151:":"dorogimedence.hu","Becs\u00fclt olvas\u00e1si id\u0151":"2 perc"},"schema":{"@context":"https:\/\/schema.org","@graph":[{"@type":"Article","@id":"https:\/\/dorogimedence.hu\/index.php\/2019\/01\/22\/valaszolt-az-egeto-a-lila-fustre\/#article","isPartOf":{"@id":"https:\/\/dorogimedence.hu\/index.php\/2019\/01\/22\/valaszolt-az-egeto-a-lila-fustre\/"},"author":{"name":"dorogimedence.hu","@id":"https:\/\/dorogimedence.hu\/#\/schema\/person\/ce6091eeb7e95ecdc87890d6aa8e0fd4"},"headline":"V\u00e1laszolt az \u00e9get\u0151 a lila f\u00fcstre!","datePublished":"2019-01-22T14:58:43+00:00","mainEntityOfPage":{"@id":"https:\/\/dorogimedence.hu\/index.php\/2019\/01\/22\/valaszolt-az-egeto-a-lila-fustre\/"},"wordCount":310,"publisher":{"@id":"https:\/\/dorogimedence.hu\/#organization"},"image":{"@id":"https:\/\/dorogimedence.hu\/index.php\/2019\/01\/22\/valaszolt-az-egeto-a-lila-fustre\/#primaryimage"},"thumbnailUrl":"https:\/\/dorogimedence.hu\/wp-content\/uploads\/2019\/01\/egeto-lilafust.jpg","keywords":["Dorog","\u00e9get\u0151","\u00e9get\u0151m\u0171","lila f\u00fcst","Sarpi Dorog","Veolia"],"articleSection":["Dorog","H\u00edrek"],"inLanguage":"hu"},{"@type":"WebPage","@id":"https:\/\/dorogimedence.hu\/index.php\/2019\/01\/22\/valaszolt-az-egeto-a-lila-fustre\/","url":"https:\/\/dorogimedence.hu\/index.php\/2019\/01\/22\/valaszolt-az-egeto-a-lila-fustre\/","name":"V\u00e1laszolt az \u00e9get\u0151 a lila f\u00fcstre!","isPartOf":{"@id":"https:\/\/dorogimedence.hu\/#website"},"primaryImageOfPage":{"@id":"https:\/\/dorogimedence.hu\/index.php\/2019\/01\/22\/valaszolt-az-egeto-a-lila-fustre\/#primaryimage"},"image":{"@id":"https:\/\/dorogimedence.hu\/index.php\/2019\/01\/22\/valaszolt-az-egeto-a-lila-fustre\/#primaryimage"},"thumbnailUrl":"https:\/\/dorogimedence.hu\/wp-content\/uploads\/2019\/01\/egeto-lilafust.jpg","datePublished":"2019-01-22T14:58:43+00:00","breadcrumb":{"@id":"https:\/\/dorogimedence.hu\/index.php\/2019\/01\/22\/valaszolt-az-egeto-a-lila-fustre\/#breadcrumb"},"inLanguage":"hu","potentialAction":[{"@type":"ReadAction","target":["https:\/\/dorogimedence.hu\/index.php\/2019\/01\/22\/valaszolt-az-egeto-a-lila-fustre\/"]}]},{"@type":"ImageObject","inLanguage":"hu","@id":"https:\/\/dorogimedence.hu\/index.php\/2019\/01\/22\/valaszolt-az-egeto-a-lila-fustre\/#primaryimage","url":"https:\/\/dorogimedence.hu\/wp-content\/uploads\/2019\/01\/egeto-lilafust.jpg","contentUrl":"https:\/\/dorogimedence.hu\/wp-content\/uploads\/2019\/01\/egeto-lilafust.jpg","width":670,"height":365},{"@type":"BreadcrumbList","@id":"https:\/\/dorogimedence.hu\/index.php\/2019\/01\/22\/valaszolt-az-egeto-a-lila-fustre\/#breadcrumb","itemListElement":[{"@type":"ListItem","position":1,"name":"Kezd\u0151lap","item":"https:\/\/dorogimedence.hu\/"},{"@type":"ListItem","position":2,"name":"V\u00e1laszolt az \u00e9get\u0151 a lila f\u00fcstre!"}]},{"@type":"WebSite","@id":"https:\/\/dorogimedence.hu\/#website","url":"https:\/\/dorogimedence.hu\/","name":"Dorogi-medence Region\u00e1lis H\u00edrport\u00e1l","description":"Dorog, Keszt\u00f6lc, Le\u00e1nyv\u00e1r, Piliscs\u00e9v, Tokod, Tokodalt\u00e1r\u00f3, Csolnok, Esztergom-kertv\u00e1ros: h\u00edrek, programok","publisher":{"@id":"https:\/\/dorogimedence.hu\/#organization"},"potentialAction":[{"@type":"SearchAction","target":{"@type":"EntryPoint","urlTemplate":"https:\/\/dorogimedence.hu\/?s={search_term_string}"},"query-input":{"@type":"PropertyValueSpecification","valueRequired":true,"valueName":"search_term_string"}}],"inLanguage":"hu"},{"@type":"Organization","@id":"https:\/\/dorogimedence.hu\/#organization","name":"Dorogi-medence Region\u00e1lis H\u00edrport\u00e1l","url":"https:\/\/dorogimedence.hu\/","logo":{"@type":"ImageObject","inLanguage":"hu","@id":"https:\/\/dorogimedence.hu\/#\/schema\/logo\/image\/","url":"https:\/\/dorogimedence.hu\/wp-content\/uploads\/2021\/04\/logo-feher-600.png","contentUrl":"https:\/\/dorogimedence.hu\/wp-content\/uploads\/2021\/04\/logo-feher-600.png","width":600,"height":100,"caption":"Dorogi-medence Region\u00e1lis H\u00edrport\u00e1l"},"image":{"@id":"https:\/\/dorogimedence.hu\/#\/schema\/logo\/image\/"},"sameAs":["https:\/\/www.facebook.com\/dorogimedence\/"]},{"@type":"Person","@id":"https:\/\/dorogimedence.hu\/#\/schema\/person\/ce6091eeb7e95ecdc87890d6aa8e0fd4","name":"dorogimedence.hu","image":{"@type":"ImageObject","inLanguage":"hu","@id":"\/\/www.gravatar.com\/avatar\/d8d45f8901aadff40a4af72c0b826f1d?s=96&#038;r=g&#038;d=mm","url":"\/\/www.gravatar.com\/avatar\/d8d45f8901aadff40a4af72c0b826f1d?s=96&#038;r=g&#038;d=mm","contentUrl":"\/\/www.gravatar.com\/avatar\/d8d45f8901aadff40a4af72c0b826f1d?s=96&#038;r=g&#038;d=mm","caption":"dorogimedence.hu"}}]}},"_links":{"self":[{"href":"https:\/\/dorogimedence.hu\/index.php\/wp-json\/wp\/v2\/posts\/14448","targetHints":{"allow":["GET"]}}],"collection":[{"href":"https:\/\/dorogimedence.hu\/index.php\/wp-json\/wp\/v2\/posts"}],"about":[{"href":"https:\/\/dorogimedence.hu\/index.php\/wp-json\/wp\/v2\/types\/post"}],"author":[{"embeddable":true,"href":"https:\/\/dorogimedence.hu\/index.php\/wp-json\/wp\/v2\/users\/1"}],"replies":[{"embeddable":true,"href":"https:\/\/dorogimedence.hu\/index.php\/wp-json\/wp\/v2\/comments?post=14448"}],"version-history":[{"count":0,"href":"https:\/\/dorogimedence.hu\/index.php\/wp-json\/wp\/v2\/posts\/14448\/revisions"}],"wp:featuredmedia":[{"embeddable":true,"href":"https:\/\/dorogimedence.hu\/index.php\/wp-json\/wp\/v2\/media\/14449"}],"wp:attachment":[{"href":"https:\/\/dorogimedence.hu\/index.php\/wp-json\/wp\/v2\/media?parent=14448"}],"wp:term":[{"taxonomy":"category","embeddable":true,"href":"https:\/\/dorogimedence.hu\/index.php\/wp-json\/wp\/v2\/categories?post=14448"},{"taxonomy":"post_tag","embeddable":true,"href":"https:\/\/dorogimedence.hu\/index.php\/wp-json\/wp\/v2\/tags?post=14448"}],"curies":[{"name":"wp","href":"https:\/\/api.w.org\/{rel}","templated":true}]}}