{"id":14345,"date":"2019-01-17T06:31:59","date_gmt":"2019-01-17T05:31:59","guid":{"rendered":"http:\/\/dorogimedence.hu\/?p=14345"},"modified":"2019-01-17T06:31:59","modified_gmt":"2019-01-17T05:31:59","slug":"figyelemfelhivo-tablakat-telepitettek-a-dobogokoi-uton","status":"publish","type":"post","link":"https:\/\/dorogimedence.hu\/index.php\/2019\/01\/17\/figyelemfelhivo-tablakat-telepitettek-a-dobogokoi-uton\/","title":{"rendered":"Figyelemfelh\u00edv\u00f3 t\u00e1bl\u00e1kat telep\u00edtettek a Dobog\u00f3k\u0151i \u00faton"},"content":{"rendered":"<p><strong>A balesetek cs\u00f6kkent\u00e9se \u00e9rdek\u00e9ben figyelemfelh\u00edv\u00f3 t\u00e1bl\u00e1kat helyeztek ki Esztergomban.<\/strong><\/p>\n<p>Esztergomban, a Dobog\u00f3k\u0151i \u00faton 17 k\u00f6z\u00fati k\u00f6zleked\u00e9si baleset t\u00f6rt\u00e9nt 2018-ban, amelyb\u0151l kett\u0151 hal\u00e1los kimenetel\u0171 volt. Ez\u00e9rt d\u00f6nt\u00f6tt \u00fagy az Esztergomi Rend\u0151rkapit\u00e1nys\u00e1g V\u00e1rosi Balesetmegel\u0151z\u00e9si Bizotts\u00e1ga, hogy a tov\u00e1bbi balesetek megel\u0151z\u00e9se \u00e9rdek\u00e9ben figyelemfelh\u00edv\u00f3 t\u00e1bl\u00e1kat helyez ki az \u00e9rintett \u00fatszakaszra, amelyek \u00e1tad\u00e1sa 2019. janu\u00e1r 16-\u00e1n t\u00f6rt\u00e9nt meg.<\/p>\n<p>A helysz\u00ednen N\u00e9veri P\u00e9ter Edv\u00e1rdn\u00e9 rend\u0151r f\u0151hadnagy hangs\u00falyozta, hogy a balesetek megel\u0151z\u00e9se tov\u00e1bbra is kiemelt feladatuk, \u00e9s minden eszk\u00f6zt be fognak vetni annak \u00e9rdek\u00e9ben, hogy az Esztergomi Rend\u0151rkapit\u00e1nys\u00e1g ter\u00fclet\u00e9n min\u00e9l kevesebb szem\u00e9lyi s\u00e9r\u00fcl\u00e9ssel j\u00e1r\u00f3 k\u00f6z\u00fati k\u00f6zleked\u00e9si baleset t\u00f6rt\u00e9njen.<\/p>\n<p><img fetchpriority=\"high\" decoding=\"async\" class=\"alignnone size-full wp-image-14347\" src=\"https:\/\/dorogimedence.hu\/wp-content\/uploads\/2019\/01\/figyelemfelhivo-02.jpg\" alt=\"\" width=\"670\" height=\"365\" srcset=\"https:\/\/dorogimedence.hu\/wp-content\/uploads\/2019\/01\/figyelemfelhivo-02.jpg 670w, https:\/\/dorogimedence.hu\/wp-content\/uploads\/2019\/01\/figyelemfelhivo-02-300x163.jpg 300w\" sizes=\"(max-width: 670px) 100vw, 670px\" \/><\/p>\n<p><em>Fot\u00f3, forr\u00e1s: police.hu<\/em><\/p>\n","protected":false},"excerpt":{"rendered":"<p>A balesetek cs\u00f6kkent\u00e9se \u00e9rdek\u00e9ben figyelemfelh\u00edv\u00f3 t\u00e1bl\u00e1kat helyeztek ki Esztergomban. Esztergomban, a Dobog\u00f3k\u0151i \u00faton 17 k\u00f6z\u00fati k\u00f6zleked\u00e9si baleset t\u00f6rt\u00e9nt 2018-ban, amelyb\u0151l kett\u0151 hal\u00e1los kimenetel\u0171 volt. Ez\u00e9rt d\u00f6nt\u00f6tt \u00fagy az Esztergomi Rend\u0151rkapit\u00e1nys\u00e1g V\u00e1rosi Balesetmegel\u0151z\u00e9si Bizotts\u00e1ga, hogy a tov\u00e1bbi balesetek megel\u0151z\u00e9se \u00e9rdek\u00e9ben figyelemfelh\u00edv\u00f3 t\u00e1bl\u00e1kat helyez ki az \u00e9rintett \u00fatszakaszra, amelyek \u00e1tad\u00e1sa 2019. janu\u00e1r 16-\u00e1n t\u00f6rt\u00e9nt meg. A helysz\u00ednen<\/p>\n","protected":false},"author":1,"featured_media":14346,"comment_status":"closed","ping_status":"closed","sticky":false,"template":"","format":"standard","meta":{"ngg_post_thumbnail":0,"footnotes":""},"categories":[38,3],"tags":[630,2931,42,3105,61],"class_list":{"0":"post-14345","1":"post","2":"type-post","3":"status-publish","4":"format-standard","5":"has-post-thumbnail","7":"category-esztergom","8":"category-hirek","9":"tag-baleset-megelozes","10":"tag-dobogokoi-ut","11":"tag-esztergom","12":"tag-figyelemfelhivo-tabla","13":"tag-rendorsegi-hirek"},"yoast_head":"<!-- This site is optimized with the Yoast SEO plugin v27.4 - https:\/\/yoast.com\/product\/yoast-seo-wordpress\/ -->\n<title>Figyelemfelh\u00edv\u00f3 t\u00e1bl\u00e1kat telep\u00edtettek a Dobog\u00f3k\u0151i \u00faton<\/title>\n<meta name=\"robots\" content=\"index, follow, max-snippet:-1, max-image-preview:large, max-video-preview:-1\" \/>\n<link rel=\"canonical\" href=\"https:\/\/dorogimedence.hu\/index.php\/2019\/01\/17\/figyelemfelhivo-tablakat-telepitettek-a-dobogokoi-uton\/\" class=\"yoast-seo-meta-tag\" \/>\n<meta property=\"og:locale\" content=\"hu_HU\" class=\"yoast-seo-meta-tag\" \/>\n<meta property=\"og:type\" content=\"article\" class=\"yoast-seo-meta-tag\" \/>\n<meta property=\"og:title\" content=\"Figyelemfelh\u00edv\u00f3 t\u00e1bl\u00e1kat telep\u00edtettek a Dobog\u00f3k\u0151i \u00faton\" class=\"yoast-seo-meta-tag\" \/>\n<meta property=\"og:description\" content=\"A balesetek cs\u00f6kkent\u00e9se \u00e9rdek\u00e9ben figyelemfelh\u00edv\u00f3 t\u00e1bl\u00e1kat helyeztek ki Esztergomban. Esztergomban, a Dobog\u00f3k\u0151i \u00faton 17 k\u00f6z\u00fati k\u00f6zleked\u00e9si baleset t\u00f6rt\u00e9nt 2018-ban, amelyb\u0151l kett\u0151 hal\u00e1los kimenetel\u0171 volt. Ez\u00e9rt d\u00f6nt\u00f6tt \u00fagy az Esztergomi Rend\u0151rkapit\u00e1nys\u00e1g V\u00e1rosi Balesetmegel\u0151z\u00e9si Bizotts\u00e1ga, hogy a tov\u00e1bbi balesetek megel\u0151z\u00e9se \u00e9rdek\u00e9ben figyelemfelh\u00edv\u00f3 t\u00e1bl\u00e1kat helyez ki az \u00e9rintett \u00fatszakaszra, amelyek \u00e1tad\u00e1sa 2019. janu\u00e1r 16-\u00e1n t\u00f6rt\u00e9nt meg. A helysz\u00ednen\" class=\"yoast-seo-meta-tag\" \/>\n<meta property=\"og:url\" content=\"https:\/\/dorogimedence.hu\/index.php\/2019\/01\/17\/figyelemfelhivo-tablakat-telepitettek-a-dobogokoi-uton\/\" class=\"yoast-seo-meta-tag\" \/>\n<meta property=\"og:site_name\" content=\"Dorogi-medence Region\u00e1lis H\u00edrport\u00e1l\" class=\"yoast-seo-meta-tag\" \/>\n<meta property=\"article:publisher\" content=\"https:\/\/www.facebook.com\/dorogimedence\/\" class=\"yoast-seo-meta-tag\" \/>\n<meta property=\"article:published_time\" content=\"2019-01-17T05:31:59+00:00\" class=\"yoast-seo-meta-tag\" \/>\n<meta property=\"og:image\" content=\"https:\/\/i0.wp.com\/dorogimedence.hu\/wp-content\/uploads\/2019\/01\/figyelemfelhivo-01.jpg?fit=670%2C365&ssl=1\" class=\"yoast-seo-meta-tag\" \/>\n\t<meta property=\"og:image:width\" content=\"670\" class=\"yoast-seo-meta-tag\" \/>\n\t<meta property=\"og:image:height\" content=\"365\" class=\"yoast-seo-meta-tag\" \/>\n\t<meta property=\"og:image:type\" content=\"image\/jpeg\" class=\"yoast-seo-meta-tag\" \/>\n<meta name=\"author\" content=\"dorogimedence.hu\" class=\"yoast-seo-meta-tag\" \/>\n<meta name=\"twitter:card\" content=\"summary_large_image\" class=\"yoast-seo-meta-tag\" \/>\n<meta name=\"twitter:label1\" content=\"Szerz\u0151:\" class=\"yoast-seo-meta-tag\" \/>\n\t<meta name=\"twitter:data1\" content=\"dorogimedence.hu\" class=\"yoast-seo-meta-tag\" \/>\n\t<meta name=\"twitter:label2\" content=\"Becs\u00fclt olvas\u00e1si id\u0151\" class=\"yoast-seo-meta-tag\" \/>\n\t<meta name=\"twitter:data2\" content=\"1 perc\" class=\"yoast-seo-meta-tag\" \/>\n<script type=\"application\/ld+json\" class=\"yoast-schema-graph\">{\"@context\":\"https:\\\/\\\/schema.org\",\"@graph\":[{\"@type\":\"Article\",\"@id\":\"https:\\\/\\\/dorogimedence.hu\\\/index.php\\\/2019\\\/01\\\/17\\\/figyelemfelhivo-tablakat-telepitettek-a-dobogokoi-uton\\\/#article\",\"isPartOf\":{\"@id\":\"https:\\\/\\\/dorogimedence.hu\\\/index.php\\\/2019\\\/01\\\/17\\\/figyelemfelhivo-tablakat-telepitettek-a-dobogokoi-uton\\\/\"},\"author\":{\"name\":\"dorogimedence.hu\",\"@id\":\"https:\\\/\\\/dorogimedence.hu\\\/#\\\/schema\\\/person\\\/ce6091eeb7e95ecdc87890d6aa8e0fd4\"},\"headline\":\"Figyelemfelh\u00edv\u00f3 t\u00e1bl\u00e1kat telep\u00edtettek a Dobog\u00f3k\u0151i \u00faton\",\"datePublished\":\"2019-01-17T05:31:59+00:00\",\"mainEntityOfPage\":{\"@id\":\"https:\\\/\\\/dorogimedence.hu\\\/index.php\\\/2019\\\/01\\\/17\\\/figyelemfelhivo-tablakat-telepitettek-a-dobogokoi-uton\\\/\"},\"wordCount\":173,\"publisher\":{\"@id\":\"https:\\\/\\\/dorogimedence.hu\\\/#organization\"},\"image\":{\"@id\":\"https:\\\/\\\/dorogimedence.hu\\\/index.php\\\/2019\\\/01\\\/17\\\/figyelemfelhivo-tablakat-telepitettek-a-dobogokoi-uton\\\/#primaryimage\"},\"thumbnailUrl\":\"https:\\\/\\\/dorogimedence.hu\\\/wp-content\\\/uploads\\\/2019\\\/01\\\/figyelemfelhivo-01.jpg\",\"keywords\":[\"baleset-megel\u0151z\u00e9s\",\"Dobog\u00f3k\u0151i \u00fat\",\"esztergom\",\"figyelemfelh\u00edv\u00f3 t\u00e1bla\",\"rend\u0151rs\u00e9gi h\u00edrek\"],\"articleSection\":[\"Esztergom\",\"H\u00edrek\"],\"inLanguage\":\"hu\"},{\"@type\":\"WebPage\",\"@id\":\"https:\\\/\\\/dorogimedence.hu\\\/index.php\\\/2019\\\/01\\\/17\\\/figyelemfelhivo-tablakat-telepitettek-a-dobogokoi-uton\\\/\",\"url\":\"https:\\\/\\\/dorogimedence.hu\\\/index.php\\\/2019\\\/01\\\/17\\\/figyelemfelhivo-tablakat-telepitettek-a-dobogokoi-uton\\\/\",\"name\":\"Figyelemfelh\u00edv\u00f3 t\u00e1bl\u00e1kat telep\u00edtettek a Dobog\u00f3k\u0151i \u00faton\",\"isPartOf\":{\"@id\":\"https:\\\/\\\/dorogimedence.hu\\\/#website\"},\"primaryImageOfPage\":{\"@id\":\"https:\\\/\\\/dorogimedence.hu\\\/index.php\\\/2019\\\/01\\\/17\\\/figyelemfelhivo-tablakat-telepitettek-a-dobogokoi-uton\\\/#primaryimage\"},\"image\":{\"@id\":\"https:\\\/\\\/dorogimedence.hu\\\/index.php\\\/2019\\\/01\\\/17\\\/figyelemfelhivo-tablakat-telepitettek-a-dobogokoi-uton\\\/#primaryimage\"},\"thumbnailUrl\":\"https:\\\/\\\/dorogimedence.hu\\\/wp-content\\\/uploads\\\/2019\\\/01\\\/figyelemfelhivo-01.jpg\",\"datePublished\":\"2019-01-17T05:31:59+00:00\",\"breadcrumb\":{\"@id\":\"https:\\\/\\\/dorogimedence.hu\\\/index.php\\\/2019\\\/01\\\/17\\\/figyelemfelhivo-tablakat-telepitettek-a-dobogokoi-uton\\\/#breadcrumb\"},\"inLanguage\":\"hu\",\"potentialAction\":[{\"@type\":\"ReadAction\",\"target\":[\"https:\\\/\\\/dorogimedence.hu\\\/index.php\\\/2019\\\/01\\\/17\\\/figyelemfelhivo-tablakat-telepitettek-a-dobogokoi-uton\\\/\"]}]},{\"@type\":\"ImageObject\",\"inLanguage\":\"hu\",\"@id\":\"https:\\\/\\\/dorogimedence.hu\\\/index.php\\\/2019\\\/01\\\/17\\\/figyelemfelhivo-tablakat-telepitettek-a-dobogokoi-uton\\\/#primaryimage\",\"url\":\"https:\\\/\\\/dorogimedence.hu\\\/wp-content\\\/uploads\\\/2019\\\/01\\\/figyelemfelhivo-01.jpg\",\"contentUrl\":\"https:\\\/\\\/dorogimedence.hu\\\/wp-content\\\/uploads\\\/2019\\\/01\\\/figyelemfelhivo-01.jpg\",\"width\":670,\"height\":365},{\"@type\":\"BreadcrumbList\",\"@id\":\"https:\\\/\\\/dorogimedence.hu\\\/index.php\\\/2019\\\/01\\\/17\\\/figyelemfelhivo-tablakat-telepitettek-a-dobogokoi-uton\\\/#breadcrumb\",\"itemListElement\":[{\"@type\":\"ListItem\",\"position\":1,\"name\":\"Kezd\u0151lap\",\"item\":\"https:\\\/\\\/dorogimedence.hu\\\/\"},{\"@type\":\"ListItem\",\"position\":2,\"name\":\"Figyelemfelh\u00edv\u00f3 t\u00e1bl\u00e1kat telep\u00edtettek a Dobog\u00f3k\u0151i \u00faton\"}]},{\"@type\":\"WebSite\",\"@id\":\"https:\\\/\\\/dorogimedence.hu\\\/#website\",\"url\":\"https:\\\/\\\/dorogimedence.hu\\\/\",\"name\":\"Dorogi-medence Region\u00e1lis H\u00edrport\u00e1l\",\"description\":\"Dorog, Keszt\u00f6lc, Le\u00e1nyv\u00e1r, Piliscs\u00e9v, Tokod, Tokodalt\u00e1r\u00f3, Csolnok, Esztergom-kertv\u00e1ros: h\u00edrek, programok\",\"publisher\":{\"@id\":\"https:\\\/\\\/dorogimedence.hu\\\/#organization\"},\"potentialAction\":[{\"@type\":\"SearchAction\",\"target\":{\"@type\":\"EntryPoint\",\"urlTemplate\":\"https:\\\/\\\/dorogimedence.hu\\\/?s={search_term_string}\"},\"query-input\":{\"@type\":\"PropertyValueSpecification\",\"valueRequired\":true,\"valueName\":\"search_term_string\"}}],\"inLanguage\":\"hu\"},{\"@type\":\"Organization\",\"@id\":\"https:\\\/\\\/dorogimedence.hu\\\/#organization\",\"name\":\"Dorogi-medence Region\u00e1lis H\u00edrport\u00e1l\",\"url\":\"https:\\\/\\\/dorogimedence.hu\\\/\",\"logo\":{\"@type\":\"ImageObject\",\"inLanguage\":\"hu\",\"@id\":\"https:\\\/\\\/dorogimedence.hu\\\/#\\\/schema\\\/logo\\\/image\\\/\",\"url\":\"https:\\\/\\\/dorogimedence.hu\\\/wp-content\\\/uploads\\\/2021\\\/04\\\/logo-feher-600.png\",\"contentUrl\":\"https:\\\/\\\/dorogimedence.hu\\\/wp-content\\\/uploads\\\/2021\\\/04\\\/logo-feher-600.png\",\"width\":600,\"height\":100,\"caption\":\"Dorogi-medence Region\u00e1lis H\u00edrport\u00e1l\"},\"image\":{\"@id\":\"https:\\\/\\\/dorogimedence.hu\\\/#\\\/schema\\\/logo\\\/image\\\/\"},\"sameAs\":[\"https:\\\/\\\/www.facebook.com\\\/dorogimedence\\\/\"]},{\"@type\":\"Person\",\"@id\":\"https:\\\/\\\/dorogimedence.hu\\\/#\\\/schema\\\/person\\\/ce6091eeb7e95ecdc87890d6aa8e0fd4\",\"name\":\"dorogimedence.hu\",\"image\":{\"@type\":\"ImageObject\",\"inLanguage\":\"hu\",\"@id\":\"\\\/\\\/www.gravatar.com\\\/avatar\\\/d8d45f8901aadff40a4af72c0b826f1d?s=96&#038;r=g&#038;d=mm\",\"url\":\"\\\/\\\/www.gravatar.com\\\/avatar\\\/d8d45f8901aadff40a4af72c0b826f1d?s=96&#038;r=g&#038;d=mm\",\"contentUrl\":\"\\\/\\\/www.gravatar.com\\\/avatar\\\/d8d45f8901aadff40a4af72c0b826f1d?s=96&#038;r=g&#038;d=mm\",\"caption\":\"dorogimedence.hu\"}}]}<\/script>\n<!-- \/ Yoast SEO plugin. -->","yoast_head_json":{"title":"Figyelemfelh\u00edv\u00f3 t\u00e1bl\u00e1kat telep\u00edtettek a Dobog\u00f3k\u0151i \u00faton","robots":{"index":"index","follow":"follow","max-snippet":"max-snippet:-1","max-image-preview":"max-image-preview:large","max-video-preview":"max-video-preview:-1"},"canonical":"https:\/\/dorogimedence.hu\/index.php\/2019\/01\/17\/figyelemfelhivo-tablakat-telepitettek-a-dobogokoi-uton\/","og_locale":"hu_HU","og_type":"article","og_title":"Figyelemfelh\u00edv\u00f3 t\u00e1bl\u00e1kat telep\u00edtettek a Dobog\u00f3k\u0151i \u00faton","og_description":"A balesetek cs\u00f6kkent\u00e9se \u00e9rdek\u00e9ben figyelemfelh\u00edv\u00f3 t\u00e1bl\u00e1kat helyeztek ki Esztergomban. Esztergomban, a Dobog\u00f3k\u0151i \u00faton 17 k\u00f6z\u00fati k\u00f6zleked\u00e9si baleset t\u00f6rt\u00e9nt 2018-ban, amelyb\u0151l kett\u0151 hal\u00e1los kimenetel\u0171 volt. Ez\u00e9rt d\u00f6nt\u00f6tt \u00fagy az Esztergomi Rend\u0151rkapit\u00e1nys\u00e1g V\u00e1rosi Balesetmegel\u0151z\u00e9si Bizotts\u00e1ga, hogy a tov\u00e1bbi balesetek megel\u0151z\u00e9se \u00e9rdek\u00e9ben figyelemfelh\u00edv\u00f3 t\u00e1bl\u00e1kat helyez ki az \u00e9rintett \u00fatszakaszra, amelyek \u00e1tad\u00e1sa 2019. janu\u00e1r 16-\u00e1n t\u00f6rt\u00e9nt meg. A helysz\u00ednen","og_url":"https:\/\/dorogimedence.hu\/index.php\/2019\/01\/17\/figyelemfelhivo-tablakat-telepitettek-a-dobogokoi-uton\/","og_site_name":"Dorogi-medence Region\u00e1lis H\u00edrport\u00e1l","article_publisher":"https:\/\/www.facebook.com\/dorogimedence\/","article_published_time":"2019-01-17T05:31:59+00:00","og_image":[{"width":670,"height":365,"url":"https:\/\/i0.wp.com\/dorogimedence.hu\/wp-content\/uploads\/2019\/01\/figyelemfelhivo-01.jpg?fit=670%2C365&ssl=1","type":"image\/jpeg"}],"author":"dorogimedence.hu","twitter_card":"summary_large_image","twitter_misc":{"Szerz\u0151:":"dorogimedence.hu","Becs\u00fclt olvas\u00e1si id\u0151":"1 perc"},"schema":{"@context":"https:\/\/schema.org","@graph":[{"@type":"Article","@id":"https:\/\/dorogimedence.hu\/index.php\/2019\/01\/17\/figyelemfelhivo-tablakat-telepitettek-a-dobogokoi-uton\/#article","isPartOf":{"@id":"https:\/\/dorogimedence.hu\/index.php\/2019\/01\/17\/figyelemfelhivo-tablakat-telepitettek-a-dobogokoi-uton\/"},"author":{"name":"dorogimedence.hu","@id":"https:\/\/dorogimedence.hu\/#\/schema\/person\/ce6091eeb7e95ecdc87890d6aa8e0fd4"},"headline":"Figyelemfelh\u00edv\u00f3 t\u00e1bl\u00e1kat telep\u00edtettek a Dobog\u00f3k\u0151i \u00faton","datePublished":"2019-01-17T05:31:59+00:00","mainEntityOfPage":{"@id":"https:\/\/dorogimedence.hu\/index.php\/2019\/01\/17\/figyelemfelhivo-tablakat-telepitettek-a-dobogokoi-uton\/"},"wordCount":173,"publisher":{"@id":"https:\/\/dorogimedence.hu\/#organization"},"image":{"@id":"https:\/\/dorogimedence.hu\/index.php\/2019\/01\/17\/figyelemfelhivo-tablakat-telepitettek-a-dobogokoi-uton\/#primaryimage"},"thumbnailUrl":"https:\/\/dorogimedence.hu\/wp-content\/uploads\/2019\/01\/figyelemfelhivo-01.jpg","keywords":["baleset-megel\u0151z\u00e9s","Dobog\u00f3k\u0151i \u00fat","esztergom","figyelemfelh\u00edv\u00f3 t\u00e1bla","rend\u0151rs\u00e9gi h\u00edrek"],"articleSection":["Esztergom","H\u00edrek"],"inLanguage":"hu"},{"@type":"WebPage","@id":"https:\/\/dorogimedence.hu\/index.php\/2019\/01\/17\/figyelemfelhivo-tablakat-telepitettek-a-dobogokoi-uton\/","url":"https:\/\/dorogimedence.hu\/index.php\/2019\/01\/17\/figyelemfelhivo-tablakat-telepitettek-a-dobogokoi-uton\/","name":"Figyelemfelh\u00edv\u00f3 t\u00e1bl\u00e1kat telep\u00edtettek a Dobog\u00f3k\u0151i \u00faton","isPartOf":{"@id":"https:\/\/dorogimedence.hu\/#website"},"primaryImageOfPage":{"@id":"https:\/\/dorogimedence.hu\/index.php\/2019\/01\/17\/figyelemfelhivo-tablakat-telepitettek-a-dobogokoi-uton\/#primaryimage"},"image":{"@id":"https:\/\/dorogimedence.hu\/index.php\/2019\/01\/17\/figyelemfelhivo-tablakat-telepitettek-a-dobogokoi-uton\/#primaryimage"},"thumbnailUrl":"https:\/\/dorogimedence.hu\/wp-content\/uploads\/2019\/01\/figyelemfelhivo-01.jpg","datePublished":"2019-01-17T05:31:59+00:00","breadcrumb":{"@id":"https:\/\/dorogimedence.hu\/index.php\/2019\/01\/17\/figyelemfelhivo-tablakat-telepitettek-a-dobogokoi-uton\/#breadcrumb"},"inLanguage":"hu","potentialAction":[{"@type":"ReadAction","target":["https:\/\/dorogimedence.hu\/index.php\/2019\/01\/17\/figyelemfelhivo-tablakat-telepitettek-a-dobogokoi-uton\/"]}]},{"@type":"ImageObject","inLanguage":"hu","@id":"https:\/\/dorogimedence.hu\/index.php\/2019\/01\/17\/figyelemfelhivo-tablakat-telepitettek-a-dobogokoi-uton\/#primaryimage","url":"https:\/\/dorogimedence.hu\/wp-content\/uploads\/2019\/01\/figyelemfelhivo-01.jpg","contentUrl":"https:\/\/dorogimedence.hu\/wp-content\/uploads\/2019\/01\/figyelemfelhivo-01.jpg","width":670,"height":365},{"@type":"BreadcrumbList","@id":"https:\/\/dorogimedence.hu\/index.php\/2019\/01\/17\/figyelemfelhivo-tablakat-telepitettek-a-dobogokoi-uton\/#breadcrumb","itemListElement":[{"@type":"ListItem","position":1,"name":"Kezd\u0151lap","item":"https:\/\/dorogimedence.hu\/"},{"@type":"ListItem","position":2,"name":"Figyelemfelh\u00edv\u00f3 t\u00e1bl\u00e1kat telep\u00edtettek a Dobog\u00f3k\u0151i \u00faton"}]},{"@type":"WebSite","@id":"https:\/\/dorogimedence.hu\/#website","url":"https:\/\/dorogimedence.hu\/","name":"Dorogi-medence Region\u00e1lis H\u00edrport\u00e1l","description":"Dorog, Keszt\u00f6lc, Le\u00e1nyv\u00e1r, Piliscs\u00e9v, Tokod, Tokodalt\u00e1r\u00f3, Csolnok, Esztergom-kertv\u00e1ros: h\u00edrek, programok","publisher":{"@id":"https:\/\/dorogimedence.hu\/#organization"},"potentialAction":[{"@type":"SearchAction","target":{"@type":"EntryPoint","urlTemplate":"https:\/\/dorogimedence.hu\/?s={search_term_string}"},"query-input":{"@type":"PropertyValueSpecification","valueRequired":true,"valueName":"search_term_string"}}],"inLanguage":"hu"},{"@type":"Organization","@id":"https:\/\/dorogimedence.hu\/#organization","name":"Dorogi-medence Region\u00e1lis H\u00edrport\u00e1l","url":"https:\/\/dorogimedence.hu\/","logo":{"@type":"ImageObject","inLanguage":"hu","@id":"https:\/\/dorogimedence.hu\/#\/schema\/logo\/image\/","url":"https:\/\/dorogimedence.hu\/wp-content\/uploads\/2021\/04\/logo-feher-600.png","contentUrl":"https:\/\/dorogimedence.hu\/wp-content\/uploads\/2021\/04\/logo-feher-600.png","width":600,"height":100,"caption":"Dorogi-medence Region\u00e1lis H\u00edrport\u00e1l"},"image":{"@id":"https:\/\/dorogimedence.hu\/#\/schema\/logo\/image\/"},"sameAs":["https:\/\/www.facebook.com\/dorogimedence\/"]},{"@type":"Person","@id":"https:\/\/dorogimedence.hu\/#\/schema\/person\/ce6091eeb7e95ecdc87890d6aa8e0fd4","name":"dorogimedence.hu","image":{"@type":"ImageObject","inLanguage":"hu","@id":"\/\/www.gravatar.com\/avatar\/d8d45f8901aadff40a4af72c0b826f1d?s=96&#038;r=g&#038;d=mm","url":"\/\/www.gravatar.com\/avatar\/d8d45f8901aadff40a4af72c0b826f1d?s=96&#038;r=g&#038;d=mm","contentUrl":"\/\/www.gravatar.com\/avatar\/d8d45f8901aadff40a4af72c0b826f1d?s=96&#038;r=g&#038;d=mm","caption":"dorogimedence.hu"}}]}},"_links":{"self":[{"href":"https:\/\/dorogimedence.hu\/index.php\/wp-json\/wp\/v2\/posts\/14345","targetHints":{"allow":["GET"]}}],"collection":[{"href":"https:\/\/dorogimedence.hu\/index.php\/wp-json\/wp\/v2\/posts"}],"about":[{"href":"https:\/\/dorogimedence.hu\/index.php\/wp-json\/wp\/v2\/types\/post"}],"author":[{"embeddable":true,"href":"https:\/\/dorogimedence.hu\/index.php\/wp-json\/wp\/v2\/users\/1"}],"replies":[{"embeddable":true,"href":"https:\/\/dorogimedence.hu\/index.php\/wp-json\/wp\/v2\/comments?post=14345"}],"version-history":[{"count":0,"href":"https:\/\/dorogimedence.hu\/index.php\/wp-json\/wp\/v2\/posts\/14345\/revisions"}],"wp:featuredmedia":[{"embeddable":true,"href":"https:\/\/dorogimedence.hu\/index.php\/wp-json\/wp\/v2\/media\/14346"}],"wp:attachment":[{"href":"https:\/\/dorogimedence.hu\/index.php\/wp-json\/wp\/v2\/media?parent=14345"}],"wp:term":[{"taxonomy":"category","embeddable":true,"href":"https:\/\/dorogimedence.hu\/index.php\/wp-json\/wp\/v2\/categories?post=14345"},{"taxonomy":"post_tag","embeddable":true,"href":"https:\/\/dorogimedence.hu\/index.php\/wp-json\/wp\/v2\/tags?post=14345"}],"curies":[{"name":"wp","href":"https:\/\/api.w.org\/{rel}","templated":true}]}}