{"id":14338,"date":"2019-01-16T14:31:55","date_gmt":"2019-01-16T13:31:55","guid":{"rendered":"http:\/\/dorogimedence.hu\/?p=14338"},"modified":"2019-01-16T14:31:55","modified_gmt":"2019-01-16T13:31:55","slug":"megujult-leanyvaron-a-rendelo-epulete","status":"publish","type":"post","link":"https:\/\/dorogimedence.hu\/index.php\/2019\/01\/16\/megujult-leanyvaron-a-rendelo-epulete\/","title":{"rendered":"Meg\u00fajult Le\u00e1nyv\u00e1ron a rendel\u0151 \u00e9p\u00fclete"},"content":{"rendered":"<p><strong>A Sz\u00e9chenyi 2020 program keret\u00e9ben 27,0 M Ft eur\u00f3pai uni\u00f3s, vissza nem t\u00e9r\u00edtend\u0151 t\u00e1mogat\u00e1s seg\u00edts\u00e9g\u00e9vel Le\u00e1nyv\u00e1ron meg\u00fajult a h\u00e1ziorvosi, valamint a v\u00e9d\u0151n\u0151i ell\u00e1t\u00e1snak helyet ad\u00f3 rendel\u0151 \u00e9p\u00fclete. <\/strong><\/p>\n<p>Le\u00e1nyv\u00e1r K\u00f6zs\u00e9g \u00d6nkorm\u00e1nyzata h\u00e1ziorvosi rendel\u0151j\u00e9nek fejleszt\u00e9s\u00e9re \u00e9s az alapszolg\u00e1ltat\u00e1sok integr\u00e1ci\u00f3j\u00e1ra p\u00e1ly\u00e1zott \u00e9s nyert t\u00e1mogat\u00e1st a TOP-4.1.1-15 k\u00f3dsz\u00e1m\u00fa, Eg\u00e9szs\u00e9g\u00fcgyi alapell\u00e1t\u00e1s infrastruktur\u00e1lis fejleszt\u00e9se c\u00edm\u0171 felh\u00edv\u00e1son. Az ell\u00e1t\u00e1snak helyt ad\u00f3 k\u00e9t \u00e9p\u00fclet m\u0171szaki sz\u00ednvonala m\u00e1r nem felelt meg a mai kor k\u00f6vetelm\u00e9nyeinek. A fel\u00faj\u00edt\u00e1s sor\u00e1n a k\u00fcls\u0151 falakat \u00e9s f\u00f6d\u00e9met h\u0151szigetelt\u00e9k, az azbeszt palatet\u0151t \u00e9s a k\u00fcls\u0151 ny\u00edl\u00e1sz\u00e1r\u00f3kat lecser\u00e9lt\u00e9k, a teljes bels\u0151 padl\u00f3szerkezet meg\u00fajult, valamint a f\u0171t\u00e9si rendszert is kicser\u00e9lt\u00e9k, korszer\u0171 z\u00e1rt \u00e9g\u00e9ster\u0171 kaz\u00e1nt be\u00e9p\u00edtve.<\/p>\n<p>A TOP-4.1.1-15-KO1-2016-00005 azonos\u00edt\u00f3 sz\u00e1m\u00fa projekt megval\u00f3s\u00edt\u00e1s\u00e1val a szolg\u00e1lati lak\u00e1s m\u00e9ret\u00e9t cs\u00f6kkentett\u00e9k, \u00faj helyis\u00e9geket alak\u00edtva ki a hat\u00e9konyabb ell\u00e1t\u00e1s \u00e9rdek\u00e9ben. A 27\u00a0000 000 Ft eur\u00f3pai uni\u00f3s t\u00e1mogat\u00e1s seg\u00edts\u00e9g\u00e9vel k\u00fcl\u00f6n v\u00e9d\u0151n\u0151i tan\u00e1csad\u00f3 helyis\u00e9g, k\u00fcl\u00f6nnem\u0171 vizesblokk \u00e9s akad\u00e1lymentes mell\u00e9khelyis\u00e9g, az orvosi rendel\u0151ben pedig az asszisztens sz\u00e1m\u00e1ra \u00f6n\u00e1ll\u00f3 helyis\u00e9g ker\u00fclt kialak\u00edt\u00e1sra. Megval\u00f3sult ezen k\u00edv\u00fcl az \u00e9p\u00fclet k\u00fcls\u0151-bels\u0151 akad\u00e1lymentes\u00edt\u00e9se is, az energiahat\u00e9konys\u00e1g n\u00f6vel\u00e9se c\u00e9lj\u00e1b\u00f3l ezen k\u00edv\u00fcl napkollektorokat is telep\u00edtettek a szakemberek. A projekt a megyei \u00f6nkorm\u00e1nyzat koordin\u00e1ci\u00f3j\u00e1val \u00e9s t\u00e1mogat\u00f3 javaslata alapj\u00e1n val\u00f3sult meg.<\/p>\n<p><em>Fot\u00f3: Valovics L\u00e1szl\u00f3 (a fel\u00faj\u00edt\u00e1s elkezd\u00e9sekor k\u00e9sz\u00fclt a k\u00e9p)<\/em><\/p>\n","protected":false},"excerpt":{"rendered":"<p>A Sz\u00e9chenyi 2020 program keret\u00e9ben 27,0 M Ft eur\u00f3pai uni\u00f3s, vissza nem t\u00e9r\u00edtend\u0151 t\u00e1mogat\u00e1s seg\u00edts\u00e9g\u00e9vel Le\u00e1nyv\u00e1ron meg\u00fajult a h\u00e1ziorvosi, valamint a v\u00e9d\u0151n\u0151i ell\u00e1t\u00e1snak helyet ad\u00f3 rendel\u0151 \u00e9p\u00fclete. Le\u00e1nyv\u00e1r K\u00f6zs\u00e9g \u00d6nkorm\u00e1nyzata h\u00e1ziorvosi rendel\u0151j\u00e9nek fejleszt\u00e9s\u00e9re \u00e9s az alapszolg\u00e1ltat\u00e1sok integr\u00e1ci\u00f3j\u00e1ra p\u00e1ly\u00e1zott \u00e9s nyert t\u00e1mogat\u00e1st a TOP-4.1.1-15 k\u00f3dsz\u00e1m\u00fa, Eg\u00e9szs\u00e9g\u00fcgyi alapell\u00e1t\u00e1s infrastruktur\u00e1lis fejleszt\u00e9se c\u00edm\u0171 felh\u00edv\u00e1son. Az ell\u00e1t\u00e1snak helyt ad\u00f3 k\u00e9t<\/p>\n","protected":false},"author":1,"featured_media":9750,"comment_status":"closed","ping_status":"closed","sticky":false,"template":"","format":"standard","meta":{"ngg_post_thumbnail":0,"footnotes":""},"categories":[3,9],"tags":[3395,55,1815,2789],"class_list":{"0":"post-14338","1":"post","2":"type-post","3":"status-publish","4":"format-standard","5":"has-post-thumbnail","7":"category-hirek","8":"category-leanyvar","9":"tag-haziorvosi-rendelo","10":"tag-leanyvar","11":"tag-rendelo","12":"tag-vedono"},"yoast_head":"<!-- This site is optimized with the Yoast SEO plugin v27.4 - https:\/\/yoast.com\/product\/yoast-seo-wordpress\/ -->\n<title>Meg\u00fajult Le\u00e1nyv\u00e1ron a rendel\u0151 \u00e9p\u00fclete<\/title>\n<meta name=\"robots\" content=\"index, follow, max-snippet:-1, max-image-preview:large, max-video-preview:-1\" \/>\n<link rel=\"canonical\" href=\"https:\/\/dorogimedence.hu\/index.php\/2019\/01\/16\/megujult-leanyvaron-a-rendelo-epulete\/\" class=\"yoast-seo-meta-tag\" \/>\n<meta property=\"og:locale\" content=\"hu_HU\" class=\"yoast-seo-meta-tag\" \/>\n<meta property=\"og:type\" content=\"article\" class=\"yoast-seo-meta-tag\" \/>\n<meta property=\"og:title\" content=\"Meg\u00fajult Le\u00e1nyv\u00e1ron a rendel\u0151 \u00e9p\u00fclete\" class=\"yoast-seo-meta-tag\" \/>\n<meta property=\"og:description\" content=\"A Sz\u00e9chenyi 2020 program keret\u00e9ben 27,0 M Ft eur\u00f3pai uni\u00f3s, vissza nem t\u00e9r\u00edtend\u0151 t\u00e1mogat\u00e1s seg\u00edts\u00e9g\u00e9vel Le\u00e1nyv\u00e1ron meg\u00fajult a h\u00e1ziorvosi, valamint a v\u00e9d\u0151n\u0151i ell\u00e1t\u00e1snak helyet ad\u00f3 rendel\u0151 \u00e9p\u00fclete. Le\u00e1nyv\u00e1r K\u00f6zs\u00e9g \u00d6nkorm\u00e1nyzata h\u00e1ziorvosi rendel\u0151j\u00e9nek fejleszt\u00e9s\u00e9re \u00e9s az alapszolg\u00e1ltat\u00e1sok integr\u00e1ci\u00f3j\u00e1ra p\u00e1ly\u00e1zott \u00e9s nyert t\u00e1mogat\u00e1st a TOP-4.1.1-15 k\u00f3dsz\u00e1m\u00fa, Eg\u00e9szs\u00e9g\u00fcgyi alapell\u00e1t\u00e1s infrastruktur\u00e1lis fejleszt\u00e9se c\u00edm\u0171 felh\u00edv\u00e1son. Az ell\u00e1t\u00e1snak helyt ad\u00f3 k\u00e9t\" class=\"yoast-seo-meta-tag\" \/>\n<meta property=\"og:url\" content=\"https:\/\/dorogimedence.hu\/index.php\/2019\/01\/16\/megujult-leanyvaron-a-rendelo-epulete\/\" class=\"yoast-seo-meta-tag\" \/>\n<meta property=\"og:site_name\" content=\"Dorogi-medence Region\u00e1lis H\u00edrport\u00e1l\" class=\"yoast-seo-meta-tag\" \/>\n<meta property=\"article:publisher\" content=\"https:\/\/www.facebook.com\/dorogimedence\/\" class=\"yoast-seo-meta-tag\" \/>\n<meta property=\"article:published_time\" content=\"2019-01-16T13:31:55+00:00\" class=\"yoast-seo-meta-tag\" \/>\n<meta property=\"og:image\" content=\"https:\/\/i0.wp.com\/dorogimedence.hu\/wp-content\/uploads\/2018\/04\/rendelo-leanyvar.jpg?fit=670%2C365&ssl=1\" class=\"yoast-seo-meta-tag\" \/>\n\t<meta property=\"og:image:width\" content=\"670\" class=\"yoast-seo-meta-tag\" \/>\n\t<meta property=\"og:image:height\" content=\"365\" class=\"yoast-seo-meta-tag\" \/>\n\t<meta property=\"og:image:type\" content=\"image\/jpeg\" class=\"yoast-seo-meta-tag\" \/>\n<meta name=\"author\" content=\"dorogimedence.hu\" class=\"yoast-seo-meta-tag\" \/>\n<meta name=\"twitter:card\" content=\"summary_large_image\" class=\"yoast-seo-meta-tag\" \/>\n<meta name=\"twitter:label1\" content=\"Szerz\u0151:\" class=\"yoast-seo-meta-tag\" \/>\n\t<meta name=\"twitter:data1\" content=\"dorogimedence.hu\" class=\"yoast-seo-meta-tag\" \/>\n\t<meta name=\"twitter:label2\" content=\"Becs\u00fclt olvas\u00e1si id\u0151\" class=\"yoast-seo-meta-tag\" \/>\n\t<meta name=\"twitter:data2\" content=\"2 perc\" class=\"yoast-seo-meta-tag\" \/>\n<script type=\"application\/ld+json\" class=\"yoast-schema-graph\">{\"@context\":\"https:\\\/\\\/schema.org\",\"@graph\":[{\"@type\":\"Article\",\"@id\":\"https:\\\/\\\/dorogimedence.hu\\\/index.php\\\/2019\\\/01\\\/16\\\/megujult-leanyvaron-a-rendelo-epulete\\\/#article\",\"isPartOf\":{\"@id\":\"https:\\\/\\\/dorogimedence.hu\\\/index.php\\\/2019\\\/01\\\/16\\\/megujult-leanyvaron-a-rendelo-epulete\\\/\"},\"author\":{\"name\":\"dorogimedence.hu\",\"@id\":\"https:\\\/\\\/dorogimedence.hu\\\/#\\\/schema\\\/person\\\/ce6091eeb7e95ecdc87890d6aa8e0fd4\"},\"headline\":\"Meg\u00fajult Le\u00e1nyv\u00e1ron a rendel\u0151 \u00e9p\u00fclete\",\"datePublished\":\"2019-01-16T13:31:55+00:00\",\"mainEntityOfPage\":{\"@id\":\"https:\\\/\\\/dorogimedence.hu\\\/index.php\\\/2019\\\/01\\\/16\\\/megujult-leanyvaron-a-rendelo-epulete\\\/\"},\"wordCount\":364,\"publisher\":{\"@id\":\"https:\\\/\\\/dorogimedence.hu\\\/#organization\"},\"image\":{\"@id\":\"https:\\\/\\\/dorogimedence.hu\\\/index.php\\\/2019\\\/01\\\/16\\\/megujult-leanyvaron-a-rendelo-epulete\\\/#primaryimage\"},\"thumbnailUrl\":\"https:\\\/\\\/dorogimedence.hu\\\/wp-content\\\/uploads\\\/2018\\\/04\\\/rendelo-leanyvar.jpg\",\"keywords\":[\"h\u00e1ziorvosi rendel\u0151\",\"le\u00e1nyv\u00e1r\",\"rendel\u0151\",\"v\u00e9d\u0151n\u0151\"],\"articleSection\":[\"H\u00edrek\",\"Le\u00e1nyv\u00e1r\"],\"inLanguage\":\"hu\"},{\"@type\":\"WebPage\",\"@id\":\"https:\\\/\\\/dorogimedence.hu\\\/index.php\\\/2019\\\/01\\\/16\\\/megujult-leanyvaron-a-rendelo-epulete\\\/\",\"url\":\"https:\\\/\\\/dorogimedence.hu\\\/index.php\\\/2019\\\/01\\\/16\\\/megujult-leanyvaron-a-rendelo-epulete\\\/\",\"name\":\"Meg\u00fajult Le\u00e1nyv\u00e1ron a rendel\u0151 \u00e9p\u00fclete\",\"isPartOf\":{\"@id\":\"https:\\\/\\\/dorogimedence.hu\\\/#website\"},\"primaryImageOfPage\":{\"@id\":\"https:\\\/\\\/dorogimedence.hu\\\/index.php\\\/2019\\\/01\\\/16\\\/megujult-leanyvaron-a-rendelo-epulete\\\/#primaryimage\"},\"image\":{\"@id\":\"https:\\\/\\\/dorogimedence.hu\\\/index.php\\\/2019\\\/01\\\/16\\\/megujult-leanyvaron-a-rendelo-epulete\\\/#primaryimage\"},\"thumbnailUrl\":\"https:\\\/\\\/dorogimedence.hu\\\/wp-content\\\/uploads\\\/2018\\\/04\\\/rendelo-leanyvar.jpg\",\"datePublished\":\"2019-01-16T13:31:55+00:00\",\"breadcrumb\":{\"@id\":\"https:\\\/\\\/dorogimedence.hu\\\/index.php\\\/2019\\\/01\\\/16\\\/megujult-leanyvaron-a-rendelo-epulete\\\/#breadcrumb\"},\"inLanguage\":\"hu\",\"potentialAction\":[{\"@type\":\"ReadAction\",\"target\":[\"https:\\\/\\\/dorogimedence.hu\\\/index.php\\\/2019\\\/01\\\/16\\\/megujult-leanyvaron-a-rendelo-epulete\\\/\"]}]},{\"@type\":\"ImageObject\",\"inLanguage\":\"hu\",\"@id\":\"https:\\\/\\\/dorogimedence.hu\\\/index.php\\\/2019\\\/01\\\/16\\\/megujult-leanyvaron-a-rendelo-epulete\\\/#primaryimage\",\"url\":\"https:\\\/\\\/dorogimedence.hu\\\/wp-content\\\/uploads\\\/2018\\\/04\\\/rendelo-leanyvar.jpg\",\"contentUrl\":\"https:\\\/\\\/dorogimedence.hu\\\/wp-content\\\/uploads\\\/2018\\\/04\\\/rendelo-leanyvar.jpg\",\"width\":670,\"height\":365},{\"@type\":\"BreadcrumbList\",\"@id\":\"https:\\\/\\\/dorogimedence.hu\\\/index.php\\\/2019\\\/01\\\/16\\\/megujult-leanyvaron-a-rendelo-epulete\\\/#breadcrumb\",\"itemListElement\":[{\"@type\":\"ListItem\",\"position\":1,\"name\":\"Kezd\u0151lap\",\"item\":\"https:\\\/\\\/dorogimedence.hu\\\/\"},{\"@type\":\"ListItem\",\"position\":2,\"name\":\"Meg\u00fajult Le\u00e1nyv\u00e1ron a rendel\u0151 \u00e9p\u00fclete\"}]},{\"@type\":\"WebSite\",\"@id\":\"https:\\\/\\\/dorogimedence.hu\\\/#website\",\"url\":\"https:\\\/\\\/dorogimedence.hu\\\/\",\"name\":\"Dorogi-medence Region\u00e1lis H\u00edrport\u00e1l\",\"description\":\"Dorog, Keszt\u00f6lc, Le\u00e1nyv\u00e1r, Piliscs\u00e9v, Tokod, Tokodalt\u00e1r\u00f3, Csolnok, Esztergom-kertv\u00e1ros: h\u00edrek, programok\",\"publisher\":{\"@id\":\"https:\\\/\\\/dorogimedence.hu\\\/#organization\"},\"potentialAction\":[{\"@type\":\"SearchAction\",\"target\":{\"@type\":\"EntryPoint\",\"urlTemplate\":\"https:\\\/\\\/dorogimedence.hu\\\/?s={search_term_string}\"},\"query-input\":{\"@type\":\"PropertyValueSpecification\",\"valueRequired\":true,\"valueName\":\"search_term_string\"}}],\"inLanguage\":\"hu\"},{\"@type\":\"Organization\",\"@id\":\"https:\\\/\\\/dorogimedence.hu\\\/#organization\",\"name\":\"Dorogi-medence Region\u00e1lis H\u00edrport\u00e1l\",\"url\":\"https:\\\/\\\/dorogimedence.hu\\\/\",\"logo\":{\"@type\":\"ImageObject\",\"inLanguage\":\"hu\",\"@id\":\"https:\\\/\\\/dorogimedence.hu\\\/#\\\/schema\\\/logo\\\/image\\\/\",\"url\":\"https:\\\/\\\/dorogimedence.hu\\\/wp-content\\\/uploads\\\/2021\\\/04\\\/logo-feher-600.png\",\"contentUrl\":\"https:\\\/\\\/dorogimedence.hu\\\/wp-content\\\/uploads\\\/2021\\\/04\\\/logo-feher-600.png\",\"width\":600,\"height\":100,\"caption\":\"Dorogi-medence Region\u00e1lis H\u00edrport\u00e1l\"},\"image\":{\"@id\":\"https:\\\/\\\/dorogimedence.hu\\\/#\\\/schema\\\/logo\\\/image\\\/\"},\"sameAs\":[\"https:\\\/\\\/www.facebook.com\\\/dorogimedence\\\/\"]},{\"@type\":\"Person\",\"@id\":\"https:\\\/\\\/dorogimedence.hu\\\/#\\\/schema\\\/person\\\/ce6091eeb7e95ecdc87890d6aa8e0fd4\",\"name\":\"dorogimedence.hu\",\"image\":{\"@type\":\"ImageObject\",\"inLanguage\":\"hu\",\"@id\":\"\\\/\\\/www.gravatar.com\\\/avatar\\\/d8d45f8901aadff40a4af72c0b826f1d?s=96&#038;r=g&#038;d=mm\",\"url\":\"\\\/\\\/www.gravatar.com\\\/avatar\\\/d8d45f8901aadff40a4af72c0b826f1d?s=96&#038;r=g&#038;d=mm\",\"contentUrl\":\"\\\/\\\/www.gravatar.com\\\/avatar\\\/d8d45f8901aadff40a4af72c0b826f1d?s=96&#038;r=g&#038;d=mm\",\"caption\":\"dorogimedence.hu\"}}]}<\/script>\n<!-- \/ Yoast SEO plugin. -->","yoast_head_json":{"title":"Meg\u00fajult Le\u00e1nyv\u00e1ron a rendel\u0151 \u00e9p\u00fclete","robots":{"index":"index","follow":"follow","max-snippet":"max-snippet:-1","max-image-preview":"max-image-preview:large","max-video-preview":"max-video-preview:-1"},"canonical":"https:\/\/dorogimedence.hu\/index.php\/2019\/01\/16\/megujult-leanyvaron-a-rendelo-epulete\/","og_locale":"hu_HU","og_type":"article","og_title":"Meg\u00fajult Le\u00e1nyv\u00e1ron a rendel\u0151 \u00e9p\u00fclete","og_description":"A Sz\u00e9chenyi 2020 program keret\u00e9ben 27,0 M Ft eur\u00f3pai uni\u00f3s, vissza nem t\u00e9r\u00edtend\u0151 t\u00e1mogat\u00e1s seg\u00edts\u00e9g\u00e9vel Le\u00e1nyv\u00e1ron meg\u00fajult a h\u00e1ziorvosi, valamint a v\u00e9d\u0151n\u0151i ell\u00e1t\u00e1snak helyet ad\u00f3 rendel\u0151 \u00e9p\u00fclete. Le\u00e1nyv\u00e1r K\u00f6zs\u00e9g \u00d6nkorm\u00e1nyzata h\u00e1ziorvosi rendel\u0151j\u00e9nek fejleszt\u00e9s\u00e9re \u00e9s az alapszolg\u00e1ltat\u00e1sok integr\u00e1ci\u00f3j\u00e1ra p\u00e1ly\u00e1zott \u00e9s nyert t\u00e1mogat\u00e1st a TOP-4.1.1-15 k\u00f3dsz\u00e1m\u00fa, Eg\u00e9szs\u00e9g\u00fcgyi alapell\u00e1t\u00e1s infrastruktur\u00e1lis fejleszt\u00e9se c\u00edm\u0171 felh\u00edv\u00e1son. Az ell\u00e1t\u00e1snak helyt ad\u00f3 k\u00e9t","og_url":"https:\/\/dorogimedence.hu\/index.php\/2019\/01\/16\/megujult-leanyvaron-a-rendelo-epulete\/","og_site_name":"Dorogi-medence Region\u00e1lis H\u00edrport\u00e1l","article_publisher":"https:\/\/www.facebook.com\/dorogimedence\/","article_published_time":"2019-01-16T13:31:55+00:00","og_image":[{"width":670,"height":365,"url":"https:\/\/i0.wp.com\/dorogimedence.hu\/wp-content\/uploads\/2018\/04\/rendelo-leanyvar.jpg?fit=670%2C365&ssl=1","type":"image\/jpeg"}],"author":"dorogimedence.hu","twitter_card":"summary_large_image","twitter_misc":{"Szerz\u0151:":"dorogimedence.hu","Becs\u00fclt olvas\u00e1si id\u0151":"2 perc"},"schema":{"@context":"https:\/\/schema.org","@graph":[{"@type":"Article","@id":"https:\/\/dorogimedence.hu\/index.php\/2019\/01\/16\/megujult-leanyvaron-a-rendelo-epulete\/#article","isPartOf":{"@id":"https:\/\/dorogimedence.hu\/index.php\/2019\/01\/16\/megujult-leanyvaron-a-rendelo-epulete\/"},"author":{"name":"dorogimedence.hu","@id":"https:\/\/dorogimedence.hu\/#\/schema\/person\/ce6091eeb7e95ecdc87890d6aa8e0fd4"},"headline":"Meg\u00fajult Le\u00e1nyv\u00e1ron a rendel\u0151 \u00e9p\u00fclete","datePublished":"2019-01-16T13:31:55+00:00","mainEntityOfPage":{"@id":"https:\/\/dorogimedence.hu\/index.php\/2019\/01\/16\/megujult-leanyvaron-a-rendelo-epulete\/"},"wordCount":364,"publisher":{"@id":"https:\/\/dorogimedence.hu\/#organization"},"image":{"@id":"https:\/\/dorogimedence.hu\/index.php\/2019\/01\/16\/megujult-leanyvaron-a-rendelo-epulete\/#primaryimage"},"thumbnailUrl":"https:\/\/dorogimedence.hu\/wp-content\/uploads\/2018\/04\/rendelo-leanyvar.jpg","keywords":["h\u00e1ziorvosi rendel\u0151","le\u00e1nyv\u00e1r","rendel\u0151","v\u00e9d\u0151n\u0151"],"articleSection":["H\u00edrek","Le\u00e1nyv\u00e1r"],"inLanguage":"hu"},{"@type":"WebPage","@id":"https:\/\/dorogimedence.hu\/index.php\/2019\/01\/16\/megujult-leanyvaron-a-rendelo-epulete\/","url":"https:\/\/dorogimedence.hu\/index.php\/2019\/01\/16\/megujult-leanyvaron-a-rendelo-epulete\/","name":"Meg\u00fajult Le\u00e1nyv\u00e1ron a rendel\u0151 \u00e9p\u00fclete","isPartOf":{"@id":"https:\/\/dorogimedence.hu\/#website"},"primaryImageOfPage":{"@id":"https:\/\/dorogimedence.hu\/index.php\/2019\/01\/16\/megujult-leanyvaron-a-rendelo-epulete\/#primaryimage"},"image":{"@id":"https:\/\/dorogimedence.hu\/index.php\/2019\/01\/16\/megujult-leanyvaron-a-rendelo-epulete\/#primaryimage"},"thumbnailUrl":"https:\/\/dorogimedence.hu\/wp-content\/uploads\/2018\/04\/rendelo-leanyvar.jpg","datePublished":"2019-01-16T13:31:55+00:00","breadcrumb":{"@id":"https:\/\/dorogimedence.hu\/index.php\/2019\/01\/16\/megujult-leanyvaron-a-rendelo-epulete\/#breadcrumb"},"inLanguage":"hu","potentialAction":[{"@type":"ReadAction","target":["https:\/\/dorogimedence.hu\/index.php\/2019\/01\/16\/megujult-leanyvaron-a-rendelo-epulete\/"]}]},{"@type":"ImageObject","inLanguage":"hu","@id":"https:\/\/dorogimedence.hu\/index.php\/2019\/01\/16\/megujult-leanyvaron-a-rendelo-epulete\/#primaryimage","url":"https:\/\/dorogimedence.hu\/wp-content\/uploads\/2018\/04\/rendelo-leanyvar.jpg","contentUrl":"https:\/\/dorogimedence.hu\/wp-content\/uploads\/2018\/04\/rendelo-leanyvar.jpg","width":670,"height":365},{"@type":"BreadcrumbList","@id":"https:\/\/dorogimedence.hu\/index.php\/2019\/01\/16\/megujult-leanyvaron-a-rendelo-epulete\/#breadcrumb","itemListElement":[{"@type":"ListItem","position":1,"name":"Kezd\u0151lap","item":"https:\/\/dorogimedence.hu\/"},{"@type":"ListItem","position":2,"name":"Meg\u00fajult Le\u00e1nyv\u00e1ron a rendel\u0151 \u00e9p\u00fclete"}]},{"@type":"WebSite","@id":"https:\/\/dorogimedence.hu\/#website","url":"https:\/\/dorogimedence.hu\/","name":"Dorogi-medence Region\u00e1lis H\u00edrport\u00e1l","description":"Dorog, Keszt\u00f6lc, Le\u00e1nyv\u00e1r, Piliscs\u00e9v, Tokod, Tokodalt\u00e1r\u00f3, Csolnok, Esztergom-kertv\u00e1ros: h\u00edrek, programok","publisher":{"@id":"https:\/\/dorogimedence.hu\/#organization"},"potentialAction":[{"@type":"SearchAction","target":{"@type":"EntryPoint","urlTemplate":"https:\/\/dorogimedence.hu\/?s={search_term_string}"},"query-input":{"@type":"PropertyValueSpecification","valueRequired":true,"valueName":"search_term_string"}}],"inLanguage":"hu"},{"@type":"Organization","@id":"https:\/\/dorogimedence.hu\/#organization","name":"Dorogi-medence Region\u00e1lis H\u00edrport\u00e1l","url":"https:\/\/dorogimedence.hu\/","logo":{"@type":"ImageObject","inLanguage":"hu","@id":"https:\/\/dorogimedence.hu\/#\/schema\/logo\/image\/","url":"https:\/\/dorogimedence.hu\/wp-content\/uploads\/2021\/04\/logo-feher-600.png","contentUrl":"https:\/\/dorogimedence.hu\/wp-content\/uploads\/2021\/04\/logo-feher-600.png","width":600,"height":100,"caption":"Dorogi-medence Region\u00e1lis H\u00edrport\u00e1l"},"image":{"@id":"https:\/\/dorogimedence.hu\/#\/schema\/logo\/image\/"},"sameAs":["https:\/\/www.facebook.com\/dorogimedence\/"]},{"@type":"Person","@id":"https:\/\/dorogimedence.hu\/#\/schema\/person\/ce6091eeb7e95ecdc87890d6aa8e0fd4","name":"dorogimedence.hu","image":{"@type":"ImageObject","inLanguage":"hu","@id":"\/\/www.gravatar.com\/avatar\/d8d45f8901aadff40a4af72c0b826f1d?s=96&#038;r=g&#038;d=mm","url":"\/\/www.gravatar.com\/avatar\/d8d45f8901aadff40a4af72c0b826f1d?s=96&#038;r=g&#038;d=mm","contentUrl":"\/\/www.gravatar.com\/avatar\/d8d45f8901aadff40a4af72c0b826f1d?s=96&#038;r=g&#038;d=mm","caption":"dorogimedence.hu"}}]}},"_links":{"self":[{"href":"https:\/\/dorogimedence.hu\/index.php\/wp-json\/wp\/v2\/posts\/14338","targetHints":{"allow":["GET"]}}],"collection":[{"href":"https:\/\/dorogimedence.hu\/index.php\/wp-json\/wp\/v2\/posts"}],"about":[{"href":"https:\/\/dorogimedence.hu\/index.php\/wp-json\/wp\/v2\/types\/post"}],"author":[{"embeddable":true,"href":"https:\/\/dorogimedence.hu\/index.php\/wp-json\/wp\/v2\/users\/1"}],"replies":[{"embeddable":true,"href":"https:\/\/dorogimedence.hu\/index.php\/wp-json\/wp\/v2\/comments?post=14338"}],"version-history":[{"count":0,"href":"https:\/\/dorogimedence.hu\/index.php\/wp-json\/wp\/v2\/posts\/14338\/revisions"}],"wp:featuredmedia":[{"embeddable":true,"href":"https:\/\/dorogimedence.hu\/index.php\/wp-json\/wp\/v2\/media\/9750"}],"wp:attachment":[{"href":"https:\/\/dorogimedence.hu\/index.php\/wp-json\/wp\/v2\/media?parent=14338"}],"wp:term":[{"taxonomy":"category","embeddable":true,"href":"https:\/\/dorogimedence.hu\/index.php\/wp-json\/wp\/v2\/categories?post=14338"},{"taxonomy":"post_tag","embeddable":true,"href":"https:\/\/dorogimedence.hu\/index.php\/wp-json\/wp\/v2\/tags?post=14338"}],"curies":[{"name":"wp","href":"https:\/\/api.w.org\/{rel}","templated":true}]}}