{"id":14327,"date":"2019-01-16T06:51:06","date_gmt":"2019-01-16T05:51:06","guid":{"rendered":"http:\/\/dorogimedence.hu\/?p=14327"},"modified":"2019-01-16T06:51:06","modified_gmt":"2019-01-16T05:51:06","slug":"az-egykori-dorogi-sebesz-volt-az-esztergomi-konyvtar-vendege","status":"publish","type":"post","link":"https:\/\/dorogimedence.hu\/index.php\/2019\/01\/16\/az-egykori-dorogi-sebesz-volt-az-esztergomi-konyvtar-vendege\/","title":{"rendered":"Az egykori dorogi seb\u00e9sz volt az esztergomi k\u00f6nyvt\u00e1r vend\u00e9ge"},"content":{"rendered":"<p><strong>Az Esztergomi Helischer J\u00f3zsef V\u00e1rosi K\u00f6nyvt\u00e1r K\u00f6zt\u00fcnk \u00e9lnek sorozat\u00e1nak 2019 \u00e9vi els\u0151 megh\u00edvottja dr. T\u0151r\u00f6s P\u00e9ter seb\u00e9sz volt.<\/strong><\/p>\n<p>P\u00e9ter 2018-ban Esztergom v\u00e1ros\u00e1t\u00f3l Dr. G\u00f6nczy B\u00e9la-d\u00edjban r\u00e9szes\u00fclt, v\u00e1rosunk az \u201eEsztergomi Gy\u00f3gy\u00edt\u00e1s\u00e9rt\u201d kit\u00fcntet\u00e9s adom\u00e1nyoz\u00e1s\u00e1val k\u00edv\u00e1nja elismerni azok tev\u00e9kenys\u00e9g\u00e9t, akik a v\u00e1roslakoss\u00e1g\u00e1nak eg\u00e9szs\u00e9gv\u00e9delme \u00e9s gy\u00f3gy\u00edt\u00e1sa \u00e9rdek\u00e9ben kiemelked\u0151, \u00e1ldozatk\u00e9sz \u00e9s felel\u0151ss\u00e9gteljes tev\u00e9kenys\u00e9get v\u00e9geztek.<\/p>\n<p>T\u0151r\u00f6s P\u00e9ter a f\u0151v\u00e1rosban sz\u00fcletett. A fiatal kor\u00e1t meghat\u00e1roz\u00f3 t\u00e1rsb\u00e9rleti k\u00f6r\u00fclm\u00e9nyekt\u0151l hossz\u00fa \u00fat vezetett az orvosdoktori diploma megszerz\u00e9s\u00e9ig. Nem volt az a t\u00edpus, aki gyermekkor\u00e1ban \u00e1llatokat boncolt, \u00e9s az otthoni esti besz\u00e9lget\u00e9sek nem a gy\u00f3gy\u00edt\u00e1sr\u00f3l sz\u00f3ltak, hanem ink\u00e1bb a napi gondok megold\u00e1s\u00e1ra szor\u00edtkoztak. 1967-ben szerzett diplom\u00e1t a Semmelweis Orvostudom\u00e1nyi Egyetemen. Csal\u00e1dj\u00e1ban \u0151 volt az els\u0151 orvos.<\/p>\n<p>Az egyetem alatt alkalmi munkav\u00e1llal\u00e1s\u00e1val \u2013 t\u00f6bbek k\u00f6z\u00f6tt vend\u00e9gl\u0151i zen\u00e9szk\u00e9nt \u2013 dolgozott, teremtette el\u0151 a di\u00e1k\u00e9lethez sz\u00fcks\u00e9ges anyagi fedezetet, ebben sz\u00fclei gondjainak cs\u00f6kkent\u00e9se volt a f\u0151 vez\u00e9rmot\u00edvum. Az egyetem elv\u00e9gz\u00e9se ut\u00e1n demonstr\u00e1tork\u00e9nt dolgozott a Budapesti Orvostudom\u00e1nyi Egyetem Anat\u00f3miai Int\u00e9zet\u00e9ben, ahol megalapozta \u00e9s magas szintre fejlesztette egyetemi oktat\u00f3k\u00e9nt a k\u00e9s\u0151bbi szakm\u00e1j\u00e1hoz sz\u00fcks\u00e9ges, n\u00e9lk\u00fcl\u00f6zhetetlen alapismereteket.<\/p>\n<p>1968-ben ker\u00fclt Esztergomba a Seb\u00e9szeti Oszt\u00e1lyra, ahol seg\u00e9dorvosk\u00e9nt, majd adjunktusk\u00e9nt \u00e9s f\u0151orvosk\u00e9nt szolg\u00e1lta a t\u00e9rs\u00e9g seb\u00e9szeti ell\u00e1t\u00e1s\u00e1t majd 40 \u00e9ven kereszt\u00fcl.<\/p>\n<p><img fetchpriority=\"high\" decoding=\"async\" class=\"alignnone size-full wp-image-14329\" src=\"https:\/\/dorogimedence.hu\/wp-content\/uploads\/2019\/01\/toros-peter-02.jpg\" alt=\"\" width=\"670\" height=\"365\" srcset=\"https:\/\/dorogimedence.hu\/wp-content\/uploads\/2019\/01\/toros-peter-02.jpg 670w, https:\/\/dorogimedence.hu\/wp-content\/uploads\/2019\/01\/toros-peter-02-300x163.jpg 300w\" sizes=\"(max-width: 670px) 100vw, 670px\" \/><\/p>\n<p>A Pestr\u0151l j\u00f6tt, friss diplom\u00e1s orvos nagy amb\u00edci\u00f3kkal kezdte munk\u00e1j\u00e1t, kezdett\u0151l fogva a lelkesed\u00e9s, a probl\u00e9m\u00e1k gyors megold\u00e1sa \u00e9s a hat\u00e1rozotts\u00e1ga voltak jellemz\u0151 von\u00e1sai, mely kifog\u00e1stalan manualit\u00e1sa mellett kiemelt\u00e9k \u0150t a k\u00f6z\u00e9pszintb\u0151l. A seb\u00e9szeti szakvizsg\u00e1t k\u00f6vet\u0151en \u00e9rseb\u00e9szeti ter\u00fcleten k\u00e9pezte tov\u00e1bb mag\u00e1t \u00e9s Dr. M\u00e1tyus Lajos, valamint Dr. Leel-\u00d6ssy L\u00f3r\u00e1nt teamj\u00e9ben orsz\u00e1gos szint\u0171 elismerts\u00e9get szerzett \u2013 az esztergomi k\u00f3rh\u00e1znak is \u2013 a perif\u00e9ri\u00e1s erek rekonstrukci\u00f3s m\u0171t\u00e9teit illet\u0151en. Alappill\u00e9re volt a M\u0171vese \u00c1llom\u00e1s beindul\u00e1sakor, a betegek kezel\u00e9sre val\u00f3 alkalmass\u00e1 t\u00e9tel\u00e9nek, mely egy \u00faj \u00e9rseb\u00e9szeti technik\u00e1t ig\u00e9nyelt. Az akkori k\u00f3rh\u00e1z f\u0151orvosai, akik m\u00e9lt\u00f3 t\u00e1rsai voltak, M\u00e1tyus Lajos \u2013 K\u00e1rp\u00e1thy L\u00e1szl\u00f3 (sz\u00fcl\u00e9szet), Russay Gy\u00f6rgy (g\u00e9g\u00e9szet), Kiss Gyula (b\u0151rgy\u00f3gy\u00e1szat), Patonay J\u00e1nos (gyerekgy\u00f3gy\u00e1szat), Marcell Istv\u00e1n (urol\u00f3gia), Teleki K\u00e1lm\u00e1n (t\u00fcd\u0151gy\u00f3gy\u00e1szat), L\u00e9lek Istv\u00e1n (belgy\u00f3gy\u00e1szat), Kerekes K\u00e1roly (patol\u00f3gia), Mohos Zolt\u00e1n (laborat\u00f3rium) hamar befogadta a tehets\u00e9ges fiatalt.<\/p>\n<p>Nem csak a f\u0151orvosok, de fiatal kolleg\u00e1i P\u00e9nzes Istv\u00e1n, Z\u00e1mbori J\u00e1nos, Havasi L\u00e1szl\u00f3, Lampert Andr\u00e1s is szeretettel fordultak ir\u00e1ny\u00e1ba. Igazi k\u00f6z\u00f6ss\u00e9gi ember volt eg\u00e9sz p\u00e1lyafut\u00e1sa sor\u00e1n. 1982-be p\u00e1rttitk\u00e1r lett, de ez nem befoly\u00e1solta szakmai elismerts\u00e9g\u00e9t. Biztos kez\u0171 seb\u00e9szk\u00e9nt m\u00e9lt\u00f3 helyettese lett M\u00e1tyus Lajosnak. \u0150 ind\u00edtotta el Esztergomban a betegek \u00e9rseb\u00e9szeti ell\u00e1t\u00e1s\u00e1t is.<\/p>\n<p>1986-1993-ig a dorogi k\u00f3rh\u00e1z seb\u00e9szeti oszt\u00e1ly\u00e1t vezette. 1997-t\u0151l 2000-ig a Magyar Orvosi Kamara Esztergomi Szervezet\u00e9nek eln\u00f6k\u00e9v\u00e9 v\u00e1lasztott\u00e1k. 2007-ben tette le a szik\u00e9t, ezut\u00e1n a k\u00f3rh\u00e1z min\u0151s\u00e9gbiztos\u00edt\u00e1si igazgat\u00f3i feladatait l\u00e1tta el. Megbecs\u00fclt szakembere, seb\u00e9sz f\u0151orvosa \u00e9s szakmai \u00e9rt\u00e9ke lett k\u00f3rh\u00e1zunknak.<\/p>\n<p><img decoding=\"async\" class=\"alignnone size-full wp-image-14330\" src=\"https:\/\/dorogimedence.hu\/wp-content\/uploads\/2019\/01\/toros-peter-03.jpg\" alt=\"\" width=\"670\" height=\"365\" srcset=\"https:\/\/dorogimedence.hu\/wp-content\/uploads\/2019\/01\/toros-peter-03.jpg 670w, https:\/\/dorogimedence.hu\/wp-content\/uploads\/2019\/01\/toros-peter-03-300x163.jpg 300w\" sizes=\"(max-width: 670px) 100vw, 670px\" \/><\/p>\n<p>Emp\u00e1ti\u00e1s jelleme, hat\u00e1rozotts\u00e1ga, m\u0171t\u00e9t k\u00f6zbeni nyugalma mindig \u00e1tseg\u00edtette az aktu\u00e1lis neh\u00e9zs\u00e9geken, j\u00f3 diagnosztikus k\u00e9szs\u00e9g\u00e9vel a probl\u00e9m\u00e1s helyzeteket is nagy biztons\u00e1ggal oldotta meg, mindig ura volt a helyzetnek, konfliktuskezel\u0151 k\u00e9pess\u00e9ge a m\u0171t\u0151ben k\u00f6zismert volt. Szorgalmazta a m\u0171t\u00e9tek ut\u00e1ni gondoz\u00e1s fontoss\u00e1g\u00e1t, \u00fagy, hogy abban az id\u0151ben k\u00e9szenl\u00e9ti \u00fcgyelet nem l\u00e9v\u00e9n \u00e9jjel-nappal riaszthat\u00f3 volt. Ha z\u0171r volt, \u00e9s az oszt\u00e1lyvezet\u0151 nem tart\u00f3zkodott az \u00e9p\u00fcletben, mindenki \u0150t kereste, \u00e9s ez nemcsak a seb\u00e9szet, de a t\u00e1rsszakm\u00e1k vonatkoz\u00e1s\u00e1ban is bevett szok\u00e1s volt. Az urol\u00f3gus, a n\u0151gy\u00f3gy\u00e1sz \u00e9s a seb\u00e9sz gyakran k\u00f6z\u00f6sen dolgozott.<\/p>\n<p>Kiv\u00e1l\u00f3 kapcsolatteremt\u0151 k\u00e9pess\u00e9ge r\u00e9v\u00e9n a v\u00e1ros t\u00e1rsadalmi \u00e9let\u00e9b\u0151l is kivette r\u00e9sz\u00e9t, bar\u00e1ti t\u00e1rsas\u00e1gok k\u00f6zpontja volt, sok t\u00e1mogat\u00f3t szerzett a gy\u00f3gy\u00edt\u00f3 munk\u00e1val.<\/p>\n<p>Akt\u00edv korszak\u00e1nak utols\u00f3 \u00e9veiben a k\u00f3rh\u00e1zvezet\u00e9s tagjak\u00e9nt int\u00e9zked\u00e9sei hum\u00e1nusak, emberk\u00f6zpont\u00faak voltak. Aki k\u00f6zelr\u0151l ismerte, az tudta r\u00f3la, hogy a k\u00fclcs\u00edn m\u00e1st takar, nem a fel\u00fcletess\u00e9g \u00e9s a lezsers\u00e9g, hanem a precizit\u00e1s \u00e9s a probl\u00e9m\u00e1k v\u00e9gleges lez\u00e1r\u00e1si sz\u00e1nd\u00e9ka vezette kez\u00e9t.<\/p>\n<p>V\u00e1rosunk k\u00f6ztiszteletben \u00e1ll\u00f3 polg\u00e1ra, aki seb\u00e9szi \u00e9s min\u0151s\u00e9gbiztos\u00edt\u00e1si igazgat\u00f3i munk\u00e1j\u00e1val kiemelked\u0151t ny\u00fajtott Esztergomban az elm\u00falt 40 \u00e9vben. Ma is n\u00e9pszer\u0171 a f\u0151orvos, az emberek megs\u00fcvegelik, tisztelik, \u00e9lvezik humor\u00e1t.<\/p>\n<p>A rendezv\u00e9nyen k\u00e9sz\u00fclt f\u00e9nyk\u00e9pfelv\u00e9teleket a k\u00f6nyvt\u00e1r honlapj\u00e1n kereszt\u00fcl a Gal\u00e9ri\u00e1ban, a videofelv\u00e9telt a M\u00e9diat\u00e1rban n\u00e9zhetik meg.<\/p>\n<p><em><strong>H\u00e1mosn\u00e9 Sz\u0151ke Anna<\/strong><\/em><\/p>\n<p><em>Fot\u00f3k: Ny\u00e1ri Andrea<\/em><\/p>\n","protected":false},"excerpt":{"rendered":"<p>Az Esztergomi Helischer J\u00f3zsef V\u00e1rosi K\u00f6nyvt\u00e1r K\u00f6zt\u00fcnk \u00e9lnek sorozat\u00e1nak 2019 \u00e9vi els\u0151 megh\u00edvottja dr. T\u0151r\u00f6s P\u00e9ter seb\u00e9sz volt. P\u00e9ter 2018-ban Esztergom v\u00e1ros\u00e1t\u00f3l Dr. G\u00f6nczy B\u00e9la-d\u00edjban r\u00e9szes\u00fclt, v\u00e1rosunk az \u201eEsztergomi Gy\u00f3gy\u00edt\u00e1s\u00e9rt\u201d kit\u00fcntet\u00e9s adom\u00e1nyoz\u00e1s\u00e1val k\u00edv\u00e1nja elismerni azok tev\u00e9kenys\u00e9g\u00e9t, akik a v\u00e1roslakoss\u00e1g\u00e1nak eg\u00e9szs\u00e9gv\u00e9delme \u00e9s gy\u00f3gy\u00edt\u00e1sa \u00e9rdek\u00e9ben kiemelked\u0151, \u00e1ldozatk\u00e9sz \u00e9s felel\u0151ss\u00e9gteljes tev\u00e9kenys\u00e9get v\u00e9geztek. T\u0151r\u00f6s P\u00e9ter a f\u0151v\u00e1rosban sz\u00fcletett. A<\/p>\n","protected":false},"author":1,"featured_media":14328,"comment_status":"closed","ping_status":"closed","sticky":false,"template":"","format":"standard","meta":{"ngg_post_thumbnail":0,"footnotes":""},"categories":[2,38,3],"tags":[3383,1609,144,1606],"class_list":{"0":"post-14327","1":"post","2":"type-post","3":"status-publish","4":"format-standard","5":"has-post-thumbnail","7":"category-dorog","8":"category-esztergom","9":"category-hirek","10":"tag-dr-toros-peter","11":"tag-esztergomi-konyvtar","12":"tag-konyvtar","13":"tag-koztunk-elnek"},"yoast_head":"<!-- This site is optimized with the Yoast SEO plugin v27.4 - https:\/\/yoast.com\/product\/yoast-seo-wordpress\/ -->\n<title>Az egykori dorogi seb\u00e9sz volt az esztergomi k\u00f6nyvt\u00e1r vend\u00e9ge<\/title>\n<meta name=\"robots\" content=\"index, follow, max-snippet:-1, max-image-preview:large, max-video-preview:-1\" \/>\n<link rel=\"canonical\" href=\"https:\/\/dorogimedence.hu\/index.php\/2019\/01\/16\/az-egykori-dorogi-sebesz-volt-az-esztergomi-konyvtar-vendege\/\" class=\"yoast-seo-meta-tag\" \/>\n<meta property=\"og:locale\" content=\"hu_HU\" class=\"yoast-seo-meta-tag\" \/>\n<meta property=\"og:type\" content=\"article\" class=\"yoast-seo-meta-tag\" \/>\n<meta property=\"og:title\" content=\"Az egykori dorogi seb\u00e9sz volt az esztergomi k\u00f6nyvt\u00e1r vend\u00e9ge\" class=\"yoast-seo-meta-tag\" \/>\n<meta property=\"og:description\" content=\"Az Esztergomi Helischer J\u00f3zsef V\u00e1rosi K\u00f6nyvt\u00e1r K\u00f6zt\u00fcnk \u00e9lnek sorozat\u00e1nak 2019 \u00e9vi els\u0151 megh\u00edvottja dr. T\u0151r\u00f6s P\u00e9ter seb\u00e9sz volt. P\u00e9ter 2018-ban Esztergom v\u00e1ros\u00e1t\u00f3l Dr. G\u00f6nczy B\u00e9la-d\u00edjban r\u00e9szes\u00fclt, v\u00e1rosunk az \u201eEsztergomi Gy\u00f3gy\u00edt\u00e1s\u00e9rt\u201d kit\u00fcntet\u00e9s adom\u00e1nyoz\u00e1s\u00e1val k\u00edv\u00e1nja elismerni azok tev\u00e9kenys\u00e9g\u00e9t, akik a v\u00e1roslakoss\u00e1g\u00e1nak eg\u00e9szs\u00e9gv\u00e9delme \u00e9s gy\u00f3gy\u00edt\u00e1sa \u00e9rdek\u00e9ben kiemelked\u0151, \u00e1ldozatk\u00e9sz \u00e9s felel\u0151ss\u00e9gteljes tev\u00e9kenys\u00e9get v\u00e9geztek. T\u0151r\u00f6s P\u00e9ter a f\u0151v\u00e1rosban sz\u00fcletett. A\" class=\"yoast-seo-meta-tag\" \/>\n<meta property=\"og:url\" content=\"https:\/\/dorogimedence.hu\/index.php\/2019\/01\/16\/az-egykori-dorogi-sebesz-volt-az-esztergomi-konyvtar-vendege\/\" class=\"yoast-seo-meta-tag\" \/>\n<meta property=\"og:site_name\" content=\"Dorogi-medence Region\u00e1lis H\u00edrport\u00e1l\" class=\"yoast-seo-meta-tag\" \/>\n<meta property=\"article:publisher\" content=\"https:\/\/www.facebook.com\/dorogimedence\/\" class=\"yoast-seo-meta-tag\" \/>\n<meta property=\"article:published_time\" content=\"2019-01-16T05:51:06+00:00\" class=\"yoast-seo-meta-tag\" \/>\n<meta property=\"og:image\" content=\"https:\/\/i0.wp.com\/dorogimedence.hu\/wp-content\/uploads\/2019\/01\/toros-peter-01.jpg?fit=670%2C365&ssl=1\" class=\"yoast-seo-meta-tag\" \/>\n\t<meta property=\"og:image:width\" content=\"670\" class=\"yoast-seo-meta-tag\" \/>\n\t<meta property=\"og:image:height\" content=\"365\" class=\"yoast-seo-meta-tag\" \/>\n\t<meta property=\"og:image:type\" content=\"image\/jpeg\" class=\"yoast-seo-meta-tag\" \/>\n<meta name=\"author\" content=\"dorogimedence.hu\" class=\"yoast-seo-meta-tag\" \/>\n<meta name=\"twitter:card\" content=\"summary_large_image\" class=\"yoast-seo-meta-tag\" \/>\n<meta name=\"twitter:label1\" content=\"Szerz\u0151:\" class=\"yoast-seo-meta-tag\" \/>\n\t<meta name=\"twitter:data1\" content=\"dorogimedence.hu\" class=\"yoast-seo-meta-tag\" \/>\n\t<meta name=\"twitter:label2\" content=\"Becs\u00fclt olvas\u00e1si id\u0151\" class=\"yoast-seo-meta-tag\" \/>\n\t<meta name=\"twitter:data2\" content=\"5 perc\" class=\"yoast-seo-meta-tag\" \/>\n<script type=\"application\/ld+json\" class=\"yoast-schema-graph\">{\"@context\":\"https:\\\/\\\/schema.org\",\"@graph\":[{\"@type\":\"Article\",\"@id\":\"https:\\\/\\\/dorogimedence.hu\\\/index.php\\\/2019\\\/01\\\/16\\\/az-egykori-dorogi-sebesz-volt-az-esztergomi-konyvtar-vendege\\\/#article\",\"isPartOf\":{\"@id\":\"https:\\\/\\\/dorogimedence.hu\\\/index.php\\\/2019\\\/01\\\/16\\\/az-egykori-dorogi-sebesz-volt-az-esztergomi-konyvtar-vendege\\\/\"},\"author\":{\"name\":\"dorogimedence.hu\",\"@id\":\"https:\\\/\\\/dorogimedence.hu\\\/#\\\/schema\\\/person\\\/ce6091eeb7e95ecdc87890d6aa8e0fd4\"},\"headline\":\"Az egykori dorogi seb\u00e9sz volt az esztergomi k\u00f6nyvt\u00e1r vend\u00e9ge\",\"datePublished\":\"2019-01-16T05:51:06+00:00\",\"mainEntityOfPage\":{\"@id\":\"https:\\\/\\\/dorogimedence.hu\\\/index.php\\\/2019\\\/01\\\/16\\\/az-egykori-dorogi-sebesz-volt-az-esztergomi-konyvtar-vendege\\\/\"},\"wordCount\":1025,\"publisher\":{\"@id\":\"https:\\\/\\\/dorogimedence.hu\\\/#organization\"},\"image\":{\"@id\":\"https:\\\/\\\/dorogimedence.hu\\\/index.php\\\/2019\\\/01\\\/16\\\/az-egykori-dorogi-sebesz-volt-az-esztergomi-konyvtar-vendege\\\/#primaryimage\"},\"thumbnailUrl\":\"https:\\\/\\\/dorogimedence.hu\\\/wp-content\\\/uploads\\\/2019\\\/01\\\/toros-peter-01.jpg\",\"keywords\":[\"dr. T\u0151r\u00f6s P\u00e9ter\",\"esztergomi k\u00f6nyvt\u00e1r\",\"k\u00f6nyvt\u00e1r\",\"K\u00f6zt\u00fcnk \u00e9lnek\"],\"articleSection\":[\"Dorog\",\"Esztergom\",\"H\u00edrek\"],\"inLanguage\":\"hu\"},{\"@type\":\"WebPage\",\"@id\":\"https:\\\/\\\/dorogimedence.hu\\\/index.php\\\/2019\\\/01\\\/16\\\/az-egykori-dorogi-sebesz-volt-az-esztergomi-konyvtar-vendege\\\/\",\"url\":\"https:\\\/\\\/dorogimedence.hu\\\/index.php\\\/2019\\\/01\\\/16\\\/az-egykori-dorogi-sebesz-volt-az-esztergomi-konyvtar-vendege\\\/\",\"name\":\"Az egykori dorogi seb\u00e9sz volt az esztergomi k\u00f6nyvt\u00e1r vend\u00e9ge\",\"isPartOf\":{\"@id\":\"https:\\\/\\\/dorogimedence.hu\\\/#website\"},\"primaryImageOfPage\":{\"@id\":\"https:\\\/\\\/dorogimedence.hu\\\/index.php\\\/2019\\\/01\\\/16\\\/az-egykori-dorogi-sebesz-volt-az-esztergomi-konyvtar-vendege\\\/#primaryimage\"},\"image\":{\"@id\":\"https:\\\/\\\/dorogimedence.hu\\\/index.php\\\/2019\\\/01\\\/16\\\/az-egykori-dorogi-sebesz-volt-az-esztergomi-konyvtar-vendege\\\/#primaryimage\"},\"thumbnailUrl\":\"https:\\\/\\\/dorogimedence.hu\\\/wp-content\\\/uploads\\\/2019\\\/01\\\/toros-peter-01.jpg\",\"datePublished\":\"2019-01-16T05:51:06+00:00\",\"breadcrumb\":{\"@id\":\"https:\\\/\\\/dorogimedence.hu\\\/index.php\\\/2019\\\/01\\\/16\\\/az-egykori-dorogi-sebesz-volt-az-esztergomi-konyvtar-vendege\\\/#breadcrumb\"},\"inLanguage\":\"hu\",\"potentialAction\":[{\"@type\":\"ReadAction\",\"target\":[\"https:\\\/\\\/dorogimedence.hu\\\/index.php\\\/2019\\\/01\\\/16\\\/az-egykori-dorogi-sebesz-volt-az-esztergomi-konyvtar-vendege\\\/\"]}]},{\"@type\":\"ImageObject\",\"inLanguage\":\"hu\",\"@id\":\"https:\\\/\\\/dorogimedence.hu\\\/index.php\\\/2019\\\/01\\\/16\\\/az-egykori-dorogi-sebesz-volt-az-esztergomi-konyvtar-vendege\\\/#primaryimage\",\"url\":\"https:\\\/\\\/dorogimedence.hu\\\/wp-content\\\/uploads\\\/2019\\\/01\\\/toros-peter-01.jpg\",\"contentUrl\":\"https:\\\/\\\/dorogimedence.hu\\\/wp-content\\\/uploads\\\/2019\\\/01\\\/toros-peter-01.jpg\",\"width\":670,\"height\":365},{\"@type\":\"BreadcrumbList\",\"@id\":\"https:\\\/\\\/dorogimedence.hu\\\/index.php\\\/2019\\\/01\\\/16\\\/az-egykori-dorogi-sebesz-volt-az-esztergomi-konyvtar-vendege\\\/#breadcrumb\",\"itemListElement\":[{\"@type\":\"ListItem\",\"position\":1,\"name\":\"Kezd\u0151lap\",\"item\":\"https:\\\/\\\/dorogimedence.hu\\\/\"},{\"@type\":\"ListItem\",\"position\":2,\"name\":\"Az egykori dorogi seb\u00e9sz volt az esztergomi k\u00f6nyvt\u00e1r vend\u00e9ge\"}]},{\"@type\":\"WebSite\",\"@id\":\"https:\\\/\\\/dorogimedence.hu\\\/#website\",\"url\":\"https:\\\/\\\/dorogimedence.hu\\\/\",\"name\":\"Dorogi-medence Region\u00e1lis H\u00edrport\u00e1l\",\"description\":\"Dorog, Keszt\u00f6lc, Le\u00e1nyv\u00e1r, Piliscs\u00e9v, Tokod, Tokodalt\u00e1r\u00f3, Csolnok, Esztergom-kertv\u00e1ros: h\u00edrek, programok\",\"publisher\":{\"@id\":\"https:\\\/\\\/dorogimedence.hu\\\/#organization\"},\"potentialAction\":[{\"@type\":\"SearchAction\",\"target\":{\"@type\":\"EntryPoint\",\"urlTemplate\":\"https:\\\/\\\/dorogimedence.hu\\\/?s={search_term_string}\"},\"query-input\":{\"@type\":\"PropertyValueSpecification\",\"valueRequired\":true,\"valueName\":\"search_term_string\"}}],\"inLanguage\":\"hu\"},{\"@type\":\"Organization\",\"@id\":\"https:\\\/\\\/dorogimedence.hu\\\/#organization\",\"name\":\"Dorogi-medence Region\u00e1lis H\u00edrport\u00e1l\",\"url\":\"https:\\\/\\\/dorogimedence.hu\\\/\",\"logo\":{\"@type\":\"ImageObject\",\"inLanguage\":\"hu\",\"@id\":\"https:\\\/\\\/dorogimedence.hu\\\/#\\\/schema\\\/logo\\\/image\\\/\",\"url\":\"https:\\\/\\\/dorogimedence.hu\\\/wp-content\\\/uploads\\\/2021\\\/04\\\/logo-feher-600.png\",\"contentUrl\":\"https:\\\/\\\/dorogimedence.hu\\\/wp-content\\\/uploads\\\/2021\\\/04\\\/logo-feher-600.png\",\"width\":600,\"height\":100,\"caption\":\"Dorogi-medence Region\u00e1lis H\u00edrport\u00e1l\"},\"image\":{\"@id\":\"https:\\\/\\\/dorogimedence.hu\\\/#\\\/schema\\\/logo\\\/image\\\/\"},\"sameAs\":[\"https:\\\/\\\/www.facebook.com\\\/dorogimedence\\\/\"]},{\"@type\":\"Person\",\"@id\":\"https:\\\/\\\/dorogimedence.hu\\\/#\\\/schema\\\/person\\\/ce6091eeb7e95ecdc87890d6aa8e0fd4\",\"name\":\"dorogimedence.hu\",\"image\":{\"@type\":\"ImageObject\",\"inLanguage\":\"hu\",\"@id\":\"\\\/\\\/www.gravatar.com\\\/avatar\\\/d8d45f8901aadff40a4af72c0b826f1d?s=96&#038;r=g&#038;d=mm\",\"url\":\"\\\/\\\/www.gravatar.com\\\/avatar\\\/d8d45f8901aadff40a4af72c0b826f1d?s=96&#038;r=g&#038;d=mm\",\"contentUrl\":\"\\\/\\\/www.gravatar.com\\\/avatar\\\/d8d45f8901aadff40a4af72c0b826f1d?s=96&#038;r=g&#038;d=mm\",\"caption\":\"dorogimedence.hu\"}}]}<\/script>\n<!-- \/ Yoast SEO plugin. -->","yoast_head_json":{"title":"Az egykori dorogi seb\u00e9sz volt az esztergomi k\u00f6nyvt\u00e1r vend\u00e9ge","robots":{"index":"index","follow":"follow","max-snippet":"max-snippet:-1","max-image-preview":"max-image-preview:large","max-video-preview":"max-video-preview:-1"},"canonical":"https:\/\/dorogimedence.hu\/index.php\/2019\/01\/16\/az-egykori-dorogi-sebesz-volt-az-esztergomi-konyvtar-vendege\/","og_locale":"hu_HU","og_type":"article","og_title":"Az egykori dorogi seb\u00e9sz volt az esztergomi k\u00f6nyvt\u00e1r vend\u00e9ge","og_description":"Az Esztergomi Helischer J\u00f3zsef V\u00e1rosi K\u00f6nyvt\u00e1r K\u00f6zt\u00fcnk \u00e9lnek sorozat\u00e1nak 2019 \u00e9vi els\u0151 megh\u00edvottja dr. T\u0151r\u00f6s P\u00e9ter seb\u00e9sz volt. P\u00e9ter 2018-ban Esztergom v\u00e1ros\u00e1t\u00f3l Dr. G\u00f6nczy B\u00e9la-d\u00edjban r\u00e9szes\u00fclt, v\u00e1rosunk az \u201eEsztergomi Gy\u00f3gy\u00edt\u00e1s\u00e9rt\u201d kit\u00fcntet\u00e9s adom\u00e1nyoz\u00e1s\u00e1val k\u00edv\u00e1nja elismerni azok tev\u00e9kenys\u00e9g\u00e9t, akik a v\u00e1roslakoss\u00e1g\u00e1nak eg\u00e9szs\u00e9gv\u00e9delme \u00e9s gy\u00f3gy\u00edt\u00e1sa \u00e9rdek\u00e9ben kiemelked\u0151, \u00e1ldozatk\u00e9sz \u00e9s felel\u0151ss\u00e9gteljes tev\u00e9kenys\u00e9get v\u00e9geztek. T\u0151r\u00f6s P\u00e9ter a f\u0151v\u00e1rosban sz\u00fcletett. A","og_url":"https:\/\/dorogimedence.hu\/index.php\/2019\/01\/16\/az-egykori-dorogi-sebesz-volt-az-esztergomi-konyvtar-vendege\/","og_site_name":"Dorogi-medence Region\u00e1lis H\u00edrport\u00e1l","article_publisher":"https:\/\/www.facebook.com\/dorogimedence\/","article_published_time":"2019-01-16T05:51:06+00:00","og_image":[{"width":670,"height":365,"url":"https:\/\/i0.wp.com\/dorogimedence.hu\/wp-content\/uploads\/2019\/01\/toros-peter-01.jpg?fit=670%2C365&ssl=1","type":"image\/jpeg"}],"author":"dorogimedence.hu","twitter_card":"summary_large_image","twitter_misc":{"Szerz\u0151:":"dorogimedence.hu","Becs\u00fclt olvas\u00e1si id\u0151":"5 perc"},"schema":{"@context":"https:\/\/schema.org","@graph":[{"@type":"Article","@id":"https:\/\/dorogimedence.hu\/index.php\/2019\/01\/16\/az-egykori-dorogi-sebesz-volt-az-esztergomi-konyvtar-vendege\/#article","isPartOf":{"@id":"https:\/\/dorogimedence.hu\/index.php\/2019\/01\/16\/az-egykori-dorogi-sebesz-volt-az-esztergomi-konyvtar-vendege\/"},"author":{"name":"dorogimedence.hu","@id":"https:\/\/dorogimedence.hu\/#\/schema\/person\/ce6091eeb7e95ecdc87890d6aa8e0fd4"},"headline":"Az egykori dorogi seb\u00e9sz volt az esztergomi k\u00f6nyvt\u00e1r vend\u00e9ge","datePublished":"2019-01-16T05:51:06+00:00","mainEntityOfPage":{"@id":"https:\/\/dorogimedence.hu\/index.php\/2019\/01\/16\/az-egykori-dorogi-sebesz-volt-az-esztergomi-konyvtar-vendege\/"},"wordCount":1025,"publisher":{"@id":"https:\/\/dorogimedence.hu\/#organization"},"image":{"@id":"https:\/\/dorogimedence.hu\/index.php\/2019\/01\/16\/az-egykori-dorogi-sebesz-volt-az-esztergomi-konyvtar-vendege\/#primaryimage"},"thumbnailUrl":"https:\/\/dorogimedence.hu\/wp-content\/uploads\/2019\/01\/toros-peter-01.jpg","keywords":["dr. T\u0151r\u00f6s P\u00e9ter","esztergomi k\u00f6nyvt\u00e1r","k\u00f6nyvt\u00e1r","K\u00f6zt\u00fcnk \u00e9lnek"],"articleSection":["Dorog","Esztergom","H\u00edrek"],"inLanguage":"hu"},{"@type":"WebPage","@id":"https:\/\/dorogimedence.hu\/index.php\/2019\/01\/16\/az-egykori-dorogi-sebesz-volt-az-esztergomi-konyvtar-vendege\/","url":"https:\/\/dorogimedence.hu\/index.php\/2019\/01\/16\/az-egykori-dorogi-sebesz-volt-az-esztergomi-konyvtar-vendege\/","name":"Az egykori dorogi seb\u00e9sz volt az esztergomi k\u00f6nyvt\u00e1r vend\u00e9ge","isPartOf":{"@id":"https:\/\/dorogimedence.hu\/#website"},"primaryImageOfPage":{"@id":"https:\/\/dorogimedence.hu\/index.php\/2019\/01\/16\/az-egykori-dorogi-sebesz-volt-az-esztergomi-konyvtar-vendege\/#primaryimage"},"image":{"@id":"https:\/\/dorogimedence.hu\/index.php\/2019\/01\/16\/az-egykori-dorogi-sebesz-volt-az-esztergomi-konyvtar-vendege\/#primaryimage"},"thumbnailUrl":"https:\/\/dorogimedence.hu\/wp-content\/uploads\/2019\/01\/toros-peter-01.jpg","datePublished":"2019-01-16T05:51:06+00:00","breadcrumb":{"@id":"https:\/\/dorogimedence.hu\/index.php\/2019\/01\/16\/az-egykori-dorogi-sebesz-volt-az-esztergomi-konyvtar-vendege\/#breadcrumb"},"inLanguage":"hu","potentialAction":[{"@type":"ReadAction","target":["https:\/\/dorogimedence.hu\/index.php\/2019\/01\/16\/az-egykori-dorogi-sebesz-volt-az-esztergomi-konyvtar-vendege\/"]}]},{"@type":"ImageObject","inLanguage":"hu","@id":"https:\/\/dorogimedence.hu\/index.php\/2019\/01\/16\/az-egykori-dorogi-sebesz-volt-az-esztergomi-konyvtar-vendege\/#primaryimage","url":"https:\/\/dorogimedence.hu\/wp-content\/uploads\/2019\/01\/toros-peter-01.jpg","contentUrl":"https:\/\/dorogimedence.hu\/wp-content\/uploads\/2019\/01\/toros-peter-01.jpg","width":670,"height":365},{"@type":"BreadcrumbList","@id":"https:\/\/dorogimedence.hu\/index.php\/2019\/01\/16\/az-egykori-dorogi-sebesz-volt-az-esztergomi-konyvtar-vendege\/#breadcrumb","itemListElement":[{"@type":"ListItem","position":1,"name":"Kezd\u0151lap","item":"https:\/\/dorogimedence.hu\/"},{"@type":"ListItem","position":2,"name":"Az egykori dorogi seb\u00e9sz volt az esztergomi k\u00f6nyvt\u00e1r vend\u00e9ge"}]},{"@type":"WebSite","@id":"https:\/\/dorogimedence.hu\/#website","url":"https:\/\/dorogimedence.hu\/","name":"Dorogi-medence Region\u00e1lis H\u00edrport\u00e1l","description":"Dorog, Keszt\u00f6lc, Le\u00e1nyv\u00e1r, Piliscs\u00e9v, Tokod, Tokodalt\u00e1r\u00f3, Csolnok, Esztergom-kertv\u00e1ros: h\u00edrek, programok","publisher":{"@id":"https:\/\/dorogimedence.hu\/#organization"},"potentialAction":[{"@type":"SearchAction","target":{"@type":"EntryPoint","urlTemplate":"https:\/\/dorogimedence.hu\/?s={search_term_string}"},"query-input":{"@type":"PropertyValueSpecification","valueRequired":true,"valueName":"search_term_string"}}],"inLanguage":"hu"},{"@type":"Organization","@id":"https:\/\/dorogimedence.hu\/#organization","name":"Dorogi-medence Region\u00e1lis H\u00edrport\u00e1l","url":"https:\/\/dorogimedence.hu\/","logo":{"@type":"ImageObject","inLanguage":"hu","@id":"https:\/\/dorogimedence.hu\/#\/schema\/logo\/image\/","url":"https:\/\/dorogimedence.hu\/wp-content\/uploads\/2021\/04\/logo-feher-600.png","contentUrl":"https:\/\/dorogimedence.hu\/wp-content\/uploads\/2021\/04\/logo-feher-600.png","width":600,"height":100,"caption":"Dorogi-medence Region\u00e1lis H\u00edrport\u00e1l"},"image":{"@id":"https:\/\/dorogimedence.hu\/#\/schema\/logo\/image\/"},"sameAs":["https:\/\/www.facebook.com\/dorogimedence\/"]},{"@type":"Person","@id":"https:\/\/dorogimedence.hu\/#\/schema\/person\/ce6091eeb7e95ecdc87890d6aa8e0fd4","name":"dorogimedence.hu","image":{"@type":"ImageObject","inLanguage":"hu","@id":"\/\/www.gravatar.com\/avatar\/d8d45f8901aadff40a4af72c0b826f1d?s=96&#038;r=g&#038;d=mm","url":"\/\/www.gravatar.com\/avatar\/d8d45f8901aadff40a4af72c0b826f1d?s=96&#038;r=g&#038;d=mm","contentUrl":"\/\/www.gravatar.com\/avatar\/d8d45f8901aadff40a4af72c0b826f1d?s=96&#038;r=g&#038;d=mm","caption":"dorogimedence.hu"}}]}},"_links":{"self":[{"href":"https:\/\/dorogimedence.hu\/index.php\/wp-json\/wp\/v2\/posts\/14327","targetHints":{"allow":["GET"]}}],"collection":[{"href":"https:\/\/dorogimedence.hu\/index.php\/wp-json\/wp\/v2\/posts"}],"about":[{"href":"https:\/\/dorogimedence.hu\/index.php\/wp-json\/wp\/v2\/types\/post"}],"author":[{"embeddable":true,"href":"https:\/\/dorogimedence.hu\/index.php\/wp-json\/wp\/v2\/users\/1"}],"replies":[{"embeddable":true,"href":"https:\/\/dorogimedence.hu\/index.php\/wp-json\/wp\/v2\/comments?post=14327"}],"version-history":[{"count":0,"href":"https:\/\/dorogimedence.hu\/index.php\/wp-json\/wp\/v2\/posts\/14327\/revisions"}],"wp:featuredmedia":[{"embeddable":true,"href":"https:\/\/dorogimedence.hu\/index.php\/wp-json\/wp\/v2\/media\/14328"}],"wp:attachment":[{"href":"https:\/\/dorogimedence.hu\/index.php\/wp-json\/wp\/v2\/media?parent=14327"}],"wp:term":[{"taxonomy":"category","embeddable":true,"href":"https:\/\/dorogimedence.hu\/index.php\/wp-json\/wp\/v2\/categories?post=14327"},{"taxonomy":"post_tag","embeddable":true,"href":"https:\/\/dorogimedence.hu\/index.php\/wp-json\/wp\/v2\/tags?post=14327"}],"curies":[{"name":"wp","href":"https:\/\/api.w.org\/{rel}","templated":true}]}}