{"id":1428,"date":"2017-03-12T12:19:12","date_gmt":"2017-03-12T11:19:12","guid":{"rendered":"http:\/\/dorogimedence.hu\/?p=1428"},"modified":"2017-03-12T12:19:12","modified_gmt":"2017-03-12T11:19:12","slug":"konferencia-a-turisztikai-egyuttmukodesrol","status":"publish","type":"post","link":"https:\/\/dorogimedence.hu\/index.php\/2017\/03\/12\/konferencia-a-turisztikai-egyuttmukodesrol\/","title":{"rendered":"Konferencia a turisztikai egy\u00fcttm\u0171k\u00f6d\u00e9sr\u0151l"},"content":{"rendered":"<p>A Dunazug turisztikai egy\u00fcttm\u0171k\u00f6d\u00e9si lehet\u0151s\u00e9geir\u0151l tartottak konferenci\u00e1t L\u00e1batlanon a Gerenday-h\u00e1zban.<\/p>\n<p>Dinny\u00e9s Istv\u00e1n polg\u00e1rmester k\u00f6sz\u00f6nt\u0151j\u00e9ben elmondta, c\u00e9ljuk megmutatni a nagyk\u00f6z\u00f6ns\u00e9gnek a kisv\u00e1ros k\u00fcl\u00f6nlegess\u00e9geit &#8211; Holcim Eml\u00e9kh\u00e1z, Gerenday-arbor\u00e9tum -, \u00e9s a k\u00f6rny\u00e9k &#8211; Duna, Gerecse &#8211; lehet\u0151s\u00e9geit. Mindezt Baj\u00f3ttal, Nyerges\u00fajfaluval, S\u00fctt\u0151vel egy\u00fcttm\u0171k\u00f6dve, a turisztikai szakemberek ir\u00e1nymutat\u00e1sai alapj\u00e1n.<\/p>\n<p><strong>Szek\u00e9r Zolt\u00e1n<\/strong>, a <strong>Dorog \u00e9s T\u00e9rs\u00e9ge Turizmus Egyes\u00fclet<\/strong> eln\u00f6ke,\u00a0 a turizmusfejleszt\u00e9sr\u0151l tartott el\u0151ad\u00e1st, amelyhez az \u00f6nkorm\u00e1nyzatoknak \u00e9s a lakoss\u00e1gnak k\u00f6zvetlen, m\u00edg a v\u00e1llalkoz\u00e1soknak anyagi \u00e9rdeke f\u0171z\u0151dhet. A pozit\u00edv v\u00e1rosim\u00e1zs-k\u00e9p kialak\u00edt\u00e1sa pedig mindh\u00e1rom szektornak kedvez\u0151. A Dorog \u00e9s T\u00e9rs\u00e9ge Turizmus Egyes\u00fclet tagjak\u00e9nt kiemelte, hogy els\u0151sorban a k\u00f6z\u00e9p-dun\u00e1nt\u00fali r\u00e9gi\u00f3ban \u00e9l\u0151ket megsz\u00f3l\u00edtva lehet nyitni a turizmus fel\u00e9. Ezt a gondolatot hangs\u00falyozta Magyarics G\u00e1bor a Duna-Gerecse Nonprofit Kft. \u00fcgyvezet\u0151je is, aki kiemelte: \u00e9rdemes az ipart\u00f6rt\u00e9neti eml\u00e9keket egys\u00e9ges tematika szerint sz\u00e1mba venni, a konkr\u00e9t c\u00e9lcsoportnak k\u00edn\u00e1lva h\u00e1l\u00f3zatban megmutatni. Az ipart\u00f6rt\u00e9neti eml\u00e9k\u00fat kialak\u00edt\u00e1s\u00e1hoz sz\u00e1mos lehet\u0151s\u00e9ge lenne a t\u00e9rs\u00e9gnek: a dorogi b\u00e1ny\u00e1szati eml\u00e9kekt\u0151l kiindulva a cementgy\u00e1ri eml\u00e9kh\u00e1z \u00e9s tud\u00e1sk\u00f6zpontig.<\/p>\n<p>A <strong>Budapesti Erd\u0151gazdas\u00e1g<\/strong> k\u00e9pvisel\u0151je, <strong>Szalay L\u00e1szl\u00f3<\/strong> a Zrt. k\u00f6zj\u00f3l\u00e9ti tev\u00e9kenys\u00e9geir\u0151l, a tan\u00f6sv\u00e9nyekr\u0151l, a kir\u00e1ndul\u00e1sokon kereszt\u00fcl a pihen\u0151h\u00e1zakig mutatta be az erd\u0151 adta lehet\u0151s\u00e9geket. Balogh Tam\u00e1s besz\u00e9lt a Dunazug \u00e1tfog\u00f3 turisztikai szeml\u00e9let\u00e9r\u0151l, majd a mintegy f\u00e9lsz\u00e1z r\u00e9sztvev\u0151 megtekintette a Gerenday-h\u00e1z szomsz\u00e9ds\u00e1g\u00e1ban \u00e1ll\u00f3, 2016 szeptember\u00e9ben \u00e1tadott Holcim Eml\u00e9kh\u00e1zat.<\/p>\n<p><em>Fot\u00f3, forr\u00e1s: dorog.hu (Dorog V\u00e1ros hivatalos honlapja)<\/em><\/p>\n","protected":false},"excerpt":{"rendered":"<p>A Dunazug turisztikai egy\u00fcttm\u0171k\u00f6d\u00e9si lehet\u0151s\u00e9geir\u0151l tartottak konferenci\u00e1t L\u00e1batlanon a Gerenday-h\u00e1zban. Dinny\u00e9s Istv\u00e1n polg\u00e1rmester k\u00f6sz\u00f6nt\u0151j\u00e9ben elmondta, c\u00e9ljuk megmutatni a nagyk\u00f6z\u00f6ns\u00e9gnek a kisv\u00e1ros k\u00fcl\u00f6nlegess\u00e9geit &#8211; Holcim Eml\u00e9kh\u00e1z, Gerenday-arbor\u00e9tum -, \u00e9s a k\u00f6rny\u00e9k &#8211; Duna, Gerecse &#8211; lehet\u0151s\u00e9geit. Mindezt Baj\u00f3ttal, Nyerges\u00fajfaluval, S\u00fctt\u0151vel egy\u00fcttm\u0171k\u00f6dve, a turisztikai szakemberek ir\u00e1nymutat\u00e1sai alapj\u00e1n. Szek\u00e9r Zolt\u00e1n, a Dorog \u00e9s T\u00e9rs\u00e9ge Turizmus Egyes\u00fclet eln\u00f6ke,\u00a0 a<\/p>\n","protected":false},"author":1,"featured_media":1429,"comment_status":"closed","ping_status":"closed","sticky":false,"template":"","format":"standard","meta":{"ngg_post_thumbnail":0,"footnotes":""},"categories":[2,3],"tags":[15,321,489,313],"class_list":{"0":"post-1428","1":"post","2":"type-post","3":"status-publish","4":"format-standard","5":"has-post-thumbnail","7":"category-dorog","8":"category-hirek","9":"tag-dorog","10":"tag-konferencia","11":"tag-labatlan","12":"tag-turisztika"},"yoast_head":"<!-- This site is optimized with the Yoast SEO plugin v27.4 - https:\/\/yoast.com\/product\/yoast-seo-wordpress\/ -->\n<title>Konferencia a turisztikai egy\u00fcttm\u0171k\u00f6d\u00e9sr\u0151l<\/title>\n<meta name=\"robots\" content=\"index, follow, max-snippet:-1, max-image-preview:large, max-video-preview:-1\" \/>\n<link rel=\"canonical\" href=\"https:\/\/dorogimedence.hu\/index.php\/2017\/03\/12\/konferencia-a-turisztikai-egyuttmukodesrol\/\" class=\"yoast-seo-meta-tag\" \/>\n<meta property=\"og:locale\" content=\"hu_HU\" class=\"yoast-seo-meta-tag\" \/>\n<meta property=\"og:type\" content=\"article\" class=\"yoast-seo-meta-tag\" \/>\n<meta property=\"og:title\" content=\"Konferencia a turisztikai egy\u00fcttm\u0171k\u00f6d\u00e9sr\u0151l\" class=\"yoast-seo-meta-tag\" \/>\n<meta property=\"og:description\" content=\"A Dunazug turisztikai egy\u00fcttm\u0171k\u00f6d\u00e9si lehet\u0151s\u00e9geir\u0151l tartottak konferenci\u00e1t L\u00e1batlanon a Gerenday-h\u00e1zban. Dinny\u00e9s Istv\u00e1n polg\u00e1rmester k\u00f6sz\u00f6nt\u0151j\u00e9ben elmondta, c\u00e9ljuk megmutatni a nagyk\u00f6z\u00f6ns\u00e9gnek a kisv\u00e1ros k\u00fcl\u00f6nlegess\u00e9geit &#8211; Holcim Eml\u00e9kh\u00e1z, Gerenday-arbor\u00e9tum -, \u00e9s a k\u00f6rny\u00e9k &#8211; Duna, Gerecse &#8211; lehet\u0151s\u00e9geit. Mindezt Baj\u00f3ttal, Nyerges\u00fajfaluval, S\u00fctt\u0151vel egy\u00fcttm\u0171k\u00f6dve, a turisztikai szakemberek ir\u00e1nymutat\u00e1sai alapj\u00e1n. Szek\u00e9r Zolt\u00e1n, a Dorog \u00e9s T\u00e9rs\u00e9ge Turizmus Egyes\u00fclet eln\u00f6ke,\u00a0 a\" class=\"yoast-seo-meta-tag\" \/>\n<meta property=\"og:url\" content=\"https:\/\/dorogimedence.hu\/index.php\/2017\/03\/12\/konferencia-a-turisztikai-egyuttmukodesrol\/\" class=\"yoast-seo-meta-tag\" \/>\n<meta property=\"og:site_name\" content=\"Dorogi-medence Region\u00e1lis H\u00edrport\u00e1l\" class=\"yoast-seo-meta-tag\" \/>\n<meta property=\"article:publisher\" content=\"https:\/\/www.facebook.com\/dorogimedence\/\" class=\"yoast-seo-meta-tag\" \/>\n<meta property=\"article:published_time\" content=\"2017-03-12T11:19:12+00:00\" class=\"yoast-seo-meta-tag\" \/>\n<meta property=\"og:image\" content=\"https:\/\/i0.wp.com\/dorogimedence.hu\/wp-content\/uploads\/2017\/03\/konferencia-labatlan.jpg?fit=500%2C259&ssl=1\" class=\"yoast-seo-meta-tag\" \/>\n\t<meta property=\"og:image:width\" content=\"500\" class=\"yoast-seo-meta-tag\" \/>\n\t<meta property=\"og:image:height\" content=\"259\" class=\"yoast-seo-meta-tag\" \/>\n\t<meta property=\"og:image:type\" content=\"image\/jpeg\" class=\"yoast-seo-meta-tag\" \/>\n<meta name=\"author\" content=\"dorogimedence.hu\" class=\"yoast-seo-meta-tag\" \/>\n<meta name=\"twitter:card\" content=\"summary_large_image\" class=\"yoast-seo-meta-tag\" \/>\n<meta name=\"twitter:label1\" content=\"Szerz\u0151:\" class=\"yoast-seo-meta-tag\" \/>\n\t<meta name=\"twitter:data1\" content=\"dorogimedence.hu\" class=\"yoast-seo-meta-tag\" \/>\n\t<meta name=\"twitter:label2\" content=\"Becs\u00fclt olvas\u00e1si id\u0151\" class=\"yoast-seo-meta-tag\" \/>\n\t<meta name=\"twitter:data2\" content=\"2 perc\" class=\"yoast-seo-meta-tag\" \/>\n<script type=\"application\/ld+json\" class=\"yoast-schema-graph\">{\"@context\":\"https:\\\/\\\/schema.org\",\"@graph\":[{\"@type\":\"Article\",\"@id\":\"https:\\\/\\\/dorogimedence.hu\\\/index.php\\\/2017\\\/03\\\/12\\\/konferencia-a-turisztikai-egyuttmukodesrol\\\/#article\",\"isPartOf\":{\"@id\":\"https:\\\/\\\/dorogimedence.hu\\\/index.php\\\/2017\\\/03\\\/12\\\/konferencia-a-turisztikai-egyuttmukodesrol\\\/\"},\"author\":{\"name\":\"dorogimedence.hu\",\"@id\":\"https:\\\/\\\/dorogimedence.hu\\\/#\\\/schema\\\/person\\\/ce6091eeb7e95ecdc87890d6aa8e0fd4\"},\"headline\":\"Konferencia a turisztikai egy\u00fcttm\u0171k\u00f6d\u00e9sr\u0151l\",\"datePublished\":\"2017-03-12T11:19:12+00:00\",\"mainEntityOfPage\":{\"@id\":\"https:\\\/\\\/dorogimedence.hu\\\/index.php\\\/2017\\\/03\\\/12\\\/konferencia-a-turisztikai-egyuttmukodesrol\\\/\"},\"wordCount\":363,\"publisher\":{\"@id\":\"https:\\\/\\\/dorogimedence.hu\\\/#organization\"},\"image\":{\"@id\":\"https:\\\/\\\/dorogimedence.hu\\\/index.php\\\/2017\\\/03\\\/12\\\/konferencia-a-turisztikai-egyuttmukodesrol\\\/#primaryimage\"},\"thumbnailUrl\":\"https:\\\/\\\/dorogimedence.hu\\\/wp-content\\\/uploads\\\/2017\\\/03\\\/konferencia-labatlan.jpg\",\"keywords\":[\"Dorog\",\"konferencia\",\"L\u00e1batlan\",\"turisztika\"],\"articleSection\":[\"Dorog\",\"H\u00edrek\"],\"inLanguage\":\"hu\"},{\"@type\":\"WebPage\",\"@id\":\"https:\\\/\\\/dorogimedence.hu\\\/index.php\\\/2017\\\/03\\\/12\\\/konferencia-a-turisztikai-egyuttmukodesrol\\\/\",\"url\":\"https:\\\/\\\/dorogimedence.hu\\\/index.php\\\/2017\\\/03\\\/12\\\/konferencia-a-turisztikai-egyuttmukodesrol\\\/\",\"name\":\"Konferencia a turisztikai egy\u00fcttm\u0171k\u00f6d\u00e9sr\u0151l\",\"isPartOf\":{\"@id\":\"https:\\\/\\\/dorogimedence.hu\\\/#website\"},\"primaryImageOfPage\":{\"@id\":\"https:\\\/\\\/dorogimedence.hu\\\/index.php\\\/2017\\\/03\\\/12\\\/konferencia-a-turisztikai-egyuttmukodesrol\\\/#primaryimage\"},\"image\":{\"@id\":\"https:\\\/\\\/dorogimedence.hu\\\/index.php\\\/2017\\\/03\\\/12\\\/konferencia-a-turisztikai-egyuttmukodesrol\\\/#primaryimage\"},\"thumbnailUrl\":\"https:\\\/\\\/dorogimedence.hu\\\/wp-content\\\/uploads\\\/2017\\\/03\\\/konferencia-labatlan.jpg\",\"datePublished\":\"2017-03-12T11:19:12+00:00\",\"breadcrumb\":{\"@id\":\"https:\\\/\\\/dorogimedence.hu\\\/index.php\\\/2017\\\/03\\\/12\\\/konferencia-a-turisztikai-egyuttmukodesrol\\\/#breadcrumb\"},\"inLanguage\":\"hu\",\"potentialAction\":[{\"@type\":\"ReadAction\",\"target\":[\"https:\\\/\\\/dorogimedence.hu\\\/index.php\\\/2017\\\/03\\\/12\\\/konferencia-a-turisztikai-egyuttmukodesrol\\\/\"]}]},{\"@type\":\"ImageObject\",\"inLanguage\":\"hu\",\"@id\":\"https:\\\/\\\/dorogimedence.hu\\\/index.php\\\/2017\\\/03\\\/12\\\/konferencia-a-turisztikai-egyuttmukodesrol\\\/#primaryimage\",\"url\":\"https:\\\/\\\/dorogimedence.hu\\\/wp-content\\\/uploads\\\/2017\\\/03\\\/konferencia-labatlan.jpg\",\"contentUrl\":\"https:\\\/\\\/dorogimedence.hu\\\/wp-content\\\/uploads\\\/2017\\\/03\\\/konferencia-labatlan.jpg\",\"width\":500,\"height\":259},{\"@type\":\"BreadcrumbList\",\"@id\":\"https:\\\/\\\/dorogimedence.hu\\\/index.php\\\/2017\\\/03\\\/12\\\/konferencia-a-turisztikai-egyuttmukodesrol\\\/#breadcrumb\",\"itemListElement\":[{\"@type\":\"ListItem\",\"position\":1,\"name\":\"Kezd\u0151lap\",\"item\":\"https:\\\/\\\/dorogimedence.hu\\\/\"},{\"@type\":\"ListItem\",\"position\":2,\"name\":\"Konferencia a turisztikai egy\u00fcttm\u0171k\u00f6d\u00e9sr\u0151l\"}]},{\"@type\":\"WebSite\",\"@id\":\"https:\\\/\\\/dorogimedence.hu\\\/#website\",\"url\":\"https:\\\/\\\/dorogimedence.hu\\\/\",\"name\":\"Dorogi-medence Region\u00e1lis H\u00edrport\u00e1l\",\"description\":\"Dorog, Keszt\u00f6lc, Le\u00e1nyv\u00e1r, Piliscs\u00e9v, Tokod, Tokodalt\u00e1r\u00f3, Csolnok, Esztergom-kertv\u00e1ros: h\u00edrek, programok\",\"publisher\":{\"@id\":\"https:\\\/\\\/dorogimedence.hu\\\/#organization\"},\"potentialAction\":[{\"@type\":\"SearchAction\",\"target\":{\"@type\":\"EntryPoint\",\"urlTemplate\":\"https:\\\/\\\/dorogimedence.hu\\\/?s={search_term_string}\"},\"query-input\":{\"@type\":\"PropertyValueSpecification\",\"valueRequired\":true,\"valueName\":\"search_term_string\"}}],\"inLanguage\":\"hu\"},{\"@type\":\"Organization\",\"@id\":\"https:\\\/\\\/dorogimedence.hu\\\/#organization\",\"name\":\"Dorogi-medence Region\u00e1lis H\u00edrport\u00e1l\",\"url\":\"https:\\\/\\\/dorogimedence.hu\\\/\",\"logo\":{\"@type\":\"ImageObject\",\"inLanguage\":\"hu\",\"@id\":\"https:\\\/\\\/dorogimedence.hu\\\/#\\\/schema\\\/logo\\\/image\\\/\",\"url\":\"https:\\\/\\\/dorogimedence.hu\\\/wp-content\\\/uploads\\\/2021\\\/04\\\/logo-feher-600.png\",\"contentUrl\":\"https:\\\/\\\/dorogimedence.hu\\\/wp-content\\\/uploads\\\/2021\\\/04\\\/logo-feher-600.png\",\"width\":600,\"height\":100,\"caption\":\"Dorogi-medence Region\u00e1lis H\u00edrport\u00e1l\"},\"image\":{\"@id\":\"https:\\\/\\\/dorogimedence.hu\\\/#\\\/schema\\\/logo\\\/image\\\/\"},\"sameAs\":[\"https:\\\/\\\/www.facebook.com\\\/dorogimedence\\\/\"]},{\"@type\":\"Person\",\"@id\":\"https:\\\/\\\/dorogimedence.hu\\\/#\\\/schema\\\/person\\\/ce6091eeb7e95ecdc87890d6aa8e0fd4\",\"name\":\"dorogimedence.hu\",\"image\":{\"@type\":\"ImageObject\",\"inLanguage\":\"hu\",\"@id\":\"\\\/\\\/www.gravatar.com\\\/avatar\\\/d8d45f8901aadff40a4af72c0b826f1d?s=96&#038;r=g&#038;d=mm\",\"url\":\"\\\/\\\/www.gravatar.com\\\/avatar\\\/d8d45f8901aadff40a4af72c0b826f1d?s=96&#038;r=g&#038;d=mm\",\"contentUrl\":\"\\\/\\\/www.gravatar.com\\\/avatar\\\/d8d45f8901aadff40a4af72c0b826f1d?s=96&#038;r=g&#038;d=mm\",\"caption\":\"dorogimedence.hu\"}}]}<\/script>\n<!-- \/ Yoast SEO plugin. -->","yoast_head_json":{"title":"Konferencia a turisztikai egy\u00fcttm\u0171k\u00f6d\u00e9sr\u0151l","robots":{"index":"index","follow":"follow","max-snippet":"max-snippet:-1","max-image-preview":"max-image-preview:large","max-video-preview":"max-video-preview:-1"},"canonical":"https:\/\/dorogimedence.hu\/index.php\/2017\/03\/12\/konferencia-a-turisztikai-egyuttmukodesrol\/","og_locale":"hu_HU","og_type":"article","og_title":"Konferencia a turisztikai egy\u00fcttm\u0171k\u00f6d\u00e9sr\u0151l","og_description":"A Dunazug turisztikai egy\u00fcttm\u0171k\u00f6d\u00e9si lehet\u0151s\u00e9geir\u0151l tartottak konferenci\u00e1t L\u00e1batlanon a Gerenday-h\u00e1zban. Dinny\u00e9s Istv\u00e1n polg\u00e1rmester k\u00f6sz\u00f6nt\u0151j\u00e9ben elmondta, c\u00e9ljuk megmutatni a nagyk\u00f6z\u00f6ns\u00e9gnek a kisv\u00e1ros k\u00fcl\u00f6nlegess\u00e9geit &#8211; Holcim Eml\u00e9kh\u00e1z, Gerenday-arbor\u00e9tum -, \u00e9s a k\u00f6rny\u00e9k &#8211; Duna, Gerecse &#8211; lehet\u0151s\u00e9geit. Mindezt Baj\u00f3ttal, Nyerges\u00fajfaluval, S\u00fctt\u0151vel egy\u00fcttm\u0171k\u00f6dve, a turisztikai szakemberek ir\u00e1nymutat\u00e1sai alapj\u00e1n. Szek\u00e9r Zolt\u00e1n, a Dorog \u00e9s T\u00e9rs\u00e9ge Turizmus Egyes\u00fclet eln\u00f6ke,\u00a0 a","og_url":"https:\/\/dorogimedence.hu\/index.php\/2017\/03\/12\/konferencia-a-turisztikai-egyuttmukodesrol\/","og_site_name":"Dorogi-medence Region\u00e1lis H\u00edrport\u00e1l","article_publisher":"https:\/\/www.facebook.com\/dorogimedence\/","article_published_time":"2017-03-12T11:19:12+00:00","og_image":[{"width":500,"height":259,"url":"https:\/\/i0.wp.com\/dorogimedence.hu\/wp-content\/uploads\/2017\/03\/konferencia-labatlan.jpg?fit=500%2C259&ssl=1","type":"image\/jpeg"}],"author":"dorogimedence.hu","twitter_card":"summary_large_image","twitter_misc":{"Szerz\u0151:":"dorogimedence.hu","Becs\u00fclt olvas\u00e1si id\u0151":"2 perc"},"schema":{"@context":"https:\/\/schema.org","@graph":[{"@type":"Article","@id":"https:\/\/dorogimedence.hu\/index.php\/2017\/03\/12\/konferencia-a-turisztikai-egyuttmukodesrol\/#article","isPartOf":{"@id":"https:\/\/dorogimedence.hu\/index.php\/2017\/03\/12\/konferencia-a-turisztikai-egyuttmukodesrol\/"},"author":{"name":"dorogimedence.hu","@id":"https:\/\/dorogimedence.hu\/#\/schema\/person\/ce6091eeb7e95ecdc87890d6aa8e0fd4"},"headline":"Konferencia a turisztikai egy\u00fcttm\u0171k\u00f6d\u00e9sr\u0151l","datePublished":"2017-03-12T11:19:12+00:00","mainEntityOfPage":{"@id":"https:\/\/dorogimedence.hu\/index.php\/2017\/03\/12\/konferencia-a-turisztikai-egyuttmukodesrol\/"},"wordCount":363,"publisher":{"@id":"https:\/\/dorogimedence.hu\/#organization"},"image":{"@id":"https:\/\/dorogimedence.hu\/index.php\/2017\/03\/12\/konferencia-a-turisztikai-egyuttmukodesrol\/#primaryimage"},"thumbnailUrl":"https:\/\/dorogimedence.hu\/wp-content\/uploads\/2017\/03\/konferencia-labatlan.jpg","keywords":["Dorog","konferencia","L\u00e1batlan","turisztika"],"articleSection":["Dorog","H\u00edrek"],"inLanguage":"hu"},{"@type":"WebPage","@id":"https:\/\/dorogimedence.hu\/index.php\/2017\/03\/12\/konferencia-a-turisztikai-egyuttmukodesrol\/","url":"https:\/\/dorogimedence.hu\/index.php\/2017\/03\/12\/konferencia-a-turisztikai-egyuttmukodesrol\/","name":"Konferencia a turisztikai egy\u00fcttm\u0171k\u00f6d\u00e9sr\u0151l","isPartOf":{"@id":"https:\/\/dorogimedence.hu\/#website"},"primaryImageOfPage":{"@id":"https:\/\/dorogimedence.hu\/index.php\/2017\/03\/12\/konferencia-a-turisztikai-egyuttmukodesrol\/#primaryimage"},"image":{"@id":"https:\/\/dorogimedence.hu\/index.php\/2017\/03\/12\/konferencia-a-turisztikai-egyuttmukodesrol\/#primaryimage"},"thumbnailUrl":"https:\/\/dorogimedence.hu\/wp-content\/uploads\/2017\/03\/konferencia-labatlan.jpg","datePublished":"2017-03-12T11:19:12+00:00","breadcrumb":{"@id":"https:\/\/dorogimedence.hu\/index.php\/2017\/03\/12\/konferencia-a-turisztikai-egyuttmukodesrol\/#breadcrumb"},"inLanguage":"hu","potentialAction":[{"@type":"ReadAction","target":["https:\/\/dorogimedence.hu\/index.php\/2017\/03\/12\/konferencia-a-turisztikai-egyuttmukodesrol\/"]}]},{"@type":"ImageObject","inLanguage":"hu","@id":"https:\/\/dorogimedence.hu\/index.php\/2017\/03\/12\/konferencia-a-turisztikai-egyuttmukodesrol\/#primaryimage","url":"https:\/\/dorogimedence.hu\/wp-content\/uploads\/2017\/03\/konferencia-labatlan.jpg","contentUrl":"https:\/\/dorogimedence.hu\/wp-content\/uploads\/2017\/03\/konferencia-labatlan.jpg","width":500,"height":259},{"@type":"BreadcrumbList","@id":"https:\/\/dorogimedence.hu\/index.php\/2017\/03\/12\/konferencia-a-turisztikai-egyuttmukodesrol\/#breadcrumb","itemListElement":[{"@type":"ListItem","position":1,"name":"Kezd\u0151lap","item":"https:\/\/dorogimedence.hu\/"},{"@type":"ListItem","position":2,"name":"Konferencia a turisztikai egy\u00fcttm\u0171k\u00f6d\u00e9sr\u0151l"}]},{"@type":"WebSite","@id":"https:\/\/dorogimedence.hu\/#website","url":"https:\/\/dorogimedence.hu\/","name":"Dorogi-medence Region\u00e1lis H\u00edrport\u00e1l","description":"Dorog, Keszt\u00f6lc, Le\u00e1nyv\u00e1r, Piliscs\u00e9v, Tokod, Tokodalt\u00e1r\u00f3, Csolnok, Esztergom-kertv\u00e1ros: h\u00edrek, programok","publisher":{"@id":"https:\/\/dorogimedence.hu\/#organization"},"potentialAction":[{"@type":"SearchAction","target":{"@type":"EntryPoint","urlTemplate":"https:\/\/dorogimedence.hu\/?s={search_term_string}"},"query-input":{"@type":"PropertyValueSpecification","valueRequired":true,"valueName":"search_term_string"}}],"inLanguage":"hu"},{"@type":"Organization","@id":"https:\/\/dorogimedence.hu\/#organization","name":"Dorogi-medence Region\u00e1lis H\u00edrport\u00e1l","url":"https:\/\/dorogimedence.hu\/","logo":{"@type":"ImageObject","inLanguage":"hu","@id":"https:\/\/dorogimedence.hu\/#\/schema\/logo\/image\/","url":"https:\/\/dorogimedence.hu\/wp-content\/uploads\/2021\/04\/logo-feher-600.png","contentUrl":"https:\/\/dorogimedence.hu\/wp-content\/uploads\/2021\/04\/logo-feher-600.png","width":600,"height":100,"caption":"Dorogi-medence Region\u00e1lis H\u00edrport\u00e1l"},"image":{"@id":"https:\/\/dorogimedence.hu\/#\/schema\/logo\/image\/"},"sameAs":["https:\/\/www.facebook.com\/dorogimedence\/"]},{"@type":"Person","@id":"https:\/\/dorogimedence.hu\/#\/schema\/person\/ce6091eeb7e95ecdc87890d6aa8e0fd4","name":"dorogimedence.hu","image":{"@type":"ImageObject","inLanguage":"hu","@id":"\/\/www.gravatar.com\/avatar\/d8d45f8901aadff40a4af72c0b826f1d?s=96&#038;r=g&#038;d=mm","url":"\/\/www.gravatar.com\/avatar\/d8d45f8901aadff40a4af72c0b826f1d?s=96&#038;r=g&#038;d=mm","contentUrl":"\/\/www.gravatar.com\/avatar\/d8d45f8901aadff40a4af72c0b826f1d?s=96&#038;r=g&#038;d=mm","caption":"dorogimedence.hu"}}]}},"_links":{"self":[{"href":"https:\/\/dorogimedence.hu\/index.php\/wp-json\/wp\/v2\/posts\/1428","targetHints":{"allow":["GET"]}}],"collection":[{"href":"https:\/\/dorogimedence.hu\/index.php\/wp-json\/wp\/v2\/posts"}],"about":[{"href":"https:\/\/dorogimedence.hu\/index.php\/wp-json\/wp\/v2\/types\/post"}],"author":[{"embeddable":true,"href":"https:\/\/dorogimedence.hu\/index.php\/wp-json\/wp\/v2\/users\/1"}],"replies":[{"embeddable":true,"href":"https:\/\/dorogimedence.hu\/index.php\/wp-json\/wp\/v2\/comments?post=1428"}],"version-history":[{"count":0,"href":"https:\/\/dorogimedence.hu\/index.php\/wp-json\/wp\/v2\/posts\/1428\/revisions"}],"wp:featuredmedia":[{"embeddable":true,"href":"https:\/\/dorogimedence.hu\/index.php\/wp-json\/wp\/v2\/media\/1429"}],"wp:attachment":[{"href":"https:\/\/dorogimedence.hu\/index.php\/wp-json\/wp\/v2\/media?parent=1428"}],"wp:term":[{"taxonomy":"category","embeddable":true,"href":"https:\/\/dorogimedence.hu\/index.php\/wp-json\/wp\/v2\/categories?post=1428"},{"taxonomy":"post_tag","embeddable":true,"href":"https:\/\/dorogimedence.hu\/index.php\/wp-json\/wp\/v2\/tags?post=1428"}],"curies":[{"name":"wp","href":"https:\/\/api.w.org\/{rel}","templated":true}]}}