{"id":14155,"date":"2019-01-05T11:12:38","date_gmt":"2019-01-05T10:12:38","guid":{"rendered":"http:\/\/dorogimedence.hu\/?p=14155"},"modified":"2019-01-05T11:40:48","modified_gmt":"2019-01-05T10:40:48","slug":"telen-is-erdemes-turabakancsot-huzni","status":"publish","type":"post","link":"https:\/\/dorogimedence.hu\/index.php\/2019\/01\/05\/telen-is-erdemes-turabakancsot-huzni\/","title":{"rendered":"T\u00e9len is \u00e9rdemes t\u00farabakancsot h\u00fazni"},"content":{"rendered":"<p><strong>A t\u00f6bbs\u00e9g a tavaszi \u00e9s \u0151szi id\u0151szakban h\u00faz <a href=\"https:\/\/turabakancs.hu\" target=\"_blank\" rel=\"noopener\"><span style=\"text-decoration: underline; color: #0000ff;\">t\u00farabakancsot<\/span><\/a> \u00e9s v\u00e1g neki a hegyeknek, erd\u0151knek pedig a t\u00e9l is fantasztikus l\u00e1tnival\u00f3kat, illetve t\u00f6bb 1000 embert megmozgat\u00f3 t\u00faraesem\u00e9nyeket tartogat.<\/strong><\/p>\n<p>Nagy h\u00f3ban \u00e9s hidegben is \u00e9rdemes nekiv\u00e1gni \u00e9s felfedezni erdeinket, mert a t\u00e9li id\u0151szakban t\u00fara\u00fatvonalaink teljesen m\u00e1s arcukat mutatj\u00e1k, mint tavasszal, illetve \u0151sszel. A t\u00e9li t\u00far\u00e1z\u00e1s tov\u00e1bb\u00e1 nagy el\u0151nye, hogy az akt\u00edv mozg\u00e1s \u00e9s kikapcsol\u00f3d\u00e1s nemcsak felt\u00f6lt, hanem cs\u00f6kkenti a t\u00e9li id\u0151szakra gyakran jellemz\u0151 depresszi\u00f3t is.<\/p>\n<p>Ma m\u00e1r szerencs\u00e9re a kil\u00e1t\u00f3k, a fel\u00faj\u00edtott turistah\u00e1zak, valamint a t\u00e9li t\u00fara esem\u00e9nyek terjed\u00e9s\u00e9vel mindig tal\u00e1lhat\u00f3 egy ok, hogy <a href=\"https:\/\/turabakancs.hu\" target=\"_blank\" rel=\"noopener\"><span style=\"text-decoration: underline;\"><span style=\"color: #0000ff; text-decoration: underline;\">t\u00farabakancsot<\/span><\/span><\/a> ragadjunk \u00e9s kimozduljunk. A megfelel\u0151 min\u0151s\u00e9g\u0171 t\u00faracip\u0151 mellett term\u00e9szetesen sz\u00fcks\u00e9ges sapka, s\u00e1l, illetve \u00e1tgondolt t\u00f6bbr\u00e9teg\u0171 \u00f6lt\u00f6zk\u00f6d\u00e9s, hogy a t\u00fara v\u00e9ge ne egy nagy megf\u00e1z\u00e1s legyen. \u00c9rdemes el\u0151sz\u00f6r r\u00f6vid, a k\u00f6rny\u00e9k\u00fcnk\u00f6n tal\u00e1lhat\u00f3 t\u00farat\u00fatvonallal megismerkedni, majd ha a felk\u00e9sz\u00fclts\u00e9g, illetve egy kis tapasztalat is megvan, akkor \u00e9rdemes ell\u00e1togatni a szervezett t\u00faraesem\u00e9nyekre.<\/p>\n<p><em>A k\u00f6vetkez\u0151kben \u00f6sszegy\u0171jt\u00f6tt\u00fcnk n\u00e9h\u00e1ny kisebb-nagyobb t\u00e9li t\u00far\u00e1t:<\/em><\/p>\n<p><strong>2019. janu\u00e1r 06 &#8211; Becs\u00fclet \u00fatja 45\/25km<\/strong><br \/>\nEsztergom vas\u00fat\u00e1llom\u00e1son t\u00f6rt\u00e9n\u0151 reggel 6-8 k\u00f6z\u00f6tti rajttal indul a t\u00fara. A r\u00e9szv\u00e9tel els\u0151sorban gyakorlottabb t\u00far\u00e1z\u00f3knak. <a href=\"https:\/\/tturak.hu\/hikeOccasion\/1415\/details\" target=\"_blank\" rel=\"noopener\"><span style=\"text-decoration: underline; color: #3366ff;\">B\u0151vebben&gt;&gt;<\/span><\/a><\/p>\n<p><strong>2019. janu\u00e1r 20 &#8211; Egynapos edz\u00e9sben tart\u00f3 t\u00fara a Pilisben<\/strong><br \/>\nKeszt\u00f6lcr\u0151l indul\u00f3 \u00e9s a Keszt\u00f6lcre vissza\u00e9rkez\u0151 t\u00fara remek alkalom, hogy a kezd\u0151 t\u00far\u00e1z\u00f3k is pr\u00f3b\u00e1ra tegy\u00e9k magukat. Plusz rengeteg \u00e9lm\u00e9nyt gy\u0171jtsenek: A t\u00fara sor\u00e1n kider\u00fcl, hogy h\u00e1nyan f\u00e9r\u00fcnk el a K\u00e9m\u00e9ny-szikl\u00e1n? A Le\u00e1nyok vagy a Leg\u00e9nyek barlangj\u00e1nak nagyobb a sz\u00e1ja? T\u00e9nyleg annyira sz\u00e9p a kil\u00e1t\u00e1s Esztergomra a Sasf\u00e9szekb\u0151l? <a href=\"https:\/\/www.mozgasvilag.hu\/turazas\/esemenynaptar\/egynapos-edzesben-tarto-tura-a-pilisben\/\" target=\"_blank\" rel=\"noopener\"><span style=\"text-decoration: underline; color: #3366ff;\">B\u0151vebben&gt;&gt;<\/span><\/a><\/p>\n<p><strong>2019. janu\u00e1r 26 &#8211; T\u00e9li M\u00e1tra<\/strong><br \/>\nAz egyik legn\u00e9pszer\u0171bb \u00e9s legt\u00f6bb embert megmozgat\u00f3 t\u00e9li t\u00fara esem\u00e9ny haz\u00e1nkban a T\u00e9li MTR. T\u00f6bb t\u00e1von, remek szervez\u00e9s mellett fedezhet\u0151k fel a M\u00e1tra erdei \u00e9s hegyvonulatai. <a href=\"https:\/\/www.matraberc.hu\/\" target=\"_blank\" rel=\"noopener\"><span style=\"text-decoration: underline; color: #3366ff;\">A t\u00e1vokr\u00f3l \u00e9s nevez\u00e9sr\u0151l b\u0151vebb inf\u00f3&gt;&gt;<\/span><\/a><\/p>\n","protected":false},"excerpt":{"rendered":"<p>A t\u00f6bbs\u00e9g a tavaszi \u00e9s \u0151szi id\u0151szakban h\u00faz t\u00farabakancsot \u00e9s v\u00e1g neki a hegyeknek, erd\u0151knek pedig a t\u00e9l is fantasztikus l\u00e1tnival\u00f3kat, illetve t\u00f6bb 1000 embert megmozgat\u00f3 t\u00faraesem\u00e9nyeket tartogat. Nagy h\u00f3ban \u00e9s hidegben is \u00e9rdemes nekiv\u00e1gni \u00e9s felfedezni erdeinket, mert a t\u00e9li id\u0151szakban t\u00fara\u00fatvonalaink teljesen m\u00e1s arcukat mutatj\u00e1k, mint tavasszal, illetve \u0151sszel. A t\u00e9li t\u00far\u00e1z\u00e1s tov\u00e1bb\u00e1<\/p>\n","protected":false},"author":1,"featured_media":14156,"comment_status":"closed","ping_status":"closed","sticky":false,"template":"","format":"standard","meta":{"ngg_post_thumbnail":0,"footnotes":""},"categories":[3],"tags":[121,308],"class_list":{"0":"post-14155","1":"post","2":"type-post","3":"status-publish","4":"format-standard","5":"has-post-thumbnail","7":"category-hirek","8":"tag-kirandulas","9":"tag-tura"},"yoast_head":"<!-- This site is optimized with the Yoast SEO plugin v27.5 - https:\/\/yoast.com\/product\/yoast-seo-wordpress\/ -->\n<title>T\u00e9len is \u00e9rdemes t\u00farabakancsot h\u00fazni<\/title>\n<meta name=\"robots\" content=\"index, follow, max-snippet:-1, max-image-preview:large, max-video-preview:-1\" \/>\n<link rel=\"canonical\" href=\"https:\/\/dorogimedence.hu\/index.php\/2019\/01\/05\/telen-is-erdemes-turabakancsot-huzni\/\" class=\"yoast-seo-meta-tag\" \/>\n<meta property=\"og:locale\" content=\"hu_HU\" class=\"yoast-seo-meta-tag\" \/>\n<meta property=\"og:type\" content=\"article\" class=\"yoast-seo-meta-tag\" \/>\n<meta property=\"og:title\" content=\"T\u00e9len is \u00e9rdemes t\u00farabakancsot h\u00fazni\" class=\"yoast-seo-meta-tag\" \/>\n<meta property=\"og:description\" content=\"A t\u00f6bbs\u00e9g a tavaszi \u00e9s \u0151szi id\u0151szakban h\u00faz t\u00farabakancsot \u00e9s v\u00e1g neki a hegyeknek, erd\u0151knek pedig a t\u00e9l is fantasztikus l\u00e1tnival\u00f3kat, illetve t\u00f6bb 1000 embert megmozgat\u00f3 t\u00faraesem\u00e9nyeket tartogat. Nagy h\u00f3ban \u00e9s hidegben is \u00e9rdemes nekiv\u00e1gni \u00e9s felfedezni erdeinket, mert a t\u00e9li id\u0151szakban t\u00fara\u00fatvonalaink teljesen m\u00e1s arcukat mutatj\u00e1k, mint tavasszal, illetve \u0151sszel. A t\u00e9li t\u00far\u00e1z\u00e1s tov\u00e1bb\u00e1\" class=\"yoast-seo-meta-tag\" \/>\n<meta property=\"og:url\" content=\"https:\/\/dorogimedence.hu\/index.php\/2019\/01\/05\/telen-is-erdemes-turabakancsot-huzni\/\" class=\"yoast-seo-meta-tag\" \/>\n<meta property=\"og:site_name\" content=\"Dorogi-medence Region\u00e1lis H\u00edrport\u00e1l\" class=\"yoast-seo-meta-tag\" \/>\n<meta property=\"article:publisher\" content=\"https:\/\/www.facebook.com\/dorogimedence\/\" class=\"yoast-seo-meta-tag\" \/>\n<meta property=\"article:published_time\" content=\"2019-01-05T10:12:38+00:00\" class=\"yoast-seo-meta-tag\" \/>\n<meta property=\"article:modified_time\" content=\"2019-01-05T10:40:48+00:00\" class=\"yoast-seo-meta-tag\" \/>\n<meta property=\"og:image\" content=\"https:\/\/i0.wp.com\/dorogimedence.hu\/wp-content\/uploads\/2019\/01\/tura-01.jpg?fit=670%2C365&ssl=1\" class=\"yoast-seo-meta-tag\" \/>\n\t<meta property=\"og:image:width\" content=\"670\" class=\"yoast-seo-meta-tag\" \/>\n\t<meta property=\"og:image:height\" content=\"365\" class=\"yoast-seo-meta-tag\" \/>\n\t<meta property=\"og:image:type\" content=\"image\/jpeg\" class=\"yoast-seo-meta-tag\" \/>\n<meta name=\"author\" content=\"dorogimedence.hu\" class=\"yoast-seo-meta-tag\" \/>\n<meta name=\"twitter:card\" content=\"summary_large_image\" class=\"yoast-seo-meta-tag\" \/>\n<meta name=\"twitter:label1\" content=\"Szerz\u0151:\" class=\"yoast-seo-meta-tag\" \/>\n\t<meta name=\"twitter:data1\" content=\"dorogimedence.hu\" class=\"yoast-seo-meta-tag\" \/>\n\t<meta name=\"twitter:label2\" content=\"Becs\u00fclt olvas\u00e1si id\u0151\" class=\"yoast-seo-meta-tag\" \/>\n\t<meta name=\"twitter:data2\" content=\"2 perc\" class=\"yoast-seo-meta-tag\" \/>\n<script type=\"application\/ld+json\" class=\"yoast-schema-graph\">{\"@context\":\"https:\\\/\\\/schema.org\",\"@graph\":[{\"@type\":\"Article\",\"@id\":\"https:\\\/\\\/dorogimedence.hu\\\/index.php\\\/2019\\\/01\\\/05\\\/telen-is-erdemes-turabakancsot-huzni\\\/#article\",\"isPartOf\":{\"@id\":\"https:\\\/\\\/dorogimedence.hu\\\/index.php\\\/2019\\\/01\\\/05\\\/telen-is-erdemes-turabakancsot-huzni\\\/\"},\"author\":{\"name\":\"dorogimedence.hu\",\"@id\":\"https:\\\/\\\/dorogimedence.hu\\\/#\\\/schema\\\/person\\\/ce6091eeb7e95ecdc87890d6aa8e0fd4\"},\"headline\":\"T\u00e9len is \u00e9rdemes t\u00farabakancsot h\u00fazni\",\"datePublished\":\"2019-01-05T10:12:38+00:00\",\"dateModified\":\"2019-01-05T10:40:48+00:00\",\"mainEntityOfPage\":{\"@id\":\"https:\\\/\\\/dorogimedence.hu\\\/index.php\\\/2019\\\/01\\\/05\\\/telen-is-erdemes-turabakancsot-huzni\\\/\"},\"wordCount\":443,\"publisher\":{\"@id\":\"https:\\\/\\\/dorogimedence.hu\\\/#organization\"},\"image\":{\"@id\":\"https:\\\/\\\/dorogimedence.hu\\\/index.php\\\/2019\\\/01\\\/05\\\/telen-is-erdemes-turabakancsot-huzni\\\/#primaryimage\"},\"thumbnailUrl\":\"https:\\\/\\\/dorogimedence.hu\\\/wp-content\\\/uploads\\\/2019\\\/01\\\/tura-01.jpg\",\"keywords\":[\"kir\u00e1ndul\u00e1s\",\"t\u00fara\"],\"articleSection\":[\"H\u00edrek\"],\"inLanguage\":\"hu\"},{\"@type\":\"WebPage\",\"@id\":\"https:\\\/\\\/dorogimedence.hu\\\/index.php\\\/2019\\\/01\\\/05\\\/telen-is-erdemes-turabakancsot-huzni\\\/\",\"url\":\"https:\\\/\\\/dorogimedence.hu\\\/index.php\\\/2019\\\/01\\\/05\\\/telen-is-erdemes-turabakancsot-huzni\\\/\",\"name\":\"T\u00e9len is \u00e9rdemes t\u00farabakancsot h\u00fazni\",\"isPartOf\":{\"@id\":\"https:\\\/\\\/dorogimedence.hu\\\/#website\"},\"primaryImageOfPage\":{\"@id\":\"https:\\\/\\\/dorogimedence.hu\\\/index.php\\\/2019\\\/01\\\/05\\\/telen-is-erdemes-turabakancsot-huzni\\\/#primaryimage\"},\"image\":{\"@id\":\"https:\\\/\\\/dorogimedence.hu\\\/index.php\\\/2019\\\/01\\\/05\\\/telen-is-erdemes-turabakancsot-huzni\\\/#primaryimage\"},\"thumbnailUrl\":\"https:\\\/\\\/dorogimedence.hu\\\/wp-content\\\/uploads\\\/2019\\\/01\\\/tura-01.jpg\",\"datePublished\":\"2019-01-05T10:12:38+00:00\",\"dateModified\":\"2019-01-05T10:40:48+00:00\",\"breadcrumb\":{\"@id\":\"https:\\\/\\\/dorogimedence.hu\\\/index.php\\\/2019\\\/01\\\/05\\\/telen-is-erdemes-turabakancsot-huzni\\\/#breadcrumb\"},\"inLanguage\":\"hu\",\"potentialAction\":[{\"@type\":\"ReadAction\",\"target\":[\"https:\\\/\\\/dorogimedence.hu\\\/index.php\\\/2019\\\/01\\\/05\\\/telen-is-erdemes-turabakancsot-huzni\\\/\"]}]},{\"@type\":\"ImageObject\",\"inLanguage\":\"hu\",\"@id\":\"https:\\\/\\\/dorogimedence.hu\\\/index.php\\\/2019\\\/01\\\/05\\\/telen-is-erdemes-turabakancsot-huzni\\\/#primaryimage\",\"url\":\"https:\\\/\\\/dorogimedence.hu\\\/wp-content\\\/uploads\\\/2019\\\/01\\\/tura-01.jpg\",\"contentUrl\":\"https:\\\/\\\/dorogimedence.hu\\\/wp-content\\\/uploads\\\/2019\\\/01\\\/tura-01.jpg\",\"width\":670,\"height\":365},{\"@type\":\"BreadcrumbList\",\"@id\":\"https:\\\/\\\/dorogimedence.hu\\\/index.php\\\/2019\\\/01\\\/05\\\/telen-is-erdemes-turabakancsot-huzni\\\/#breadcrumb\",\"itemListElement\":[{\"@type\":\"ListItem\",\"position\":1,\"name\":\"Kezd\u0151lap\",\"item\":\"https:\\\/\\\/dorogimedence.hu\\\/\"},{\"@type\":\"ListItem\",\"position\":2,\"name\":\"T\u00e9len is \u00e9rdemes t\u00farabakancsot h\u00fazni\"}]},{\"@type\":\"WebSite\",\"@id\":\"https:\\\/\\\/dorogimedence.hu\\\/#website\",\"url\":\"https:\\\/\\\/dorogimedence.hu\\\/\",\"name\":\"Dorogi-medence Region\u00e1lis H\u00edrport\u00e1l\",\"description\":\"Dorog, Keszt\u00f6lc, Le\u00e1nyv\u00e1r, Piliscs\u00e9v, Tokod, Tokodalt\u00e1r\u00f3, Csolnok, Esztergom-kertv\u00e1ros: h\u00edrek, programok\",\"publisher\":{\"@id\":\"https:\\\/\\\/dorogimedence.hu\\\/#organization\"},\"potentialAction\":[{\"@type\":\"SearchAction\",\"target\":{\"@type\":\"EntryPoint\",\"urlTemplate\":\"https:\\\/\\\/dorogimedence.hu\\\/?s={search_term_string}\"},\"query-input\":{\"@type\":\"PropertyValueSpecification\",\"valueRequired\":true,\"valueName\":\"search_term_string\"}}],\"inLanguage\":\"hu\"},{\"@type\":\"Organization\",\"@id\":\"https:\\\/\\\/dorogimedence.hu\\\/#organization\",\"name\":\"Dorogi-medence Region\u00e1lis H\u00edrport\u00e1l\",\"url\":\"https:\\\/\\\/dorogimedence.hu\\\/\",\"logo\":{\"@type\":\"ImageObject\",\"inLanguage\":\"hu\",\"@id\":\"https:\\\/\\\/dorogimedence.hu\\\/#\\\/schema\\\/logo\\\/image\\\/\",\"url\":\"https:\\\/\\\/dorogimedence.hu\\\/wp-content\\\/uploads\\\/2021\\\/04\\\/logo-feher-600.png\",\"contentUrl\":\"https:\\\/\\\/dorogimedence.hu\\\/wp-content\\\/uploads\\\/2021\\\/04\\\/logo-feher-600.png\",\"width\":600,\"height\":100,\"caption\":\"Dorogi-medence Region\u00e1lis H\u00edrport\u00e1l\"},\"image\":{\"@id\":\"https:\\\/\\\/dorogimedence.hu\\\/#\\\/schema\\\/logo\\\/image\\\/\"},\"sameAs\":[\"https:\\\/\\\/www.facebook.com\\\/dorogimedence\\\/\"]},{\"@type\":\"Person\",\"@id\":\"https:\\\/\\\/dorogimedence.hu\\\/#\\\/schema\\\/person\\\/ce6091eeb7e95ecdc87890d6aa8e0fd4\",\"name\":\"dorogimedence.hu\",\"image\":{\"@type\":\"ImageObject\",\"inLanguage\":\"hu\",\"@id\":\"\\\/\\\/www.gravatar.com\\\/avatar\\\/d8d45f8901aadff40a4af72c0b826f1d?s=96&#038;r=g&#038;d=mm\",\"url\":\"\\\/\\\/www.gravatar.com\\\/avatar\\\/d8d45f8901aadff40a4af72c0b826f1d?s=96&#038;r=g&#038;d=mm\",\"contentUrl\":\"\\\/\\\/www.gravatar.com\\\/avatar\\\/d8d45f8901aadff40a4af72c0b826f1d?s=96&#038;r=g&#038;d=mm\",\"caption\":\"dorogimedence.hu\"}}]}<\/script>\n<!-- \/ Yoast SEO plugin. -->","yoast_head_json":{"title":"T\u00e9len is \u00e9rdemes t\u00farabakancsot h\u00fazni","robots":{"index":"index","follow":"follow","max-snippet":"max-snippet:-1","max-image-preview":"max-image-preview:large","max-video-preview":"max-video-preview:-1"},"canonical":"https:\/\/dorogimedence.hu\/index.php\/2019\/01\/05\/telen-is-erdemes-turabakancsot-huzni\/","og_locale":"hu_HU","og_type":"article","og_title":"T\u00e9len is \u00e9rdemes t\u00farabakancsot h\u00fazni","og_description":"A t\u00f6bbs\u00e9g a tavaszi \u00e9s \u0151szi id\u0151szakban h\u00faz t\u00farabakancsot \u00e9s v\u00e1g neki a hegyeknek, erd\u0151knek pedig a t\u00e9l is fantasztikus l\u00e1tnival\u00f3kat, illetve t\u00f6bb 1000 embert megmozgat\u00f3 t\u00faraesem\u00e9nyeket tartogat. Nagy h\u00f3ban \u00e9s hidegben is \u00e9rdemes nekiv\u00e1gni \u00e9s felfedezni erdeinket, mert a t\u00e9li id\u0151szakban t\u00fara\u00fatvonalaink teljesen m\u00e1s arcukat mutatj\u00e1k, mint tavasszal, illetve \u0151sszel. A t\u00e9li t\u00far\u00e1z\u00e1s tov\u00e1bb\u00e1","og_url":"https:\/\/dorogimedence.hu\/index.php\/2019\/01\/05\/telen-is-erdemes-turabakancsot-huzni\/","og_site_name":"Dorogi-medence Region\u00e1lis H\u00edrport\u00e1l","article_publisher":"https:\/\/www.facebook.com\/dorogimedence\/","article_published_time":"2019-01-05T10:12:38+00:00","article_modified_time":"2019-01-05T10:40:48+00:00","og_image":[{"width":670,"height":365,"url":"https:\/\/i0.wp.com\/dorogimedence.hu\/wp-content\/uploads\/2019\/01\/tura-01.jpg?fit=670%2C365&ssl=1","type":"image\/jpeg"}],"author":"dorogimedence.hu","twitter_card":"summary_large_image","twitter_misc":{"Szerz\u0151:":"dorogimedence.hu","Becs\u00fclt olvas\u00e1si id\u0151":"2 perc"},"schema":{"@context":"https:\/\/schema.org","@graph":[{"@type":"Article","@id":"https:\/\/dorogimedence.hu\/index.php\/2019\/01\/05\/telen-is-erdemes-turabakancsot-huzni\/#article","isPartOf":{"@id":"https:\/\/dorogimedence.hu\/index.php\/2019\/01\/05\/telen-is-erdemes-turabakancsot-huzni\/"},"author":{"name":"dorogimedence.hu","@id":"https:\/\/dorogimedence.hu\/#\/schema\/person\/ce6091eeb7e95ecdc87890d6aa8e0fd4"},"headline":"T\u00e9len is \u00e9rdemes t\u00farabakancsot h\u00fazni","datePublished":"2019-01-05T10:12:38+00:00","dateModified":"2019-01-05T10:40:48+00:00","mainEntityOfPage":{"@id":"https:\/\/dorogimedence.hu\/index.php\/2019\/01\/05\/telen-is-erdemes-turabakancsot-huzni\/"},"wordCount":443,"publisher":{"@id":"https:\/\/dorogimedence.hu\/#organization"},"image":{"@id":"https:\/\/dorogimedence.hu\/index.php\/2019\/01\/05\/telen-is-erdemes-turabakancsot-huzni\/#primaryimage"},"thumbnailUrl":"https:\/\/dorogimedence.hu\/wp-content\/uploads\/2019\/01\/tura-01.jpg","keywords":["kir\u00e1ndul\u00e1s","t\u00fara"],"articleSection":["H\u00edrek"],"inLanguage":"hu"},{"@type":"WebPage","@id":"https:\/\/dorogimedence.hu\/index.php\/2019\/01\/05\/telen-is-erdemes-turabakancsot-huzni\/","url":"https:\/\/dorogimedence.hu\/index.php\/2019\/01\/05\/telen-is-erdemes-turabakancsot-huzni\/","name":"T\u00e9len is \u00e9rdemes t\u00farabakancsot h\u00fazni","isPartOf":{"@id":"https:\/\/dorogimedence.hu\/#website"},"primaryImageOfPage":{"@id":"https:\/\/dorogimedence.hu\/index.php\/2019\/01\/05\/telen-is-erdemes-turabakancsot-huzni\/#primaryimage"},"image":{"@id":"https:\/\/dorogimedence.hu\/index.php\/2019\/01\/05\/telen-is-erdemes-turabakancsot-huzni\/#primaryimage"},"thumbnailUrl":"https:\/\/dorogimedence.hu\/wp-content\/uploads\/2019\/01\/tura-01.jpg","datePublished":"2019-01-05T10:12:38+00:00","dateModified":"2019-01-05T10:40:48+00:00","breadcrumb":{"@id":"https:\/\/dorogimedence.hu\/index.php\/2019\/01\/05\/telen-is-erdemes-turabakancsot-huzni\/#breadcrumb"},"inLanguage":"hu","potentialAction":[{"@type":"ReadAction","target":["https:\/\/dorogimedence.hu\/index.php\/2019\/01\/05\/telen-is-erdemes-turabakancsot-huzni\/"]}]},{"@type":"ImageObject","inLanguage":"hu","@id":"https:\/\/dorogimedence.hu\/index.php\/2019\/01\/05\/telen-is-erdemes-turabakancsot-huzni\/#primaryimage","url":"https:\/\/dorogimedence.hu\/wp-content\/uploads\/2019\/01\/tura-01.jpg","contentUrl":"https:\/\/dorogimedence.hu\/wp-content\/uploads\/2019\/01\/tura-01.jpg","width":670,"height":365},{"@type":"BreadcrumbList","@id":"https:\/\/dorogimedence.hu\/index.php\/2019\/01\/05\/telen-is-erdemes-turabakancsot-huzni\/#breadcrumb","itemListElement":[{"@type":"ListItem","position":1,"name":"Kezd\u0151lap","item":"https:\/\/dorogimedence.hu\/"},{"@type":"ListItem","position":2,"name":"T\u00e9len is \u00e9rdemes t\u00farabakancsot h\u00fazni"}]},{"@type":"WebSite","@id":"https:\/\/dorogimedence.hu\/#website","url":"https:\/\/dorogimedence.hu\/","name":"Dorogi-medence Region\u00e1lis H\u00edrport\u00e1l","description":"Dorog, Keszt\u00f6lc, Le\u00e1nyv\u00e1r, Piliscs\u00e9v, Tokod, Tokodalt\u00e1r\u00f3, Csolnok, Esztergom-kertv\u00e1ros: h\u00edrek, programok","publisher":{"@id":"https:\/\/dorogimedence.hu\/#organization"},"potentialAction":[{"@type":"SearchAction","target":{"@type":"EntryPoint","urlTemplate":"https:\/\/dorogimedence.hu\/?s={search_term_string}"},"query-input":{"@type":"PropertyValueSpecification","valueRequired":true,"valueName":"search_term_string"}}],"inLanguage":"hu"},{"@type":"Organization","@id":"https:\/\/dorogimedence.hu\/#organization","name":"Dorogi-medence Region\u00e1lis H\u00edrport\u00e1l","url":"https:\/\/dorogimedence.hu\/","logo":{"@type":"ImageObject","inLanguage":"hu","@id":"https:\/\/dorogimedence.hu\/#\/schema\/logo\/image\/","url":"https:\/\/dorogimedence.hu\/wp-content\/uploads\/2021\/04\/logo-feher-600.png","contentUrl":"https:\/\/dorogimedence.hu\/wp-content\/uploads\/2021\/04\/logo-feher-600.png","width":600,"height":100,"caption":"Dorogi-medence Region\u00e1lis H\u00edrport\u00e1l"},"image":{"@id":"https:\/\/dorogimedence.hu\/#\/schema\/logo\/image\/"},"sameAs":["https:\/\/www.facebook.com\/dorogimedence\/"]},{"@type":"Person","@id":"https:\/\/dorogimedence.hu\/#\/schema\/person\/ce6091eeb7e95ecdc87890d6aa8e0fd4","name":"dorogimedence.hu","image":{"@type":"ImageObject","inLanguage":"hu","@id":"\/\/www.gravatar.com\/avatar\/d8d45f8901aadff40a4af72c0b826f1d?s=96&#038;r=g&#038;d=mm","url":"\/\/www.gravatar.com\/avatar\/d8d45f8901aadff40a4af72c0b826f1d?s=96&#038;r=g&#038;d=mm","contentUrl":"\/\/www.gravatar.com\/avatar\/d8d45f8901aadff40a4af72c0b826f1d?s=96&#038;r=g&#038;d=mm","caption":"dorogimedence.hu"}}]}},"_links":{"self":[{"href":"https:\/\/dorogimedence.hu\/index.php\/wp-json\/wp\/v2\/posts\/14155","targetHints":{"allow":["GET"]}}],"collection":[{"href":"https:\/\/dorogimedence.hu\/index.php\/wp-json\/wp\/v2\/posts"}],"about":[{"href":"https:\/\/dorogimedence.hu\/index.php\/wp-json\/wp\/v2\/types\/post"}],"author":[{"embeddable":true,"href":"https:\/\/dorogimedence.hu\/index.php\/wp-json\/wp\/v2\/users\/1"}],"replies":[{"embeddable":true,"href":"https:\/\/dorogimedence.hu\/index.php\/wp-json\/wp\/v2\/comments?post=14155"}],"version-history":[{"count":0,"href":"https:\/\/dorogimedence.hu\/index.php\/wp-json\/wp\/v2\/posts\/14155\/revisions"}],"wp:featuredmedia":[{"embeddable":true,"href":"https:\/\/dorogimedence.hu\/index.php\/wp-json\/wp\/v2\/media\/14156"}],"wp:attachment":[{"href":"https:\/\/dorogimedence.hu\/index.php\/wp-json\/wp\/v2\/media?parent=14155"}],"wp:term":[{"taxonomy":"category","embeddable":true,"href":"https:\/\/dorogimedence.hu\/index.php\/wp-json\/wp\/v2\/categories?post=14155"},{"taxonomy":"post_tag","embeddable":true,"href":"https:\/\/dorogimedence.hu\/index.php\/wp-json\/wp\/v2\/tags?post=14155"}],"curies":[{"name":"wp","href":"https:\/\/api.w.org\/{rel}","templated":true}]}}