{"id":14077,"date":"2019-01-01T15:33:10","date_gmt":"2019-01-01T14:33:10","guid":{"rendered":"http:\/\/dorogimedence.hu\/?p=14077"},"modified":"2019-01-01T15:34:34","modified_gmt":"2019-01-01T14:34:34","slug":"erdo-peter-2019-az-epitkezes-eve-lesz","status":"publish","type":"post","link":"https:\/\/dorogimedence.hu\/index.php\/2019\/01\/01\/erdo-peter-2019-az-epitkezes-eve-lesz\/","title":{"rendered":"Erd\u0151 P\u00e9ter: 2019 az \u00e9p\u00edtkez\u00e9s \u00e9ve lesz"},"content":{"rendered":"<p><strong>Erd\u0151 P\u00e9ter b\u00edboros, pr\u00edm\u00e1s h\u00e1laad\u00f3 szentmis\u00e9t celebr\u00e1lt szilveszter napj\u00e1n az esztergomi bazilik\u00e1ban.<\/strong><\/p>\n<p>Besz\u00e9d\u00e9ben elmondta, hogy 2019-ben jelent\u0151s beruh\u00e1z\u00e1s kezd\u0151dik Magyarorsz\u00e1g legnagyobb templom\u00e1ban, az esztergomi bazilik\u00e1ban.<\/p>\n<p>A n\u00e9gy \u00e9ven \u00e1t tart\u00f3 t\u00f6bb mint 10 milli\u00e1rd forintos <span style=\"text-decoration: underline; color: #0000ff;\"><a style=\"color: #0000ff; text-decoration: underline;\" href=\"https:\/\/dorogimedence.hu\/index.php\/2018\/12\/22\/tizmilliardbol-ujul-meg-az-esztergomi-bazilika\/\" target=\"_blank\" rel=\"noopener\">beruh\u00e1z\u00e1s sor\u00e1n<\/a><\/span> t\u00f6bbek k\u00f6z\u00f6tt meg\u00fajul a kupola, \u00e9s a mozg\u00e1skorl\u00e1tozott h\u00edv\u0151k sz\u00e1m\u00e1ra is k\u00f6nnyebb lesz a k\u00f6zleked\u00e9s a bazilik\u00e1ban.<\/p>\n<p>A korm\u00e1nyhat\u00e1rozat szerint j\u00f6v\u0151re t\u00f6bb mint 1,2 milli\u00e1rd forintos t\u00f6bbletforr\u00e1st ford\u00edtanak a bazilika fel\u00faj\u00edt\u00e1s\u00e1ra. A beruh\u00e1z\u00e1s tov\u00e1bbi t\u00e1mogat\u00e1s\u00e1ra 2020-ban t\u00f6bb mint 3,2 milli\u00e1rd, 2021-ben csaknem 6,5 milli\u00e1rd, 2022-ben t\u00f6bb mint 860 milli\u00f3 forintot kell biztos\u00edtani a k\u00f6lts\u00e9gvet\u00e9sben.<\/p>\n<p>A b\u00edboros-pr\u00edm\u00e1s az <a href=\"https:\/\/www.echotv.hu\/hirek\/2019\/01\/01\/erdo-peter-az-epitkezes-eve-lesz-2019\" target=\"_blank\" rel=\"noopener\"><span style=\"text-decoration: underline;\"><span style=\"color: #0000ff; text-decoration: underline;\">ECHO TV-nek<\/span><\/span><\/a> besz\u00e1molt arr\u00f3l, hogy 2018-ban meg\u00edt\u00e9l\u00e9se szerint enyh\u00fclni kezdtek a h\u00e1bor\u00fas konfliktusok a vil\u00e1gban.\u00a0Tov\u00e1bb\u00e1 kit\u00e9rt arra is, hogy a magyar katolikus egyh\u00e1z is a meg\u00fajul\u00e1s \u00fatj\u00e1n j\u00e1r. A 2019-es \u00e9vt\u0151l az egyh\u00e1zi vezet\u0151 azt v\u00e1rja, hogy a katolikus fenntart\u00e1s\u00fa oktat\u00e1si int\u00e9zm\u00e9nyek szellemi \u00e9rtelemben er\u0151s\u00f6djenek, \u00e9s meg\u00fajuljon a papk\u00e9pz\u00e9s Magyarorsz\u00e1gon.<\/p>\n<p><em><strong>Az ECHO TV \u00f6ssze\u00e1ll\u00edt\u00e1sa:<\/strong><\/em><br \/>\n<video controls=\"controls\" width=\"500\" height=\"360\"><source src=\"https:\/\/stream.echotv.hu\/videos\/2019\/01\/720\/20190101_erdo_peter.MP4\" type=\"video\/mp4\" \/>Az \u00d6n b\u00f6ng\u00e9sz\u0151je nem t\u00e1mogatja m\u00e9g ezt a funkci\u00f3t.<br \/>\nSebaj: <a href=\"https:\/\/stream.echotv.hu\/videos\/2019\/01\/720\/20190101_erdo_peter.MP4\"><span style=\"display: inline-block; width: 0px; overflow: hidden; line-height: 0;\" data-mce-type=\"bookmark\" class=\"mce_SELRES_start\">\ufeff<\/span> a vide\u00f3t itt el\u00e9rheti.<\/a><\/video><\/p>\n<p><em>Bor\u00edt\u00f3k\u00e9p: MTI (egy kor\u00e1bbi szentmise)<\/em><\/p>\n","protected":false},"excerpt":{"rendered":"<p>Erd\u0151 P\u00e9ter b\u00edboros, pr\u00edm\u00e1s h\u00e1laad\u00f3 szentmis\u00e9t celebr\u00e1lt szilveszter napj\u00e1n az esztergomi bazilik\u00e1ban. Besz\u00e9d\u00e9ben elmondta, hogy 2019-ben jelent\u0151s beruh\u00e1z\u00e1s kezd\u0151dik Magyarorsz\u00e1g legnagyobb templom\u00e1ban, az esztergomi bazilik\u00e1ban. A n\u00e9gy \u00e9ven \u00e1t tart\u00f3 t\u00f6bb mint 10 milli\u00e1rd forintos beruh\u00e1z\u00e1s sor\u00e1n t\u00f6bbek k\u00f6z\u00f6tt meg\u00fajul a kupola, \u00e9s a mozg\u00e1skorl\u00e1tozott h\u00edv\u0151k sz\u00e1m\u00e1ra is k\u00f6nnyebb lesz a k\u00f6zleked\u00e9s a bazilik\u00e1ban. A<\/p>\n","protected":false},"author":1,"featured_media":2384,"comment_status":"closed","ping_status":"closed","sticky":false,"template":"","format":"standard","meta":{"ngg_post_thumbnail":0,"footnotes":""},"categories":[38,3],"tags":[764,42,3163,762,1784,1882],"class_list":{"0":"post-14077","1":"post","2":"type-post","3":"status-publish","4":"format-standard","5":"has-post-thumbnail","7":"category-esztergom","8":"category-hirek","9":"tag-erdo-peter","10":"tag-esztergom","11":"tag-esztergomi-bazilika","12":"tag-katolikus-egyhaz","13":"tag-szentmise","14":"tag-szilveszter"},"yoast_head":"<!-- This site is optimized with the Yoast SEO plugin v27.5 - https:\/\/yoast.com\/product\/yoast-seo-wordpress\/ -->\n<title>Erd\u0151 P\u00e9ter: 2019 az \u00e9p\u00edtkez\u00e9s \u00e9ve lesz<\/title>\n<meta name=\"robots\" content=\"index, follow, max-snippet:-1, max-image-preview:large, max-video-preview:-1\" \/>\n<link rel=\"canonical\" href=\"https:\/\/dorogimedence.hu\/index.php\/2019\/01\/01\/erdo-peter-2019-az-epitkezes-eve-lesz\/\" class=\"yoast-seo-meta-tag\" \/>\n<meta property=\"og:locale\" content=\"hu_HU\" class=\"yoast-seo-meta-tag\" \/>\n<meta property=\"og:type\" content=\"article\" class=\"yoast-seo-meta-tag\" \/>\n<meta property=\"og:title\" content=\"Erd\u0151 P\u00e9ter: 2019 az \u00e9p\u00edtkez\u00e9s \u00e9ve lesz\" class=\"yoast-seo-meta-tag\" \/>\n<meta property=\"og:description\" content=\"Erd\u0151 P\u00e9ter b\u00edboros, pr\u00edm\u00e1s h\u00e1laad\u00f3 szentmis\u00e9t celebr\u00e1lt szilveszter napj\u00e1n az esztergomi bazilik\u00e1ban. Besz\u00e9d\u00e9ben elmondta, hogy 2019-ben jelent\u0151s beruh\u00e1z\u00e1s kezd\u0151dik Magyarorsz\u00e1g legnagyobb templom\u00e1ban, az esztergomi bazilik\u00e1ban. A n\u00e9gy \u00e9ven \u00e1t tart\u00f3 t\u00f6bb mint 10 milli\u00e1rd forintos beruh\u00e1z\u00e1s sor\u00e1n t\u00f6bbek k\u00f6z\u00f6tt meg\u00fajul a kupola, \u00e9s a mozg\u00e1skorl\u00e1tozott h\u00edv\u0151k sz\u00e1m\u00e1ra is k\u00f6nnyebb lesz a k\u00f6zleked\u00e9s a bazilik\u00e1ban. A\" class=\"yoast-seo-meta-tag\" \/>\n<meta property=\"og:url\" content=\"https:\/\/dorogimedence.hu\/index.php\/2019\/01\/01\/erdo-peter-2019-az-epitkezes-eve-lesz\/\" class=\"yoast-seo-meta-tag\" \/>\n<meta property=\"og:site_name\" content=\"Dorogi-medence Region\u00e1lis H\u00edrport\u00e1l\" class=\"yoast-seo-meta-tag\" \/>\n<meta property=\"article:publisher\" content=\"https:\/\/www.facebook.com\/dorogimedence\/\" class=\"yoast-seo-meta-tag\" \/>\n<meta property=\"article:published_time\" content=\"2019-01-01T14:33:10+00:00\" class=\"yoast-seo-meta-tag\" \/>\n<meta property=\"article:modified_time\" content=\"2019-01-01T14:34:34+00:00\" class=\"yoast-seo-meta-tag\" \/>\n<meta property=\"og:image\" content=\"https:\/\/i0.wp.com\/dorogimedence.hu\/wp-content\/uploads\/2017\/04\/erdopeter-01.jpg?fit=670%2C365&ssl=1\" class=\"yoast-seo-meta-tag\" \/>\n\t<meta property=\"og:image:width\" content=\"670\" class=\"yoast-seo-meta-tag\" \/>\n\t<meta property=\"og:image:height\" content=\"365\" class=\"yoast-seo-meta-tag\" \/>\n\t<meta property=\"og:image:type\" content=\"image\/jpeg\" class=\"yoast-seo-meta-tag\" \/>\n<meta name=\"author\" content=\"dorogimedence.hu\" class=\"yoast-seo-meta-tag\" \/>\n<meta name=\"twitter:card\" content=\"summary_large_image\" class=\"yoast-seo-meta-tag\" \/>\n<meta name=\"twitter:label1\" content=\"Szerz\u0151:\" class=\"yoast-seo-meta-tag\" \/>\n\t<meta name=\"twitter:data1\" content=\"dorogimedence.hu\" class=\"yoast-seo-meta-tag\" \/>\n\t<meta name=\"twitter:label2\" content=\"Becs\u00fclt olvas\u00e1si id\u0151\" class=\"yoast-seo-meta-tag\" \/>\n\t<meta name=\"twitter:data2\" content=\"1 perc\" class=\"yoast-seo-meta-tag\" \/>\n<script type=\"application\/ld+json\" class=\"yoast-schema-graph\">{\"@context\":\"https:\\\/\\\/schema.org\",\"@graph\":[{\"@type\":\"Article\",\"@id\":\"https:\\\/\\\/dorogimedence.hu\\\/index.php\\\/2019\\\/01\\\/01\\\/erdo-peter-2019-az-epitkezes-eve-lesz\\\/#article\",\"isPartOf\":{\"@id\":\"https:\\\/\\\/dorogimedence.hu\\\/index.php\\\/2019\\\/01\\\/01\\\/erdo-peter-2019-az-epitkezes-eve-lesz\\\/\"},\"author\":{\"name\":\"dorogimedence.hu\",\"@id\":\"https:\\\/\\\/dorogimedence.hu\\\/#\\\/schema\\\/person\\\/ce6091eeb7e95ecdc87890d6aa8e0fd4\"},\"headline\":\"Erd\u0151 P\u00e9ter: 2019 az \u00e9p\u00edtkez\u00e9s \u00e9ve lesz\",\"datePublished\":\"2019-01-01T14:33:10+00:00\",\"dateModified\":\"2019-01-01T14:34:34+00:00\",\"mainEntityOfPage\":{\"@id\":\"https:\\\/\\\/dorogimedence.hu\\\/index.php\\\/2019\\\/01\\\/01\\\/erdo-peter-2019-az-epitkezes-eve-lesz\\\/\"},\"wordCount\":284,\"publisher\":{\"@id\":\"https:\\\/\\\/dorogimedence.hu\\\/#organization\"},\"image\":{\"@id\":\"https:\\\/\\\/dorogimedence.hu\\\/index.php\\\/2019\\\/01\\\/01\\\/erdo-peter-2019-az-epitkezes-eve-lesz\\\/#primaryimage\"},\"thumbnailUrl\":\"https:\\\/\\\/dorogimedence.hu\\\/wp-content\\\/uploads\\\/2017\\\/04\\\/erdopeter-01.jpg\",\"keywords\":[\"Erd\u0151 P\u00e9ter\",\"esztergom\",\"esztergomi bazilika\",\"katolikus egyh\u00e1z\",\"szentmise\",\"szilveszter\"],\"articleSection\":[\"Esztergom\",\"H\u00edrek\"],\"inLanguage\":\"hu\"},{\"@type\":\"WebPage\",\"@id\":\"https:\\\/\\\/dorogimedence.hu\\\/index.php\\\/2019\\\/01\\\/01\\\/erdo-peter-2019-az-epitkezes-eve-lesz\\\/\",\"url\":\"https:\\\/\\\/dorogimedence.hu\\\/index.php\\\/2019\\\/01\\\/01\\\/erdo-peter-2019-az-epitkezes-eve-lesz\\\/\",\"name\":\"Erd\u0151 P\u00e9ter: 2019 az \u00e9p\u00edtkez\u00e9s \u00e9ve lesz\",\"isPartOf\":{\"@id\":\"https:\\\/\\\/dorogimedence.hu\\\/#website\"},\"primaryImageOfPage\":{\"@id\":\"https:\\\/\\\/dorogimedence.hu\\\/index.php\\\/2019\\\/01\\\/01\\\/erdo-peter-2019-az-epitkezes-eve-lesz\\\/#primaryimage\"},\"image\":{\"@id\":\"https:\\\/\\\/dorogimedence.hu\\\/index.php\\\/2019\\\/01\\\/01\\\/erdo-peter-2019-az-epitkezes-eve-lesz\\\/#primaryimage\"},\"thumbnailUrl\":\"https:\\\/\\\/dorogimedence.hu\\\/wp-content\\\/uploads\\\/2017\\\/04\\\/erdopeter-01.jpg\",\"datePublished\":\"2019-01-01T14:33:10+00:00\",\"dateModified\":\"2019-01-01T14:34:34+00:00\",\"breadcrumb\":{\"@id\":\"https:\\\/\\\/dorogimedence.hu\\\/index.php\\\/2019\\\/01\\\/01\\\/erdo-peter-2019-az-epitkezes-eve-lesz\\\/#breadcrumb\"},\"inLanguage\":\"hu\",\"potentialAction\":[{\"@type\":\"ReadAction\",\"target\":[\"https:\\\/\\\/dorogimedence.hu\\\/index.php\\\/2019\\\/01\\\/01\\\/erdo-peter-2019-az-epitkezes-eve-lesz\\\/\"]}]},{\"@type\":\"ImageObject\",\"inLanguage\":\"hu\",\"@id\":\"https:\\\/\\\/dorogimedence.hu\\\/index.php\\\/2019\\\/01\\\/01\\\/erdo-peter-2019-az-epitkezes-eve-lesz\\\/#primaryimage\",\"url\":\"https:\\\/\\\/dorogimedence.hu\\\/wp-content\\\/uploads\\\/2017\\\/04\\\/erdopeter-01.jpg\",\"contentUrl\":\"https:\\\/\\\/dorogimedence.hu\\\/wp-content\\\/uploads\\\/2017\\\/04\\\/erdopeter-01.jpg\",\"width\":670,\"height\":365},{\"@type\":\"BreadcrumbList\",\"@id\":\"https:\\\/\\\/dorogimedence.hu\\\/index.php\\\/2019\\\/01\\\/01\\\/erdo-peter-2019-az-epitkezes-eve-lesz\\\/#breadcrumb\",\"itemListElement\":[{\"@type\":\"ListItem\",\"position\":1,\"name\":\"Kezd\u0151lap\",\"item\":\"https:\\\/\\\/dorogimedence.hu\\\/\"},{\"@type\":\"ListItem\",\"position\":2,\"name\":\"Erd\u0151 P\u00e9ter: 2019 az \u00e9p\u00edtkez\u00e9s \u00e9ve lesz\"}]},{\"@type\":\"WebSite\",\"@id\":\"https:\\\/\\\/dorogimedence.hu\\\/#website\",\"url\":\"https:\\\/\\\/dorogimedence.hu\\\/\",\"name\":\"Dorogi-medence Region\u00e1lis H\u00edrport\u00e1l\",\"description\":\"Dorog, Keszt\u00f6lc, Le\u00e1nyv\u00e1r, Piliscs\u00e9v, Tokod, Tokodalt\u00e1r\u00f3, Csolnok, Esztergom-kertv\u00e1ros: h\u00edrek, programok\",\"publisher\":{\"@id\":\"https:\\\/\\\/dorogimedence.hu\\\/#organization\"},\"potentialAction\":[{\"@type\":\"SearchAction\",\"target\":{\"@type\":\"EntryPoint\",\"urlTemplate\":\"https:\\\/\\\/dorogimedence.hu\\\/?s={search_term_string}\"},\"query-input\":{\"@type\":\"PropertyValueSpecification\",\"valueRequired\":true,\"valueName\":\"search_term_string\"}}],\"inLanguage\":\"hu\"},{\"@type\":\"Organization\",\"@id\":\"https:\\\/\\\/dorogimedence.hu\\\/#organization\",\"name\":\"Dorogi-medence Region\u00e1lis H\u00edrport\u00e1l\",\"url\":\"https:\\\/\\\/dorogimedence.hu\\\/\",\"logo\":{\"@type\":\"ImageObject\",\"inLanguage\":\"hu\",\"@id\":\"https:\\\/\\\/dorogimedence.hu\\\/#\\\/schema\\\/logo\\\/image\\\/\",\"url\":\"https:\\\/\\\/dorogimedence.hu\\\/wp-content\\\/uploads\\\/2021\\\/04\\\/logo-feher-600.png\",\"contentUrl\":\"https:\\\/\\\/dorogimedence.hu\\\/wp-content\\\/uploads\\\/2021\\\/04\\\/logo-feher-600.png\",\"width\":600,\"height\":100,\"caption\":\"Dorogi-medence Region\u00e1lis H\u00edrport\u00e1l\"},\"image\":{\"@id\":\"https:\\\/\\\/dorogimedence.hu\\\/#\\\/schema\\\/logo\\\/image\\\/\"},\"sameAs\":[\"https:\\\/\\\/www.facebook.com\\\/dorogimedence\\\/\"]},{\"@type\":\"Person\",\"@id\":\"https:\\\/\\\/dorogimedence.hu\\\/#\\\/schema\\\/person\\\/ce6091eeb7e95ecdc87890d6aa8e0fd4\",\"name\":\"dorogimedence.hu\",\"image\":{\"@type\":\"ImageObject\",\"inLanguage\":\"hu\",\"@id\":\"\\\/\\\/www.gravatar.com\\\/avatar\\\/d8d45f8901aadff40a4af72c0b826f1d?s=96&#038;r=g&#038;d=mm\",\"url\":\"\\\/\\\/www.gravatar.com\\\/avatar\\\/d8d45f8901aadff40a4af72c0b826f1d?s=96&#038;r=g&#038;d=mm\",\"contentUrl\":\"\\\/\\\/www.gravatar.com\\\/avatar\\\/d8d45f8901aadff40a4af72c0b826f1d?s=96&#038;r=g&#038;d=mm\",\"caption\":\"dorogimedence.hu\"}}]}<\/script>\n<!-- \/ Yoast SEO plugin. -->","yoast_head_json":{"title":"Erd\u0151 P\u00e9ter: 2019 az \u00e9p\u00edtkez\u00e9s \u00e9ve lesz","robots":{"index":"index","follow":"follow","max-snippet":"max-snippet:-1","max-image-preview":"max-image-preview:large","max-video-preview":"max-video-preview:-1"},"canonical":"https:\/\/dorogimedence.hu\/index.php\/2019\/01\/01\/erdo-peter-2019-az-epitkezes-eve-lesz\/","og_locale":"hu_HU","og_type":"article","og_title":"Erd\u0151 P\u00e9ter: 2019 az \u00e9p\u00edtkez\u00e9s \u00e9ve lesz","og_description":"Erd\u0151 P\u00e9ter b\u00edboros, pr\u00edm\u00e1s h\u00e1laad\u00f3 szentmis\u00e9t celebr\u00e1lt szilveszter napj\u00e1n az esztergomi bazilik\u00e1ban. Besz\u00e9d\u00e9ben elmondta, hogy 2019-ben jelent\u0151s beruh\u00e1z\u00e1s kezd\u0151dik Magyarorsz\u00e1g legnagyobb templom\u00e1ban, az esztergomi bazilik\u00e1ban. A n\u00e9gy \u00e9ven \u00e1t tart\u00f3 t\u00f6bb mint 10 milli\u00e1rd forintos beruh\u00e1z\u00e1s sor\u00e1n t\u00f6bbek k\u00f6z\u00f6tt meg\u00fajul a kupola, \u00e9s a mozg\u00e1skorl\u00e1tozott h\u00edv\u0151k sz\u00e1m\u00e1ra is k\u00f6nnyebb lesz a k\u00f6zleked\u00e9s a bazilik\u00e1ban. A","og_url":"https:\/\/dorogimedence.hu\/index.php\/2019\/01\/01\/erdo-peter-2019-az-epitkezes-eve-lesz\/","og_site_name":"Dorogi-medence Region\u00e1lis H\u00edrport\u00e1l","article_publisher":"https:\/\/www.facebook.com\/dorogimedence\/","article_published_time":"2019-01-01T14:33:10+00:00","article_modified_time":"2019-01-01T14:34:34+00:00","og_image":[{"width":670,"height":365,"url":"https:\/\/i0.wp.com\/dorogimedence.hu\/wp-content\/uploads\/2017\/04\/erdopeter-01.jpg?fit=670%2C365&ssl=1","type":"image\/jpeg"}],"author":"dorogimedence.hu","twitter_card":"summary_large_image","twitter_misc":{"Szerz\u0151:":"dorogimedence.hu","Becs\u00fclt olvas\u00e1si id\u0151":"1 perc"},"schema":{"@context":"https:\/\/schema.org","@graph":[{"@type":"Article","@id":"https:\/\/dorogimedence.hu\/index.php\/2019\/01\/01\/erdo-peter-2019-az-epitkezes-eve-lesz\/#article","isPartOf":{"@id":"https:\/\/dorogimedence.hu\/index.php\/2019\/01\/01\/erdo-peter-2019-az-epitkezes-eve-lesz\/"},"author":{"name":"dorogimedence.hu","@id":"https:\/\/dorogimedence.hu\/#\/schema\/person\/ce6091eeb7e95ecdc87890d6aa8e0fd4"},"headline":"Erd\u0151 P\u00e9ter: 2019 az \u00e9p\u00edtkez\u00e9s \u00e9ve lesz","datePublished":"2019-01-01T14:33:10+00:00","dateModified":"2019-01-01T14:34:34+00:00","mainEntityOfPage":{"@id":"https:\/\/dorogimedence.hu\/index.php\/2019\/01\/01\/erdo-peter-2019-az-epitkezes-eve-lesz\/"},"wordCount":284,"publisher":{"@id":"https:\/\/dorogimedence.hu\/#organization"},"image":{"@id":"https:\/\/dorogimedence.hu\/index.php\/2019\/01\/01\/erdo-peter-2019-az-epitkezes-eve-lesz\/#primaryimage"},"thumbnailUrl":"https:\/\/dorogimedence.hu\/wp-content\/uploads\/2017\/04\/erdopeter-01.jpg","keywords":["Erd\u0151 P\u00e9ter","esztergom","esztergomi bazilika","katolikus egyh\u00e1z","szentmise","szilveszter"],"articleSection":["Esztergom","H\u00edrek"],"inLanguage":"hu"},{"@type":"WebPage","@id":"https:\/\/dorogimedence.hu\/index.php\/2019\/01\/01\/erdo-peter-2019-az-epitkezes-eve-lesz\/","url":"https:\/\/dorogimedence.hu\/index.php\/2019\/01\/01\/erdo-peter-2019-az-epitkezes-eve-lesz\/","name":"Erd\u0151 P\u00e9ter: 2019 az \u00e9p\u00edtkez\u00e9s \u00e9ve lesz","isPartOf":{"@id":"https:\/\/dorogimedence.hu\/#website"},"primaryImageOfPage":{"@id":"https:\/\/dorogimedence.hu\/index.php\/2019\/01\/01\/erdo-peter-2019-az-epitkezes-eve-lesz\/#primaryimage"},"image":{"@id":"https:\/\/dorogimedence.hu\/index.php\/2019\/01\/01\/erdo-peter-2019-az-epitkezes-eve-lesz\/#primaryimage"},"thumbnailUrl":"https:\/\/dorogimedence.hu\/wp-content\/uploads\/2017\/04\/erdopeter-01.jpg","datePublished":"2019-01-01T14:33:10+00:00","dateModified":"2019-01-01T14:34:34+00:00","breadcrumb":{"@id":"https:\/\/dorogimedence.hu\/index.php\/2019\/01\/01\/erdo-peter-2019-az-epitkezes-eve-lesz\/#breadcrumb"},"inLanguage":"hu","potentialAction":[{"@type":"ReadAction","target":["https:\/\/dorogimedence.hu\/index.php\/2019\/01\/01\/erdo-peter-2019-az-epitkezes-eve-lesz\/"]}]},{"@type":"ImageObject","inLanguage":"hu","@id":"https:\/\/dorogimedence.hu\/index.php\/2019\/01\/01\/erdo-peter-2019-az-epitkezes-eve-lesz\/#primaryimage","url":"https:\/\/dorogimedence.hu\/wp-content\/uploads\/2017\/04\/erdopeter-01.jpg","contentUrl":"https:\/\/dorogimedence.hu\/wp-content\/uploads\/2017\/04\/erdopeter-01.jpg","width":670,"height":365},{"@type":"BreadcrumbList","@id":"https:\/\/dorogimedence.hu\/index.php\/2019\/01\/01\/erdo-peter-2019-az-epitkezes-eve-lesz\/#breadcrumb","itemListElement":[{"@type":"ListItem","position":1,"name":"Kezd\u0151lap","item":"https:\/\/dorogimedence.hu\/"},{"@type":"ListItem","position":2,"name":"Erd\u0151 P\u00e9ter: 2019 az \u00e9p\u00edtkez\u00e9s \u00e9ve lesz"}]},{"@type":"WebSite","@id":"https:\/\/dorogimedence.hu\/#website","url":"https:\/\/dorogimedence.hu\/","name":"Dorogi-medence Region\u00e1lis H\u00edrport\u00e1l","description":"Dorog, Keszt\u00f6lc, Le\u00e1nyv\u00e1r, Piliscs\u00e9v, Tokod, Tokodalt\u00e1r\u00f3, Csolnok, Esztergom-kertv\u00e1ros: h\u00edrek, programok","publisher":{"@id":"https:\/\/dorogimedence.hu\/#organization"},"potentialAction":[{"@type":"SearchAction","target":{"@type":"EntryPoint","urlTemplate":"https:\/\/dorogimedence.hu\/?s={search_term_string}"},"query-input":{"@type":"PropertyValueSpecification","valueRequired":true,"valueName":"search_term_string"}}],"inLanguage":"hu"},{"@type":"Organization","@id":"https:\/\/dorogimedence.hu\/#organization","name":"Dorogi-medence Region\u00e1lis H\u00edrport\u00e1l","url":"https:\/\/dorogimedence.hu\/","logo":{"@type":"ImageObject","inLanguage":"hu","@id":"https:\/\/dorogimedence.hu\/#\/schema\/logo\/image\/","url":"https:\/\/dorogimedence.hu\/wp-content\/uploads\/2021\/04\/logo-feher-600.png","contentUrl":"https:\/\/dorogimedence.hu\/wp-content\/uploads\/2021\/04\/logo-feher-600.png","width":600,"height":100,"caption":"Dorogi-medence Region\u00e1lis H\u00edrport\u00e1l"},"image":{"@id":"https:\/\/dorogimedence.hu\/#\/schema\/logo\/image\/"},"sameAs":["https:\/\/www.facebook.com\/dorogimedence\/"]},{"@type":"Person","@id":"https:\/\/dorogimedence.hu\/#\/schema\/person\/ce6091eeb7e95ecdc87890d6aa8e0fd4","name":"dorogimedence.hu","image":{"@type":"ImageObject","inLanguage":"hu","@id":"\/\/www.gravatar.com\/avatar\/d8d45f8901aadff40a4af72c0b826f1d?s=96&#038;r=g&#038;d=mm","url":"\/\/www.gravatar.com\/avatar\/d8d45f8901aadff40a4af72c0b826f1d?s=96&#038;r=g&#038;d=mm","contentUrl":"\/\/www.gravatar.com\/avatar\/d8d45f8901aadff40a4af72c0b826f1d?s=96&#038;r=g&#038;d=mm","caption":"dorogimedence.hu"}}]}},"_links":{"self":[{"href":"https:\/\/dorogimedence.hu\/index.php\/wp-json\/wp\/v2\/posts\/14077","targetHints":{"allow":["GET"]}}],"collection":[{"href":"https:\/\/dorogimedence.hu\/index.php\/wp-json\/wp\/v2\/posts"}],"about":[{"href":"https:\/\/dorogimedence.hu\/index.php\/wp-json\/wp\/v2\/types\/post"}],"author":[{"embeddable":true,"href":"https:\/\/dorogimedence.hu\/index.php\/wp-json\/wp\/v2\/users\/1"}],"replies":[{"embeddable":true,"href":"https:\/\/dorogimedence.hu\/index.php\/wp-json\/wp\/v2\/comments?post=14077"}],"version-history":[{"count":0,"href":"https:\/\/dorogimedence.hu\/index.php\/wp-json\/wp\/v2\/posts\/14077\/revisions"}],"wp:featuredmedia":[{"embeddable":true,"href":"https:\/\/dorogimedence.hu\/index.php\/wp-json\/wp\/v2\/media\/2384"}],"wp:attachment":[{"href":"https:\/\/dorogimedence.hu\/index.php\/wp-json\/wp\/v2\/media?parent=14077"}],"wp:term":[{"taxonomy":"category","embeddable":true,"href":"https:\/\/dorogimedence.hu\/index.php\/wp-json\/wp\/v2\/categories?post=14077"},{"taxonomy":"post_tag","embeddable":true,"href":"https:\/\/dorogimedence.hu\/index.php\/wp-json\/wp\/v2\/tags?post=14077"}],"curies":[{"name":"wp","href":"https:\/\/api.w.org\/{rel}","templated":true}]}}