{"id":14063,"date":"2018-12-30T11:55:39","date_gmt":"2018-12-30T10:55:39","guid":{"rendered":"http:\/\/dorogimedence.hu\/?p=14063"},"modified":"2018-12-31T08:34:12","modified_gmt":"2018-12-31T07:34:12","slug":"minden-amit-a-2019-es-hulladekszallitasrol-tudni-kell","status":"publish","type":"post","link":"https:\/\/dorogimedence.hu\/index.php\/2018\/12\/30\/minden-amit-a-2019-es-hulladekszallitasrol-tudni-kell\/","title":{"rendered":"Minden, amit a 2019-es hullad\u00e9ksz\u00e1ll\u00edt\u00e1sr\u00f3l tudni kell!"},"content":{"rendered":"<p><strong>Mint <a href=\"https:\/\/dorogimedence.hu\/index.php\/2018\/12\/17\/unnepi-hulladekszallitasi-rend-3\/\" target=\"_blank\" rel=\"noopener\"><span style=\"text-decoration: underline; color: #0000ff;\">kor\u00e1bban \u00edrtuk<\/span><\/a>, 2019. janu\u00e1r 1-j\u00e9n, kedden sz\u00fcnetel a kommun\u00e1lishullad\u00e9k-sz\u00e1ll\u00edt\u00e1s Dorog, Csolnok, D\u00e1g, Ep\u00f6l \u00e9s M\u00e1riahalom telep\u00fcl\u00e9seken.<\/strong><\/p>\n<p>A janu\u00e1r 1-jei hullad\u00e9kgy\u0171jt\u00e9s p\u00f3tl\u00e1s\u00e1ra a dorogi t\u00e1rsash\u00e1zi \u00f6vezetekben janu\u00e1r 2-\u00e1n, szerd\u00e1n ker\u00fcl sor. A dorogi csal\u00e1di \u00f6vezetekben, illetve Csolnok, D\u00e1g, Ep\u00f6l, M\u00e1riahalom telep\u00fcl\u00e9seken pedig janu\u00e1r 5-\u00e9n, szombaton.<\/p>\n<p>Janu\u00e1r 2-\u00e1n, szerd\u00e1n sz\u00fcnetel a szelekt\u00edv hullad\u00e9ksz\u00e1ll\u00edt\u00e1s, els\u0151 alkalommal 4-\u00e9n ker\u00fcl sor a sz\u00e1ll\u00edt\u00e1sra Annav\u00f6lgy, Bajna, Ep\u00f6l, M\u00e1riahalom \u00e9s Nagys\u00e1p telep\u00fcl\u00e9seken! Dorog, Keszt\u00f6lc \u00e9s Piliscs\u00e9v telep\u00fcl\u00e9seken pedig janu\u00e1r 9-\u00e9n.<\/p>\n<p>A Kommun\u00e1l-JUNK Kft.-t\u0151l elk\u00e9rt\u00fck a <strong>2019-es szelek\u00edtv napt\u00e1r<\/strong>at, mely <a href=\"https:\/\/dorogimedence.hu\/feltolt\/szelektiv-naptar-2019.pdf\" target=\"_blank\" rel=\"noopener\"><span style=\"text-decoration: underline; color: #0000ff;\"><strong>IDE KATTINTVA T\u00d6LTHET\u0150 LE<\/strong><\/span><\/a> \u00e9s nyomtathat\u00f3 ki! A dokumentumban a lomtalan\u00edt\u00e1ssal kapcsolatos tudnival\u00f3k is szerepelnek!<\/p>\n<p><span style=\"text-decoration: underline;\"><strong>Feny\u0151fa begy\u0171jt\u00e9se- \u00e9s sz\u00e1ll\u00edt\u00e1sa 2019. Janu\u00e1r:<\/strong><\/span><\/p>\n<p><em><strong>Annav\u00f6lgy, Bajna, Ep\u00f6l, Nagys\u00e1p, Piliscs\u00e9v:<\/strong><\/em> janu\u00e1r 7. h\u00e9tf\u0151, janu\u00e1r 21. h\u00e9tf\u0151.<br \/>\n<em><strong>Csolnok, D\u00e1g, M\u00e1riahalom, \u00dany:<\/strong> <\/em>janu\u00e1r 8. kedd, janu\u00e1r 22. kedd.<br \/>\n<em><strong>Dorog, Keszt\u00f6lc, Le\u00e1nyv\u00e1r:<\/strong><\/em> janu\u00e1r 10. cs\u00fct\u00f6rt\u00f6k, janu\u00e1r 24. cs\u00fct\u00f6rt\u00f6k.<br \/>\n<em><strong>S\u00e1ris\u00e1p, Tokod, Tokodalt\u00e1r\u00f3:<\/strong><\/em> janu\u00e1r 11. p\u00e9ntek, janu\u00e1r 25. p\u00e9ntek.<\/p>\n<p><a href=\"https:\/\/kommunaljunk.hu\/2018\/12\/31\/2019-evi-naptarak\/\" target=\"_blank\" rel=\"noopener\"><span style=\"text-decoration: underline;\"><span style=\"color: #0000ff;\"><strong>A 2019-es szelekt\u00edv \u00e9s z\u00f6ldhullad\u00e9k napt\u00e1rak telep\u00fcl\u00e9sre bontva itt \u00e9rhet\u0151k el&gt;&gt;<\/strong><\/span><\/span><\/a><\/p>\n<p>A dokumentumban szerepl\u0151 janu\u00e1ri komposzt\u00e1lhat\u00f3 hullad\u00e9k gy\u0171j\u00e9t\u00e9s\u00e9nek menetrendje csak a feny\u0151f\u00e1kra \u00e9rv\u00e9nyes!<\/p>\n","protected":false},"excerpt":{"rendered":"<p>Mint kor\u00e1bban \u00edrtuk, 2019. janu\u00e1r 1-j\u00e9n, kedden sz\u00fcnetel a kommun\u00e1lishullad\u00e9k-sz\u00e1ll\u00edt\u00e1s Dorog, Csolnok, D\u00e1g, Ep\u00f6l \u00e9s M\u00e1riahalom telep\u00fcl\u00e9seken. A janu\u00e1r 1-jei hullad\u00e9kgy\u0171jt\u00e9s p\u00f3tl\u00e1s\u00e1ra a dorogi t\u00e1rsash\u00e1zi \u00f6vezetekben janu\u00e1r 2-\u00e1n, szerd\u00e1n ker\u00fcl sor. A dorogi csal\u00e1di \u00f6vezetekben, illetve Csolnok, D\u00e1g, Ep\u00f6l, M\u00e1riahalom telep\u00fcl\u00e9seken pedig janu\u00e1r 5-\u00e9n, szombaton. Janu\u00e1r 2-\u00e1n, szerd\u00e1n sz\u00fcnetel a szelekt\u00edv hullad\u00e9ksz\u00e1ll\u00edt\u00e1s, els\u0151 alkalommal 4-\u00e9n<\/p>\n","protected":false},"author":1,"featured_media":7329,"comment_status":"closed","ping_status":"closed","sticky":false,"template":"","format":"standard","meta":{"ngg_post_thumbnail":0,"footnotes":""},"categories":[64,2,3,8,9,11,6,10],"tags":[213,713,79],"class_list":{"0":"post-14063","1":"post","2":"type-post","3":"status-publish","4":"format-standard","5":"has-post-thumbnail","7":"category-csolnok","8":"category-dorog","9":"category-hirek","10":"category-kesztolc","11":"category-leanyvar","12":"category-piliscsev","13":"category-tokod","14":"category-tokodaltaro","15":"tag-hulladek","16":"tag-hulladekszallitas","17":"tag-szelektiv-hulladek"},"yoast_head":"<!-- This site is optimized with the Yoast SEO plugin v27.5 - https:\/\/yoast.com\/product\/yoast-seo-wordpress\/ -->\n<title>Minden, amit a 2019-es hullad\u00e9ksz\u00e1ll\u00edt\u00e1sr\u00f3l tudni kell!<\/title>\n<meta name=\"robots\" content=\"index, follow, max-snippet:-1, max-image-preview:large, max-video-preview:-1\" \/>\n<link rel=\"canonical\" href=\"https:\/\/dorogimedence.hu\/index.php\/2018\/12\/30\/minden-amit-a-2019-es-hulladekszallitasrol-tudni-kell\/\" class=\"yoast-seo-meta-tag\" \/>\n<meta property=\"og:locale\" content=\"hu_HU\" class=\"yoast-seo-meta-tag\" \/>\n<meta property=\"og:type\" content=\"article\" class=\"yoast-seo-meta-tag\" \/>\n<meta property=\"og:title\" content=\"Minden, amit a 2019-es hullad\u00e9ksz\u00e1ll\u00edt\u00e1sr\u00f3l tudni kell!\" class=\"yoast-seo-meta-tag\" \/>\n<meta property=\"og:description\" content=\"Mint kor\u00e1bban \u00edrtuk, 2019. janu\u00e1r 1-j\u00e9n, kedden sz\u00fcnetel a kommun\u00e1lishullad\u00e9k-sz\u00e1ll\u00edt\u00e1s Dorog, Csolnok, D\u00e1g, Ep\u00f6l \u00e9s M\u00e1riahalom telep\u00fcl\u00e9seken. A janu\u00e1r 1-jei hullad\u00e9kgy\u0171jt\u00e9s p\u00f3tl\u00e1s\u00e1ra a dorogi t\u00e1rsash\u00e1zi \u00f6vezetekben janu\u00e1r 2-\u00e1n, szerd\u00e1n ker\u00fcl sor. A dorogi csal\u00e1di \u00f6vezetekben, illetve Csolnok, D\u00e1g, Ep\u00f6l, M\u00e1riahalom telep\u00fcl\u00e9seken pedig janu\u00e1r 5-\u00e9n, szombaton. Janu\u00e1r 2-\u00e1n, szerd\u00e1n sz\u00fcnetel a szelekt\u00edv hullad\u00e9ksz\u00e1ll\u00edt\u00e1s, els\u0151 alkalommal 4-\u00e9n\" class=\"yoast-seo-meta-tag\" \/>\n<meta property=\"og:url\" content=\"https:\/\/dorogimedence.hu\/index.php\/2018\/12\/30\/minden-amit-a-2019-es-hulladekszallitasrol-tudni-kell\/\" class=\"yoast-seo-meta-tag\" \/>\n<meta property=\"og:site_name\" content=\"Dorogi-medence Region\u00e1lis H\u00edrport\u00e1l\" class=\"yoast-seo-meta-tag\" \/>\n<meta property=\"article:publisher\" content=\"https:\/\/www.facebook.com\/dorogimedence\/\" class=\"yoast-seo-meta-tag\" \/>\n<meta property=\"article:published_time\" content=\"2018-12-30T10:55:39+00:00\" class=\"yoast-seo-meta-tag\" \/>\n<meta property=\"article:modified_time\" content=\"2018-12-31T07:34:12+00:00\" class=\"yoast-seo-meta-tag\" \/>\n<meta property=\"og:image\" content=\"https:\/\/i0.wp.com\/dorogimedence.hu\/wp-content\/uploads\/2017\/12\/hulladek-szallitas-02.jpg?fit=670%2C365&ssl=1\" class=\"yoast-seo-meta-tag\" \/>\n\t<meta property=\"og:image:width\" content=\"670\" class=\"yoast-seo-meta-tag\" \/>\n\t<meta property=\"og:image:height\" content=\"365\" class=\"yoast-seo-meta-tag\" \/>\n\t<meta property=\"og:image:type\" content=\"image\/jpeg\" class=\"yoast-seo-meta-tag\" \/>\n<meta name=\"author\" content=\"dorogimedence.hu\" class=\"yoast-seo-meta-tag\" \/>\n<meta name=\"twitter:card\" content=\"summary_large_image\" class=\"yoast-seo-meta-tag\" \/>\n<meta name=\"twitter:label1\" content=\"Szerz\u0151:\" class=\"yoast-seo-meta-tag\" \/>\n\t<meta name=\"twitter:data1\" content=\"dorogimedence.hu\" class=\"yoast-seo-meta-tag\" \/>\n\t<meta name=\"twitter:label2\" content=\"Becs\u00fclt olvas\u00e1si id\u0151\" class=\"yoast-seo-meta-tag\" \/>\n\t<meta name=\"twitter:data2\" content=\"1 perc\" class=\"yoast-seo-meta-tag\" \/>\n<script type=\"application\/ld+json\" class=\"yoast-schema-graph\">{\"@context\":\"https:\\\/\\\/schema.org\",\"@graph\":[{\"@type\":\"Article\",\"@id\":\"https:\\\/\\\/dorogimedence.hu\\\/index.php\\\/2018\\\/12\\\/30\\\/minden-amit-a-2019-es-hulladekszallitasrol-tudni-kell\\\/#article\",\"isPartOf\":{\"@id\":\"https:\\\/\\\/dorogimedence.hu\\\/index.php\\\/2018\\\/12\\\/30\\\/minden-amit-a-2019-es-hulladekszallitasrol-tudni-kell\\\/\"},\"author\":{\"name\":\"dorogimedence.hu\",\"@id\":\"https:\\\/\\\/dorogimedence.hu\\\/#\\\/schema\\\/person\\\/ce6091eeb7e95ecdc87890d6aa8e0fd4\"},\"headline\":\"Minden, amit a 2019-es hullad\u00e9ksz\u00e1ll\u00edt\u00e1sr\u00f3l tudni kell!\",\"datePublished\":\"2018-12-30T10:55:39+00:00\",\"dateModified\":\"2018-12-31T07:34:12+00:00\",\"mainEntityOfPage\":{\"@id\":\"https:\\\/\\\/dorogimedence.hu\\\/index.php\\\/2018\\\/12\\\/30\\\/minden-amit-a-2019-es-hulladekszallitasrol-tudni-kell\\\/\"},\"wordCount\":296,\"publisher\":{\"@id\":\"https:\\\/\\\/dorogimedence.hu\\\/#organization\"},\"image\":{\"@id\":\"https:\\\/\\\/dorogimedence.hu\\\/index.php\\\/2018\\\/12\\\/30\\\/minden-amit-a-2019-es-hulladekszallitasrol-tudni-kell\\\/#primaryimage\"},\"thumbnailUrl\":\"https:\\\/\\\/dorogimedence.hu\\\/wp-content\\\/uploads\\\/2017\\\/12\\\/hulladek-szallitas-02.jpg\",\"keywords\":[\"hullad\u00e9k\",\"hullad\u00e9ksz\u00e1ll\u00edt\u00e1s\",\"szelekt\u00edv hullad\u00e9k\"],\"articleSection\":[\"Csolnok\",\"Dorog\",\"H\u00edrek\",\"Keszt\u00f6lc\",\"Le\u00e1nyv\u00e1r\",\"Piliscs\u00e9v\",\"Tokod\",\"Tokodalt\u00e1r\u00f3\"],\"inLanguage\":\"hu\"},{\"@type\":\"WebPage\",\"@id\":\"https:\\\/\\\/dorogimedence.hu\\\/index.php\\\/2018\\\/12\\\/30\\\/minden-amit-a-2019-es-hulladekszallitasrol-tudni-kell\\\/\",\"url\":\"https:\\\/\\\/dorogimedence.hu\\\/index.php\\\/2018\\\/12\\\/30\\\/minden-amit-a-2019-es-hulladekszallitasrol-tudni-kell\\\/\",\"name\":\"Minden, amit a 2019-es hullad\u00e9ksz\u00e1ll\u00edt\u00e1sr\u00f3l tudni kell!\",\"isPartOf\":{\"@id\":\"https:\\\/\\\/dorogimedence.hu\\\/#website\"},\"primaryImageOfPage\":{\"@id\":\"https:\\\/\\\/dorogimedence.hu\\\/index.php\\\/2018\\\/12\\\/30\\\/minden-amit-a-2019-es-hulladekszallitasrol-tudni-kell\\\/#primaryimage\"},\"image\":{\"@id\":\"https:\\\/\\\/dorogimedence.hu\\\/index.php\\\/2018\\\/12\\\/30\\\/minden-amit-a-2019-es-hulladekszallitasrol-tudni-kell\\\/#primaryimage\"},\"thumbnailUrl\":\"https:\\\/\\\/dorogimedence.hu\\\/wp-content\\\/uploads\\\/2017\\\/12\\\/hulladek-szallitas-02.jpg\",\"datePublished\":\"2018-12-30T10:55:39+00:00\",\"dateModified\":\"2018-12-31T07:34:12+00:00\",\"breadcrumb\":{\"@id\":\"https:\\\/\\\/dorogimedence.hu\\\/index.php\\\/2018\\\/12\\\/30\\\/minden-amit-a-2019-es-hulladekszallitasrol-tudni-kell\\\/#breadcrumb\"},\"inLanguage\":\"hu\",\"potentialAction\":[{\"@type\":\"ReadAction\",\"target\":[\"https:\\\/\\\/dorogimedence.hu\\\/index.php\\\/2018\\\/12\\\/30\\\/minden-amit-a-2019-es-hulladekszallitasrol-tudni-kell\\\/\"]}]},{\"@type\":\"ImageObject\",\"inLanguage\":\"hu\",\"@id\":\"https:\\\/\\\/dorogimedence.hu\\\/index.php\\\/2018\\\/12\\\/30\\\/minden-amit-a-2019-es-hulladekszallitasrol-tudni-kell\\\/#primaryimage\",\"url\":\"https:\\\/\\\/dorogimedence.hu\\\/wp-content\\\/uploads\\\/2017\\\/12\\\/hulladek-szallitas-02.jpg\",\"contentUrl\":\"https:\\\/\\\/dorogimedence.hu\\\/wp-content\\\/uploads\\\/2017\\\/12\\\/hulladek-szallitas-02.jpg\",\"width\":670,\"height\":365},{\"@type\":\"BreadcrumbList\",\"@id\":\"https:\\\/\\\/dorogimedence.hu\\\/index.php\\\/2018\\\/12\\\/30\\\/minden-amit-a-2019-es-hulladekszallitasrol-tudni-kell\\\/#breadcrumb\",\"itemListElement\":[{\"@type\":\"ListItem\",\"position\":1,\"name\":\"Kezd\u0151lap\",\"item\":\"https:\\\/\\\/dorogimedence.hu\\\/\"},{\"@type\":\"ListItem\",\"position\":2,\"name\":\"Minden, amit a 2019-es hullad\u00e9ksz\u00e1ll\u00edt\u00e1sr\u00f3l tudni kell!\"}]},{\"@type\":\"WebSite\",\"@id\":\"https:\\\/\\\/dorogimedence.hu\\\/#website\",\"url\":\"https:\\\/\\\/dorogimedence.hu\\\/\",\"name\":\"Dorogi-medence Region\u00e1lis H\u00edrport\u00e1l\",\"description\":\"Dorog, Keszt\u00f6lc, Le\u00e1nyv\u00e1r, Piliscs\u00e9v, Tokod, Tokodalt\u00e1r\u00f3, Csolnok, Esztergom-kertv\u00e1ros: h\u00edrek, programok\",\"publisher\":{\"@id\":\"https:\\\/\\\/dorogimedence.hu\\\/#organization\"},\"potentialAction\":[{\"@type\":\"SearchAction\",\"target\":{\"@type\":\"EntryPoint\",\"urlTemplate\":\"https:\\\/\\\/dorogimedence.hu\\\/?s={search_term_string}\"},\"query-input\":{\"@type\":\"PropertyValueSpecification\",\"valueRequired\":true,\"valueName\":\"search_term_string\"}}],\"inLanguage\":\"hu\"},{\"@type\":\"Organization\",\"@id\":\"https:\\\/\\\/dorogimedence.hu\\\/#organization\",\"name\":\"Dorogi-medence Region\u00e1lis H\u00edrport\u00e1l\",\"url\":\"https:\\\/\\\/dorogimedence.hu\\\/\",\"logo\":{\"@type\":\"ImageObject\",\"inLanguage\":\"hu\",\"@id\":\"https:\\\/\\\/dorogimedence.hu\\\/#\\\/schema\\\/logo\\\/image\\\/\",\"url\":\"https:\\\/\\\/dorogimedence.hu\\\/wp-content\\\/uploads\\\/2021\\\/04\\\/logo-feher-600.png\",\"contentUrl\":\"https:\\\/\\\/dorogimedence.hu\\\/wp-content\\\/uploads\\\/2021\\\/04\\\/logo-feher-600.png\",\"width\":600,\"height\":100,\"caption\":\"Dorogi-medence Region\u00e1lis H\u00edrport\u00e1l\"},\"image\":{\"@id\":\"https:\\\/\\\/dorogimedence.hu\\\/#\\\/schema\\\/logo\\\/image\\\/\"},\"sameAs\":[\"https:\\\/\\\/www.facebook.com\\\/dorogimedence\\\/\"]},{\"@type\":\"Person\",\"@id\":\"https:\\\/\\\/dorogimedence.hu\\\/#\\\/schema\\\/person\\\/ce6091eeb7e95ecdc87890d6aa8e0fd4\",\"name\":\"dorogimedence.hu\",\"image\":{\"@type\":\"ImageObject\",\"inLanguage\":\"hu\",\"@id\":\"\\\/\\\/www.gravatar.com\\\/avatar\\\/d8d45f8901aadff40a4af72c0b826f1d?s=96&#038;r=g&#038;d=mm\",\"url\":\"\\\/\\\/www.gravatar.com\\\/avatar\\\/d8d45f8901aadff40a4af72c0b826f1d?s=96&#038;r=g&#038;d=mm\",\"contentUrl\":\"\\\/\\\/www.gravatar.com\\\/avatar\\\/d8d45f8901aadff40a4af72c0b826f1d?s=96&#038;r=g&#038;d=mm\",\"caption\":\"dorogimedence.hu\"}}]}<\/script>\n<!-- \/ Yoast SEO plugin. -->","yoast_head_json":{"title":"Minden, amit a 2019-es hullad\u00e9ksz\u00e1ll\u00edt\u00e1sr\u00f3l tudni kell!","robots":{"index":"index","follow":"follow","max-snippet":"max-snippet:-1","max-image-preview":"max-image-preview:large","max-video-preview":"max-video-preview:-1"},"canonical":"https:\/\/dorogimedence.hu\/index.php\/2018\/12\/30\/minden-amit-a-2019-es-hulladekszallitasrol-tudni-kell\/","og_locale":"hu_HU","og_type":"article","og_title":"Minden, amit a 2019-es hullad\u00e9ksz\u00e1ll\u00edt\u00e1sr\u00f3l tudni kell!","og_description":"Mint kor\u00e1bban \u00edrtuk, 2019. janu\u00e1r 1-j\u00e9n, kedden sz\u00fcnetel a kommun\u00e1lishullad\u00e9k-sz\u00e1ll\u00edt\u00e1s Dorog, Csolnok, D\u00e1g, Ep\u00f6l \u00e9s M\u00e1riahalom telep\u00fcl\u00e9seken. A janu\u00e1r 1-jei hullad\u00e9kgy\u0171jt\u00e9s p\u00f3tl\u00e1s\u00e1ra a dorogi t\u00e1rsash\u00e1zi \u00f6vezetekben janu\u00e1r 2-\u00e1n, szerd\u00e1n ker\u00fcl sor. A dorogi csal\u00e1di \u00f6vezetekben, illetve Csolnok, D\u00e1g, Ep\u00f6l, M\u00e1riahalom telep\u00fcl\u00e9seken pedig janu\u00e1r 5-\u00e9n, szombaton. Janu\u00e1r 2-\u00e1n, szerd\u00e1n sz\u00fcnetel a szelekt\u00edv hullad\u00e9ksz\u00e1ll\u00edt\u00e1s, els\u0151 alkalommal 4-\u00e9n","og_url":"https:\/\/dorogimedence.hu\/index.php\/2018\/12\/30\/minden-amit-a-2019-es-hulladekszallitasrol-tudni-kell\/","og_site_name":"Dorogi-medence Region\u00e1lis H\u00edrport\u00e1l","article_publisher":"https:\/\/www.facebook.com\/dorogimedence\/","article_published_time":"2018-12-30T10:55:39+00:00","article_modified_time":"2018-12-31T07:34:12+00:00","og_image":[{"width":670,"height":365,"url":"https:\/\/i0.wp.com\/dorogimedence.hu\/wp-content\/uploads\/2017\/12\/hulladek-szallitas-02.jpg?fit=670%2C365&ssl=1","type":"image\/jpeg"}],"author":"dorogimedence.hu","twitter_card":"summary_large_image","twitter_misc":{"Szerz\u0151:":"dorogimedence.hu","Becs\u00fclt olvas\u00e1si id\u0151":"1 perc"},"schema":{"@context":"https:\/\/schema.org","@graph":[{"@type":"Article","@id":"https:\/\/dorogimedence.hu\/index.php\/2018\/12\/30\/minden-amit-a-2019-es-hulladekszallitasrol-tudni-kell\/#article","isPartOf":{"@id":"https:\/\/dorogimedence.hu\/index.php\/2018\/12\/30\/minden-amit-a-2019-es-hulladekszallitasrol-tudni-kell\/"},"author":{"name":"dorogimedence.hu","@id":"https:\/\/dorogimedence.hu\/#\/schema\/person\/ce6091eeb7e95ecdc87890d6aa8e0fd4"},"headline":"Minden, amit a 2019-es hullad\u00e9ksz\u00e1ll\u00edt\u00e1sr\u00f3l tudni kell!","datePublished":"2018-12-30T10:55:39+00:00","dateModified":"2018-12-31T07:34:12+00:00","mainEntityOfPage":{"@id":"https:\/\/dorogimedence.hu\/index.php\/2018\/12\/30\/minden-amit-a-2019-es-hulladekszallitasrol-tudni-kell\/"},"wordCount":296,"publisher":{"@id":"https:\/\/dorogimedence.hu\/#organization"},"image":{"@id":"https:\/\/dorogimedence.hu\/index.php\/2018\/12\/30\/minden-amit-a-2019-es-hulladekszallitasrol-tudni-kell\/#primaryimage"},"thumbnailUrl":"https:\/\/dorogimedence.hu\/wp-content\/uploads\/2017\/12\/hulladek-szallitas-02.jpg","keywords":["hullad\u00e9k","hullad\u00e9ksz\u00e1ll\u00edt\u00e1s","szelekt\u00edv hullad\u00e9k"],"articleSection":["Csolnok","Dorog","H\u00edrek","Keszt\u00f6lc","Le\u00e1nyv\u00e1r","Piliscs\u00e9v","Tokod","Tokodalt\u00e1r\u00f3"],"inLanguage":"hu"},{"@type":"WebPage","@id":"https:\/\/dorogimedence.hu\/index.php\/2018\/12\/30\/minden-amit-a-2019-es-hulladekszallitasrol-tudni-kell\/","url":"https:\/\/dorogimedence.hu\/index.php\/2018\/12\/30\/minden-amit-a-2019-es-hulladekszallitasrol-tudni-kell\/","name":"Minden, amit a 2019-es hullad\u00e9ksz\u00e1ll\u00edt\u00e1sr\u00f3l tudni kell!","isPartOf":{"@id":"https:\/\/dorogimedence.hu\/#website"},"primaryImageOfPage":{"@id":"https:\/\/dorogimedence.hu\/index.php\/2018\/12\/30\/minden-amit-a-2019-es-hulladekszallitasrol-tudni-kell\/#primaryimage"},"image":{"@id":"https:\/\/dorogimedence.hu\/index.php\/2018\/12\/30\/minden-amit-a-2019-es-hulladekszallitasrol-tudni-kell\/#primaryimage"},"thumbnailUrl":"https:\/\/dorogimedence.hu\/wp-content\/uploads\/2017\/12\/hulladek-szallitas-02.jpg","datePublished":"2018-12-30T10:55:39+00:00","dateModified":"2018-12-31T07:34:12+00:00","breadcrumb":{"@id":"https:\/\/dorogimedence.hu\/index.php\/2018\/12\/30\/minden-amit-a-2019-es-hulladekszallitasrol-tudni-kell\/#breadcrumb"},"inLanguage":"hu","potentialAction":[{"@type":"ReadAction","target":["https:\/\/dorogimedence.hu\/index.php\/2018\/12\/30\/minden-amit-a-2019-es-hulladekszallitasrol-tudni-kell\/"]}]},{"@type":"ImageObject","inLanguage":"hu","@id":"https:\/\/dorogimedence.hu\/index.php\/2018\/12\/30\/minden-amit-a-2019-es-hulladekszallitasrol-tudni-kell\/#primaryimage","url":"https:\/\/dorogimedence.hu\/wp-content\/uploads\/2017\/12\/hulladek-szallitas-02.jpg","contentUrl":"https:\/\/dorogimedence.hu\/wp-content\/uploads\/2017\/12\/hulladek-szallitas-02.jpg","width":670,"height":365},{"@type":"BreadcrumbList","@id":"https:\/\/dorogimedence.hu\/index.php\/2018\/12\/30\/minden-amit-a-2019-es-hulladekszallitasrol-tudni-kell\/#breadcrumb","itemListElement":[{"@type":"ListItem","position":1,"name":"Kezd\u0151lap","item":"https:\/\/dorogimedence.hu\/"},{"@type":"ListItem","position":2,"name":"Minden, amit a 2019-es hullad\u00e9ksz\u00e1ll\u00edt\u00e1sr\u00f3l tudni kell!"}]},{"@type":"WebSite","@id":"https:\/\/dorogimedence.hu\/#website","url":"https:\/\/dorogimedence.hu\/","name":"Dorogi-medence Region\u00e1lis H\u00edrport\u00e1l","description":"Dorog, Keszt\u00f6lc, Le\u00e1nyv\u00e1r, Piliscs\u00e9v, Tokod, Tokodalt\u00e1r\u00f3, Csolnok, Esztergom-kertv\u00e1ros: h\u00edrek, programok","publisher":{"@id":"https:\/\/dorogimedence.hu\/#organization"},"potentialAction":[{"@type":"SearchAction","target":{"@type":"EntryPoint","urlTemplate":"https:\/\/dorogimedence.hu\/?s={search_term_string}"},"query-input":{"@type":"PropertyValueSpecification","valueRequired":true,"valueName":"search_term_string"}}],"inLanguage":"hu"},{"@type":"Organization","@id":"https:\/\/dorogimedence.hu\/#organization","name":"Dorogi-medence Region\u00e1lis H\u00edrport\u00e1l","url":"https:\/\/dorogimedence.hu\/","logo":{"@type":"ImageObject","inLanguage":"hu","@id":"https:\/\/dorogimedence.hu\/#\/schema\/logo\/image\/","url":"https:\/\/dorogimedence.hu\/wp-content\/uploads\/2021\/04\/logo-feher-600.png","contentUrl":"https:\/\/dorogimedence.hu\/wp-content\/uploads\/2021\/04\/logo-feher-600.png","width":600,"height":100,"caption":"Dorogi-medence Region\u00e1lis H\u00edrport\u00e1l"},"image":{"@id":"https:\/\/dorogimedence.hu\/#\/schema\/logo\/image\/"},"sameAs":["https:\/\/www.facebook.com\/dorogimedence\/"]},{"@type":"Person","@id":"https:\/\/dorogimedence.hu\/#\/schema\/person\/ce6091eeb7e95ecdc87890d6aa8e0fd4","name":"dorogimedence.hu","image":{"@type":"ImageObject","inLanguage":"hu","@id":"\/\/www.gravatar.com\/avatar\/d8d45f8901aadff40a4af72c0b826f1d?s=96&#038;r=g&#038;d=mm","url":"\/\/www.gravatar.com\/avatar\/d8d45f8901aadff40a4af72c0b826f1d?s=96&#038;r=g&#038;d=mm","contentUrl":"\/\/www.gravatar.com\/avatar\/d8d45f8901aadff40a4af72c0b826f1d?s=96&#038;r=g&#038;d=mm","caption":"dorogimedence.hu"}}]}},"_links":{"self":[{"href":"https:\/\/dorogimedence.hu\/index.php\/wp-json\/wp\/v2\/posts\/14063","targetHints":{"allow":["GET"]}}],"collection":[{"href":"https:\/\/dorogimedence.hu\/index.php\/wp-json\/wp\/v2\/posts"}],"about":[{"href":"https:\/\/dorogimedence.hu\/index.php\/wp-json\/wp\/v2\/types\/post"}],"author":[{"embeddable":true,"href":"https:\/\/dorogimedence.hu\/index.php\/wp-json\/wp\/v2\/users\/1"}],"replies":[{"embeddable":true,"href":"https:\/\/dorogimedence.hu\/index.php\/wp-json\/wp\/v2\/comments?post=14063"}],"version-history":[{"count":0,"href":"https:\/\/dorogimedence.hu\/index.php\/wp-json\/wp\/v2\/posts\/14063\/revisions"}],"wp:featuredmedia":[{"embeddable":true,"href":"https:\/\/dorogimedence.hu\/index.php\/wp-json\/wp\/v2\/media\/7329"}],"wp:attachment":[{"href":"https:\/\/dorogimedence.hu\/index.php\/wp-json\/wp\/v2\/media?parent=14063"}],"wp:term":[{"taxonomy":"category","embeddable":true,"href":"https:\/\/dorogimedence.hu\/index.php\/wp-json\/wp\/v2\/categories?post=14063"},{"taxonomy":"post_tag","embeddable":true,"href":"https:\/\/dorogimedence.hu\/index.php\/wp-json\/wp\/v2\/tags?post=14063"}],"curies":[{"name":"wp","href":"https:\/\/api.w.org\/{rel}","templated":true}]}}