{"id":14042,"date":"2018-12-28T08:46:35","date_gmt":"2018-12-28T07:46:35","guid":{"rendered":"http:\/\/dorogimedence.hu\/?p=14042"},"modified":"2018-12-28T08:48:20","modified_gmt":"2018-12-28T07:48:20","slug":"biztonsagban-szilveszterkor-is","status":"publish","type":"post","link":"https:\/\/dorogimedence.hu\/index.php\/2018\/12\/28\/biztonsagban-szilveszterkor-is\/","title":{"rendered":"Biztons\u00e1gban szilveszterkor is!"},"content":{"rendered":"<p><strong>Az \u00e9v utols\u00f3 napj\u00e1n mindenki szeret \u00f6nfeledten sz\u00f3rakozni. A szilveszteri t\u0171zij\u00e1t\u00e9k gy\u00fajt\u00e1sa l\u00e1tv\u00e1nyos hagyom\u00e1ny, azonban ennek is megvannak a maga szab\u00e1lyai.<\/strong><\/p>\n<p>A katasztr\u00f3fav\u00e9delem \u00f6sszegy\u0171jt\u00f6tte a legfontosabb szab\u00e1lyokat:<\/p>\n<ul>\n<li>T\u0171zij\u00e1t\u00e9k term\u00e9ket kiz\u00e1r\u00f3lag enged\u00e9llyel rendelkez\u0151 forgalmaz\u00f3t\u00f3l, magyar haszn\u00e1lati utas\u00edt\u00e1ssal ell\u00e1tva v\u00e1s\u00e1roljon!<\/li>\n<li>\u00dagy t\u00e1rolja azokat, hogy a gyermekek ne f\u00e9rhessenek hozz\u00e1!<\/li>\n<li>Olvassa el a haszn\u00e1lati \u00fatmutat\u00f3t, \u00e9s mindig tartsa be az abban foglaltakat!<\/li>\n<li>Ne szerelje sz\u00e9t, vagy alak\u00edtsa \u00e1t a term\u00e9keket!<\/li>\n<li>\u00dcgyeljen a biztons\u00e1gos ind\u00edt\u00e1sra! Haszn\u00e1ljon sz\u00far\u00f3l\u00e1ngot ad\u00f3 g\u00e1zgy\u00fajt\u00f3t vagy vihargyuf\u00e1t.<\/li>\n<li>A term\u00e9kek jelent\u0151s r\u00e9sze csak szabadt\u00e9ri felhaszn\u00e1l\u00e1s\u00fa, ez\u00e9rt belt\u00e9rben soha ne m\u0171k\u00f6dtesse azokat!<\/li>\n<li>K\u00e9zben tartva ne m\u0171k\u00f6dtessen el t\u0171zij\u00e1t\u00e9k term\u00e9ket, \u00e9s ne hajoljon f\u00f6l\u00e9!<\/li>\n<li>Gy\u0151z\u0151dj\u00f6n meg arr\u00f3l, hogy f\u00fcgg\u0151leges ir\u00e1nyban semmilyen akad\u00e1ly nincs a term\u00e9k \u00fatj\u00e1ban, \u00e9s oldalir\u00e1nyban tartsa be a gy\u00e1rt\u00f3 \u00e1ltal meghat\u00e1rozott, a haszn\u00e1lati \u00fatmutat\u00f3ban szerepl\u0151 biztons\u00e1gi t\u00e1vols\u00e1got!<\/li>\n<li>A t\u0171zij\u00e1t\u00e9k rak\u00e9ta vezet\u0151p\u00e1lc\u00e1j\u00e1t soha ne sz\u00farja be a f\u00f6ldbe, hanem stabilan \u00e1ll\u00f3 cs\u0151b\u0151l ind\u00edtsa, mely lehet egy \u00fcres pezsg\u0151s\u00fcveg is! Elt\u00f6rt vezet\u0151p\u00e1lc\u00e1s rak\u00e9t\u00e1t ne ind\u00edtson. A kisebb telepet t\u00e1massza meg oldalr\u00f3l t\u00e9gl\u00e1val.<\/li>\n<li>A k\u00f6rnyezeti t\u0171z olt\u00e1s\u00e1hoz legyen a k\u00f6zelben t\u0171zolt\u00f3 k\u00e9sz\u00fcl\u00e9k &#8211; de minimum egy v\u00f6d\u00f6r v\u00edz.<\/li>\n<li>A s\u00e9r\u00fclt, hib\u00e1s vagy lej\u00e1rt szavatoss\u00e1g\u00fa term\u00e9ket vigye vissza a forgalmaz\u00f3nak!<\/li>\n<li>A pet\u00e1rda birtokl\u00e1sa \u00e9s felhaszn\u00e1l\u00e1sa mag\u00e1nszem\u00e9lyek sz\u00e1m\u00e1ra tiltott!<\/li>\n<li>Vet\u0151cs\u00f6ves (goly\u00f3s) bomba birtokl\u00e1sa \u00e9s felhaszn\u00e1l\u00e1sa csak pirotechnikusnak enged\u00e9lyezett.<\/li>\n<li>Vigy\u00e1zzon arra, hogy az \u00d6n sz\u00f3rakoz\u00e1sa ne vesz\u00e9lyeztessen m\u00e1sokat (szem\u00e9lyeket, \u00e1llatokat), t\u00e1rgyakat, \u00e9p\u00fcleteket, a term\u00e9szeti k\u00f6rnyezetet!<\/li>\n<li>A h\u00e1zi kedvenceket tartsa bez\u00e1rva, mert a robban\u00e1skor hirtelen keletkez\u0151 nagy erej\u0171 f\u00e9ny- \u00e9s hanghat\u00e1sok sokkszer\u0171en \u00e9rhetik a szabadon l\u00e9v\u0151 \u00e1llatokat!<\/li>\n<\/ul>\n<p>Ha t\u0171z keletkezik, pr\u00f3b\u00e1ljuk a saj\u00e1t testi \u00e9ps\u00e9g\u00fcnk vesz\u00e9lyeztet\u00e9se n\u00e9lk\u00fcl eloltani \u00e9s h\u00edvjuk a 112-es seg\u00e9lyh\u00edv\u00f3 sz\u00e1mot.<\/p>\n<p><em><strong>A pirotechnikai eszk\u00f6z\u00f6kkel kapcsolatos figyelemfelh\u00edv\u00f3 kisfilm:<\/strong><\/em><br \/>\n<video controls=\"controls\" width=\"320\" height=\"240\"><source src=\"http:\/\/www.katasztrofavedelem.hu\/video\/piro_kisfilm.mp4\" type=\"video\/mp4\" \/>Az \u00d6n b\u00f6ng\u00e9sz\u0151je nem t\u00e1mogatja m\u00e9g ezt a funkci\u00f3t.<br \/>\nSebaj: <a href=\"http:\/\/www.katasztrofavedelem.hu\/video\/piro_kisfilm.mp4\"> a vide\u00f3t itt el\u00e9rheti.<\/a><\/video><\/p>\n","protected":false},"excerpt":{"rendered":"<p>Az \u00e9v utols\u00f3 napj\u00e1n mindenki szeret \u00f6nfeledten sz\u00f3rakozni. A szilveszteri t\u0171zij\u00e1t\u00e9k gy\u00fajt\u00e1sa l\u00e1tv\u00e1nyos hagyom\u00e1ny, azonban ennek is megvannak a maga szab\u00e1lyai. A katasztr\u00f3fav\u00e9delem \u00f6sszegy\u0171jt\u00f6tte a legfontosabb szab\u00e1lyokat: T\u0171zij\u00e1t\u00e9k term\u00e9ket kiz\u00e1r\u00f3lag enged\u00e9llyel rendelkez\u0151 forgalmaz\u00f3t\u00f3l, magyar haszn\u00e1lati utas\u00edt\u00e1ssal ell\u00e1tva v\u00e1s\u00e1roljon! \u00dagy t\u00e1rolja azokat, hogy a gyermekek ne f\u00e9rhessenek hozz\u00e1! Olvassa el a haszn\u00e1lati \u00fatmutat\u00f3t, \u00e9s mindig tartsa<\/p>\n","protected":false},"author":1,"featured_media":7505,"comment_status":"closed","ping_status":"closed","sticky":false,"template":"","format":"standard","meta":{"ngg_post_thumbnail":0,"footnotes":""},"categories":[3],"tags":[77,175,3353,1882,2025,65],"class_list":{"0":"post-14042","1":"post","2":"type-post","3":"status-publish","4":"format-standard","5":"has-post-thumbnail","7":"category-hirek","8":"tag-felhivas","9":"tag-katasztrofavedelem","10":"tag-pirotechnika","11":"tag-szilveszter","12":"tag-tuzijatek","13":"tag-tuzoltosag"},"yoast_head":"<!-- This site is optimized with the Yoast SEO plugin v27.5 - https:\/\/yoast.com\/product\/yoast-seo-wordpress\/ -->\n<title>Biztons\u00e1gban szilveszterkor is!<\/title>\n<meta name=\"robots\" content=\"index, follow, max-snippet:-1, max-image-preview:large, max-video-preview:-1\" \/>\n<link rel=\"canonical\" href=\"https:\/\/dorogimedence.hu\/index.php\/2018\/12\/28\/biztonsagban-szilveszterkor-is\/\" class=\"yoast-seo-meta-tag\" \/>\n<meta property=\"og:locale\" content=\"hu_HU\" class=\"yoast-seo-meta-tag\" \/>\n<meta property=\"og:type\" content=\"article\" class=\"yoast-seo-meta-tag\" \/>\n<meta property=\"og:title\" content=\"Biztons\u00e1gban szilveszterkor is!\" class=\"yoast-seo-meta-tag\" \/>\n<meta property=\"og:description\" content=\"Az \u00e9v utols\u00f3 napj\u00e1n mindenki szeret \u00f6nfeledten sz\u00f3rakozni. A szilveszteri t\u0171zij\u00e1t\u00e9k gy\u00fajt\u00e1sa l\u00e1tv\u00e1nyos hagyom\u00e1ny, azonban ennek is megvannak a maga szab\u00e1lyai. A katasztr\u00f3fav\u00e9delem \u00f6sszegy\u0171jt\u00f6tte a legfontosabb szab\u00e1lyokat: T\u0171zij\u00e1t\u00e9k term\u00e9ket kiz\u00e1r\u00f3lag enged\u00e9llyel rendelkez\u0151 forgalmaz\u00f3t\u00f3l, magyar haszn\u00e1lati utas\u00edt\u00e1ssal ell\u00e1tva v\u00e1s\u00e1roljon! \u00dagy t\u00e1rolja azokat, hogy a gyermekek ne f\u00e9rhessenek hozz\u00e1! Olvassa el a haszn\u00e1lati \u00fatmutat\u00f3t, \u00e9s mindig tartsa\" class=\"yoast-seo-meta-tag\" \/>\n<meta property=\"og:url\" content=\"https:\/\/dorogimedence.hu\/index.php\/2018\/12\/28\/biztonsagban-szilveszterkor-is\/\" class=\"yoast-seo-meta-tag\" \/>\n<meta property=\"og:site_name\" content=\"Dorogi-medence Region\u00e1lis H\u00edrport\u00e1l\" class=\"yoast-seo-meta-tag\" \/>\n<meta property=\"article:publisher\" content=\"https:\/\/www.facebook.com\/dorogimedence\/\" class=\"yoast-seo-meta-tag\" \/>\n<meta property=\"article:published_time\" content=\"2018-12-28T07:46:35+00:00\" class=\"yoast-seo-meta-tag\" \/>\n<meta property=\"article:modified_time\" content=\"2018-12-28T07:48:20+00:00\" class=\"yoast-seo-meta-tag\" \/>\n<meta property=\"og:image\" content=\"https:\/\/i0.wp.com\/dorogimedence.hu\/wp-content\/uploads\/2017\/12\/tuzijatek-001.jpg?fit=670%2C365&ssl=1\" class=\"yoast-seo-meta-tag\" \/>\n\t<meta property=\"og:image:width\" content=\"670\" class=\"yoast-seo-meta-tag\" \/>\n\t<meta property=\"og:image:height\" content=\"365\" class=\"yoast-seo-meta-tag\" \/>\n\t<meta property=\"og:image:type\" content=\"image\/jpeg\" class=\"yoast-seo-meta-tag\" \/>\n<meta name=\"author\" content=\"dorogimedence.hu\" class=\"yoast-seo-meta-tag\" \/>\n<meta name=\"twitter:card\" content=\"summary_large_image\" class=\"yoast-seo-meta-tag\" \/>\n<meta name=\"twitter:label1\" content=\"Szerz\u0151:\" class=\"yoast-seo-meta-tag\" \/>\n\t<meta name=\"twitter:data1\" content=\"dorogimedence.hu\" class=\"yoast-seo-meta-tag\" \/>\n\t<meta name=\"twitter:label2\" content=\"Becs\u00fclt olvas\u00e1si id\u0151\" class=\"yoast-seo-meta-tag\" \/>\n\t<meta name=\"twitter:data2\" content=\"2 perc\" class=\"yoast-seo-meta-tag\" \/>\n<script type=\"application\/ld+json\" class=\"yoast-schema-graph\">{\"@context\":\"https:\\\/\\\/schema.org\",\"@graph\":[{\"@type\":\"Article\",\"@id\":\"https:\\\/\\\/dorogimedence.hu\\\/index.php\\\/2018\\\/12\\\/28\\\/biztonsagban-szilveszterkor-is\\\/#article\",\"isPartOf\":{\"@id\":\"https:\\\/\\\/dorogimedence.hu\\\/index.php\\\/2018\\\/12\\\/28\\\/biztonsagban-szilveszterkor-is\\\/\"},\"author\":{\"name\":\"dorogimedence.hu\",\"@id\":\"https:\\\/\\\/dorogimedence.hu\\\/#\\\/schema\\\/person\\\/ce6091eeb7e95ecdc87890d6aa8e0fd4\"},\"headline\":\"Biztons\u00e1gban szilveszterkor is!\",\"datePublished\":\"2018-12-28T07:46:35+00:00\",\"dateModified\":\"2018-12-28T07:48:20+00:00\",\"mainEntityOfPage\":{\"@id\":\"https:\\\/\\\/dorogimedence.hu\\\/index.php\\\/2018\\\/12\\\/28\\\/biztonsagban-szilveszterkor-is\\\/\"},\"wordCount\":468,\"publisher\":{\"@id\":\"https:\\\/\\\/dorogimedence.hu\\\/#organization\"},\"image\":{\"@id\":\"https:\\\/\\\/dorogimedence.hu\\\/index.php\\\/2018\\\/12\\\/28\\\/biztonsagban-szilveszterkor-is\\\/#primaryimage\"},\"thumbnailUrl\":\"https:\\\/\\\/dorogimedence.hu\\\/wp-content\\\/uploads\\\/2017\\\/12\\\/tuzijatek-001.jpg\",\"keywords\":[\"felh\u00edv\u00e1s\",\"katasztr\u00f3fav\u00e9delem\",\"pirotechnika\",\"szilveszter\",\"t\u0171zij\u00e1t\u00e9k\",\"t\u0171zolt\u00f3s\u00e1g\"],\"articleSection\":[\"H\u00edrek\"],\"inLanguage\":\"hu\"},{\"@type\":\"WebPage\",\"@id\":\"https:\\\/\\\/dorogimedence.hu\\\/index.php\\\/2018\\\/12\\\/28\\\/biztonsagban-szilveszterkor-is\\\/\",\"url\":\"https:\\\/\\\/dorogimedence.hu\\\/index.php\\\/2018\\\/12\\\/28\\\/biztonsagban-szilveszterkor-is\\\/\",\"name\":\"Biztons\u00e1gban szilveszterkor is!\",\"isPartOf\":{\"@id\":\"https:\\\/\\\/dorogimedence.hu\\\/#website\"},\"primaryImageOfPage\":{\"@id\":\"https:\\\/\\\/dorogimedence.hu\\\/index.php\\\/2018\\\/12\\\/28\\\/biztonsagban-szilveszterkor-is\\\/#primaryimage\"},\"image\":{\"@id\":\"https:\\\/\\\/dorogimedence.hu\\\/index.php\\\/2018\\\/12\\\/28\\\/biztonsagban-szilveszterkor-is\\\/#primaryimage\"},\"thumbnailUrl\":\"https:\\\/\\\/dorogimedence.hu\\\/wp-content\\\/uploads\\\/2017\\\/12\\\/tuzijatek-001.jpg\",\"datePublished\":\"2018-12-28T07:46:35+00:00\",\"dateModified\":\"2018-12-28T07:48:20+00:00\",\"breadcrumb\":{\"@id\":\"https:\\\/\\\/dorogimedence.hu\\\/index.php\\\/2018\\\/12\\\/28\\\/biztonsagban-szilveszterkor-is\\\/#breadcrumb\"},\"inLanguage\":\"hu\",\"potentialAction\":[{\"@type\":\"ReadAction\",\"target\":[\"https:\\\/\\\/dorogimedence.hu\\\/index.php\\\/2018\\\/12\\\/28\\\/biztonsagban-szilveszterkor-is\\\/\"]}]},{\"@type\":\"ImageObject\",\"inLanguage\":\"hu\",\"@id\":\"https:\\\/\\\/dorogimedence.hu\\\/index.php\\\/2018\\\/12\\\/28\\\/biztonsagban-szilveszterkor-is\\\/#primaryimage\",\"url\":\"https:\\\/\\\/dorogimedence.hu\\\/wp-content\\\/uploads\\\/2017\\\/12\\\/tuzijatek-001.jpg\",\"contentUrl\":\"https:\\\/\\\/dorogimedence.hu\\\/wp-content\\\/uploads\\\/2017\\\/12\\\/tuzijatek-001.jpg\",\"width\":670,\"height\":365},{\"@type\":\"BreadcrumbList\",\"@id\":\"https:\\\/\\\/dorogimedence.hu\\\/index.php\\\/2018\\\/12\\\/28\\\/biztonsagban-szilveszterkor-is\\\/#breadcrumb\",\"itemListElement\":[{\"@type\":\"ListItem\",\"position\":1,\"name\":\"Kezd\u0151lap\",\"item\":\"https:\\\/\\\/dorogimedence.hu\\\/\"},{\"@type\":\"ListItem\",\"position\":2,\"name\":\"Biztons\u00e1gban szilveszterkor is!\"}]},{\"@type\":\"WebSite\",\"@id\":\"https:\\\/\\\/dorogimedence.hu\\\/#website\",\"url\":\"https:\\\/\\\/dorogimedence.hu\\\/\",\"name\":\"Dorogi-medence Region\u00e1lis H\u00edrport\u00e1l\",\"description\":\"Dorog, Keszt\u00f6lc, Le\u00e1nyv\u00e1r, Piliscs\u00e9v, Tokod, Tokodalt\u00e1r\u00f3, Csolnok, Esztergom-kertv\u00e1ros: h\u00edrek, programok\",\"publisher\":{\"@id\":\"https:\\\/\\\/dorogimedence.hu\\\/#organization\"},\"potentialAction\":[{\"@type\":\"SearchAction\",\"target\":{\"@type\":\"EntryPoint\",\"urlTemplate\":\"https:\\\/\\\/dorogimedence.hu\\\/?s={search_term_string}\"},\"query-input\":{\"@type\":\"PropertyValueSpecification\",\"valueRequired\":true,\"valueName\":\"search_term_string\"}}],\"inLanguage\":\"hu\"},{\"@type\":\"Organization\",\"@id\":\"https:\\\/\\\/dorogimedence.hu\\\/#organization\",\"name\":\"Dorogi-medence Region\u00e1lis H\u00edrport\u00e1l\",\"url\":\"https:\\\/\\\/dorogimedence.hu\\\/\",\"logo\":{\"@type\":\"ImageObject\",\"inLanguage\":\"hu\",\"@id\":\"https:\\\/\\\/dorogimedence.hu\\\/#\\\/schema\\\/logo\\\/image\\\/\",\"url\":\"https:\\\/\\\/dorogimedence.hu\\\/wp-content\\\/uploads\\\/2021\\\/04\\\/logo-feher-600.png\",\"contentUrl\":\"https:\\\/\\\/dorogimedence.hu\\\/wp-content\\\/uploads\\\/2021\\\/04\\\/logo-feher-600.png\",\"width\":600,\"height\":100,\"caption\":\"Dorogi-medence Region\u00e1lis H\u00edrport\u00e1l\"},\"image\":{\"@id\":\"https:\\\/\\\/dorogimedence.hu\\\/#\\\/schema\\\/logo\\\/image\\\/\"},\"sameAs\":[\"https:\\\/\\\/www.facebook.com\\\/dorogimedence\\\/\"]},{\"@type\":\"Person\",\"@id\":\"https:\\\/\\\/dorogimedence.hu\\\/#\\\/schema\\\/person\\\/ce6091eeb7e95ecdc87890d6aa8e0fd4\",\"name\":\"dorogimedence.hu\",\"image\":{\"@type\":\"ImageObject\",\"inLanguage\":\"hu\",\"@id\":\"\\\/\\\/www.gravatar.com\\\/avatar\\\/d8d45f8901aadff40a4af72c0b826f1d?s=96&#038;r=g&#038;d=mm\",\"url\":\"\\\/\\\/www.gravatar.com\\\/avatar\\\/d8d45f8901aadff40a4af72c0b826f1d?s=96&#038;r=g&#038;d=mm\",\"contentUrl\":\"\\\/\\\/www.gravatar.com\\\/avatar\\\/d8d45f8901aadff40a4af72c0b826f1d?s=96&#038;r=g&#038;d=mm\",\"caption\":\"dorogimedence.hu\"}}]}<\/script>\n<!-- \/ Yoast SEO plugin. -->","yoast_head_json":{"title":"Biztons\u00e1gban szilveszterkor is!","robots":{"index":"index","follow":"follow","max-snippet":"max-snippet:-1","max-image-preview":"max-image-preview:large","max-video-preview":"max-video-preview:-1"},"canonical":"https:\/\/dorogimedence.hu\/index.php\/2018\/12\/28\/biztonsagban-szilveszterkor-is\/","og_locale":"hu_HU","og_type":"article","og_title":"Biztons\u00e1gban szilveszterkor is!","og_description":"Az \u00e9v utols\u00f3 napj\u00e1n mindenki szeret \u00f6nfeledten sz\u00f3rakozni. A szilveszteri t\u0171zij\u00e1t\u00e9k gy\u00fajt\u00e1sa l\u00e1tv\u00e1nyos hagyom\u00e1ny, azonban ennek is megvannak a maga szab\u00e1lyai. A katasztr\u00f3fav\u00e9delem \u00f6sszegy\u0171jt\u00f6tte a legfontosabb szab\u00e1lyokat: T\u0171zij\u00e1t\u00e9k term\u00e9ket kiz\u00e1r\u00f3lag enged\u00e9llyel rendelkez\u0151 forgalmaz\u00f3t\u00f3l, magyar haszn\u00e1lati utas\u00edt\u00e1ssal ell\u00e1tva v\u00e1s\u00e1roljon! \u00dagy t\u00e1rolja azokat, hogy a gyermekek ne f\u00e9rhessenek hozz\u00e1! Olvassa el a haszn\u00e1lati \u00fatmutat\u00f3t, \u00e9s mindig tartsa","og_url":"https:\/\/dorogimedence.hu\/index.php\/2018\/12\/28\/biztonsagban-szilveszterkor-is\/","og_site_name":"Dorogi-medence Region\u00e1lis H\u00edrport\u00e1l","article_publisher":"https:\/\/www.facebook.com\/dorogimedence\/","article_published_time":"2018-12-28T07:46:35+00:00","article_modified_time":"2018-12-28T07:48:20+00:00","og_image":[{"width":670,"height":365,"url":"https:\/\/i0.wp.com\/dorogimedence.hu\/wp-content\/uploads\/2017\/12\/tuzijatek-001.jpg?fit=670%2C365&ssl=1","type":"image\/jpeg"}],"author":"dorogimedence.hu","twitter_card":"summary_large_image","twitter_misc":{"Szerz\u0151:":"dorogimedence.hu","Becs\u00fclt olvas\u00e1si id\u0151":"2 perc"},"schema":{"@context":"https:\/\/schema.org","@graph":[{"@type":"Article","@id":"https:\/\/dorogimedence.hu\/index.php\/2018\/12\/28\/biztonsagban-szilveszterkor-is\/#article","isPartOf":{"@id":"https:\/\/dorogimedence.hu\/index.php\/2018\/12\/28\/biztonsagban-szilveszterkor-is\/"},"author":{"name":"dorogimedence.hu","@id":"https:\/\/dorogimedence.hu\/#\/schema\/person\/ce6091eeb7e95ecdc87890d6aa8e0fd4"},"headline":"Biztons\u00e1gban szilveszterkor is!","datePublished":"2018-12-28T07:46:35+00:00","dateModified":"2018-12-28T07:48:20+00:00","mainEntityOfPage":{"@id":"https:\/\/dorogimedence.hu\/index.php\/2018\/12\/28\/biztonsagban-szilveszterkor-is\/"},"wordCount":468,"publisher":{"@id":"https:\/\/dorogimedence.hu\/#organization"},"image":{"@id":"https:\/\/dorogimedence.hu\/index.php\/2018\/12\/28\/biztonsagban-szilveszterkor-is\/#primaryimage"},"thumbnailUrl":"https:\/\/dorogimedence.hu\/wp-content\/uploads\/2017\/12\/tuzijatek-001.jpg","keywords":["felh\u00edv\u00e1s","katasztr\u00f3fav\u00e9delem","pirotechnika","szilveszter","t\u0171zij\u00e1t\u00e9k","t\u0171zolt\u00f3s\u00e1g"],"articleSection":["H\u00edrek"],"inLanguage":"hu"},{"@type":"WebPage","@id":"https:\/\/dorogimedence.hu\/index.php\/2018\/12\/28\/biztonsagban-szilveszterkor-is\/","url":"https:\/\/dorogimedence.hu\/index.php\/2018\/12\/28\/biztonsagban-szilveszterkor-is\/","name":"Biztons\u00e1gban szilveszterkor is!","isPartOf":{"@id":"https:\/\/dorogimedence.hu\/#website"},"primaryImageOfPage":{"@id":"https:\/\/dorogimedence.hu\/index.php\/2018\/12\/28\/biztonsagban-szilveszterkor-is\/#primaryimage"},"image":{"@id":"https:\/\/dorogimedence.hu\/index.php\/2018\/12\/28\/biztonsagban-szilveszterkor-is\/#primaryimage"},"thumbnailUrl":"https:\/\/dorogimedence.hu\/wp-content\/uploads\/2017\/12\/tuzijatek-001.jpg","datePublished":"2018-12-28T07:46:35+00:00","dateModified":"2018-12-28T07:48:20+00:00","breadcrumb":{"@id":"https:\/\/dorogimedence.hu\/index.php\/2018\/12\/28\/biztonsagban-szilveszterkor-is\/#breadcrumb"},"inLanguage":"hu","potentialAction":[{"@type":"ReadAction","target":["https:\/\/dorogimedence.hu\/index.php\/2018\/12\/28\/biztonsagban-szilveszterkor-is\/"]}]},{"@type":"ImageObject","inLanguage":"hu","@id":"https:\/\/dorogimedence.hu\/index.php\/2018\/12\/28\/biztonsagban-szilveszterkor-is\/#primaryimage","url":"https:\/\/dorogimedence.hu\/wp-content\/uploads\/2017\/12\/tuzijatek-001.jpg","contentUrl":"https:\/\/dorogimedence.hu\/wp-content\/uploads\/2017\/12\/tuzijatek-001.jpg","width":670,"height":365},{"@type":"BreadcrumbList","@id":"https:\/\/dorogimedence.hu\/index.php\/2018\/12\/28\/biztonsagban-szilveszterkor-is\/#breadcrumb","itemListElement":[{"@type":"ListItem","position":1,"name":"Kezd\u0151lap","item":"https:\/\/dorogimedence.hu\/"},{"@type":"ListItem","position":2,"name":"Biztons\u00e1gban szilveszterkor is!"}]},{"@type":"WebSite","@id":"https:\/\/dorogimedence.hu\/#website","url":"https:\/\/dorogimedence.hu\/","name":"Dorogi-medence Region\u00e1lis H\u00edrport\u00e1l","description":"Dorog, Keszt\u00f6lc, Le\u00e1nyv\u00e1r, Piliscs\u00e9v, Tokod, Tokodalt\u00e1r\u00f3, Csolnok, Esztergom-kertv\u00e1ros: h\u00edrek, programok","publisher":{"@id":"https:\/\/dorogimedence.hu\/#organization"},"potentialAction":[{"@type":"SearchAction","target":{"@type":"EntryPoint","urlTemplate":"https:\/\/dorogimedence.hu\/?s={search_term_string}"},"query-input":{"@type":"PropertyValueSpecification","valueRequired":true,"valueName":"search_term_string"}}],"inLanguage":"hu"},{"@type":"Organization","@id":"https:\/\/dorogimedence.hu\/#organization","name":"Dorogi-medence Region\u00e1lis H\u00edrport\u00e1l","url":"https:\/\/dorogimedence.hu\/","logo":{"@type":"ImageObject","inLanguage":"hu","@id":"https:\/\/dorogimedence.hu\/#\/schema\/logo\/image\/","url":"https:\/\/dorogimedence.hu\/wp-content\/uploads\/2021\/04\/logo-feher-600.png","contentUrl":"https:\/\/dorogimedence.hu\/wp-content\/uploads\/2021\/04\/logo-feher-600.png","width":600,"height":100,"caption":"Dorogi-medence Region\u00e1lis H\u00edrport\u00e1l"},"image":{"@id":"https:\/\/dorogimedence.hu\/#\/schema\/logo\/image\/"},"sameAs":["https:\/\/www.facebook.com\/dorogimedence\/"]},{"@type":"Person","@id":"https:\/\/dorogimedence.hu\/#\/schema\/person\/ce6091eeb7e95ecdc87890d6aa8e0fd4","name":"dorogimedence.hu","image":{"@type":"ImageObject","inLanguage":"hu","@id":"\/\/www.gravatar.com\/avatar\/d8d45f8901aadff40a4af72c0b826f1d?s=96&#038;r=g&#038;d=mm","url":"\/\/www.gravatar.com\/avatar\/d8d45f8901aadff40a4af72c0b826f1d?s=96&#038;r=g&#038;d=mm","contentUrl":"\/\/www.gravatar.com\/avatar\/d8d45f8901aadff40a4af72c0b826f1d?s=96&#038;r=g&#038;d=mm","caption":"dorogimedence.hu"}}]}},"_links":{"self":[{"href":"https:\/\/dorogimedence.hu\/index.php\/wp-json\/wp\/v2\/posts\/14042","targetHints":{"allow":["GET"]}}],"collection":[{"href":"https:\/\/dorogimedence.hu\/index.php\/wp-json\/wp\/v2\/posts"}],"about":[{"href":"https:\/\/dorogimedence.hu\/index.php\/wp-json\/wp\/v2\/types\/post"}],"author":[{"embeddable":true,"href":"https:\/\/dorogimedence.hu\/index.php\/wp-json\/wp\/v2\/users\/1"}],"replies":[{"embeddable":true,"href":"https:\/\/dorogimedence.hu\/index.php\/wp-json\/wp\/v2\/comments?post=14042"}],"version-history":[{"count":0,"href":"https:\/\/dorogimedence.hu\/index.php\/wp-json\/wp\/v2\/posts\/14042\/revisions"}],"wp:featuredmedia":[{"embeddable":true,"href":"https:\/\/dorogimedence.hu\/index.php\/wp-json\/wp\/v2\/media\/7505"}],"wp:attachment":[{"href":"https:\/\/dorogimedence.hu\/index.php\/wp-json\/wp\/v2\/media?parent=14042"}],"wp:term":[{"taxonomy":"category","embeddable":true,"href":"https:\/\/dorogimedence.hu\/index.php\/wp-json\/wp\/v2\/categories?post=14042"},{"taxonomy":"post_tag","embeddable":true,"href":"https:\/\/dorogimedence.hu\/index.php\/wp-json\/wp\/v2\/tags?post=14042"}],"curies":[{"name":"wp","href":"https:\/\/api.w.org\/{rel}","templated":true}]}}