{"id":13966,"date":"2018-12-19T14:48:40","date_gmt":"2018-12-19T13:48:40","guid":{"rendered":"http:\/\/dorogimedence.hu\/?p=13966"},"modified":"2018-12-19T14:48:40","modified_gmt":"2018-12-19T13:48:40","slug":"kozel-szaz-cipodoboznyi-ajandekot-gyujtottek-ossze-a-dorogi-futok","status":"publish","type":"post","link":"https:\/\/dorogimedence.hu\/index.php\/2018\/12\/19\/kozel-szaz-cipodoboznyi-ajandekot-gyujtottek-ossze-a-dorogi-futok\/","title":{"rendered":"K\u00f6zel sz\u00e1z cip\u0151doboznyi aj\u00e1nd\u00e9kot gy\u0171jt\u00f6ttek \u00f6ssze a dorogi fut\u00f3k"},"content":{"rendered":"<p><strong>A Dorogi Fut\u00f3k\u00f6r Sportegyes\u00fclet szervez\u00e9s\u00e9ben, id\u00e9n imm\u00e1ron negyedik alkalommal ker\u00fclt megrendez\u00e9sre a J\u00f3t\u00e9konys\u00e1gi Mikul\u00e1s-fut\u00e1s.<\/strong><\/p>\n<p>A rendezv\u00e9nyen az egyes\u00fclet tagjai \u00e9s a j\u00f3sz\u00edv\u0171 \u00f6nk\u00e9ntes adom\u00e1nyoz\u00f3k k\u00f6zel 100 &#8211; aj\u00e1nd\u00e9kokkal teli &#8211; cip\u0151dobozt gy\u0171jt\u00f6ttek \u00f6ssze a r\u00e1szorul\u00f3 gyerekeknek.<\/p>\n<p>A Buz\u00e1nszky Jen\u0151 Labdar\u00fag\u00f3 Stadionban m\u00e1r kora d\u00e9lel\u0151tt gy\u00fclekeztek az adakozni v\u00e1gy\u00f3 sportol\u00f3k, vel\u00fck egy\u00fctt pedig egyre n\u0151tt az aj\u00e1nd\u00e9kdobozok sz\u00e1ma is. A szervez\u0151k ugyanis arra k\u00e9rt\u00e9k a j\u00f3t\u00e9konykod\u00f3kat, hogy hozzanak magukkal egy cip\u0151dobozny<span class=\"textexposedshow\">i aj\u00e1nd\u00e9kot, amelyen szerepel, h\u00e1ny \u00e9ves kisfi\u00fanak vagy kisl\u00e1nynak rejt meglepet\u00e9st a csomag.<\/span><\/p>\n<p><img fetchpriority=\"high\" decoding=\"async\" class=\"alignnone size-full wp-image-13968\" src=\"https:\/\/dorogimedence.hu\/wp-content\/uploads\/2018\/12\/mikulas-futas.jpg\" alt=\"\" width=\"670\" height=\"365\" srcset=\"https:\/\/dorogimedence.hu\/wp-content\/uploads\/2018\/12\/mikulas-futas.jpg 670w, https:\/\/dorogimedence.hu\/wp-content\/uploads\/2018\/12\/mikulas-futas-300x163.jpg 300w\" sizes=\"(max-width: 670px) 100vw, 670px\" \/><\/p>\n<p>Az esem\u00e9ny a gyerekek fut\u00e1s\u00e1val kezd\u0151d\u00f6tt, akik egy k\u00f6rt teljes\u00edtettek a Mikul\u00e1ssal a salakp\u00e1ly\u00e1n, majd megkapt\u00e1k a jutalmukat a t\u00e1v v\u00e9g\u00e9n az \u00f6regt\u0151l \u00e9s seg\u00edt\u0151it\u0151l, a krampuszokt\u00f3l. K\u00e9s\u0151bb a b\u00e1trabbakat a Mikul\u00e1s egy nagyobb k\u00f6rre invit\u00e1lta a v\u00e1rosban. A stadionb\u00f3l a M\u00e1ria utc\u00e1n kereszt\u00fcl haladtak az Agor\u00e1ig. Ezut\u00e1n az Alag\u00faton \u00e1t \u00e9rkezett vissza a vid\u00e1m sereg a kiindul\u00e1si ponthoz. Itt vend\u00e9g\u00fcl l\u00e1ttak mindenkit egy forr\u00f3 te\u00e1ra, forralt borra, p\u00e1r falat s\u00fctem\u00e9nyre.<\/p>\n<p>N\u00e9h\u00e1ny nappal k\u00e9s\u0151bb S\u00e1rdi Tam\u00e1s, a Dorogi Fut\u00f3k\u00f6r eln\u00f6ke adta \u00e1t a Csal\u00e1dseg\u00edt\u0151 Szolg\u00e1lat k\u00e9pvisel\u0151j\u00e9nek, Varga Val\u00e9ri\u00e1nak azt a k\u00f6zel 100 aj\u00e1nd\u00e9kdobozt, amelyeket a 4. J\u00f3t\u00e9konys\u00e1gi Mikul\u00e1s-fut\u00e1son gy\u0171jt\u00f6ttek.<\/p>\n<p><img decoding=\"async\" class=\"alignnone size-full wp-image-13969\" src=\"https:\/\/dorogimedence.hu\/wp-content\/uploads\/2018\/12\/mikulas-futas-03.jpg\" alt=\"\" width=\"670\" height=\"365\" srcset=\"https:\/\/dorogimedence.hu\/wp-content\/uploads\/2018\/12\/mikulas-futas-03.jpg 670w, https:\/\/dorogimedence.hu\/wp-content\/uploads\/2018\/12\/mikulas-futas-03-300x163.jpg 300w\" sizes=\"(max-width: 670px) 100vw, 670px\" \/><\/p>\n<p><em>Fot\u00f3k: Dorogi Fut\u00f3k\u00f6r<\/em><\/p>\n","protected":false},"excerpt":{"rendered":"<p>A Dorogi Fut\u00f3k\u00f6r Sportegyes\u00fclet szervez\u00e9s\u00e9ben, id\u00e9n imm\u00e1ron negyedik alkalommal ker\u00fclt megrendez\u00e9sre a J\u00f3t\u00e9konys\u00e1gi Mikul\u00e1s-fut\u00e1s. A rendezv\u00e9nyen az egyes\u00fclet tagjai \u00e9s a j\u00f3sz\u00edv\u0171 \u00f6nk\u00e9ntes adom\u00e1nyoz\u00f3k k\u00f6zel 100 &#8211; aj\u00e1nd\u00e9kokkal teli &#8211; cip\u0151dobozt gy\u0171jt\u00f6ttek \u00f6ssze a r\u00e1szorul\u00f3 gyerekeknek. A Buz\u00e1nszky Jen\u0151 Labdar\u00fag\u00f3 Stadionban m\u00e1r kora d\u00e9lel\u0151tt gy\u00fclekeztek az adakozni v\u00e1gy\u00f3 sportol\u00f3k, vel\u00fck egy\u00fctt pedig egyre n\u0151tt az<\/p>\n","protected":false},"author":1,"featured_media":13967,"comment_status":"closed","ping_status":"closed","sticky":false,"template":"","format":"standard","meta":{"ngg_post_thumbnail":0,"footnotes":""},"categories":[2,3,5],"tags":[1887,15,287,99,1874,16],"class_list":{"0":"post-13966","1":"post","2":"type-post","3":"status-publish","4":"format-standard","5":"has-post-thumbnail","7":"category-dorog","8":"category-hirek","9":"category-sport","10":"tag-adomany","11":"tag-dorog","12":"tag-futas","13":"tag-jotekonysag","14":"tag-mikulas-futas","15":"tag-sport"},"yoast_head":"<!-- This site is optimized with the Yoast SEO plugin v27.5 - https:\/\/yoast.com\/product\/yoast-seo-wordpress\/ -->\n<title>K\u00f6zel sz\u00e1z cip\u0151doboznyi aj\u00e1nd\u00e9kot gy\u0171jt\u00f6ttek \u00f6ssze a dorogi fut\u00f3k<\/title>\n<meta name=\"robots\" content=\"index, follow, max-snippet:-1, max-image-preview:large, max-video-preview:-1\" \/>\n<link rel=\"canonical\" href=\"https:\/\/dorogimedence.hu\/index.php\/2018\/12\/19\/kozel-szaz-cipodoboznyi-ajandekot-gyujtottek-ossze-a-dorogi-futok\/\" class=\"yoast-seo-meta-tag\" \/>\n<meta property=\"og:locale\" content=\"hu_HU\" class=\"yoast-seo-meta-tag\" \/>\n<meta property=\"og:type\" content=\"article\" class=\"yoast-seo-meta-tag\" \/>\n<meta property=\"og:title\" content=\"K\u00f6zel sz\u00e1z cip\u0151doboznyi aj\u00e1nd\u00e9kot gy\u0171jt\u00f6ttek \u00f6ssze a dorogi fut\u00f3k\" class=\"yoast-seo-meta-tag\" \/>\n<meta property=\"og:description\" content=\"A Dorogi Fut\u00f3k\u00f6r Sportegyes\u00fclet szervez\u00e9s\u00e9ben, id\u00e9n imm\u00e1ron negyedik alkalommal ker\u00fclt megrendez\u00e9sre a J\u00f3t\u00e9konys\u00e1gi Mikul\u00e1s-fut\u00e1s. A rendezv\u00e9nyen az egyes\u00fclet tagjai \u00e9s a j\u00f3sz\u00edv\u0171 \u00f6nk\u00e9ntes adom\u00e1nyoz\u00f3k k\u00f6zel 100 &#8211; aj\u00e1nd\u00e9kokkal teli &#8211; cip\u0151dobozt gy\u0171jt\u00f6ttek \u00f6ssze a r\u00e1szorul\u00f3 gyerekeknek. A Buz\u00e1nszky Jen\u0151 Labdar\u00fag\u00f3 Stadionban m\u00e1r kora d\u00e9lel\u0151tt gy\u00fclekeztek az adakozni v\u00e1gy\u00f3 sportol\u00f3k, vel\u00fck egy\u00fctt pedig egyre n\u0151tt az\" class=\"yoast-seo-meta-tag\" \/>\n<meta property=\"og:url\" content=\"https:\/\/dorogimedence.hu\/index.php\/2018\/12\/19\/kozel-szaz-cipodoboznyi-ajandekot-gyujtottek-ossze-a-dorogi-futok\/\" class=\"yoast-seo-meta-tag\" \/>\n<meta property=\"og:site_name\" content=\"Dorogi-medence Region\u00e1lis H\u00edrport\u00e1l\" class=\"yoast-seo-meta-tag\" \/>\n<meta property=\"article:publisher\" content=\"https:\/\/www.facebook.com\/dorogimedence\/\" class=\"yoast-seo-meta-tag\" \/>\n<meta property=\"article:published_time\" content=\"2018-12-19T13:48:40+00:00\" class=\"yoast-seo-meta-tag\" \/>\n<meta property=\"og:image\" content=\"https:\/\/i0.wp.com\/dorogimedence.hu\/wp-content\/uploads\/2018\/12\/cipodoboz-futas.jpg?fit=670%2C365&ssl=1\" class=\"yoast-seo-meta-tag\" \/>\n\t<meta property=\"og:image:width\" content=\"670\" class=\"yoast-seo-meta-tag\" \/>\n\t<meta property=\"og:image:height\" content=\"365\" class=\"yoast-seo-meta-tag\" \/>\n\t<meta property=\"og:image:type\" content=\"image\/jpeg\" class=\"yoast-seo-meta-tag\" \/>\n<meta name=\"author\" content=\"dorogimedence.hu\" class=\"yoast-seo-meta-tag\" \/>\n<meta name=\"twitter:card\" content=\"summary_large_image\" class=\"yoast-seo-meta-tag\" \/>\n<meta name=\"twitter:label1\" content=\"Szerz\u0151:\" class=\"yoast-seo-meta-tag\" \/>\n\t<meta name=\"twitter:data1\" content=\"dorogimedence.hu\" class=\"yoast-seo-meta-tag\" \/>\n\t<meta name=\"twitter:label2\" content=\"Becs\u00fclt olvas\u00e1si id\u0151\" class=\"yoast-seo-meta-tag\" \/>\n\t<meta name=\"twitter:data2\" content=\"2 perc\" class=\"yoast-seo-meta-tag\" \/>\n<script type=\"application\/ld+json\" class=\"yoast-schema-graph\">{\"@context\":\"https:\\\/\\\/schema.org\",\"@graph\":[{\"@type\":\"Article\",\"@id\":\"https:\\\/\\\/dorogimedence.hu\\\/index.php\\\/2018\\\/12\\\/19\\\/kozel-szaz-cipodoboznyi-ajandekot-gyujtottek-ossze-a-dorogi-futok\\\/#article\",\"isPartOf\":{\"@id\":\"https:\\\/\\\/dorogimedence.hu\\\/index.php\\\/2018\\\/12\\\/19\\\/kozel-szaz-cipodoboznyi-ajandekot-gyujtottek-ossze-a-dorogi-futok\\\/\"},\"author\":{\"name\":\"dorogimedence.hu\",\"@id\":\"https:\\\/\\\/dorogimedence.hu\\\/#\\\/schema\\\/person\\\/ce6091eeb7e95ecdc87890d6aa8e0fd4\"},\"headline\":\"K\u00f6zel sz\u00e1z cip\u0151doboznyi aj\u00e1nd\u00e9kot gy\u0171jt\u00f6ttek \u00f6ssze a dorogi fut\u00f3k\",\"datePublished\":\"2018-12-19T13:48:40+00:00\",\"mainEntityOfPage\":{\"@id\":\"https:\\\/\\\/dorogimedence.hu\\\/index.php\\\/2018\\\/12\\\/19\\\/kozel-szaz-cipodoboznyi-ajandekot-gyujtottek-ossze-a-dorogi-futok\\\/\"},\"wordCount\":325,\"publisher\":{\"@id\":\"https:\\\/\\\/dorogimedence.hu\\\/#organization\"},\"image\":{\"@id\":\"https:\\\/\\\/dorogimedence.hu\\\/index.php\\\/2018\\\/12\\\/19\\\/kozel-szaz-cipodoboznyi-ajandekot-gyujtottek-ossze-a-dorogi-futok\\\/#primaryimage\"},\"thumbnailUrl\":\"https:\\\/\\\/dorogimedence.hu\\\/wp-content\\\/uploads\\\/2018\\\/12\\\/cipodoboz-futas.jpg\",\"keywords\":[\"adom\u00e1ny\",\"Dorog\",\"fut\u00e1s\",\"j\u00f3t\u00e9konys\u00e1g\",\"mikul\u00e1s-fut\u00e1s\",\"sport\"],\"articleSection\":[\"Dorog\",\"H\u00edrek\",\"Sport\"],\"inLanguage\":\"hu\"},{\"@type\":\"WebPage\",\"@id\":\"https:\\\/\\\/dorogimedence.hu\\\/index.php\\\/2018\\\/12\\\/19\\\/kozel-szaz-cipodoboznyi-ajandekot-gyujtottek-ossze-a-dorogi-futok\\\/\",\"url\":\"https:\\\/\\\/dorogimedence.hu\\\/index.php\\\/2018\\\/12\\\/19\\\/kozel-szaz-cipodoboznyi-ajandekot-gyujtottek-ossze-a-dorogi-futok\\\/\",\"name\":\"K\u00f6zel sz\u00e1z cip\u0151doboznyi aj\u00e1nd\u00e9kot gy\u0171jt\u00f6ttek \u00f6ssze a dorogi fut\u00f3k\",\"isPartOf\":{\"@id\":\"https:\\\/\\\/dorogimedence.hu\\\/#website\"},\"primaryImageOfPage\":{\"@id\":\"https:\\\/\\\/dorogimedence.hu\\\/index.php\\\/2018\\\/12\\\/19\\\/kozel-szaz-cipodoboznyi-ajandekot-gyujtottek-ossze-a-dorogi-futok\\\/#primaryimage\"},\"image\":{\"@id\":\"https:\\\/\\\/dorogimedence.hu\\\/index.php\\\/2018\\\/12\\\/19\\\/kozel-szaz-cipodoboznyi-ajandekot-gyujtottek-ossze-a-dorogi-futok\\\/#primaryimage\"},\"thumbnailUrl\":\"https:\\\/\\\/dorogimedence.hu\\\/wp-content\\\/uploads\\\/2018\\\/12\\\/cipodoboz-futas.jpg\",\"datePublished\":\"2018-12-19T13:48:40+00:00\",\"breadcrumb\":{\"@id\":\"https:\\\/\\\/dorogimedence.hu\\\/index.php\\\/2018\\\/12\\\/19\\\/kozel-szaz-cipodoboznyi-ajandekot-gyujtottek-ossze-a-dorogi-futok\\\/#breadcrumb\"},\"inLanguage\":\"hu\",\"potentialAction\":[{\"@type\":\"ReadAction\",\"target\":[\"https:\\\/\\\/dorogimedence.hu\\\/index.php\\\/2018\\\/12\\\/19\\\/kozel-szaz-cipodoboznyi-ajandekot-gyujtottek-ossze-a-dorogi-futok\\\/\"]}]},{\"@type\":\"ImageObject\",\"inLanguage\":\"hu\",\"@id\":\"https:\\\/\\\/dorogimedence.hu\\\/index.php\\\/2018\\\/12\\\/19\\\/kozel-szaz-cipodoboznyi-ajandekot-gyujtottek-ossze-a-dorogi-futok\\\/#primaryimage\",\"url\":\"https:\\\/\\\/dorogimedence.hu\\\/wp-content\\\/uploads\\\/2018\\\/12\\\/cipodoboz-futas.jpg\",\"contentUrl\":\"https:\\\/\\\/dorogimedence.hu\\\/wp-content\\\/uploads\\\/2018\\\/12\\\/cipodoboz-futas.jpg\",\"width\":670,\"height\":365},{\"@type\":\"BreadcrumbList\",\"@id\":\"https:\\\/\\\/dorogimedence.hu\\\/index.php\\\/2018\\\/12\\\/19\\\/kozel-szaz-cipodoboznyi-ajandekot-gyujtottek-ossze-a-dorogi-futok\\\/#breadcrumb\",\"itemListElement\":[{\"@type\":\"ListItem\",\"position\":1,\"name\":\"Kezd\u0151lap\",\"item\":\"https:\\\/\\\/dorogimedence.hu\\\/\"},{\"@type\":\"ListItem\",\"position\":2,\"name\":\"K\u00f6zel sz\u00e1z cip\u0151doboznyi aj\u00e1nd\u00e9kot gy\u0171jt\u00f6ttek \u00f6ssze a dorogi fut\u00f3k\"}]},{\"@type\":\"WebSite\",\"@id\":\"https:\\\/\\\/dorogimedence.hu\\\/#website\",\"url\":\"https:\\\/\\\/dorogimedence.hu\\\/\",\"name\":\"Dorogi-medence Region\u00e1lis H\u00edrport\u00e1l\",\"description\":\"Dorog, Keszt\u00f6lc, Le\u00e1nyv\u00e1r, Piliscs\u00e9v, Tokod, Tokodalt\u00e1r\u00f3, Csolnok, Esztergom-kertv\u00e1ros: h\u00edrek, programok\",\"publisher\":{\"@id\":\"https:\\\/\\\/dorogimedence.hu\\\/#organization\"},\"potentialAction\":[{\"@type\":\"SearchAction\",\"target\":{\"@type\":\"EntryPoint\",\"urlTemplate\":\"https:\\\/\\\/dorogimedence.hu\\\/?s={search_term_string}\"},\"query-input\":{\"@type\":\"PropertyValueSpecification\",\"valueRequired\":true,\"valueName\":\"search_term_string\"}}],\"inLanguage\":\"hu\"},{\"@type\":\"Organization\",\"@id\":\"https:\\\/\\\/dorogimedence.hu\\\/#organization\",\"name\":\"Dorogi-medence Region\u00e1lis H\u00edrport\u00e1l\",\"url\":\"https:\\\/\\\/dorogimedence.hu\\\/\",\"logo\":{\"@type\":\"ImageObject\",\"inLanguage\":\"hu\",\"@id\":\"https:\\\/\\\/dorogimedence.hu\\\/#\\\/schema\\\/logo\\\/image\\\/\",\"url\":\"https:\\\/\\\/dorogimedence.hu\\\/wp-content\\\/uploads\\\/2021\\\/04\\\/logo-feher-600.png\",\"contentUrl\":\"https:\\\/\\\/dorogimedence.hu\\\/wp-content\\\/uploads\\\/2021\\\/04\\\/logo-feher-600.png\",\"width\":600,\"height\":100,\"caption\":\"Dorogi-medence Region\u00e1lis H\u00edrport\u00e1l\"},\"image\":{\"@id\":\"https:\\\/\\\/dorogimedence.hu\\\/#\\\/schema\\\/logo\\\/image\\\/\"},\"sameAs\":[\"https:\\\/\\\/www.facebook.com\\\/dorogimedence\\\/\"]},{\"@type\":\"Person\",\"@id\":\"https:\\\/\\\/dorogimedence.hu\\\/#\\\/schema\\\/person\\\/ce6091eeb7e95ecdc87890d6aa8e0fd4\",\"name\":\"dorogimedence.hu\",\"image\":{\"@type\":\"ImageObject\",\"inLanguage\":\"hu\",\"@id\":\"\\\/\\\/www.gravatar.com\\\/avatar\\\/d8d45f8901aadff40a4af72c0b826f1d?s=96&#038;r=g&#038;d=mm\",\"url\":\"\\\/\\\/www.gravatar.com\\\/avatar\\\/d8d45f8901aadff40a4af72c0b826f1d?s=96&#038;r=g&#038;d=mm\",\"contentUrl\":\"\\\/\\\/www.gravatar.com\\\/avatar\\\/d8d45f8901aadff40a4af72c0b826f1d?s=96&#038;r=g&#038;d=mm\",\"caption\":\"dorogimedence.hu\"}}]}<\/script>\n<!-- \/ Yoast SEO plugin. -->","yoast_head_json":{"title":"K\u00f6zel sz\u00e1z cip\u0151doboznyi aj\u00e1nd\u00e9kot gy\u0171jt\u00f6ttek \u00f6ssze a dorogi fut\u00f3k","robots":{"index":"index","follow":"follow","max-snippet":"max-snippet:-1","max-image-preview":"max-image-preview:large","max-video-preview":"max-video-preview:-1"},"canonical":"https:\/\/dorogimedence.hu\/index.php\/2018\/12\/19\/kozel-szaz-cipodoboznyi-ajandekot-gyujtottek-ossze-a-dorogi-futok\/","og_locale":"hu_HU","og_type":"article","og_title":"K\u00f6zel sz\u00e1z cip\u0151doboznyi aj\u00e1nd\u00e9kot gy\u0171jt\u00f6ttek \u00f6ssze a dorogi fut\u00f3k","og_description":"A Dorogi Fut\u00f3k\u00f6r Sportegyes\u00fclet szervez\u00e9s\u00e9ben, id\u00e9n imm\u00e1ron negyedik alkalommal ker\u00fclt megrendez\u00e9sre a J\u00f3t\u00e9konys\u00e1gi Mikul\u00e1s-fut\u00e1s. A rendezv\u00e9nyen az egyes\u00fclet tagjai \u00e9s a j\u00f3sz\u00edv\u0171 \u00f6nk\u00e9ntes adom\u00e1nyoz\u00f3k k\u00f6zel 100 &#8211; aj\u00e1nd\u00e9kokkal teli &#8211; cip\u0151dobozt gy\u0171jt\u00f6ttek \u00f6ssze a r\u00e1szorul\u00f3 gyerekeknek. A Buz\u00e1nszky Jen\u0151 Labdar\u00fag\u00f3 Stadionban m\u00e1r kora d\u00e9lel\u0151tt gy\u00fclekeztek az adakozni v\u00e1gy\u00f3 sportol\u00f3k, vel\u00fck egy\u00fctt pedig egyre n\u0151tt az","og_url":"https:\/\/dorogimedence.hu\/index.php\/2018\/12\/19\/kozel-szaz-cipodoboznyi-ajandekot-gyujtottek-ossze-a-dorogi-futok\/","og_site_name":"Dorogi-medence Region\u00e1lis H\u00edrport\u00e1l","article_publisher":"https:\/\/www.facebook.com\/dorogimedence\/","article_published_time":"2018-12-19T13:48:40+00:00","og_image":[{"width":670,"height":365,"url":"https:\/\/i0.wp.com\/dorogimedence.hu\/wp-content\/uploads\/2018\/12\/cipodoboz-futas.jpg?fit=670%2C365&ssl=1","type":"image\/jpeg"}],"author":"dorogimedence.hu","twitter_card":"summary_large_image","twitter_misc":{"Szerz\u0151:":"dorogimedence.hu","Becs\u00fclt olvas\u00e1si id\u0151":"2 perc"},"schema":{"@context":"https:\/\/schema.org","@graph":[{"@type":"Article","@id":"https:\/\/dorogimedence.hu\/index.php\/2018\/12\/19\/kozel-szaz-cipodoboznyi-ajandekot-gyujtottek-ossze-a-dorogi-futok\/#article","isPartOf":{"@id":"https:\/\/dorogimedence.hu\/index.php\/2018\/12\/19\/kozel-szaz-cipodoboznyi-ajandekot-gyujtottek-ossze-a-dorogi-futok\/"},"author":{"name":"dorogimedence.hu","@id":"https:\/\/dorogimedence.hu\/#\/schema\/person\/ce6091eeb7e95ecdc87890d6aa8e0fd4"},"headline":"K\u00f6zel sz\u00e1z cip\u0151doboznyi aj\u00e1nd\u00e9kot gy\u0171jt\u00f6ttek \u00f6ssze a dorogi fut\u00f3k","datePublished":"2018-12-19T13:48:40+00:00","mainEntityOfPage":{"@id":"https:\/\/dorogimedence.hu\/index.php\/2018\/12\/19\/kozel-szaz-cipodoboznyi-ajandekot-gyujtottek-ossze-a-dorogi-futok\/"},"wordCount":325,"publisher":{"@id":"https:\/\/dorogimedence.hu\/#organization"},"image":{"@id":"https:\/\/dorogimedence.hu\/index.php\/2018\/12\/19\/kozel-szaz-cipodoboznyi-ajandekot-gyujtottek-ossze-a-dorogi-futok\/#primaryimage"},"thumbnailUrl":"https:\/\/dorogimedence.hu\/wp-content\/uploads\/2018\/12\/cipodoboz-futas.jpg","keywords":["adom\u00e1ny","Dorog","fut\u00e1s","j\u00f3t\u00e9konys\u00e1g","mikul\u00e1s-fut\u00e1s","sport"],"articleSection":["Dorog","H\u00edrek","Sport"],"inLanguage":"hu"},{"@type":"WebPage","@id":"https:\/\/dorogimedence.hu\/index.php\/2018\/12\/19\/kozel-szaz-cipodoboznyi-ajandekot-gyujtottek-ossze-a-dorogi-futok\/","url":"https:\/\/dorogimedence.hu\/index.php\/2018\/12\/19\/kozel-szaz-cipodoboznyi-ajandekot-gyujtottek-ossze-a-dorogi-futok\/","name":"K\u00f6zel sz\u00e1z cip\u0151doboznyi aj\u00e1nd\u00e9kot gy\u0171jt\u00f6ttek \u00f6ssze a dorogi fut\u00f3k","isPartOf":{"@id":"https:\/\/dorogimedence.hu\/#website"},"primaryImageOfPage":{"@id":"https:\/\/dorogimedence.hu\/index.php\/2018\/12\/19\/kozel-szaz-cipodoboznyi-ajandekot-gyujtottek-ossze-a-dorogi-futok\/#primaryimage"},"image":{"@id":"https:\/\/dorogimedence.hu\/index.php\/2018\/12\/19\/kozel-szaz-cipodoboznyi-ajandekot-gyujtottek-ossze-a-dorogi-futok\/#primaryimage"},"thumbnailUrl":"https:\/\/dorogimedence.hu\/wp-content\/uploads\/2018\/12\/cipodoboz-futas.jpg","datePublished":"2018-12-19T13:48:40+00:00","breadcrumb":{"@id":"https:\/\/dorogimedence.hu\/index.php\/2018\/12\/19\/kozel-szaz-cipodoboznyi-ajandekot-gyujtottek-ossze-a-dorogi-futok\/#breadcrumb"},"inLanguage":"hu","potentialAction":[{"@type":"ReadAction","target":["https:\/\/dorogimedence.hu\/index.php\/2018\/12\/19\/kozel-szaz-cipodoboznyi-ajandekot-gyujtottek-ossze-a-dorogi-futok\/"]}]},{"@type":"ImageObject","inLanguage":"hu","@id":"https:\/\/dorogimedence.hu\/index.php\/2018\/12\/19\/kozel-szaz-cipodoboznyi-ajandekot-gyujtottek-ossze-a-dorogi-futok\/#primaryimage","url":"https:\/\/dorogimedence.hu\/wp-content\/uploads\/2018\/12\/cipodoboz-futas.jpg","contentUrl":"https:\/\/dorogimedence.hu\/wp-content\/uploads\/2018\/12\/cipodoboz-futas.jpg","width":670,"height":365},{"@type":"BreadcrumbList","@id":"https:\/\/dorogimedence.hu\/index.php\/2018\/12\/19\/kozel-szaz-cipodoboznyi-ajandekot-gyujtottek-ossze-a-dorogi-futok\/#breadcrumb","itemListElement":[{"@type":"ListItem","position":1,"name":"Kezd\u0151lap","item":"https:\/\/dorogimedence.hu\/"},{"@type":"ListItem","position":2,"name":"K\u00f6zel sz\u00e1z cip\u0151doboznyi aj\u00e1nd\u00e9kot gy\u0171jt\u00f6ttek \u00f6ssze a dorogi fut\u00f3k"}]},{"@type":"WebSite","@id":"https:\/\/dorogimedence.hu\/#website","url":"https:\/\/dorogimedence.hu\/","name":"Dorogi-medence Region\u00e1lis H\u00edrport\u00e1l","description":"Dorog, Keszt\u00f6lc, Le\u00e1nyv\u00e1r, Piliscs\u00e9v, Tokod, Tokodalt\u00e1r\u00f3, Csolnok, Esztergom-kertv\u00e1ros: h\u00edrek, programok","publisher":{"@id":"https:\/\/dorogimedence.hu\/#organization"},"potentialAction":[{"@type":"SearchAction","target":{"@type":"EntryPoint","urlTemplate":"https:\/\/dorogimedence.hu\/?s={search_term_string}"},"query-input":{"@type":"PropertyValueSpecification","valueRequired":true,"valueName":"search_term_string"}}],"inLanguage":"hu"},{"@type":"Organization","@id":"https:\/\/dorogimedence.hu\/#organization","name":"Dorogi-medence Region\u00e1lis H\u00edrport\u00e1l","url":"https:\/\/dorogimedence.hu\/","logo":{"@type":"ImageObject","inLanguage":"hu","@id":"https:\/\/dorogimedence.hu\/#\/schema\/logo\/image\/","url":"https:\/\/dorogimedence.hu\/wp-content\/uploads\/2021\/04\/logo-feher-600.png","contentUrl":"https:\/\/dorogimedence.hu\/wp-content\/uploads\/2021\/04\/logo-feher-600.png","width":600,"height":100,"caption":"Dorogi-medence Region\u00e1lis H\u00edrport\u00e1l"},"image":{"@id":"https:\/\/dorogimedence.hu\/#\/schema\/logo\/image\/"},"sameAs":["https:\/\/www.facebook.com\/dorogimedence\/"]},{"@type":"Person","@id":"https:\/\/dorogimedence.hu\/#\/schema\/person\/ce6091eeb7e95ecdc87890d6aa8e0fd4","name":"dorogimedence.hu","image":{"@type":"ImageObject","inLanguage":"hu","@id":"\/\/www.gravatar.com\/avatar\/d8d45f8901aadff40a4af72c0b826f1d?s=96&#038;r=g&#038;d=mm","url":"\/\/www.gravatar.com\/avatar\/d8d45f8901aadff40a4af72c0b826f1d?s=96&#038;r=g&#038;d=mm","contentUrl":"\/\/www.gravatar.com\/avatar\/d8d45f8901aadff40a4af72c0b826f1d?s=96&#038;r=g&#038;d=mm","caption":"dorogimedence.hu"}}]}},"_links":{"self":[{"href":"https:\/\/dorogimedence.hu\/index.php\/wp-json\/wp\/v2\/posts\/13966","targetHints":{"allow":["GET"]}}],"collection":[{"href":"https:\/\/dorogimedence.hu\/index.php\/wp-json\/wp\/v2\/posts"}],"about":[{"href":"https:\/\/dorogimedence.hu\/index.php\/wp-json\/wp\/v2\/types\/post"}],"author":[{"embeddable":true,"href":"https:\/\/dorogimedence.hu\/index.php\/wp-json\/wp\/v2\/users\/1"}],"replies":[{"embeddable":true,"href":"https:\/\/dorogimedence.hu\/index.php\/wp-json\/wp\/v2\/comments?post=13966"}],"version-history":[{"count":0,"href":"https:\/\/dorogimedence.hu\/index.php\/wp-json\/wp\/v2\/posts\/13966\/revisions"}],"wp:featuredmedia":[{"embeddable":true,"href":"https:\/\/dorogimedence.hu\/index.php\/wp-json\/wp\/v2\/media\/13967"}],"wp:attachment":[{"href":"https:\/\/dorogimedence.hu\/index.php\/wp-json\/wp\/v2\/media?parent=13966"}],"wp:term":[{"taxonomy":"category","embeddable":true,"href":"https:\/\/dorogimedence.hu\/index.php\/wp-json\/wp\/v2\/categories?post=13966"},{"taxonomy":"post_tag","embeddable":true,"href":"https:\/\/dorogimedence.hu\/index.php\/wp-json\/wp\/v2\/tags?post=13966"}],"curies":[{"name":"wp","href":"https:\/\/api.w.org\/{rel}","templated":true}]}}