{"id":13867,"date":"2018-12-13T16:21:38","date_gmt":"2018-12-13T15:21:38","guid":{"rendered":"http:\/\/dorogimedence.hu\/?p=13867"},"modified":"2018-12-13T16:21:43","modified_gmt":"2018-12-13T15:21:43","slug":"esztergomi-festo-muvevel-segitett-a-megyei-onkormanyzat","status":"publish","type":"post","link":"https:\/\/dorogimedence.hu\/index.php\/2018\/12\/13\/esztergomi-festo-muvevel-segitett-a-megyei-onkormanyzat\/","title":{"rendered":"Esztergomi fest\u0151 m\u0171v\u00e9vel seg\u00edtett a megyei \u00f6nkorm\u00e1nyzat"},"content":{"rendered":"\n<p><strong>A Kom\u00e1rom-Esztergom Megyei \u00d6nkorm\u00e1nyzat is csatlakozott a k\u00f6zm\u00e9dia j\u00f3t\u00e9konys\u00e1gi kamp\u00e1ny\u00e1hoz \u2013 az aukci\u00f3ra bocs\u00e1tott esztergomi fest\u0151, Koll\u00e1r Gy\u00f6rgy festm\u00e9nye cs\u00fct\u00f6rt\u00f6k\u00f6n 300 ezer forint\u00e9rt tal\u00e1lt gazd\u00e1ra. Az \u00f6sszeggel a cukorbeteg gyermekek \u00e9s fiatalokat seg\u00edt\u00e9s\u00e9t, t\u00e1boroztat\u00e1s\u00e1t t\u00e1mogatj\u00e1k.<\/strong><\/p>\n\n\n\n<p>A megyei \u00f6nkorm\u00e1nyzat <a href=\"https:\/\/www.facebook.com\/komarom.esztergom.megye\/\">Facebook-oldal\u00e1n<\/a> bocs\u00e1totta licitre az esztergomi fest\u0151m\u0171v\u00e9sz, Koll\u00e1r Gy\u00f6rgy Zalakom\u00e1ri g\u00e1zkit\u00f6r\u00e9s c\u00edm\u0171 festm\u00e9ny\u00e9t, amelyre sz\u00e1mtalan felaj\u00e1nl\u00e1s \u00e9rkezett az elm\u00falt h\u00e9ten. Az aukci\u00f3 szerd\u00e1n \u00e9jf\u00e9lkor z\u00e1rult, a festm\u00e9nyt cs\u00fct\u00f6rt\u00f6k\u00f6n a legmagasabb \u00f6sszeget, 300 ezer forintot aj\u00e1nl\u00f3 tatab\u00e1nyai LR-Ag\u00e9p Kft. \u00fcgyvezet\u0151je, J\u00f3n\u00e1s G\u00e1bor vehette \u00e1t a Megyeh\u00e1za \u00e9p\u00fclet\u00e9ben. Az \u00f6sszeg eg\u00e9sze a k\u00f6zm\u00e9dia alap\u00edtv\u00e1ny\u00e1hoz ker\u00fcl, az \u00f6sszegy\u0171lt adom\u00e1nyokkal egy\u00fctt az 1-es t\u00edpus\u00fa cukorbetegs\u00e9gben szenved\u0151 gyerekek t\u00e1mogat\u00e1s\u00e1ra \u00e9s t\u00e1boroztat\u00e1suk seg\u00edt\u00e9s\u00e9re ford\u00edtj\u00e1k.<\/p>\n\n\n\n<p>\u201eA megyei \u00f6nkorm\u00e1nyzat c\u00e9lja az akci\u00f3val, hogy p\u00e9ld\u00e1t mutatva arra sarkallja a megyei szervezeteket, a j\u00f6v\u0151ben min\u00e9l t\u00f6bben csatlakozzanak hasonl\u00f3 kezdem\u00e9nyez\u00e9sekhez. K\u00f6sz\u00f6nj\u00fck azoknak, akik r\u00e9szt vettek az \u00e1rver\u00e9sen \u00e9s hozz\u00e1j\u00e1rultak, hogy megy\u00e9nk is hozz\u00e1tehessen egy kicsit ehhez a nemes c\u00e9lhoz, a gyerekek t\u00e1mogat\u00e1s\u00e1hoz\u201d <em>\u2013 mondta el Popovics Gy\u00f6rgy, a megyei k\u00f6zgy\u0171l\u00e9s eln\u00f6ke.<\/em><\/p>\n\n\n\n<figure class=\"wp-block-image\"><img fetchpriority=\"high\" decoding=\"async\" width=\"670\" height=\"767\" src=\"https:\/\/dorogimedence.hu\/wp-content\/uploads\/2018\/12\/festmeny-licit-2.jpg\" alt=\"\" class=\"wp-image-13868\" srcset=\"https:\/\/dorogimedence.hu\/wp-content\/uploads\/2018\/12\/festmeny-licit-2.jpg 670w, https:\/\/dorogimedence.hu\/wp-content\/uploads\/2018\/12\/festmeny-licit-2-262x300.jpg 262w\" sizes=\"(max-width: 670px) 100vw, 670px\" \/><\/figure>\n\n\n\n<p>A festm\u00e9ny \u00faj tulajdonosa, J\u00f3n\u00e1s G\u00e1bor \u00fcgyvezet\u0151 hangs\u00falyozta, a c\u00e9g kor\u00e1bban is j\u00f3t\u00e9konykodott, ez\u00fattal a megyei \u00f6nkorm\u00e1nyzat adta a hiteles h\u00e1tteret a kezdem\u00e9nyez\u00e9shez. Hozz\u00e1tette, az \u00f6sszeg j\u00f3 helyreker\u00fclt, a k\u00e9p a megy\u00e9ben marad \u2013 tatab\u00e1nyai irod\u00e1juk fal\u00e1t d\u00edsz\u00edti majd. <\/p>\n\n\n\n<p>Aki felaj\u00e1nl\u00e1s\u00e1val csatlakozni szeretne az adom\u00e1nyoz\u00f3khoz, <strong>vas\u00e1rnapig m\u00e9g megteheti \u2013 \u00e9jjel-nappal t\u00e1rcs\u00e1zhat\u00f3 a 13\u00a0630-as adom\u00e1nyvonal<\/strong>. December 16-\u00e1n, a kamp\u00e1ny utols\u00f3 napj\u00e1n pedig eg\u00e9sz napos m\u0171sorfolyammal k\u00e9sz\u00fcl a k\u00f6zm\u00e9dia, amelyben ak\u00e1r Lionel Messi dedik\u00e1lt mez\u00e9re is licit\u00e1lhatnak az \u00e9rdekl\u0151d\u0151k. <\/p>\n","protected":false},"excerpt":{"rendered":"<p>A Kom\u00e1rom-Esztergom Megyei \u00d6nkorm\u00e1nyzat is csatlakozott a k\u00f6zm\u00e9dia j\u00f3t\u00e9konys\u00e1gi kamp\u00e1ny\u00e1hoz \u2013 az aukci\u00f3ra bocs\u00e1tott esztergomi fest\u0151, Koll\u00e1r Gy\u00f6rgy festm\u00e9nye cs\u00fct\u00f6rt\u00f6k\u00f6n 300 ezer forint\u00e9rt tal\u00e1lt gazd\u00e1ra. Az \u00f6sszeggel a cukorbeteg gyermekek \u00e9s fiatalokat seg\u00edt\u00e9s\u00e9t, t\u00e1boroztat\u00e1s\u00e1t t\u00e1mogatj\u00e1k. A megyei \u00f6nkorm\u00e1nyzat Facebook-oldal\u00e1n bocs\u00e1totta licitre az esztergomi fest\u0151m\u0171v\u00e9sz, Koll\u00e1r Gy\u00f6rgy Zalakom\u00e1ri g\u00e1zkit\u00f6r\u00e9s c\u00edm\u0171 festm\u00e9ny\u00e9t, amelyre sz\u00e1mtalan felaj\u00e1nl\u00e1s \u00e9rkezett az<\/p>\n","protected":false},"author":1,"featured_media":13683,"comment_status":"closed","ping_status":"closed","sticky":false,"template":"","format":"standard","meta":{"ngg_post_thumbnail":0,"footnotes":""},"categories":[3,56],"tags":[1887,1843,2676,1787,59,1121],"class_list":{"0":"post-13867","1":"post","2":"type-post","3":"status-publish","4":"format-standard","5":"has-post-thumbnail","7":"category-hirek","8":"category-komarom-esztergom","9":"tag-adomany","10":"tag-advent","11":"tag-festmeny","12":"tag-karacsony","13":"tag-komarom-esztergom","14":"tag-licit"},"yoast_head":"<!-- This site is optimized with the Yoast SEO plugin v27.5 - https:\/\/yoast.com\/product\/yoast-seo-wordpress\/ -->\n<title>Esztergomi fest\u0151 m\u0171v\u00e9vel seg\u00edtett a megyei \u00f6nkorm\u00e1nyzat<\/title>\n<meta name=\"robots\" content=\"index, follow, max-snippet:-1, max-image-preview:large, max-video-preview:-1\" \/>\n<link rel=\"canonical\" href=\"https:\/\/dorogimedence.hu\/index.php\/2018\/12\/13\/esztergomi-festo-muvevel-segitett-a-megyei-onkormanyzat\/\" class=\"yoast-seo-meta-tag\" \/>\n<meta property=\"og:locale\" content=\"hu_HU\" class=\"yoast-seo-meta-tag\" \/>\n<meta property=\"og:type\" content=\"article\" class=\"yoast-seo-meta-tag\" \/>\n<meta property=\"og:title\" content=\"Esztergomi fest\u0151 m\u0171v\u00e9vel seg\u00edtett a megyei \u00f6nkorm\u00e1nyzat\" class=\"yoast-seo-meta-tag\" \/>\n<meta property=\"og:description\" content=\"A Kom\u00e1rom-Esztergom Megyei \u00d6nkorm\u00e1nyzat is csatlakozott a k\u00f6zm\u00e9dia j\u00f3t\u00e9konys\u00e1gi kamp\u00e1ny\u00e1hoz \u2013 az aukci\u00f3ra bocs\u00e1tott esztergomi fest\u0151, Koll\u00e1r Gy\u00f6rgy festm\u00e9nye cs\u00fct\u00f6rt\u00f6k\u00f6n 300 ezer forint\u00e9rt tal\u00e1lt gazd\u00e1ra. Az \u00f6sszeggel a cukorbeteg gyermekek \u00e9s fiatalokat seg\u00edt\u00e9s\u00e9t, t\u00e1boroztat\u00e1s\u00e1t t\u00e1mogatj\u00e1k. A megyei \u00f6nkorm\u00e1nyzat Facebook-oldal\u00e1n bocs\u00e1totta licitre az esztergomi fest\u0151m\u0171v\u00e9sz, Koll\u00e1r Gy\u00f6rgy Zalakom\u00e1ri g\u00e1zkit\u00f6r\u00e9s c\u00edm\u0171 festm\u00e9ny\u00e9t, amelyre sz\u00e1mtalan felaj\u00e1nl\u00e1s \u00e9rkezett az\" class=\"yoast-seo-meta-tag\" \/>\n<meta property=\"og:url\" content=\"https:\/\/dorogimedence.hu\/index.php\/2018\/12\/13\/esztergomi-festo-muvevel-segitett-a-megyei-onkormanyzat\/\" class=\"yoast-seo-meta-tag\" \/>\n<meta property=\"og:site_name\" content=\"Dorogi-medence Region\u00e1lis H\u00edrport\u00e1l\" class=\"yoast-seo-meta-tag\" \/>\n<meta property=\"article:publisher\" content=\"https:\/\/www.facebook.com\/dorogimedence\/\" class=\"yoast-seo-meta-tag\" \/>\n<meta property=\"article:published_time\" content=\"2018-12-13T15:21:38+00:00\" class=\"yoast-seo-meta-tag\" \/>\n<meta property=\"article:modified_time\" content=\"2018-12-13T15:21:43+00:00\" class=\"yoast-seo-meta-tag\" \/>\n<meta property=\"og:image\" content=\"https:\/\/i0.wp.com\/dorogimedence.hu\/wp-content\/uploads\/2018\/12\/festmeny-licit.jpg?fit=670%2C365&ssl=1\" class=\"yoast-seo-meta-tag\" \/>\n\t<meta property=\"og:image:width\" content=\"670\" class=\"yoast-seo-meta-tag\" \/>\n\t<meta property=\"og:image:height\" content=\"365\" class=\"yoast-seo-meta-tag\" \/>\n\t<meta property=\"og:image:type\" content=\"image\/jpeg\" class=\"yoast-seo-meta-tag\" \/>\n<meta name=\"author\" content=\"dorogimedence.hu\" class=\"yoast-seo-meta-tag\" \/>\n<meta name=\"twitter:card\" content=\"summary_large_image\" class=\"yoast-seo-meta-tag\" \/>\n<meta name=\"twitter:label1\" content=\"Szerz\u0151:\" class=\"yoast-seo-meta-tag\" \/>\n\t<meta name=\"twitter:data1\" content=\"dorogimedence.hu\" class=\"yoast-seo-meta-tag\" \/>\n\t<meta name=\"twitter:label2\" content=\"Becs\u00fclt olvas\u00e1si id\u0151\" class=\"yoast-seo-meta-tag\" \/>\n\t<meta name=\"twitter:data2\" content=\"2 perc\" class=\"yoast-seo-meta-tag\" \/>\n<script type=\"application\/ld+json\" class=\"yoast-schema-graph\">{\"@context\":\"https:\\\/\\\/schema.org\",\"@graph\":[{\"@type\":\"Article\",\"@id\":\"https:\\\/\\\/dorogimedence.hu\\\/index.php\\\/2018\\\/12\\\/13\\\/esztergomi-festo-muvevel-segitett-a-megyei-onkormanyzat\\\/#article\",\"isPartOf\":{\"@id\":\"https:\\\/\\\/dorogimedence.hu\\\/index.php\\\/2018\\\/12\\\/13\\\/esztergomi-festo-muvevel-segitett-a-megyei-onkormanyzat\\\/\"},\"author\":{\"name\":\"dorogimedence.hu\",\"@id\":\"https:\\\/\\\/dorogimedence.hu\\\/#\\\/schema\\\/person\\\/ce6091eeb7e95ecdc87890d6aa8e0fd4\"},\"headline\":\"Esztergomi fest\u0151 m\u0171v\u00e9vel seg\u00edtett a megyei \u00f6nkorm\u00e1nyzat\",\"datePublished\":\"2018-12-13T15:21:38+00:00\",\"dateModified\":\"2018-12-13T15:21:43+00:00\",\"mainEntityOfPage\":{\"@id\":\"https:\\\/\\\/dorogimedence.hu\\\/index.php\\\/2018\\\/12\\\/13\\\/esztergomi-festo-muvevel-segitett-a-megyei-onkormanyzat\\\/\"},\"wordCount\":405,\"publisher\":{\"@id\":\"https:\\\/\\\/dorogimedence.hu\\\/#organization\"},\"image\":{\"@id\":\"https:\\\/\\\/dorogimedence.hu\\\/index.php\\\/2018\\\/12\\\/13\\\/esztergomi-festo-muvevel-segitett-a-megyei-onkormanyzat\\\/#primaryimage\"},\"thumbnailUrl\":\"https:\\\/\\\/dorogimedence.hu\\\/wp-content\\\/uploads\\\/2018\\\/12\\\/festmeny-licit.jpg\",\"keywords\":[\"adom\u00e1ny\",\"Advent\",\"festm\u00e9ny\",\"kar\u00e1csony\",\"Kom\u00e1rom-Esztergom\",\"licit\"],\"articleSection\":[\"H\u00edrek\",\"Kom\u00e1rom-Esztergom\"],\"inLanguage\":\"hu\"},{\"@type\":\"WebPage\",\"@id\":\"https:\\\/\\\/dorogimedence.hu\\\/index.php\\\/2018\\\/12\\\/13\\\/esztergomi-festo-muvevel-segitett-a-megyei-onkormanyzat\\\/\",\"url\":\"https:\\\/\\\/dorogimedence.hu\\\/index.php\\\/2018\\\/12\\\/13\\\/esztergomi-festo-muvevel-segitett-a-megyei-onkormanyzat\\\/\",\"name\":\"Esztergomi fest\u0151 m\u0171v\u00e9vel seg\u00edtett a megyei \u00f6nkorm\u00e1nyzat\",\"isPartOf\":{\"@id\":\"https:\\\/\\\/dorogimedence.hu\\\/#website\"},\"primaryImageOfPage\":{\"@id\":\"https:\\\/\\\/dorogimedence.hu\\\/index.php\\\/2018\\\/12\\\/13\\\/esztergomi-festo-muvevel-segitett-a-megyei-onkormanyzat\\\/#primaryimage\"},\"image\":{\"@id\":\"https:\\\/\\\/dorogimedence.hu\\\/index.php\\\/2018\\\/12\\\/13\\\/esztergomi-festo-muvevel-segitett-a-megyei-onkormanyzat\\\/#primaryimage\"},\"thumbnailUrl\":\"https:\\\/\\\/dorogimedence.hu\\\/wp-content\\\/uploads\\\/2018\\\/12\\\/festmeny-licit.jpg\",\"datePublished\":\"2018-12-13T15:21:38+00:00\",\"dateModified\":\"2018-12-13T15:21:43+00:00\",\"breadcrumb\":{\"@id\":\"https:\\\/\\\/dorogimedence.hu\\\/index.php\\\/2018\\\/12\\\/13\\\/esztergomi-festo-muvevel-segitett-a-megyei-onkormanyzat\\\/#breadcrumb\"},\"inLanguage\":\"hu\",\"potentialAction\":[{\"@type\":\"ReadAction\",\"target\":[\"https:\\\/\\\/dorogimedence.hu\\\/index.php\\\/2018\\\/12\\\/13\\\/esztergomi-festo-muvevel-segitett-a-megyei-onkormanyzat\\\/\"]}]},{\"@type\":\"ImageObject\",\"inLanguage\":\"hu\",\"@id\":\"https:\\\/\\\/dorogimedence.hu\\\/index.php\\\/2018\\\/12\\\/13\\\/esztergomi-festo-muvevel-segitett-a-megyei-onkormanyzat\\\/#primaryimage\",\"url\":\"https:\\\/\\\/dorogimedence.hu\\\/wp-content\\\/uploads\\\/2018\\\/12\\\/festmeny-licit.jpg\",\"contentUrl\":\"https:\\\/\\\/dorogimedence.hu\\\/wp-content\\\/uploads\\\/2018\\\/12\\\/festmeny-licit.jpg\",\"width\":670,\"height\":365},{\"@type\":\"BreadcrumbList\",\"@id\":\"https:\\\/\\\/dorogimedence.hu\\\/index.php\\\/2018\\\/12\\\/13\\\/esztergomi-festo-muvevel-segitett-a-megyei-onkormanyzat\\\/#breadcrumb\",\"itemListElement\":[{\"@type\":\"ListItem\",\"position\":1,\"name\":\"Kezd\u0151lap\",\"item\":\"https:\\\/\\\/dorogimedence.hu\\\/\"},{\"@type\":\"ListItem\",\"position\":2,\"name\":\"Esztergomi fest\u0151 m\u0171v\u00e9vel seg\u00edtett a megyei \u00f6nkorm\u00e1nyzat\"}]},{\"@type\":\"WebSite\",\"@id\":\"https:\\\/\\\/dorogimedence.hu\\\/#website\",\"url\":\"https:\\\/\\\/dorogimedence.hu\\\/\",\"name\":\"Dorogi-medence Region\u00e1lis H\u00edrport\u00e1l\",\"description\":\"Dorog, Keszt\u00f6lc, Le\u00e1nyv\u00e1r, Piliscs\u00e9v, Tokod, Tokodalt\u00e1r\u00f3, Csolnok, Esztergom-kertv\u00e1ros: h\u00edrek, programok\",\"publisher\":{\"@id\":\"https:\\\/\\\/dorogimedence.hu\\\/#organization\"},\"potentialAction\":[{\"@type\":\"SearchAction\",\"target\":{\"@type\":\"EntryPoint\",\"urlTemplate\":\"https:\\\/\\\/dorogimedence.hu\\\/?s={search_term_string}\"},\"query-input\":{\"@type\":\"PropertyValueSpecification\",\"valueRequired\":true,\"valueName\":\"search_term_string\"}}],\"inLanguage\":\"hu\"},{\"@type\":\"Organization\",\"@id\":\"https:\\\/\\\/dorogimedence.hu\\\/#organization\",\"name\":\"Dorogi-medence Region\u00e1lis H\u00edrport\u00e1l\",\"url\":\"https:\\\/\\\/dorogimedence.hu\\\/\",\"logo\":{\"@type\":\"ImageObject\",\"inLanguage\":\"hu\",\"@id\":\"https:\\\/\\\/dorogimedence.hu\\\/#\\\/schema\\\/logo\\\/image\\\/\",\"url\":\"https:\\\/\\\/dorogimedence.hu\\\/wp-content\\\/uploads\\\/2021\\\/04\\\/logo-feher-600.png\",\"contentUrl\":\"https:\\\/\\\/dorogimedence.hu\\\/wp-content\\\/uploads\\\/2021\\\/04\\\/logo-feher-600.png\",\"width\":600,\"height\":100,\"caption\":\"Dorogi-medence Region\u00e1lis H\u00edrport\u00e1l\"},\"image\":{\"@id\":\"https:\\\/\\\/dorogimedence.hu\\\/#\\\/schema\\\/logo\\\/image\\\/\"},\"sameAs\":[\"https:\\\/\\\/www.facebook.com\\\/dorogimedence\\\/\"]},{\"@type\":\"Person\",\"@id\":\"https:\\\/\\\/dorogimedence.hu\\\/#\\\/schema\\\/person\\\/ce6091eeb7e95ecdc87890d6aa8e0fd4\",\"name\":\"dorogimedence.hu\",\"image\":{\"@type\":\"ImageObject\",\"inLanguage\":\"hu\",\"@id\":\"\\\/\\\/www.gravatar.com\\\/avatar\\\/d8d45f8901aadff40a4af72c0b826f1d?s=96&#038;r=g&#038;d=mm\",\"url\":\"\\\/\\\/www.gravatar.com\\\/avatar\\\/d8d45f8901aadff40a4af72c0b826f1d?s=96&#038;r=g&#038;d=mm\",\"contentUrl\":\"\\\/\\\/www.gravatar.com\\\/avatar\\\/d8d45f8901aadff40a4af72c0b826f1d?s=96&#038;r=g&#038;d=mm\",\"caption\":\"dorogimedence.hu\"}}]}<\/script>\n<!-- \/ Yoast SEO plugin. -->","yoast_head_json":{"title":"Esztergomi fest\u0151 m\u0171v\u00e9vel seg\u00edtett a megyei \u00f6nkorm\u00e1nyzat","robots":{"index":"index","follow":"follow","max-snippet":"max-snippet:-1","max-image-preview":"max-image-preview:large","max-video-preview":"max-video-preview:-1"},"canonical":"https:\/\/dorogimedence.hu\/index.php\/2018\/12\/13\/esztergomi-festo-muvevel-segitett-a-megyei-onkormanyzat\/","og_locale":"hu_HU","og_type":"article","og_title":"Esztergomi fest\u0151 m\u0171v\u00e9vel seg\u00edtett a megyei \u00f6nkorm\u00e1nyzat","og_description":"A Kom\u00e1rom-Esztergom Megyei \u00d6nkorm\u00e1nyzat is csatlakozott a k\u00f6zm\u00e9dia j\u00f3t\u00e9konys\u00e1gi kamp\u00e1ny\u00e1hoz \u2013 az aukci\u00f3ra bocs\u00e1tott esztergomi fest\u0151, Koll\u00e1r Gy\u00f6rgy festm\u00e9nye cs\u00fct\u00f6rt\u00f6k\u00f6n 300 ezer forint\u00e9rt tal\u00e1lt gazd\u00e1ra. Az \u00f6sszeggel a cukorbeteg gyermekek \u00e9s fiatalokat seg\u00edt\u00e9s\u00e9t, t\u00e1boroztat\u00e1s\u00e1t t\u00e1mogatj\u00e1k. A megyei \u00f6nkorm\u00e1nyzat Facebook-oldal\u00e1n bocs\u00e1totta licitre az esztergomi fest\u0151m\u0171v\u00e9sz, Koll\u00e1r Gy\u00f6rgy Zalakom\u00e1ri g\u00e1zkit\u00f6r\u00e9s c\u00edm\u0171 festm\u00e9ny\u00e9t, amelyre sz\u00e1mtalan felaj\u00e1nl\u00e1s \u00e9rkezett az","og_url":"https:\/\/dorogimedence.hu\/index.php\/2018\/12\/13\/esztergomi-festo-muvevel-segitett-a-megyei-onkormanyzat\/","og_site_name":"Dorogi-medence Region\u00e1lis H\u00edrport\u00e1l","article_publisher":"https:\/\/www.facebook.com\/dorogimedence\/","article_published_time":"2018-12-13T15:21:38+00:00","article_modified_time":"2018-12-13T15:21:43+00:00","og_image":[{"width":670,"height":365,"url":"https:\/\/i0.wp.com\/dorogimedence.hu\/wp-content\/uploads\/2018\/12\/festmeny-licit.jpg?fit=670%2C365&ssl=1","type":"image\/jpeg"}],"author":"dorogimedence.hu","twitter_card":"summary_large_image","twitter_misc":{"Szerz\u0151:":"dorogimedence.hu","Becs\u00fclt olvas\u00e1si id\u0151":"2 perc"},"schema":{"@context":"https:\/\/schema.org","@graph":[{"@type":"Article","@id":"https:\/\/dorogimedence.hu\/index.php\/2018\/12\/13\/esztergomi-festo-muvevel-segitett-a-megyei-onkormanyzat\/#article","isPartOf":{"@id":"https:\/\/dorogimedence.hu\/index.php\/2018\/12\/13\/esztergomi-festo-muvevel-segitett-a-megyei-onkormanyzat\/"},"author":{"name":"dorogimedence.hu","@id":"https:\/\/dorogimedence.hu\/#\/schema\/person\/ce6091eeb7e95ecdc87890d6aa8e0fd4"},"headline":"Esztergomi fest\u0151 m\u0171v\u00e9vel seg\u00edtett a megyei \u00f6nkorm\u00e1nyzat","datePublished":"2018-12-13T15:21:38+00:00","dateModified":"2018-12-13T15:21:43+00:00","mainEntityOfPage":{"@id":"https:\/\/dorogimedence.hu\/index.php\/2018\/12\/13\/esztergomi-festo-muvevel-segitett-a-megyei-onkormanyzat\/"},"wordCount":405,"publisher":{"@id":"https:\/\/dorogimedence.hu\/#organization"},"image":{"@id":"https:\/\/dorogimedence.hu\/index.php\/2018\/12\/13\/esztergomi-festo-muvevel-segitett-a-megyei-onkormanyzat\/#primaryimage"},"thumbnailUrl":"https:\/\/dorogimedence.hu\/wp-content\/uploads\/2018\/12\/festmeny-licit.jpg","keywords":["adom\u00e1ny","Advent","festm\u00e9ny","kar\u00e1csony","Kom\u00e1rom-Esztergom","licit"],"articleSection":["H\u00edrek","Kom\u00e1rom-Esztergom"],"inLanguage":"hu"},{"@type":"WebPage","@id":"https:\/\/dorogimedence.hu\/index.php\/2018\/12\/13\/esztergomi-festo-muvevel-segitett-a-megyei-onkormanyzat\/","url":"https:\/\/dorogimedence.hu\/index.php\/2018\/12\/13\/esztergomi-festo-muvevel-segitett-a-megyei-onkormanyzat\/","name":"Esztergomi fest\u0151 m\u0171v\u00e9vel seg\u00edtett a megyei \u00f6nkorm\u00e1nyzat","isPartOf":{"@id":"https:\/\/dorogimedence.hu\/#website"},"primaryImageOfPage":{"@id":"https:\/\/dorogimedence.hu\/index.php\/2018\/12\/13\/esztergomi-festo-muvevel-segitett-a-megyei-onkormanyzat\/#primaryimage"},"image":{"@id":"https:\/\/dorogimedence.hu\/index.php\/2018\/12\/13\/esztergomi-festo-muvevel-segitett-a-megyei-onkormanyzat\/#primaryimage"},"thumbnailUrl":"https:\/\/dorogimedence.hu\/wp-content\/uploads\/2018\/12\/festmeny-licit.jpg","datePublished":"2018-12-13T15:21:38+00:00","dateModified":"2018-12-13T15:21:43+00:00","breadcrumb":{"@id":"https:\/\/dorogimedence.hu\/index.php\/2018\/12\/13\/esztergomi-festo-muvevel-segitett-a-megyei-onkormanyzat\/#breadcrumb"},"inLanguage":"hu","potentialAction":[{"@type":"ReadAction","target":["https:\/\/dorogimedence.hu\/index.php\/2018\/12\/13\/esztergomi-festo-muvevel-segitett-a-megyei-onkormanyzat\/"]}]},{"@type":"ImageObject","inLanguage":"hu","@id":"https:\/\/dorogimedence.hu\/index.php\/2018\/12\/13\/esztergomi-festo-muvevel-segitett-a-megyei-onkormanyzat\/#primaryimage","url":"https:\/\/dorogimedence.hu\/wp-content\/uploads\/2018\/12\/festmeny-licit.jpg","contentUrl":"https:\/\/dorogimedence.hu\/wp-content\/uploads\/2018\/12\/festmeny-licit.jpg","width":670,"height":365},{"@type":"BreadcrumbList","@id":"https:\/\/dorogimedence.hu\/index.php\/2018\/12\/13\/esztergomi-festo-muvevel-segitett-a-megyei-onkormanyzat\/#breadcrumb","itemListElement":[{"@type":"ListItem","position":1,"name":"Kezd\u0151lap","item":"https:\/\/dorogimedence.hu\/"},{"@type":"ListItem","position":2,"name":"Esztergomi fest\u0151 m\u0171v\u00e9vel seg\u00edtett a megyei \u00f6nkorm\u00e1nyzat"}]},{"@type":"WebSite","@id":"https:\/\/dorogimedence.hu\/#website","url":"https:\/\/dorogimedence.hu\/","name":"Dorogi-medence Region\u00e1lis H\u00edrport\u00e1l","description":"Dorog, Keszt\u00f6lc, Le\u00e1nyv\u00e1r, Piliscs\u00e9v, Tokod, Tokodalt\u00e1r\u00f3, Csolnok, Esztergom-kertv\u00e1ros: h\u00edrek, programok","publisher":{"@id":"https:\/\/dorogimedence.hu\/#organization"},"potentialAction":[{"@type":"SearchAction","target":{"@type":"EntryPoint","urlTemplate":"https:\/\/dorogimedence.hu\/?s={search_term_string}"},"query-input":{"@type":"PropertyValueSpecification","valueRequired":true,"valueName":"search_term_string"}}],"inLanguage":"hu"},{"@type":"Organization","@id":"https:\/\/dorogimedence.hu\/#organization","name":"Dorogi-medence Region\u00e1lis H\u00edrport\u00e1l","url":"https:\/\/dorogimedence.hu\/","logo":{"@type":"ImageObject","inLanguage":"hu","@id":"https:\/\/dorogimedence.hu\/#\/schema\/logo\/image\/","url":"https:\/\/dorogimedence.hu\/wp-content\/uploads\/2021\/04\/logo-feher-600.png","contentUrl":"https:\/\/dorogimedence.hu\/wp-content\/uploads\/2021\/04\/logo-feher-600.png","width":600,"height":100,"caption":"Dorogi-medence Region\u00e1lis H\u00edrport\u00e1l"},"image":{"@id":"https:\/\/dorogimedence.hu\/#\/schema\/logo\/image\/"},"sameAs":["https:\/\/www.facebook.com\/dorogimedence\/"]},{"@type":"Person","@id":"https:\/\/dorogimedence.hu\/#\/schema\/person\/ce6091eeb7e95ecdc87890d6aa8e0fd4","name":"dorogimedence.hu","image":{"@type":"ImageObject","inLanguage":"hu","@id":"\/\/www.gravatar.com\/avatar\/d8d45f8901aadff40a4af72c0b826f1d?s=96&#038;r=g&#038;d=mm","url":"\/\/www.gravatar.com\/avatar\/d8d45f8901aadff40a4af72c0b826f1d?s=96&#038;r=g&#038;d=mm","contentUrl":"\/\/www.gravatar.com\/avatar\/d8d45f8901aadff40a4af72c0b826f1d?s=96&#038;r=g&#038;d=mm","caption":"dorogimedence.hu"}}]}},"_links":{"self":[{"href":"https:\/\/dorogimedence.hu\/index.php\/wp-json\/wp\/v2\/posts\/13867","targetHints":{"allow":["GET"]}}],"collection":[{"href":"https:\/\/dorogimedence.hu\/index.php\/wp-json\/wp\/v2\/posts"}],"about":[{"href":"https:\/\/dorogimedence.hu\/index.php\/wp-json\/wp\/v2\/types\/post"}],"author":[{"embeddable":true,"href":"https:\/\/dorogimedence.hu\/index.php\/wp-json\/wp\/v2\/users\/1"}],"replies":[{"embeddable":true,"href":"https:\/\/dorogimedence.hu\/index.php\/wp-json\/wp\/v2\/comments?post=13867"}],"version-history":[{"count":0,"href":"https:\/\/dorogimedence.hu\/index.php\/wp-json\/wp\/v2\/posts\/13867\/revisions"}],"wp:featuredmedia":[{"embeddable":true,"href":"https:\/\/dorogimedence.hu\/index.php\/wp-json\/wp\/v2\/media\/13683"}],"wp:attachment":[{"href":"https:\/\/dorogimedence.hu\/index.php\/wp-json\/wp\/v2\/media?parent=13867"}],"wp:term":[{"taxonomy":"category","embeddable":true,"href":"https:\/\/dorogimedence.hu\/index.php\/wp-json\/wp\/v2\/categories?post=13867"},{"taxonomy":"post_tag","embeddable":true,"href":"https:\/\/dorogimedence.hu\/index.php\/wp-json\/wp\/v2\/tags?post=13867"}],"curies":[{"name":"wp","href":"https:\/\/api.w.org\/{rel}","templated":true}]}}