{"id":13829,"date":"2018-12-12T06:47:17","date_gmt":"2018-12-12T05:47:17","guid":{"rendered":"http:\/\/dorogimedence.hu\/?p=13829"},"modified":"2018-12-12T06:48:36","modified_gmt":"2018-12-12T05:48:36","slug":"dorogi-harcosok-az-elen","status":"publish","type":"post","link":"https:\/\/dorogimedence.hu\/index.php\/2018\/12\/12\/dorogi-harcosok-az-elen\/","title":{"rendered":"Dorogi harcosok az \u00e9len"},"content":{"rendered":"\n<p><strong>Kiv\u00e1l\u00f3 eredm\u00e9nyekkel, sikeresen teljes\u00edtett\u00e9k az idei \u00e9v utols\u00f3 verseny\u00e9t a Fighting Kempo Pokorni Team SE Esztergom-Kertv\u00e1ros fiatal dorogi harcosai.<\/strong><\/p>\n\n\n\n<p>December 8-\u00e1n, szombaton ker\u00fclt megrendez\u00e9sre az orsz\u00e1g legjobb kemposai r\u00e9szv\u00e9tel\u00e9vel a III. Hegyvid\u00e9k Kupa Nemzetk\u00f6zi Kempo verseny. A megm\u00e9rettet\u00e9sen 16 csapat versenyz\u0151i k\u00fczd\u00f6ttek a legf\u00e9nyesebb \u00e9rmek\u00e9rt. Nagyon kem\u00e9ny \u00e9v \u00e1llt FKPTSE versenyz\u0151i m\u00f6g\u00f6tt, a rengeteg verseny \u00e9s a hazai rendez\u00e9s\u0171 15. IKF KEMPO vil\u00e1gbajnoks\u00e1g miatt is.<\/p>\n\n\n\n<p>Nagyszer\u0171 \u00e9rz\u00e9s, hogy az egyes\u00fclet t\u00f6bb dorogi harcost is adott a Magyar v\u00e1logatottban. Az \u00e9v v\u00e9gi f\u00e1radts\u00e1g ellen\u00e9re is mindenki a tud\u00e1sa legjav\u00e1t adta. A versenyz\u0151k \u00f6sszesen 5 arany, \u00e9s 4 ez\u00fcst \u00e9remet szereztek.<\/p>\n\n\n\n<p><em>Eredm\u00e9nyek:<\/em><\/p>\n\n\n\n<p><strong>Ambrus Tam\u00e1s <\/strong>(semi kempo 2. hely, kempokumite 1. hely).<\/p>\n\n\n\n<p><strong>Bakk Eszter<\/strong> (submission fi\u00fa kateg\u00f3ria 2.hely, semi kempo 1. hely, kempo kumite fi\u00fa kateg\u00f3ria 2. hely). Eszter a s\u00falycsoportok miatt m\u00e1r nem el\u0151sz\u00f6r versenyez fi\u00fa kateg\u00f3ri\u00e1ban, sikerrel.<\/p>\n\n\n\n<p><strong>De\u00e1k Ferenc<\/strong> (semi kempo 2. hely).<\/p>\n\n\n\n<p><strong>Rafael Alex<\/strong> (submission 1. hely, semi kempo 1. hely, kempo kumite 1. hely).<\/p>\n\n\n\n<p>K\u00fcl\u00f6n \u00f6r\u00f6m, hogy a fiatalok felk\u00e9sz\u00edt\u0151mestere, sensei <strong>Pokorni G\u00e1born\u00e9<\/strong>, a verseny keretei k\u00f6z\u00f6tt megkapta a <strong>Nemzetk\u00f6zi &#8222;A&#8221; kateg\u00f3ri\u00e1s b\u00edr\u00f3i min\u0151s\u00edt\u00e9s<\/strong>t.<\/p>\n\n\n\n<figure class=\"wp-block-image\"><img fetchpriority=\"high\" decoding=\"async\" width=\"652\" height=\"781\" src=\"https:\/\/dorogimedence.hu\/wp-content\/uploads\/2018\/12\/gaborne-pokorni.jpg\" alt=\"\" class=\"wp-image-13832\" srcset=\"https:\/\/dorogimedence.hu\/wp-content\/uploads\/2018\/12\/gaborne-pokorni.jpg 652w, https:\/\/dorogimedence.hu\/wp-content\/uploads\/2018\/12\/gaborne-pokorni-250x300.jpg 250w\" sizes=\"(max-width: 652px) 100vw, 652px\" \/><\/figure>\n","protected":false},"excerpt":{"rendered":"<p>Kiv\u00e1l\u00f3 eredm\u00e9nyekkel, sikeresen teljes\u00edtett\u00e9k az idei \u00e9v utols\u00f3 verseny\u00e9t a Fighting Kempo Pokorni Team SE Esztergom-Kertv\u00e1ros fiatal dorogi harcosai. December 8-\u00e1n, szombaton ker\u00fclt megrendez\u00e9sre az orsz\u00e1g legjobb kemposai r\u00e9szv\u00e9tel\u00e9vel a III. Hegyvid\u00e9k Kupa Nemzetk\u00f6zi Kempo verseny. A megm\u00e9rettet\u00e9sen 16 csapat versenyz\u0151i k\u00fczd\u00f6ttek a legf\u00e9nyesebb \u00e9rmek\u00e9rt. Nagyon kem\u00e9ny \u00e9v \u00e1llt FKPTSE versenyz\u0151i m\u00f6g\u00f6tt, a rengeteg verseny<\/p>\n","protected":false},"author":1,"featured_media":13830,"comment_status":"closed","ping_status":"closed","sticky":false,"template":"","format":"standard","meta":{"ngg_post_thumbnail":0,"footnotes":""},"categories":[2,3,5],"tags":[15,445,444,3318,3319,16],"class_list":{"0":"post-13829","1":"post","2":"type-post","3":"status-publish","4":"format-standard","5":"has-post-thumbnail","7":"category-dorog","8":"category-hirek","9":"category-sport","10":"tag-dorog","11":"tag-fighting-kempo","12":"tag-kempo","13":"tag-kuzdoharc","14":"tag-pokorni-team","15":"tag-sport"},"yoast_head":"<!-- This site is optimized with the Yoast SEO plugin v27.5 - https:\/\/yoast.com\/product\/yoast-seo-wordpress\/ -->\n<title>Dorogi harcosok az \u00e9len<\/title>\n<meta name=\"robots\" content=\"index, follow, max-snippet:-1, max-image-preview:large, max-video-preview:-1\" \/>\n<link rel=\"canonical\" href=\"https:\/\/dorogimedence.hu\/index.php\/2018\/12\/12\/dorogi-harcosok-az-elen\/\" class=\"yoast-seo-meta-tag\" \/>\n<meta property=\"og:locale\" content=\"hu_HU\" class=\"yoast-seo-meta-tag\" \/>\n<meta property=\"og:type\" content=\"article\" class=\"yoast-seo-meta-tag\" \/>\n<meta property=\"og:title\" content=\"Dorogi harcosok az \u00e9len\" class=\"yoast-seo-meta-tag\" \/>\n<meta property=\"og:description\" content=\"Kiv\u00e1l\u00f3 eredm\u00e9nyekkel, sikeresen teljes\u00edtett\u00e9k az idei \u00e9v utols\u00f3 verseny\u00e9t a Fighting Kempo Pokorni Team SE Esztergom-Kertv\u00e1ros fiatal dorogi harcosai. December 8-\u00e1n, szombaton ker\u00fclt megrendez\u00e9sre az orsz\u00e1g legjobb kemposai r\u00e9szv\u00e9tel\u00e9vel a III. Hegyvid\u00e9k Kupa Nemzetk\u00f6zi Kempo verseny. A megm\u00e9rettet\u00e9sen 16 csapat versenyz\u0151i k\u00fczd\u00f6ttek a legf\u00e9nyesebb \u00e9rmek\u00e9rt. Nagyon kem\u00e9ny \u00e9v \u00e1llt FKPTSE versenyz\u0151i m\u00f6g\u00f6tt, a rengeteg verseny\" class=\"yoast-seo-meta-tag\" \/>\n<meta property=\"og:url\" content=\"https:\/\/dorogimedence.hu\/index.php\/2018\/12\/12\/dorogi-harcosok-az-elen\/\" class=\"yoast-seo-meta-tag\" \/>\n<meta property=\"og:site_name\" content=\"Dorogi-medence Region\u00e1lis H\u00edrport\u00e1l\" class=\"yoast-seo-meta-tag\" \/>\n<meta property=\"article:publisher\" content=\"https:\/\/www.facebook.com\/dorogimedence\/\" class=\"yoast-seo-meta-tag\" \/>\n<meta property=\"article:published_time\" content=\"2018-12-12T05:47:17+00:00\" class=\"yoast-seo-meta-tag\" \/>\n<meta property=\"article:modified_time\" content=\"2018-12-12T05:48:36+00:00\" class=\"yoast-seo-meta-tag\" \/>\n<meta property=\"og:image\" content=\"https:\/\/i0.wp.com\/dorogimedence.hu\/wp-content\/uploads\/2018\/12\/kempo-01.jpg?fit=670%2C365&ssl=1\" class=\"yoast-seo-meta-tag\" \/>\n\t<meta property=\"og:image:width\" content=\"670\" class=\"yoast-seo-meta-tag\" \/>\n\t<meta property=\"og:image:height\" content=\"365\" class=\"yoast-seo-meta-tag\" \/>\n\t<meta property=\"og:image:type\" content=\"image\/jpeg\" class=\"yoast-seo-meta-tag\" \/>\n<meta name=\"author\" content=\"dorogimedence.hu\" class=\"yoast-seo-meta-tag\" \/>\n<meta name=\"twitter:card\" content=\"summary_large_image\" class=\"yoast-seo-meta-tag\" \/>\n<meta name=\"twitter:label1\" content=\"Szerz\u0151:\" class=\"yoast-seo-meta-tag\" \/>\n\t<meta name=\"twitter:data1\" content=\"dorogimedence.hu\" class=\"yoast-seo-meta-tag\" \/>\n\t<meta name=\"twitter:label2\" content=\"Becs\u00fclt olvas\u00e1si id\u0151\" class=\"yoast-seo-meta-tag\" \/>\n\t<meta name=\"twitter:data2\" content=\"1 perc\" class=\"yoast-seo-meta-tag\" \/>\n<script type=\"application\/ld+json\" class=\"yoast-schema-graph\">{\"@context\":\"https:\\\/\\\/schema.org\",\"@graph\":[{\"@type\":\"Article\",\"@id\":\"https:\\\/\\\/dorogimedence.hu\\\/index.php\\\/2018\\\/12\\\/12\\\/dorogi-harcosok-az-elen\\\/#article\",\"isPartOf\":{\"@id\":\"https:\\\/\\\/dorogimedence.hu\\\/index.php\\\/2018\\\/12\\\/12\\\/dorogi-harcosok-az-elen\\\/\"},\"author\":{\"name\":\"dorogimedence.hu\",\"@id\":\"https:\\\/\\\/dorogimedence.hu\\\/#\\\/schema\\\/person\\\/ce6091eeb7e95ecdc87890d6aa8e0fd4\"},\"headline\":\"Dorogi harcosok az \u00e9len\",\"datePublished\":\"2018-12-12T05:47:17+00:00\",\"dateModified\":\"2018-12-12T05:48:36+00:00\",\"mainEntityOfPage\":{\"@id\":\"https:\\\/\\\/dorogimedence.hu\\\/index.php\\\/2018\\\/12\\\/12\\\/dorogi-harcosok-az-elen\\\/\"},\"wordCount\":236,\"publisher\":{\"@id\":\"https:\\\/\\\/dorogimedence.hu\\\/#organization\"},\"image\":{\"@id\":\"https:\\\/\\\/dorogimedence.hu\\\/index.php\\\/2018\\\/12\\\/12\\\/dorogi-harcosok-az-elen\\\/#primaryimage\"},\"thumbnailUrl\":\"https:\\\/\\\/dorogimedence.hu\\\/wp-content\\\/uploads\\\/2018\\\/12\\\/kempo-01.jpg\",\"keywords\":[\"Dorog\",\"Fighting Kempo\",\"Kempo\",\"k\u00fczd\u0151harc\",\"Pokorni Team\",\"sport\"],\"articleSection\":[\"Dorog\",\"H\u00edrek\",\"Sport\"],\"inLanguage\":\"hu\"},{\"@type\":\"WebPage\",\"@id\":\"https:\\\/\\\/dorogimedence.hu\\\/index.php\\\/2018\\\/12\\\/12\\\/dorogi-harcosok-az-elen\\\/\",\"url\":\"https:\\\/\\\/dorogimedence.hu\\\/index.php\\\/2018\\\/12\\\/12\\\/dorogi-harcosok-az-elen\\\/\",\"name\":\"Dorogi harcosok az \u00e9len\",\"isPartOf\":{\"@id\":\"https:\\\/\\\/dorogimedence.hu\\\/#website\"},\"primaryImageOfPage\":{\"@id\":\"https:\\\/\\\/dorogimedence.hu\\\/index.php\\\/2018\\\/12\\\/12\\\/dorogi-harcosok-az-elen\\\/#primaryimage\"},\"image\":{\"@id\":\"https:\\\/\\\/dorogimedence.hu\\\/index.php\\\/2018\\\/12\\\/12\\\/dorogi-harcosok-az-elen\\\/#primaryimage\"},\"thumbnailUrl\":\"https:\\\/\\\/dorogimedence.hu\\\/wp-content\\\/uploads\\\/2018\\\/12\\\/kempo-01.jpg\",\"datePublished\":\"2018-12-12T05:47:17+00:00\",\"dateModified\":\"2018-12-12T05:48:36+00:00\",\"breadcrumb\":{\"@id\":\"https:\\\/\\\/dorogimedence.hu\\\/index.php\\\/2018\\\/12\\\/12\\\/dorogi-harcosok-az-elen\\\/#breadcrumb\"},\"inLanguage\":\"hu\",\"potentialAction\":[{\"@type\":\"ReadAction\",\"target\":[\"https:\\\/\\\/dorogimedence.hu\\\/index.php\\\/2018\\\/12\\\/12\\\/dorogi-harcosok-az-elen\\\/\"]}]},{\"@type\":\"ImageObject\",\"inLanguage\":\"hu\",\"@id\":\"https:\\\/\\\/dorogimedence.hu\\\/index.php\\\/2018\\\/12\\\/12\\\/dorogi-harcosok-az-elen\\\/#primaryimage\",\"url\":\"https:\\\/\\\/dorogimedence.hu\\\/wp-content\\\/uploads\\\/2018\\\/12\\\/kempo-01.jpg\",\"contentUrl\":\"https:\\\/\\\/dorogimedence.hu\\\/wp-content\\\/uploads\\\/2018\\\/12\\\/kempo-01.jpg\",\"width\":670,\"height\":365},{\"@type\":\"BreadcrumbList\",\"@id\":\"https:\\\/\\\/dorogimedence.hu\\\/index.php\\\/2018\\\/12\\\/12\\\/dorogi-harcosok-az-elen\\\/#breadcrumb\",\"itemListElement\":[{\"@type\":\"ListItem\",\"position\":1,\"name\":\"Kezd\u0151lap\",\"item\":\"https:\\\/\\\/dorogimedence.hu\\\/\"},{\"@type\":\"ListItem\",\"position\":2,\"name\":\"Dorogi harcosok az \u00e9len\"}]},{\"@type\":\"WebSite\",\"@id\":\"https:\\\/\\\/dorogimedence.hu\\\/#website\",\"url\":\"https:\\\/\\\/dorogimedence.hu\\\/\",\"name\":\"Dorogi-medence Region\u00e1lis H\u00edrport\u00e1l\",\"description\":\"Dorog, Keszt\u00f6lc, Le\u00e1nyv\u00e1r, Piliscs\u00e9v, Tokod, Tokodalt\u00e1r\u00f3, Csolnok, Esztergom-kertv\u00e1ros: h\u00edrek, programok\",\"publisher\":{\"@id\":\"https:\\\/\\\/dorogimedence.hu\\\/#organization\"},\"potentialAction\":[{\"@type\":\"SearchAction\",\"target\":{\"@type\":\"EntryPoint\",\"urlTemplate\":\"https:\\\/\\\/dorogimedence.hu\\\/?s={search_term_string}\"},\"query-input\":{\"@type\":\"PropertyValueSpecification\",\"valueRequired\":true,\"valueName\":\"search_term_string\"}}],\"inLanguage\":\"hu\"},{\"@type\":\"Organization\",\"@id\":\"https:\\\/\\\/dorogimedence.hu\\\/#organization\",\"name\":\"Dorogi-medence Region\u00e1lis H\u00edrport\u00e1l\",\"url\":\"https:\\\/\\\/dorogimedence.hu\\\/\",\"logo\":{\"@type\":\"ImageObject\",\"inLanguage\":\"hu\",\"@id\":\"https:\\\/\\\/dorogimedence.hu\\\/#\\\/schema\\\/logo\\\/image\\\/\",\"url\":\"https:\\\/\\\/dorogimedence.hu\\\/wp-content\\\/uploads\\\/2021\\\/04\\\/logo-feher-600.png\",\"contentUrl\":\"https:\\\/\\\/dorogimedence.hu\\\/wp-content\\\/uploads\\\/2021\\\/04\\\/logo-feher-600.png\",\"width\":600,\"height\":100,\"caption\":\"Dorogi-medence Region\u00e1lis H\u00edrport\u00e1l\"},\"image\":{\"@id\":\"https:\\\/\\\/dorogimedence.hu\\\/#\\\/schema\\\/logo\\\/image\\\/\"},\"sameAs\":[\"https:\\\/\\\/www.facebook.com\\\/dorogimedence\\\/\"]},{\"@type\":\"Person\",\"@id\":\"https:\\\/\\\/dorogimedence.hu\\\/#\\\/schema\\\/person\\\/ce6091eeb7e95ecdc87890d6aa8e0fd4\",\"name\":\"dorogimedence.hu\",\"image\":{\"@type\":\"ImageObject\",\"inLanguage\":\"hu\",\"@id\":\"\\\/\\\/www.gravatar.com\\\/avatar\\\/d8d45f8901aadff40a4af72c0b826f1d?s=96&#038;r=g&#038;d=mm\",\"url\":\"\\\/\\\/www.gravatar.com\\\/avatar\\\/d8d45f8901aadff40a4af72c0b826f1d?s=96&#038;r=g&#038;d=mm\",\"contentUrl\":\"\\\/\\\/www.gravatar.com\\\/avatar\\\/d8d45f8901aadff40a4af72c0b826f1d?s=96&#038;r=g&#038;d=mm\",\"caption\":\"dorogimedence.hu\"}}]}<\/script>\n<!-- \/ Yoast SEO plugin. -->","yoast_head_json":{"title":"Dorogi harcosok az \u00e9len","robots":{"index":"index","follow":"follow","max-snippet":"max-snippet:-1","max-image-preview":"max-image-preview:large","max-video-preview":"max-video-preview:-1"},"canonical":"https:\/\/dorogimedence.hu\/index.php\/2018\/12\/12\/dorogi-harcosok-az-elen\/","og_locale":"hu_HU","og_type":"article","og_title":"Dorogi harcosok az \u00e9len","og_description":"Kiv\u00e1l\u00f3 eredm\u00e9nyekkel, sikeresen teljes\u00edtett\u00e9k az idei \u00e9v utols\u00f3 verseny\u00e9t a Fighting Kempo Pokorni Team SE Esztergom-Kertv\u00e1ros fiatal dorogi harcosai. December 8-\u00e1n, szombaton ker\u00fclt megrendez\u00e9sre az orsz\u00e1g legjobb kemposai r\u00e9szv\u00e9tel\u00e9vel a III. Hegyvid\u00e9k Kupa Nemzetk\u00f6zi Kempo verseny. A megm\u00e9rettet\u00e9sen 16 csapat versenyz\u0151i k\u00fczd\u00f6ttek a legf\u00e9nyesebb \u00e9rmek\u00e9rt. Nagyon kem\u00e9ny \u00e9v \u00e1llt FKPTSE versenyz\u0151i m\u00f6g\u00f6tt, a rengeteg verseny","og_url":"https:\/\/dorogimedence.hu\/index.php\/2018\/12\/12\/dorogi-harcosok-az-elen\/","og_site_name":"Dorogi-medence Region\u00e1lis H\u00edrport\u00e1l","article_publisher":"https:\/\/www.facebook.com\/dorogimedence\/","article_published_time":"2018-12-12T05:47:17+00:00","article_modified_time":"2018-12-12T05:48:36+00:00","og_image":[{"width":670,"height":365,"url":"https:\/\/i0.wp.com\/dorogimedence.hu\/wp-content\/uploads\/2018\/12\/kempo-01.jpg?fit=670%2C365&ssl=1","type":"image\/jpeg"}],"author":"dorogimedence.hu","twitter_card":"summary_large_image","twitter_misc":{"Szerz\u0151:":"dorogimedence.hu","Becs\u00fclt olvas\u00e1si id\u0151":"1 perc"},"schema":{"@context":"https:\/\/schema.org","@graph":[{"@type":"Article","@id":"https:\/\/dorogimedence.hu\/index.php\/2018\/12\/12\/dorogi-harcosok-az-elen\/#article","isPartOf":{"@id":"https:\/\/dorogimedence.hu\/index.php\/2018\/12\/12\/dorogi-harcosok-az-elen\/"},"author":{"name":"dorogimedence.hu","@id":"https:\/\/dorogimedence.hu\/#\/schema\/person\/ce6091eeb7e95ecdc87890d6aa8e0fd4"},"headline":"Dorogi harcosok az \u00e9len","datePublished":"2018-12-12T05:47:17+00:00","dateModified":"2018-12-12T05:48:36+00:00","mainEntityOfPage":{"@id":"https:\/\/dorogimedence.hu\/index.php\/2018\/12\/12\/dorogi-harcosok-az-elen\/"},"wordCount":236,"publisher":{"@id":"https:\/\/dorogimedence.hu\/#organization"},"image":{"@id":"https:\/\/dorogimedence.hu\/index.php\/2018\/12\/12\/dorogi-harcosok-az-elen\/#primaryimage"},"thumbnailUrl":"https:\/\/dorogimedence.hu\/wp-content\/uploads\/2018\/12\/kempo-01.jpg","keywords":["Dorog","Fighting Kempo","Kempo","k\u00fczd\u0151harc","Pokorni Team","sport"],"articleSection":["Dorog","H\u00edrek","Sport"],"inLanguage":"hu"},{"@type":"WebPage","@id":"https:\/\/dorogimedence.hu\/index.php\/2018\/12\/12\/dorogi-harcosok-az-elen\/","url":"https:\/\/dorogimedence.hu\/index.php\/2018\/12\/12\/dorogi-harcosok-az-elen\/","name":"Dorogi harcosok az \u00e9len","isPartOf":{"@id":"https:\/\/dorogimedence.hu\/#website"},"primaryImageOfPage":{"@id":"https:\/\/dorogimedence.hu\/index.php\/2018\/12\/12\/dorogi-harcosok-az-elen\/#primaryimage"},"image":{"@id":"https:\/\/dorogimedence.hu\/index.php\/2018\/12\/12\/dorogi-harcosok-az-elen\/#primaryimage"},"thumbnailUrl":"https:\/\/dorogimedence.hu\/wp-content\/uploads\/2018\/12\/kempo-01.jpg","datePublished":"2018-12-12T05:47:17+00:00","dateModified":"2018-12-12T05:48:36+00:00","breadcrumb":{"@id":"https:\/\/dorogimedence.hu\/index.php\/2018\/12\/12\/dorogi-harcosok-az-elen\/#breadcrumb"},"inLanguage":"hu","potentialAction":[{"@type":"ReadAction","target":["https:\/\/dorogimedence.hu\/index.php\/2018\/12\/12\/dorogi-harcosok-az-elen\/"]}]},{"@type":"ImageObject","inLanguage":"hu","@id":"https:\/\/dorogimedence.hu\/index.php\/2018\/12\/12\/dorogi-harcosok-az-elen\/#primaryimage","url":"https:\/\/dorogimedence.hu\/wp-content\/uploads\/2018\/12\/kempo-01.jpg","contentUrl":"https:\/\/dorogimedence.hu\/wp-content\/uploads\/2018\/12\/kempo-01.jpg","width":670,"height":365},{"@type":"BreadcrumbList","@id":"https:\/\/dorogimedence.hu\/index.php\/2018\/12\/12\/dorogi-harcosok-az-elen\/#breadcrumb","itemListElement":[{"@type":"ListItem","position":1,"name":"Kezd\u0151lap","item":"https:\/\/dorogimedence.hu\/"},{"@type":"ListItem","position":2,"name":"Dorogi harcosok az \u00e9len"}]},{"@type":"WebSite","@id":"https:\/\/dorogimedence.hu\/#website","url":"https:\/\/dorogimedence.hu\/","name":"Dorogi-medence Region\u00e1lis H\u00edrport\u00e1l","description":"Dorog, Keszt\u00f6lc, Le\u00e1nyv\u00e1r, Piliscs\u00e9v, Tokod, Tokodalt\u00e1r\u00f3, Csolnok, Esztergom-kertv\u00e1ros: h\u00edrek, programok","publisher":{"@id":"https:\/\/dorogimedence.hu\/#organization"},"potentialAction":[{"@type":"SearchAction","target":{"@type":"EntryPoint","urlTemplate":"https:\/\/dorogimedence.hu\/?s={search_term_string}"},"query-input":{"@type":"PropertyValueSpecification","valueRequired":true,"valueName":"search_term_string"}}],"inLanguage":"hu"},{"@type":"Organization","@id":"https:\/\/dorogimedence.hu\/#organization","name":"Dorogi-medence Region\u00e1lis H\u00edrport\u00e1l","url":"https:\/\/dorogimedence.hu\/","logo":{"@type":"ImageObject","inLanguage":"hu","@id":"https:\/\/dorogimedence.hu\/#\/schema\/logo\/image\/","url":"https:\/\/dorogimedence.hu\/wp-content\/uploads\/2021\/04\/logo-feher-600.png","contentUrl":"https:\/\/dorogimedence.hu\/wp-content\/uploads\/2021\/04\/logo-feher-600.png","width":600,"height":100,"caption":"Dorogi-medence Region\u00e1lis H\u00edrport\u00e1l"},"image":{"@id":"https:\/\/dorogimedence.hu\/#\/schema\/logo\/image\/"},"sameAs":["https:\/\/www.facebook.com\/dorogimedence\/"]},{"@type":"Person","@id":"https:\/\/dorogimedence.hu\/#\/schema\/person\/ce6091eeb7e95ecdc87890d6aa8e0fd4","name":"dorogimedence.hu","image":{"@type":"ImageObject","inLanguage":"hu","@id":"\/\/www.gravatar.com\/avatar\/d8d45f8901aadff40a4af72c0b826f1d?s=96&#038;r=g&#038;d=mm","url":"\/\/www.gravatar.com\/avatar\/d8d45f8901aadff40a4af72c0b826f1d?s=96&#038;r=g&#038;d=mm","contentUrl":"\/\/www.gravatar.com\/avatar\/d8d45f8901aadff40a4af72c0b826f1d?s=96&#038;r=g&#038;d=mm","caption":"dorogimedence.hu"}}]}},"_links":{"self":[{"href":"https:\/\/dorogimedence.hu\/index.php\/wp-json\/wp\/v2\/posts\/13829","targetHints":{"allow":["GET"]}}],"collection":[{"href":"https:\/\/dorogimedence.hu\/index.php\/wp-json\/wp\/v2\/posts"}],"about":[{"href":"https:\/\/dorogimedence.hu\/index.php\/wp-json\/wp\/v2\/types\/post"}],"author":[{"embeddable":true,"href":"https:\/\/dorogimedence.hu\/index.php\/wp-json\/wp\/v2\/users\/1"}],"replies":[{"embeddable":true,"href":"https:\/\/dorogimedence.hu\/index.php\/wp-json\/wp\/v2\/comments?post=13829"}],"version-history":[{"count":0,"href":"https:\/\/dorogimedence.hu\/index.php\/wp-json\/wp\/v2\/posts\/13829\/revisions"}],"wp:featuredmedia":[{"embeddable":true,"href":"https:\/\/dorogimedence.hu\/index.php\/wp-json\/wp\/v2\/media\/13830"}],"wp:attachment":[{"href":"https:\/\/dorogimedence.hu\/index.php\/wp-json\/wp\/v2\/media?parent=13829"}],"wp:term":[{"taxonomy":"category","embeddable":true,"href":"https:\/\/dorogimedence.hu\/index.php\/wp-json\/wp\/v2\/categories?post=13829"},{"taxonomy":"post_tag","embeddable":true,"href":"https:\/\/dorogimedence.hu\/index.php\/wp-json\/wp\/v2\/tags?post=13829"}],"curies":[{"name":"wp","href":"https:\/\/api.w.org\/{rel}","templated":true}]}}