{"id":13812,"date":"2018-12-11T07:08:38","date_gmt":"2018-12-11T06:08:38","guid":{"rendered":"http:\/\/dorogimedence.hu\/?p=13812"},"modified":"2018-12-11T07:09:12","modified_gmt":"2018-12-11T06:09:12","slug":"tervezett-aramszunetek-decemberben","status":"publish","type":"post","link":"https:\/\/dorogimedence.hu\/index.php\/2018\/12\/11\/tervezett-aramszunetek-decemberben\/","title":{"rendered":"Tervezett \u00e1ramsz\u00fcnetek decemberben"},"content":{"rendered":"\n<p><strong>T\u00e9rs\u00e9g\u00fcnkben Dorogon, Esztergomban, T\u00e1ton \u00e9s Nyerges\u00fajfaluban sz\u00e1m\u00edthatunk tervezett \u00e1ramsz\u00fcnetekre 2018 december\u00e9ben.<\/strong><\/p>\n\n\n\n<p>Az E.ON Hung\u00e1ria folyamatos korszer\u0171s\u00edt\u00e9st hajt v\u00e9gre h\u00e1l\u00f3zat\u00e1n. A \ntervszer\u0171 beavatkoz\u00e1sok biztons\u00e1gos elv\u00e9gz\u00e9se \u00e9rdek\u00e9ben elengedhetetlen a\n vezet\u00e9k id\u0151szakos fesz\u00fclts\u00e9gmentes\u00edt\u00e9se.<\/p>\n\n\n\n<p><em>Az al\u00e1bbi id\u0151pontokban sz\u00e1m\u00edthatunk \u00e1ramsz\u00fcnetekre az adott telep\u00fcl\u00e9sek utc\u00e1iban:<\/em><\/p>\n\n\n\n<p><strong>December 14. p\u00e9ntek<\/strong><br><strong><em>Esztergom (08.30-14.30):<\/em><\/strong> Einczinger Ferenc k\u00f6z, Siszler \u00fat 2\/c-v\u00e9gig, Temet\u0151 utca.<br><\/p>\n\n\n\n<p><strong>December 17. h\u00e9tf\u0151<\/strong><br><strong><em>Dorog (09.00-16.00): <\/em><\/strong>Ady Endre utca 52-82, Brikettgy\u00e1r utca 4, B\u00e1nki Don\u00e1t utca, Csonka J\u00e1nos utca, De\u00e1k Ferenc utca, Dob\u00f3 Istv\u00e1n utca, Ganz \u00c1brah\u00e1m utca, G\u00e1thy Zolt\u00e1n utca, Ir\u00ednyi J\u00e1nos utca, Jedlik \u00c1nyos utca, K\u00e1lv\u00e1ria k\u00f6z, K\u00e1lv\u00e1ria utca, K\u00f6zt\u00e1rsas\u00e1g utca 116-126 (Coop \u00e1ruh\u00e1z is), Otthon t\u00e9r 1-3 \u00e9s 2-8., Pusk\u00e1s Tivadar utca, Schlattner Jen\u0151 utca, Wessel\u00e9nyi utca.<\/p>\n\n\n\n<p><strong>December 18. kedd<\/strong><br><strong><em>Nyerges\u00fajfalu (08.30-16.30): <\/em><\/strong>N\u00e9metv\u00f6lgy utca.<br><\/p>\n\n\n\n<p><strong>December 19. szerda<\/strong><br><em><strong>T\u00e1t (09.00-15.00):<\/strong><\/em> Berzsenyi D\u00e1niel utca 21-23 \u00e9s 22-28, Katona J\u00f3zsef utca 22-34 \u00e9s 19-29, K\u00f6lcsey utca 15, Miksz\u00e1th K\u00e1lm\u00e1n utca.<br><\/p>\n\n\n\n<p><strong>December 21. p\u00e9ntek<\/strong><br><strong><em>T\u00e1t (08.30-16.00):<\/em><\/strong> Balassa utca, Bem utca, B\u00e9ke t\u00e9r, Esze Tam\u00e1s utca, G\u00e1rdonyi G\u00e9za utca, Hat\u00e1r utca, Hunyadi utca (iskola \u00e9s \u00f3voda), Ifj\u00fas\u00e1g utca, J\u00f3kai M\u00f3r utca, J\u00f3zsef Attila utca, Liszt Ferenc utca, Munk\u00e1csi Mih\u00e1ly utca, M\u00f3ra Ferenc utca, Sz\u00e9p utca, Tompa Mih\u00e1ly utca, T\u00e1ncsics Mih\u00e1ly utca, T\u00f6r\u00f6kv\u00e9sz utca, Vak Botty\u00e1n utca, V\u00e1ci utca, Zr\u00ednyi utca.<\/p>\n\n\n\n<p><em>Forr\u00e1s: eon.hu<br><\/em><\/p>\n","protected":false},"excerpt":{"rendered":"<p>T\u00e9rs\u00e9g\u00fcnkben Dorogon, Esztergomban, T\u00e1ton \u00e9s Nyerges\u00fajfaluban sz\u00e1m\u00edthatunk tervezett \u00e1ramsz\u00fcnetekre 2018 december\u00e9ben. Az E.ON Hung\u00e1ria folyamatos korszer\u0171s\u00edt\u00e9st hajt v\u00e9gre h\u00e1l\u00f3zat\u00e1n. A tervszer\u0171 beavatkoz\u00e1sok biztons\u00e1gos elv\u00e9gz\u00e9se \u00e9rdek\u00e9ben elengedhetetlen a vezet\u00e9k id\u0151szakos fesz\u00fclts\u00e9gmentes\u00edt\u00e9se. Az al\u00e1bbi id\u0151pontokban sz\u00e1m\u00edthatunk \u00e1ramsz\u00fcnetekre az adott telep\u00fcl\u00e9sek utc\u00e1iban: December 14. p\u00e9ntekEsztergom (08.30-14.30): Einczinger Ferenc k\u00f6z, Siszler \u00fat 2\/c-v\u00e9gig, Temet\u0151 utca. December 17. h\u00e9tf\u0151Dorog (09.00-16.00):<\/p>\n","protected":false},"author":1,"featured_media":4668,"comment_status":"closed","ping_status":"closed","sticky":false,"template":"","format":"standard","meta":{"ngg_post_thumbnail":0,"footnotes":""},"categories":[2,38,3,1390,110],"tags":[336,15,665,42,140,111,1744],"class_list":{"0":"post-13812","1":"post","2":"type-post","3":"status-publish","4":"format-standard","5":"has-post-thumbnail","7":"category-dorog","8":"category-esztergom","9":"category-hirek","10":"category-nyergesujfalu","11":"category-tat","12":"tag-aramszunet","13":"tag-dorog","14":"tag-e-on","15":"tag-esztergom","16":"tag-nyergesujfalu","17":"tag-tat","18":"tag-tervezett-aramszunetek"},"yoast_head":"<!-- This site is optimized with the Yoast SEO plugin v27.5 - https:\/\/yoast.com\/product\/yoast-seo-wordpress\/ -->\n<title>Tervezett \u00e1ramsz\u00fcnetek decemberben<\/title>\n<meta name=\"robots\" content=\"index, follow, max-snippet:-1, max-image-preview:large, max-video-preview:-1\" \/>\n<link rel=\"canonical\" href=\"https:\/\/dorogimedence.hu\/index.php\/2018\/12\/11\/tervezett-aramszunetek-decemberben\/\" class=\"yoast-seo-meta-tag\" \/>\n<meta property=\"og:locale\" content=\"hu_HU\" class=\"yoast-seo-meta-tag\" \/>\n<meta property=\"og:type\" content=\"article\" class=\"yoast-seo-meta-tag\" \/>\n<meta property=\"og:title\" content=\"Tervezett \u00e1ramsz\u00fcnetek decemberben\" class=\"yoast-seo-meta-tag\" \/>\n<meta property=\"og:description\" content=\"T\u00e9rs\u00e9g\u00fcnkben Dorogon, Esztergomban, T\u00e1ton \u00e9s Nyerges\u00fajfaluban sz\u00e1m\u00edthatunk tervezett \u00e1ramsz\u00fcnetekre 2018 december\u00e9ben. Az E.ON Hung\u00e1ria folyamatos korszer\u0171s\u00edt\u00e9st hajt v\u00e9gre h\u00e1l\u00f3zat\u00e1n. A tervszer\u0171 beavatkoz\u00e1sok biztons\u00e1gos elv\u00e9gz\u00e9se \u00e9rdek\u00e9ben elengedhetetlen a vezet\u00e9k id\u0151szakos fesz\u00fclts\u00e9gmentes\u00edt\u00e9se. Az al\u00e1bbi id\u0151pontokban sz\u00e1m\u00edthatunk \u00e1ramsz\u00fcnetekre az adott telep\u00fcl\u00e9sek utc\u00e1iban: December 14. p\u00e9ntekEsztergom (08.30-14.30): Einczinger Ferenc k\u00f6z, Siszler \u00fat 2\/c-v\u00e9gig, Temet\u0151 utca. December 17. h\u00e9tf\u0151Dorog (09.00-16.00):\" class=\"yoast-seo-meta-tag\" \/>\n<meta property=\"og:url\" content=\"https:\/\/dorogimedence.hu\/index.php\/2018\/12\/11\/tervezett-aramszunetek-decemberben\/\" class=\"yoast-seo-meta-tag\" \/>\n<meta property=\"og:site_name\" content=\"Dorogi-medence Region\u00e1lis H\u00edrport\u00e1l\" class=\"yoast-seo-meta-tag\" \/>\n<meta property=\"article:publisher\" content=\"https:\/\/www.facebook.com\/dorogimedence\/\" class=\"yoast-seo-meta-tag\" \/>\n<meta property=\"article:published_time\" content=\"2018-12-11T06:08:38+00:00\" class=\"yoast-seo-meta-tag\" \/>\n<meta property=\"article:modified_time\" content=\"2018-12-11T06:09:12+00:00\" class=\"yoast-seo-meta-tag\" \/>\n<meta property=\"og:image\" content=\"https:\/\/i0.wp.com\/dorogimedence.hu\/wp-content\/uploads\/2017\/07\/aramszunet-01.jpg?fit=670%2C365&ssl=1\" class=\"yoast-seo-meta-tag\" \/>\n\t<meta property=\"og:image:width\" content=\"670\" class=\"yoast-seo-meta-tag\" \/>\n\t<meta property=\"og:image:height\" content=\"365\" class=\"yoast-seo-meta-tag\" \/>\n\t<meta property=\"og:image:type\" content=\"image\/jpeg\" class=\"yoast-seo-meta-tag\" \/>\n<meta name=\"author\" content=\"dorogimedence.hu\" class=\"yoast-seo-meta-tag\" \/>\n<meta name=\"twitter:card\" content=\"summary_large_image\" class=\"yoast-seo-meta-tag\" \/>\n<meta name=\"twitter:label1\" content=\"Szerz\u0151:\" class=\"yoast-seo-meta-tag\" \/>\n\t<meta name=\"twitter:data1\" content=\"dorogimedence.hu\" class=\"yoast-seo-meta-tag\" \/>\n\t<meta name=\"twitter:label2\" content=\"Becs\u00fclt olvas\u00e1si id\u0151\" class=\"yoast-seo-meta-tag\" \/>\n\t<meta name=\"twitter:data2\" content=\"1 perc\" class=\"yoast-seo-meta-tag\" \/>\n<script type=\"application\/ld+json\" class=\"yoast-schema-graph\">{\"@context\":\"https:\\\/\\\/schema.org\",\"@graph\":[{\"@type\":\"Article\",\"@id\":\"https:\\\/\\\/dorogimedence.hu\\\/index.php\\\/2018\\\/12\\\/11\\\/tervezett-aramszunetek-decemberben\\\/#article\",\"isPartOf\":{\"@id\":\"https:\\\/\\\/dorogimedence.hu\\\/index.php\\\/2018\\\/12\\\/11\\\/tervezett-aramszunetek-decemberben\\\/\"},\"author\":{\"name\":\"dorogimedence.hu\",\"@id\":\"https:\\\/\\\/dorogimedence.hu\\\/#\\\/schema\\\/person\\\/ce6091eeb7e95ecdc87890d6aa8e0fd4\"},\"headline\":\"Tervezett \u00e1ramsz\u00fcnetek decemberben\",\"datePublished\":\"2018-12-11T06:08:38+00:00\",\"dateModified\":\"2018-12-11T06:09:12+00:00\",\"mainEntityOfPage\":{\"@id\":\"https:\\\/\\\/dorogimedence.hu\\\/index.php\\\/2018\\\/12\\\/11\\\/tervezett-aramszunetek-decemberben\\\/\"},\"wordCount\":299,\"publisher\":{\"@id\":\"https:\\\/\\\/dorogimedence.hu\\\/#organization\"},\"image\":{\"@id\":\"https:\\\/\\\/dorogimedence.hu\\\/index.php\\\/2018\\\/12\\\/11\\\/tervezett-aramszunetek-decemberben\\\/#primaryimage\"},\"thumbnailUrl\":\"https:\\\/\\\/dorogimedence.hu\\\/wp-content\\\/uploads\\\/2017\\\/07\\\/aramszunet-01.jpg\",\"keywords\":[\"\u00e1ramsz\u00fcnet\",\"Dorog\",\"e.on\",\"esztergom\",\"Nyerges\u00fajfalu\",\"T\u00e1t\",\"tervezett \u00e1ramsz\u00fcnetek\"],\"articleSection\":[\"Dorog\",\"Esztergom\",\"H\u00edrek\",\"Nyerges\u00fajfalu\",\"T\u00e1t\"],\"inLanguage\":\"hu\"},{\"@type\":\"WebPage\",\"@id\":\"https:\\\/\\\/dorogimedence.hu\\\/index.php\\\/2018\\\/12\\\/11\\\/tervezett-aramszunetek-decemberben\\\/\",\"url\":\"https:\\\/\\\/dorogimedence.hu\\\/index.php\\\/2018\\\/12\\\/11\\\/tervezett-aramszunetek-decemberben\\\/\",\"name\":\"Tervezett \u00e1ramsz\u00fcnetek decemberben\",\"isPartOf\":{\"@id\":\"https:\\\/\\\/dorogimedence.hu\\\/#website\"},\"primaryImageOfPage\":{\"@id\":\"https:\\\/\\\/dorogimedence.hu\\\/index.php\\\/2018\\\/12\\\/11\\\/tervezett-aramszunetek-decemberben\\\/#primaryimage\"},\"image\":{\"@id\":\"https:\\\/\\\/dorogimedence.hu\\\/index.php\\\/2018\\\/12\\\/11\\\/tervezett-aramszunetek-decemberben\\\/#primaryimage\"},\"thumbnailUrl\":\"https:\\\/\\\/dorogimedence.hu\\\/wp-content\\\/uploads\\\/2017\\\/07\\\/aramszunet-01.jpg\",\"datePublished\":\"2018-12-11T06:08:38+00:00\",\"dateModified\":\"2018-12-11T06:09:12+00:00\",\"breadcrumb\":{\"@id\":\"https:\\\/\\\/dorogimedence.hu\\\/index.php\\\/2018\\\/12\\\/11\\\/tervezett-aramszunetek-decemberben\\\/#breadcrumb\"},\"inLanguage\":\"hu\",\"potentialAction\":[{\"@type\":\"ReadAction\",\"target\":[\"https:\\\/\\\/dorogimedence.hu\\\/index.php\\\/2018\\\/12\\\/11\\\/tervezett-aramszunetek-decemberben\\\/\"]}]},{\"@type\":\"ImageObject\",\"inLanguage\":\"hu\",\"@id\":\"https:\\\/\\\/dorogimedence.hu\\\/index.php\\\/2018\\\/12\\\/11\\\/tervezett-aramszunetek-decemberben\\\/#primaryimage\",\"url\":\"https:\\\/\\\/dorogimedence.hu\\\/wp-content\\\/uploads\\\/2017\\\/07\\\/aramszunet-01.jpg\",\"contentUrl\":\"https:\\\/\\\/dorogimedence.hu\\\/wp-content\\\/uploads\\\/2017\\\/07\\\/aramszunet-01.jpg\",\"width\":670,\"height\":365},{\"@type\":\"BreadcrumbList\",\"@id\":\"https:\\\/\\\/dorogimedence.hu\\\/index.php\\\/2018\\\/12\\\/11\\\/tervezett-aramszunetek-decemberben\\\/#breadcrumb\",\"itemListElement\":[{\"@type\":\"ListItem\",\"position\":1,\"name\":\"Kezd\u0151lap\",\"item\":\"https:\\\/\\\/dorogimedence.hu\\\/\"},{\"@type\":\"ListItem\",\"position\":2,\"name\":\"Tervezett \u00e1ramsz\u00fcnetek decemberben\"}]},{\"@type\":\"WebSite\",\"@id\":\"https:\\\/\\\/dorogimedence.hu\\\/#website\",\"url\":\"https:\\\/\\\/dorogimedence.hu\\\/\",\"name\":\"Dorogi-medence Region\u00e1lis H\u00edrport\u00e1l\",\"description\":\"Dorog, Keszt\u00f6lc, Le\u00e1nyv\u00e1r, Piliscs\u00e9v, Tokod, Tokodalt\u00e1r\u00f3, Csolnok, Esztergom-kertv\u00e1ros: h\u00edrek, programok\",\"publisher\":{\"@id\":\"https:\\\/\\\/dorogimedence.hu\\\/#organization\"},\"potentialAction\":[{\"@type\":\"SearchAction\",\"target\":{\"@type\":\"EntryPoint\",\"urlTemplate\":\"https:\\\/\\\/dorogimedence.hu\\\/?s={search_term_string}\"},\"query-input\":{\"@type\":\"PropertyValueSpecification\",\"valueRequired\":true,\"valueName\":\"search_term_string\"}}],\"inLanguage\":\"hu\"},{\"@type\":\"Organization\",\"@id\":\"https:\\\/\\\/dorogimedence.hu\\\/#organization\",\"name\":\"Dorogi-medence Region\u00e1lis H\u00edrport\u00e1l\",\"url\":\"https:\\\/\\\/dorogimedence.hu\\\/\",\"logo\":{\"@type\":\"ImageObject\",\"inLanguage\":\"hu\",\"@id\":\"https:\\\/\\\/dorogimedence.hu\\\/#\\\/schema\\\/logo\\\/image\\\/\",\"url\":\"https:\\\/\\\/dorogimedence.hu\\\/wp-content\\\/uploads\\\/2021\\\/04\\\/logo-feher-600.png\",\"contentUrl\":\"https:\\\/\\\/dorogimedence.hu\\\/wp-content\\\/uploads\\\/2021\\\/04\\\/logo-feher-600.png\",\"width\":600,\"height\":100,\"caption\":\"Dorogi-medence Region\u00e1lis H\u00edrport\u00e1l\"},\"image\":{\"@id\":\"https:\\\/\\\/dorogimedence.hu\\\/#\\\/schema\\\/logo\\\/image\\\/\"},\"sameAs\":[\"https:\\\/\\\/www.facebook.com\\\/dorogimedence\\\/\"]},{\"@type\":\"Person\",\"@id\":\"https:\\\/\\\/dorogimedence.hu\\\/#\\\/schema\\\/person\\\/ce6091eeb7e95ecdc87890d6aa8e0fd4\",\"name\":\"dorogimedence.hu\",\"image\":{\"@type\":\"ImageObject\",\"inLanguage\":\"hu\",\"@id\":\"\\\/\\\/www.gravatar.com\\\/avatar\\\/d8d45f8901aadff40a4af72c0b826f1d?s=96&#038;r=g&#038;d=mm\",\"url\":\"\\\/\\\/www.gravatar.com\\\/avatar\\\/d8d45f8901aadff40a4af72c0b826f1d?s=96&#038;r=g&#038;d=mm\",\"contentUrl\":\"\\\/\\\/www.gravatar.com\\\/avatar\\\/d8d45f8901aadff40a4af72c0b826f1d?s=96&#038;r=g&#038;d=mm\",\"caption\":\"dorogimedence.hu\"}}]}<\/script>\n<!-- \/ Yoast SEO plugin. -->","yoast_head_json":{"title":"Tervezett \u00e1ramsz\u00fcnetek decemberben","robots":{"index":"index","follow":"follow","max-snippet":"max-snippet:-1","max-image-preview":"max-image-preview:large","max-video-preview":"max-video-preview:-1"},"canonical":"https:\/\/dorogimedence.hu\/index.php\/2018\/12\/11\/tervezett-aramszunetek-decemberben\/","og_locale":"hu_HU","og_type":"article","og_title":"Tervezett \u00e1ramsz\u00fcnetek decemberben","og_description":"T\u00e9rs\u00e9g\u00fcnkben Dorogon, Esztergomban, T\u00e1ton \u00e9s Nyerges\u00fajfaluban sz\u00e1m\u00edthatunk tervezett \u00e1ramsz\u00fcnetekre 2018 december\u00e9ben. Az E.ON Hung\u00e1ria folyamatos korszer\u0171s\u00edt\u00e9st hajt v\u00e9gre h\u00e1l\u00f3zat\u00e1n. A tervszer\u0171 beavatkoz\u00e1sok biztons\u00e1gos elv\u00e9gz\u00e9se \u00e9rdek\u00e9ben elengedhetetlen a vezet\u00e9k id\u0151szakos fesz\u00fclts\u00e9gmentes\u00edt\u00e9se. Az al\u00e1bbi id\u0151pontokban sz\u00e1m\u00edthatunk \u00e1ramsz\u00fcnetekre az adott telep\u00fcl\u00e9sek utc\u00e1iban: December 14. p\u00e9ntekEsztergom (08.30-14.30): Einczinger Ferenc k\u00f6z, Siszler \u00fat 2\/c-v\u00e9gig, Temet\u0151 utca. December 17. h\u00e9tf\u0151Dorog (09.00-16.00):","og_url":"https:\/\/dorogimedence.hu\/index.php\/2018\/12\/11\/tervezett-aramszunetek-decemberben\/","og_site_name":"Dorogi-medence Region\u00e1lis H\u00edrport\u00e1l","article_publisher":"https:\/\/www.facebook.com\/dorogimedence\/","article_published_time":"2018-12-11T06:08:38+00:00","article_modified_time":"2018-12-11T06:09:12+00:00","og_image":[{"width":670,"height":365,"url":"https:\/\/i0.wp.com\/dorogimedence.hu\/wp-content\/uploads\/2017\/07\/aramszunet-01.jpg?fit=670%2C365&ssl=1","type":"image\/jpeg"}],"author":"dorogimedence.hu","twitter_card":"summary_large_image","twitter_misc":{"Szerz\u0151:":"dorogimedence.hu","Becs\u00fclt olvas\u00e1si id\u0151":"1 perc"},"schema":{"@context":"https:\/\/schema.org","@graph":[{"@type":"Article","@id":"https:\/\/dorogimedence.hu\/index.php\/2018\/12\/11\/tervezett-aramszunetek-decemberben\/#article","isPartOf":{"@id":"https:\/\/dorogimedence.hu\/index.php\/2018\/12\/11\/tervezett-aramszunetek-decemberben\/"},"author":{"name":"dorogimedence.hu","@id":"https:\/\/dorogimedence.hu\/#\/schema\/person\/ce6091eeb7e95ecdc87890d6aa8e0fd4"},"headline":"Tervezett \u00e1ramsz\u00fcnetek decemberben","datePublished":"2018-12-11T06:08:38+00:00","dateModified":"2018-12-11T06:09:12+00:00","mainEntityOfPage":{"@id":"https:\/\/dorogimedence.hu\/index.php\/2018\/12\/11\/tervezett-aramszunetek-decemberben\/"},"wordCount":299,"publisher":{"@id":"https:\/\/dorogimedence.hu\/#organization"},"image":{"@id":"https:\/\/dorogimedence.hu\/index.php\/2018\/12\/11\/tervezett-aramszunetek-decemberben\/#primaryimage"},"thumbnailUrl":"https:\/\/dorogimedence.hu\/wp-content\/uploads\/2017\/07\/aramszunet-01.jpg","keywords":["\u00e1ramsz\u00fcnet","Dorog","e.on","esztergom","Nyerges\u00fajfalu","T\u00e1t","tervezett \u00e1ramsz\u00fcnetek"],"articleSection":["Dorog","Esztergom","H\u00edrek","Nyerges\u00fajfalu","T\u00e1t"],"inLanguage":"hu"},{"@type":"WebPage","@id":"https:\/\/dorogimedence.hu\/index.php\/2018\/12\/11\/tervezett-aramszunetek-decemberben\/","url":"https:\/\/dorogimedence.hu\/index.php\/2018\/12\/11\/tervezett-aramszunetek-decemberben\/","name":"Tervezett \u00e1ramsz\u00fcnetek decemberben","isPartOf":{"@id":"https:\/\/dorogimedence.hu\/#website"},"primaryImageOfPage":{"@id":"https:\/\/dorogimedence.hu\/index.php\/2018\/12\/11\/tervezett-aramszunetek-decemberben\/#primaryimage"},"image":{"@id":"https:\/\/dorogimedence.hu\/index.php\/2018\/12\/11\/tervezett-aramszunetek-decemberben\/#primaryimage"},"thumbnailUrl":"https:\/\/dorogimedence.hu\/wp-content\/uploads\/2017\/07\/aramszunet-01.jpg","datePublished":"2018-12-11T06:08:38+00:00","dateModified":"2018-12-11T06:09:12+00:00","breadcrumb":{"@id":"https:\/\/dorogimedence.hu\/index.php\/2018\/12\/11\/tervezett-aramszunetek-decemberben\/#breadcrumb"},"inLanguage":"hu","potentialAction":[{"@type":"ReadAction","target":["https:\/\/dorogimedence.hu\/index.php\/2018\/12\/11\/tervezett-aramszunetek-decemberben\/"]}]},{"@type":"ImageObject","inLanguage":"hu","@id":"https:\/\/dorogimedence.hu\/index.php\/2018\/12\/11\/tervezett-aramszunetek-decemberben\/#primaryimage","url":"https:\/\/dorogimedence.hu\/wp-content\/uploads\/2017\/07\/aramszunet-01.jpg","contentUrl":"https:\/\/dorogimedence.hu\/wp-content\/uploads\/2017\/07\/aramszunet-01.jpg","width":670,"height":365},{"@type":"BreadcrumbList","@id":"https:\/\/dorogimedence.hu\/index.php\/2018\/12\/11\/tervezett-aramszunetek-decemberben\/#breadcrumb","itemListElement":[{"@type":"ListItem","position":1,"name":"Kezd\u0151lap","item":"https:\/\/dorogimedence.hu\/"},{"@type":"ListItem","position":2,"name":"Tervezett \u00e1ramsz\u00fcnetek decemberben"}]},{"@type":"WebSite","@id":"https:\/\/dorogimedence.hu\/#website","url":"https:\/\/dorogimedence.hu\/","name":"Dorogi-medence Region\u00e1lis H\u00edrport\u00e1l","description":"Dorog, Keszt\u00f6lc, Le\u00e1nyv\u00e1r, Piliscs\u00e9v, Tokod, Tokodalt\u00e1r\u00f3, Csolnok, Esztergom-kertv\u00e1ros: h\u00edrek, programok","publisher":{"@id":"https:\/\/dorogimedence.hu\/#organization"},"potentialAction":[{"@type":"SearchAction","target":{"@type":"EntryPoint","urlTemplate":"https:\/\/dorogimedence.hu\/?s={search_term_string}"},"query-input":{"@type":"PropertyValueSpecification","valueRequired":true,"valueName":"search_term_string"}}],"inLanguage":"hu"},{"@type":"Organization","@id":"https:\/\/dorogimedence.hu\/#organization","name":"Dorogi-medence Region\u00e1lis H\u00edrport\u00e1l","url":"https:\/\/dorogimedence.hu\/","logo":{"@type":"ImageObject","inLanguage":"hu","@id":"https:\/\/dorogimedence.hu\/#\/schema\/logo\/image\/","url":"https:\/\/dorogimedence.hu\/wp-content\/uploads\/2021\/04\/logo-feher-600.png","contentUrl":"https:\/\/dorogimedence.hu\/wp-content\/uploads\/2021\/04\/logo-feher-600.png","width":600,"height":100,"caption":"Dorogi-medence Region\u00e1lis H\u00edrport\u00e1l"},"image":{"@id":"https:\/\/dorogimedence.hu\/#\/schema\/logo\/image\/"},"sameAs":["https:\/\/www.facebook.com\/dorogimedence\/"]},{"@type":"Person","@id":"https:\/\/dorogimedence.hu\/#\/schema\/person\/ce6091eeb7e95ecdc87890d6aa8e0fd4","name":"dorogimedence.hu","image":{"@type":"ImageObject","inLanguage":"hu","@id":"\/\/www.gravatar.com\/avatar\/d8d45f8901aadff40a4af72c0b826f1d?s=96&#038;r=g&#038;d=mm","url":"\/\/www.gravatar.com\/avatar\/d8d45f8901aadff40a4af72c0b826f1d?s=96&#038;r=g&#038;d=mm","contentUrl":"\/\/www.gravatar.com\/avatar\/d8d45f8901aadff40a4af72c0b826f1d?s=96&#038;r=g&#038;d=mm","caption":"dorogimedence.hu"}}]}},"_links":{"self":[{"href":"https:\/\/dorogimedence.hu\/index.php\/wp-json\/wp\/v2\/posts\/13812","targetHints":{"allow":["GET"]}}],"collection":[{"href":"https:\/\/dorogimedence.hu\/index.php\/wp-json\/wp\/v2\/posts"}],"about":[{"href":"https:\/\/dorogimedence.hu\/index.php\/wp-json\/wp\/v2\/types\/post"}],"author":[{"embeddable":true,"href":"https:\/\/dorogimedence.hu\/index.php\/wp-json\/wp\/v2\/users\/1"}],"replies":[{"embeddable":true,"href":"https:\/\/dorogimedence.hu\/index.php\/wp-json\/wp\/v2\/comments?post=13812"}],"version-history":[{"count":0,"href":"https:\/\/dorogimedence.hu\/index.php\/wp-json\/wp\/v2\/posts\/13812\/revisions"}],"wp:featuredmedia":[{"embeddable":true,"href":"https:\/\/dorogimedence.hu\/index.php\/wp-json\/wp\/v2\/media\/4668"}],"wp:attachment":[{"href":"https:\/\/dorogimedence.hu\/index.php\/wp-json\/wp\/v2\/media?parent=13812"}],"wp:term":[{"taxonomy":"category","embeddable":true,"href":"https:\/\/dorogimedence.hu\/index.php\/wp-json\/wp\/v2\/categories?post=13812"},{"taxonomy":"post_tag","embeddable":true,"href":"https:\/\/dorogimedence.hu\/index.php\/wp-json\/wp\/v2\/tags?post=13812"}],"curies":[{"name":"wp","href":"https:\/\/api.w.org\/{rel}","templated":true}]}}