{"id":13755,"date":"2018-12-07T16:02:54","date_gmt":"2018-12-07T15:02:54","guid":{"rendered":"http:\/\/dorogimedence.hu\/?p=13755"},"modified":"2018-12-12T08:22:25","modified_gmt":"2018-12-12T07:22:25","slug":"tamogatast-kapnak-megyenk-tuzolto-es-mentoszervezetei","status":"publish","type":"post","link":"https:\/\/dorogimedence.hu\/index.php\/2018\/12\/07\/tamogatast-kapnak-megyenk-tuzolto-es-mentoszervezetei\/","title":{"rendered":"T\u00e1mogat\u00e1st kapnak megy\u00e9nk t\u0171zolt\u00f3- \u00e9s ment\u0151szervezetei"},"content":{"rendered":"\n<p><strong>A BM Orsz\u00e1gos Katasztr\u00f3fav\u00e9delmi F\u0151igazgat\u00f3s\u00e1g \u00e9s a Magyar T\u0171zolt\u00f3 Sz\u00f6vets\u00e9g \u00e1ltal k\u00f6z\u00f6sen ki\u00edrt 2018. \u00e9vi p\u00e1ly\u00e1zat\u00e1n Kom\u00e1rom-Esztergom megy\u00e9ben az \u00f6nk\u00e9ntest\u0171zolt\u00f3 egyes\u00fcletek \u00e9s ment\u0151szervezetek k\u00f6zel 27 milli\u00f3 forintnyi t\u00e1mogat\u00e1st nyertek.<\/strong><\/p>\n\n\n\n<p>A k\u00f6zponti k\u00f6lts\u00e9gvet\u00e9sben 2018-ban h\u00e9tsz\u00e1zmilli\u00f3 forint \u00e1llt rendelkez\u00e9sre orsz\u00e1gos szinten az \u00f6nk\u00e9ntes t\u0171zolt\u00f3 egyes\u00fcletek \u00e9s az \u00f6nk\u00e9ntes ment\u0151szervezetek t\u00e1mogat\u00e1s\u00e1ra. Az \u00f6nk\u00e9ntes t\u0171zolt\u00f3 egyes\u00fcletek (\u00d6TE) 2018. \u00e9vi t\u00e1mogat\u00e1s\u00e1ra ki\u00edrt p\u00e1ly\u00e1zatra \u00f6sszesen 576 p\u00e1ly\u00e1zati dokument\u00e1ci\u00f3 \u00e9rkezett a BM Orsz\u00e1gos Katasztr\u00f3fav\u00e9delmi F\u0151igazgat\u00f3s\u00e1gra, ahol a p\u00e1ly\u00e1zatok elb\u00edr\u00e1l\u00e1s\u00e1t, a d\u00f6nt\u00e9s el\u0151k\u00e9sz\u00edt\u00e9s\u00e9t a B\u00edr\u00e1l\u00f3 Bizotts\u00e1g a fel\u00e1ll\u00edtott \u00e9s elfogadott priorit\u00e1sok, illetve szempontrendszerek figyelembev\u00e9tel\u00e9vel hajtotta v\u00e9gre.<\/p>\n\n\n\n<p>Az \u00e1llam p\u00e1ly\u00e1zatok \u00fatj\u00e1n ny\u00fajt t\u00e1mogat\u00e1st, amely \u00e9vr\u0151l \u00e9vre kifejezi az \u00f6nk\u00e9ntesek munk\u00e1j\u00e1nak elismer\u00e9s\u00e9t a term\u00e9szeti csap\u00e1sok, t\u0171zesetek \u00e9s kutat\u00f3-ment\u0151 tev\u00e9kenys\u00e9g egyre magasabb szint\u0171 elv\u00e9gz\u00e9s\u00e9hez. Ez a t\u00e1mogat\u00e1s a technikai eszk\u00f6z\u00f6k biztos\u00edt\u00e1sa mellett a feladat elv\u00e9gz\u00e9s\u00e9hez kell\u0151 szaktud\u00e1smegszerz\u00e9s\u00e9t \u00e9s a m\u0171k\u00f6d\u00e9si k\u00f6lts\u00e9gek finansz\u00edroz\u00e1s\u00e1t is lehet\u0151v\u00e9 teszi.<\/p>\n\n\n\n<p>Kom\u00e1rom-Esztergom megy\u00e9ben 35 \u00f6nk\u00e9ntes t\u0171zolt\u00f3 egyes\u00fclet, \u00e9s 3 ment\u0151szervezet jelentkezett a p\u00e1ly\u00e1zatra.A t\u00e1mogat\u00e1sb\u00f3l t\u0171zolt\u00f3 szakfelszerel\u00e9seket, (sug\u00e1rcs\u00f6vek, l\u00e9tr\u00e1k) t\u0171zolt\u00f3technikai eszk\u00f6z\u00f6ket, (l\u00e1ncf\u0171r\u00e9sz, g\u00e1zkoncentr\u00e1ci\u00f3 m\u00e9r\u0151, szivatty\u00fak) valamint szert\u00e1r fel\u00faj\u00edt\u00e1st oktat\u00e1st, m\u0171k\u00f6d\u00e9si k\u00f6lts\u00e9g t\u00e1mogat\u00e1st finansz\u00edroznak. A p\u00e1ly\u00e1zati forr\u00e1sb\u00f3l beszerzett eszk\u00f6zeiket december 11-\u00e9nveszik \u00e1t a szervezetek.<\/p>\n\n\n\n<p><em>Kom\u00e1rom-Esztergom Megyei Katasztr\u00f3fav\u00e9delmi Igazgat\u00f3s\u00e1g Sajt\u00f3<br><\/em><\/p>\n","protected":false},"excerpt":{"rendered":"<p>A BM Orsz\u00e1gos Katasztr\u00f3fav\u00e9delmi F\u0151igazgat\u00f3s\u00e1g \u00e9s a Magyar T\u0171zolt\u00f3 Sz\u00f6vets\u00e9g \u00e1ltal k\u00f6z\u00f6sen ki\u00edrt 2018. \u00e9vi p\u00e1ly\u00e1zat\u00e1n Kom\u00e1rom-Esztergom megy\u00e9ben az \u00f6nk\u00e9ntest\u0171zolt\u00f3 egyes\u00fcletek \u00e9s ment\u0151szervezetek k\u00f6zel 27 milli\u00f3 forintnyi t\u00e1mogat\u00e1st nyertek. A k\u00f6zponti k\u00f6lts\u00e9gvet\u00e9sben 2018-ban h\u00e9tsz\u00e1zmilli\u00f3 forint \u00e1llt rendelkez\u00e9sre orsz\u00e1gos szinten az \u00f6nk\u00e9ntes t\u0171zolt\u00f3 egyes\u00fcletek \u00e9s az \u00f6nk\u00e9ntes ment\u0151szervezetek t\u00e1mogat\u00e1s\u00e1ra. Az \u00f6nk\u00e9ntes t\u0171zolt\u00f3 egyes\u00fcletek (\u00d6TE) 2018. \u00e9vi<\/p>\n","protected":false},"author":1,"featured_media":4084,"comment_status":"closed","ping_status":"closed","sticky":false,"template":"","format":"standard","meta":{"ngg_post_thumbnail":0,"footnotes":""},"categories":[3,56],"tags":[175,59,612,2646,1030,503,65],"class_list":{"0":"post-13755","1":"post","2":"type-post","3":"status-publish","4":"format-standard","5":"has-post-thumbnail","7":"category-hirek","8":"category-komarom-esztergom","9":"tag-katasztrofavedelem","10":"tag-komarom-esztergom","11":"tag-mentok","12":"tag-mentoszervezet","13":"tag-onkentes-tuzoltok","14":"tag-tamogatas","15":"tag-tuzoltosag"},"yoast_head":"<!-- This site is optimized with the Yoast SEO plugin v27.4 - https:\/\/yoast.com\/product\/yoast-seo-wordpress\/ -->\n<title>T\u00e1mogat\u00e1st kapnak megy\u00e9nk t\u0171zolt\u00f3- \u00e9s ment\u0151szervezetei<\/title>\n<meta name=\"robots\" content=\"index, follow, max-snippet:-1, max-image-preview:large, max-video-preview:-1\" \/>\n<link rel=\"canonical\" href=\"https:\/\/dorogimedence.hu\/index.php\/2018\/12\/07\/tamogatast-kapnak-megyenk-tuzolto-es-mentoszervezetei\/\" class=\"yoast-seo-meta-tag\" \/>\n<meta property=\"og:locale\" content=\"hu_HU\" class=\"yoast-seo-meta-tag\" \/>\n<meta property=\"og:type\" content=\"article\" class=\"yoast-seo-meta-tag\" \/>\n<meta property=\"og:title\" content=\"T\u00e1mogat\u00e1st kapnak megy\u00e9nk t\u0171zolt\u00f3- \u00e9s ment\u0151szervezetei\" class=\"yoast-seo-meta-tag\" \/>\n<meta property=\"og:description\" content=\"A BM Orsz\u00e1gos Katasztr\u00f3fav\u00e9delmi F\u0151igazgat\u00f3s\u00e1g \u00e9s a Magyar T\u0171zolt\u00f3 Sz\u00f6vets\u00e9g \u00e1ltal k\u00f6z\u00f6sen ki\u00edrt 2018. \u00e9vi p\u00e1ly\u00e1zat\u00e1n Kom\u00e1rom-Esztergom megy\u00e9ben az \u00f6nk\u00e9ntest\u0171zolt\u00f3 egyes\u00fcletek \u00e9s ment\u0151szervezetek k\u00f6zel 27 milli\u00f3 forintnyi t\u00e1mogat\u00e1st nyertek. A k\u00f6zponti k\u00f6lts\u00e9gvet\u00e9sben 2018-ban h\u00e9tsz\u00e1zmilli\u00f3 forint \u00e1llt rendelkez\u00e9sre orsz\u00e1gos szinten az \u00f6nk\u00e9ntes t\u0171zolt\u00f3 egyes\u00fcletek \u00e9s az \u00f6nk\u00e9ntes ment\u0151szervezetek t\u00e1mogat\u00e1s\u00e1ra. Az \u00f6nk\u00e9ntes t\u0171zolt\u00f3 egyes\u00fcletek (\u00d6TE) 2018. \u00e9vi\" class=\"yoast-seo-meta-tag\" \/>\n<meta property=\"og:url\" content=\"https:\/\/dorogimedence.hu\/index.php\/2018\/12\/07\/tamogatast-kapnak-megyenk-tuzolto-es-mentoszervezetei\/\" class=\"yoast-seo-meta-tag\" \/>\n<meta property=\"og:site_name\" content=\"Dorogi-medence Region\u00e1lis H\u00edrport\u00e1l\" class=\"yoast-seo-meta-tag\" \/>\n<meta property=\"article:publisher\" content=\"https:\/\/www.facebook.com\/dorogimedence\/\" class=\"yoast-seo-meta-tag\" \/>\n<meta property=\"article:published_time\" content=\"2018-12-07T15:02:54+00:00\" class=\"yoast-seo-meta-tag\" \/>\n<meta property=\"article:modified_time\" content=\"2018-12-12T07:22:25+00:00\" class=\"yoast-seo-meta-tag\" \/>\n<meta property=\"og:image\" content=\"https:\/\/i0.wp.com\/dorogimedence.hu\/wp-content\/uploads\/2017\/06\/tuzoltosag.jpg?fit=670%2C365&ssl=1\" class=\"yoast-seo-meta-tag\" \/>\n\t<meta property=\"og:image:width\" content=\"670\" class=\"yoast-seo-meta-tag\" \/>\n\t<meta property=\"og:image:height\" content=\"365\" class=\"yoast-seo-meta-tag\" \/>\n\t<meta property=\"og:image:type\" content=\"image\/jpeg\" class=\"yoast-seo-meta-tag\" \/>\n<meta name=\"author\" content=\"dorogimedence.hu\" class=\"yoast-seo-meta-tag\" \/>\n<meta name=\"twitter:card\" content=\"summary_large_image\" class=\"yoast-seo-meta-tag\" \/>\n<meta name=\"twitter:label1\" content=\"Szerz\u0151:\" class=\"yoast-seo-meta-tag\" \/>\n\t<meta name=\"twitter:data1\" content=\"dorogimedence.hu\" class=\"yoast-seo-meta-tag\" \/>\n\t<meta name=\"twitter:label2\" content=\"Becs\u00fclt olvas\u00e1si id\u0151\" class=\"yoast-seo-meta-tag\" \/>\n\t<meta name=\"twitter:data2\" content=\"2 perc\" class=\"yoast-seo-meta-tag\" \/>\n<script type=\"application\/ld+json\" class=\"yoast-schema-graph\">{\"@context\":\"https:\\\/\\\/schema.org\",\"@graph\":[{\"@type\":\"Article\",\"@id\":\"https:\\\/\\\/dorogimedence.hu\\\/index.php\\\/2018\\\/12\\\/07\\\/tamogatast-kapnak-megyenk-tuzolto-es-mentoszervezetei\\\/#article\",\"isPartOf\":{\"@id\":\"https:\\\/\\\/dorogimedence.hu\\\/index.php\\\/2018\\\/12\\\/07\\\/tamogatast-kapnak-megyenk-tuzolto-es-mentoszervezetei\\\/\"},\"author\":{\"name\":\"dorogimedence.hu\",\"@id\":\"https:\\\/\\\/dorogimedence.hu\\\/#\\\/schema\\\/person\\\/ce6091eeb7e95ecdc87890d6aa8e0fd4\"},\"headline\":\"T\u00e1mogat\u00e1st kapnak megy\u00e9nk t\u0171zolt\u00f3- \u00e9s ment\u0151szervezetei\",\"datePublished\":\"2018-12-07T15:02:54+00:00\",\"dateModified\":\"2018-12-12T07:22:25+00:00\",\"mainEntityOfPage\":{\"@id\":\"https:\\\/\\\/dorogimedence.hu\\\/index.php\\\/2018\\\/12\\\/07\\\/tamogatast-kapnak-megyenk-tuzolto-es-mentoszervezetei\\\/\"},\"wordCount\":361,\"publisher\":{\"@id\":\"https:\\\/\\\/dorogimedence.hu\\\/#organization\"},\"image\":{\"@id\":\"https:\\\/\\\/dorogimedence.hu\\\/index.php\\\/2018\\\/12\\\/07\\\/tamogatast-kapnak-megyenk-tuzolto-es-mentoszervezetei\\\/#primaryimage\"},\"thumbnailUrl\":\"https:\\\/\\\/dorogimedence.hu\\\/wp-content\\\/uploads\\\/2017\\\/06\\\/tuzoltosag.jpg\",\"keywords\":[\"katasztr\u00f3fav\u00e9delem\",\"Kom\u00e1rom-Esztergom\",\"ment\u0151k\",\"ment\u0151szervezet\",\"\u00f6nk\u00e9ntes t\u0171zolt\u00f3k\",\"t\u00e1mogat\u00e1s\",\"t\u0171zolt\u00f3s\u00e1g\"],\"articleSection\":[\"H\u00edrek\",\"Kom\u00e1rom-Esztergom\"],\"inLanguage\":\"hu\"},{\"@type\":\"WebPage\",\"@id\":\"https:\\\/\\\/dorogimedence.hu\\\/index.php\\\/2018\\\/12\\\/07\\\/tamogatast-kapnak-megyenk-tuzolto-es-mentoszervezetei\\\/\",\"url\":\"https:\\\/\\\/dorogimedence.hu\\\/index.php\\\/2018\\\/12\\\/07\\\/tamogatast-kapnak-megyenk-tuzolto-es-mentoszervezetei\\\/\",\"name\":\"T\u00e1mogat\u00e1st kapnak megy\u00e9nk t\u0171zolt\u00f3- \u00e9s ment\u0151szervezetei\",\"isPartOf\":{\"@id\":\"https:\\\/\\\/dorogimedence.hu\\\/#website\"},\"primaryImageOfPage\":{\"@id\":\"https:\\\/\\\/dorogimedence.hu\\\/index.php\\\/2018\\\/12\\\/07\\\/tamogatast-kapnak-megyenk-tuzolto-es-mentoszervezetei\\\/#primaryimage\"},\"image\":{\"@id\":\"https:\\\/\\\/dorogimedence.hu\\\/index.php\\\/2018\\\/12\\\/07\\\/tamogatast-kapnak-megyenk-tuzolto-es-mentoszervezetei\\\/#primaryimage\"},\"thumbnailUrl\":\"https:\\\/\\\/dorogimedence.hu\\\/wp-content\\\/uploads\\\/2017\\\/06\\\/tuzoltosag.jpg\",\"datePublished\":\"2018-12-07T15:02:54+00:00\",\"dateModified\":\"2018-12-12T07:22:25+00:00\",\"breadcrumb\":{\"@id\":\"https:\\\/\\\/dorogimedence.hu\\\/index.php\\\/2018\\\/12\\\/07\\\/tamogatast-kapnak-megyenk-tuzolto-es-mentoszervezetei\\\/#breadcrumb\"},\"inLanguage\":\"hu\",\"potentialAction\":[{\"@type\":\"ReadAction\",\"target\":[\"https:\\\/\\\/dorogimedence.hu\\\/index.php\\\/2018\\\/12\\\/07\\\/tamogatast-kapnak-megyenk-tuzolto-es-mentoszervezetei\\\/\"]}]},{\"@type\":\"ImageObject\",\"inLanguage\":\"hu\",\"@id\":\"https:\\\/\\\/dorogimedence.hu\\\/index.php\\\/2018\\\/12\\\/07\\\/tamogatast-kapnak-megyenk-tuzolto-es-mentoszervezetei\\\/#primaryimage\",\"url\":\"https:\\\/\\\/dorogimedence.hu\\\/wp-content\\\/uploads\\\/2017\\\/06\\\/tuzoltosag.jpg\",\"contentUrl\":\"https:\\\/\\\/dorogimedence.hu\\\/wp-content\\\/uploads\\\/2017\\\/06\\\/tuzoltosag.jpg\",\"width\":670,\"height\":365},{\"@type\":\"BreadcrumbList\",\"@id\":\"https:\\\/\\\/dorogimedence.hu\\\/index.php\\\/2018\\\/12\\\/07\\\/tamogatast-kapnak-megyenk-tuzolto-es-mentoszervezetei\\\/#breadcrumb\",\"itemListElement\":[{\"@type\":\"ListItem\",\"position\":1,\"name\":\"Kezd\u0151lap\",\"item\":\"https:\\\/\\\/dorogimedence.hu\\\/\"},{\"@type\":\"ListItem\",\"position\":2,\"name\":\"T\u00e1mogat\u00e1st kapnak megy\u00e9nk t\u0171zolt\u00f3- \u00e9s ment\u0151szervezetei\"}]},{\"@type\":\"WebSite\",\"@id\":\"https:\\\/\\\/dorogimedence.hu\\\/#website\",\"url\":\"https:\\\/\\\/dorogimedence.hu\\\/\",\"name\":\"Dorogi-medence Region\u00e1lis H\u00edrport\u00e1l\",\"description\":\"Dorog, Keszt\u00f6lc, Le\u00e1nyv\u00e1r, Piliscs\u00e9v, Tokod, Tokodalt\u00e1r\u00f3, Csolnok, Esztergom-kertv\u00e1ros: h\u00edrek, programok\",\"publisher\":{\"@id\":\"https:\\\/\\\/dorogimedence.hu\\\/#organization\"},\"potentialAction\":[{\"@type\":\"SearchAction\",\"target\":{\"@type\":\"EntryPoint\",\"urlTemplate\":\"https:\\\/\\\/dorogimedence.hu\\\/?s={search_term_string}\"},\"query-input\":{\"@type\":\"PropertyValueSpecification\",\"valueRequired\":true,\"valueName\":\"search_term_string\"}}],\"inLanguage\":\"hu\"},{\"@type\":\"Organization\",\"@id\":\"https:\\\/\\\/dorogimedence.hu\\\/#organization\",\"name\":\"Dorogi-medence Region\u00e1lis H\u00edrport\u00e1l\",\"url\":\"https:\\\/\\\/dorogimedence.hu\\\/\",\"logo\":{\"@type\":\"ImageObject\",\"inLanguage\":\"hu\",\"@id\":\"https:\\\/\\\/dorogimedence.hu\\\/#\\\/schema\\\/logo\\\/image\\\/\",\"url\":\"https:\\\/\\\/dorogimedence.hu\\\/wp-content\\\/uploads\\\/2021\\\/04\\\/logo-feher-600.png\",\"contentUrl\":\"https:\\\/\\\/dorogimedence.hu\\\/wp-content\\\/uploads\\\/2021\\\/04\\\/logo-feher-600.png\",\"width\":600,\"height\":100,\"caption\":\"Dorogi-medence Region\u00e1lis H\u00edrport\u00e1l\"},\"image\":{\"@id\":\"https:\\\/\\\/dorogimedence.hu\\\/#\\\/schema\\\/logo\\\/image\\\/\"},\"sameAs\":[\"https:\\\/\\\/www.facebook.com\\\/dorogimedence\\\/\"]},{\"@type\":\"Person\",\"@id\":\"https:\\\/\\\/dorogimedence.hu\\\/#\\\/schema\\\/person\\\/ce6091eeb7e95ecdc87890d6aa8e0fd4\",\"name\":\"dorogimedence.hu\",\"image\":{\"@type\":\"ImageObject\",\"inLanguage\":\"hu\",\"@id\":\"\\\/\\\/www.gravatar.com\\\/avatar\\\/d8d45f8901aadff40a4af72c0b826f1d?s=96&#038;r=g&#038;d=mm\",\"url\":\"\\\/\\\/www.gravatar.com\\\/avatar\\\/d8d45f8901aadff40a4af72c0b826f1d?s=96&#038;r=g&#038;d=mm\",\"contentUrl\":\"\\\/\\\/www.gravatar.com\\\/avatar\\\/d8d45f8901aadff40a4af72c0b826f1d?s=96&#038;r=g&#038;d=mm\",\"caption\":\"dorogimedence.hu\"}}]}<\/script>\n<!-- \/ Yoast SEO plugin. -->","yoast_head_json":{"title":"T\u00e1mogat\u00e1st kapnak megy\u00e9nk t\u0171zolt\u00f3- \u00e9s ment\u0151szervezetei","robots":{"index":"index","follow":"follow","max-snippet":"max-snippet:-1","max-image-preview":"max-image-preview:large","max-video-preview":"max-video-preview:-1"},"canonical":"https:\/\/dorogimedence.hu\/index.php\/2018\/12\/07\/tamogatast-kapnak-megyenk-tuzolto-es-mentoszervezetei\/","og_locale":"hu_HU","og_type":"article","og_title":"T\u00e1mogat\u00e1st kapnak megy\u00e9nk t\u0171zolt\u00f3- \u00e9s ment\u0151szervezetei","og_description":"A BM Orsz\u00e1gos Katasztr\u00f3fav\u00e9delmi F\u0151igazgat\u00f3s\u00e1g \u00e9s a Magyar T\u0171zolt\u00f3 Sz\u00f6vets\u00e9g \u00e1ltal k\u00f6z\u00f6sen ki\u00edrt 2018. \u00e9vi p\u00e1ly\u00e1zat\u00e1n Kom\u00e1rom-Esztergom megy\u00e9ben az \u00f6nk\u00e9ntest\u0171zolt\u00f3 egyes\u00fcletek \u00e9s ment\u0151szervezetek k\u00f6zel 27 milli\u00f3 forintnyi t\u00e1mogat\u00e1st nyertek. A k\u00f6zponti k\u00f6lts\u00e9gvet\u00e9sben 2018-ban h\u00e9tsz\u00e1zmilli\u00f3 forint \u00e1llt rendelkez\u00e9sre orsz\u00e1gos szinten az \u00f6nk\u00e9ntes t\u0171zolt\u00f3 egyes\u00fcletek \u00e9s az \u00f6nk\u00e9ntes ment\u0151szervezetek t\u00e1mogat\u00e1s\u00e1ra. Az \u00f6nk\u00e9ntes t\u0171zolt\u00f3 egyes\u00fcletek (\u00d6TE) 2018. \u00e9vi","og_url":"https:\/\/dorogimedence.hu\/index.php\/2018\/12\/07\/tamogatast-kapnak-megyenk-tuzolto-es-mentoszervezetei\/","og_site_name":"Dorogi-medence Region\u00e1lis H\u00edrport\u00e1l","article_publisher":"https:\/\/www.facebook.com\/dorogimedence\/","article_published_time":"2018-12-07T15:02:54+00:00","article_modified_time":"2018-12-12T07:22:25+00:00","og_image":[{"width":670,"height":365,"url":"https:\/\/i0.wp.com\/dorogimedence.hu\/wp-content\/uploads\/2017\/06\/tuzoltosag.jpg?fit=670%2C365&ssl=1","type":"image\/jpeg"}],"author":"dorogimedence.hu","twitter_card":"summary_large_image","twitter_misc":{"Szerz\u0151:":"dorogimedence.hu","Becs\u00fclt olvas\u00e1si id\u0151":"2 perc"},"schema":{"@context":"https:\/\/schema.org","@graph":[{"@type":"Article","@id":"https:\/\/dorogimedence.hu\/index.php\/2018\/12\/07\/tamogatast-kapnak-megyenk-tuzolto-es-mentoszervezetei\/#article","isPartOf":{"@id":"https:\/\/dorogimedence.hu\/index.php\/2018\/12\/07\/tamogatast-kapnak-megyenk-tuzolto-es-mentoszervezetei\/"},"author":{"name":"dorogimedence.hu","@id":"https:\/\/dorogimedence.hu\/#\/schema\/person\/ce6091eeb7e95ecdc87890d6aa8e0fd4"},"headline":"T\u00e1mogat\u00e1st kapnak megy\u00e9nk t\u0171zolt\u00f3- \u00e9s ment\u0151szervezetei","datePublished":"2018-12-07T15:02:54+00:00","dateModified":"2018-12-12T07:22:25+00:00","mainEntityOfPage":{"@id":"https:\/\/dorogimedence.hu\/index.php\/2018\/12\/07\/tamogatast-kapnak-megyenk-tuzolto-es-mentoszervezetei\/"},"wordCount":361,"publisher":{"@id":"https:\/\/dorogimedence.hu\/#organization"},"image":{"@id":"https:\/\/dorogimedence.hu\/index.php\/2018\/12\/07\/tamogatast-kapnak-megyenk-tuzolto-es-mentoszervezetei\/#primaryimage"},"thumbnailUrl":"https:\/\/dorogimedence.hu\/wp-content\/uploads\/2017\/06\/tuzoltosag.jpg","keywords":["katasztr\u00f3fav\u00e9delem","Kom\u00e1rom-Esztergom","ment\u0151k","ment\u0151szervezet","\u00f6nk\u00e9ntes t\u0171zolt\u00f3k","t\u00e1mogat\u00e1s","t\u0171zolt\u00f3s\u00e1g"],"articleSection":["H\u00edrek","Kom\u00e1rom-Esztergom"],"inLanguage":"hu"},{"@type":"WebPage","@id":"https:\/\/dorogimedence.hu\/index.php\/2018\/12\/07\/tamogatast-kapnak-megyenk-tuzolto-es-mentoszervezetei\/","url":"https:\/\/dorogimedence.hu\/index.php\/2018\/12\/07\/tamogatast-kapnak-megyenk-tuzolto-es-mentoszervezetei\/","name":"T\u00e1mogat\u00e1st kapnak megy\u00e9nk t\u0171zolt\u00f3- \u00e9s ment\u0151szervezetei","isPartOf":{"@id":"https:\/\/dorogimedence.hu\/#website"},"primaryImageOfPage":{"@id":"https:\/\/dorogimedence.hu\/index.php\/2018\/12\/07\/tamogatast-kapnak-megyenk-tuzolto-es-mentoszervezetei\/#primaryimage"},"image":{"@id":"https:\/\/dorogimedence.hu\/index.php\/2018\/12\/07\/tamogatast-kapnak-megyenk-tuzolto-es-mentoszervezetei\/#primaryimage"},"thumbnailUrl":"https:\/\/dorogimedence.hu\/wp-content\/uploads\/2017\/06\/tuzoltosag.jpg","datePublished":"2018-12-07T15:02:54+00:00","dateModified":"2018-12-12T07:22:25+00:00","breadcrumb":{"@id":"https:\/\/dorogimedence.hu\/index.php\/2018\/12\/07\/tamogatast-kapnak-megyenk-tuzolto-es-mentoszervezetei\/#breadcrumb"},"inLanguage":"hu","potentialAction":[{"@type":"ReadAction","target":["https:\/\/dorogimedence.hu\/index.php\/2018\/12\/07\/tamogatast-kapnak-megyenk-tuzolto-es-mentoszervezetei\/"]}]},{"@type":"ImageObject","inLanguage":"hu","@id":"https:\/\/dorogimedence.hu\/index.php\/2018\/12\/07\/tamogatast-kapnak-megyenk-tuzolto-es-mentoszervezetei\/#primaryimage","url":"https:\/\/dorogimedence.hu\/wp-content\/uploads\/2017\/06\/tuzoltosag.jpg","contentUrl":"https:\/\/dorogimedence.hu\/wp-content\/uploads\/2017\/06\/tuzoltosag.jpg","width":670,"height":365},{"@type":"BreadcrumbList","@id":"https:\/\/dorogimedence.hu\/index.php\/2018\/12\/07\/tamogatast-kapnak-megyenk-tuzolto-es-mentoszervezetei\/#breadcrumb","itemListElement":[{"@type":"ListItem","position":1,"name":"Kezd\u0151lap","item":"https:\/\/dorogimedence.hu\/"},{"@type":"ListItem","position":2,"name":"T\u00e1mogat\u00e1st kapnak megy\u00e9nk t\u0171zolt\u00f3- \u00e9s ment\u0151szervezetei"}]},{"@type":"WebSite","@id":"https:\/\/dorogimedence.hu\/#website","url":"https:\/\/dorogimedence.hu\/","name":"Dorogi-medence Region\u00e1lis H\u00edrport\u00e1l","description":"Dorog, Keszt\u00f6lc, Le\u00e1nyv\u00e1r, Piliscs\u00e9v, Tokod, Tokodalt\u00e1r\u00f3, Csolnok, Esztergom-kertv\u00e1ros: h\u00edrek, programok","publisher":{"@id":"https:\/\/dorogimedence.hu\/#organization"},"potentialAction":[{"@type":"SearchAction","target":{"@type":"EntryPoint","urlTemplate":"https:\/\/dorogimedence.hu\/?s={search_term_string}"},"query-input":{"@type":"PropertyValueSpecification","valueRequired":true,"valueName":"search_term_string"}}],"inLanguage":"hu"},{"@type":"Organization","@id":"https:\/\/dorogimedence.hu\/#organization","name":"Dorogi-medence Region\u00e1lis H\u00edrport\u00e1l","url":"https:\/\/dorogimedence.hu\/","logo":{"@type":"ImageObject","inLanguage":"hu","@id":"https:\/\/dorogimedence.hu\/#\/schema\/logo\/image\/","url":"https:\/\/dorogimedence.hu\/wp-content\/uploads\/2021\/04\/logo-feher-600.png","contentUrl":"https:\/\/dorogimedence.hu\/wp-content\/uploads\/2021\/04\/logo-feher-600.png","width":600,"height":100,"caption":"Dorogi-medence Region\u00e1lis H\u00edrport\u00e1l"},"image":{"@id":"https:\/\/dorogimedence.hu\/#\/schema\/logo\/image\/"},"sameAs":["https:\/\/www.facebook.com\/dorogimedence\/"]},{"@type":"Person","@id":"https:\/\/dorogimedence.hu\/#\/schema\/person\/ce6091eeb7e95ecdc87890d6aa8e0fd4","name":"dorogimedence.hu","image":{"@type":"ImageObject","inLanguage":"hu","@id":"\/\/www.gravatar.com\/avatar\/d8d45f8901aadff40a4af72c0b826f1d?s=96&#038;r=g&#038;d=mm","url":"\/\/www.gravatar.com\/avatar\/d8d45f8901aadff40a4af72c0b826f1d?s=96&#038;r=g&#038;d=mm","contentUrl":"\/\/www.gravatar.com\/avatar\/d8d45f8901aadff40a4af72c0b826f1d?s=96&#038;r=g&#038;d=mm","caption":"dorogimedence.hu"}}]}},"_links":{"self":[{"href":"https:\/\/dorogimedence.hu\/index.php\/wp-json\/wp\/v2\/posts\/13755","targetHints":{"allow":["GET"]}}],"collection":[{"href":"https:\/\/dorogimedence.hu\/index.php\/wp-json\/wp\/v2\/posts"}],"about":[{"href":"https:\/\/dorogimedence.hu\/index.php\/wp-json\/wp\/v2\/types\/post"}],"author":[{"embeddable":true,"href":"https:\/\/dorogimedence.hu\/index.php\/wp-json\/wp\/v2\/users\/1"}],"replies":[{"embeddable":true,"href":"https:\/\/dorogimedence.hu\/index.php\/wp-json\/wp\/v2\/comments?post=13755"}],"version-history":[{"count":0,"href":"https:\/\/dorogimedence.hu\/index.php\/wp-json\/wp\/v2\/posts\/13755\/revisions"}],"wp:featuredmedia":[{"embeddable":true,"href":"https:\/\/dorogimedence.hu\/index.php\/wp-json\/wp\/v2\/media\/4084"}],"wp:attachment":[{"href":"https:\/\/dorogimedence.hu\/index.php\/wp-json\/wp\/v2\/media?parent=13755"}],"wp:term":[{"taxonomy":"category","embeddable":true,"href":"https:\/\/dorogimedence.hu\/index.php\/wp-json\/wp\/v2\/categories?post=13755"},{"taxonomy":"post_tag","embeddable":true,"href":"https:\/\/dorogimedence.hu\/index.php\/wp-json\/wp\/v2\/tags?post=13755"}],"curies":[{"name":"wp","href":"https:\/\/api.w.org\/{rel}","templated":true}]}}