{"id":13626,"date":"2018-12-03T07:10:59","date_gmt":"2018-12-03T06:10:59","guid":{"rendered":"http:\/\/dorogimedence.hu\/?p=13626"},"modified":"2018-12-03T07:10:59","modified_gmt":"2018-12-03T06:10:59","slug":"a-december-9-i-menetrendvaltassal-modosul-a-mav-start-uzletszabalyzata","status":"publish","type":"post","link":"https:\/\/dorogimedence.hu\/index.php\/2018\/12\/03\/a-december-9-i-menetrendvaltassal-modosul-a-mav-start-uzletszabalyzata\/","title":{"rendered":"A december 9-i menetrendv\u00e1lt\u00e1ssal m\u00f3dosul a M\u00c1V-START \u00fczletszab\u00e1lyzata"},"content":{"rendered":"<p><strong>A decemberi menetrendv\u00e1lt\u00e1skor megv\u00e1ltozik a M\u00c1V-START \u00fczletszab\u00e1lyzat\u00e1nak t\u00f6bb pontja, a legfontosabb m\u00f3dos\u00edt\u00e1s a menetjegyek \u00e9rv\u00e9nytartam\u00e1ra vonatkozik. A mavcsoport.hu-n k\u00f6zz\u00e9tett m\u00f3dos\u00edt\u00e1si tervezetet b\u00e1rki v\u00e9lem\u00e9nyezhette, a javaslatok t\u00f6bbs\u00e9g\u00e9t a vas\u00fatt\u00e1rsas\u00e1g be\u00e9p\u00edtette a v\u00e9gleges sz\u00f6vegbe.<\/strong><\/p>\n<p>A szab\u00e1lyzat egyes rendelkez\u00e9seinek megv\u00e1ltoztat\u00e1sa els\u0151sorban a <strong>menetjegyek \u00e9rv\u00e9nytartam\u00e1nak v\u00e1ltoz\u00e1sa<\/strong>, a jegy\u00e9rt\u00e9kes\u00edt\u00e9si csatorn\u00e1k fejleszt\u00e9sei, <strong>a v\u00e1s\u00e1rl\u00e1si funkci\u00f3val b\u0151v\u00edtett Vonatinf\u00f3<\/strong>, valamint a jegyvizsg\u00e1l\u00f3k testkamer\u00e1val t\u00f6rt\u00e9n\u0151 ell\u00e1t\u00e1sa miatt v\u00e1lt indokoltt\u00e1. A vas\u00fatt\u00e1rsas\u00e1g a fentieken t\u00fal pontos\u00edtotta t\u00f6bbek k\u00f6z\u00f6tt <strong>az utaz\u00e1sr\u00f3l val\u00f3 lemond\u00e1ssal<\/strong>, illetve a ker\u00e9kp\u00e1r, a k\u00e9zipoggy\u00e1sz \u00e9s az \u00e9l\u0151\u00e1llat sz\u00e1ll\u00edt\u00e1s\u00e1val kapcsolatos fejezeteket is. Az \u00fczletszab\u00e1lyzat <strong>2018. december 9-\u00e9n<\/strong>, a szok\u00e1sos menetrendv\u00e1lt\u00e1skor l\u00e9p \u00e9letbe.<\/p>\n<p>A decemberi v\u00e1ltoz\u00e1sok k\u00f6z\u00fcl a legfontosabb, hogy <strong>a 100 kilom\u00e9ter alatti utaz\u00e1sra sz\u00f3l\u00f3 jegyek \u00e9rv\u00e9nytartama 4 \u00f3r\u00e1ra m\u00f3dosult<\/strong>. A m\u00f3dos\u00edt\u00e1st az tette sz\u00fcks\u00e9gess\u00e9, hogy 100 kilom\u00e9tern\u00e9l r\u00f6videbb t\u00e1vols\u00e1gra, egy \u00fatra sz\u00f3l\u00f3, nem kezelt jegyek <strong>visszat\u00e9r\u00edt\u00e9s\u00e9nek lehet\u0151s\u00e9g\u00e9vel val\u00f3 vissza\u00e9l\u00e9sek<\/strong> \u2013 k\u00fcl\u00f6n\u00f6sen <strong>a budapesti el\u0151v\u00e1rosban<\/strong>, a Budapest\u2013Sz\u00e9kesfeh\u00e9rv\u00e1r vonalon ny\u00e1ron, illetve a Budapest\u2013V\u00e1c\u2013Szob vonalon eg\u00e9sz \u00e9vben \u2013 <strong>egyre aggaszt\u00f3bb m\u00e9reteket \u00f6ltenek<\/strong>. Az el\u0151v\u00e1rosban fokozottan jelentkez\u0151 utassz\u00e1m-n\u00f6veked\u00e9s \u2013 \u00e9s \u00edgy a jegyvizsg\u00e1l\u00f3k munkaterheinek n\u00f6veked\u00e9se \u2013 miatt a munkat\u00e1rsak minden igyekezet\u00fck ellen\u00e9re <strong>sem tudnak mindig minden jegyet kezelni<\/strong>, \u00e9s az ut\u00f3bbi id\u0151ben egyre t\u00f6bb utas fedezte fel <strong>a nem kezelt jegyek visszat\u00e9r\u00edt\u00e9s\u00e9nek \u201elehet\u0151s\u00e9g\u00e9t\u201d<\/strong>.<\/p>\n<p>A megv\u00e1ltott menetjegyekkel t\u00f6rt\u00e9n\u0151 vissza\u00e9l\u00e9sek cs\u00f6kkent\u00e9s\u00e9nek k\u00e9rd\u00e9se m\u00e1s eur\u00f3pai vas\u00fatt\u00e1rsas\u00e1gokn\u00e1l is probl\u00e9ma, a megold\u00e1st a legt\u00f6bben a menetjegyek \u00e9rv\u00e9nytartam\u00e1nak korl\u00e1toz\u00e1s\u00e1ban l\u00e1tj\u00e1k; Olaszorsz\u00e1gban p\u00e9ld\u00e1ul 4, illetve 6 \u00f3ra a belf\u00f6ldi menetjegy felhaszn\u00e1lhat\u00f3s\u00e1ga.<\/p>\n<p>A vas\u00fatt\u00e1rsas\u00e1g el\u0151zetes felm\u00e9r\u00e9se szerint a m\u00f3dos\u00edt\u00e1s a tipikus utaz\u00e1sok eset\u00e9ben nem okoz k\u00fcl\u00f6n\u00f6sebb k\u00e9nyelmetlens\u00e9get az utasoknak: <strong>p\u00e9ld\u00e1ul a reggel 7 \u00f3rakor v\u00e1s\u00e1rolt, 100 kilom\u00e9teres t\u00e1vols\u00e1gn\u00e1l r\u00f6videbb \u00fatra \u00e9rv\u00e9nyes menetjegy 11 \u00f3r\u00e1ig felhaszn\u00e1lhat\u00f3<\/strong>, viszont m\u00e9g a jegyvizsg\u00e1l\u00f3 sz\u00e1nd\u00e9kos elker\u00fcl\u00e9se sem teszi lehet\u0151v\u00e9, hogy a d\u00e9lut\u00e1n \u2013 munk\u00e1b\u00f3l, iskol\u00e1b\u00f3l \u2013 a kiindul\u00e1si \u00e1llom\u00e1sra visszat\u00e9r\u0151 utas visszat\u00e9r\u00edttesse menetjegy\u00e9t. A M\u00c1V-START tapasztalatai szerint <strong>a v\u00e1s\u00e1rl\u00e1sok t\u00falnyom\u00f3 t\u00f6bbs\u00e9g\u00e9t<\/strong> \u2013 k\u00fcl\u00f6n\u00f6sen a 100 kilom\u00e9ter alatti t\u00e1vokon \u2013 <strong>azonnali utaz\u00e1s k\u00f6veti<\/strong> \u00e9s az el\u0151v\u00e9telben v\u00e1s\u00e1rl\u00f3 <strong>utasok t\u00f6bbs\u00e9g\u00e9nek sem okoz gondot az utaz\u00e1si id\u0151szak pontosabb megjel\u00f6l\u00e9se<\/strong>, ez\u00e9rt a vas\u00fatt\u00e1rsas\u00e1g b\u00edzik benne, hogy <strong>az el\u0151v\u00e9tel \u00faj felt\u00e9tele<\/strong> \u2013 <strong>az utasnak ismernie kell az utaz\u00e1s id\u0151pontj\u00e1t vagy az ig\u00e9nybe venni k\u00edv\u00e1nt vonatot<\/strong>, hogy menetjegye az utaz\u00e1sa teljes tartama alatt \u00e9rv\u00e9nyes legyen \u2013 nem fog komolyabb fennakad\u00e1st okozni a jegyv\u00e1s\u00e1rl\u00e1sn\u00e1l.<\/p>\n<p>Tov\u00e1bbi fontos v\u00e1ltoz\u00e1s, hogy <strong>az \u00e9rv\u00e9nytartam kezdete ut\u00e1n csak a kiindul\u00e1si \u00e1llom\u00e1son lehet k\u00e9rni a jegy \u00e1r\u00e1nak visszat\u00e9r\u00edt\u00e9s\u00e9t (kiv\u00e9ve, ha az utaz\u00e1s forgalmi akad\u00e1ly miatt hi\u00fasul meg)<\/strong>. A december 8-ig el\u0151v\u00e9telben megv\u00e1ltott jegyek a r\u00e9gi szab\u00e1lyok szerinti (hosszabb) \u00e9rv\u00e9nytartammal haszn\u00e1lhat\u00f3k fel, de <strong>visszav\u00e1lt\u00e1sukn\u00e1l december 9-i orsz\u00e1gos menetrendv\u00e1lt\u00e1st\u00f3l m\u00e1r az \u00faj szab\u00e1lyok lesznek az \u00e9rv\u00e9nyesek<\/strong>.<\/p>\n<p>A szem\u00e9lysz\u00e1ll\u00edt\u00e1si \u00fczletszab\u00e1lyzat \u00e9rtelm\u00e9ben a M\u00c1V-START <strong>utasbar\u00e1t m\u00f3don, rugalmasan fogja kezelni a 100 kilom\u00e9ter alatti, 4 \u00f3r\u00e1sn\u00e1l hosszabbra ny\u00fal\u00f3<\/strong> \u2013 els\u0151sorban region\u00e1lis vas\u00fatvonalakat \u00e9rint\u0151 \u2013 <strong>utaz\u00e1sok \u00fcgy\u00e9t<\/strong>: a m\u00e1r megkezdett vonat\u00fat a c\u00e9l\u00e1llom\u00e1sra k\u00f6zvetlen\u00fcl k\u00f6zleked\u0151 j\u00e1raton az \u00e9rv\u00e9nytartam lej\u00e1rt\u00e1t k\u00f6vet\u0151en is befejezhet\u0151 lesz, teh\u00e1t az \u00e1tsz\u00e1ll\u00e1st is mag\u00e1ban foglal\u00f3 utaz\u00e1sn\u00e1l <strong>elegend\u0151 lesz az \u00e9rv\u00e9nytartam 3. \u00f3r\u00e1j\u00e1nak 59. perc\u00e9ben megkezdeni az utaz\u00e1st az utols\u00f3 (m\u00e1r a c\u00e9l\u00e1llom\u00e1sra tart\u00f3) vonattal<\/strong>.<\/p>\n<p><u>D\u00edjszab\u00e1si v\u00e1ltoz\u00e1sok:<\/u><\/p>\n<p>A d\u00edjszab\u00e1s is m\u00f3dosul december 9-t\u0151l; <strong>fontos v\u00e1ltoz\u00e1s a<\/strong> <strong>csere lehet\u0151s\u00e9ge<\/strong>, amely abban az esetben k\u00f6nny\u00edti meg az adminisztr\u00e1ci\u00f3t, ha az utas nem tudja jegy\u00e9t az eredetileg tervezett id\u0151pontban felhaszn\u00e1lni. <strong>Ha az utas azt szeretn\u00e9, hogy \u2013 a d\u00edjszab\u00e1sban megengedett m\u00f3don \u2013 a vas\u00fatt\u00e1rsas\u00e1g visszat\u00e9r\u00edtse a jegye \u00e1r\u00e1t, de egy\u00fattal \u00faj menetjegy v\u00e1s\u00e1rl\u00e1s\u00e1t is kezdem\u00e9nyezi, akkor a visszat\u00e9r\u00edt\u00e9st \u00e9s az \u00faj v\u00e1s\u00e1rl\u00e1st egy cser\u00e9nek kell tekinteni <\/strong>abban az esetben, ha az eredeti \u00e9s a csere sor\u00e1n kiadott \u00faj menetjegy \u00e9rt\u00e9ke azonos, vagy az \u00faj menetjegy \u00e9rt\u00e9ke magasabb \u00e9s az utas a k\u00e9t menetjegy \u00e1r\u00e1nak k\u00fcl\u00f6nb\u00f6zet\u00e9t megfizeti. Ha az \u00faj menetjegy \u00e9rt\u00e9ke nem \u00e9ri el az eredeti menetjegy \u00e9rt\u00e9k\u00e9t, akkor az eredeti jegy \u00e1r\u00e1t vissza kell t\u00e9r\u00edteni \u00e9s \u00faj menetjegyet kell kiadni. <strong>Csere eset\u00e9n nem sz\u00e1m\u00edtanak fel kezel\u00e9si k\u00f6lts\u00e9get<\/strong>. Csere csak p\u00e9nzt\u00e1rban \u00e9s csak abban az esetben lehets\u00e9ges, ha a menetjegy visszat\u00e9r\u00edt\u00e9s\u00e9t a d\u00edjszab\u00e1s vagy a kedvezm\u00e9nyre vonatkoz\u00f3 szab\u00e1lyoz\u00e1s nem z\u00e1rja ki. A legfeljebb 100 kilom\u00e9ter t\u00e1vols\u00e1gra kiadott menetjegy az \u00e9rv\u00e9nyess\u00e9gi idej\u00e9n bel\u00fcl, a rajta felt\u00fcntetett kiindul\u00e1si \u00e1llom\u00e1son cser\u00e9lhet\u0151. A 100 kilom\u00e9tern\u00e9l hosszabb t\u00e1vols\u00e1gra kiadott menetjegyek eset\u00e9ben a cser\u00e9t a menetjegy \u00e9rv\u00e9nytartam\u00e1nak legfeljebb els\u0151 napj\u00e1ig lehet kezdem\u00e9nyezni.<\/p>\n<p><strong>Az \u00faj jegy\u00e9rt\u00e9kes\u00edt\u0151 automat\u00e1kban, interneten, illetve Vonatinf\u00f3b\u00f3l t\u00f6rt\u00e9n\u0151 v\u00e1s\u00e1rl\u00e1s eset\u00e9n nem kell k\u00fcl\u00f6n be\u00e1ll\u00edtani az \u00e9rv\u00e9nyess\u00e9g kezdet\u00e9t, <\/strong>mert a jegy \u00e9rv\u00e9nyess\u00e9ge automatikusan att\u00f3l az id\u0151pontt\u00f3l kezd\u0151dik, amikor az utaz\u00e1sra kiv\u00e1lasztott vonat a be\u00e1ll\u00edtott indul\u00e1si \u00e1llom\u00e1sr\u00f3l elindul. Az <strong>e-vonatjegy visszav\u00e1lt\u00e1sa kiz\u00e1r\u00f3lag az internetes jegy\u00e9rt\u00e9kes\u00edt\u00e9si fel\u00fcleten, illetve a Vonatinf\u00f3 alkalmaz\u00e1sban, online v\u00e1lthat\u00f3 vissza<\/strong>, <strong>az \u00e9rv\u00e9nyess\u00e9g megkezd\u00e9se el\u0151tt legk\u00e9s\u0151bb 1 \u00f3r\u00e1val<\/strong>. Az automat\u00e1s \u00e1tv\u00e9tellel v\u00e1s\u00e1rolt menetjegy az \u00e9rv\u00e9nyess\u00e9g v\u00e9g\u00e9ig visszav\u00e1lthat\u00f3: kinyomtat\u00e1s el\u0151tt online, kinyomtat\u00e1s ut\u00e1n a p\u00e9nzt\u00e1rban v\u00e1s\u00e1rolt jegyekkel egyez\u0151 m\u00f3don \u00e9s felt\u00e9telekkel. Az online visszav\u00e1lt\u00e1sn\u00e1l a M\u00c1V-START a p\u00e9nzt\u00e1rihoz k\u00e9pest kedvez\u0151bb m\u00e9rt\u00e9k\u0171 kezel\u00e9si k\u00f6lts\u00e9get sz\u00e1m\u00edt fel.<\/p>\n<p>A m\u00f3dos\u00edt\u00e1s tervezet\u00e9t a M\u00c1V-START k\u00f6zz\u00e9tette a honlapj\u00e1n, a sz\u00f6veget 15 napon bel\u00fcl b\u00e1rki \u00e9szrev\u00e9telezhette. A vas\u00fatv\u00e1llalat a jogszab\u00e1lyoknak, el\u0151\u00edr\u00e1soknak megfelel\u0151en minden javaslatot megvizsg\u00e1lt, \u00e9s az elfogadhat\u00f3 m\u00f3dos\u00edt\u00e1sokat beszerkesztette az \u00fczletszab\u00e1lyzatba, melyet ezt k\u00f6vet\u0151en j\u00f3v\u00e1hagy\u00e1sra beny\u00fajtott az Innov\u00e1ci\u00f3s \u00e9s Technol\u00f3giai Miniszt\u00e9rium vas\u00fati igazgat\u00e1si szerv\u00e9nek. A k\u00e9relemhez csatolta az \u00fczletszab\u00e1lyzatra \u00e9rkezett, el nem fogadott \u00e9szrev\u00e9teleket, valamint azok elutas\u00edt\u00e1s\u00e1nak indokl\u00e1s\u00e1t is.<\/p>\n<p>Az \u00fczletszab\u00e1lyzat v\u00e1ltoz\u00e1sair\u00f3l <strong>k\u00e9szs\u00e9ggel adnak b\u0151vebb t\u00e1j\u00e9koztat\u00e1st a p\u00e9nzt\u00e1rosok \u00e9s a jegyvizsg\u00e1l\u00f3k<\/strong>, de az utasok k\u00e9rhetnek inform\u00e1ci\u00f3t a <strong>M\u00c1VDIREKT telefonos \u00fcgyf\u00e9lszolg\u00e1lat<\/strong> +36 (1) 3 49 49 49-es telefonsz\u00e1m\u00e1n is, illetve Telekom-h\u00e1l\u00f3zatb\u00f3l h\u00edvhatj\u00e1k a +36 (30) 499 4999-es, Telenor-h\u00e1l\u00f3zatb\u00f3l a +36 (20) 499 4999-es, Vodafone-h\u00e1l\u00f3zatb\u00f3l pedig a +36 (70) 499 4999-es sz\u00e1mot.<\/p>\n<p><em><strong>M\u00c1V Zrt. Kommunik\u00e1ci\u00f3s Igazgat\u00f3s\u00e1g<\/strong><\/em><\/p>\n","protected":false},"excerpt":{"rendered":"<p>A decemberi menetrendv\u00e1lt\u00e1skor megv\u00e1ltozik a M\u00c1V-START \u00fczletszab\u00e1lyzat\u00e1nak t\u00f6bb pontja, a legfontosabb m\u00f3dos\u00edt\u00e1s a menetjegyek \u00e9rv\u00e9nytartam\u00e1ra vonatkozik. A mavcsoport.hu-n k\u00f6zz\u00e9tett m\u00f3dos\u00edt\u00e1si tervezetet b\u00e1rki v\u00e9lem\u00e9nyezhette, a javaslatok t\u00f6bbs\u00e9g\u00e9t a vas\u00fatt\u00e1rsas\u00e1g be\u00e9p\u00edtette a v\u00e9gleges sz\u00f6vegbe. A szab\u00e1lyzat egyes rendelkez\u00e9seinek megv\u00e1ltoztat\u00e1sa els\u0151sorban a menetjegyek \u00e9rv\u00e9nytartam\u00e1nak v\u00e1ltoz\u00e1sa, a jegy\u00e9rt\u00e9kes\u00edt\u00e9si csatorn\u00e1k fejleszt\u00e9sei, a v\u00e1s\u00e1rl\u00e1si funkci\u00f3val b\u0151v\u00edtett Vonatinf\u00f3, valamint a jegyvizsg\u00e1l\u00f3k testkamer\u00e1val<\/p>\n","protected":false},"author":1,"featured_media":9399,"comment_status":"closed","ping_status":"closed","sticky":false,"template":"","format":"standard","meta":{"ngg_post_thumbnail":0,"footnotes":""},"categories":[3],"tags":[279,292,293,1088,3275,381,291],"class_list":{"0":"post-13626","1":"post","2":"type-post","3":"status-publish","4":"format-standard","5":"has-post-thumbnail","7":"category-hirek","8":"tag-kozlekedes","9":"tag-mav","10":"tag-menetrend","11":"tag-tomegkozlekedes","12":"tag-uzletszabalyzat","13":"tag-vasut","14":"tag-vonat"},"yoast_head":"<!-- This site is optimized with the Yoast SEO plugin v27.5 - https:\/\/yoast.com\/product\/yoast-seo-wordpress\/ -->\n<title>A december 9-i menetrendv\u00e1lt\u00e1ssal m\u00f3dosul a M\u00c1V-START \u00fczletszab\u00e1lyzata<\/title>\n<meta name=\"robots\" content=\"index, follow, max-snippet:-1, max-image-preview:large, max-video-preview:-1\" \/>\n<link rel=\"canonical\" href=\"https:\/\/dorogimedence.hu\/index.php\/2018\/12\/03\/a-december-9-i-menetrendvaltassal-modosul-a-mav-start-uzletszabalyzata\/\" class=\"yoast-seo-meta-tag\" \/>\n<meta property=\"og:locale\" content=\"hu_HU\" class=\"yoast-seo-meta-tag\" \/>\n<meta property=\"og:type\" content=\"article\" class=\"yoast-seo-meta-tag\" \/>\n<meta property=\"og:title\" content=\"A december 9-i menetrendv\u00e1lt\u00e1ssal m\u00f3dosul a M\u00c1V-START \u00fczletszab\u00e1lyzata\" class=\"yoast-seo-meta-tag\" \/>\n<meta property=\"og:description\" content=\"A decemberi menetrendv\u00e1lt\u00e1skor megv\u00e1ltozik a M\u00c1V-START \u00fczletszab\u00e1lyzat\u00e1nak t\u00f6bb pontja, a legfontosabb m\u00f3dos\u00edt\u00e1s a menetjegyek \u00e9rv\u00e9nytartam\u00e1ra vonatkozik. A mavcsoport.hu-n k\u00f6zz\u00e9tett m\u00f3dos\u00edt\u00e1si tervezetet b\u00e1rki v\u00e9lem\u00e9nyezhette, a javaslatok t\u00f6bbs\u00e9g\u00e9t a vas\u00fatt\u00e1rsas\u00e1g be\u00e9p\u00edtette a v\u00e9gleges sz\u00f6vegbe. A szab\u00e1lyzat egyes rendelkez\u00e9seinek megv\u00e1ltoztat\u00e1sa els\u0151sorban a menetjegyek \u00e9rv\u00e9nytartam\u00e1nak v\u00e1ltoz\u00e1sa, a jegy\u00e9rt\u00e9kes\u00edt\u00e9si csatorn\u00e1k fejleszt\u00e9sei, a v\u00e1s\u00e1rl\u00e1si funkci\u00f3val b\u0151v\u00edtett Vonatinf\u00f3, valamint a jegyvizsg\u00e1l\u00f3k testkamer\u00e1val\" class=\"yoast-seo-meta-tag\" \/>\n<meta property=\"og:url\" content=\"https:\/\/dorogimedence.hu\/index.php\/2018\/12\/03\/a-december-9-i-menetrendvaltassal-modosul-a-mav-start-uzletszabalyzata\/\" class=\"yoast-seo-meta-tag\" \/>\n<meta property=\"og:site_name\" content=\"Dorogi-medence Region\u00e1lis H\u00edrport\u00e1l\" class=\"yoast-seo-meta-tag\" \/>\n<meta property=\"article:publisher\" content=\"https:\/\/www.facebook.com\/dorogimedence\/\" class=\"yoast-seo-meta-tag\" \/>\n<meta property=\"article:published_time\" content=\"2018-12-03T06:10:59+00:00\" class=\"yoast-seo-meta-tag\" \/>\n<meta property=\"og:image\" content=\"https:\/\/i0.wp.com\/dorogimedence.hu\/wp-content\/uploads\/2018\/04\/flirt-uj-01.jpg?fit=670%2C365&ssl=1\" class=\"yoast-seo-meta-tag\" \/>\n\t<meta property=\"og:image:width\" content=\"670\" class=\"yoast-seo-meta-tag\" \/>\n\t<meta property=\"og:image:height\" content=\"365\" class=\"yoast-seo-meta-tag\" \/>\n\t<meta property=\"og:image:type\" content=\"image\/jpeg\" class=\"yoast-seo-meta-tag\" \/>\n<meta name=\"author\" content=\"dorogimedence.hu\" class=\"yoast-seo-meta-tag\" \/>\n<meta name=\"twitter:card\" content=\"summary_large_image\" class=\"yoast-seo-meta-tag\" \/>\n<meta name=\"twitter:label1\" content=\"Szerz\u0151:\" class=\"yoast-seo-meta-tag\" \/>\n\t<meta name=\"twitter:data1\" content=\"dorogimedence.hu\" class=\"yoast-seo-meta-tag\" \/>\n\t<meta name=\"twitter:label2\" content=\"Becs\u00fclt olvas\u00e1si id\u0151\" class=\"yoast-seo-meta-tag\" \/>\n\t<meta name=\"twitter:data2\" content=\"7 perc\" class=\"yoast-seo-meta-tag\" \/>\n<script type=\"application\/ld+json\" class=\"yoast-schema-graph\">{\"@context\":\"https:\\\/\\\/schema.org\",\"@graph\":[{\"@type\":\"Article\",\"@id\":\"https:\\\/\\\/dorogimedence.hu\\\/index.php\\\/2018\\\/12\\\/03\\\/a-december-9-i-menetrendvaltassal-modosul-a-mav-start-uzletszabalyzata\\\/#article\",\"isPartOf\":{\"@id\":\"https:\\\/\\\/dorogimedence.hu\\\/index.php\\\/2018\\\/12\\\/03\\\/a-december-9-i-menetrendvaltassal-modosul-a-mav-start-uzletszabalyzata\\\/\"},\"author\":{\"name\":\"dorogimedence.hu\",\"@id\":\"https:\\\/\\\/dorogimedence.hu\\\/#\\\/schema\\\/person\\\/ce6091eeb7e95ecdc87890d6aa8e0fd4\"},\"headline\":\"A december 9-i menetrendv\u00e1lt\u00e1ssal m\u00f3dosul a M\u00c1V-START \u00fczletszab\u00e1lyzata\",\"datePublished\":\"2018-12-03T06:10:59+00:00\",\"mainEntityOfPage\":{\"@id\":\"https:\\\/\\\/dorogimedence.hu\\\/index.php\\\/2018\\\/12\\\/03\\\/a-december-9-i-menetrendvaltassal-modosul-a-mav-start-uzletszabalyzata\\\/\"},\"wordCount\":1464,\"publisher\":{\"@id\":\"https:\\\/\\\/dorogimedence.hu\\\/#organization\"},\"image\":{\"@id\":\"https:\\\/\\\/dorogimedence.hu\\\/index.php\\\/2018\\\/12\\\/03\\\/a-december-9-i-menetrendvaltassal-modosul-a-mav-start-uzletszabalyzata\\\/#primaryimage\"},\"thumbnailUrl\":\"https:\\\/\\\/dorogimedence.hu\\\/wp-content\\\/uploads\\\/2018\\\/04\\\/flirt-uj-01.jpg\",\"keywords\":[\"k\u00f6zleked\u00e9s\",\"m\u00e1v\",\"menetrend\",\"t\u00f6megk\u00f6zleked\u00e9s\",\"\u00fczletszab\u00e1lyzat\",\"vas\u00fat\",\"vonat\"],\"articleSection\":[\"H\u00edrek\"],\"inLanguage\":\"hu\"},{\"@type\":\"WebPage\",\"@id\":\"https:\\\/\\\/dorogimedence.hu\\\/index.php\\\/2018\\\/12\\\/03\\\/a-december-9-i-menetrendvaltassal-modosul-a-mav-start-uzletszabalyzata\\\/\",\"url\":\"https:\\\/\\\/dorogimedence.hu\\\/index.php\\\/2018\\\/12\\\/03\\\/a-december-9-i-menetrendvaltassal-modosul-a-mav-start-uzletszabalyzata\\\/\",\"name\":\"A december 9-i menetrendv\u00e1lt\u00e1ssal m\u00f3dosul a M\u00c1V-START \u00fczletszab\u00e1lyzata\",\"isPartOf\":{\"@id\":\"https:\\\/\\\/dorogimedence.hu\\\/#website\"},\"primaryImageOfPage\":{\"@id\":\"https:\\\/\\\/dorogimedence.hu\\\/index.php\\\/2018\\\/12\\\/03\\\/a-december-9-i-menetrendvaltassal-modosul-a-mav-start-uzletszabalyzata\\\/#primaryimage\"},\"image\":{\"@id\":\"https:\\\/\\\/dorogimedence.hu\\\/index.php\\\/2018\\\/12\\\/03\\\/a-december-9-i-menetrendvaltassal-modosul-a-mav-start-uzletszabalyzata\\\/#primaryimage\"},\"thumbnailUrl\":\"https:\\\/\\\/dorogimedence.hu\\\/wp-content\\\/uploads\\\/2018\\\/04\\\/flirt-uj-01.jpg\",\"datePublished\":\"2018-12-03T06:10:59+00:00\",\"breadcrumb\":{\"@id\":\"https:\\\/\\\/dorogimedence.hu\\\/index.php\\\/2018\\\/12\\\/03\\\/a-december-9-i-menetrendvaltassal-modosul-a-mav-start-uzletszabalyzata\\\/#breadcrumb\"},\"inLanguage\":\"hu\",\"potentialAction\":[{\"@type\":\"ReadAction\",\"target\":[\"https:\\\/\\\/dorogimedence.hu\\\/index.php\\\/2018\\\/12\\\/03\\\/a-december-9-i-menetrendvaltassal-modosul-a-mav-start-uzletszabalyzata\\\/\"]}]},{\"@type\":\"ImageObject\",\"inLanguage\":\"hu\",\"@id\":\"https:\\\/\\\/dorogimedence.hu\\\/index.php\\\/2018\\\/12\\\/03\\\/a-december-9-i-menetrendvaltassal-modosul-a-mav-start-uzletszabalyzata\\\/#primaryimage\",\"url\":\"https:\\\/\\\/dorogimedence.hu\\\/wp-content\\\/uploads\\\/2018\\\/04\\\/flirt-uj-01.jpg\",\"contentUrl\":\"https:\\\/\\\/dorogimedence.hu\\\/wp-content\\\/uploads\\\/2018\\\/04\\\/flirt-uj-01.jpg\",\"width\":670,\"height\":365},{\"@type\":\"BreadcrumbList\",\"@id\":\"https:\\\/\\\/dorogimedence.hu\\\/index.php\\\/2018\\\/12\\\/03\\\/a-december-9-i-menetrendvaltassal-modosul-a-mav-start-uzletszabalyzata\\\/#breadcrumb\",\"itemListElement\":[{\"@type\":\"ListItem\",\"position\":1,\"name\":\"Kezd\u0151lap\",\"item\":\"https:\\\/\\\/dorogimedence.hu\\\/\"},{\"@type\":\"ListItem\",\"position\":2,\"name\":\"A december 9-i menetrendv\u00e1lt\u00e1ssal m\u00f3dosul a M\u00c1V-START \u00fczletszab\u00e1lyzata\"}]},{\"@type\":\"WebSite\",\"@id\":\"https:\\\/\\\/dorogimedence.hu\\\/#website\",\"url\":\"https:\\\/\\\/dorogimedence.hu\\\/\",\"name\":\"Dorogi-medence Region\u00e1lis H\u00edrport\u00e1l\",\"description\":\"Dorog, Keszt\u00f6lc, Le\u00e1nyv\u00e1r, Piliscs\u00e9v, Tokod, Tokodalt\u00e1r\u00f3, Csolnok, Esztergom-kertv\u00e1ros: h\u00edrek, programok\",\"publisher\":{\"@id\":\"https:\\\/\\\/dorogimedence.hu\\\/#organization\"},\"potentialAction\":[{\"@type\":\"SearchAction\",\"target\":{\"@type\":\"EntryPoint\",\"urlTemplate\":\"https:\\\/\\\/dorogimedence.hu\\\/?s={search_term_string}\"},\"query-input\":{\"@type\":\"PropertyValueSpecification\",\"valueRequired\":true,\"valueName\":\"search_term_string\"}}],\"inLanguage\":\"hu\"},{\"@type\":\"Organization\",\"@id\":\"https:\\\/\\\/dorogimedence.hu\\\/#organization\",\"name\":\"Dorogi-medence Region\u00e1lis H\u00edrport\u00e1l\",\"url\":\"https:\\\/\\\/dorogimedence.hu\\\/\",\"logo\":{\"@type\":\"ImageObject\",\"inLanguage\":\"hu\",\"@id\":\"https:\\\/\\\/dorogimedence.hu\\\/#\\\/schema\\\/logo\\\/image\\\/\",\"url\":\"https:\\\/\\\/dorogimedence.hu\\\/wp-content\\\/uploads\\\/2021\\\/04\\\/logo-feher-600.png\",\"contentUrl\":\"https:\\\/\\\/dorogimedence.hu\\\/wp-content\\\/uploads\\\/2021\\\/04\\\/logo-feher-600.png\",\"width\":600,\"height\":100,\"caption\":\"Dorogi-medence Region\u00e1lis H\u00edrport\u00e1l\"},\"image\":{\"@id\":\"https:\\\/\\\/dorogimedence.hu\\\/#\\\/schema\\\/logo\\\/image\\\/\"},\"sameAs\":[\"https:\\\/\\\/www.facebook.com\\\/dorogimedence\\\/\"]},{\"@type\":\"Person\",\"@id\":\"https:\\\/\\\/dorogimedence.hu\\\/#\\\/schema\\\/person\\\/ce6091eeb7e95ecdc87890d6aa8e0fd4\",\"name\":\"dorogimedence.hu\",\"image\":{\"@type\":\"ImageObject\",\"inLanguage\":\"hu\",\"@id\":\"\\\/\\\/www.gravatar.com\\\/avatar\\\/d8d45f8901aadff40a4af72c0b826f1d?s=96&#038;r=g&#038;d=mm\",\"url\":\"\\\/\\\/www.gravatar.com\\\/avatar\\\/d8d45f8901aadff40a4af72c0b826f1d?s=96&#038;r=g&#038;d=mm\",\"contentUrl\":\"\\\/\\\/www.gravatar.com\\\/avatar\\\/d8d45f8901aadff40a4af72c0b826f1d?s=96&#038;r=g&#038;d=mm\",\"caption\":\"dorogimedence.hu\"}}]}<\/script>\n<!-- \/ Yoast SEO plugin. -->","yoast_head_json":{"title":"A december 9-i menetrendv\u00e1lt\u00e1ssal m\u00f3dosul a M\u00c1V-START \u00fczletszab\u00e1lyzata","robots":{"index":"index","follow":"follow","max-snippet":"max-snippet:-1","max-image-preview":"max-image-preview:large","max-video-preview":"max-video-preview:-1"},"canonical":"https:\/\/dorogimedence.hu\/index.php\/2018\/12\/03\/a-december-9-i-menetrendvaltassal-modosul-a-mav-start-uzletszabalyzata\/","og_locale":"hu_HU","og_type":"article","og_title":"A december 9-i menetrendv\u00e1lt\u00e1ssal m\u00f3dosul a M\u00c1V-START \u00fczletszab\u00e1lyzata","og_description":"A decemberi menetrendv\u00e1lt\u00e1skor megv\u00e1ltozik a M\u00c1V-START \u00fczletszab\u00e1lyzat\u00e1nak t\u00f6bb pontja, a legfontosabb m\u00f3dos\u00edt\u00e1s a menetjegyek \u00e9rv\u00e9nytartam\u00e1ra vonatkozik. A mavcsoport.hu-n k\u00f6zz\u00e9tett m\u00f3dos\u00edt\u00e1si tervezetet b\u00e1rki v\u00e9lem\u00e9nyezhette, a javaslatok t\u00f6bbs\u00e9g\u00e9t a vas\u00fatt\u00e1rsas\u00e1g be\u00e9p\u00edtette a v\u00e9gleges sz\u00f6vegbe. A szab\u00e1lyzat egyes rendelkez\u00e9seinek megv\u00e1ltoztat\u00e1sa els\u0151sorban a menetjegyek \u00e9rv\u00e9nytartam\u00e1nak v\u00e1ltoz\u00e1sa, a jegy\u00e9rt\u00e9kes\u00edt\u00e9si csatorn\u00e1k fejleszt\u00e9sei, a v\u00e1s\u00e1rl\u00e1si funkci\u00f3val b\u0151v\u00edtett Vonatinf\u00f3, valamint a jegyvizsg\u00e1l\u00f3k testkamer\u00e1val","og_url":"https:\/\/dorogimedence.hu\/index.php\/2018\/12\/03\/a-december-9-i-menetrendvaltassal-modosul-a-mav-start-uzletszabalyzata\/","og_site_name":"Dorogi-medence Region\u00e1lis H\u00edrport\u00e1l","article_publisher":"https:\/\/www.facebook.com\/dorogimedence\/","article_published_time":"2018-12-03T06:10:59+00:00","og_image":[{"width":670,"height":365,"url":"https:\/\/i0.wp.com\/dorogimedence.hu\/wp-content\/uploads\/2018\/04\/flirt-uj-01.jpg?fit=670%2C365&ssl=1","type":"image\/jpeg"}],"author":"dorogimedence.hu","twitter_card":"summary_large_image","twitter_misc":{"Szerz\u0151:":"dorogimedence.hu","Becs\u00fclt olvas\u00e1si id\u0151":"7 perc"},"schema":{"@context":"https:\/\/schema.org","@graph":[{"@type":"Article","@id":"https:\/\/dorogimedence.hu\/index.php\/2018\/12\/03\/a-december-9-i-menetrendvaltassal-modosul-a-mav-start-uzletszabalyzata\/#article","isPartOf":{"@id":"https:\/\/dorogimedence.hu\/index.php\/2018\/12\/03\/a-december-9-i-menetrendvaltassal-modosul-a-mav-start-uzletszabalyzata\/"},"author":{"name":"dorogimedence.hu","@id":"https:\/\/dorogimedence.hu\/#\/schema\/person\/ce6091eeb7e95ecdc87890d6aa8e0fd4"},"headline":"A december 9-i menetrendv\u00e1lt\u00e1ssal m\u00f3dosul a M\u00c1V-START \u00fczletszab\u00e1lyzata","datePublished":"2018-12-03T06:10:59+00:00","mainEntityOfPage":{"@id":"https:\/\/dorogimedence.hu\/index.php\/2018\/12\/03\/a-december-9-i-menetrendvaltassal-modosul-a-mav-start-uzletszabalyzata\/"},"wordCount":1464,"publisher":{"@id":"https:\/\/dorogimedence.hu\/#organization"},"image":{"@id":"https:\/\/dorogimedence.hu\/index.php\/2018\/12\/03\/a-december-9-i-menetrendvaltassal-modosul-a-mav-start-uzletszabalyzata\/#primaryimage"},"thumbnailUrl":"https:\/\/dorogimedence.hu\/wp-content\/uploads\/2018\/04\/flirt-uj-01.jpg","keywords":["k\u00f6zleked\u00e9s","m\u00e1v","menetrend","t\u00f6megk\u00f6zleked\u00e9s","\u00fczletszab\u00e1lyzat","vas\u00fat","vonat"],"articleSection":["H\u00edrek"],"inLanguage":"hu"},{"@type":"WebPage","@id":"https:\/\/dorogimedence.hu\/index.php\/2018\/12\/03\/a-december-9-i-menetrendvaltassal-modosul-a-mav-start-uzletszabalyzata\/","url":"https:\/\/dorogimedence.hu\/index.php\/2018\/12\/03\/a-december-9-i-menetrendvaltassal-modosul-a-mav-start-uzletszabalyzata\/","name":"A december 9-i menetrendv\u00e1lt\u00e1ssal m\u00f3dosul a M\u00c1V-START \u00fczletszab\u00e1lyzata","isPartOf":{"@id":"https:\/\/dorogimedence.hu\/#website"},"primaryImageOfPage":{"@id":"https:\/\/dorogimedence.hu\/index.php\/2018\/12\/03\/a-december-9-i-menetrendvaltassal-modosul-a-mav-start-uzletszabalyzata\/#primaryimage"},"image":{"@id":"https:\/\/dorogimedence.hu\/index.php\/2018\/12\/03\/a-december-9-i-menetrendvaltassal-modosul-a-mav-start-uzletszabalyzata\/#primaryimage"},"thumbnailUrl":"https:\/\/dorogimedence.hu\/wp-content\/uploads\/2018\/04\/flirt-uj-01.jpg","datePublished":"2018-12-03T06:10:59+00:00","breadcrumb":{"@id":"https:\/\/dorogimedence.hu\/index.php\/2018\/12\/03\/a-december-9-i-menetrendvaltassal-modosul-a-mav-start-uzletszabalyzata\/#breadcrumb"},"inLanguage":"hu","potentialAction":[{"@type":"ReadAction","target":["https:\/\/dorogimedence.hu\/index.php\/2018\/12\/03\/a-december-9-i-menetrendvaltassal-modosul-a-mav-start-uzletszabalyzata\/"]}]},{"@type":"ImageObject","inLanguage":"hu","@id":"https:\/\/dorogimedence.hu\/index.php\/2018\/12\/03\/a-december-9-i-menetrendvaltassal-modosul-a-mav-start-uzletszabalyzata\/#primaryimage","url":"https:\/\/dorogimedence.hu\/wp-content\/uploads\/2018\/04\/flirt-uj-01.jpg","contentUrl":"https:\/\/dorogimedence.hu\/wp-content\/uploads\/2018\/04\/flirt-uj-01.jpg","width":670,"height":365},{"@type":"BreadcrumbList","@id":"https:\/\/dorogimedence.hu\/index.php\/2018\/12\/03\/a-december-9-i-menetrendvaltassal-modosul-a-mav-start-uzletszabalyzata\/#breadcrumb","itemListElement":[{"@type":"ListItem","position":1,"name":"Kezd\u0151lap","item":"https:\/\/dorogimedence.hu\/"},{"@type":"ListItem","position":2,"name":"A december 9-i menetrendv\u00e1lt\u00e1ssal m\u00f3dosul a M\u00c1V-START \u00fczletszab\u00e1lyzata"}]},{"@type":"WebSite","@id":"https:\/\/dorogimedence.hu\/#website","url":"https:\/\/dorogimedence.hu\/","name":"Dorogi-medence Region\u00e1lis H\u00edrport\u00e1l","description":"Dorog, Keszt\u00f6lc, Le\u00e1nyv\u00e1r, Piliscs\u00e9v, Tokod, Tokodalt\u00e1r\u00f3, Csolnok, Esztergom-kertv\u00e1ros: h\u00edrek, programok","publisher":{"@id":"https:\/\/dorogimedence.hu\/#organization"},"potentialAction":[{"@type":"SearchAction","target":{"@type":"EntryPoint","urlTemplate":"https:\/\/dorogimedence.hu\/?s={search_term_string}"},"query-input":{"@type":"PropertyValueSpecification","valueRequired":true,"valueName":"search_term_string"}}],"inLanguage":"hu"},{"@type":"Organization","@id":"https:\/\/dorogimedence.hu\/#organization","name":"Dorogi-medence Region\u00e1lis H\u00edrport\u00e1l","url":"https:\/\/dorogimedence.hu\/","logo":{"@type":"ImageObject","inLanguage":"hu","@id":"https:\/\/dorogimedence.hu\/#\/schema\/logo\/image\/","url":"https:\/\/dorogimedence.hu\/wp-content\/uploads\/2021\/04\/logo-feher-600.png","contentUrl":"https:\/\/dorogimedence.hu\/wp-content\/uploads\/2021\/04\/logo-feher-600.png","width":600,"height":100,"caption":"Dorogi-medence Region\u00e1lis H\u00edrport\u00e1l"},"image":{"@id":"https:\/\/dorogimedence.hu\/#\/schema\/logo\/image\/"},"sameAs":["https:\/\/www.facebook.com\/dorogimedence\/"]},{"@type":"Person","@id":"https:\/\/dorogimedence.hu\/#\/schema\/person\/ce6091eeb7e95ecdc87890d6aa8e0fd4","name":"dorogimedence.hu","image":{"@type":"ImageObject","inLanguage":"hu","@id":"\/\/www.gravatar.com\/avatar\/d8d45f8901aadff40a4af72c0b826f1d?s=96&#038;r=g&#038;d=mm","url":"\/\/www.gravatar.com\/avatar\/d8d45f8901aadff40a4af72c0b826f1d?s=96&#038;r=g&#038;d=mm","contentUrl":"\/\/www.gravatar.com\/avatar\/d8d45f8901aadff40a4af72c0b826f1d?s=96&#038;r=g&#038;d=mm","caption":"dorogimedence.hu"}}]}},"_links":{"self":[{"href":"https:\/\/dorogimedence.hu\/index.php\/wp-json\/wp\/v2\/posts\/13626","targetHints":{"allow":["GET"]}}],"collection":[{"href":"https:\/\/dorogimedence.hu\/index.php\/wp-json\/wp\/v2\/posts"}],"about":[{"href":"https:\/\/dorogimedence.hu\/index.php\/wp-json\/wp\/v2\/types\/post"}],"author":[{"embeddable":true,"href":"https:\/\/dorogimedence.hu\/index.php\/wp-json\/wp\/v2\/users\/1"}],"replies":[{"embeddable":true,"href":"https:\/\/dorogimedence.hu\/index.php\/wp-json\/wp\/v2\/comments?post=13626"}],"version-history":[{"count":0,"href":"https:\/\/dorogimedence.hu\/index.php\/wp-json\/wp\/v2\/posts\/13626\/revisions"}],"wp:featuredmedia":[{"embeddable":true,"href":"https:\/\/dorogimedence.hu\/index.php\/wp-json\/wp\/v2\/media\/9399"}],"wp:attachment":[{"href":"https:\/\/dorogimedence.hu\/index.php\/wp-json\/wp\/v2\/media?parent=13626"}],"wp:term":[{"taxonomy":"category","embeddable":true,"href":"https:\/\/dorogimedence.hu\/index.php\/wp-json\/wp\/v2\/categories?post=13626"},{"taxonomy":"post_tag","embeddable":true,"href":"https:\/\/dorogimedence.hu\/index.php\/wp-json\/wp\/v2\/tags?post=13626"}],"curies":[{"name":"wp","href":"https:\/\/api.w.org\/{rel}","templated":true}]}}