{"id":13593,"date":"2018-12-01T10:16:00","date_gmt":"2018-12-01T09:16:00","guid":{"rendered":"http:\/\/dorogimedence.hu\/?p=13593"},"modified":"2018-12-01T10:22:10","modified_gmt":"2018-12-01T09:22:10","slug":"kozmeghallgatast-tartottak-dorogon","status":"publish","type":"post","link":"https:\/\/dorogimedence.hu\/index.php\/2018\/12\/01\/kozmeghallgatast-tartottak-dorogon\/","title":{"rendered":"K\u00f6zmeghallgat\u00e1st tartottak Dorogon"},"content":{"rendered":"<p><strong>November 29-\u00e9n, cs\u00fct\u00f6rt\u00f6k\u00f6n, k\u00f6zmeghallgat\u00e1st tartottak a dorogi Polg\u00e1rmesteri Hivatal d\u00edszterm\u00e9ben.<\/strong><\/p>\n<p>A f\u00f3rumon Dr. Tittmann J\u00e1nos polg\u00e1rmester el\u0151sz\u00f6r ismertette az idei \u00e9v beruh\u00e1z\u00e1sait, majd a j\u00f6v\u0151 \u00e9vi tervekre t\u00e9rt ki. A f\u00f3rum m\u00e1sodik fel\u00e9ben pedig a lakoss\u00e1g tehette fel k\u00e9rd\u00e9seit az esetleges probl\u00e9m\u00e1ikkal kapcsolatban.<\/p>\n<p>A Polg\u00e1rmester \u00dar a besz\u00e9de els\u0151 r\u00e9sz\u00e9ben kit\u00e9rt a Pet\u0151fi iskola fel\u00faj\u00edt\u00e1s\u00e1ra, ahol a ny\u00e1ri sz\u00fcnid\u0151 alatt nagyon r\u00f6vid id\u0151 \u00e1llt rendelkez\u00e9sre a kivitelez\u00e9si munk\u00e1latokra, ez\u00e9rt a j\u00f6v\u0151 \u00e9vben sorra ker\u00fcl\u0151 Zr\u00ednyi iskola fel\u00faj\u00edt\u00e1s\u00e1n\u00e1l a terepet m\u00e1r m\u00e1rciusban \u00e1tadj\u00e1k a kivitelez\u0151nek, a di\u00e1kokat ezid\u0151re pedig k\u00fcl\u00f6nb\u00f6z\u0151 \u00f6nkorm\u00e1nyzati int\u00e9zm\u00e9nyekben helyezik majd el. Megeml\u00edt\u00e9sre ker\u00fclt az \u00faj Birk\u00f3z\u00f3-Sportcsarnok komplexum, illetve az Iskola utca fel\u00faj\u00edt\u00e1sa is. Tov\u00e1bb\u00e1 \u00e1tad\u00e1sra ker\u00fclt a reform\u00e1tusok k\u00f6z\u00f6ss\u00e9gi h\u00e1za is, ahol az \u00f6nkorm\u00e1nyzat biztos\u00edtotta a telket, illetve a k\u00f6zm\u0171vek kiv\u00e1lt\u00e1s\u00e1t. De a temet\u0151 bels\u0151 \u00fatrendszere is meg\u00fajult, illetve a Csolnoki \u00fati ker\u00edt\u00e9sprofil cser\u00e9j\u00e9t is elv\u00e9gezt\u00e9k z\u00f6ldter\u00fclet fejleszt\u00e9ssel egybek\u00f6tve.<\/p>\n<p>A j\u00f6v\u0151 \u00e9vi tervekkel kapcsolatban a Polg\u00e1rmester \u00dar kiemelte a Reimann B\u00e1ny\u00e1szatt\u00f6rt\u00e9neti Miniverzumot. Eml\u00edt\u00e9sre ker\u00fclt a Csolnokkal, Keszt\u00f6lccel \u00e9s Piliscs\u00e9vvel k\u00f6z\u00f6sen megval\u00f3sul\u00f3 helyi identit\u00e1s program is, mely egy helyi \u00f6nazonoss\u00e1g\u00e9rz\u00e9s er\u0151s\u00edt\u00e9s\u00e9re szolg\u00e1l majd. Az eg\u00e9szs\u00e9ges \u00e9letm\u00f3d, illetve a mozg\u00e1s n\u00e9pszer\u0171s\u00edt\u00e9se \u00e9rdek\u00e9ben az Otthon t\u00e9ren szabadt\u00e9ri sporteszk\u00f6z\u00f6ket helyeznek majd el. De k\u00f6zter\u00fclet fejleszt\u00e9sekre is sor ker\u00fcl, t\u00f6bbek k\u00f6z\u00f6tt a M\u00e1ria utca teljesen \u00e1talakul, illetve a posta mellett piact\u00e9r ker\u00fcl majd kialak\u00edt\u00e1sra. Mindemellett korm\u00e1nyzati d\u00f6nt\u00e9sre v\u00e1rva, j\u00f3 es\u00e9ly van arra, hogy a Buz\u00e1nszky Jen\u0151 Stadion is meg\u00fajulhat, a dorogiak ig\u00e9nyei szerint. A v\u00e1ros n\u00f6vekv\u0151 bev\u00e9telei miatt pedig egyre t\u00f6bb fejleszt\u00e9s v\u00e1rhat\u00f3 a j\u00f6v\u0151ben, hiszen a k\u00f6zelm\u00faltban t\u00f6bb \u00faj v\u00e1llalat is megkezdte a m\u0171k\u00f6d\u00e9s\u00e9t Dorogon.<\/p>\n","protected":false},"excerpt":{"rendered":"<p>November 29-\u00e9n, cs\u00fct\u00f6rt\u00f6k\u00f6n, k\u00f6zmeghallgat\u00e1st tartottak a dorogi Polg\u00e1rmesteri Hivatal d\u00edszterm\u00e9ben. A f\u00f3rumon Dr. Tittmann J\u00e1nos polg\u00e1rmester el\u0151sz\u00f6r ismertette az idei \u00e9v beruh\u00e1z\u00e1sait, majd a j\u00f6v\u0151 \u00e9vi tervekre t\u00e9rt ki. A f\u00f3rum m\u00e1sodik fel\u00e9ben pedig a lakoss\u00e1g tehette fel k\u00e9rd\u00e9seit az esetleges probl\u00e9m\u00e1ikkal kapcsolatban. A Polg\u00e1rmester \u00dar a besz\u00e9de els\u0151 r\u00e9sz\u00e9ben kit\u00e9rt a Pet\u0151fi iskola fel\u00faj\u00edt\u00e1s\u00e1ra,<\/p>\n","protected":false},"author":1,"featured_media":6492,"comment_status":"closed","ping_status":"closed","sticky":false,"template":"","format":"standard","meta":{"ngg_post_thumbnail":0,"footnotes":""},"categories":[2,3],"tags":[3270,15,3269,86,1663],"class_list":{"0":"post-13593","1":"post","2":"type-post","3":"status-publish","4":"format-standard","5":"has-post-thumbnail","7":"category-dorog","8":"category-hirek","9":"tag-beszamolo","10":"tag-dorog","11":"tag-evertekeles","12":"tag-forum","13":"tag-kozmeghallgatas"},"yoast_head":"<!-- This site is optimized with the Yoast SEO plugin v27.5 - https:\/\/yoast.com\/product\/yoast-seo-wordpress\/ -->\n<title>K\u00f6zmeghallgat\u00e1st tartottak Dorogon<\/title>\n<meta name=\"robots\" content=\"index, follow, max-snippet:-1, max-image-preview:large, max-video-preview:-1\" \/>\n<link rel=\"canonical\" href=\"https:\/\/dorogimedence.hu\/index.php\/2018\/12\/01\/kozmeghallgatast-tartottak-dorogon\/\" class=\"yoast-seo-meta-tag\" \/>\n<meta property=\"og:locale\" content=\"hu_HU\" class=\"yoast-seo-meta-tag\" \/>\n<meta property=\"og:type\" content=\"article\" class=\"yoast-seo-meta-tag\" \/>\n<meta property=\"og:title\" content=\"K\u00f6zmeghallgat\u00e1st tartottak Dorogon\" class=\"yoast-seo-meta-tag\" \/>\n<meta property=\"og:description\" content=\"November 29-\u00e9n, cs\u00fct\u00f6rt\u00f6k\u00f6n, k\u00f6zmeghallgat\u00e1st tartottak a dorogi Polg\u00e1rmesteri Hivatal d\u00edszterm\u00e9ben. A f\u00f3rumon Dr. Tittmann J\u00e1nos polg\u00e1rmester el\u0151sz\u00f6r ismertette az idei \u00e9v beruh\u00e1z\u00e1sait, majd a j\u00f6v\u0151 \u00e9vi tervekre t\u00e9rt ki. A f\u00f3rum m\u00e1sodik fel\u00e9ben pedig a lakoss\u00e1g tehette fel k\u00e9rd\u00e9seit az esetleges probl\u00e9m\u00e1ikkal kapcsolatban. A Polg\u00e1rmester \u00dar a besz\u00e9de els\u0151 r\u00e9sz\u00e9ben kit\u00e9rt a Pet\u0151fi iskola fel\u00faj\u00edt\u00e1s\u00e1ra,\" class=\"yoast-seo-meta-tag\" \/>\n<meta property=\"og:url\" content=\"https:\/\/dorogimedence.hu\/index.php\/2018\/12\/01\/kozmeghallgatast-tartottak-dorogon\/\" class=\"yoast-seo-meta-tag\" \/>\n<meta property=\"og:site_name\" content=\"Dorogi-medence Region\u00e1lis H\u00edrport\u00e1l\" class=\"yoast-seo-meta-tag\" \/>\n<meta property=\"article:publisher\" content=\"https:\/\/www.facebook.com\/dorogimedence\/\" class=\"yoast-seo-meta-tag\" \/>\n<meta property=\"article:published_time\" content=\"2018-12-01T09:16:00+00:00\" class=\"yoast-seo-meta-tag\" \/>\n<meta property=\"article:modified_time\" content=\"2018-12-01T09:22:10+00:00\" class=\"yoast-seo-meta-tag\" \/>\n<meta property=\"og:image\" content=\"https:\/\/i0.wp.com\/dorogimedence.hu\/wp-content\/uploads\/2017\/10\/polg-hivatal.jpg?fit=670%2C365&ssl=1\" class=\"yoast-seo-meta-tag\" \/>\n\t<meta property=\"og:image:width\" content=\"670\" class=\"yoast-seo-meta-tag\" \/>\n\t<meta property=\"og:image:height\" content=\"365\" class=\"yoast-seo-meta-tag\" \/>\n\t<meta property=\"og:image:type\" content=\"image\/jpeg\" class=\"yoast-seo-meta-tag\" \/>\n<meta name=\"author\" content=\"dorogimedence.hu\" class=\"yoast-seo-meta-tag\" \/>\n<meta name=\"twitter:card\" content=\"summary_large_image\" class=\"yoast-seo-meta-tag\" \/>\n<meta name=\"twitter:label1\" content=\"Szerz\u0151:\" class=\"yoast-seo-meta-tag\" \/>\n\t<meta name=\"twitter:data1\" content=\"dorogimedence.hu\" class=\"yoast-seo-meta-tag\" \/>\n\t<meta name=\"twitter:label2\" content=\"Becs\u00fclt olvas\u00e1si id\u0151\" class=\"yoast-seo-meta-tag\" \/>\n\t<meta name=\"twitter:data2\" content=\"2 perc\" class=\"yoast-seo-meta-tag\" \/>\n<script type=\"application\/ld+json\" class=\"yoast-schema-graph\">{\"@context\":\"https:\\\/\\\/schema.org\",\"@graph\":[{\"@type\":\"Article\",\"@id\":\"https:\\\/\\\/dorogimedence.hu\\\/index.php\\\/2018\\\/12\\\/01\\\/kozmeghallgatast-tartottak-dorogon\\\/#article\",\"isPartOf\":{\"@id\":\"https:\\\/\\\/dorogimedence.hu\\\/index.php\\\/2018\\\/12\\\/01\\\/kozmeghallgatast-tartottak-dorogon\\\/\"},\"author\":{\"name\":\"dorogimedence.hu\",\"@id\":\"https:\\\/\\\/dorogimedence.hu\\\/#\\\/schema\\\/person\\\/ce6091eeb7e95ecdc87890d6aa8e0fd4\"},\"headline\":\"K\u00f6zmeghallgat\u00e1st tartottak Dorogon\",\"datePublished\":\"2018-12-01T09:16:00+00:00\",\"dateModified\":\"2018-12-01T09:22:10+00:00\",\"mainEntityOfPage\":{\"@id\":\"https:\\\/\\\/dorogimedence.hu\\\/index.php\\\/2018\\\/12\\\/01\\\/kozmeghallgatast-tartottak-dorogon\\\/\"},\"wordCount\":429,\"publisher\":{\"@id\":\"https:\\\/\\\/dorogimedence.hu\\\/#organization\"},\"image\":{\"@id\":\"https:\\\/\\\/dorogimedence.hu\\\/index.php\\\/2018\\\/12\\\/01\\\/kozmeghallgatast-tartottak-dorogon\\\/#primaryimage\"},\"thumbnailUrl\":\"https:\\\/\\\/dorogimedence.hu\\\/wp-content\\\/uploads\\\/2017\\\/10\\\/polg-hivatal.jpg\",\"keywords\":[\"besz\u00e1mol\u00f3\",\"Dorog\",\"\u00e9v\u00e9rt\u00e9kel\u00e9s\",\"f\u00f3rum\",\"k\u00f6zmeghallgat\u00e1s\"],\"articleSection\":[\"Dorog\",\"H\u00edrek\"],\"inLanguage\":\"hu\"},{\"@type\":\"WebPage\",\"@id\":\"https:\\\/\\\/dorogimedence.hu\\\/index.php\\\/2018\\\/12\\\/01\\\/kozmeghallgatast-tartottak-dorogon\\\/\",\"url\":\"https:\\\/\\\/dorogimedence.hu\\\/index.php\\\/2018\\\/12\\\/01\\\/kozmeghallgatast-tartottak-dorogon\\\/\",\"name\":\"K\u00f6zmeghallgat\u00e1st tartottak Dorogon\",\"isPartOf\":{\"@id\":\"https:\\\/\\\/dorogimedence.hu\\\/#website\"},\"primaryImageOfPage\":{\"@id\":\"https:\\\/\\\/dorogimedence.hu\\\/index.php\\\/2018\\\/12\\\/01\\\/kozmeghallgatast-tartottak-dorogon\\\/#primaryimage\"},\"image\":{\"@id\":\"https:\\\/\\\/dorogimedence.hu\\\/index.php\\\/2018\\\/12\\\/01\\\/kozmeghallgatast-tartottak-dorogon\\\/#primaryimage\"},\"thumbnailUrl\":\"https:\\\/\\\/dorogimedence.hu\\\/wp-content\\\/uploads\\\/2017\\\/10\\\/polg-hivatal.jpg\",\"datePublished\":\"2018-12-01T09:16:00+00:00\",\"dateModified\":\"2018-12-01T09:22:10+00:00\",\"breadcrumb\":{\"@id\":\"https:\\\/\\\/dorogimedence.hu\\\/index.php\\\/2018\\\/12\\\/01\\\/kozmeghallgatast-tartottak-dorogon\\\/#breadcrumb\"},\"inLanguage\":\"hu\",\"potentialAction\":[{\"@type\":\"ReadAction\",\"target\":[\"https:\\\/\\\/dorogimedence.hu\\\/index.php\\\/2018\\\/12\\\/01\\\/kozmeghallgatast-tartottak-dorogon\\\/\"]}]},{\"@type\":\"ImageObject\",\"inLanguage\":\"hu\",\"@id\":\"https:\\\/\\\/dorogimedence.hu\\\/index.php\\\/2018\\\/12\\\/01\\\/kozmeghallgatast-tartottak-dorogon\\\/#primaryimage\",\"url\":\"https:\\\/\\\/dorogimedence.hu\\\/wp-content\\\/uploads\\\/2017\\\/10\\\/polg-hivatal.jpg\",\"contentUrl\":\"https:\\\/\\\/dorogimedence.hu\\\/wp-content\\\/uploads\\\/2017\\\/10\\\/polg-hivatal.jpg\",\"width\":670,\"height\":365},{\"@type\":\"BreadcrumbList\",\"@id\":\"https:\\\/\\\/dorogimedence.hu\\\/index.php\\\/2018\\\/12\\\/01\\\/kozmeghallgatast-tartottak-dorogon\\\/#breadcrumb\",\"itemListElement\":[{\"@type\":\"ListItem\",\"position\":1,\"name\":\"Kezd\u0151lap\",\"item\":\"https:\\\/\\\/dorogimedence.hu\\\/\"},{\"@type\":\"ListItem\",\"position\":2,\"name\":\"K\u00f6zmeghallgat\u00e1st tartottak Dorogon\"}]},{\"@type\":\"WebSite\",\"@id\":\"https:\\\/\\\/dorogimedence.hu\\\/#website\",\"url\":\"https:\\\/\\\/dorogimedence.hu\\\/\",\"name\":\"Dorogi-medence Region\u00e1lis H\u00edrport\u00e1l\",\"description\":\"Dorog, Keszt\u00f6lc, Le\u00e1nyv\u00e1r, Piliscs\u00e9v, Tokod, Tokodalt\u00e1r\u00f3, Csolnok, Esztergom-kertv\u00e1ros: h\u00edrek, programok\",\"publisher\":{\"@id\":\"https:\\\/\\\/dorogimedence.hu\\\/#organization\"},\"potentialAction\":[{\"@type\":\"SearchAction\",\"target\":{\"@type\":\"EntryPoint\",\"urlTemplate\":\"https:\\\/\\\/dorogimedence.hu\\\/?s={search_term_string}\"},\"query-input\":{\"@type\":\"PropertyValueSpecification\",\"valueRequired\":true,\"valueName\":\"search_term_string\"}}],\"inLanguage\":\"hu\"},{\"@type\":\"Organization\",\"@id\":\"https:\\\/\\\/dorogimedence.hu\\\/#organization\",\"name\":\"Dorogi-medence Region\u00e1lis H\u00edrport\u00e1l\",\"url\":\"https:\\\/\\\/dorogimedence.hu\\\/\",\"logo\":{\"@type\":\"ImageObject\",\"inLanguage\":\"hu\",\"@id\":\"https:\\\/\\\/dorogimedence.hu\\\/#\\\/schema\\\/logo\\\/image\\\/\",\"url\":\"https:\\\/\\\/dorogimedence.hu\\\/wp-content\\\/uploads\\\/2021\\\/04\\\/logo-feher-600.png\",\"contentUrl\":\"https:\\\/\\\/dorogimedence.hu\\\/wp-content\\\/uploads\\\/2021\\\/04\\\/logo-feher-600.png\",\"width\":600,\"height\":100,\"caption\":\"Dorogi-medence Region\u00e1lis H\u00edrport\u00e1l\"},\"image\":{\"@id\":\"https:\\\/\\\/dorogimedence.hu\\\/#\\\/schema\\\/logo\\\/image\\\/\"},\"sameAs\":[\"https:\\\/\\\/www.facebook.com\\\/dorogimedence\\\/\"]},{\"@type\":\"Person\",\"@id\":\"https:\\\/\\\/dorogimedence.hu\\\/#\\\/schema\\\/person\\\/ce6091eeb7e95ecdc87890d6aa8e0fd4\",\"name\":\"dorogimedence.hu\",\"image\":{\"@type\":\"ImageObject\",\"inLanguage\":\"hu\",\"@id\":\"\\\/\\\/www.gravatar.com\\\/avatar\\\/d8d45f8901aadff40a4af72c0b826f1d?s=96&#038;r=g&#038;d=mm\",\"url\":\"\\\/\\\/www.gravatar.com\\\/avatar\\\/d8d45f8901aadff40a4af72c0b826f1d?s=96&#038;r=g&#038;d=mm\",\"contentUrl\":\"\\\/\\\/www.gravatar.com\\\/avatar\\\/d8d45f8901aadff40a4af72c0b826f1d?s=96&#038;r=g&#038;d=mm\",\"caption\":\"dorogimedence.hu\"}}]}<\/script>\n<!-- \/ Yoast SEO plugin. -->","yoast_head_json":{"title":"K\u00f6zmeghallgat\u00e1st tartottak Dorogon","robots":{"index":"index","follow":"follow","max-snippet":"max-snippet:-1","max-image-preview":"max-image-preview:large","max-video-preview":"max-video-preview:-1"},"canonical":"https:\/\/dorogimedence.hu\/index.php\/2018\/12\/01\/kozmeghallgatast-tartottak-dorogon\/","og_locale":"hu_HU","og_type":"article","og_title":"K\u00f6zmeghallgat\u00e1st tartottak Dorogon","og_description":"November 29-\u00e9n, cs\u00fct\u00f6rt\u00f6k\u00f6n, k\u00f6zmeghallgat\u00e1st tartottak a dorogi Polg\u00e1rmesteri Hivatal d\u00edszterm\u00e9ben. A f\u00f3rumon Dr. Tittmann J\u00e1nos polg\u00e1rmester el\u0151sz\u00f6r ismertette az idei \u00e9v beruh\u00e1z\u00e1sait, majd a j\u00f6v\u0151 \u00e9vi tervekre t\u00e9rt ki. A f\u00f3rum m\u00e1sodik fel\u00e9ben pedig a lakoss\u00e1g tehette fel k\u00e9rd\u00e9seit az esetleges probl\u00e9m\u00e1ikkal kapcsolatban. A Polg\u00e1rmester \u00dar a besz\u00e9de els\u0151 r\u00e9sz\u00e9ben kit\u00e9rt a Pet\u0151fi iskola fel\u00faj\u00edt\u00e1s\u00e1ra,","og_url":"https:\/\/dorogimedence.hu\/index.php\/2018\/12\/01\/kozmeghallgatast-tartottak-dorogon\/","og_site_name":"Dorogi-medence Region\u00e1lis H\u00edrport\u00e1l","article_publisher":"https:\/\/www.facebook.com\/dorogimedence\/","article_published_time":"2018-12-01T09:16:00+00:00","article_modified_time":"2018-12-01T09:22:10+00:00","og_image":[{"width":670,"height":365,"url":"https:\/\/i0.wp.com\/dorogimedence.hu\/wp-content\/uploads\/2017\/10\/polg-hivatal.jpg?fit=670%2C365&ssl=1","type":"image\/jpeg"}],"author":"dorogimedence.hu","twitter_card":"summary_large_image","twitter_misc":{"Szerz\u0151:":"dorogimedence.hu","Becs\u00fclt olvas\u00e1si id\u0151":"2 perc"},"schema":{"@context":"https:\/\/schema.org","@graph":[{"@type":"Article","@id":"https:\/\/dorogimedence.hu\/index.php\/2018\/12\/01\/kozmeghallgatast-tartottak-dorogon\/#article","isPartOf":{"@id":"https:\/\/dorogimedence.hu\/index.php\/2018\/12\/01\/kozmeghallgatast-tartottak-dorogon\/"},"author":{"name":"dorogimedence.hu","@id":"https:\/\/dorogimedence.hu\/#\/schema\/person\/ce6091eeb7e95ecdc87890d6aa8e0fd4"},"headline":"K\u00f6zmeghallgat\u00e1st tartottak Dorogon","datePublished":"2018-12-01T09:16:00+00:00","dateModified":"2018-12-01T09:22:10+00:00","mainEntityOfPage":{"@id":"https:\/\/dorogimedence.hu\/index.php\/2018\/12\/01\/kozmeghallgatast-tartottak-dorogon\/"},"wordCount":429,"publisher":{"@id":"https:\/\/dorogimedence.hu\/#organization"},"image":{"@id":"https:\/\/dorogimedence.hu\/index.php\/2018\/12\/01\/kozmeghallgatast-tartottak-dorogon\/#primaryimage"},"thumbnailUrl":"https:\/\/dorogimedence.hu\/wp-content\/uploads\/2017\/10\/polg-hivatal.jpg","keywords":["besz\u00e1mol\u00f3","Dorog","\u00e9v\u00e9rt\u00e9kel\u00e9s","f\u00f3rum","k\u00f6zmeghallgat\u00e1s"],"articleSection":["Dorog","H\u00edrek"],"inLanguage":"hu"},{"@type":"WebPage","@id":"https:\/\/dorogimedence.hu\/index.php\/2018\/12\/01\/kozmeghallgatast-tartottak-dorogon\/","url":"https:\/\/dorogimedence.hu\/index.php\/2018\/12\/01\/kozmeghallgatast-tartottak-dorogon\/","name":"K\u00f6zmeghallgat\u00e1st tartottak Dorogon","isPartOf":{"@id":"https:\/\/dorogimedence.hu\/#website"},"primaryImageOfPage":{"@id":"https:\/\/dorogimedence.hu\/index.php\/2018\/12\/01\/kozmeghallgatast-tartottak-dorogon\/#primaryimage"},"image":{"@id":"https:\/\/dorogimedence.hu\/index.php\/2018\/12\/01\/kozmeghallgatast-tartottak-dorogon\/#primaryimage"},"thumbnailUrl":"https:\/\/dorogimedence.hu\/wp-content\/uploads\/2017\/10\/polg-hivatal.jpg","datePublished":"2018-12-01T09:16:00+00:00","dateModified":"2018-12-01T09:22:10+00:00","breadcrumb":{"@id":"https:\/\/dorogimedence.hu\/index.php\/2018\/12\/01\/kozmeghallgatast-tartottak-dorogon\/#breadcrumb"},"inLanguage":"hu","potentialAction":[{"@type":"ReadAction","target":["https:\/\/dorogimedence.hu\/index.php\/2018\/12\/01\/kozmeghallgatast-tartottak-dorogon\/"]}]},{"@type":"ImageObject","inLanguage":"hu","@id":"https:\/\/dorogimedence.hu\/index.php\/2018\/12\/01\/kozmeghallgatast-tartottak-dorogon\/#primaryimage","url":"https:\/\/dorogimedence.hu\/wp-content\/uploads\/2017\/10\/polg-hivatal.jpg","contentUrl":"https:\/\/dorogimedence.hu\/wp-content\/uploads\/2017\/10\/polg-hivatal.jpg","width":670,"height":365},{"@type":"BreadcrumbList","@id":"https:\/\/dorogimedence.hu\/index.php\/2018\/12\/01\/kozmeghallgatast-tartottak-dorogon\/#breadcrumb","itemListElement":[{"@type":"ListItem","position":1,"name":"Kezd\u0151lap","item":"https:\/\/dorogimedence.hu\/"},{"@type":"ListItem","position":2,"name":"K\u00f6zmeghallgat\u00e1st tartottak Dorogon"}]},{"@type":"WebSite","@id":"https:\/\/dorogimedence.hu\/#website","url":"https:\/\/dorogimedence.hu\/","name":"Dorogi-medence Region\u00e1lis H\u00edrport\u00e1l","description":"Dorog, Keszt\u00f6lc, Le\u00e1nyv\u00e1r, Piliscs\u00e9v, Tokod, Tokodalt\u00e1r\u00f3, Csolnok, Esztergom-kertv\u00e1ros: h\u00edrek, programok","publisher":{"@id":"https:\/\/dorogimedence.hu\/#organization"},"potentialAction":[{"@type":"SearchAction","target":{"@type":"EntryPoint","urlTemplate":"https:\/\/dorogimedence.hu\/?s={search_term_string}"},"query-input":{"@type":"PropertyValueSpecification","valueRequired":true,"valueName":"search_term_string"}}],"inLanguage":"hu"},{"@type":"Organization","@id":"https:\/\/dorogimedence.hu\/#organization","name":"Dorogi-medence Region\u00e1lis H\u00edrport\u00e1l","url":"https:\/\/dorogimedence.hu\/","logo":{"@type":"ImageObject","inLanguage":"hu","@id":"https:\/\/dorogimedence.hu\/#\/schema\/logo\/image\/","url":"https:\/\/dorogimedence.hu\/wp-content\/uploads\/2021\/04\/logo-feher-600.png","contentUrl":"https:\/\/dorogimedence.hu\/wp-content\/uploads\/2021\/04\/logo-feher-600.png","width":600,"height":100,"caption":"Dorogi-medence Region\u00e1lis H\u00edrport\u00e1l"},"image":{"@id":"https:\/\/dorogimedence.hu\/#\/schema\/logo\/image\/"},"sameAs":["https:\/\/www.facebook.com\/dorogimedence\/"]},{"@type":"Person","@id":"https:\/\/dorogimedence.hu\/#\/schema\/person\/ce6091eeb7e95ecdc87890d6aa8e0fd4","name":"dorogimedence.hu","image":{"@type":"ImageObject","inLanguage":"hu","@id":"\/\/www.gravatar.com\/avatar\/d8d45f8901aadff40a4af72c0b826f1d?s=96&#038;r=g&#038;d=mm","url":"\/\/www.gravatar.com\/avatar\/d8d45f8901aadff40a4af72c0b826f1d?s=96&#038;r=g&#038;d=mm","contentUrl":"\/\/www.gravatar.com\/avatar\/d8d45f8901aadff40a4af72c0b826f1d?s=96&#038;r=g&#038;d=mm","caption":"dorogimedence.hu"}}]}},"_links":{"self":[{"href":"https:\/\/dorogimedence.hu\/index.php\/wp-json\/wp\/v2\/posts\/13593","targetHints":{"allow":["GET"]}}],"collection":[{"href":"https:\/\/dorogimedence.hu\/index.php\/wp-json\/wp\/v2\/posts"}],"about":[{"href":"https:\/\/dorogimedence.hu\/index.php\/wp-json\/wp\/v2\/types\/post"}],"author":[{"embeddable":true,"href":"https:\/\/dorogimedence.hu\/index.php\/wp-json\/wp\/v2\/users\/1"}],"replies":[{"embeddable":true,"href":"https:\/\/dorogimedence.hu\/index.php\/wp-json\/wp\/v2\/comments?post=13593"}],"version-history":[{"count":0,"href":"https:\/\/dorogimedence.hu\/index.php\/wp-json\/wp\/v2\/posts\/13593\/revisions"}],"wp:featuredmedia":[{"embeddable":true,"href":"https:\/\/dorogimedence.hu\/index.php\/wp-json\/wp\/v2\/media\/6492"}],"wp:attachment":[{"href":"https:\/\/dorogimedence.hu\/index.php\/wp-json\/wp\/v2\/media?parent=13593"}],"wp:term":[{"taxonomy":"category","embeddable":true,"href":"https:\/\/dorogimedence.hu\/index.php\/wp-json\/wp\/v2\/categories?post=13593"},{"taxonomy":"post_tag","embeddable":true,"href":"https:\/\/dorogimedence.hu\/index.php\/wp-json\/wp\/v2\/tags?post=13593"}],"curies":[{"name":"wp","href":"https:\/\/api.w.org\/{rel}","templated":true}]}}