{"id":13520,"date":"2018-11-27T14:40:42","date_gmt":"2018-11-27T13:40:42","guid":{"rendered":"http:\/\/dorogimedence.hu\/?p=13520"},"modified":"2018-11-27T14:40:42","modified_gmt":"2018-11-27T13:40:42","slug":"adventi-musical-sarisapon","status":"publish","type":"post","link":"https:\/\/dorogimedence.hu\/index.php\/2018\/11\/27\/adventi-musical-sarisapon\/","title":{"rendered":"Adventi musical S\u00e1ris\u00e1pon"},"content":{"rendered":"<p><strong>Advent els\u0151 h\u00e9tv\u00e9g\u00e9j\u00e9n, december 1-j\u00e9n, szombaton 19 \u00f3rakor, egy val\u00f3di \u00fcnnepi musical, az Isten p\u00e9nze bemutat\u00f3j\u00e1t hozza S\u00e1ris\u00e1pra a Magyarock Dalsz\u00ednh\u00e1z.<\/strong><\/p>\n<p>A Charles Dickens Kar\u00e1csonyi \u00e9nek c\u00edm\u0171 klasszikus kisreg\u00e9ny\u00e9b\u0151l \u00edrt magyar zen\u00e9s m\u0171 a legt\u00f6bbet j\u00e1tszott musicalek egyike. M\u00faltunk eml\u00e9kei, jelen\u00fcnk val\u00f3i, j\u00f6v\u0151n \u00e1rnyai mind arr\u00f3l vallanak, kik voltunk, kik vagyunk, kiv\u00e9 v\u00e1lhatunk. Legend\u00e1s kar\u00e1csonyi t\u00f6rt\u00e9net, melyet mindenki ismer. Val\u00f3di mese, nemcsak fiataloknak. L\u00e1tv\u00e1nyos, \u00e9rzelmes, humorral \u00e1tsz\u0151tt j\u00e1t\u00e9k. Az el\u0151ad\u00e1s v\u00e9g\u00e9n k\u00f6z\u00f6s gyertyagy\u00fajt\u00e1s teszi m\u00e9g eml\u00e9kezetesebb\u00e9 az est\u00e9t.<\/p>\n<p>Jegyek el\u0151v\u00e9telben a S\u00e1ris\u00e1pi Polg\u00e1rmesteri Hivatalban \u00e9s a M\u0171vel\u0151d\u00e9si H\u00e1zban kaphat\u00f3k 2 000 Ft\/f\u0151 \u00e1ron. Az el\u0151ad\u00e1s napj\u00e1n a helysz\u00ednen v\u00e1s\u00e1rolt jegy \u00e1ra 2 500 Ft.<\/p>\n<p><strong>Id\u0151tartam:<\/strong> 140 perc<\/p>\n<p><strong>Helysz\u00edn:<\/strong> S\u00e1ris\u00e1pi B\u00e1ny\u00e1sz K\u00f6z\u00f6ss\u00e9gi H\u00e1z \u00e9s K\u00f6nyvt\u00e1r (S\u00e1ris\u00e1p, Malom u. 3.)<\/p>\n<p><a href=\"https:\/\/www.facebook.com\/events\/255049048478520\/\" target=\"_blank\" rel=\"noopener\"><span style=\"text-decoration: underline; color: #0000ff;\"><strong>Facebook esem\u00e9ny&gt;&gt;<\/strong><\/span><\/a><\/p>\n","protected":false},"excerpt":{"rendered":"<p>Advent els\u0151 h\u00e9tv\u00e9g\u00e9j\u00e9n, december 1-j\u00e9n, szombaton 19 \u00f3rakor, egy val\u00f3di \u00fcnnepi musical, az Isten p\u00e9nze bemutat\u00f3j\u00e1t hozza S\u00e1ris\u00e1pra a Magyarock Dalsz\u00ednh\u00e1z. A Charles Dickens Kar\u00e1csonyi \u00e9nek c\u00edm\u0171 klasszikus kisreg\u00e9ny\u00e9b\u0151l \u00edrt magyar zen\u00e9s m\u0171 a legt\u00f6bbet j\u00e1tszott musicalek egyike. M\u00faltunk eml\u00e9kei, jelen\u00fcnk val\u00f3i, j\u00f6v\u0151n \u00e1rnyai mind arr\u00f3l vallanak, kik voltunk, kik vagyunk, kiv\u00e9 v\u00e1lhatunk. Legend\u00e1s kar\u00e1csonyi<\/p>\n","protected":false},"author":1,"featured_media":13521,"comment_status":"closed","ping_status":"closed","sticky":false,"template":"","format":"standard","meta":{"ngg_post_thumbnail":0,"footnotes":""},"categories":[3],"tags":[3260,119,2328,699,101,423,717],"class_list":{"0":"post-13520","1":"post","2":"type-post","3":"status-publish","4":"format-standard","5":"has-post-thumbnail","7":"category-hirek","8":"tag-isten-penze","9":"tag-koncert","10":"tag-magyarock-dalszinhaz","11":"tag-musical","12":"tag-program","13":"tag-sarisap","14":"tag-szorakozas"},"yoast_head":"<!-- This site is optimized with the Yoast SEO plugin v27.4 - https:\/\/yoast.com\/product\/yoast-seo-wordpress\/ -->\n<title>Adventi musical S\u00e1ris\u00e1pon<\/title>\n<meta name=\"robots\" content=\"index, follow, max-snippet:-1, max-image-preview:large, max-video-preview:-1\" \/>\n<link rel=\"canonical\" href=\"https:\/\/dorogimedence.hu\/index.php\/2018\/11\/27\/adventi-musical-sarisapon\/\" class=\"yoast-seo-meta-tag\" \/>\n<meta property=\"og:locale\" content=\"hu_HU\" class=\"yoast-seo-meta-tag\" \/>\n<meta property=\"og:type\" content=\"article\" class=\"yoast-seo-meta-tag\" \/>\n<meta property=\"og:title\" content=\"Adventi musical S\u00e1ris\u00e1pon\" class=\"yoast-seo-meta-tag\" \/>\n<meta property=\"og:description\" content=\"Advent els\u0151 h\u00e9tv\u00e9g\u00e9j\u00e9n, december 1-j\u00e9n, szombaton 19 \u00f3rakor, egy val\u00f3di \u00fcnnepi musical, az Isten p\u00e9nze bemutat\u00f3j\u00e1t hozza S\u00e1ris\u00e1pra a Magyarock Dalsz\u00ednh\u00e1z. A Charles Dickens Kar\u00e1csonyi \u00e9nek c\u00edm\u0171 klasszikus kisreg\u00e9ny\u00e9b\u0151l \u00edrt magyar zen\u00e9s m\u0171 a legt\u00f6bbet j\u00e1tszott musicalek egyike. M\u00faltunk eml\u00e9kei, jelen\u00fcnk val\u00f3i, j\u00f6v\u0151n \u00e1rnyai mind arr\u00f3l vallanak, kik voltunk, kik vagyunk, kiv\u00e9 v\u00e1lhatunk. Legend\u00e1s kar\u00e1csonyi\" class=\"yoast-seo-meta-tag\" \/>\n<meta property=\"og:url\" content=\"https:\/\/dorogimedence.hu\/index.php\/2018\/11\/27\/adventi-musical-sarisapon\/\" class=\"yoast-seo-meta-tag\" \/>\n<meta property=\"og:site_name\" content=\"Dorogi-medence Region\u00e1lis H\u00edrport\u00e1l\" class=\"yoast-seo-meta-tag\" \/>\n<meta property=\"article:publisher\" content=\"https:\/\/www.facebook.com\/dorogimedence\/\" class=\"yoast-seo-meta-tag\" \/>\n<meta property=\"article:published_time\" content=\"2018-11-27T13:40:42+00:00\" class=\"yoast-seo-meta-tag\" \/>\n<meta property=\"og:image\" content=\"https:\/\/i0.wp.com\/dorogimedence.hu\/wp-content\/uploads\/2018\/11\/isten-penze-02.jpg?fit=670%2C365&ssl=1\" class=\"yoast-seo-meta-tag\" \/>\n\t<meta property=\"og:image:width\" content=\"670\" class=\"yoast-seo-meta-tag\" \/>\n\t<meta property=\"og:image:height\" content=\"365\" class=\"yoast-seo-meta-tag\" \/>\n\t<meta property=\"og:image:type\" content=\"image\/jpeg\" class=\"yoast-seo-meta-tag\" \/>\n<meta name=\"author\" content=\"dorogimedence.hu\" class=\"yoast-seo-meta-tag\" \/>\n<meta name=\"twitter:card\" content=\"summary_large_image\" class=\"yoast-seo-meta-tag\" \/>\n<meta name=\"twitter:label1\" content=\"Szerz\u0151:\" class=\"yoast-seo-meta-tag\" \/>\n\t<meta name=\"twitter:data1\" content=\"dorogimedence.hu\" class=\"yoast-seo-meta-tag\" \/>\n\t<meta name=\"twitter:label2\" content=\"Becs\u00fclt olvas\u00e1si id\u0151\" class=\"yoast-seo-meta-tag\" \/>\n\t<meta name=\"twitter:data2\" content=\"1 perc\" class=\"yoast-seo-meta-tag\" \/>\n<script type=\"application\/ld+json\" class=\"yoast-schema-graph\">{\"@context\":\"https:\\\/\\\/schema.org\",\"@graph\":[{\"@type\":\"Article\",\"@id\":\"https:\\\/\\\/dorogimedence.hu\\\/index.php\\\/2018\\\/11\\\/27\\\/adventi-musical-sarisapon\\\/#article\",\"isPartOf\":{\"@id\":\"https:\\\/\\\/dorogimedence.hu\\\/index.php\\\/2018\\\/11\\\/27\\\/adventi-musical-sarisapon\\\/\"},\"author\":{\"name\":\"dorogimedence.hu\",\"@id\":\"https:\\\/\\\/dorogimedence.hu\\\/#\\\/schema\\\/person\\\/ce6091eeb7e95ecdc87890d6aa8e0fd4\"},\"headline\":\"Adventi musical S\u00e1ris\u00e1pon\",\"datePublished\":\"2018-11-27T13:40:42+00:00\",\"mainEntityOfPage\":{\"@id\":\"https:\\\/\\\/dorogimedence.hu\\\/index.php\\\/2018\\\/11\\\/27\\\/adventi-musical-sarisapon\\\/\"},\"wordCount\":202,\"publisher\":{\"@id\":\"https:\\\/\\\/dorogimedence.hu\\\/#organization\"},\"image\":{\"@id\":\"https:\\\/\\\/dorogimedence.hu\\\/index.php\\\/2018\\\/11\\\/27\\\/adventi-musical-sarisapon\\\/#primaryimage\"},\"thumbnailUrl\":\"https:\\\/\\\/dorogimedence.hu\\\/wp-content\\\/uploads\\\/2018\\\/11\\\/isten-penze-02.jpg\",\"keywords\":[\"Isten P\u00e9nze\",\"koncert\",\"Magyarock Dalsz\u00ednh\u00e1z\",\"musical\",\"program\",\"S\u00e1ris\u00e1p\",\"sz\u00f3rakoz\u00e1s\"],\"articleSection\":[\"H\u00edrek\"],\"inLanguage\":\"hu\"},{\"@type\":\"WebPage\",\"@id\":\"https:\\\/\\\/dorogimedence.hu\\\/index.php\\\/2018\\\/11\\\/27\\\/adventi-musical-sarisapon\\\/\",\"url\":\"https:\\\/\\\/dorogimedence.hu\\\/index.php\\\/2018\\\/11\\\/27\\\/adventi-musical-sarisapon\\\/\",\"name\":\"Adventi musical S\u00e1ris\u00e1pon\",\"isPartOf\":{\"@id\":\"https:\\\/\\\/dorogimedence.hu\\\/#website\"},\"primaryImageOfPage\":{\"@id\":\"https:\\\/\\\/dorogimedence.hu\\\/index.php\\\/2018\\\/11\\\/27\\\/adventi-musical-sarisapon\\\/#primaryimage\"},\"image\":{\"@id\":\"https:\\\/\\\/dorogimedence.hu\\\/index.php\\\/2018\\\/11\\\/27\\\/adventi-musical-sarisapon\\\/#primaryimage\"},\"thumbnailUrl\":\"https:\\\/\\\/dorogimedence.hu\\\/wp-content\\\/uploads\\\/2018\\\/11\\\/isten-penze-02.jpg\",\"datePublished\":\"2018-11-27T13:40:42+00:00\",\"breadcrumb\":{\"@id\":\"https:\\\/\\\/dorogimedence.hu\\\/index.php\\\/2018\\\/11\\\/27\\\/adventi-musical-sarisapon\\\/#breadcrumb\"},\"inLanguage\":\"hu\",\"potentialAction\":[{\"@type\":\"ReadAction\",\"target\":[\"https:\\\/\\\/dorogimedence.hu\\\/index.php\\\/2018\\\/11\\\/27\\\/adventi-musical-sarisapon\\\/\"]}]},{\"@type\":\"ImageObject\",\"inLanguage\":\"hu\",\"@id\":\"https:\\\/\\\/dorogimedence.hu\\\/index.php\\\/2018\\\/11\\\/27\\\/adventi-musical-sarisapon\\\/#primaryimage\",\"url\":\"https:\\\/\\\/dorogimedence.hu\\\/wp-content\\\/uploads\\\/2018\\\/11\\\/isten-penze-02.jpg\",\"contentUrl\":\"https:\\\/\\\/dorogimedence.hu\\\/wp-content\\\/uploads\\\/2018\\\/11\\\/isten-penze-02.jpg\",\"width\":670,\"height\":365},{\"@type\":\"BreadcrumbList\",\"@id\":\"https:\\\/\\\/dorogimedence.hu\\\/index.php\\\/2018\\\/11\\\/27\\\/adventi-musical-sarisapon\\\/#breadcrumb\",\"itemListElement\":[{\"@type\":\"ListItem\",\"position\":1,\"name\":\"Kezd\u0151lap\",\"item\":\"https:\\\/\\\/dorogimedence.hu\\\/\"},{\"@type\":\"ListItem\",\"position\":2,\"name\":\"Adventi musical S\u00e1ris\u00e1pon\"}]},{\"@type\":\"WebSite\",\"@id\":\"https:\\\/\\\/dorogimedence.hu\\\/#website\",\"url\":\"https:\\\/\\\/dorogimedence.hu\\\/\",\"name\":\"Dorogi-medence Region\u00e1lis H\u00edrport\u00e1l\",\"description\":\"Dorog, Keszt\u00f6lc, Le\u00e1nyv\u00e1r, Piliscs\u00e9v, Tokod, Tokodalt\u00e1r\u00f3, Csolnok, Esztergom-kertv\u00e1ros: h\u00edrek, programok\",\"publisher\":{\"@id\":\"https:\\\/\\\/dorogimedence.hu\\\/#organization\"},\"potentialAction\":[{\"@type\":\"SearchAction\",\"target\":{\"@type\":\"EntryPoint\",\"urlTemplate\":\"https:\\\/\\\/dorogimedence.hu\\\/?s={search_term_string}\"},\"query-input\":{\"@type\":\"PropertyValueSpecification\",\"valueRequired\":true,\"valueName\":\"search_term_string\"}}],\"inLanguage\":\"hu\"},{\"@type\":\"Organization\",\"@id\":\"https:\\\/\\\/dorogimedence.hu\\\/#organization\",\"name\":\"Dorogi-medence Region\u00e1lis H\u00edrport\u00e1l\",\"url\":\"https:\\\/\\\/dorogimedence.hu\\\/\",\"logo\":{\"@type\":\"ImageObject\",\"inLanguage\":\"hu\",\"@id\":\"https:\\\/\\\/dorogimedence.hu\\\/#\\\/schema\\\/logo\\\/image\\\/\",\"url\":\"https:\\\/\\\/dorogimedence.hu\\\/wp-content\\\/uploads\\\/2021\\\/04\\\/logo-feher-600.png\",\"contentUrl\":\"https:\\\/\\\/dorogimedence.hu\\\/wp-content\\\/uploads\\\/2021\\\/04\\\/logo-feher-600.png\",\"width\":600,\"height\":100,\"caption\":\"Dorogi-medence Region\u00e1lis H\u00edrport\u00e1l\"},\"image\":{\"@id\":\"https:\\\/\\\/dorogimedence.hu\\\/#\\\/schema\\\/logo\\\/image\\\/\"},\"sameAs\":[\"https:\\\/\\\/www.facebook.com\\\/dorogimedence\\\/\"]},{\"@type\":\"Person\",\"@id\":\"https:\\\/\\\/dorogimedence.hu\\\/#\\\/schema\\\/person\\\/ce6091eeb7e95ecdc87890d6aa8e0fd4\",\"name\":\"dorogimedence.hu\",\"image\":{\"@type\":\"ImageObject\",\"inLanguage\":\"hu\",\"@id\":\"\\\/\\\/www.gravatar.com\\\/avatar\\\/d8d45f8901aadff40a4af72c0b826f1d?s=96&#038;r=g&#038;d=mm\",\"url\":\"\\\/\\\/www.gravatar.com\\\/avatar\\\/d8d45f8901aadff40a4af72c0b826f1d?s=96&#038;r=g&#038;d=mm\",\"contentUrl\":\"\\\/\\\/www.gravatar.com\\\/avatar\\\/d8d45f8901aadff40a4af72c0b826f1d?s=96&#038;r=g&#038;d=mm\",\"caption\":\"dorogimedence.hu\"}}]}<\/script>\n<!-- \/ Yoast SEO plugin. -->","yoast_head_json":{"title":"Adventi musical S\u00e1ris\u00e1pon","robots":{"index":"index","follow":"follow","max-snippet":"max-snippet:-1","max-image-preview":"max-image-preview:large","max-video-preview":"max-video-preview:-1"},"canonical":"https:\/\/dorogimedence.hu\/index.php\/2018\/11\/27\/adventi-musical-sarisapon\/","og_locale":"hu_HU","og_type":"article","og_title":"Adventi musical S\u00e1ris\u00e1pon","og_description":"Advent els\u0151 h\u00e9tv\u00e9g\u00e9j\u00e9n, december 1-j\u00e9n, szombaton 19 \u00f3rakor, egy val\u00f3di \u00fcnnepi musical, az Isten p\u00e9nze bemutat\u00f3j\u00e1t hozza S\u00e1ris\u00e1pra a Magyarock Dalsz\u00ednh\u00e1z. A Charles Dickens Kar\u00e1csonyi \u00e9nek c\u00edm\u0171 klasszikus kisreg\u00e9ny\u00e9b\u0151l \u00edrt magyar zen\u00e9s m\u0171 a legt\u00f6bbet j\u00e1tszott musicalek egyike. M\u00faltunk eml\u00e9kei, jelen\u00fcnk val\u00f3i, j\u00f6v\u0151n \u00e1rnyai mind arr\u00f3l vallanak, kik voltunk, kik vagyunk, kiv\u00e9 v\u00e1lhatunk. Legend\u00e1s kar\u00e1csonyi","og_url":"https:\/\/dorogimedence.hu\/index.php\/2018\/11\/27\/adventi-musical-sarisapon\/","og_site_name":"Dorogi-medence Region\u00e1lis H\u00edrport\u00e1l","article_publisher":"https:\/\/www.facebook.com\/dorogimedence\/","article_published_time":"2018-11-27T13:40:42+00:00","og_image":[{"width":670,"height":365,"url":"https:\/\/i0.wp.com\/dorogimedence.hu\/wp-content\/uploads\/2018\/11\/isten-penze-02.jpg?fit=670%2C365&ssl=1","type":"image\/jpeg"}],"author":"dorogimedence.hu","twitter_card":"summary_large_image","twitter_misc":{"Szerz\u0151:":"dorogimedence.hu","Becs\u00fclt olvas\u00e1si id\u0151":"1 perc"},"schema":{"@context":"https:\/\/schema.org","@graph":[{"@type":"Article","@id":"https:\/\/dorogimedence.hu\/index.php\/2018\/11\/27\/adventi-musical-sarisapon\/#article","isPartOf":{"@id":"https:\/\/dorogimedence.hu\/index.php\/2018\/11\/27\/adventi-musical-sarisapon\/"},"author":{"name":"dorogimedence.hu","@id":"https:\/\/dorogimedence.hu\/#\/schema\/person\/ce6091eeb7e95ecdc87890d6aa8e0fd4"},"headline":"Adventi musical S\u00e1ris\u00e1pon","datePublished":"2018-11-27T13:40:42+00:00","mainEntityOfPage":{"@id":"https:\/\/dorogimedence.hu\/index.php\/2018\/11\/27\/adventi-musical-sarisapon\/"},"wordCount":202,"publisher":{"@id":"https:\/\/dorogimedence.hu\/#organization"},"image":{"@id":"https:\/\/dorogimedence.hu\/index.php\/2018\/11\/27\/adventi-musical-sarisapon\/#primaryimage"},"thumbnailUrl":"https:\/\/dorogimedence.hu\/wp-content\/uploads\/2018\/11\/isten-penze-02.jpg","keywords":["Isten P\u00e9nze","koncert","Magyarock Dalsz\u00ednh\u00e1z","musical","program","S\u00e1ris\u00e1p","sz\u00f3rakoz\u00e1s"],"articleSection":["H\u00edrek"],"inLanguage":"hu"},{"@type":"WebPage","@id":"https:\/\/dorogimedence.hu\/index.php\/2018\/11\/27\/adventi-musical-sarisapon\/","url":"https:\/\/dorogimedence.hu\/index.php\/2018\/11\/27\/adventi-musical-sarisapon\/","name":"Adventi musical S\u00e1ris\u00e1pon","isPartOf":{"@id":"https:\/\/dorogimedence.hu\/#website"},"primaryImageOfPage":{"@id":"https:\/\/dorogimedence.hu\/index.php\/2018\/11\/27\/adventi-musical-sarisapon\/#primaryimage"},"image":{"@id":"https:\/\/dorogimedence.hu\/index.php\/2018\/11\/27\/adventi-musical-sarisapon\/#primaryimage"},"thumbnailUrl":"https:\/\/dorogimedence.hu\/wp-content\/uploads\/2018\/11\/isten-penze-02.jpg","datePublished":"2018-11-27T13:40:42+00:00","breadcrumb":{"@id":"https:\/\/dorogimedence.hu\/index.php\/2018\/11\/27\/adventi-musical-sarisapon\/#breadcrumb"},"inLanguage":"hu","potentialAction":[{"@type":"ReadAction","target":["https:\/\/dorogimedence.hu\/index.php\/2018\/11\/27\/adventi-musical-sarisapon\/"]}]},{"@type":"ImageObject","inLanguage":"hu","@id":"https:\/\/dorogimedence.hu\/index.php\/2018\/11\/27\/adventi-musical-sarisapon\/#primaryimage","url":"https:\/\/dorogimedence.hu\/wp-content\/uploads\/2018\/11\/isten-penze-02.jpg","contentUrl":"https:\/\/dorogimedence.hu\/wp-content\/uploads\/2018\/11\/isten-penze-02.jpg","width":670,"height":365},{"@type":"BreadcrumbList","@id":"https:\/\/dorogimedence.hu\/index.php\/2018\/11\/27\/adventi-musical-sarisapon\/#breadcrumb","itemListElement":[{"@type":"ListItem","position":1,"name":"Kezd\u0151lap","item":"https:\/\/dorogimedence.hu\/"},{"@type":"ListItem","position":2,"name":"Adventi musical S\u00e1ris\u00e1pon"}]},{"@type":"WebSite","@id":"https:\/\/dorogimedence.hu\/#website","url":"https:\/\/dorogimedence.hu\/","name":"Dorogi-medence Region\u00e1lis H\u00edrport\u00e1l","description":"Dorog, Keszt\u00f6lc, Le\u00e1nyv\u00e1r, Piliscs\u00e9v, Tokod, Tokodalt\u00e1r\u00f3, Csolnok, Esztergom-kertv\u00e1ros: h\u00edrek, programok","publisher":{"@id":"https:\/\/dorogimedence.hu\/#organization"},"potentialAction":[{"@type":"SearchAction","target":{"@type":"EntryPoint","urlTemplate":"https:\/\/dorogimedence.hu\/?s={search_term_string}"},"query-input":{"@type":"PropertyValueSpecification","valueRequired":true,"valueName":"search_term_string"}}],"inLanguage":"hu"},{"@type":"Organization","@id":"https:\/\/dorogimedence.hu\/#organization","name":"Dorogi-medence Region\u00e1lis H\u00edrport\u00e1l","url":"https:\/\/dorogimedence.hu\/","logo":{"@type":"ImageObject","inLanguage":"hu","@id":"https:\/\/dorogimedence.hu\/#\/schema\/logo\/image\/","url":"https:\/\/dorogimedence.hu\/wp-content\/uploads\/2021\/04\/logo-feher-600.png","contentUrl":"https:\/\/dorogimedence.hu\/wp-content\/uploads\/2021\/04\/logo-feher-600.png","width":600,"height":100,"caption":"Dorogi-medence Region\u00e1lis H\u00edrport\u00e1l"},"image":{"@id":"https:\/\/dorogimedence.hu\/#\/schema\/logo\/image\/"},"sameAs":["https:\/\/www.facebook.com\/dorogimedence\/"]},{"@type":"Person","@id":"https:\/\/dorogimedence.hu\/#\/schema\/person\/ce6091eeb7e95ecdc87890d6aa8e0fd4","name":"dorogimedence.hu","image":{"@type":"ImageObject","inLanguage":"hu","@id":"\/\/www.gravatar.com\/avatar\/d8d45f8901aadff40a4af72c0b826f1d?s=96&#038;r=g&#038;d=mm","url":"\/\/www.gravatar.com\/avatar\/d8d45f8901aadff40a4af72c0b826f1d?s=96&#038;r=g&#038;d=mm","contentUrl":"\/\/www.gravatar.com\/avatar\/d8d45f8901aadff40a4af72c0b826f1d?s=96&#038;r=g&#038;d=mm","caption":"dorogimedence.hu"}}]}},"_links":{"self":[{"href":"https:\/\/dorogimedence.hu\/index.php\/wp-json\/wp\/v2\/posts\/13520","targetHints":{"allow":["GET"]}}],"collection":[{"href":"https:\/\/dorogimedence.hu\/index.php\/wp-json\/wp\/v2\/posts"}],"about":[{"href":"https:\/\/dorogimedence.hu\/index.php\/wp-json\/wp\/v2\/types\/post"}],"author":[{"embeddable":true,"href":"https:\/\/dorogimedence.hu\/index.php\/wp-json\/wp\/v2\/users\/1"}],"replies":[{"embeddable":true,"href":"https:\/\/dorogimedence.hu\/index.php\/wp-json\/wp\/v2\/comments?post=13520"}],"version-history":[{"count":0,"href":"https:\/\/dorogimedence.hu\/index.php\/wp-json\/wp\/v2\/posts\/13520\/revisions"}],"wp:featuredmedia":[{"embeddable":true,"href":"https:\/\/dorogimedence.hu\/index.php\/wp-json\/wp\/v2\/media\/13521"}],"wp:attachment":[{"href":"https:\/\/dorogimedence.hu\/index.php\/wp-json\/wp\/v2\/media?parent=13520"}],"wp:term":[{"taxonomy":"category","embeddable":true,"href":"https:\/\/dorogimedence.hu\/index.php\/wp-json\/wp\/v2\/categories?post=13520"},{"taxonomy":"post_tag","embeddable":true,"href":"https:\/\/dorogimedence.hu\/index.php\/wp-json\/wp\/v2\/tags?post=13520"}],"curies":[{"name":"wp","href":"https:\/\/api.w.org\/{rel}","templated":true}]}}