{"id":1332,"date":"2017-03-09T14:37:30","date_gmt":"2017-03-09T13:37:30","guid":{"rendered":"http:\/\/dorogimedence.hu\/?p=1332"},"modified":"2017-03-09T14:40:37","modified_gmt":"2017-03-09T13:40:37","slug":"felszenteltek-az-esztergomi-szegenyhazi-kapolnat","status":"publish","type":"post","link":"https:\/\/dorogimedence.hu\/index.php\/2017\/03\/09\/felszenteltek-az-esztergomi-szegenyhazi-kapolnat\/","title":{"rendered":"Felszentelt\u00e9k az esztergomi Szeg\u00e9nyh\u00e1zi K\u00e1poln\u00e1t"},"content":{"rendered":"<p>Sz\u00e9kely J\u00e1nos seg\u00e9dp\u00fcsp\u00f6k, a Boldog Ceferino Roma Misszi\u00f3 vezet\u0151je szentmis\u00e9t tartott m\u00e1rcius 8-\u00e1n, szerd\u00e1n a fel\u00faj\u00edtott esztergomi Szeg\u00e9nyh\u00e1zi K\u00e1poln\u00e1ban.<\/p>\n<p>Az esem\u00e9nyen dr. V\u00f6lner P\u00e1l orsz\u00e1ggy\u0171l\u00e9si k\u00e9pvisel\u0151, Romanek Etelka, esztergomi polg\u00e1rmester mellett Steindl Bal\u00e1zs megyei k\u00f6zgy\u0171l\u00e9si aleln\u00f6k \u00e9s dr. Szerencs\u00e9s Gergely k\u00e9pvisel\u0151 is r\u00e9szt vett.<\/p>\n<p><strong>Dr. Szerencs\u00e9s Gergely a dorogimedence.hu szerkeszt\u0151s\u00e9g\u00e9nek elmondta, hogy a Szeg\u00e9nyh\u00e1zi K\u00e1polna a dorogi Baumit Kft. j\u00f3volt\u00e1b\u00f3l \u00fajulhatott meg. Hozz\u00e1tette, hogy nagyon sz\u00ednvonalas mis\u00e9n vehet\u00fcnk r\u00e9szt, ahol roma zen\u00e9szek hangszerekkel \u00e9s \u00e9nekkel sz\u00ednes\u00edtett\u00e9k a szentmis\u00e9t.<\/strong><\/p>\n<p style=\"text-align: center;\"><img fetchpriority=\"high\" decoding=\"async\" class=\"alignnone size-full wp-image-1333\" src=\"https:\/\/dorogimedence.hu\/wp-content\/uploads\/2017\/03\/kapolna-02.jpg\" alt=\"\" width=\"800\" height=\"459\" srcset=\"https:\/\/dorogimedence.hu\/wp-content\/uploads\/2017\/03\/kapolna-02.jpg 800w, https:\/\/dorogimedence.hu\/wp-content\/uploads\/2017\/03\/kapolna-02-300x172.jpg 300w, https:\/\/dorogimedence.hu\/wp-content\/uploads\/2017\/03\/kapolna-02-768x441.jpg 768w\" sizes=\"(max-width: 800px) 100vw, 800px\" \/><br \/>\n<em>Fot\u00f3: balr\u00f3l jobbra &#8211; dr. Szerencs\u00e9s Gergely, Romanek Etelka, dr. V\u00f6lner P\u00e1l<\/em><\/p>\n<p>Egy\u00e9bk\u00e9nt a Baumit Kft. mellett eml\u00edt\u00e9sre m\u00e9lt\u00f3 hogy a Sz\u00f6vets\u00e9g Esztergom\u00e9rt, Esztergom V\u00e1ros \u00d6nkorm\u00e1nyzata, az Emberi Er\u0151forr\u00e1sok Miniszt\u00e9riuma \u00e9s az Esztergom-Budapesti F\u0151egyh\u00e1zmegye is t\u00e1mogatta a rekonstrukci\u00f3t.<\/p>\n<p>Az esem\u00e9ny v\u00e9g\u00e9n felsz\u00f3lalt Ol\u00e1h J\u00e1nos, a Boldog Ceferino Alap\u00edtv\u00e1ny eln\u00f6ke, aki a jelenl\u00e9v\u0151 el\u0151j\u00e1r\u00f3knak megk\u00f6sz\u00f6nte a t\u00e1mogat\u00e1sokat, melyek seg\u00edts\u00e9g\u00e9vel a k\u00e1polna k\u00edv\u00fcl \u00e9s bel\u00fcl is teljesen meg\u00fajulhatott.<\/p>\n<p>A foglalkoztat\u00e1st, oktat\u00e1st, felz\u00e1rk\u00f3ztat\u00e1st, nevel\u00e9st c\u00e9lz\u00f3 int\u00e9zm\u00e9nyben a mintegy sz\u00e1z f\u0151t befogadni k\u00e9pes k\u00e1polna az Esztergomban \u00e9s k\u00f6rny\u00e9k\u00e9n \u00e9l\u0151 roma sz\u00e1rmaz\u00e1s\u00fa h\u00edvek lelkip\u00e1sztori gondoz\u00e1s\u00e1t szolg\u00e1lja majd.<\/p>\n<p>A most felszentelt Szeg\u00e9nyh\u00e1zi k\u00e1polna egy r\u00e9sze kor\u00e1bban \u00f6nkorm\u00e1nyzati tulajdonban volt: Romanek Etelka javaslat\u00e1ra a k\u00e9pvisel\u0151-test\u00fclet m\u00e9g 2015. \u00e1prilis 23-i \u00fcl\u00e9s\u00e9n hat\u00e1rozott \u00fagy, hogy a tulajdon\u00e1t k\u00e9pez\u0151 ingatlanr\u00e9szt kivonja a korl\u00e1tozottan forgalomk\u00e9pes vagyon\u00e1b\u00f3l \u00e9s azt t\u00e9r\u00edt\u00e9smentesen az Esztergom-Budapest F\u0151egyh\u00e1zmegye sz\u00e1m\u00e1ra tulajdonba adja.<\/p>\n<p style=\"text-align: center;\"><img decoding=\"async\" class=\"alignnone size-full wp-image-1335\" src=\"https:\/\/dorogimedence.hu\/wp-content\/uploads\/2017\/03\/kapolna-03.jpg\" alt=\"\" width=\"800\" height=\"459\" srcset=\"https:\/\/dorogimedence.hu\/wp-content\/uploads\/2017\/03\/kapolna-03.jpg 800w, https:\/\/dorogimedence.hu\/wp-content\/uploads\/2017\/03\/kapolna-03-300x172.jpg 300w, https:\/\/dorogimedence.hu\/wp-content\/uploads\/2017\/03\/kapolna-03-768x441.jpg 768w\" sizes=\"(max-width: 800px) 100vw, 800px\" \/><br \/>\n<em>Fot\u00f3: <span id=\"ctl05_lbLead4\">Sz\u00e9kely J\u00e1nos seg\u00e9dp\u00fcsp\u00f6k<\/span><\/em><\/p>\n<p><em>MTI Fot\u00f3k: Mohai Bal\u00e1zs<\/em><\/p>\n","protected":false},"excerpt":{"rendered":"<p>Sz\u00e9kely J\u00e1nos seg\u00e9dp\u00fcsp\u00f6k, a Boldog Ceferino Roma Misszi\u00f3 vezet\u0151je szentmis\u00e9t tartott m\u00e1rcius 8-\u00e1n, szerd\u00e1n a fel\u00faj\u00edtott esztergomi Szeg\u00e9nyh\u00e1zi K\u00e1poln\u00e1ban. Az esem\u00e9nyen dr. V\u00f6lner P\u00e1l orsz\u00e1ggy\u0171l\u00e9si k\u00e9pvisel\u0151, Romanek Etelka, esztergomi polg\u00e1rmester mellett Steindl Bal\u00e1zs megyei k\u00f6zgy\u0171l\u00e9si aleln\u00f6k \u00e9s dr. Szerencs\u00e9s Gergely k\u00e9pvisel\u0151 is r\u00e9szt vett. Dr. Szerencs\u00e9s Gergely a dorogimedence.hu szerkeszt\u0151s\u00e9g\u00e9nek elmondta, hogy a Szeg\u00e9nyh\u00e1zi K\u00e1polna<\/p>\n","protected":false},"author":1,"featured_media":1334,"comment_status":"closed","ping_status":"closed","sticky":false,"template":"","format":"standard","meta":{"ngg_post_thumbnail":0,"footnotes":""},"categories":[38,3],"tags":[42,464,462,463],"class_list":{"0":"post-1332","1":"post","2":"type-post","3":"status-publish","4":"format-standard","5":"has-post-thumbnail","7":"category-esztergom","8":"category-hirek","9":"tag-esztergom","10":"tag-felujitas","11":"tag-kapolna","12":"tag-szegenyhazi-kapolna"},"yoast_head":"<!-- This site is optimized with the Yoast SEO plugin v27.4 - https:\/\/yoast.com\/product\/yoast-seo-wordpress\/ -->\n<title>Felszentelt\u00e9k az esztergomi Szeg\u00e9nyh\u00e1zi K\u00e1poln\u00e1t<\/title>\n<meta name=\"robots\" content=\"index, follow, max-snippet:-1, max-image-preview:large, max-video-preview:-1\" \/>\n<link rel=\"canonical\" href=\"https:\/\/dorogimedence.hu\/index.php\/2017\/03\/09\/felszenteltek-az-esztergomi-szegenyhazi-kapolnat\/\" class=\"yoast-seo-meta-tag\" \/>\n<meta property=\"og:locale\" content=\"hu_HU\" class=\"yoast-seo-meta-tag\" \/>\n<meta property=\"og:type\" content=\"article\" class=\"yoast-seo-meta-tag\" \/>\n<meta property=\"og:title\" content=\"Felszentelt\u00e9k az esztergomi Szeg\u00e9nyh\u00e1zi K\u00e1poln\u00e1t\" class=\"yoast-seo-meta-tag\" \/>\n<meta property=\"og:description\" content=\"Sz\u00e9kely J\u00e1nos seg\u00e9dp\u00fcsp\u00f6k, a Boldog Ceferino Roma Misszi\u00f3 vezet\u0151je szentmis\u00e9t tartott m\u00e1rcius 8-\u00e1n, szerd\u00e1n a fel\u00faj\u00edtott esztergomi Szeg\u00e9nyh\u00e1zi K\u00e1poln\u00e1ban. Az esem\u00e9nyen dr. V\u00f6lner P\u00e1l orsz\u00e1ggy\u0171l\u00e9si k\u00e9pvisel\u0151, Romanek Etelka, esztergomi polg\u00e1rmester mellett Steindl Bal\u00e1zs megyei k\u00f6zgy\u0171l\u00e9si aleln\u00f6k \u00e9s dr. Szerencs\u00e9s Gergely k\u00e9pvisel\u0151 is r\u00e9szt vett. Dr. Szerencs\u00e9s Gergely a dorogimedence.hu szerkeszt\u0151s\u00e9g\u00e9nek elmondta, hogy a Szeg\u00e9nyh\u00e1zi K\u00e1polna\" class=\"yoast-seo-meta-tag\" \/>\n<meta property=\"og:url\" content=\"https:\/\/dorogimedence.hu\/index.php\/2017\/03\/09\/felszenteltek-az-esztergomi-szegenyhazi-kapolnat\/\" class=\"yoast-seo-meta-tag\" \/>\n<meta property=\"og:site_name\" content=\"Dorogi-medence Region\u00e1lis H\u00edrport\u00e1l\" class=\"yoast-seo-meta-tag\" \/>\n<meta property=\"article:publisher\" content=\"https:\/\/www.facebook.com\/dorogimedence\/\" class=\"yoast-seo-meta-tag\" \/>\n<meta property=\"article:published_time\" content=\"2017-03-09T13:37:30+00:00\" class=\"yoast-seo-meta-tag\" \/>\n<meta property=\"article:modified_time\" content=\"2017-03-09T13:40:37+00:00\" class=\"yoast-seo-meta-tag\" \/>\n<meta property=\"og:image\" content=\"https:\/\/i0.wp.com\/dorogimedence.hu\/wp-content\/uploads\/2017\/03\/kapolna-01.jpg?fit=670%2C365&ssl=1\" class=\"yoast-seo-meta-tag\" \/>\n\t<meta property=\"og:image:width\" content=\"670\" class=\"yoast-seo-meta-tag\" \/>\n\t<meta property=\"og:image:height\" content=\"365\" class=\"yoast-seo-meta-tag\" \/>\n\t<meta property=\"og:image:type\" content=\"image\/jpeg\" class=\"yoast-seo-meta-tag\" \/>\n<meta name=\"author\" content=\"dorogimedence.hu\" class=\"yoast-seo-meta-tag\" \/>\n<meta name=\"twitter:card\" content=\"summary_large_image\" class=\"yoast-seo-meta-tag\" \/>\n<meta name=\"twitter:label1\" content=\"Szerz\u0151:\" class=\"yoast-seo-meta-tag\" \/>\n\t<meta name=\"twitter:data1\" content=\"dorogimedence.hu\" class=\"yoast-seo-meta-tag\" \/>\n\t<meta name=\"twitter:label2\" content=\"Becs\u00fclt olvas\u00e1si id\u0151\" class=\"yoast-seo-meta-tag\" \/>\n\t<meta name=\"twitter:data2\" content=\"2 perc\" class=\"yoast-seo-meta-tag\" \/>\n<script type=\"application\/ld+json\" class=\"yoast-schema-graph\">{\"@context\":\"https:\\\/\\\/schema.org\",\"@graph\":[{\"@type\":\"Article\",\"@id\":\"https:\\\/\\\/dorogimedence.hu\\\/index.php\\\/2017\\\/03\\\/09\\\/felszenteltek-az-esztergomi-szegenyhazi-kapolnat\\\/#article\",\"isPartOf\":{\"@id\":\"https:\\\/\\\/dorogimedence.hu\\\/index.php\\\/2017\\\/03\\\/09\\\/felszenteltek-az-esztergomi-szegenyhazi-kapolnat\\\/\"},\"author\":{\"name\":\"dorogimedence.hu\",\"@id\":\"https:\\\/\\\/dorogimedence.hu\\\/#\\\/schema\\\/person\\\/ce6091eeb7e95ecdc87890d6aa8e0fd4\"},\"headline\":\"Felszentelt\u00e9k az esztergomi Szeg\u00e9nyh\u00e1zi K\u00e1poln\u00e1t\",\"datePublished\":\"2017-03-09T13:37:30+00:00\",\"dateModified\":\"2017-03-09T13:40:37+00:00\",\"mainEntityOfPage\":{\"@id\":\"https:\\\/\\\/dorogimedence.hu\\\/index.php\\\/2017\\\/03\\\/09\\\/felszenteltek-az-esztergomi-szegenyhazi-kapolnat\\\/\"},\"wordCount\":386,\"publisher\":{\"@id\":\"https:\\\/\\\/dorogimedence.hu\\\/#organization\"},\"image\":{\"@id\":\"https:\\\/\\\/dorogimedence.hu\\\/index.php\\\/2017\\\/03\\\/09\\\/felszenteltek-az-esztergomi-szegenyhazi-kapolnat\\\/#primaryimage\"},\"thumbnailUrl\":\"https:\\\/\\\/dorogimedence.hu\\\/wp-content\\\/uploads\\\/2017\\\/03\\\/kapolna-01.jpg\",\"keywords\":[\"esztergom\",\"fel\u00faj\u00edt\u00e1s\",\"k\u00e1polna\",\"Szeg\u00e9nyh\u00e1zi K\u00e1polna\"],\"articleSection\":[\"Esztergom\",\"H\u00edrek\"],\"inLanguage\":\"hu\"},{\"@type\":\"WebPage\",\"@id\":\"https:\\\/\\\/dorogimedence.hu\\\/index.php\\\/2017\\\/03\\\/09\\\/felszenteltek-az-esztergomi-szegenyhazi-kapolnat\\\/\",\"url\":\"https:\\\/\\\/dorogimedence.hu\\\/index.php\\\/2017\\\/03\\\/09\\\/felszenteltek-az-esztergomi-szegenyhazi-kapolnat\\\/\",\"name\":\"Felszentelt\u00e9k az esztergomi Szeg\u00e9nyh\u00e1zi K\u00e1poln\u00e1t\",\"isPartOf\":{\"@id\":\"https:\\\/\\\/dorogimedence.hu\\\/#website\"},\"primaryImageOfPage\":{\"@id\":\"https:\\\/\\\/dorogimedence.hu\\\/index.php\\\/2017\\\/03\\\/09\\\/felszenteltek-az-esztergomi-szegenyhazi-kapolnat\\\/#primaryimage\"},\"image\":{\"@id\":\"https:\\\/\\\/dorogimedence.hu\\\/index.php\\\/2017\\\/03\\\/09\\\/felszenteltek-az-esztergomi-szegenyhazi-kapolnat\\\/#primaryimage\"},\"thumbnailUrl\":\"https:\\\/\\\/dorogimedence.hu\\\/wp-content\\\/uploads\\\/2017\\\/03\\\/kapolna-01.jpg\",\"datePublished\":\"2017-03-09T13:37:30+00:00\",\"dateModified\":\"2017-03-09T13:40:37+00:00\",\"breadcrumb\":{\"@id\":\"https:\\\/\\\/dorogimedence.hu\\\/index.php\\\/2017\\\/03\\\/09\\\/felszenteltek-az-esztergomi-szegenyhazi-kapolnat\\\/#breadcrumb\"},\"inLanguage\":\"hu\",\"potentialAction\":[{\"@type\":\"ReadAction\",\"target\":[\"https:\\\/\\\/dorogimedence.hu\\\/index.php\\\/2017\\\/03\\\/09\\\/felszenteltek-az-esztergomi-szegenyhazi-kapolnat\\\/\"]}]},{\"@type\":\"ImageObject\",\"inLanguage\":\"hu\",\"@id\":\"https:\\\/\\\/dorogimedence.hu\\\/index.php\\\/2017\\\/03\\\/09\\\/felszenteltek-az-esztergomi-szegenyhazi-kapolnat\\\/#primaryimage\",\"url\":\"https:\\\/\\\/dorogimedence.hu\\\/wp-content\\\/uploads\\\/2017\\\/03\\\/kapolna-01.jpg\",\"contentUrl\":\"https:\\\/\\\/dorogimedence.hu\\\/wp-content\\\/uploads\\\/2017\\\/03\\\/kapolna-01.jpg\",\"width\":670,\"height\":365},{\"@type\":\"BreadcrumbList\",\"@id\":\"https:\\\/\\\/dorogimedence.hu\\\/index.php\\\/2017\\\/03\\\/09\\\/felszenteltek-az-esztergomi-szegenyhazi-kapolnat\\\/#breadcrumb\",\"itemListElement\":[{\"@type\":\"ListItem\",\"position\":1,\"name\":\"Kezd\u0151lap\",\"item\":\"https:\\\/\\\/dorogimedence.hu\\\/\"},{\"@type\":\"ListItem\",\"position\":2,\"name\":\"Felszentelt\u00e9k az esztergomi Szeg\u00e9nyh\u00e1zi K\u00e1poln\u00e1t\"}]},{\"@type\":\"WebSite\",\"@id\":\"https:\\\/\\\/dorogimedence.hu\\\/#website\",\"url\":\"https:\\\/\\\/dorogimedence.hu\\\/\",\"name\":\"Dorogi-medence Region\u00e1lis H\u00edrport\u00e1l\",\"description\":\"Dorog, Keszt\u00f6lc, Le\u00e1nyv\u00e1r, Piliscs\u00e9v, Tokod, Tokodalt\u00e1r\u00f3, Csolnok, Esztergom-kertv\u00e1ros: h\u00edrek, programok\",\"publisher\":{\"@id\":\"https:\\\/\\\/dorogimedence.hu\\\/#organization\"},\"potentialAction\":[{\"@type\":\"SearchAction\",\"target\":{\"@type\":\"EntryPoint\",\"urlTemplate\":\"https:\\\/\\\/dorogimedence.hu\\\/?s={search_term_string}\"},\"query-input\":{\"@type\":\"PropertyValueSpecification\",\"valueRequired\":true,\"valueName\":\"search_term_string\"}}],\"inLanguage\":\"hu\"},{\"@type\":\"Organization\",\"@id\":\"https:\\\/\\\/dorogimedence.hu\\\/#organization\",\"name\":\"Dorogi-medence Region\u00e1lis H\u00edrport\u00e1l\",\"url\":\"https:\\\/\\\/dorogimedence.hu\\\/\",\"logo\":{\"@type\":\"ImageObject\",\"inLanguage\":\"hu\",\"@id\":\"https:\\\/\\\/dorogimedence.hu\\\/#\\\/schema\\\/logo\\\/image\\\/\",\"url\":\"https:\\\/\\\/dorogimedence.hu\\\/wp-content\\\/uploads\\\/2021\\\/04\\\/logo-feher-600.png\",\"contentUrl\":\"https:\\\/\\\/dorogimedence.hu\\\/wp-content\\\/uploads\\\/2021\\\/04\\\/logo-feher-600.png\",\"width\":600,\"height\":100,\"caption\":\"Dorogi-medence Region\u00e1lis H\u00edrport\u00e1l\"},\"image\":{\"@id\":\"https:\\\/\\\/dorogimedence.hu\\\/#\\\/schema\\\/logo\\\/image\\\/\"},\"sameAs\":[\"https:\\\/\\\/www.facebook.com\\\/dorogimedence\\\/\"]},{\"@type\":\"Person\",\"@id\":\"https:\\\/\\\/dorogimedence.hu\\\/#\\\/schema\\\/person\\\/ce6091eeb7e95ecdc87890d6aa8e0fd4\",\"name\":\"dorogimedence.hu\",\"image\":{\"@type\":\"ImageObject\",\"inLanguage\":\"hu\",\"@id\":\"\\\/\\\/www.gravatar.com\\\/avatar\\\/d8d45f8901aadff40a4af72c0b826f1d?s=96&#038;r=g&#038;d=mm\",\"url\":\"\\\/\\\/www.gravatar.com\\\/avatar\\\/d8d45f8901aadff40a4af72c0b826f1d?s=96&#038;r=g&#038;d=mm\",\"contentUrl\":\"\\\/\\\/www.gravatar.com\\\/avatar\\\/d8d45f8901aadff40a4af72c0b826f1d?s=96&#038;r=g&#038;d=mm\",\"caption\":\"dorogimedence.hu\"}}]}<\/script>\n<!-- \/ Yoast SEO plugin. -->","yoast_head_json":{"title":"Felszentelt\u00e9k az esztergomi Szeg\u00e9nyh\u00e1zi K\u00e1poln\u00e1t","robots":{"index":"index","follow":"follow","max-snippet":"max-snippet:-1","max-image-preview":"max-image-preview:large","max-video-preview":"max-video-preview:-1"},"canonical":"https:\/\/dorogimedence.hu\/index.php\/2017\/03\/09\/felszenteltek-az-esztergomi-szegenyhazi-kapolnat\/","og_locale":"hu_HU","og_type":"article","og_title":"Felszentelt\u00e9k az esztergomi Szeg\u00e9nyh\u00e1zi K\u00e1poln\u00e1t","og_description":"Sz\u00e9kely J\u00e1nos seg\u00e9dp\u00fcsp\u00f6k, a Boldog Ceferino Roma Misszi\u00f3 vezet\u0151je szentmis\u00e9t tartott m\u00e1rcius 8-\u00e1n, szerd\u00e1n a fel\u00faj\u00edtott esztergomi Szeg\u00e9nyh\u00e1zi K\u00e1poln\u00e1ban. Az esem\u00e9nyen dr. V\u00f6lner P\u00e1l orsz\u00e1ggy\u0171l\u00e9si k\u00e9pvisel\u0151, Romanek Etelka, esztergomi polg\u00e1rmester mellett Steindl Bal\u00e1zs megyei k\u00f6zgy\u0171l\u00e9si aleln\u00f6k \u00e9s dr. Szerencs\u00e9s Gergely k\u00e9pvisel\u0151 is r\u00e9szt vett. Dr. Szerencs\u00e9s Gergely a dorogimedence.hu szerkeszt\u0151s\u00e9g\u00e9nek elmondta, hogy a Szeg\u00e9nyh\u00e1zi K\u00e1polna","og_url":"https:\/\/dorogimedence.hu\/index.php\/2017\/03\/09\/felszenteltek-az-esztergomi-szegenyhazi-kapolnat\/","og_site_name":"Dorogi-medence Region\u00e1lis H\u00edrport\u00e1l","article_publisher":"https:\/\/www.facebook.com\/dorogimedence\/","article_published_time":"2017-03-09T13:37:30+00:00","article_modified_time":"2017-03-09T13:40:37+00:00","og_image":[{"width":670,"height":365,"url":"https:\/\/i0.wp.com\/dorogimedence.hu\/wp-content\/uploads\/2017\/03\/kapolna-01.jpg?fit=670%2C365&ssl=1","type":"image\/jpeg"}],"author":"dorogimedence.hu","twitter_card":"summary_large_image","twitter_misc":{"Szerz\u0151:":"dorogimedence.hu","Becs\u00fclt olvas\u00e1si id\u0151":"2 perc"},"schema":{"@context":"https:\/\/schema.org","@graph":[{"@type":"Article","@id":"https:\/\/dorogimedence.hu\/index.php\/2017\/03\/09\/felszenteltek-az-esztergomi-szegenyhazi-kapolnat\/#article","isPartOf":{"@id":"https:\/\/dorogimedence.hu\/index.php\/2017\/03\/09\/felszenteltek-az-esztergomi-szegenyhazi-kapolnat\/"},"author":{"name":"dorogimedence.hu","@id":"https:\/\/dorogimedence.hu\/#\/schema\/person\/ce6091eeb7e95ecdc87890d6aa8e0fd4"},"headline":"Felszentelt\u00e9k az esztergomi Szeg\u00e9nyh\u00e1zi K\u00e1poln\u00e1t","datePublished":"2017-03-09T13:37:30+00:00","dateModified":"2017-03-09T13:40:37+00:00","mainEntityOfPage":{"@id":"https:\/\/dorogimedence.hu\/index.php\/2017\/03\/09\/felszenteltek-az-esztergomi-szegenyhazi-kapolnat\/"},"wordCount":386,"publisher":{"@id":"https:\/\/dorogimedence.hu\/#organization"},"image":{"@id":"https:\/\/dorogimedence.hu\/index.php\/2017\/03\/09\/felszenteltek-az-esztergomi-szegenyhazi-kapolnat\/#primaryimage"},"thumbnailUrl":"https:\/\/dorogimedence.hu\/wp-content\/uploads\/2017\/03\/kapolna-01.jpg","keywords":["esztergom","fel\u00faj\u00edt\u00e1s","k\u00e1polna","Szeg\u00e9nyh\u00e1zi K\u00e1polna"],"articleSection":["Esztergom","H\u00edrek"],"inLanguage":"hu"},{"@type":"WebPage","@id":"https:\/\/dorogimedence.hu\/index.php\/2017\/03\/09\/felszenteltek-az-esztergomi-szegenyhazi-kapolnat\/","url":"https:\/\/dorogimedence.hu\/index.php\/2017\/03\/09\/felszenteltek-az-esztergomi-szegenyhazi-kapolnat\/","name":"Felszentelt\u00e9k az esztergomi Szeg\u00e9nyh\u00e1zi K\u00e1poln\u00e1t","isPartOf":{"@id":"https:\/\/dorogimedence.hu\/#website"},"primaryImageOfPage":{"@id":"https:\/\/dorogimedence.hu\/index.php\/2017\/03\/09\/felszenteltek-az-esztergomi-szegenyhazi-kapolnat\/#primaryimage"},"image":{"@id":"https:\/\/dorogimedence.hu\/index.php\/2017\/03\/09\/felszenteltek-az-esztergomi-szegenyhazi-kapolnat\/#primaryimage"},"thumbnailUrl":"https:\/\/dorogimedence.hu\/wp-content\/uploads\/2017\/03\/kapolna-01.jpg","datePublished":"2017-03-09T13:37:30+00:00","dateModified":"2017-03-09T13:40:37+00:00","breadcrumb":{"@id":"https:\/\/dorogimedence.hu\/index.php\/2017\/03\/09\/felszenteltek-az-esztergomi-szegenyhazi-kapolnat\/#breadcrumb"},"inLanguage":"hu","potentialAction":[{"@type":"ReadAction","target":["https:\/\/dorogimedence.hu\/index.php\/2017\/03\/09\/felszenteltek-az-esztergomi-szegenyhazi-kapolnat\/"]}]},{"@type":"ImageObject","inLanguage":"hu","@id":"https:\/\/dorogimedence.hu\/index.php\/2017\/03\/09\/felszenteltek-az-esztergomi-szegenyhazi-kapolnat\/#primaryimage","url":"https:\/\/dorogimedence.hu\/wp-content\/uploads\/2017\/03\/kapolna-01.jpg","contentUrl":"https:\/\/dorogimedence.hu\/wp-content\/uploads\/2017\/03\/kapolna-01.jpg","width":670,"height":365},{"@type":"BreadcrumbList","@id":"https:\/\/dorogimedence.hu\/index.php\/2017\/03\/09\/felszenteltek-az-esztergomi-szegenyhazi-kapolnat\/#breadcrumb","itemListElement":[{"@type":"ListItem","position":1,"name":"Kezd\u0151lap","item":"https:\/\/dorogimedence.hu\/"},{"@type":"ListItem","position":2,"name":"Felszentelt\u00e9k az esztergomi Szeg\u00e9nyh\u00e1zi K\u00e1poln\u00e1t"}]},{"@type":"WebSite","@id":"https:\/\/dorogimedence.hu\/#website","url":"https:\/\/dorogimedence.hu\/","name":"Dorogi-medence Region\u00e1lis H\u00edrport\u00e1l","description":"Dorog, Keszt\u00f6lc, Le\u00e1nyv\u00e1r, Piliscs\u00e9v, Tokod, Tokodalt\u00e1r\u00f3, Csolnok, Esztergom-kertv\u00e1ros: h\u00edrek, programok","publisher":{"@id":"https:\/\/dorogimedence.hu\/#organization"},"potentialAction":[{"@type":"SearchAction","target":{"@type":"EntryPoint","urlTemplate":"https:\/\/dorogimedence.hu\/?s={search_term_string}"},"query-input":{"@type":"PropertyValueSpecification","valueRequired":true,"valueName":"search_term_string"}}],"inLanguage":"hu"},{"@type":"Organization","@id":"https:\/\/dorogimedence.hu\/#organization","name":"Dorogi-medence Region\u00e1lis H\u00edrport\u00e1l","url":"https:\/\/dorogimedence.hu\/","logo":{"@type":"ImageObject","inLanguage":"hu","@id":"https:\/\/dorogimedence.hu\/#\/schema\/logo\/image\/","url":"https:\/\/dorogimedence.hu\/wp-content\/uploads\/2021\/04\/logo-feher-600.png","contentUrl":"https:\/\/dorogimedence.hu\/wp-content\/uploads\/2021\/04\/logo-feher-600.png","width":600,"height":100,"caption":"Dorogi-medence Region\u00e1lis H\u00edrport\u00e1l"},"image":{"@id":"https:\/\/dorogimedence.hu\/#\/schema\/logo\/image\/"},"sameAs":["https:\/\/www.facebook.com\/dorogimedence\/"]},{"@type":"Person","@id":"https:\/\/dorogimedence.hu\/#\/schema\/person\/ce6091eeb7e95ecdc87890d6aa8e0fd4","name":"dorogimedence.hu","image":{"@type":"ImageObject","inLanguage":"hu","@id":"\/\/www.gravatar.com\/avatar\/d8d45f8901aadff40a4af72c0b826f1d?s=96&#038;r=g&#038;d=mm","url":"\/\/www.gravatar.com\/avatar\/d8d45f8901aadff40a4af72c0b826f1d?s=96&#038;r=g&#038;d=mm","contentUrl":"\/\/www.gravatar.com\/avatar\/d8d45f8901aadff40a4af72c0b826f1d?s=96&#038;r=g&#038;d=mm","caption":"dorogimedence.hu"}}]}},"_links":{"self":[{"href":"https:\/\/dorogimedence.hu\/index.php\/wp-json\/wp\/v2\/posts\/1332","targetHints":{"allow":["GET"]}}],"collection":[{"href":"https:\/\/dorogimedence.hu\/index.php\/wp-json\/wp\/v2\/posts"}],"about":[{"href":"https:\/\/dorogimedence.hu\/index.php\/wp-json\/wp\/v2\/types\/post"}],"author":[{"embeddable":true,"href":"https:\/\/dorogimedence.hu\/index.php\/wp-json\/wp\/v2\/users\/1"}],"replies":[{"embeddable":true,"href":"https:\/\/dorogimedence.hu\/index.php\/wp-json\/wp\/v2\/comments?post=1332"}],"version-history":[{"count":0,"href":"https:\/\/dorogimedence.hu\/index.php\/wp-json\/wp\/v2\/posts\/1332\/revisions"}],"wp:featuredmedia":[{"embeddable":true,"href":"https:\/\/dorogimedence.hu\/index.php\/wp-json\/wp\/v2\/media\/1334"}],"wp:attachment":[{"href":"https:\/\/dorogimedence.hu\/index.php\/wp-json\/wp\/v2\/media?parent=1332"}],"wp:term":[{"taxonomy":"category","embeddable":true,"href":"https:\/\/dorogimedence.hu\/index.php\/wp-json\/wp\/v2\/categories?post=1332"},{"taxonomy":"post_tag","embeddable":true,"href":"https:\/\/dorogimedence.hu\/index.php\/wp-json\/wp\/v2\/tags?post=1332"}],"curies":[{"name":"wp","href":"https:\/\/api.w.org\/{rel}","templated":true}]}}