{"id":13286,"date":"2018-11-14T14:05:44","date_gmt":"2018-11-14T13:05:44","guid":{"rendered":"http:\/\/dorogimedence.hu\/?p=13286"},"modified":"2018-11-14T14:05:44","modified_gmt":"2018-11-14T13:05:44","slug":"autodidakta-kepzomuvesz-lesz-az-esztergomi-konyvtar-vendege","status":"publish","type":"post","link":"https:\/\/dorogimedence.hu\/index.php\/2018\/11\/14\/autodidakta-kepzomuvesz-lesz-az-esztergomi-konyvtar-vendege\/","title":{"rendered":"Autodidakta k\u00e9pz\u0151m\u0171v\u00e9sz lesz az esztergomi k\u00f6nyvt\u00e1r vend\u00e9ge"},"content":{"rendered":"<p><strong>A K\u00f6nyvt\u00e1ri besz\u00e9lget\u00e9sek sorozat k\u00f6vetkez\u0151 tal\u00e1lkoz\u00f3j\u00e1n egy rendk\u00edv\u00fcl sokoldal\u00fa \u00e9s \u00e9rdekes egy\u00e9nis\u00e9get, ef. Z\u00e1mb\u00f3 Istv\u00e1nt ismerhetik meg az \u00e9rdekl\u0151d\u0151k.<\/strong><\/p>\n<p>Autodidakta k\u00e9pz\u0151m\u0171v\u00e9sz, m\u00e1s m\u0171fajokban is k\u00eds\u00e9rletez\u0151 alkot\u00f3 (szobr\u00e1szat, grafika, zene, performance, film, multim\u00e9dia). Magyarorsz\u00e1g egyik legh\u00edresebb m\u0171v\u00e9szeti t\u00e1rsas\u00e1g\u00e1nak a Vajda Lajos St\u00fadi\u00f3nak, \u00e9s a hazai alternat\u00edv rock zene kultikus zenekar\u00e1nak, a Bizotts\u00e1g Egy\u00fcttesnek is alap\u00edt\u00f3ja. M\u0171vei megtal\u00e1lhat\u00f3k mag\u00e1n \u00e9s k\u00f6zgy\u0171jtem\u00e9nyekben, k\u00fcl- \u00e9s belf\u00f6ld\u00f6n egyar\u00e1nt. Besz\u00e9lget\u0151partnere B\u00e1nhidy Vajk.<\/p>\n<p>A rendezv\u00e9ny ingyenes!<\/p>\n<p><strong>Id\u0151pont:<\/strong> 2018. november 19., h\u00e9tf\u0151 17 \u00f3ra<\/p>\n<p><strong>Helysz\u00edn:<\/strong> Helischer J\u00f3zsef V\u00e1rosi K\u00f6nyvt\u00e1r (Esztergom, B\u00e1nomi \u00fat 8.)<\/p>\n","protected":false},"excerpt":{"rendered":"<p>A K\u00f6nyvt\u00e1ri besz\u00e9lget\u00e9sek sorozat k\u00f6vetkez\u0151 tal\u00e1lkoz\u00f3j\u00e1n egy rendk\u00edv\u00fcl sokoldal\u00fa \u00e9s \u00e9rdekes egy\u00e9nis\u00e9get, ef. Z\u00e1mb\u00f3 Istv\u00e1nt ismerhetik meg az \u00e9rdekl\u0151d\u0151k. Autodidakta k\u00e9pz\u0151m\u0171v\u00e9sz, m\u00e1s m\u0171fajokban is k\u00eds\u00e9rletez\u0151 alkot\u00f3 (szobr\u00e1szat, grafika, zene, performance, film, multim\u00e9dia). Magyarorsz\u00e1g egyik legh\u00edresebb m\u0171v\u00e9szeti t\u00e1rsas\u00e1g\u00e1nak a Vajda Lajos St\u00fadi\u00f3nak, \u00e9s a hazai alternat\u00edv rock zene kultikus zenekar\u00e1nak, a Bizotts\u00e1g Egy\u00fcttesnek is alap\u00edt\u00f3ja. M\u0171vei<\/p>\n","protected":false},"author":1,"featured_media":13287,"comment_status":"closed","ping_status":"closed","sticky":false,"template":"","format":"standard","meta":{"ngg_post_thumbnail":0,"footnotes":""},"categories":[38,3],"tags":[42,1609,3212,144,3213],"class_list":{"0":"post-13286","1":"post","2":"type-post","3":"status-publish","4":"format-standard","5":"has-post-thumbnail","7":"category-esztergom","8":"category-hirek","9":"tag-esztergom","10":"tag-esztergomi-konyvtar","11":"tag-konytvari-beszelgetesek","12":"tag-konyvtar","13":"tag-zambo-istvan"},"yoast_head":"<!-- This site is optimized with the Yoast SEO plugin v27.5 - https:\/\/yoast.com\/product\/yoast-seo-wordpress\/ -->\n<title>Autodidakta k\u00e9pz\u0151m\u0171v\u00e9sz lesz az esztergomi k\u00f6nyvt\u00e1r vend\u00e9ge<\/title>\n<meta name=\"robots\" content=\"index, follow, max-snippet:-1, max-image-preview:large, max-video-preview:-1\" \/>\n<link rel=\"canonical\" href=\"https:\/\/dorogimedence.hu\/index.php\/2018\/11\/14\/autodidakta-kepzomuvesz-lesz-az-esztergomi-konyvtar-vendege\/\" class=\"yoast-seo-meta-tag\" \/>\n<meta property=\"og:locale\" content=\"hu_HU\" class=\"yoast-seo-meta-tag\" \/>\n<meta property=\"og:type\" content=\"article\" class=\"yoast-seo-meta-tag\" \/>\n<meta property=\"og:title\" content=\"Autodidakta k\u00e9pz\u0151m\u0171v\u00e9sz lesz az esztergomi k\u00f6nyvt\u00e1r vend\u00e9ge\" class=\"yoast-seo-meta-tag\" \/>\n<meta property=\"og:description\" content=\"A K\u00f6nyvt\u00e1ri besz\u00e9lget\u00e9sek sorozat k\u00f6vetkez\u0151 tal\u00e1lkoz\u00f3j\u00e1n egy rendk\u00edv\u00fcl sokoldal\u00fa \u00e9s \u00e9rdekes egy\u00e9nis\u00e9get, ef. Z\u00e1mb\u00f3 Istv\u00e1nt ismerhetik meg az \u00e9rdekl\u0151d\u0151k. Autodidakta k\u00e9pz\u0151m\u0171v\u00e9sz, m\u00e1s m\u0171fajokban is k\u00eds\u00e9rletez\u0151 alkot\u00f3 (szobr\u00e1szat, grafika, zene, performance, film, multim\u00e9dia). Magyarorsz\u00e1g egyik legh\u00edresebb m\u0171v\u00e9szeti t\u00e1rsas\u00e1g\u00e1nak a Vajda Lajos St\u00fadi\u00f3nak, \u00e9s a hazai alternat\u00edv rock zene kultikus zenekar\u00e1nak, a Bizotts\u00e1g Egy\u00fcttesnek is alap\u00edt\u00f3ja. M\u0171vei\" class=\"yoast-seo-meta-tag\" \/>\n<meta property=\"og:url\" content=\"https:\/\/dorogimedence.hu\/index.php\/2018\/11\/14\/autodidakta-kepzomuvesz-lesz-az-esztergomi-konyvtar-vendege\/\" class=\"yoast-seo-meta-tag\" \/>\n<meta property=\"og:site_name\" content=\"Dorogi-medence Region\u00e1lis H\u00edrport\u00e1l\" class=\"yoast-seo-meta-tag\" \/>\n<meta property=\"article:publisher\" content=\"https:\/\/www.facebook.com\/dorogimedence\/\" class=\"yoast-seo-meta-tag\" \/>\n<meta property=\"article:published_time\" content=\"2018-11-14T13:05:44+00:00\" class=\"yoast-seo-meta-tag\" \/>\n<meta property=\"og:image\" content=\"https:\/\/i0.wp.com\/dorogimedence.hu\/wp-content\/uploads\/2018\/11\/zambo-istvan.jpg?fit=670%2C365&ssl=1\" class=\"yoast-seo-meta-tag\" \/>\n\t<meta property=\"og:image:width\" content=\"670\" class=\"yoast-seo-meta-tag\" \/>\n\t<meta property=\"og:image:height\" content=\"365\" class=\"yoast-seo-meta-tag\" \/>\n\t<meta property=\"og:image:type\" content=\"image\/jpeg\" class=\"yoast-seo-meta-tag\" \/>\n<meta name=\"author\" content=\"dorogimedence.hu\" class=\"yoast-seo-meta-tag\" \/>\n<meta name=\"twitter:card\" content=\"summary_large_image\" class=\"yoast-seo-meta-tag\" \/>\n<meta name=\"twitter:label1\" content=\"Szerz\u0151:\" class=\"yoast-seo-meta-tag\" \/>\n\t<meta name=\"twitter:data1\" content=\"dorogimedence.hu\" class=\"yoast-seo-meta-tag\" \/>\n\t<meta name=\"twitter:label2\" content=\"Becs\u00fclt olvas\u00e1si id\u0151\" class=\"yoast-seo-meta-tag\" \/>\n\t<meta name=\"twitter:data2\" content=\"1 perc\" class=\"yoast-seo-meta-tag\" \/>\n<script type=\"application\/ld+json\" class=\"yoast-schema-graph\">{\"@context\":\"https:\\\/\\\/schema.org\",\"@graph\":[{\"@type\":\"Article\",\"@id\":\"https:\\\/\\\/dorogimedence.hu\\\/index.php\\\/2018\\\/11\\\/14\\\/autodidakta-kepzomuvesz-lesz-az-esztergomi-konyvtar-vendege\\\/#article\",\"isPartOf\":{\"@id\":\"https:\\\/\\\/dorogimedence.hu\\\/index.php\\\/2018\\\/11\\\/14\\\/autodidakta-kepzomuvesz-lesz-az-esztergomi-konyvtar-vendege\\\/\"},\"author\":{\"name\":\"dorogimedence.hu\",\"@id\":\"https:\\\/\\\/dorogimedence.hu\\\/#\\\/schema\\\/person\\\/ce6091eeb7e95ecdc87890d6aa8e0fd4\"},\"headline\":\"Autodidakta k\u00e9pz\u0151m\u0171v\u00e9sz lesz az esztergomi k\u00f6nyvt\u00e1r vend\u00e9ge\",\"datePublished\":\"2018-11-14T13:05:44+00:00\",\"mainEntityOfPage\":{\"@id\":\"https:\\\/\\\/dorogimedence.hu\\\/index.php\\\/2018\\\/11\\\/14\\\/autodidakta-kepzomuvesz-lesz-az-esztergomi-konyvtar-vendege\\\/\"},\"wordCount\":159,\"publisher\":{\"@id\":\"https:\\\/\\\/dorogimedence.hu\\\/#organization\"},\"image\":{\"@id\":\"https:\\\/\\\/dorogimedence.hu\\\/index.php\\\/2018\\\/11\\\/14\\\/autodidakta-kepzomuvesz-lesz-az-esztergomi-konyvtar-vendege\\\/#primaryimage\"},\"thumbnailUrl\":\"https:\\\/\\\/dorogimedence.hu\\\/wp-content\\\/uploads\\\/2018\\\/11\\\/zambo-istvan.jpg\",\"keywords\":[\"esztergom\",\"esztergomi k\u00f6nyvt\u00e1r\",\"K\u00f6nytv\u00e1ri besz\u00e9lget\u00e9sek\",\"k\u00f6nyvt\u00e1r\",\"Z\u00e1mb\u00f3 Istv\u00e1n\"],\"articleSection\":[\"Esztergom\",\"H\u00edrek\"],\"inLanguage\":\"hu\"},{\"@type\":\"WebPage\",\"@id\":\"https:\\\/\\\/dorogimedence.hu\\\/index.php\\\/2018\\\/11\\\/14\\\/autodidakta-kepzomuvesz-lesz-az-esztergomi-konyvtar-vendege\\\/\",\"url\":\"https:\\\/\\\/dorogimedence.hu\\\/index.php\\\/2018\\\/11\\\/14\\\/autodidakta-kepzomuvesz-lesz-az-esztergomi-konyvtar-vendege\\\/\",\"name\":\"Autodidakta k\u00e9pz\u0151m\u0171v\u00e9sz lesz az esztergomi k\u00f6nyvt\u00e1r vend\u00e9ge\",\"isPartOf\":{\"@id\":\"https:\\\/\\\/dorogimedence.hu\\\/#website\"},\"primaryImageOfPage\":{\"@id\":\"https:\\\/\\\/dorogimedence.hu\\\/index.php\\\/2018\\\/11\\\/14\\\/autodidakta-kepzomuvesz-lesz-az-esztergomi-konyvtar-vendege\\\/#primaryimage\"},\"image\":{\"@id\":\"https:\\\/\\\/dorogimedence.hu\\\/index.php\\\/2018\\\/11\\\/14\\\/autodidakta-kepzomuvesz-lesz-az-esztergomi-konyvtar-vendege\\\/#primaryimage\"},\"thumbnailUrl\":\"https:\\\/\\\/dorogimedence.hu\\\/wp-content\\\/uploads\\\/2018\\\/11\\\/zambo-istvan.jpg\",\"datePublished\":\"2018-11-14T13:05:44+00:00\",\"breadcrumb\":{\"@id\":\"https:\\\/\\\/dorogimedence.hu\\\/index.php\\\/2018\\\/11\\\/14\\\/autodidakta-kepzomuvesz-lesz-az-esztergomi-konyvtar-vendege\\\/#breadcrumb\"},\"inLanguage\":\"hu\",\"potentialAction\":[{\"@type\":\"ReadAction\",\"target\":[\"https:\\\/\\\/dorogimedence.hu\\\/index.php\\\/2018\\\/11\\\/14\\\/autodidakta-kepzomuvesz-lesz-az-esztergomi-konyvtar-vendege\\\/\"]}]},{\"@type\":\"ImageObject\",\"inLanguage\":\"hu\",\"@id\":\"https:\\\/\\\/dorogimedence.hu\\\/index.php\\\/2018\\\/11\\\/14\\\/autodidakta-kepzomuvesz-lesz-az-esztergomi-konyvtar-vendege\\\/#primaryimage\",\"url\":\"https:\\\/\\\/dorogimedence.hu\\\/wp-content\\\/uploads\\\/2018\\\/11\\\/zambo-istvan.jpg\",\"contentUrl\":\"https:\\\/\\\/dorogimedence.hu\\\/wp-content\\\/uploads\\\/2018\\\/11\\\/zambo-istvan.jpg\",\"width\":670,\"height\":365},{\"@type\":\"BreadcrumbList\",\"@id\":\"https:\\\/\\\/dorogimedence.hu\\\/index.php\\\/2018\\\/11\\\/14\\\/autodidakta-kepzomuvesz-lesz-az-esztergomi-konyvtar-vendege\\\/#breadcrumb\",\"itemListElement\":[{\"@type\":\"ListItem\",\"position\":1,\"name\":\"Kezd\u0151lap\",\"item\":\"https:\\\/\\\/dorogimedence.hu\\\/\"},{\"@type\":\"ListItem\",\"position\":2,\"name\":\"Autodidakta k\u00e9pz\u0151m\u0171v\u00e9sz lesz az esztergomi k\u00f6nyvt\u00e1r vend\u00e9ge\"}]},{\"@type\":\"WebSite\",\"@id\":\"https:\\\/\\\/dorogimedence.hu\\\/#website\",\"url\":\"https:\\\/\\\/dorogimedence.hu\\\/\",\"name\":\"Dorogi-medence Region\u00e1lis H\u00edrport\u00e1l\",\"description\":\"Dorog, Keszt\u00f6lc, Le\u00e1nyv\u00e1r, Piliscs\u00e9v, Tokod, Tokodalt\u00e1r\u00f3, Csolnok, Esztergom-kertv\u00e1ros: h\u00edrek, programok\",\"publisher\":{\"@id\":\"https:\\\/\\\/dorogimedence.hu\\\/#organization\"},\"potentialAction\":[{\"@type\":\"SearchAction\",\"target\":{\"@type\":\"EntryPoint\",\"urlTemplate\":\"https:\\\/\\\/dorogimedence.hu\\\/?s={search_term_string}\"},\"query-input\":{\"@type\":\"PropertyValueSpecification\",\"valueRequired\":true,\"valueName\":\"search_term_string\"}}],\"inLanguage\":\"hu\"},{\"@type\":\"Organization\",\"@id\":\"https:\\\/\\\/dorogimedence.hu\\\/#organization\",\"name\":\"Dorogi-medence Region\u00e1lis H\u00edrport\u00e1l\",\"url\":\"https:\\\/\\\/dorogimedence.hu\\\/\",\"logo\":{\"@type\":\"ImageObject\",\"inLanguage\":\"hu\",\"@id\":\"https:\\\/\\\/dorogimedence.hu\\\/#\\\/schema\\\/logo\\\/image\\\/\",\"url\":\"https:\\\/\\\/dorogimedence.hu\\\/wp-content\\\/uploads\\\/2021\\\/04\\\/logo-feher-600.png\",\"contentUrl\":\"https:\\\/\\\/dorogimedence.hu\\\/wp-content\\\/uploads\\\/2021\\\/04\\\/logo-feher-600.png\",\"width\":600,\"height\":100,\"caption\":\"Dorogi-medence Region\u00e1lis H\u00edrport\u00e1l\"},\"image\":{\"@id\":\"https:\\\/\\\/dorogimedence.hu\\\/#\\\/schema\\\/logo\\\/image\\\/\"},\"sameAs\":[\"https:\\\/\\\/www.facebook.com\\\/dorogimedence\\\/\"]},{\"@type\":\"Person\",\"@id\":\"https:\\\/\\\/dorogimedence.hu\\\/#\\\/schema\\\/person\\\/ce6091eeb7e95ecdc87890d6aa8e0fd4\",\"name\":\"dorogimedence.hu\",\"image\":{\"@type\":\"ImageObject\",\"inLanguage\":\"hu\",\"@id\":\"\\\/\\\/www.gravatar.com\\\/avatar\\\/d8d45f8901aadff40a4af72c0b826f1d?s=96&#038;r=g&#038;d=mm\",\"url\":\"\\\/\\\/www.gravatar.com\\\/avatar\\\/d8d45f8901aadff40a4af72c0b826f1d?s=96&#038;r=g&#038;d=mm\",\"contentUrl\":\"\\\/\\\/www.gravatar.com\\\/avatar\\\/d8d45f8901aadff40a4af72c0b826f1d?s=96&#038;r=g&#038;d=mm\",\"caption\":\"dorogimedence.hu\"}}]}<\/script>\n<!-- \/ Yoast SEO plugin. -->","yoast_head_json":{"title":"Autodidakta k\u00e9pz\u0151m\u0171v\u00e9sz lesz az esztergomi k\u00f6nyvt\u00e1r vend\u00e9ge","robots":{"index":"index","follow":"follow","max-snippet":"max-snippet:-1","max-image-preview":"max-image-preview:large","max-video-preview":"max-video-preview:-1"},"canonical":"https:\/\/dorogimedence.hu\/index.php\/2018\/11\/14\/autodidakta-kepzomuvesz-lesz-az-esztergomi-konyvtar-vendege\/","og_locale":"hu_HU","og_type":"article","og_title":"Autodidakta k\u00e9pz\u0151m\u0171v\u00e9sz lesz az esztergomi k\u00f6nyvt\u00e1r vend\u00e9ge","og_description":"A K\u00f6nyvt\u00e1ri besz\u00e9lget\u00e9sek sorozat k\u00f6vetkez\u0151 tal\u00e1lkoz\u00f3j\u00e1n egy rendk\u00edv\u00fcl sokoldal\u00fa \u00e9s \u00e9rdekes egy\u00e9nis\u00e9get, ef. Z\u00e1mb\u00f3 Istv\u00e1nt ismerhetik meg az \u00e9rdekl\u0151d\u0151k. Autodidakta k\u00e9pz\u0151m\u0171v\u00e9sz, m\u00e1s m\u0171fajokban is k\u00eds\u00e9rletez\u0151 alkot\u00f3 (szobr\u00e1szat, grafika, zene, performance, film, multim\u00e9dia). Magyarorsz\u00e1g egyik legh\u00edresebb m\u0171v\u00e9szeti t\u00e1rsas\u00e1g\u00e1nak a Vajda Lajos St\u00fadi\u00f3nak, \u00e9s a hazai alternat\u00edv rock zene kultikus zenekar\u00e1nak, a Bizotts\u00e1g Egy\u00fcttesnek is alap\u00edt\u00f3ja. M\u0171vei","og_url":"https:\/\/dorogimedence.hu\/index.php\/2018\/11\/14\/autodidakta-kepzomuvesz-lesz-az-esztergomi-konyvtar-vendege\/","og_site_name":"Dorogi-medence Region\u00e1lis H\u00edrport\u00e1l","article_publisher":"https:\/\/www.facebook.com\/dorogimedence\/","article_published_time":"2018-11-14T13:05:44+00:00","og_image":[{"width":670,"height":365,"url":"https:\/\/i0.wp.com\/dorogimedence.hu\/wp-content\/uploads\/2018\/11\/zambo-istvan.jpg?fit=670%2C365&ssl=1","type":"image\/jpeg"}],"author":"dorogimedence.hu","twitter_card":"summary_large_image","twitter_misc":{"Szerz\u0151:":"dorogimedence.hu","Becs\u00fclt olvas\u00e1si id\u0151":"1 perc"},"schema":{"@context":"https:\/\/schema.org","@graph":[{"@type":"Article","@id":"https:\/\/dorogimedence.hu\/index.php\/2018\/11\/14\/autodidakta-kepzomuvesz-lesz-az-esztergomi-konyvtar-vendege\/#article","isPartOf":{"@id":"https:\/\/dorogimedence.hu\/index.php\/2018\/11\/14\/autodidakta-kepzomuvesz-lesz-az-esztergomi-konyvtar-vendege\/"},"author":{"name":"dorogimedence.hu","@id":"https:\/\/dorogimedence.hu\/#\/schema\/person\/ce6091eeb7e95ecdc87890d6aa8e0fd4"},"headline":"Autodidakta k\u00e9pz\u0151m\u0171v\u00e9sz lesz az esztergomi k\u00f6nyvt\u00e1r vend\u00e9ge","datePublished":"2018-11-14T13:05:44+00:00","mainEntityOfPage":{"@id":"https:\/\/dorogimedence.hu\/index.php\/2018\/11\/14\/autodidakta-kepzomuvesz-lesz-az-esztergomi-konyvtar-vendege\/"},"wordCount":159,"publisher":{"@id":"https:\/\/dorogimedence.hu\/#organization"},"image":{"@id":"https:\/\/dorogimedence.hu\/index.php\/2018\/11\/14\/autodidakta-kepzomuvesz-lesz-az-esztergomi-konyvtar-vendege\/#primaryimage"},"thumbnailUrl":"https:\/\/dorogimedence.hu\/wp-content\/uploads\/2018\/11\/zambo-istvan.jpg","keywords":["esztergom","esztergomi k\u00f6nyvt\u00e1r","K\u00f6nytv\u00e1ri besz\u00e9lget\u00e9sek","k\u00f6nyvt\u00e1r","Z\u00e1mb\u00f3 Istv\u00e1n"],"articleSection":["Esztergom","H\u00edrek"],"inLanguage":"hu"},{"@type":"WebPage","@id":"https:\/\/dorogimedence.hu\/index.php\/2018\/11\/14\/autodidakta-kepzomuvesz-lesz-az-esztergomi-konyvtar-vendege\/","url":"https:\/\/dorogimedence.hu\/index.php\/2018\/11\/14\/autodidakta-kepzomuvesz-lesz-az-esztergomi-konyvtar-vendege\/","name":"Autodidakta k\u00e9pz\u0151m\u0171v\u00e9sz lesz az esztergomi k\u00f6nyvt\u00e1r vend\u00e9ge","isPartOf":{"@id":"https:\/\/dorogimedence.hu\/#website"},"primaryImageOfPage":{"@id":"https:\/\/dorogimedence.hu\/index.php\/2018\/11\/14\/autodidakta-kepzomuvesz-lesz-az-esztergomi-konyvtar-vendege\/#primaryimage"},"image":{"@id":"https:\/\/dorogimedence.hu\/index.php\/2018\/11\/14\/autodidakta-kepzomuvesz-lesz-az-esztergomi-konyvtar-vendege\/#primaryimage"},"thumbnailUrl":"https:\/\/dorogimedence.hu\/wp-content\/uploads\/2018\/11\/zambo-istvan.jpg","datePublished":"2018-11-14T13:05:44+00:00","breadcrumb":{"@id":"https:\/\/dorogimedence.hu\/index.php\/2018\/11\/14\/autodidakta-kepzomuvesz-lesz-az-esztergomi-konyvtar-vendege\/#breadcrumb"},"inLanguage":"hu","potentialAction":[{"@type":"ReadAction","target":["https:\/\/dorogimedence.hu\/index.php\/2018\/11\/14\/autodidakta-kepzomuvesz-lesz-az-esztergomi-konyvtar-vendege\/"]}]},{"@type":"ImageObject","inLanguage":"hu","@id":"https:\/\/dorogimedence.hu\/index.php\/2018\/11\/14\/autodidakta-kepzomuvesz-lesz-az-esztergomi-konyvtar-vendege\/#primaryimage","url":"https:\/\/dorogimedence.hu\/wp-content\/uploads\/2018\/11\/zambo-istvan.jpg","contentUrl":"https:\/\/dorogimedence.hu\/wp-content\/uploads\/2018\/11\/zambo-istvan.jpg","width":670,"height":365},{"@type":"BreadcrumbList","@id":"https:\/\/dorogimedence.hu\/index.php\/2018\/11\/14\/autodidakta-kepzomuvesz-lesz-az-esztergomi-konyvtar-vendege\/#breadcrumb","itemListElement":[{"@type":"ListItem","position":1,"name":"Kezd\u0151lap","item":"https:\/\/dorogimedence.hu\/"},{"@type":"ListItem","position":2,"name":"Autodidakta k\u00e9pz\u0151m\u0171v\u00e9sz lesz az esztergomi k\u00f6nyvt\u00e1r vend\u00e9ge"}]},{"@type":"WebSite","@id":"https:\/\/dorogimedence.hu\/#website","url":"https:\/\/dorogimedence.hu\/","name":"Dorogi-medence Region\u00e1lis H\u00edrport\u00e1l","description":"Dorog, Keszt\u00f6lc, Le\u00e1nyv\u00e1r, Piliscs\u00e9v, Tokod, Tokodalt\u00e1r\u00f3, Csolnok, Esztergom-kertv\u00e1ros: h\u00edrek, programok","publisher":{"@id":"https:\/\/dorogimedence.hu\/#organization"},"potentialAction":[{"@type":"SearchAction","target":{"@type":"EntryPoint","urlTemplate":"https:\/\/dorogimedence.hu\/?s={search_term_string}"},"query-input":{"@type":"PropertyValueSpecification","valueRequired":true,"valueName":"search_term_string"}}],"inLanguage":"hu"},{"@type":"Organization","@id":"https:\/\/dorogimedence.hu\/#organization","name":"Dorogi-medence Region\u00e1lis H\u00edrport\u00e1l","url":"https:\/\/dorogimedence.hu\/","logo":{"@type":"ImageObject","inLanguage":"hu","@id":"https:\/\/dorogimedence.hu\/#\/schema\/logo\/image\/","url":"https:\/\/dorogimedence.hu\/wp-content\/uploads\/2021\/04\/logo-feher-600.png","contentUrl":"https:\/\/dorogimedence.hu\/wp-content\/uploads\/2021\/04\/logo-feher-600.png","width":600,"height":100,"caption":"Dorogi-medence Region\u00e1lis H\u00edrport\u00e1l"},"image":{"@id":"https:\/\/dorogimedence.hu\/#\/schema\/logo\/image\/"},"sameAs":["https:\/\/www.facebook.com\/dorogimedence\/"]},{"@type":"Person","@id":"https:\/\/dorogimedence.hu\/#\/schema\/person\/ce6091eeb7e95ecdc87890d6aa8e0fd4","name":"dorogimedence.hu","image":{"@type":"ImageObject","inLanguage":"hu","@id":"\/\/www.gravatar.com\/avatar\/d8d45f8901aadff40a4af72c0b826f1d?s=96&#038;r=g&#038;d=mm","url":"\/\/www.gravatar.com\/avatar\/d8d45f8901aadff40a4af72c0b826f1d?s=96&#038;r=g&#038;d=mm","contentUrl":"\/\/www.gravatar.com\/avatar\/d8d45f8901aadff40a4af72c0b826f1d?s=96&#038;r=g&#038;d=mm","caption":"dorogimedence.hu"}}]}},"_links":{"self":[{"href":"https:\/\/dorogimedence.hu\/index.php\/wp-json\/wp\/v2\/posts\/13286","targetHints":{"allow":["GET"]}}],"collection":[{"href":"https:\/\/dorogimedence.hu\/index.php\/wp-json\/wp\/v2\/posts"}],"about":[{"href":"https:\/\/dorogimedence.hu\/index.php\/wp-json\/wp\/v2\/types\/post"}],"author":[{"embeddable":true,"href":"https:\/\/dorogimedence.hu\/index.php\/wp-json\/wp\/v2\/users\/1"}],"replies":[{"embeddable":true,"href":"https:\/\/dorogimedence.hu\/index.php\/wp-json\/wp\/v2\/comments?post=13286"}],"version-history":[{"count":0,"href":"https:\/\/dorogimedence.hu\/index.php\/wp-json\/wp\/v2\/posts\/13286\/revisions"}],"wp:featuredmedia":[{"embeddable":true,"href":"https:\/\/dorogimedence.hu\/index.php\/wp-json\/wp\/v2\/media\/13287"}],"wp:attachment":[{"href":"https:\/\/dorogimedence.hu\/index.php\/wp-json\/wp\/v2\/media?parent=13286"}],"wp:term":[{"taxonomy":"category","embeddable":true,"href":"https:\/\/dorogimedence.hu\/index.php\/wp-json\/wp\/v2\/categories?post=13286"},{"taxonomy":"post_tag","embeddable":true,"href":"https:\/\/dorogimedence.hu\/index.php\/wp-json\/wp\/v2\/tags?post=13286"}],"curies":[{"name":"wp","href":"https:\/\/api.w.org\/{rel}","templated":true}]}}